{"id":6177,"date":"2014-06-16T00:00:01","date_gmt":"2014-06-16T00:00:01","guid":{"rendered":"https:\/\/proagrolab.com.ar\/campos-ganaderos-con-el-freno-de-mano\/"},"modified":"2020-07-01T19:27:56","modified_gmt":"2020-07-01T19:27:56","slug":"campos-ganaderos-con-el-freno-de-mano","status":"publish","type":"post","link":"https:\/\/proagrolab.com.ar\/en\/campos-ganaderos-con-el-freno-de-mano\/","title":{"rendered":"Campos ganaderos con el freno de mano."},"content":{"rendered":"<p class=\"qtranxs-available-languages-message qtranxs-available-languages-message-en\"> <\/p><p>Los alquileres ganaderos no logran tomar impulso. Si bien algunos operadores perciben un mayor inter\u00e9s de inversores en posicionarse en estos campos, en materia de arrendamientos advierten bajas que contrastan con la recuperaci\u00f3n de la hacienda en parte de 2014.<\/p>\n<p>&#8220;En general, se est\u00e1n renegociando hacia una baja del orden del 20% respecto del a\u00f1o anterior. Como referencia, campos en la Cuenca del Salado con una receptividad de 0,65 ug\/ha que se alquilaban en 60\/65 kilos por hect\u00e1rea\/a\u00f1o se est\u00e1n renegociando en el orden de los 50\/55 kgs\/ha\/a\u00f1o&#8221;, grafic\u00f3 Juan Jos\u00e9 Madero, director de la divisi\u00f3n campos de L. J. Ramos Brokers Inmobiliarios.<\/p>\n<p><i>Inter\u00e9s<\/i><br \/>Pese a esta situaci\u00f3n, hay gente tratando de poner un pie en la actividad, seg\u00fan destacan algunos operadores.<\/p>\n<p>&#8220;\u00daltimamente se est\u00e1 presentando un mayor inter\u00e9s por alquileres ganaderos. Se estima que la ganader\u00eda va a mejorar sus m\u00e1rgenes en un futuro a mediano plazo y muchos est\u00e1n tomando posici\u00f3n en este negocio&#8221;, afirm\u00f3 Federico Nordheimer.<\/p>\n<p>Mientras tanto, Marcos Lanusse, consultor, observa que no hay mucha demanda por alquilar.<\/p>\n<p>&#8220;El resultado econ\u00f3mico tanto para los criadores como invernadores es ajustado. Esto hace que no haya mucha demanda por el alquiler de campos ganaderos. Sin embargo, tampoco hay demasiada oferta de campos ganaderos para arrendar y esto se deba quiz\u00e1s a que los productores prefieren aguantar un poco m\u00e1s antes de liquidar su stock y arrendar sus campos, esperanzados en que en el mediano plazo sus resultados econ\u00f3micos puedan cambiar&#8221;, dijo.<\/p>\n<p>Para Cristi\u00e1n Bel\u00e1ustegui, presidente de Compa\u00f1\u00eda Argentina de Tierras (CAT), &#8220;la ganader\u00eda necesita un mayor horizonte de tiempo para desarrollarse y un contexto de pol\u00edticas amigables que la acompa\u00f1en, cosa que no sucede hasta ahora&#8221;.<\/p>\n<p>Seg\u00fan el operador, para campos de cr\u00eda de la cuenca del Salado los valores est\u00e1n en el orden de 60 a 65 kilos de novillo por hect\u00e1rea al a\u00f1o para aquellos que cuenten con una receptividad de 0,6\/0,7 unidad ganadera por hect\u00e1rea.<\/p>\n<p><i>El pulso de los operadores<\/i><br \/>Cierre de contratos y modalidad de pago<\/p>\n<p>Agust\u00edn De Elizalde, Elizalde, Garrahan &amp;C\u00eda<br \/>&#8220;En los campos de buena calidad se siguen manteniendo los quinales fijos. En zonas marginales son casi la mayor\u00eda a porcentaje&#8221;<\/p>\n<p>Cristi\u00e1n Bel\u00e1ustegui, presidente de CAT<br \/>&#8220;En zonas de la pampa h\u00fameda donde la cosecha se levant\u00f3 los alquileres ya est\u00e1n concertados casi todos&#8221;.<\/p>\n<p>Fuente: La Naci\u00f3n, suple campo, 14 de junio.<br \/><\/p>","protected":false},"excerpt":{"rendered":"<p>Los alquileres ganaderos no logran tomar impulso. Si bien algunos operadores perciben un mayor inter\u00e9s de inversores en posicionarse en estos campos, en materia de arrendamientos advierten bajas que contrastan con la recuperaci\u00f3n de la hacienda en parte de 2014. &#8220;En general, se est\u00e1n renegociando hacia una baja del orden del 20% respecto del a\u00f1o anterior. Como referencia, campos en la Cuenca del Salado con una receptividad de 0,65 ug\/ha que se alquilaban en 60\/65 kilos por hect\u00e1rea\/a\u00f1o se est\u00e1n renegociando en el orden de los 50\/55 kgs\/ha\/a\u00f1o&#8221;, grafic\u00f3 Juan Jos\u00e9 Madero, director de la divisi\u00f3n campos de L. J. Ramos Brokers Inmobiliarios. Inter\u00e9sPese a esta situaci\u00f3n, hay gente tratando de poner un pie en la actividad, seg\u00fan destacan algunos operadores. &#8220;\u00daltimamente se est\u00e1 presentando un mayor inter\u00e9s por alquileres ganaderos. Se estima que la ganader\u00eda va a mejorar sus m\u00e1rgenes en un futuro a mediano plazo y muchos est\u00e1n tomando posici\u00f3n en este negocio&#8221;, afirm\u00f3 Federico Nordheimer. Mientras tanto, Marcos Lanusse, consultor, observa que no hay mucha demanda por alquilar. &#8220;El resultado econ\u00f3mico tanto para los criadores como invernadores es ajustado. Esto hace que no haya mucha demanda por el alquiler de campos ganaderos. Sin embargo, tampoco hay demasiada [&hellip;]<\/p>\n","protected":false},"author":2,"featured_media":2664,"comment_status":"closed","ping_status":"open","sticky":false,"template":"","format":"standard","meta":{"_acf_changed":false,"footnotes":""},"categories":[56],"tags":[],"class_list":["post-6177","post","type-post","status-publish","format-standard","has-post-thumbnail","hentry","category-infoganadero"],"acf":[],"yoast_head":"<!-- This site is optimized with the Yoast SEO plugin v27.4 - https:\/\/yoast.com\/product\/yoast-seo-wordpress\/ -->\n<title>Campos ganaderos con el freno de mano. | Proagro<\/title>\n<meta name=\"robots\" content=\"index, follow, max-snippet:-1, max-image-preview:large, max-video-preview:-1\" \/>\n<link rel=\"canonical\" href=\"https:\/\/proagrolab.com.ar\/en\/campos-ganaderos-con-el-freno-de-mano\/\" \/>\n<meta property=\"og:locale\" content=\"en_US\" \/>\n<meta property=\"og:type\" content=\"article\" \/>\n<meta property=\"og:title\" content=\"Campos ganaderos con el freno de mano. | Proagro\" \/>\n<meta property=\"og:description\" content=\"Los alquileres ganaderos no logran tomar impulso. Si bien algunos operadores perciben un mayor inter\u00e9s de inversores en posicionarse en estos campos, en materia de arrendamientos advierten bajas que contrastan con la recuperaci\u00f3n de la hacienda en parte de 2014. &#8220;En general, se est\u00e1n renegociando hacia una baja del orden del 20% respecto del a\u00f1o anterior. Como referencia, campos en la Cuenca del Salado con una receptividad de 0,65 ug\/ha que se alquilaban en 60\/65 kilos por hect\u00e1rea\/a\u00f1o se est\u00e1n renegociando en el orden de los 50\/55 kgs\/ha\/a\u00f1o&#8221;, grafic\u00f3 Juan Jos\u00e9 Madero, director de la divisi\u00f3n campos de L. J. Ramos Brokers Inmobiliarios. Inter\u00e9sPese a esta situaci\u00f3n, hay gente tratando de poner un pie en la actividad, seg\u00fan destacan algunos operadores. &#8220;\u00daltimamente se est\u00e1 presentando un mayor inter\u00e9s por alquileres ganaderos. Se estima que la ganader\u00eda va a mejorar sus m\u00e1rgenes en un futuro a mediano plazo y muchos est\u00e1n tomando posici\u00f3n en este negocio&#8221;, afirm\u00f3 Federico Nordheimer. Mientras tanto, Marcos Lanusse, consultor, observa que no hay mucha demanda por alquilar. &#8220;El resultado econ\u00f3mico tanto para los criadores como invernadores es ajustado. Esto hace que no haya mucha demanda por el alquiler de campos ganaderos. Sin embargo, tampoco hay demasiada [&hellip;]\" \/>\n<meta property=\"og:url\" content=\"https:\/\/proagrolab.com.ar\/campos-ganaderos-con-el-freno-de-mano\/\" \/>\n<meta property=\"og:site_name\" content=\"Proagro\" \/>\n<meta property=\"article:publisher\" content=\"http:\/\/www.facebook.com\/proagrolab\" \/>\n<meta property=\"article:published_time\" content=\"2014-06-16T00:00:01+00:00\" \/>\n<meta property=\"article:modified_time\" content=\"2020-07-01T19:27:56+00:00\" \/>\n<meta property=\"og:image\" content=\"https:\/\/proagrolab.com.ar\/wp-content\/uploads\/2015\/01\/g_p8580imts__Vacas-3.jpg\" \/>\n\t<meta property=\"og:image:width\" content=\"450\" \/>\n\t<meta property=\"og:image:height\" content=\"208\" \/>\n\t<meta property=\"og:image:type\" content=\"image\/jpeg\" \/>\n<meta name=\"author\" content=\"proagrolab\" \/>\n<meta name=\"twitter:card\" content=\"summary_large_image\" \/>\n<meta name=\"twitter:label1\" content=\"Written by\" \/>\n\t<meta name=\"twitter:data1\" content=\"proagrolab\" \/>\n\t<meta name=\"twitter:label2\" content=\"Est. reading time\" \/>\n\t<meta name=\"twitter:data2\" content=\"2 minutes\" \/>\n<script type=\"application\/ld+json\" class=\"yoast-schema-graph\">{\"@context\":\"https:\\\/\\\/schema.org\",\"@graph\":[{\"@type\":\"Article\",\"@id\":\"https:\\\/\\\/proagrolab.com.ar\\\/campos-ganaderos-con-el-freno-de-mano\\\/#article\",\"isPartOf\":{\"@id\":\"https:\\\/\\\/proagrolab.com.ar\\\/campos-ganaderos-con-el-freno-de-mano\\\/\"},\"author\":{\"name\":\"proagrolab\",\"@id\":\"https:\\\/\\\/proagrolab.com.ar\\\/#\\\/schema\\\/person\\\/38003ff90bf80381f71c7d922d207444\"},\"headline\":\"Campos ganaderos con el freno de mano.\",\"datePublished\":\"2014-06-16T00:00:01+00:00\",\"dateModified\":\"2020-07-01T19:27:56+00:00\",\"mainEntityOfPage\":{\"@id\":\"https:\\\/\\\/proagrolab.com.ar\\\/campos-ganaderos-con-el-freno-de-mano\\\/\"},\"wordCount\":434,\"publisher\":{\"@id\":\"https:\\\/\\\/proagrolab.com.ar\\\/#organization\"},\"image\":{\"@id\":\"https:\\\/\\\/proagrolab.com.ar\\\/campos-ganaderos-con-el-freno-de-mano\\\/#primaryimage\"},\"thumbnailUrl\":\"https:\\\/\\\/proagrolab.com.ar\\\/wp-content\\\/uploads\\\/2015\\\/01\\\/g_p8580imts__Vacas-3.jpg\",\"articleSection\":[\"News\"],\"inLanguage\":\"en-US\"},{\"@type\":\"WebPage\",\"@id\":\"https:\\\/\\\/proagrolab.com.ar\\\/campos-ganaderos-con-el-freno-de-mano\\\/\",\"url\":\"https:\\\/\\\/proagrolab.com.ar\\\/campos-ganaderos-con-el-freno-de-mano\\\/\",\"name\":\"Campos ganaderos con el freno de mano. | Proagro\",\"isPartOf\":{\"@id\":\"https:\\\/\\\/proagrolab.com.ar\\\/#website\"},\"primaryImageOfPage\":{\"@id\":\"https:\\\/\\\/proagrolab.com.ar\\\/campos-ganaderos-con-el-freno-de-mano\\\/#primaryimage\"},\"image\":{\"@id\":\"https:\\\/\\\/proagrolab.com.ar\\\/campos-ganaderos-con-el-freno-de-mano\\\/#primaryimage\"},\"thumbnailUrl\":\"https:\\\/\\\/proagrolab.com.ar\\\/wp-content\\\/uploads\\\/2015\\\/01\\\/g_p8580imts__Vacas-3.jpg\",\"datePublished\":\"2014-06-16T00:00:01+00:00\",\"dateModified\":\"2020-07-01T19:27:56+00:00\",\"breadcrumb\":{\"@id\":\"https:\\\/\\\/proagrolab.com.ar\\\/campos-ganaderos-con-el-freno-de-mano\\\/#breadcrumb\"},\"inLanguage\":\"en-US\",\"potentialAction\":[{\"@type\":\"ReadAction\",\"target\":[\"https:\\\/\\\/proagrolab.com.ar\\\/campos-ganaderos-con-el-freno-de-mano\\\/\"]}]},{\"@type\":\"ImageObject\",\"inLanguage\":\"en-US\",\"@id\":\"https:\\\/\\\/proagrolab.com.ar\\\/campos-ganaderos-con-el-freno-de-mano\\\/#primaryimage\",\"url\":\"https:\\\/\\\/proagrolab.com.ar\\\/wp-content\\\/uploads\\\/2015\\\/01\\\/g_p8580imts__Vacas-3.jpg\",\"contentUrl\":\"https:\\\/\\\/proagrolab.com.ar\\\/wp-content\\\/uploads\\\/2015\\\/01\\\/g_p8580imts__Vacas-3.jpg\",\"width\":450,\"height\":208},{\"@type\":\"BreadcrumbList\",\"@id\":\"https:\\\/\\\/proagrolab.com.ar\\\/campos-ganaderos-con-el-freno-de-mano\\\/#breadcrumb\",\"itemListElement\":[{\"@type\":\"ListItem\",\"position\":1,\"name\":\"Portada\",\"item\":\"https:\\\/\\\/proagrolab.com.ar\\\/\"},{\"@type\":\"ListItem\",\"position\":2,\"name\":\"Campos ganaderos con el freno de mano.\"}]},{\"@type\":\"WebSite\",\"@id\":\"https:\\\/\\\/proagrolab.com.ar\\\/#website\",\"url\":\"https:\\\/\\\/proagrolab.com.ar\\\/\",\"name\":\"Proagro Laboratorio Veterinario\",\"description\":\"Veterinary laboratory\",\"publisher\":{\"@id\":\"https:\\\/\\\/proagrolab.com.ar\\\/#organization\"},\"potentialAction\":[{\"@type\":\"SearchAction\",\"target\":{\"@type\":\"EntryPoint\",\"urlTemplate\":\"https:\\\/\\\/proagrolab.com.ar\\\/?s={search_term_string}\"},\"query-input\":{\"@type\":\"PropertyValueSpecification\",\"valueRequired\":true,\"valueName\":\"search_term_string\"}}],\"inLanguage\":\"en-US\"},{\"@type\":\"Organization\",\"@id\":\"https:\\\/\\\/proagrolab.com.ar\\\/#organization\",\"name\":\"Proagro\",\"url\":\"https:\\\/\\\/proagrolab.com.ar\\\/\",\"logo\":{\"@type\":\"ImageObject\",\"inLanguage\":\"en-US\",\"@id\":\"https:\\\/\\\/proagrolab.com.ar\\\/#\\\/schema\\\/logo\\\/image\\\/\",\"url\":\"https:\\\/\\\/proagrolab.com.ar\\\/wp-content\\\/uploads\\\/2020\\\/04\\\/logo-retina.png\",\"contentUrl\":\"https:\\\/\\\/proagrolab.com.ar\\\/wp-content\\\/uploads\\\/2020\\\/04\\\/logo-retina.png\",\"width\":478,\"height\":120,\"caption\":\"Proagro\"},\"image\":{\"@id\":\"https:\\\/\\\/proagrolab.com.ar\\\/#\\\/schema\\\/logo\\\/image\\\/\"},\"sameAs\":[\"http:\\\/\\\/www.facebook.com\\\/proagrolab\",\"https:\\\/\\\/www.instagram.com\\\/proagrolab\\\/\",\"https:\\\/\\\/www.linkedin.com\\\/company\\\/laboratorio-proagro-s-a\\\/\"]},{\"@type\":\"Person\",\"@id\":\"https:\\\/\\\/proagrolab.com.ar\\\/#\\\/schema\\\/person\\\/38003ff90bf80381f71c7d922d207444\",\"name\":\"proagrolab\"}]}<\/script>\n<!-- \/ Yoast SEO plugin. -->","yoast_head_json":{"title":"Campos ganaderos con el freno de mano. | Proagro","robots":{"index":"index","follow":"follow","max-snippet":"max-snippet:-1","max-image-preview":"max-image-preview:large","max-video-preview":"max-video-preview:-1"},"canonical":"https:\/\/proagrolab.com.ar\/en\/campos-ganaderos-con-el-freno-de-mano\/","og_locale":"en_US","og_type":"article","og_title":"Campos ganaderos con el freno de mano. | Proagro","og_description":"Los alquileres ganaderos no logran tomar impulso. Si bien algunos operadores perciben un mayor inter\u00e9s de inversores en posicionarse en estos campos, en materia de arrendamientos advierten bajas que contrastan con la recuperaci\u00f3n de la hacienda en parte de 2014. &#8220;En general, se est\u00e1n renegociando hacia una baja del orden del 20% respecto del a\u00f1o anterior. Como referencia, campos en la Cuenca del Salado con una receptividad de 0,65 ug\/ha que se alquilaban en 60\/65 kilos por hect\u00e1rea\/a\u00f1o se est\u00e1n renegociando en el orden de los 50\/55 kgs\/ha\/a\u00f1o&#8221;, grafic\u00f3 Juan Jos\u00e9 Madero, director de la divisi\u00f3n campos de L. J. Ramos Brokers Inmobiliarios. Inter\u00e9sPese a esta situaci\u00f3n, hay gente tratando de poner un pie en la actividad, seg\u00fan destacan algunos operadores. &#8220;\u00daltimamente se est\u00e1 presentando un mayor inter\u00e9s por alquileres ganaderos. Se estima que la ganader\u00eda va a mejorar sus m\u00e1rgenes en un futuro a mediano plazo y muchos est\u00e1n tomando posici\u00f3n en este negocio&#8221;, afirm\u00f3 Federico Nordheimer. Mientras tanto, Marcos Lanusse, consultor, observa que no hay mucha demanda por alquilar. &#8220;El resultado econ\u00f3mico tanto para los criadores como invernadores es ajustado. Esto hace que no haya mucha demanda por el alquiler de campos ganaderos. Sin embargo, tampoco hay demasiada [&hellip;]","og_url":"https:\/\/proagrolab.com.ar\/campos-ganaderos-con-el-freno-de-mano\/","og_site_name":"Proagro","article_publisher":"http:\/\/www.facebook.com\/proagrolab","article_published_time":"2014-06-16T00:00:01+00:00","article_modified_time":"2020-07-01T19:27:56+00:00","og_image":[{"width":450,"height":208,"url":"https:\/\/proagrolab.com.ar\/wp-content\/uploads\/2015\/01\/g_p8580imts__Vacas-3.jpg","type":"image\/jpeg"}],"author":"proagrolab","twitter_card":"summary_large_image","twitter_misc":{"Written by":"proagrolab","Est. reading time":"2 minutes"},"schema":{"@context":"https:\/\/schema.org","@graph":[{"@type":"Article","@id":"https:\/\/proagrolab.com.ar\/campos-ganaderos-con-el-freno-de-mano\/#article","isPartOf":{"@id":"https:\/\/proagrolab.com.ar\/campos-ganaderos-con-el-freno-de-mano\/"},"author":{"name":"proagrolab","@id":"https:\/\/proagrolab.com.ar\/#\/schema\/person\/38003ff90bf80381f71c7d922d207444"},"headline":"Campos ganaderos con el freno de mano.","datePublished":"2014-06-16T00:00:01+00:00","dateModified":"2020-07-01T19:27:56+00:00","mainEntityOfPage":{"@id":"https:\/\/proagrolab.com.ar\/campos-ganaderos-con-el-freno-de-mano\/"},"wordCount":434,"publisher":{"@id":"https:\/\/proagrolab.com.ar\/#organization"},"image":{"@id":"https:\/\/proagrolab.com.ar\/campos-ganaderos-con-el-freno-de-mano\/#primaryimage"},"thumbnailUrl":"https:\/\/proagrolab.com.ar\/wp-content\/uploads\/2015\/01\/g_p8580imts__Vacas-3.jpg","articleSection":["News"],"inLanguage":"en-US"},{"@type":"WebPage","@id":"https:\/\/proagrolab.com.ar\/campos-ganaderos-con-el-freno-de-mano\/","url":"https:\/\/proagrolab.com.ar\/campos-ganaderos-con-el-freno-de-mano\/","name":"Campos ganaderos con el freno de mano. | Proagro","isPartOf":{"@id":"https:\/\/proagrolab.com.ar\/#website"},"primaryImageOfPage":{"@id":"https:\/\/proagrolab.com.ar\/campos-ganaderos-con-el-freno-de-mano\/#primaryimage"},"image":{"@id":"https:\/\/proagrolab.com.ar\/campos-ganaderos-con-el-freno-de-mano\/#primaryimage"},"thumbnailUrl":"https:\/\/proagrolab.com.ar\/wp-content\/uploads\/2015\/01\/g_p8580imts__Vacas-3.jpg","datePublished":"2014-06-16T00:00:01+00:00","dateModified":"2020-07-01T19:27:56+00:00","breadcrumb":{"@id":"https:\/\/proagrolab.com.ar\/campos-ganaderos-con-el-freno-de-mano\/#breadcrumb"},"inLanguage":"en-US","potentialAction":[{"@type":"ReadAction","target":["https:\/\/proagrolab.com.ar\/campos-ganaderos-con-el-freno-de-mano\/"]}]},{"@type":"ImageObject","inLanguage":"en-US","@id":"https:\/\/proagrolab.com.ar\/campos-ganaderos-con-el-freno-de-mano\/#primaryimage","url":"https:\/\/proagrolab.com.ar\/wp-content\/uploads\/2015\/01\/g_p8580imts__Vacas-3.jpg","contentUrl":"https:\/\/proagrolab.com.ar\/wp-content\/uploads\/2015\/01\/g_p8580imts__Vacas-3.jpg","width":450,"height":208},{"@type":"BreadcrumbList","@id":"https:\/\/proagrolab.com.ar\/campos-ganaderos-con-el-freno-de-mano\/#breadcrumb","itemListElement":[{"@type":"ListItem","position":1,"name":"Portada","item":"https:\/\/proagrolab.com.ar\/"},{"@type":"ListItem","position":2,"name":"Campos ganaderos con el freno de mano."}]},{"@type":"WebSite","@id":"https:\/\/proagrolab.com.ar\/#website","url":"https:\/\/proagrolab.com.ar\/","name":"Proagro Laboratorio Veterinario","description":"Veterinary laboratory","publisher":{"@id":"https:\/\/proagrolab.com.ar\/#organization"},"potentialAction":[{"@type":"SearchAction","target":{"@type":"EntryPoint","urlTemplate":"https:\/\/proagrolab.com.ar\/?s={search_term_string}"},"query-input":{"@type":"PropertyValueSpecification","valueRequired":true,"valueName":"search_term_string"}}],"inLanguage":"en-US"},{"@type":"Organization","@id":"https:\/\/proagrolab.com.ar\/#organization","name":"Proagro","url":"https:\/\/proagrolab.com.ar\/","logo":{"@type":"ImageObject","inLanguage":"en-US","@id":"https:\/\/proagrolab.com.ar\/#\/schema\/logo\/image\/","url":"https:\/\/proagrolab.com.ar\/wp-content\/uploads\/2020\/04\/logo-retina.png","contentUrl":"https:\/\/proagrolab.com.ar\/wp-content\/uploads\/2020\/04\/logo-retina.png","width":478,"height":120,"caption":"Proagro"},"image":{"@id":"https:\/\/proagrolab.com.ar\/#\/schema\/logo\/image\/"},"sameAs":["http:\/\/www.facebook.com\/proagrolab","https:\/\/www.instagram.com\/proagrolab\/","https:\/\/www.linkedin.com\/company\/laboratorio-proagro-s-a\/"]},{"@type":"Person","@id":"https:\/\/proagrolab.com.ar\/#\/schema\/person\/38003ff90bf80381f71c7d922d207444","name":"proagrolab"}]}},"_links":{"self":[{"href":"https:\/\/proagrolab.com.ar\/en\/wp-json\/wp\/v2\/posts\/6177","targetHints":{"allow":["GET"]}}],"collection":[{"href":"https:\/\/proagrolab.com.ar\/en\/wp-json\/wp\/v2\/posts"}],"about":[{"href":"https:\/\/proagrolab.com.ar\/en\/wp-json\/wp\/v2\/types\/post"}],"author":[{"embeddable":true,"href":"https:\/\/proagrolab.com.ar\/en\/wp-json\/wp\/v2\/users\/2"}],"replies":[{"embeddable":true,"href":"https:\/\/proagrolab.com.ar\/en\/wp-json\/wp\/v2\/comments?post=6177"}],"version-history":[{"count":1,"href":"https:\/\/proagrolab.com.ar\/en\/wp-json\/wp\/v2\/posts\/6177\/revisions"}],"predecessor-version":[{"id":14438,"href":"https:\/\/proagrolab.com.ar\/en\/wp-json\/wp\/v2\/posts\/6177\/revisions\/14438"}],"wp:featuredmedia":[{"embeddable":true,"href":"https:\/\/proagrolab.com.ar\/en\/wp-json\/wp\/v2\/media\/2664"}],"wp:attachment":[{"href":"https:\/\/proagrolab.com.ar\/en\/wp-json\/wp\/v2\/media?parent=6177"}],"wp:term":[{"taxonomy":"category","embeddable":true,"href":"https:\/\/proagrolab.com.ar\/en\/wp-json\/wp\/v2\/categories?post=6177"},{"taxonomy":"post_tag","embeddable":true,"href":"https:\/\/proagrolab.com.ar\/en\/wp-json\/wp\/v2\/tags?post=6177"}],"curies":[{"name":"wp","href":"https:\/\/api.w.org\/{rel}","templated":true}]}}