{"id":6176,"date":"2014-06-13T00:00:01","date_gmt":"2014-06-13T00:00:01","guid":{"rendered":"https:\/\/proagrolab.com.ar\/se-premio-la-excelencia-genetica-brangus\/"},"modified":"2020-07-01T19:26:15","modified_gmt":"2020-07-01T19:26:15","slug":"se-premio-la-excelencia-genetica-brangus","status":"publish","type":"post","link":"https:\/\/proagrolab.com.ar\/en\/se-premio-la-excelencia-genetica-brangus\/","title":{"rendered":"Se premi\u00f3 la excelencia gen\u00e9tica Brangus."},"content":{"rendered":"<p class=\"qtranxs-available-languages-message qtranxs-available-languages-message-en\"> <\/p><p>El escenario renovado de la Sociedad Rural de Chaco, sede Resistencia, fue el testigo de las evaluaciones gen\u00e9ticas que se llevaron a cabo desde el mi\u00e9rcoles con la Exposici\u00f3n de Criador a Criador y la Exposici\u00f3n Nacional del Ternero, culminando, hoy con la 45\u00ba Gran Nacional Brangus.<\/p>\n<p>As\u00ed, m\u00e1s de 370 animales de m\u00e1s de 50 caba\u00f1as desfilaron bajo los expectantes criadores orgullosos de su hacienda, y del afilado ojo d los jurados Gast\u00f3n Garc\u00eda y el paraguayo Sebasti\u00e1n Pizarro.<\/p>\n<p>La raza \u0093est\u00e1 segunda en el pa\u00eds y representa el 20% del ganado nacional\u0094 indic\u00f3 Santiago Gilotaux, Presidente de la Asociaci\u00f3n Argentina de Brangus, quien se mostr\u00f3 confiado en el futuro de la ganader\u00eda que solo necesita \u0093sentido com\u00fan y pol\u00edticas que no signifiquen una traba a su desarrollo\u0094<br \/><b><br \/><i>Todos los ganadores<\/i><\/b><br \/><i>Jura de La Gran Nacional Brangus<\/i><br \/>El Gran Campe\u00f3n Macho fue para la Caba\u00f1a La Sultana de Dante Groppo, mientras que el Reservado Gran Campe\u00f3n Macho se lo llev\u00f3 la Caba\u00f1a Don Pedro de Ra\u00fal Gallo. El tercer Mejor Toro fue para la Caba\u00f1a El Carmen de La Pe\u00f1a Colorada S.A<\/p>\n<p>El Campe\u00f3n Conjunto lo consigui\u00f3 la Caba\u00f1a La Pe\u00f1a Colorada del Carmen S.A.<\/p>\n<p>El Mejor Toro Individual tambi\u00e9n se lo llev\u00f3 La Sultana de Dante Groppo y el Segundo Mejor Toro Individual Macho le correspondi\u00f3 a la Caba\u00f1a Las Dos A de Aldo C. Zago.<\/p>\n<p>El Campe\u00f3n Conjunto Preparatorio Macho lo obtuvo la Caba\u00f1a El Pirizal de Pirizal S.A, mientras que el Reservado Campe\u00f3n Conjunto Preparatorio Macho lo obtuvo la Caba\u00f1a Don Livio de Castellano Sergio y Enry S.R.L<\/p>\n<p><i>Jura de Exposici\u00f3n de Criador a Criador<\/i><br \/>La Campe\u00f3n Conjunto Hembra fue para la Caba\u00f1a El Porvenir de Walter E Oroda y la Reservado Campe\u00f3n Conjunto Hembra le correspondi\u00f3 a la Caba\u00f1a Alejo del Carmen de Francisco Becerra.<\/p>\n<p><i>Jura de Exposici\u00f3n Nacional del ternero<\/i><br \/>La Gran Campe\u00f3n Ternera le correspondi\u00f3 a Caba\u00f1a Don Pedro de Ra\u00fal Gallo. El puesto de la Reservado Gran Campe\u00f3n Ternera fue para la Caba\u00f1a Quilpo Norte de Pedro Borgatello Ganadera S.R.L. La Campe\u00f3n Conjunto Ternera se lo llev\u00f3 la Caba\u00f1a Camp Cooley de Camp Cooley El Bagual S.A y Biotecna S.A.<\/p>\n<p>La Reservado Campe\u00f3n Conjunto Ternera fue para la Caba\u00f1a El Porvenir de Walter E Oroda. La Campe\u00f3n Individual Ternera se lo llev\u00f3 la Caba\u00f1a Don Pedro de Ra\u00fal Gallo y la Reservado Campe\u00f3n Individual Ternera lo tuvo la Caba\u00f1a Quilpo Norte de Pedro Borgatello Ganadera S.R.L<\/p>\n<p>En cuanto a los Machos, la Caba\u00f1a Los Or\u00edgenes de Agrodec S.A obtuvo el Gran Campe\u00f3n Ternero, mientras que la Caba\u00f1a Las Dos A de Aldo C. Zago se llev\u00f3 el Reservado Gran Campe\u00f3n Ternero y tambi\u00e9n al Campe\u00f3n Conjunto Ternero.<\/p>\n<p>El Reservado Campe\u00f3n Conjunto Ternero le correspondi\u00f3 a la Caba\u00f1a Don Felipe de Dieppe S.A<\/p>\n<p>El Campe\u00f3n Individual Ternero se lo llev\u00f3 la Caba\u00f1a Los Or\u00edgenes de Agrodec S.A y el Reservado Campe\u00f3n Individual Ternero fue para la Caba\u00f1a Los Reales de Las Lajitas S.A<\/p>\n<p><i>Espacio de la pluralidad<\/i><br \/>La exposici\u00f3n ganadera fue el marco perfecto para el an\u00e1lisis y reflexi\u00f3n de los distintos visitantes que asistieron a la misma.<\/p>\n<p>As\u00ed, Luis Miguel Etchevehere, Presidente de la Sociedad Rural Argentina dijo presente en la muestra que \u0093es ejemplo de que el ganadero investiga, invierte y se arriesga\u0094 por lo que s\u00f3lo necesita \u0093un marco institucional de estabilidad y previsibilidad para que el campo argentino finalmente muestre su enorme potencial como productor mundial de alimentos\u0094 asever\u00f3.<\/p>\n<p>El Licenciado Juan Jos\u00e9 Llach, economista, soci\u00f3logo y ex Ministro de Educaci\u00f3n de la Argentina llev\u00f3 a cabo una disertaci\u00f3n respecto al contexto socioecon\u00f3mico, en la que no temi\u00f3 expresarse optimista frente al advenimiento de \u0093una nueva etapa para Argentina por la sencilla raz\u00f3n de que la mayor\u00eda de la gente quiere un cambio\u0094<\/p>\n<p>Esta nueva edici\u00f3n de la exposici\u00f3n ganadera cont\u00f3 con visitantes de delegaciones de pa\u00edses de M\u00e9xico, Paraguay, Brasil, Bolivia y Colombia.<\/p>\n<p>Tal es el caso de Denisse Almaguer Wong, Coordinadora Congreso Mundial de Brangus que se llevar\u00e1 a cabo en M\u00e9xico el pr\u00f3ximo noviembre y que aglutinar\u00e1 a m\u00e1s de 400 productores de todo el mundo.<\/p>\n<p>A modo de previa, la organizadora del mundial Denisse Almaguer Wong lleg\u00f3 desde el pa\u00eds azteca para apreciar al Brangus argentino, del que destaca \u0093su calidad c\u00e1rnica\u0094 y cuya \u0093proporci\u00f3n gen\u00e9tica es excelente\u0094.<\/p>\n<p>Hoy ser\u00e1 el \u00faltimo d\u00eda de la exposici\u00f3n, y culminar\u00e1 con la venta de Exposiciones Brangus a cargo de la firma consignataria Iv\u00e1n O\u0092Farrell S.R.L.<\/p>\n<p>Fuente: Agrositio, 13 de junio.<br \/><\/p>","protected":false},"excerpt":{"rendered":"<p>El escenario renovado de la Sociedad Rural de Chaco, sede Resistencia, fue el testigo de las evaluaciones gen\u00e9ticas que se llevaron a cabo desde el mi\u00e9rcoles con la Exposici\u00f3n de Criador a Criador y la Exposici\u00f3n Nacional del Ternero, culminando, hoy con la 45\u00ba Gran Nacional Brangus. As\u00ed, m\u00e1s de 370 animales de m\u00e1s de 50 caba\u00f1as desfilaron bajo los expectantes criadores orgullosos de su hacienda, y del afilado ojo d los jurados Gast\u00f3n Garc\u00eda y el paraguayo Sebasti\u00e1n Pizarro. La raza \u0093est\u00e1 segunda en el pa\u00eds y representa el 20% del ganado nacional\u0094 indic\u00f3 Santiago Gilotaux, Presidente de la Asociaci\u00f3n Argentina de Brangus, quien se mostr\u00f3 confiado en el futuro de la ganader\u00eda que solo necesita \u0093sentido com\u00fan y pol\u00edticas que no signifiquen una traba a su desarrollo\u0094Todos los ganadoresJura de La Gran Nacional BrangusEl Gran Campe\u00f3n Macho fue para la Caba\u00f1a La Sultana de Dante Groppo, mientras que el Reservado Gran Campe\u00f3n Macho se lo llev\u00f3 la Caba\u00f1a Don Pedro de Ra\u00fal Gallo. El tercer Mejor Toro fue para la Caba\u00f1a El Carmen de La Pe\u00f1a Colorada S.A El Campe\u00f3n Conjunto lo consigui\u00f3 la Caba\u00f1a La Pe\u00f1a Colorada del Carmen S.A. El Mejor Toro Individual tambi\u00e9n se lo [&hellip;]<\/p>\n","protected":false},"author":2,"featured_media":2663,"comment_status":"closed","ping_status":"open","sticky":false,"template":"","format":"standard","meta":{"_acf_changed":false,"footnotes":""},"categories":[56],"tags":[],"class_list":["post-6176","post","type-post","status-publish","format-standard","has-post-thumbnail","hentry","category-infoganadero"],"acf":[],"yoast_head":"<!-- This site is optimized with the Yoast SEO plugin v27.4 - https:\/\/yoast.com\/product\/yoast-seo-wordpress\/ -->\n<title>Se premi\u00f3 la excelencia gen\u00e9tica Brangus. | Proagro<\/title>\n<meta name=\"robots\" content=\"index, follow, max-snippet:-1, max-image-preview:large, max-video-preview:-1\" \/>\n<link rel=\"canonical\" href=\"https:\/\/proagrolab.com.ar\/en\/se-premio-la-excelencia-genetica-brangus\/\" \/>\n<meta property=\"og:locale\" content=\"en_US\" \/>\n<meta property=\"og:type\" content=\"article\" \/>\n<meta property=\"og:title\" content=\"Se premi\u00f3 la excelencia gen\u00e9tica Brangus. | Proagro\" \/>\n<meta property=\"og:description\" content=\"El escenario renovado de la Sociedad Rural de Chaco, sede Resistencia, fue el testigo de las evaluaciones gen\u00e9ticas que se llevaron a cabo desde el mi\u00e9rcoles con la Exposici\u00f3n de Criador a Criador y la Exposici\u00f3n Nacional del Ternero, culminando, hoy con la 45\u00ba Gran Nacional Brangus. As\u00ed, m\u00e1s de 370 animales de m\u00e1s de 50 caba\u00f1as desfilaron bajo los expectantes criadores orgullosos de su hacienda, y del afilado ojo d los jurados Gast\u00f3n Garc\u00eda y el paraguayo Sebasti\u00e1n Pizarro. La raza \u0093est\u00e1 segunda en el pa\u00eds y representa el 20% del ganado nacional\u0094 indic\u00f3 Santiago Gilotaux, Presidente de la Asociaci\u00f3n Argentina de Brangus, quien se mostr\u00f3 confiado en el futuro de la ganader\u00eda que solo necesita \u0093sentido com\u00fan y pol\u00edticas que no signifiquen una traba a su desarrollo\u0094Todos los ganadoresJura de La Gran Nacional BrangusEl Gran Campe\u00f3n Macho fue para la Caba\u00f1a La Sultana de Dante Groppo, mientras que el Reservado Gran Campe\u00f3n Macho se lo llev\u00f3 la Caba\u00f1a Don Pedro de Ra\u00fal Gallo. El tercer Mejor Toro fue para la Caba\u00f1a El Carmen de La Pe\u00f1a Colorada S.A El Campe\u00f3n Conjunto lo consigui\u00f3 la Caba\u00f1a La Pe\u00f1a Colorada del Carmen S.A. El Mejor Toro Individual tambi\u00e9n se lo [&hellip;]\" \/>\n<meta property=\"og:url\" content=\"https:\/\/proagrolab.com.ar\/se-premio-la-excelencia-genetica-brangus\/\" \/>\n<meta property=\"og:site_name\" content=\"Proagro\" \/>\n<meta property=\"article:publisher\" content=\"http:\/\/www.facebook.com\/proagrolab\" \/>\n<meta property=\"article:published_time\" content=\"2014-06-13T00:00:01+00:00\" \/>\n<meta property=\"article:modified_time\" content=\"2020-07-01T19:26:15+00:00\" \/>\n<meta property=\"og:image\" content=\"https:\/\/proagrolab.com.ar\/wp-content\/uploads\/2015\/01\/g_ya7zqraz2__Brangus-negro-6.jpg\" \/>\n\t<meta property=\"og:image:width\" content=\"450\" \/>\n\t<meta property=\"og:image:height\" content=\"208\" \/>\n\t<meta property=\"og:image:type\" content=\"image\/jpeg\" \/>\n<meta name=\"author\" content=\"proagrolab\" \/>\n<meta name=\"twitter:card\" content=\"summary_large_image\" \/>\n<meta name=\"twitter:label1\" content=\"Written by\" \/>\n\t<meta name=\"twitter:data1\" content=\"proagrolab\" \/>\n\t<meta name=\"twitter:label2\" content=\"Est. reading time\" \/>\n\t<meta name=\"twitter:data2\" content=\"4 minutes\" \/>\n<script type=\"application\/ld+json\" class=\"yoast-schema-graph\">{\"@context\":\"https:\\\/\\\/schema.org\",\"@graph\":[{\"@type\":\"Article\",\"@id\":\"https:\\\/\\\/proagrolab.com.ar\\\/se-premio-la-excelencia-genetica-brangus\\\/#article\",\"isPartOf\":{\"@id\":\"https:\\\/\\\/proagrolab.com.ar\\\/se-premio-la-excelencia-genetica-brangus\\\/\"},\"author\":{\"name\":\"proagrolab\",\"@id\":\"https:\\\/\\\/proagrolab.com.ar\\\/#\\\/schema\\\/person\\\/38003ff90bf80381f71c7d922d207444\"},\"headline\":\"Se premi\u00f3 la excelencia gen\u00e9tica Brangus.\",\"datePublished\":\"2014-06-13T00:00:01+00:00\",\"dateModified\":\"2020-07-01T19:26:15+00:00\",\"mainEntityOfPage\":{\"@id\":\"https:\\\/\\\/proagrolab.com.ar\\\/se-premio-la-excelencia-genetica-brangus\\\/\"},\"wordCount\":851,\"publisher\":{\"@id\":\"https:\\\/\\\/proagrolab.com.ar\\\/#organization\"},\"image\":{\"@id\":\"https:\\\/\\\/proagrolab.com.ar\\\/se-premio-la-excelencia-genetica-brangus\\\/#primaryimage\"},\"thumbnailUrl\":\"https:\\\/\\\/proagrolab.com.ar\\\/wp-content\\\/uploads\\\/2015\\\/01\\\/g_ya7zqraz2__Brangus-negro-6.jpg\",\"articleSection\":[\"News\"],\"inLanguage\":\"en-US\"},{\"@type\":\"WebPage\",\"@id\":\"https:\\\/\\\/proagrolab.com.ar\\\/se-premio-la-excelencia-genetica-brangus\\\/\",\"url\":\"https:\\\/\\\/proagrolab.com.ar\\\/se-premio-la-excelencia-genetica-brangus\\\/\",\"name\":\"Se premi\u00f3 la excelencia gen\u00e9tica Brangus. | Proagro\",\"isPartOf\":{\"@id\":\"https:\\\/\\\/proagrolab.com.ar\\\/#website\"},\"primaryImageOfPage\":{\"@id\":\"https:\\\/\\\/proagrolab.com.ar\\\/se-premio-la-excelencia-genetica-brangus\\\/#primaryimage\"},\"image\":{\"@id\":\"https:\\\/\\\/proagrolab.com.ar\\\/se-premio-la-excelencia-genetica-brangus\\\/#primaryimage\"},\"thumbnailUrl\":\"https:\\\/\\\/proagrolab.com.ar\\\/wp-content\\\/uploads\\\/2015\\\/01\\\/g_ya7zqraz2__Brangus-negro-6.jpg\",\"datePublished\":\"2014-06-13T00:00:01+00:00\",\"dateModified\":\"2020-07-01T19:26:15+00:00\",\"breadcrumb\":{\"@id\":\"https:\\\/\\\/proagrolab.com.ar\\\/se-premio-la-excelencia-genetica-brangus\\\/#breadcrumb\"},\"inLanguage\":\"en-US\",\"potentialAction\":[{\"@type\":\"ReadAction\",\"target\":[\"https:\\\/\\\/proagrolab.com.ar\\\/se-premio-la-excelencia-genetica-brangus\\\/\"]}]},{\"@type\":\"ImageObject\",\"inLanguage\":\"en-US\",\"@id\":\"https:\\\/\\\/proagrolab.com.ar\\\/se-premio-la-excelencia-genetica-brangus\\\/#primaryimage\",\"url\":\"https:\\\/\\\/proagrolab.com.ar\\\/wp-content\\\/uploads\\\/2015\\\/01\\\/g_ya7zqraz2__Brangus-negro-6.jpg\",\"contentUrl\":\"https:\\\/\\\/proagrolab.com.ar\\\/wp-content\\\/uploads\\\/2015\\\/01\\\/g_ya7zqraz2__Brangus-negro-6.jpg\",\"width\":450,\"height\":208},{\"@type\":\"BreadcrumbList\",\"@id\":\"https:\\\/\\\/proagrolab.com.ar\\\/se-premio-la-excelencia-genetica-brangus\\\/#breadcrumb\",\"itemListElement\":[{\"@type\":\"ListItem\",\"position\":1,\"name\":\"Portada\",\"item\":\"https:\\\/\\\/proagrolab.com.ar\\\/\"},{\"@type\":\"ListItem\",\"position\":2,\"name\":\"Se premi\u00f3 la excelencia gen\u00e9tica Brangus.\"}]},{\"@type\":\"WebSite\",\"@id\":\"https:\\\/\\\/proagrolab.com.ar\\\/#website\",\"url\":\"https:\\\/\\\/proagrolab.com.ar\\\/\",\"name\":\"Proagro Laboratorio Veterinario\",\"description\":\"Veterinary laboratory\",\"publisher\":{\"@id\":\"https:\\\/\\\/proagrolab.com.ar\\\/#organization\"},\"potentialAction\":[{\"@type\":\"SearchAction\",\"target\":{\"@type\":\"EntryPoint\",\"urlTemplate\":\"https:\\\/\\\/proagrolab.com.ar\\\/?s={search_term_string}\"},\"query-input\":{\"@type\":\"PropertyValueSpecification\",\"valueRequired\":true,\"valueName\":\"search_term_string\"}}],\"inLanguage\":\"en-US\"},{\"@type\":\"Organization\",\"@id\":\"https:\\\/\\\/proagrolab.com.ar\\\/#organization\",\"name\":\"Proagro\",\"url\":\"https:\\\/\\\/proagrolab.com.ar\\\/\",\"logo\":{\"@type\":\"ImageObject\",\"inLanguage\":\"en-US\",\"@id\":\"https:\\\/\\\/proagrolab.com.ar\\\/#\\\/schema\\\/logo\\\/image\\\/\",\"url\":\"https:\\\/\\\/proagrolab.com.ar\\\/wp-content\\\/uploads\\\/2020\\\/04\\\/logo-retina.png\",\"contentUrl\":\"https:\\\/\\\/proagrolab.com.ar\\\/wp-content\\\/uploads\\\/2020\\\/04\\\/logo-retina.png\",\"width\":478,\"height\":120,\"caption\":\"Proagro\"},\"image\":{\"@id\":\"https:\\\/\\\/proagrolab.com.ar\\\/#\\\/schema\\\/logo\\\/image\\\/\"},\"sameAs\":[\"http:\\\/\\\/www.facebook.com\\\/proagrolab\",\"https:\\\/\\\/www.instagram.com\\\/proagrolab\\\/\",\"https:\\\/\\\/www.linkedin.com\\\/company\\\/laboratorio-proagro-s-a\\\/\"]},{\"@type\":\"Person\",\"@id\":\"https:\\\/\\\/proagrolab.com.ar\\\/#\\\/schema\\\/person\\\/38003ff90bf80381f71c7d922d207444\",\"name\":\"proagrolab\"}]}<\/script>\n<!-- \/ Yoast SEO plugin. -->","yoast_head_json":{"title":"Se premi\u00f3 la excelencia gen\u00e9tica Brangus. | Proagro","robots":{"index":"index","follow":"follow","max-snippet":"max-snippet:-1","max-image-preview":"max-image-preview:large","max-video-preview":"max-video-preview:-1"},"canonical":"https:\/\/proagrolab.com.ar\/en\/se-premio-la-excelencia-genetica-brangus\/","og_locale":"en_US","og_type":"article","og_title":"Se premi\u00f3 la excelencia gen\u00e9tica Brangus. | Proagro","og_description":"El escenario renovado de la Sociedad Rural de Chaco, sede Resistencia, fue el testigo de las evaluaciones gen\u00e9ticas que se llevaron a cabo desde el mi\u00e9rcoles con la Exposici\u00f3n de Criador a Criador y la Exposici\u00f3n Nacional del Ternero, culminando, hoy con la 45\u00ba Gran Nacional Brangus. As\u00ed, m\u00e1s de 370 animales de m\u00e1s de 50 caba\u00f1as desfilaron bajo los expectantes criadores orgullosos de su hacienda, y del afilado ojo d los jurados Gast\u00f3n Garc\u00eda y el paraguayo Sebasti\u00e1n Pizarro. La raza \u0093est\u00e1 segunda en el pa\u00eds y representa el 20% del ganado nacional\u0094 indic\u00f3 Santiago Gilotaux, Presidente de la Asociaci\u00f3n Argentina de Brangus, quien se mostr\u00f3 confiado en el futuro de la ganader\u00eda que solo necesita \u0093sentido com\u00fan y pol\u00edticas que no signifiquen una traba a su desarrollo\u0094Todos los ganadoresJura de La Gran Nacional BrangusEl Gran Campe\u00f3n Macho fue para la Caba\u00f1a La Sultana de Dante Groppo, mientras que el Reservado Gran Campe\u00f3n Macho se lo llev\u00f3 la Caba\u00f1a Don Pedro de Ra\u00fal Gallo. El tercer Mejor Toro fue para la Caba\u00f1a El Carmen de La Pe\u00f1a Colorada S.A El Campe\u00f3n Conjunto lo consigui\u00f3 la Caba\u00f1a La Pe\u00f1a Colorada del Carmen S.A. El Mejor Toro Individual tambi\u00e9n se lo [&hellip;]","og_url":"https:\/\/proagrolab.com.ar\/se-premio-la-excelencia-genetica-brangus\/","og_site_name":"Proagro","article_publisher":"http:\/\/www.facebook.com\/proagrolab","article_published_time":"2014-06-13T00:00:01+00:00","article_modified_time":"2020-07-01T19:26:15+00:00","og_image":[{"width":450,"height":208,"url":"https:\/\/proagrolab.com.ar\/wp-content\/uploads\/2015\/01\/g_ya7zqraz2__Brangus-negro-6.jpg","type":"image\/jpeg"}],"author":"proagrolab","twitter_card":"summary_large_image","twitter_misc":{"Written by":"proagrolab","Est. reading time":"4 minutes"},"schema":{"@context":"https:\/\/schema.org","@graph":[{"@type":"Article","@id":"https:\/\/proagrolab.com.ar\/se-premio-la-excelencia-genetica-brangus\/#article","isPartOf":{"@id":"https:\/\/proagrolab.com.ar\/se-premio-la-excelencia-genetica-brangus\/"},"author":{"name":"proagrolab","@id":"https:\/\/proagrolab.com.ar\/#\/schema\/person\/38003ff90bf80381f71c7d922d207444"},"headline":"Se premi\u00f3 la excelencia gen\u00e9tica Brangus.","datePublished":"2014-06-13T00:00:01+00:00","dateModified":"2020-07-01T19:26:15+00:00","mainEntityOfPage":{"@id":"https:\/\/proagrolab.com.ar\/se-premio-la-excelencia-genetica-brangus\/"},"wordCount":851,"publisher":{"@id":"https:\/\/proagrolab.com.ar\/#organization"},"image":{"@id":"https:\/\/proagrolab.com.ar\/se-premio-la-excelencia-genetica-brangus\/#primaryimage"},"thumbnailUrl":"https:\/\/proagrolab.com.ar\/wp-content\/uploads\/2015\/01\/g_ya7zqraz2__Brangus-negro-6.jpg","articleSection":["News"],"inLanguage":"en-US"},{"@type":"WebPage","@id":"https:\/\/proagrolab.com.ar\/se-premio-la-excelencia-genetica-brangus\/","url":"https:\/\/proagrolab.com.ar\/se-premio-la-excelencia-genetica-brangus\/","name":"Se premi\u00f3 la excelencia gen\u00e9tica Brangus. | Proagro","isPartOf":{"@id":"https:\/\/proagrolab.com.ar\/#website"},"primaryImageOfPage":{"@id":"https:\/\/proagrolab.com.ar\/se-premio-la-excelencia-genetica-brangus\/#primaryimage"},"image":{"@id":"https:\/\/proagrolab.com.ar\/se-premio-la-excelencia-genetica-brangus\/#primaryimage"},"thumbnailUrl":"https:\/\/proagrolab.com.ar\/wp-content\/uploads\/2015\/01\/g_ya7zqraz2__Brangus-negro-6.jpg","datePublished":"2014-06-13T00:00:01+00:00","dateModified":"2020-07-01T19:26:15+00:00","breadcrumb":{"@id":"https:\/\/proagrolab.com.ar\/se-premio-la-excelencia-genetica-brangus\/#breadcrumb"},"inLanguage":"en-US","potentialAction":[{"@type":"ReadAction","target":["https:\/\/proagrolab.com.ar\/se-premio-la-excelencia-genetica-brangus\/"]}]},{"@type":"ImageObject","inLanguage":"en-US","@id":"https:\/\/proagrolab.com.ar\/se-premio-la-excelencia-genetica-brangus\/#primaryimage","url":"https:\/\/proagrolab.com.ar\/wp-content\/uploads\/2015\/01\/g_ya7zqraz2__Brangus-negro-6.jpg","contentUrl":"https:\/\/proagrolab.com.ar\/wp-content\/uploads\/2015\/01\/g_ya7zqraz2__Brangus-negro-6.jpg","width":450,"height":208},{"@type":"BreadcrumbList","@id":"https:\/\/proagrolab.com.ar\/se-premio-la-excelencia-genetica-brangus\/#breadcrumb","itemListElement":[{"@type":"ListItem","position":1,"name":"Portada","item":"https:\/\/proagrolab.com.ar\/"},{"@type":"ListItem","position":2,"name":"Se premi\u00f3 la excelencia gen\u00e9tica Brangus."}]},{"@type":"WebSite","@id":"https:\/\/proagrolab.com.ar\/#website","url":"https:\/\/proagrolab.com.ar\/","name":"Proagro Laboratorio Veterinario","description":"Veterinary laboratory","publisher":{"@id":"https:\/\/proagrolab.com.ar\/#organization"},"potentialAction":[{"@type":"SearchAction","target":{"@type":"EntryPoint","urlTemplate":"https:\/\/proagrolab.com.ar\/?s={search_term_string}"},"query-input":{"@type":"PropertyValueSpecification","valueRequired":true,"valueName":"search_term_string"}}],"inLanguage":"en-US"},{"@type":"Organization","@id":"https:\/\/proagrolab.com.ar\/#organization","name":"Proagro","url":"https:\/\/proagrolab.com.ar\/","logo":{"@type":"ImageObject","inLanguage":"en-US","@id":"https:\/\/proagrolab.com.ar\/#\/schema\/logo\/image\/","url":"https:\/\/proagrolab.com.ar\/wp-content\/uploads\/2020\/04\/logo-retina.png","contentUrl":"https:\/\/proagrolab.com.ar\/wp-content\/uploads\/2020\/04\/logo-retina.png","width":478,"height":120,"caption":"Proagro"},"image":{"@id":"https:\/\/proagrolab.com.ar\/#\/schema\/logo\/image\/"},"sameAs":["http:\/\/www.facebook.com\/proagrolab","https:\/\/www.instagram.com\/proagrolab\/","https:\/\/www.linkedin.com\/company\/laboratorio-proagro-s-a\/"]},{"@type":"Person","@id":"https:\/\/proagrolab.com.ar\/#\/schema\/person\/38003ff90bf80381f71c7d922d207444","name":"proagrolab"}]}},"_links":{"self":[{"href":"https:\/\/proagrolab.com.ar\/en\/wp-json\/wp\/v2\/posts\/6176","targetHints":{"allow":["GET"]}}],"collection":[{"href":"https:\/\/proagrolab.com.ar\/en\/wp-json\/wp\/v2\/posts"}],"about":[{"href":"https:\/\/proagrolab.com.ar\/en\/wp-json\/wp\/v2\/types\/post"}],"author":[{"embeddable":true,"href":"https:\/\/proagrolab.com.ar\/en\/wp-json\/wp\/v2\/users\/2"}],"replies":[{"embeddable":true,"href":"https:\/\/proagrolab.com.ar\/en\/wp-json\/wp\/v2\/comments?post=6176"}],"version-history":[{"count":1,"href":"https:\/\/proagrolab.com.ar\/en\/wp-json\/wp\/v2\/posts\/6176\/revisions"}],"predecessor-version":[{"id":14437,"href":"https:\/\/proagrolab.com.ar\/en\/wp-json\/wp\/v2\/posts\/6176\/revisions\/14437"}],"wp:featuredmedia":[{"embeddable":true,"href":"https:\/\/proagrolab.com.ar\/en\/wp-json\/wp\/v2\/media\/2663"}],"wp:attachment":[{"href":"https:\/\/proagrolab.com.ar\/en\/wp-json\/wp\/v2\/media?parent=6176"}],"wp:term":[{"taxonomy":"category","embeddable":true,"href":"https:\/\/proagrolab.com.ar\/en\/wp-json\/wp\/v2\/categories?post=6176"},{"taxonomy":"post_tag","embeddable":true,"href":"https:\/\/proagrolab.com.ar\/en\/wp-json\/wp\/v2\/tags?post=6176"}],"curies":[{"name":"wp","href":"https:\/\/api.w.org\/{rel}","templated":true}]}}