{"id":6174,"date":"2014-06-13T00:00:01","date_gmt":"2014-06-13T00:00:01","guid":{"rendered":"https:\/\/proagrolab.com.ar\/por-la-crecida-de-rios-y-las-lluvias-estan-evacuando-ganado-de-las-islas-del-predelta-entrerriano\/"},"modified":"2020-07-01T19:22:42","modified_gmt":"2020-07-01T19:22:42","slug":"por-la-crecida-de-rios-y-las-lluvias-estan-evacuando-ganado-de-las-islas-del-predelta-entrerriano","status":"publish","type":"post","link":"https:\/\/proagrolab.com.ar\/en\/por-la-crecida-de-rios-y-las-lluvias-estan-evacuando-ganado-de-las-islas-del-predelta-entrerriano\/","title":{"rendered":"Por la crecida de r\u00edos y las lluvias, est\u00e1n evacuando ganado de las islas del predelta entrerriano."},"content":{"rendered":"<p class=\"qtranxs-available-languages-message qtranxs-available-languages-message-en\"> <\/p><p>Casi la mitad del ganado que pasta en las islas, en la zona situada entre las ciudades de Victoria y Rosario, ya fue retirado a sitios m\u00e1s altos para evitar los inconvenientes que provocar\u00e1 la creciente extraordinaria que experimenta el r\u00edo Paran\u00e1.<\/p>\n<p>Se calcula que hay m\u00e1s de 3 millones en ganado vacuno en peligro por la crecida del r\u00edo Iguaz\u00fa y del Paran\u00e1. Esto hizo que productores de Santa Fe, Entre R\u00edos y Buenos Aires, hicieran consultas a distintos feedlots para llevar a sus animales.<\/p>\n<p>Voceros de la Federaci\u00f3n Agraria Argentina (FAA) confirmaron que en las islas del predelta de Entre R\u00edos pastan 88.000 cabezas, de las que ya se retiraron alrededor de 40.000.<\/p>\n<p>En la ciudad de Victoria, 110 kil\u00f3metros aguas abajo de la capital entrerriana, se conform\u00f3 un comit\u00e9 de crisis que estableci\u00f3 como prioridad el retiro de los animales de la zona de islas y la asistencia a los pobladores ribere\u00f1os.<\/p>\n<p>Seg\u00fan inform\u00f3 la agencia de noticias estatal, Telam, en la regi\u00f3n del predelta hay una poblaci\u00f3n isle\u00f1a de alrededor de 1.000 personas, acostumbrados a las c\u00edclicas creciente del r\u00edo, que ya comenzaron a evacuar sus viviendas asistidos por la municipalidad de Victoria.<\/p>\n<p>El secretario de Seguridad y Protecci\u00f3n civil de esa comuna, Fabi\u00e1n Dayd\u00e9, estim\u00f3 que \u0093en una semana\u0094 se completar\u00e1 el retiro de la hacienda de las zonas m\u00e1s comprometidas. Explic\u00f3 que en la zona se habilitaron 6 puertos y embarcaderos para descargar los animales que son tra\u00eddos por 14 barcazas habilitadas para realizar la tarea.<\/p>\n<p>Los sitios adonde se est\u00e1 trasladando la hacienda son el puerto ganadero de Rinc\u00f3n del Doll, el de Rinc\u00f3n de Nogoy\u00e1, y dos puertos de la ciudad de Victoria, uno privado y otro p\u00fablico.<\/p>\n<p>Otros dos embarcaderos est\u00e1n emplazados junto a la traza vial que une las ciudades de Victoria y Rosario a trav\u00e9s de las islas del pre-delta.<\/p>\n<p>Respecto de los habitantes de las islas, Dayd\u00e9 coment\u00f3 que \u0093es una poblaci\u00f3n muy particular, que hist\u00f3ricamente se evacua en forma propia y sistem\u00e1tica\u0094 cuando hay inundaciones.<\/p>\n<p>\u0093Ellos son especialistas en este tema\u0094, agreg\u00f3 el funcionario, al tiempo que reconoci\u00f3 que, de todos modos, el comit\u00e9 de crisis &#8220;llega para acompa\u00f1arlos y atender sus necesidades\u0094.<\/p>\n<p>Seg\u00fan estimaciones oficiales, para el 25 de este mes se espera que el pico de la creciente llegue a la capital entrerriana adonde, seg\u00fan los pron\u00f3sticos, el r\u00edo alcanzar\u00e1 una altura de casi 2 metros m\u00e1s de la que tiene actualmente.<\/p>\n<p>Los c\u00e1lculos se basan en un pron\u00f3stico del Instituto Nacional del Agua (INA) que prev\u00e9 que el pico de la creciente llegar\u00e1 en la capital entrerriana a 5,90 metros de profundidad a causa de las copiosas lluvias registradas en el sur del Brasil.<\/p>\n<p>El Servicio Meteorol\u00f3gico Nacional (SMN) lanz\u00f3 hoy un nuevo alerta por tormentas fuertes para el sur de Entre R\u00edos, centro y este de la provincia de Buenos Aires, sur de Santa Fe y Capital Federal.<\/p>\n<p>El organismo inform\u00f3 que &#8220;se han comenzado a desarrollar sobre el centro de la provincia de Buenos Aires \u00e1reas de lluvias y tormentas&#8221;.<\/p>\n<p>La ca\u00edda de agua, que luego se extender\u00e1 a la zona de Entre R\u00edos, Santa Fe y la Ciudad de Buenos Aires &#8220;podr\u00eda superar los 80 mil\u00edmetros&#8221;, preci\u00f3 el SMN.<\/p>\n<p><i>Formosa<\/i><br \/>FAA solicit\u00f3 la declaraci\u00f3n de emergencia para la ganader\u00eda y las producciones regionales<\/p>\n<p>Los directivos de la Filial Laguna Naineck de Federaci\u00f3n Agraria Argentina solicitaron esta semana, por nota presentada al gobierno de la provincia de Formosa, la declaraci\u00f3n de emergencia agropecuaria para los cultivos de banana, algod\u00f3n, ma\u00edz, mandioca, batata y hortalizas de esta zona y para el sector de la ganader\u00eda. Seg\u00fan informaron P\u00e1nfilo Ayala y Eliodoro Lezcano, autoridades de la filial, \u0093hay cuantiosos da\u00f1os por factores clim\u00e1ticos\u0094. Cabe recordar que los productores formose\u00f1os padecieron heladas tard\u00edas a fin del a\u00f1o 2013, luego sequ\u00edas y finalmente intensas lluvias en los \u00faltimos dos meses.<\/p>\n<p>En la presentaci\u00f3n realizada por FAA al Ministerio de la Producci\u00f3n de Formosa, se informa detalladamente la situaci\u00f3n de cada cultivo:<\/p>\n<p><i>Ganader\u00eda<\/i><br \/>P\u00e9rdida de pasturas invernales. Los desbordes en los esteros y lagunas causan anegamientos en los campos, y dificultan la posibilidad de alimentar a los animales. Posible mortandad de terneros.<\/p>\n<p>Fuente: Agrositio, 12 de junio.<br \/><\/p>","protected":false},"excerpt":{"rendered":"<p>Casi la mitad del ganado que pasta en las islas, en la zona situada entre las ciudades de Victoria y Rosario, ya fue retirado a sitios m\u00e1s altos para evitar los inconvenientes que provocar\u00e1 la creciente extraordinaria que experimenta el r\u00edo Paran\u00e1. Se calcula que hay m\u00e1s de 3 millones en ganado vacuno en peligro por la crecida del r\u00edo Iguaz\u00fa y del Paran\u00e1. Esto hizo que productores de Santa Fe, Entre R\u00edos y Buenos Aires, hicieran consultas a distintos feedlots para llevar a sus animales. Voceros de la Federaci\u00f3n Agraria Argentina (FAA) confirmaron que en las islas del predelta de Entre R\u00edos pastan 88.000 cabezas, de las que ya se retiraron alrededor de 40.000. En la ciudad de Victoria, 110 kil\u00f3metros aguas abajo de la capital entrerriana, se conform\u00f3 un comit\u00e9 de crisis que estableci\u00f3 como prioridad el retiro de los animales de la zona de islas y la asistencia a los pobladores ribere\u00f1os. Seg\u00fan inform\u00f3 la agencia de noticias estatal, Telam, en la regi\u00f3n del predelta hay una poblaci\u00f3n isle\u00f1a de alrededor de 1.000 personas, acostumbrados a las c\u00edclicas creciente del r\u00edo, que ya comenzaron a evacuar sus viviendas asistidos por la municipalidad de Victoria. El secretario de [&hellip;]<\/p>\n","protected":false},"author":2,"featured_media":2661,"comment_status":"closed","ping_status":"open","sticky":false,"template":"","format":"standard","meta":{"_acf_changed":false,"footnotes":""},"categories":[56],"tags":[],"class_list":["post-6174","post","type-post","status-publish","format-standard","has-post-thumbnail","hentry","category-infoganadero"],"acf":[],"yoast_head":"<!-- This site is optimized with the Yoast SEO plugin v27.4 - https:\/\/yoast.com\/product\/yoast-seo-wordpress\/ -->\n<title>Por la crecida de r\u00edos y las lluvias, est\u00e1n evacuando ganado de las islas del predelta entrerriano. | Proagro<\/title>\n<meta name=\"robots\" content=\"index, follow, max-snippet:-1, max-image-preview:large, max-video-preview:-1\" \/>\n<link rel=\"canonical\" href=\"https:\/\/proagrolab.com.ar\/en\/por-la-crecida-de-rios-y-las-lluvias-estan-evacuando-ganado-de-las-islas-del-predelta-entrerriano\/\" \/>\n<meta property=\"og:locale\" content=\"en_US\" \/>\n<meta property=\"og:type\" content=\"article\" \/>\n<meta property=\"og:title\" content=\"Por la crecida de r\u00edos y las lluvias, est\u00e1n evacuando ganado de las islas del predelta entrerriano. | Proagro\" \/>\n<meta property=\"og:description\" content=\"Casi la mitad del ganado que pasta en las islas, en la zona situada entre las ciudades de Victoria y Rosario, ya fue retirado a sitios m\u00e1s altos para evitar los inconvenientes que provocar\u00e1 la creciente extraordinaria que experimenta el r\u00edo Paran\u00e1. Se calcula que hay m\u00e1s de 3 millones en ganado vacuno en peligro por la crecida del r\u00edo Iguaz\u00fa y del Paran\u00e1. Esto hizo que productores de Santa Fe, Entre R\u00edos y Buenos Aires, hicieran consultas a distintos feedlots para llevar a sus animales. Voceros de la Federaci\u00f3n Agraria Argentina (FAA) confirmaron que en las islas del predelta de Entre R\u00edos pastan 88.000 cabezas, de las que ya se retiraron alrededor de 40.000. En la ciudad de Victoria, 110 kil\u00f3metros aguas abajo de la capital entrerriana, se conform\u00f3 un comit\u00e9 de crisis que estableci\u00f3 como prioridad el retiro de los animales de la zona de islas y la asistencia a los pobladores ribere\u00f1os. Seg\u00fan inform\u00f3 la agencia de noticias estatal, Telam, en la regi\u00f3n del predelta hay una poblaci\u00f3n isle\u00f1a de alrededor de 1.000 personas, acostumbrados a las c\u00edclicas creciente del r\u00edo, que ya comenzaron a evacuar sus viviendas asistidos por la municipalidad de Victoria. El secretario de [&hellip;]\" \/>\n<meta property=\"og:url\" content=\"https:\/\/proagrolab.com.ar\/por-la-crecida-de-rios-y-las-lluvias-estan-evacuando-ganado-de-las-islas-del-predelta-entrerriano\/\" \/>\n<meta property=\"og:site_name\" content=\"Proagro\" \/>\n<meta property=\"article:publisher\" content=\"http:\/\/www.facebook.com\/proagrolab\" \/>\n<meta property=\"article:published_time\" content=\"2014-06-13T00:00:01+00:00\" \/>\n<meta property=\"article:modified_time\" content=\"2020-07-01T19:22:42+00:00\" \/>\n<meta property=\"og:image\" content=\"https:\/\/proagrolab.com.ar\/wp-content\/uploads\/2015\/01\/g_blxiuhv5c__Vacas-en-barcaza-2.jpg\" \/>\n\t<meta property=\"og:image:width\" content=\"450\" \/>\n\t<meta property=\"og:image:height\" content=\"208\" \/>\n\t<meta property=\"og:image:type\" content=\"image\/jpeg\" \/>\n<meta name=\"author\" content=\"proagrolab\" \/>\n<meta name=\"twitter:card\" content=\"summary_large_image\" \/>\n<meta name=\"twitter:label1\" content=\"Written by\" \/>\n\t<meta name=\"twitter:data1\" content=\"proagrolab\" \/>\n\t<meta name=\"twitter:label2\" content=\"Est. reading time\" \/>\n\t<meta name=\"twitter:data2\" content=\"4 minutes\" \/>\n<script type=\"application\/ld+json\" class=\"yoast-schema-graph\">{\"@context\":\"https:\\\/\\\/schema.org\",\"@graph\":[{\"@type\":\"Article\",\"@id\":\"https:\\\/\\\/proagrolab.com.ar\\\/por-la-crecida-de-rios-y-las-lluvias-estan-evacuando-ganado-de-las-islas-del-predelta-entrerriano\\\/#article\",\"isPartOf\":{\"@id\":\"https:\\\/\\\/proagrolab.com.ar\\\/por-la-crecida-de-rios-y-las-lluvias-estan-evacuando-ganado-de-las-islas-del-predelta-entrerriano\\\/\"},\"author\":{\"name\":\"proagrolab\",\"@id\":\"https:\\\/\\\/proagrolab.com.ar\\\/#\\\/schema\\\/person\\\/38003ff90bf80381f71c7d922d207444\"},\"headline\":\"Por la crecida de r\u00edos y las lluvias, est\u00e1n evacuando ganado de las islas del predelta entrerriano.\",\"datePublished\":\"2014-06-13T00:00:01+00:00\",\"dateModified\":\"2020-07-01T19:22:42+00:00\",\"mainEntityOfPage\":{\"@id\":\"https:\\\/\\\/proagrolab.com.ar\\\/por-la-crecida-de-rios-y-las-lluvias-estan-evacuando-ganado-de-las-islas-del-predelta-entrerriano\\\/\"},\"wordCount\":767,\"publisher\":{\"@id\":\"https:\\\/\\\/proagrolab.com.ar\\\/#organization\"},\"image\":{\"@id\":\"https:\\\/\\\/proagrolab.com.ar\\\/por-la-crecida-de-rios-y-las-lluvias-estan-evacuando-ganado-de-las-islas-del-predelta-entrerriano\\\/#primaryimage\"},\"thumbnailUrl\":\"https:\\\/\\\/proagrolab.com.ar\\\/wp-content\\\/uploads\\\/2015\\\/01\\\/g_blxiuhv5c__Vacas-en-barcaza-2.jpg\",\"articleSection\":[\"News\"],\"inLanguage\":\"en-US\"},{\"@type\":\"WebPage\",\"@id\":\"https:\\\/\\\/proagrolab.com.ar\\\/por-la-crecida-de-rios-y-las-lluvias-estan-evacuando-ganado-de-las-islas-del-predelta-entrerriano\\\/\",\"url\":\"https:\\\/\\\/proagrolab.com.ar\\\/por-la-crecida-de-rios-y-las-lluvias-estan-evacuando-ganado-de-las-islas-del-predelta-entrerriano\\\/\",\"name\":\"Por la crecida de r\u00edos y las lluvias, est\u00e1n evacuando ganado de las islas del predelta entrerriano. | Proagro\",\"isPartOf\":{\"@id\":\"https:\\\/\\\/proagrolab.com.ar\\\/#website\"},\"primaryImageOfPage\":{\"@id\":\"https:\\\/\\\/proagrolab.com.ar\\\/por-la-crecida-de-rios-y-las-lluvias-estan-evacuando-ganado-de-las-islas-del-predelta-entrerriano\\\/#primaryimage\"},\"image\":{\"@id\":\"https:\\\/\\\/proagrolab.com.ar\\\/por-la-crecida-de-rios-y-las-lluvias-estan-evacuando-ganado-de-las-islas-del-predelta-entrerriano\\\/#primaryimage\"},\"thumbnailUrl\":\"https:\\\/\\\/proagrolab.com.ar\\\/wp-content\\\/uploads\\\/2015\\\/01\\\/g_blxiuhv5c__Vacas-en-barcaza-2.jpg\",\"datePublished\":\"2014-06-13T00:00:01+00:00\",\"dateModified\":\"2020-07-01T19:22:42+00:00\",\"breadcrumb\":{\"@id\":\"https:\\\/\\\/proagrolab.com.ar\\\/por-la-crecida-de-rios-y-las-lluvias-estan-evacuando-ganado-de-las-islas-del-predelta-entrerriano\\\/#breadcrumb\"},\"inLanguage\":\"en-US\",\"potentialAction\":[{\"@type\":\"ReadAction\",\"target\":[\"https:\\\/\\\/proagrolab.com.ar\\\/por-la-crecida-de-rios-y-las-lluvias-estan-evacuando-ganado-de-las-islas-del-predelta-entrerriano\\\/\"]}]},{\"@type\":\"ImageObject\",\"inLanguage\":\"en-US\",\"@id\":\"https:\\\/\\\/proagrolab.com.ar\\\/por-la-crecida-de-rios-y-las-lluvias-estan-evacuando-ganado-de-las-islas-del-predelta-entrerriano\\\/#primaryimage\",\"url\":\"https:\\\/\\\/proagrolab.com.ar\\\/wp-content\\\/uploads\\\/2015\\\/01\\\/g_blxiuhv5c__Vacas-en-barcaza-2.jpg\",\"contentUrl\":\"https:\\\/\\\/proagrolab.com.ar\\\/wp-content\\\/uploads\\\/2015\\\/01\\\/g_blxiuhv5c__Vacas-en-barcaza-2.jpg\",\"width\":450,\"height\":208},{\"@type\":\"BreadcrumbList\",\"@id\":\"https:\\\/\\\/proagrolab.com.ar\\\/por-la-crecida-de-rios-y-las-lluvias-estan-evacuando-ganado-de-las-islas-del-predelta-entrerriano\\\/#breadcrumb\",\"itemListElement\":[{\"@type\":\"ListItem\",\"position\":1,\"name\":\"Portada\",\"item\":\"https:\\\/\\\/proagrolab.com.ar\\\/\"},{\"@type\":\"ListItem\",\"position\":2,\"name\":\"Por la crecida de r\u00edos y las lluvias, est\u00e1n evacuando ganado de las islas del predelta entrerriano.\"}]},{\"@type\":\"WebSite\",\"@id\":\"https:\\\/\\\/proagrolab.com.ar\\\/#website\",\"url\":\"https:\\\/\\\/proagrolab.com.ar\\\/\",\"name\":\"Proagro Laboratorio Veterinario\",\"description\":\"Veterinary laboratory\",\"publisher\":{\"@id\":\"https:\\\/\\\/proagrolab.com.ar\\\/#organization\"},\"potentialAction\":[{\"@type\":\"SearchAction\",\"target\":{\"@type\":\"EntryPoint\",\"urlTemplate\":\"https:\\\/\\\/proagrolab.com.ar\\\/?s={search_term_string}\"},\"query-input\":{\"@type\":\"PropertyValueSpecification\",\"valueRequired\":true,\"valueName\":\"search_term_string\"}}],\"inLanguage\":\"en-US\"},{\"@type\":\"Organization\",\"@id\":\"https:\\\/\\\/proagrolab.com.ar\\\/#organization\",\"name\":\"Proagro\",\"url\":\"https:\\\/\\\/proagrolab.com.ar\\\/\",\"logo\":{\"@type\":\"ImageObject\",\"inLanguage\":\"en-US\",\"@id\":\"https:\\\/\\\/proagrolab.com.ar\\\/#\\\/schema\\\/logo\\\/image\\\/\",\"url\":\"https:\\\/\\\/proagrolab.com.ar\\\/wp-content\\\/uploads\\\/2020\\\/04\\\/logo-retina.png\",\"contentUrl\":\"https:\\\/\\\/proagrolab.com.ar\\\/wp-content\\\/uploads\\\/2020\\\/04\\\/logo-retina.png\",\"width\":478,\"height\":120,\"caption\":\"Proagro\"},\"image\":{\"@id\":\"https:\\\/\\\/proagrolab.com.ar\\\/#\\\/schema\\\/logo\\\/image\\\/\"},\"sameAs\":[\"http:\\\/\\\/www.facebook.com\\\/proagrolab\",\"https:\\\/\\\/www.instagram.com\\\/proagrolab\\\/\",\"https:\\\/\\\/www.linkedin.com\\\/company\\\/laboratorio-proagro-s-a\\\/\"]},{\"@type\":\"Person\",\"@id\":\"https:\\\/\\\/proagrolab.com.ar\\\/#\\\/schema\\\/person\\\/38003ff90bf80381f71c7d922d207444\",\"name\":\"proagrolab\"}]}<\/script>\n<!-- \/ Yoast SEO plugin. -->","yoast_head_json":{"title":"Por la crecida de r\u00edos y las lluvias, est\u00e1n evacuando ganado de las islas del predelta entrerriano. | Proagro","robots":{"index":"index","follow":"follow","max-snippet":"max-snippet:-1","max-image-preview":"max-image-preview:large","max-video-preview":"max-video-preview:-1"},"canonical":"https:\/\/proagrolab.com.ar\/en\/por-la-crecida-de-rios-y-las-lluvias-estan-evacuando-ganado-de-las-islas-del-predelta-entrerriano\/","og_locale":"en_US","og_type":"article","og_title":"Por la crecida de r\u00edos y las lluvias, est\u00e1n evacuando ganado de las islas del predelta entrerriano. | Proagro","og_description":"Casi la mitad del ganado que pasta en las islas, en la zona situada entre las ciudades de Victoria y Rosario, ya fue retirado a sitios m\u00e1s altos para evitar los inconvenientes que provocar\u00e1 la creciente extraordinaria que experimenta el r\u00edo Paran\u00e1. Se calcula que hay m\u00e1s de 3 millones en ganado vacuno en peligro por la crecida del r\u00edo Iguaz\u00fa y del Paran\u00e1. Esto hizo que productores de Santa Fe, Entre R\u00edos y Buenos Aires, hicieran consultas a distintos feedlots para llevar a sus animales. Voceros de la Federaci\u00f3n Agraria Argentina (FAA) confirmaron que en las islas del predelta de Entre R\u00edos pastan 88.000 cabezas, de las que ya se retiraron alrededor de 40.000. En la ciudad de Victoria, 110 kil\u00f3metros aguas abajo de la capital entrerriana, se conform\u00f3 un comit\u00e9 de crisis que estableci\u00f3 como prioridad el retiro de los animales de la zona de islas y la asistencia a los pobladores ribere\u00f1os. Seg\u00fan inform\u00f3 la agencia de noticias estatal, Telam, en la regi\u00f3n del predelta hay una poblaci\u00f3n isle\u00f1a de alrededor de 1.000 personas, acostumbrados a las c\u00edclicas creciente del r\u00edo, que ya comenzaron a evacuar sus viviendas asistidos por la municipalidad de Victoria. El secretario de [&hellip;]","og_url":"https:\/\/proagrolab.com.ar\/por-la-crecida-de-rios-y-las-lluvias-estan-evacuando-ganado-de-las-islas-del-predelta-entrerriano\/","og_site_name":"Proagro","article_publisher":"http:\/\/www.facebook.com\/proagrolab","article_published_time":"2014-06-13T00:00:01+00:00","article_modified_time":"2020-07-01T19:22:42+00:00","og_image":[{"width":450,"height":208,"url":"https:\/\/proagrolab.com.ar\/wp-content\/uploads\/2015\/01\/g_blxiuhv5c__Vacas-en-barcaza-2.jpg","type":"image\/jpeg"}],"author":"proagrolab","twitter_card":"summary_large_image","twitter_misc":{"Written by":"proagrolab","Est. reading time":"4 minutes"},"schema":{"@context":"https:\/\/schema.org","@graph":[{"@type":"Article","@id":"https:\/\/proagrolab.com.ar\/por-la-crecida-de-rios-y-las-lluvias-estan-evacuando-ganado-de-las-islas-del-predelta-entrerriano\/#article","isPartOf":{"@id":"https:\/\/proagrolab.com.ar\/por-la-crecida-de-rios-y-las-lluvias-estan-evacuando-ganado-de-las-islas-del-predelta-entrerriano\/"},"author":{"name":"proagrolab","@id":"https:\/\/proagrolab.com.ar\/#\/schema\/person\/38003ff90bf80381f71c7d922d207444"},"headline":"Por la crecida de r\u00edos y las lluvias, est\u00e1n evacuando ganado de las islas del predelta entrerriano.","datePublished":"2014-06-13T00:00:01+00:00","dateModified":"2020-07-01T19:22:42+00:00","mainEntityOfPage":{"@id":"https:\/\/proagrolab.com.ar\/por-la-crecida-de-rios-y-las-lluvias-estan-evacuando-ganado-de-las-islas-del-predelta-entrerriano\/"},"wordCount":767,"publisher":{"@id":"https:\/\/proagrolab.com.ar\/#organization"},"image":{"@id":"https:\/\/proagrolab.com.ar\/por-la-crecida-de-rios-y-las-lluvias-estan-evacuando-ganado-de-las-islas-del-predelta-entrerriano\/#primaryimage"},"thumbnailUrl":"https:\/\/proagrolab.com.ar\/wp-content\/uploads\/2015\/01\/g_blxiuhv5c__Vacas-en-barcaza-2.jpg","articleSection":["News"],"inLanguage":"en-US"},{"@type":"WebPage","@id":"https:\/\/proagrolab.com.ar\/por-la-crecida-de-rios-y-las-lluvias-estan-evacuando-ganado-de-las-islas-del-predelta-entrerriano\/","url":"https:\/\/proagrolab.com.ar\/por-la-crecida-de-rios-y-las-lluvias-estan-evacuando-ganado-de-las-islas-del-predelta-entrerriano\/","name":"Por la crecida de r\u00edos y las lluvias, est\u00e1n evacuando ganado de las islas del predelta entrerriano. | Proagro","isPartOf":{"@id":"https:\/\/proagrolab.com.ar\/#website"},"primaryImageOfPage":{"@id":"https:\/\/proagrolab.com.ar\/por-la-crecida-de-rios-y-las-lluvias-estan-evacuando-ganado-de-las-islas-del-predelta-entrerriano\/#primaryimage"},"image":{"@id":"https:\/\/proagrolab.com.ar\/por-la-crecida-de-rios-y-las-lluvias-estan-evacuando-ganado-de-las-islas-del-predelta-entrerriano\/#primaryimage"},"thumbnailUrl":"https:\/\/proagrolab.com.ar\/wp-content\/uploads\/2015\/01\/g_blxiuhv5c__Vacas-en-barcaza-2.jpg","datePublished":"2014-06-13T00:00:01+00:00","dateModified":"2020-07-01T19:22:42+00:00","breadcrumb":{"@id":"https:\/\/proagrolab.com.ar\/por-la-crecida-de-rios-y-las-lluvias-estan-evacuando-ganado-de-las-islas-del-predelta-entrerriano\/#breadcrumb"},"inLanguage":"en-US","potentialAction":[{"@type":"ReadAction","target":["https:\/\/proagrolab.com.ar\/por-la-crecida-de-rios-y-las-lluvias-estan-evacuando-ganado-de-las-islas-del-predelta-entrerriano\/"]}]},{"@type":"ImageObject","inLanguage":"en-US","@id":"https:\/\/proagrolab.com.ar\/por-la-crecida-de-rios-y-las-lluvias-estan-evacuando-ganado-de-las-islas-del-predelta-entrerriano\/#primaryimage","url":"https:\/\/proagrolab.com.ar\/wp-content\/uploads\/2015\/01\/g_blxiuhv5c__Vacas-en-barcaza-2.jpg","contentUrl":"https:\/\/proagrolab.com.ar\/wp-content\/uploads\/2015\/01\/g_blxiuhv5c__Vacas-en-barcaza-2.jpg","width":450,"height":208},{"@type":"BreadcrumbList","@id":"https:\/\/proagrolab.com.ar\/por-la-crecida-de-rios-y-las-lluvias-estan-evacuando-ganado-de-las-islas-del-predelta-entrerriano\/#breadcrumb","itemListElement":[{"@type":"ListItem","position":1,"name":"Portada","item":"https:\/\/proagrolab.com.ar\/"},{"@type":"ListItem","position":2,"name":"Por la crecida de r\u00edos y las lluvias, est\u00e1n evacuando ganado de las islas del predelta entrerriano."}]},{"@type":"WebSite","@id":"https:\/\/proagrolab.com.ar\/#website","url":"https:\/\/proagrolab.com.ar\/","name":"Proagro Laboratorio Veterinario","description":"Veterinary laboratory","publisher":{"@id":"https:\/\/proagrolab.com.ar\/#organization"},"potentialAction":[{"@type":"SearchAction","target":{"@type":"EntryPoint","urlTemplate":"https:\/\/proagrolab.com.ar\/?s={search_term_string}"},"query-input":{"@type":"PropertyValueSpecification","valueRequired":true,"valueName":"search_term_string"}}],"inLanguage":"en-US"},{"@type":"Organization","@id":"https:\/\/proagrolab.com.ar\/#organization","name":"Proagro","url":"https:\/\/proagrolab.com.ar\/","logo":{"@type":"ImageObject","inLanguage":"en-US","@id":"https:\/\/proagrolab.com.ar\/#\/schema\/logo\/image\/","url":"https:\/\/proagrolab.com.ar\/wp-content\/uploads\/2020\/04\/logo-retina.png","contentUrl":"https:\/\/proagrolab.com.ar\/wp-content\/uploads\/2020\/04\/logo-retina.png","width":478,"height":120,"caption":"Proagro"},"image":{"@id":"https:\/\/proagrolab.com.ar\/#\/schema\/logo\/image\/"},"sameAs":["http:\/\/www.facebook.com\/proagrolab","https:\/\/www.instagram.com\/proagrolab\/","https:\/\/www.linkedin.com\/company\/laboratorio-proagro-s-a\/"]},{"@type":"Person","@id":"https:\/\/proagrolab.com.ar\/#\/schema\/person\/38003ff90bf80381f71c7d922d207444","name":"proagrolab"}]}},"_links":{"self":[{"href":"https:\/\/proagrolab.com.ar\/en\/wp-json\/wp\/v2\/posts\/6174","targetHints":{"allow":["GET"]}}],"collection":[{"href":"https:\/\/proagrolab.com.ar\/en\/wp-json\/wp\/v2\/posts"}],"about":[{"href":"https:\/\/proagrolab.com.ar\/en\/wp-json\/wp\/v2\/types\/post"}],"author":[{"embeddable":true,"href":"https:\/\/proagrolab.com.ar\/en\/wp-json\/wp\/v2\/users\/2"}],"replies":[{"embeddable":true,"href":"https:\/\/proagrolab.com.ar\/en\/wp-json\/wp\/v2\/comments?post=6174"}],"version-history":[{"count":1,"href":"https:\/\/proagrolab.com.ar\/en\/wp-json\/wp\/v2\/posts\/6174\/revisions"}],"predecessor-version":[{"id":14433,"href":"https:\/\/proagrolab.com.ar\/en\/wp-json\/wp\/v2\/posts\/6174\/revisions\/14433"}],"wp:featuredmedia":[{"embeddable":true,"href":"https:\/\/proagrolab.com.ar\/en\/wp-json\/wp\/v2\/media\/2661"}],"wp:attachment":[{"href":"https:\/\/proagrolab.com.ar\/en\/wp-json\/wp\/v2\/media?parent=6174"}],"wp:term":[{"taxonomy":"category","embeddable":true,"href":"https:\/\/proagrolab.com.ar\/en\/wp-json\/wp\/v2\/categories?post=6174"},{"taxonomy":"post_tag","embeddable":true,"href":"https:\/\/proagrolab.com.ar\/en\/wp-json\/wp\/v2\/tags?post=6174"}],"curies":[{"name":"wp","href":"https:\/\/api.w.org\/{rel}","templated":true}]}}