{"id":6172,"date":"2014-06-13T00:00:01","date_gmt":"2014-06-13T00:00:01","guid":{"rendered":"https:\/\/proagrolab.com.ar\/subasta-especial-por-el-75o-aniversario-de-colombo-y-magliano\/"},"modified":"2020-07-01T19:22:54","modified_gmt":"2020-07-01T19:22:54","slug":"subasta-especial-por-el-75o-aniversario-de-colombo-y-magliano","status":"publish","type":"post","link":"https:\/\/proagrolab.com.ar\/en\/subasta-especial-por-el-75o-aniversario-de-colombo-y-magliano\/","title":{"rendered":"Subasta especial por el 75\u00ba aniversario de Colombo y Magliano."},"content":{"rendered":"<p class=\"qtranxs-available-languages-message qtranxs-available-languages-message-en\"> <\/p><p>Se alcanzaron valores destacados, como los $ 20,25 por terneros.<\/p>\n<p>Por Esteban D\u00b4Apice.<\/p>\n<p>Con una nutrida asistencia de productores y de sus representantes comerciales en las diferentes zonas ganaderas del pa\u00eds, la firma Colombo y Magliano SA efectu\u00f3 ayer un remate especial en el Mercado de Liniers para celebrar el 75\u00ba aniversario de su gesti\u00f3n como consignataria de haciendas.<\/p>\n<p>Las remisiones, procedentes de ocho provincias, sumaron un total de 2510 cabezas e incluyeron &#8220;jaulas&#8221; procedentes de establecimientos que hacen engorde a corral (feedlot) que, como es habitual en el recinto, obtuvieron los valores m\u00e1s favorables. Intervinieron en los negocios los frigor\u00edficos consumeros, los usuarios de distintas plantas de faena y la empresa Coto, que adquiri\u00f3 250 animales.<\/p>\n<p>Por la t\u00f3nica de firmeza impuesta en la subasta, se marcaron cotizaciones superiores a las del mi\u00e9rcoles. Entre ellas, los siguientes: en terneros, $ 20,25 con 303 kg; $ 19,80 con 311 kg, y $ 19,75 con 292 kg; en terneras, $ 18,90 con 303 kg; en novillitos, $ 19,10 con 364 kg; $ 18,82 con 386 kg, y $ 18,60 con 418 y 424 kg; en vaquillonas, $ 17,50 con 355 y con 362 kg; $ 16,80 con 372 kg; $ 16,50 con 391 kg, y $ 15,75 con 402 kg; en novillos,$ 17,60 con 442 kg; $ 17,55 con 449 kg; $ 17,30 con 460 y con 464 kg, y $ 16,75 con 478 kg, y en vacas, $ 16,55 con 445 kg.<\/p>\n<p>La entrada se complet\u00f3 con 40 y con 69 cabezas para las consignatarias Daniel Blanco y C\u00eda. SA y Monasterio Tattersall SA, respectivamente. El \u00cdndice General de Mercado de Liniers SA fue de $ 15,667, mientras que el peso promedio general de los 2553 vacunos negociados result\u00f3 de 376 kilos. Detalle de venta: novillos 232; novillitos 363; vaquillonas 239; vacas 244; conservas 111; terneros 1276, y toros 88. Base 12 cabezas. Quedaron 64 animales sin ser vendidos.<br \/><i><br \/>Colombo y Magliano SA: <\/i><br \/>(2486) Adm. Duhau n. 32, 463 kg a $ 17,30; 24, 449 a 17,55; Agronor JC n. 39, 438 a 16,70; Agrop. El Oeste t. 21, 300 a 18,75; v. 14, 519 a 11,50; Agrop. Las Martinetas nt. 34, 386 a 18,82; t. 13, 311 a 18,25; 26, 337 a 19,05; Agrop. Tricol vq. 17, 378 a 16,65; Agrop. Indio Muerto t. 20, 330 a 18,10; 17, 341 a 19; Alfonso t. 13, 349 a 18,60; Alim. Balanceados Pig\u00fc\u00e9 t. 12, 324 a 18,35; 20, 347 a 19; vq. 13, 353 a 17,50; Amma nt. 14, 356 a 19; t. 16, 308 a 19,20; 20, 331 a 19,40; Aries t. 13, 348 a 16,50; Bandini n. 18, 446 a 16,50; 19, 448 a 17; Barbieri t. 20, 336 a 19; 19, 343 a 19,20; Bravo t. 17, 302 a 17,95; 12, 313 a 18,35; Campo Grande n. 16, 433 a 17,40; Capecce t. 19, 346 a 18,70; Castellani v. 21, 451 a 8,45; Cauda y Echave nt. 35, 371 a 18,75; Chacras del R\u00edo Areco t. 15, 334 a 17,65; 19, 336 a 18,25; Cimero nt. 15, 399 a 17,90; Clovis Argentina t. 14, 341 a 19,20; 15, 316 a 19,70; 21, 311 a 19,80; 15, 303 a 20,25; Coito nt. 14, 424 a 18,60; t. 32, 325 a 17,70; Conchillo t. 12, 300 a 17,26; 26, 316 a 19; Diez v. 16, 408 a 8,90; Domizi t. 46, 302 a 17,32; 15, 294 a 19,15; Don Benjam\u00edn v. 12, 528 a 8,40; Bathis t. 20, 326 a 18,55; 25, 341 a 19,22; El Recado t. 18, 342 a 17,75; 17, 301 a 17,98; 16, 316 a 19,50; Agrop. Los Pamperos nt. 29, 364 a 19,10; t. 16, 329 a 19,20; San Antonio t. 14, 312 a 18,35; 13, 302 a 18,75; 15, 303 a 18,90; Est. La Magdalena tr. 15, 663 a 8,75; t. 17, 301 a 17,75; Est. Don Pastor nt. 19, 418 a 18,60; t. 15, 343 a 17,70; Etulain v. 14, 386 a 5,10; Agrop. 13 de Abril nt. 15, 409 a 17,30; vq. 13, 372 a 16,80; Ganadero Cr\u00eda t. 12, 300 a 17,37; 18, 290 a 19; 15, 274 a 19,30; Gaccio v. 13, 545 a 11,30; vq. 12, 402 a 15,75; Ganadera Cabur\u00e9 t. 15, 346 a 17,50; Golpe de Agua t. 22, 305 a 19,30; Werthein tr. 12, 655 a 13,90; v. 14, 459 a 8,50; Guarda Pampa t. 21, 349 a 18; vq. 13, 374 a 15,50; Inda v. 19, 536 a 11,50; La Estelita t. 13, 319 a 18; 15, 300 a 18,50; Los L\u00f3pez t. 17, 301 a 17,82; Mazzon t. 14, 301 a 17,87; 12, 302 a 17,95; 13, 311 a 18,25; 14, 300 a 18,26; 41, 313 a 19; 12, 303 a 19,50; Montero nt. 29, 366 a 19; t. 23, 307 a 18; Neuman t. 23, 300 a 17,14; OSD Agropecuaria t. 23, 301 a 17,50; 12, 297 a 19,40; 15, 292 a 19,75; P\u00e9rez t. 18, 300 a 15,11; 23, 300 a 17,29; Piray Mini tr. 30, 545 a 14,50; Pita n. 26, 479 a 16,75; Rinc\u00f3n del Cha\u00f1ar nt. 36, 416 a 16,70; 40, 393 a 17,95; Romagnoli nt. 12, 427 a 17,80; 23, 357 a 18,90; San Jos\u00e9 de Yatasto v. 20, 454 a 11; Sanda v. 13, 429 a 9; 12, 393 a 9,60; Tozzi n. 18, 452 a 17; 17, 439 a 17,50; Valiente v. 28, 420 a 10. <\/p>\n<p>Monasterio Tattersall SA: (69) Brunso v. 45, 349 a 5,20. <\/p>\n<p>Otras consignaciones: Blanco Daniel y C\u00eda. SA (40).<\/p>\n<p>Fuente: La Naci\u00f3n, 13 de junio.<br \/><\/p>","protected":false},"excerpt":{"rendered":"<p>Se alcanzaron valores destacados, como los $ 20,25 por terneros. Por Esteban D\u00b4Apice. Con una nutrida asistencia de productores y de sus representantes comerciales en las diferentes zonas ganaderas del pa\u00eds, la firma Colombo y Magliano SA efectu\u00f3 ayer un remate especial en el Mercado de Liniers para celebrar el 75\u00ba aniversario de su gesti\u00f3n como consignataria de haciendas. Las remisiones, procedentes de ocho provincias, sumaron un total de 2510 cabezas e incluyeron &#8220;jaulas&#8221; procedentes de establecimientos que hacen engorde a corral (feedlot) que, como es habitual en el recinto, obtuvieron los valores m\u00e1s favorables. Intervinieron en los negocios los frigor\u00edficos consumeros, los usuarios de distintas plantas de faena y la empresa Coto, que adquiri\u00f3 250 animales. Por la t\u00f3nica de firmeza impuesta en la subasta, se marcaron cotizaciones superiores a las del mi\u00e9rcoles. Entre ellas, los siguientes: en terneros, $ 20,25 con 303 kg; $ 19,80 con 311 kg, y $ 19,75 con 292 kg; en terneras, $ 18,90 con 303 kg; en novillitos, $ 19,10 con 364 kg; $ 18,82 con 386 kg, y $ 18,60 con 418 y 424 kg; en vaquillonas, $ 17,50 con 355 y con 362 kg; $ 16,80 con 372 kg; $ 16,50 [&hellip;]<\/p>\n","protected":false},"author":2,"featured_media":2659,"comment_status":"closed","ping_status":"open","sticky":false,"template":"","format":"standard","meta":{"_acf_changed":false,"footnotes":""},"categories":[56],"tags":[],"class_list":["post-6172","post","type-post","status-publish","format-standard","has-post-thumbnail","hentry","category-infoganadero"],"acf":[],"yoast_head":"<!-- This site is optimized with the Yoast SEO plugin v27.4 - https:\/\/yoast.com\/product\/yoast-seo-wordpress\/ -->\n<title>Subasta especial por el 75\u00ba aniversario de Colombo y Magliano. | Proagro<\/title>\n<meta name=\"robots\" content=\"index, follow, max-snippet:-1, max-image-preview:large, max-video-preview:-1\" \/>\n<link rel=\"canonical\" href=\"https:\/\/proagrolab.com.ar\/en\/subasta-especial-por-el-75o-aniversario-de-colombo-y-magliano\/\" \/>\n<meta property=\"og:locale\" content=\"en_US\" \/>\n<meta property=\"og:type\" content=\"article\" \/>\n<meta property=\"og:title\" content=\"Subasta especial por el 75\u00ba aniversario de Colombo y Magliano. | Proagro\" \/>\n<meta property=\"og:description\" content=\"Se alcanzaron valores destacados, como los $ 20,25 por terneros. Por Esteban D\u00b4Apice. Con una nutrida asistencia de productores y de sus representantes comerciales en las diferentes zonas ganaderas del pa\u00eds, la firma Colombo y Magliano SA efectu\u00f3 ayer un remate especial en el Mercado de Liniers para celebrar el 75\u00ba aniversario de su gesti\u00f3n como consignataria de haciendas. Las remisiones, procedentes de ocho provincias, sumaron un total de 2510 cabezas e incluyeron &#8220;jaulas&#8221; procedentes de establecimientos que hacen engorde a corral (feedlot) que, como es habitual en el recinto, obtuvieron los valores m\u00e1s favorables. Intervinieron en los negocios los frigor\u00edficos consumeros, los usuarios de distintas plantas de faena y la empresa Coto, que adquiri\u00f3 250 animales. Por la t\u00f3nica de firmeza impuesta en la subasta, se marcaron cotizaciones superiores a las del mi\u00e9rcoles. Entre ellas, los siguientes: en terneros, $ 20,25 con 303 kg; $ 19,80 con 311 kg, y $ 19,75 con 292 kg; en terneras, $ 18,90 con 303 kg; en novillitos, $ 19,10 con 364 kg; $ 18,82 con 386 kg, y $ 18,60 con 418 y 424 kg; en vaquillonas, $ 17,50 con 355 y con 362 kg; $ 16,80 con 372 kg; $ 16,50 [&hellip;]\" \/>\n<meta property=\"og:url\" content=\"https:\/\/proagrolab.com.ar\/subasta-especial-por-el-75o-aniversario-de-colombo-y-magliano\/\" \/>\n<meta property=\"og:site_name\" content=\"Proagro\" \/>\n<meta property=\"article:publisher\" content=\"http:\/\/www.facebook.com\/proagrolab\" \/>\n<meta property=\"article:published_time\" content=\"2014-06-13T00:00:01+00:00\" \/>\n<meta property=\"article:modified_time\" content=\"2020-07-01T19:22:54+00:00\" \/>\n<meta property=\"og:image\" content=\"https:\/\/proagrolab.com.ar\/wp-content\/uploads\/2015\/01\/g_panaokjqs__Mercado-de-Liniers-5.jpg\" \/>\n\t<meta property=\"og:image:width\" content=\"450\" \/>\n\t<meta property=\"og:image:height\" content=\"208\" \/>\n\t<meta property=\"og:image:type\" content=\"image\/jpeg\" \/>\n<meta name=\"author\" content=\"proagrolab\" \/>\n<meta name=\"twitter:card\" content=\"summary_large_image\" \/>\n<meta name=\"twitter:label1\" content=\"Written by\" \/>\n\t<meta name=\"twitter:data1\" content=\"proagrolab\" \/>\n\t<meta name=\"twitter:label2\" content=\"Est. reading time\" \/>\n\t<meta name=\"twitter:data2\" content=\"3 minutes\" \/>\n<script type=\"application\/ld+json\" class=\"yoast-schema-graph\">{\"@context\":\"https:\\\/\\\/schema.org\",\"@graph\":[{\"@type\":\"Article\",\"@id\":\"https:\\\/\\\/proagrolab.com.ar\\\/subasta-especial-por-el-75o-aniversario-de-colombo-y-magliano\\\/#article\",\"isPartOf\":{\"@id\":\"https:\\\/\\\/proagrolab.com.ar\\\/subasta-especial-por-el-75o-aniversario-de-colombo-y-magliano\\\/\"},\"author\":{\"name\":\"proagrolab\",\"@id\":\"https:\\\/\\\/proagrolab.com.ar\\\/#\\\/schema\\\/person\\\/38003ff90bf80381f71c7d922d207444\"},\"headline\":\"Subasta especial por el 75\u00ba aniversario de Colombo y Magliano.\",\"datePublished\":\"2014-06-13T00:00:01+00:00\",\"dateModified\":\"2020-07-01T19:22:54+00:00\",\"mainEntityOfPage\":{\"@id\":\"https:\\\/\\\/proagrolab.com.ar\\\/subasta-especial-por-el-75o-aniversario-de-colombo-y-magliano\\\/\"},\"wordCount\":566,\"publisher\":{\"@id\":\"https:\\\/\\\/proagrolab.com.ar\\\/#organization\"},\"image\":{\"@id\":\"https:\\\/\\\/proagrolab.com.ar\\\/subasta-especial-por-el-75o-aniversario-de-colombo-y-magliano\\\/#primaryimage\"},\"thumbnailUrl\":\"https:\\\/\\\/proagrolab.com.ar\\\/wp-content\\\/uploads\\\/2015\\\/01\\\/g_panaokjqs__Mercado-de-Liniers-5.jpg\",\"articleSection\":[\"News\"],\"inLanguage\":\"en-US\"},{\"@type\":\"WebPage\",\"@id\":\"https:\\\/\\\/proagrolab.com.ar\\\/subasta-especial-por-el-75o-aniversario-de-colombo-y-magliano\\\/\",\"url\":\"https:\\\/\\\/proagrolab.com.ar\\\/subasta-especial-por-el-75o-aniversario-de-colombo-y-magliano\\\/\",\"name\":\"Subasta especial por el 75\u00ba aniversario de Colombo y Magliano. | Proagro\",\"isPartOf\":{\"@id\":\"https:\\\/\\\/proagrolab.com.ar\\\/#website\"},\"primaryImageOfPage\":{\"@id\":\"https:\\\/\\\/proagrolab.com.ar\\\/subasta-especial-por-el-75o-aniversario-de-colombo-y-magliano\\\/#primaryimage\"},\"image\":{\"@id\":\"https:\\\/\\\/proagrolab.com.ar\\\/subasta-especial-por-el-75o-aniversario-de-colombo-y-magliano\\\/#primaryimage\"},\"thumbnailUrl\":\"https:\\\/\\\/proagrolab.com.ar\\\/wp-content\\\/uploads\\\/2015\\\/01\\\/g_panaokjqs__Mercado-de-Liniers-5.jpg\",\"datePublished\":\"2014-06-13T00:00:01+00:00\",\"dateModified\":\"2020-07-01T19:22:54+00:00\",\"breadcrumb\":{\"@id\":\"https:\\\/\\\/proagrolab.com.ar\\\/subasta-especial-por-el-75o-aniversario-de-colombo-y-magliano\\\/#breadcrumb\"},\"inLanguage\":\"en-US\",\"potentialAction\":[{\"@type\":\"ReadAction\",\"target\":[\"https:\\\/\\\/proagrolab.com.ar\\\/subasta-especial-por-el-75o-aniversario-de-colombo-y-magliano\\\/\"]}]},{\"@type\":\"ImageObject\",\"inLanguage\":\"en-US\",\"@id\":\"https:\\\/\\\/proagrolab.com.ar\\\/subasta-especial-por-el-75o-aniversario-de-colombo-y-magliano\\\/#primaryimage\",\"url\":\"https:\\\/\\\/proagrolab.com.ar\\\/wp-content\\\/uploads\\\/2015\\\/01\\\/g_panaokjqs__Mercado-de-Liniers-5.jpg\",\"contentUrl\":\"https:\\\/\\\/proagrolab.com.ar\\\/wp-content\\\/uploads\\\/2015\\\/01\\\/g_panaokjqs__Mercado-de-Liniers-5.jpg\",\"width\":450,\"height\":208},{\"@type\":\"BreadcrumbList\",\"@id\":\"https:\\\/\\\/proagrolab.com.ar\\\/subasta-especial-por-el-75o-aniversario-de-colombo-y-magliano\\\/#breadcrumb\",\"itemListElement\":[{\"@type\":\"ListItem\",\"position\":1,\"name\":\"Portada\",\"item\":\"https:\\\/\\\/proagrolab.com.ar\\\/\"},{\"@type\":\"ListItem\",\"position\":2,\"name\":\"Subasta especial por el 75\u00ba aniversario de Colombo y Magliano.\"}]},{\"@type\":\"WebSite\",\"@id\":\"https:\\\/\\\/proagrolab.com.ar\\\/#website\",\"url\":\"https:\\\/\\\/proagrolab.com.ar\\\/\",\"name\":\"Proagro Laboratorio Veterinario\",\"description\":\"Veterinary laboratory\",\"publisher\":{\"@id\":\"https:\\\/\\\/proagrolab.com.ar\\\/#organization\"},\"potentialAction\":[{\"@type\":\"SearchAction\",\"target\":{\"@type\":\"EntryPoint\",\"urlTemplate\":\"https:\\\/\\\/proagrolab.com.ar\\\/?s={search_term_string}\"},\"query-input\":{\"@type\":\"PropertyValueSpecification\",\"valueRequired\":true,\"valueName\":\"search_term_string\"}}],\"inLanguage\":\"en-US\"},{\"@type\":\"Organization\",\"@id\":\"https:\\\/\\\/proagrolab.com.ar\\\/#organization\",\"name\":\"Proagro\",\"url\":\"https:\\\/\\\/proagrolab.com.ar\\\/\",\"logo\":{\"@type\":\"ImageObject\",\"inLanguage\":\"en-US\",\"@id\":\"https:\\\/\\\/proagrolab.com.ar\\\/#\\\/schema\\\/logo\\\/image\\\/\",\"url\":\"https:\\\/\\\/proagrolab.com.ar\\\/wp-content\\\/uploads\\\/2020\\\/04\\\/logo-retina.png\",\"contentUrl\":\"https:\\\/\\\/proagrolab.com.ar\\\/wp-content\\\/uploads\\\/2020\\\/04\\\/logo-retina.png\",\"width\":478,\"height\":120,\"caption\":\"Proagro\"},\"image\":{\"@id\":\"https:\\\/\\\/proagrolab.com.ar\\\/#\\\/schema\\\/logo\\\/image\\\/\"},\"sameAs\":[\"http:\\\/\\\/www.facebook.com\\\/proagrolab\",\"https:\\\/\\\/www.instagram.com\\\/proagrolab\\\/\",\"https:\\\/\\\/www.linkedin.com\\\/company\\\/laboratorio-proagro-s-a\\\/\"]},{\"@type\":\"Person\",\"@id\":\"https:\\\/\\\/proagrolab.com.ar\\\/#\\\/schema\\\/person\\\/38003ff90bf80381f71c7d922d207444\",\"name\":\"proagrolab\"}]}<\/script>\n<!-- \/ Yoast SEO plugin. -->","yoast_head_json":{"title":"Subasta especial por el 75\u00ba aniversario de Colombo y Magliano. | Proagro","robots":{"index":"index","follow":"follow","max-snippet":"max-snippet:-1","max-image-preview":"max-image-preview:large","max-video-preview":"max-video-preview:-1"},"canonical":"https:\/\/proagrolab.com.ar\/en\/subasta-especial-por-el-75o-aniversario-de-colombo-y-magliano\/","og_locale":"en_US","og_type":"article","og_title":"Subasta especial por el 75\u00ba aniversario de Colombo y Magliano. | Proagro","og_description":"Se alcanzaron valores destacados, como los $ 20,25 por terneros. Por Esteban D\u00b4Apice. Con una nutrida asistencia de productores y de sus representantes comerciales en las diferentes zonas ganaderas del pa\u00eds, la firma Colombo y Magliano SA efectu\u00f3 ayer un remate especial en el Mercado de Liniers para celebrar el 75\u00ba aniversario de su gesti\u00f3n como consignataria de haciendas. Las remisiones, procedentes de ocho provincias, sumaron un total de 2510 cabezas e incluyeron &#8220;jaulas&#8221; procedentes de establecimientos que hacen engorde a corral (feedlot) que, como es habitual en el recinto, obtuvieron los valores m\u00e1s favorables. Intervinieron en los negocios los frigor\u00edficos consumeros, los usuarios de distintas plantas de faena y la empresa Coto, que adquiri\u00f3 250 animales. Por la t\u00f3nica de firmeza impuesta en la subasta, se marcaron cotizaciones superiores a las del mi\u00e9rcoles. Entre ellas, los siguientes: en terneros, $ 20,25 con 303 kg; $ 19,80 con 311 kg, y $ 19,75 con 292 kg; en terneras, $ 18,90 con 303 kg; en novillitos, $ 19,10 con 364 kg; $ 18,82 con 386 kg, y $ 18,60 con 418 y 424 kg; en vaquillonas, $ 17,50 con 355 y con 362 kg; $ 16,80 con 372 kg; $ 16,50 [&hellip;]","og_url":"https:\/\/proagrolab.com.ar\/subasta-especial-por-el-75o-aniversario-de-colombo-y-magliano\/","og_site_name":"Proagro","article_publisher":"http:\/\/www.facebook.com\/proagrolab","article_published_time":"2014-06-13T00:00:01+00:00","article_modified_time":"2020-07-01T19:22:54+00:00","og_image":[{"width":450,"height":208,"url":"https:\/\/proagrolab.com.ar\/wp-content\/uploads\/2015\/01\/g_panaokjqs__Mercado-de-Liniers-5.jpg","type":"image\/jpeg"}],"author":"proagrolab","twitter_card":"summary_large_image","twitter_misc":{"Written by":"proagrolab","Est. reading time":"3 minutes"},"schema":{"@context":"https:\/\/schema.org","@graph":[{"@type":"Article","@id":"https:\/\/proagrolab.com.ar\/subasta-especial-por-el-75o-aniversario-de-colombo-y-magliano\/#article","isPartOf":{"@id":"https:\/\/proagrolab.com.ar\/subasta-especial-por-el-75o-aniversario-de-colombo-y-magliano\/"},"author":{"name":"proagrolab","@id":"https:\/\/proagrolab.com.ar\/#\/schema\/person\/38003ff90bf80381f71c7d922d207444"},"headline":"Subasta especial por el 75\u00ba aniversario de Colombo y Magliano.","datePublished":"2014-06-13T00:00:01+00:00","dateModified":"2020-07-01T19:22:54+00:00","mainEntityOfPage":{"@id":"https:\/\/proagrolab.com.ar\/subasta-especial-por-el-75o-aniversario-de-colombo-y-magliano\/"},"wordCount":566,"publisher":{"@id":"https:\/\/proagrolab.com.ar\/#organization"},"image":{"@id":"https:\/\/proagrolab.com.ar\/subasta-especial-por-el-75o-aniversario-de-colombo-y-magliano\/#primaryimage"},"thumbnailUrl":"https:\/\/proagrolab.com.ar\/wp-content\/uploads\/2015\/01\/g_panaokjqs__Mercado-de-Liniers-5.jpg","articleSection":["News"],"inLanguage":"en-US"},{"@type":"WebPage","@id":"https:\/\/proagrolab.com.ar\/subasta-especial-por-el-75o-aniversario-de-colombo-y-magliano\/","url":"https:\/\/proagrolab.com.ar\/subasta-especial-por-el-75o-aniversario-de-colombo-y-magliano\/","name":"Subasta especial por el 75\u00ba aniversario de Colombo y Magliano. | Proagro","isPartOf":{"@id":"https:\/\/proagrolab.com.ar\/#website"},"primaryImageOfPage":{"@id":"https:\/\/proagrolab.com.ar\/subasta-especial-por-el-75o-aniversario-de-colombo-y-magliano\/#primaryimage"},"image":{"@id":"https:\/\/proagrolab.com.ar\/subasta-especial-por-el-75o-aniversario-de-colombo-y-magliano\/#primaryimage"},"thumbnailUrl":"https:\/\/proagrolab.com.ar\/wp-content\/uploads\/2015\/01\/g_panaokjqs__Mercado-de-Liniers-5.jpg","datePublished":"2014-06-13T00:00:01+00:00","dateModified":"2020-07-01T19:22:54+00:00","breadcrumb":{"@id":"https:\/\/proagrolab.com.ar\/subasta-especial-por-el-75o-aniversario-de-colombo-y-magliano\/#breadcrumb"},"inLanguage":"en-US","potentialAction":[{"@type":"ReadAction","target":["https:\/\/proagrolab.com.ar\/subasta-especial-por-el-75o-aniversario-de-colombo-y-magliano\/"]}]},{"@type":"ImageObject","inLanguage":"en-US","@id":"https:\/\/proagrolab.com.ar\/subasta-especial-por-el-75o-aniversario-de-colombo-y-magliano\/#primaryimage","url":"https:\/\/proagrolab.com.ar\/wp-content\/uploads\/2015\/01\/g_panaokjqs__Mercado-de-Liniers-5.jpg","contentUrl":"https:\/\/proagrolab.com.ar\/wp-content\/uploads\/2015\/01\/g_panaokjqs__Mercado-de-Liniers-5.jpg","width":450,"height":208},{"@type":"BreadcrumbList","@id":"https:\/\/proagrolab.com.ar\/subasta-especial-por-el-75o-aniversario-de-colombo-y-magliano\/#breadcrumb","itemListElement":[{"@type":"ListItem","position":1,"name":"Portada","item":"https:\/\/proagrolab.com.ar\/"},{"@type":"ListItem","position":2,"name":"Subasta especial por el 75\u00ba aniversario de Colombo y Magliano."}]},{"@type":"WebSite","@id":"https:\/\/proagrolab.com.ar\/#website","url":"https:\/\/proagrolab.com.ar\/","name":"Proagro Laboratorio Veterinario","description":"Veterinary laboratory","publisher":{"@id":"https:\/\/proagrolab.com.ar\/#organization"},"potentialAction":[{"@type":"SearchAction","target":{"@type":"EntryPoint","urlTemplate":"https:\/\/proagrolab.com.ar\/?s={search_term_string}"},"query-input":{"@type":"PropertyValueSpecification","valueRequired":true,"valueName":"search_term_string"}}],"inLanguage":"en-US"},{"@type":"Organization","@id":"https:\/\/proagrolab.com.ar\/#organization","name":"Proagro","url":"https:\/\/proagrolab.com.ar\/","logo":{"@type":"ImageObject","inLanguage":"en-US","@id":"https:\/\/proagrolab.com.ar\/#\/schema\/logo\/image\/","url":"https:\/\/proagrolab.com.ar\/wp-content\/uploads\/2020\/04\/logo-retina.png","contentUrl":"https:\/\/proagrolab.com.ar\/wp-content\/uploads\/2020\/04\/logo-retina.png","width":478,"height":120,"caption":"Proagro"},"image":{"@id":"https:\/\/proagrolab.com.ar\/#\/schema\/logo\/image\/"},"sameAs":["http:\/\/www.facebook.com\/proagrolab","https:\/\/www.instagram.com\/proagrolab\/","https:\/\/www.linkedin.com\/company\/laboratorio-proagro-s-a\/"]},{"@type":"Person","@id":"https:\/\/proagrolab.com.ar\/#\/schema\/person\/38003ff90bf80381f71c7d922d207444","name":"proagrolab"}]}},"_links":{"self":[{"href":"https:\/\/proagrolab.com.ar\/en\/wp-json\/wp\/v2\/posts\/6172","targetHints":{"allow":["GET"]}}],"collection":[{"href":"https:\/\/proagrolab.com.ar\/en\/wp-json\/wp\/v2\/posts"}],"about":[{"href":"https:\/\/proagrolab.com.ar\/en\/wp-json\/wp\/v2\/types\/post"}],"author":[{"embeddable":true,"href":"https:\/\/proagrolab.com.ar\/en\/wp-json\/wp\/v2\/users\/2"}],"replies":[{"embeddable":true,"href":"https:\/\/proagrolab.com.ar\/en\/wp-json\/wp\/v2\/comments?post=6172"}],"version-history":[{"count":1,"href":"https:\/\/proagrolab.com.ar\/en\/wp-json\/wp\/v2\/posts\/6172\/revisions"}],"predecessor-version":[{"id":14435,"href":"https:\/\/proagrolab.com.ar\/en\/wp-json\/wp\/v2\/posts\/6172\/revisions\/14435"}],"wp:featuredmedia":[{"embeddable":true,"href":"https:\/\/proagrolab.com.ar\/en\/wp-json\/wp\/v2\/media\/2659"}],"wp:attachment":[{"href":"https:\/\/proagrolab.com.ar\/en\/wp-json\/wp\/v2\/media?parent=6172"}],"wp:term":[{"taxonomy":"category","embeddable":true,"href":"https:\/\/proagrolab.com.ar\/en\/wp-json\/wp\/v2\/categories?post=6172"},{"taxonomy":"post_tag","embeddable":true,"href":"https:\/\/proagrolab.com.ar\/en\/wp-json\/wp\/v2\/tags?post=6172"}],"curies":[{"name":"wp","href":"https:\/\/api.w.org\/{rel}","templated":true}]}}