{"id":6171,"date":"2014-06-13T00:00:01","date_gmt":"2014-06-13T00:00:01","guid":{"rendered":"https:\/\/proagrolab.com.ar\/licitaran-un-frigorifico-despues-del-fracaso-de-una-gestion-oficial\/"},"modified":"2020-07-01T19:22:58","modified_gmt":"2020-07-01T19:22:58","slug":"licitaran-un-frigorifico-despues-del-fracaso-de-una-gestion-oficial","status":"publish","type":"post","link":"https:\/\/proagrolab.com.ar\/en\/licitaran-un-frigorifico-despues-del-fracaso-de-una-gestion-oficial\/","title":{"rendered":"Licitar\u00e1n un frigor\u00edfico despu\u00e9s del fracaso de una gesti\u00f3n oficial."},"content":{"rendered":"<p class=\"qtranxs-available-languages-message qtranxs-available-languages-message-en\"> <\/p><p>Por Fernando Bertello.<\/p>\n<p>Sergio Urribarri le inform\u00f3 al gremio de la carne que vender\u00e1 por concurso una planta que manejaba la provincia.<\/p>\n<p>Despu\u00e9s del fracaso de la gesti\u00f3n oficial para mantener abierto el frigor\u00edfico cuyo control tom\u00f3 en 2012, el gobierno de Entre R\u00edos, a cargo del kirchnerista Sergio Urribarri , vender\u00e1 mediante licitaci\u00f3n p\u00fablica la planta San Jos\u00e9.<\/p>\n<p>As\u00ed se lo adelant\u00f3 el gobernador a los dirigentes de la Federaci\u00f3n Gremial del Personal de la Industria de la Carne en un encuentro reciente.<\/p>\n<p>&#8220;Estamos esperando que lo saquen a licitaci\u00f3n para la venta. Eso nos dijo \u00abel Pato\u00bb Urribarri&#8221;, cont\u00f3 Alberto Fantini, secretario general del gremio de la carne.<\/p>\n<p>En julio de 2012, el San Jos\u00e9, que antes perteneci\u00f3 a la firma brasile\u00f1a JBS, reabri\u00f3 bajo el nombre de Procesadora Ganadera Entrerriana SA, con 85% de capital estatal provincial y un 15% privado. El gobierno nacional aport\u00f3 un cr\u00e9dito del Bicentenario por unos $ 70 millones para su reapertura, que fue encabezada por la presidenta Cristina Kirchner a trav\u00e9s de una videoconferencia.<\/p>\n<p>El frigor\u00edfico, con capacidad para faenar unas 600 cabezas diarias, empez\u00f3 a operar, pero enseguida sum\u00f3 contratiempos en medio de la ca\u00edda de faena y un mercado intervenido. Tiene m\u00e1s de un centenar de operarios cobrando una garant\u00eda horaria equivalente al 70% del sueldo. &#8220;Hace tres meses que el frigor\u00edfico no trabaja y la gente est\u00e1 con la garant\u00eda horaria&#8221;, afirm\u00f3 Fantini.<\/p>\n<p>Seg\u00fan el sindicalista, Urribarri se comprometi\u00f3 a continuar abonando la garant\u00eda horaria hasta que se concrete la venta.<\/p>\n<p>&#8220;Es un compromiso del gobierno de Entre R\u00edos con nosotros&#8221;, se\u00f1al\u00f3 el secretario general.<\/p>\n<p>Hace menos de dos meses circularon versiones de una venta directa a un grupo empresario integrado, entre otros, por capitales locales y chinos.<\/p>\n<p>&#8220;Desestimaron eso y ahora decidieron hacerlo por licitaci\u00f3n p\u00fablica&#8221;, agreg\u00f3 Fantini.<\/p>\n<p><i>Crisis<\/i><br \/>Una fuente de la industria cont\u00f3 que es dif\u00edcil ponerle valor hoy a un frigor\u00edfico en medio de la actual crisis del sector, que sufri\u00f3 el cierre de 125 plantas en los \u00faltimos a\u00f1os por la intervenci\u00f3n del gobierno nacional en el mercado y la cuotificaci\u00f3n de las exportaciones. &#8220;Hoy el valor que puede tener un frigor\u00edfico es meramente simb\u00f3lico&#8221;, expres\u00f3.<\/p>\n<p>En el caso del ex San Jos\u00e9 no se sabe si, adem\u00e1s, el eventual comprador deber\u00eda hacerse cargo del pasivo del cr\u00e9dito del Bicentenario.<\/p>\n<p>A todo esto, en el frigor\u00edfico Estancias del Sur, ubicado en Unquillo, C\u00f3rdoba, y propiedad de la brasile\u00f1a Marfrig, hay 520 operarios que tampoco trabajan. Est\u00e1n suspendidos desde febrero, con garant\u00eda horaria.<\/p>\n<p>Fuente: La Naci\u00f3n, 13 de junio.<br \/><\/p>","protected":false},"excerpt":{"rendered":"<p>Por Fernando Bertello. Sergio Urribarri le inform\u00f3 al gremio de la carne que vender\u00e1 por concurso una planta que manejaba la provincia. Despu\u00e9s del fracaso de la gesti\u00f3n oficial para mantener abierto el frigor\u00edfico cuyo control tom\u00f3 en 2012, el gobierno de Entre R\u00edos, a cargo del kirchnerista Sergio Urribarri , vender\u00e1 mediante licitaci\u00f3n p\u00fablica la planta San Jos\u00e9. As\u00ed se lo adelant\u00f3 el gobernador a los dirigentes de la Federaci\u00f3n Gremial del Personal de la Industria de la Carne en un encuentro reciente. &#8220;Estamos esperando que lo saquen a licitaci\u00f3n para la venta. Eso nos dijo \u00abel Pato\u00bb Urribarri&#8221;, cont\u00f3 Alberto Fantini, secretario general del gremio de la carne. En julio de 2012, el San Jos\u00e9, que antes perteneci\u00f3 a la firma brasile\u00f1a JBS, reabri\u00f3 bajo el nombre de Procesadora Ganadera Entrerriana SA, con 85% de capital estatal provincial y un 15% privado. El gobierno nacional aport\u00f3 un cr\u00e9dito del Bicentenario por unos $ 70 millones para su reapertura, que fue encabezada por la presidenta Cristina Kirchner a trav\u00e9s de una videoconferencia. El frigor\u00edfico, con capacidad para faenar unas 600 cabezas diarias, empez\u00f3 a operar, pero enseguida sum\u00f3 contratiempos en medio de la ca\u00edda de faena y un mercado [&hellip;]<\/p>\n","protected":false},"author":2,"featured_media":2658,"comment_status":"closed","ping_status":"open","sticky":false,"template":"","format":"standard","meta":{"_acf_changed":false,"footnotes":""},"categories":[56],"tags":[],"class_list":["post-6171","post","type-post","status-publish","format-standard","has-post-thumbnail","hentry","category-infoganadero"],"acf":[],"yoast_head":"<!-- This site is optimized with the Yoast SEO plugin v27.4 - https:\/\/yoast.com\/product\/yoast-seo-wordpress\/ -->\n<title>Licitar\u00e1n un frigor\u00edfico despu\u00e9s del fracaso de una gesti\u00f3n oficial. | Proagro<\/title>\n<meta name=\"robots\" content=\"index, follow, max-snippet:-1, max-image-preview:large, max-video-preview:-1\" \/>\n<link rel=\"canonical\" href=\"https:\/\/proagrolab.com.ar\/en\/licitaran-un-frigorifico-despues-del-fracaso-de-una-gestion-oficial\/\" \/>\n<meta property=\"og:locale\" content=\"en_US\" \/>\n<meta property=\"og:type\" content=\"article\" \/>\n<meta property=\"og:title\" content=\"Licitar\u00e1n un frigor\u00edfico despu\u00e9s del fracaso de una gesti\u00f3n oficial. | Proagro\" \/>\n<meta property=\"og:description\" content=\"Por Fernando Bertello. Sergio Urribarri le inform\u00f3 al gremio de la carne que vender\u00e1 por concurso una planta que manejaba la provincia. Despu\u00e9s del fracaso de la gesti\u00f3n oficial para mantener abierto el frigor\u00edfico cuyo control tom\u00f3 en 2012, el gobierno de Entre R\u00edos, a cargo del kirchnerista Sergio Urribarri , vender\u00e1 mediante licitaci\u00f3n p\u00fablica la planta San Jos\u00e9. As\u00ed se lo adelant\u00f3 el gobernador a los dirigentes de la Federaci\u00f3n Gremial del Personal de la Industria de la Carne en un encuentro reciente. &#8220;Estamos esperando que lo saquen a licitaci\u00f3n para la venta. Eso nos dijo \u00abel Pato\u00bb Urribarri&#8221;, cont\u00f3 Alberto Fantini, secretario general del gremio de la carne. En julio de 2012, el San Jos\u00e9, que antes perteneci\u00f3 a la firma brasile\u00f1a JBS, reabri\u00f3 bajo el nombre de Procesadora Ganadera Entrerriana SA, con 85% de capital estatal provincial y un 15% privado. El gobierno nacional aport\u00f3 un cr\u00e9dito del Bicentenario por unos $ 70 millones para su reapertura, que fue encabezada por la presidenta Cristina Kirchner a trav\u00e9s de una videoconferencia. El frigor\u00edfico, con capacidad para faenar unas 600 cabezas diarias, empez\u00f3 a operar, pero enseguida sum\u00f3 contratiempos en medio de la ca\u00edda de faena y un mercado [&hellip;]\" \/>\n<meta property=\"og:url\" content=\"https:\/\/proagrolab.com.ar\/licitaran-un-frigorifico-despues-del-fracaso-de-una-gestion-oficial\/\" \/>\n<meta property=\"og:site_name\" content=\"Proagro\" \/>\n<meta property=\"article:publisher\" content=\"http:\/\/www.facebook.com\/proagrolab\" \/>\n<meta property=\"article:published_time\" content=\"2014-06-13T00:00:01+00:00\" \/>\n<meta property=\"article:modified_time\" content=\"2020-07-01T19:22:58+00:00\" \/>\n<meta property=\"og:image\" content=\"https:\/\/proagrolab.com.ar\/wp-content\/uploads\/2015\/01\/g_3hp91fss4__Frigorifico-2.jpg\" \/>\n\t<meta property=\"og:image:width\" content=\"450\" \/>\n\t<meta property=\"og:image:height\" content=\"208\" \/>\n\t<meta property=\"og:image:type\" content=\"image\/jpeg\" \/>\n<meta name=\"author\" content=\"proagrolab\" \/>\n<meta name=\"twitter:card\" content=\"summary_large_image\" \/>\n<meta name=\"twitter:label1\" content=\"Written by\" \/>\n\t<meta name=\"twitter:data1\" content=\"proagrolab\" \/>\n\t<meta name=\"twitter:label2\" content=\"Est. reading time\" \/>\n\t<meta name=\"twitter:data2\" content=\"2 minutes\" \/>\n<script type=\"application\/ld+json\" class=\"yoast-schema-graph\">{\"@context\":\"https:\\\/\\\/schema.org\",\"@graph\":[{\"@type\":\"Article\",\"@id\":\"https:\\\/\\\/proagrolab.com.ar\\\/licitaran-un-frigorifico-despues-del-fracaso-de-una-gestion-oficial\\\/#article\",\"isPartOf\":{\"@id\":\"https:\\\/\\\/proagrolab.com.ar\\\/licitaran-un-frigorifico-despues-del-fracaso-de-una-gestion-oficial\\\/\"},\"author\":{\"name\":\"proagrolab\",\"@id\":\"https:\\\/\\\/proagrolab.com.ar\\\/#\\\/schema\\\/person\\\/38003ff90bf80381f71c7d922d207444\"},\"headline\":\"Licitar\u00e1n un frigor\u00edfico despu\u00e9s del fracaso de una gesti\u00f3n oficial.\",\"datePublished\":\"2014-06-13T00:00:01+00:00\",\"dateModified\":\"2020-07-01T19:22:58+00:00\",\"mainEntityOfPage\":{\"@id\":\"https:\\\/\\\/proagrolab.com.ar\\\/licitaran-un-frigorifico-despues-del-fracaso-de-una-gestion-oficial\\\/\"},\"wordCount\":466,\"publisher\":{\"@id\":\"https:\\\/\\\/proagrolab.com.ar\\\/#organization\"},\"image\":{\"@id\":\"https:\\\/\\\/proagrolab.com.ar\\\/licitaran-un-frigorifico-despues-del-fracaso-de-una-gestion-oficial\\\/#primaryimage\"},\"thumbnailUrl\":\"https:\\\/\\\/proagrolab.com.ar\\\/wp-content\\\/uploads\\\/2015\\\/01\\\/g_3hp91fss4__Frigorifico-2.jpg\",\"articleSection\":[\"News\"],\"inLanguage\":\"en-US\"},{\"@type\":\"WebPage\",\"@id\":\"https:\\\/\\\/proagrolab.com.ar\\\/licitaran-un-frigorifico-despues-del-fracaso-de-una-gestion-oficial\\\/\",\"url\":\"https:\\\/\\\/proagrolab.com.ar\\\/licitaran-un-frigorifico-despues-del-fracaso-de-una-gestion-oficial\\\/\",\"name\":\"Licitar\u00e1n un frigor\u00edfico despu\u00e9s del fracaso de una gesti\u00f3n oficial. | Proagro\",\"isPartOf\":{\"@id\":\"https:\\\/\\\/proagrolab.com.ar\\\/#website\"},\"primaryImageOfPage\":{\"@id\":\"https:\\\/\\\/proagrolab.com.ar\\\/licitaran-un-frigorifico-despues-del-fracaso-de-una-gestion-oficial\\\/#primaryimage\"},\"image\":{\"@id\":\"https:\\\/\\\/proagrolab.com.ar\\\/licitaran-un-frigorifico-despues-del-fracaso-de-una-gestion-oficial\\\/#primaryimage\"},\"thumbnailUrl\":\"https:\\\/\\\/proagrolab.com.ar\\\/wp-content\\\/uploads\\\/2015\\\/01\\\/g_3hp91fss4__Frigorifico-2.jpg\",\"datePublished\":\"2014-06-13T00:00:01+00:00\",\"dateModified\":\"2020-07-01T19:22:58+00:00\",\"breadcrumb\":{\"@id\":\"https:\\\/\\\/proagrolab.com.ar\\\/licitaran-un-frigorifico-despues-del-fracaso-de-una-gestion-oficial\\\/#breadcrumb\"},\"inLanguage\":\"en-US\",\"potentialAction\":[{\"@type\":\"ReadAction\",\"target\":[\"https:\\\/\\\/proagrolab.com.ar\\\/licitaran-un-frigorifico-despues-del-fracaso-de-una-gestion-oficial\\\/\"]}]},{\"@type\":\"ImageObject\",\"inLanguage\":\"en-US\",\"@id\":\"https:\\\/\\\/proagrolab.com.ar\\\/licitaran-un-frigorifico-despues-del-fracaso-de-una-gestion-oficial\\\/#primaryimage\",\"url\":\"https:\\\/\\\/proagrolab.com.ar\\\/wp-content\\\/uploads\\\/2015\\\/01\\\/g_3hp91fss4__Frigorifico-2.jpg\",\"contentUrl\":\"https:\\\/\\\/proagrolab.com.ar\\\/wp-content\\\/uploads\\\/2015\\\/01\\\/g_3hp91fss4__Frigorifico-2.jpg\",\"width\":450,\"height\":208},{\"@type\":\"BreadcrumbList\",\"@id\":\"https:\\\/\\\/proagrolab.com.ar\\\/licitaran-un-frigorifico-despues-del-fracaso-de-una-gestion-oficial\\\/#breadcrumb\",\"itemListElement\":[{\"@type\":\"ListItem\",\"position\":1,\"name\":\"Portada\",\"item\":\"https:\\\/\\\/proagrolab.com.ar\\\/\"},{\"@type\":\"ListItem\",\"position\":2,\"name\":\"Licitar\u00e1n un frigor\u00edfico despu\u00e9s del fracaso de una gesti\u00f3n oficial.\"}]},{\"@type\":\"WebSite\",\"@id\":\"https:\\\/\\\/proagrolab.com.ar\\\/#website\",\"url\":\"https:\\\/\\\/proagrolab.com.ar\\\/\",\"name\":\"Proagro Laboratorio Veterinario\",\"description\":\"Veterinary laboratory\",\"publisher\":{\"@id\":\"https:\\\/\\\/proagrolab.com.ar\\\/#organization\"},\"potentialAction\":[{\"@type\":\"SearchAction\",\"target\":{\"@type\":\"EntryPoint\",\"urlTemplate\":\"https:\\\/\\\/proagrolab.com.ar\\\/?s={search_term_string}\"},\"query-input\":{\"@type\":\"PropertyValueSpecification\",\"valueRequired\":true,\"valueName\":\"search_term_string\"}}],\"inLanguage\":\"en-US\"},{\"@type\":\"Organization\",\"@id\":\"https:\\\/\\\/proagrolab.com.ar\\\/#organization\",\"name\":\"Proagro\",\"url\":\"https:\\\/\\\/proagrolab.com.ar\\\/\",\"logo\":{\"@type\":\"ImageObject\",\"inLanguage\":\"en-US\",\"@id\":\"https:\\\/\\\/proagrolab.com.ar\\\/#\\\/schema\\\/logo\\\/image\\\/\",\"url\":\"https:\\\/\\\/proagrolab.com.ar\\\/wp-content\\\/uploads\\\/2020\\\/04\\\/logo-retina.png\",\"contentUrl\":\"https:\\\/\\\/proagrolab.com.ar\\\/wp-content\\\/uploads\\\/2020\\\/04\\\/logo-retina.png\",\"width\":478,\"height\":120,\"caption\":\"Proagro\"},\"image\":{\"@id\":\"https:\\\/\\\/proagrolab.com.ar\\\/#\\\/schema\\\/logo\\\/image\\\/\"},\"sameAs\":[\"http:\\\/\\\/www.facebook.com\\\/proagrolab\",\"https:\\\/\\\/www.instagram.com\\\/proagrolab\\\/\",\"https:\\\/\\\/www.linkedin.com\\\/company\\\/laboratorio-proagro-s-a\\\/\"]},{\"@type\":\"Person\",\"@id\":\"https:\\\/\\\/proagrolab.com.ar\\\/#\\\/schema\\\/person\\\/38003ff90bf80381f71c7d922d207444\",\"name\":\"proagrolab\"}]}<\/script>\n<!-- \/ Yoast SEO plugin. -->","yoast_head_json":{"title":"Licitar\u00e1n un frigor\u00edfico despu\u00e9s del fracaso de una gesti\u00f3n oficial. | Proagro","robots":{"index":"index","follow":"follow","max-snippet":"max-snippet:-1","max-image-preview":"max-image-preview:large","max-video-preview":"max-video-preview:-1"},"canonical":"https:\/\/proagrolab.com.ar\/en\/licitaran-un-frigorifico-despues-del-fracaso-de-una-gestion-oficial\/","og_locale":"en_US","og_type":"article","og_title":"Licitar\u00e1n un frigor\u00edfico despu\u00e9s del fracaso de una gesti\u00f3n oficial. | Proagro","og_description":"Por Fernando Bertello. Sergio Urribarri le inform\u00f3 al gremio de la carne que vender\u00e1 por concurso una planta que manejaba la provincia. Despu\u00e9s del fracaso de la gesti\u00f3n oficial para mantener abierto el frigor\u00edfico cuyo control tom\u00f3 en 2012, el gobierno de Entre R\u00edos, a cargo del kirchnerista Sergio Urribarri , vender\u00e1 mediante licitaci\u00f3n p\u00fablica la planta San Jos\u00e9. As\u00ed se lo adelant\u00f3 el gobernador a los dirigentes de la Federaci\u00f3n Gremial del Personal de la Industria de la Carne en un encuentro reciente. &#8220;Estamos esperando que lo saquen a licitaci\u00f3n para la venta. Eso nos dijo \u00abel Pato\u00bb Urribarri&#8221;, cont\u00f3 Alberto Fantini, secretario general del gremio de la carne. En julio de 2012, el San Jos\u00e9, que antes perteneci\u00f3 a la firma brasile\u00f1a JBS, reabri\u00f3 bajo el nombre de Procesadora Ganadera Entrerriana SA, con 85% de capital estatal provincial y un 15% privado. El gobierno nacional aport\u00f3 un cr\u00e9dito del Bicentenario por unos $ 70 millones para su reapertura, que fue encabezada por la presidenta Cristina Kirchner a trav\u00e9s de una videoconferencia. El frigor\u00edfico, con capacidad para faenar unas 600 cabezas diarias, empez\u00f3 a operar, pero enseguida sum\u00f3 contratiempos en medio de la ca\u00edda de faena y un mercado [&hellip;]","og_url":"https:\/\/proagrolab.com.ar\/licitaran-un-frigorifico-despues-del-fracaso-de-una-gestion-oficial\/","og_site_name":"Proagro","article_publisher":"http:\/\/www.facebook.com\/proagrolab","article_published_time":"2014-06-13T00:00:01+00:00","article_modified_time":"2020-07-01T19:22:58+00:00","og_image":[{"width":450,"height":208,"url":"https:\/\/proagrolab.com.ar\/wp-content\/uploads\/2015\/01\/g_3hp91fss4__Frigorifico-2.jpg","type":"image\/jpeg"}],"author":"proagrolab","twitter_card":"summary_large_image","twitter_misc":{"Written by":"proagrolab","Est. reading time":"2 minutes"},"schema":{"@context":"https:\/\/schema.org","@graph":[{"@type":"Article","@id":"https:\/\/proagrolab.com.ar\/licitaran-un-frigorifico-despues-del-fracaso-de-una-gestion-oficial\/#article","isPartOf":{"@id":"https:\/\/proagrolab.com.ar\/licitaran-un-frigorifico-despues-del-fracaso-de-una-gestion-oficial\/"},"author":{"name":"proagrolab","@id":"https:\/\/proagrolab.com.ar\/#\/schema\/person\/38003ff90bf80381f71c7d922d207444"},"headline":"Licitar\u00e1n un frigor\u00edfico despu\u00e9s del fracaso de una gesti\u00f3n oficial.","datePublished":"2014-06-13T00:00:01+00:00","dateModified":"2020-07-01T19:22:58+00:00","mainEntityOfPage":{"@id":"https:\/\/proagrolab.com.ar\/licitaran-un-frigorifico-despues-del-fracaso-de-una-gestion-oficial\/"},"wordCount":466,"publisher":{"@id":"https:\/\/proagrolab.com.ar\/#organization"},"image":{"@id":"https:\/\/proagrolab.com.ar\/licitaran-un-frigorifico-despues-del-fracaso-de-una-gestion-oficial\/#primaryimage"},"thumbnailUrl":"https:\/\/proagrolab.com.ar\/wp-content\/uploads\/2015\/01\/g_3hp91fss4__Frigorifico-2.jpg","articleSection":["News"],"inLanguage":"en-US"},{"@type":"WebPage","@id":"https:\/\/proagrolab.com.ar\/licitaran-un-frigorifico-despues-del-fracaso-de-una-gestion-oficial\/","url":"https:\/\/proagrolab.com.ar\/licitaran-un-frigorifico-despues-del-fracaso-de-una-gestion-oficial\/","name":"Licitar\u00e1n un frigor\u00edfico despu\u00e9s del fracaso de una gesti\u00f3n oficial. | Proagro","isPartOf":{"@id":"https:\/\/proagrolab.com.ar\/#website"},"primaryImageOfPage":{"@id":"https:\/\/proagrolab.com.ar\/licitaran-un-frigorifico-despues-del-fracaso-de-una-gestion-oficial\/#primaryimage"},"image":{"@id":"https:\/\/proagrolab.com.ar\/licitaran-un-frigorifico-despues-del-fracaso-de-una-gestion-oficial\/#primaryimage"},"thumbnailUrl":"https:\/\/proagrolab.com.ar\/wp-content\/uploads\/2015\/01\/g_3hp91fss4__Frigorifico-2.jpg","datePublished":"2014-06-13T00:00:01+00:00","dateModified":"2020-07-01T19:22:58+00:00","breadcrumb":{"@id":"https:\/\/proagrolab.com.ar\/licitaran-un-frigorifico-despues-del-fracaso-de-una-gestion-oficial\/#breadcrumb"},"inLanguage":"en-US","potentialAction":[{"@type":"ReadAction","target":["https:\/\/proagrolab.com.ar\/licitaran-un-frigorifico-despues-del-fracaso-de-una-gestion-oficial\/"]}]},{"@type":"ImageObject","inLanguage":"en-US","@id":"https:\/\/proagrolab.com.ar\/licitaran-un-frigorifico-despues-del-fracaso-de-una-gestion-oficial\/#primaryimage","url":"https:\/\/proagrolab.com.ar\/wp-content\/uploads\/2015\/01\/g_3hp91fss4__Frigorifico-2.jpg","contentUrl":"https:\/\/proagrolab.com.ar\/wp-content\/uploads\/2015\/01\/g_3hp91fss4__Frigorifico-2.jpg","width":450,"height":208},{"@type":"BreadcrumbList","@id":"https:\/\/proagrolab.com.ar\/licitaran-un-frigorifico-despues-del-fracaso-de-una-gestion-oficial\/#breadcrumb","itemListElement":[{"@type":"ListItem","position":1,"name":"Portada","item":"https:\/\/proagrolab.com.ar\/"},{"@type":"ListItem","position":2,"name":"Licitar\u00e1n un frigor\u00edfico despu\u00e9s del fracaso de una gesti\u00f3n oficial."}]},{"@type":"WebSite","@id":"https:\/\/proagrolab.com.ar\/#website","url":"https:\/\/proagrolab.com.ar\/","name":"Proagro Laboratorio Veterinario","description":"Veterinary laboratory","publisher":{"@id":"https:\/\/proagrolab.com.ar\/#organization"},"potentialAction":[{"@type":"SearchAction","target":{"@type":"EntryPoint","urlTemplate":"https:\/\/proagrolab.com.ar\/?s={search_term_string}"},"query-input":{"@type":"PropertyValueSpecification","valueRequired":true,"valueName":"search_term_string"}}],"inLanguage":"en-US"},{"@type":"Organization","@id":"https:\/\/proagrolab.com.ar\/#organization","name":"Proagro","url":"https:\/\/proagrolab.com.ar\/","logo":{"@type":"ImageObject","inLanguage":"en-US","@id":"https:\/\/proagrolab.com.ar\/#\/schema\/logo\/image\/","url":"https:\/\/proagrolab.com.ar\/wp-content\/uploads\/2020\/04\/logo-retina.png","contentUrl":"https:\/\/proagrolab.com.ar\/wp-content\/uploads\/2020\/04\/logo-retina.png","width":478,"height":120,"caption":"Proagro"},"image":{"@id":"https:\/\/proagrolab.com.ar\/#\/schema\/logo\/image\/"},"sameAs":["http:\/\/www.facebook.com\/proagrolab","https:\/\/www.instagram.com\/proagrolab\/","https:\/\/www.linkedin.com\/company\/laboratorio-proagro-s-a\/"]},{"@type":"Person","@id":"https:\/\/proagrolab.com.ar\/#\/schema\/person\/38003ff90bf80381f71c7d922d207444","name":"proagrolab"}]}},"_links":{"self":[{"href":"https:\/\/proagrolab.com.ar\/en\/wp-json\/wp\/v2\/posts\/6171","targetHints":{"allow":["GET"]}}],"collection":[{"href":"https:\/\/proagrolab.com.ar\/en\/wp-json\/wp\/v2\/posts"}],"about":[{"href":"https:\/\/proagrolab.com.ar\/en\/wp-json\/wp\/v2\/types\/post"}],"author":[{"embeddable":true,"href":"https:\/\/proagrolab.com.ar\/en\/wp-json\/wp\/v2\/users\/2"}],"replies":[{"embeddable":true,"href":"https:\/\/proagrolab.com.ar\/en\/wp-json\/wp\/v2\/comments?post=6171"}],"version-history":[{"count":1,"href":"https:\/\/proagrolab.com.ar\/en\/wp-json\/wp\/v2\/posts\/6171\/revisions"}],"predecessor-version":[{"id":14436,"href":"https:\/\/proagrolab.com.ar\/en\/wp-json\/wp\/v2\/posts\/6171\/revisions\/14436"}],"wp:featuredmedia":[{"embeddable":true,"href":"https:\/\/proagrolab.com.ar\/en\/wp-json\/wp\/v2\/media\/2658"}],"wp:attachment":[{"href":"https:\/\/proagrolab.com.ar\/en\/wp-json\/wp\/v2\/media?parent=6171"}],"wp:term":[{"taxonomy":"category","embeddable":true,"href":"https:\/\/proagrolab.com.ar\/en\/wp-json\/wp\/v2\/categories?post=6171"},{"taxonomy":"post_tag","embeddable":true,"href":"https:\/\/proagrolab.com.ar\/en\/wp-json\/wp\/v2\/tags?post=6171"}],"curies":[{"name":"wp","href":"https:\/\/api.w.org\/{rel}","templated":true}]}}