{"id":6169,"date":"2014-06-10T00:00:01","date_gmt":"2014-06-10T00:00:01","guid":{"rendered":"https:\/\/proagrolab.com.ar\/un-ministro-de-scioli-apoya-el-reclamo-de-los-tamberos-ante-costa-por-el-precio-de-la-leche\/"},"modified":"2020-07-01T19:34:48","modified_gmt":"2020-07-01T19:34:48","slug":"un-ministro-de-scioli-apoya-el-reclamo-de-los-tamberos-ante-costa-por-el-precio-de-la-leche","status":"publish","type":"post","link":"https:\/\/proagrolab.com.ar\/en\/un-ministro-de-scioli-apoya-el-reclamo-de-los-tamberos-ante-costa-por-el-precio-de-la-leche\/","title":{"rendered":"Un ministro de Scioli apoya el reclamo de los tamberos ante Costa por el precio de la leche."},"content":{"rendered":"<p class=\"qtranxs-available-languages-message qtranxs-available-languages-message-en\"> <\/p><p>Por Fernando Bertello.<\/p>\n<p>Para el titular de Asuntos Agrarios, &#8220;hay margen&#8221; para que reciban un mejor valor.<\/p>\n<p>Enojados por la decisi\u00f3n del secretario de Comercio, Augusto Costa, de prohibirles a las industrias l\u00e1cteas, bajo la amenaza de no dejarlas exportar, que les paguen m\u00e1s de $ 3 el litro a los productores tamberos, los dirigentes del sector comenzaron a buscar apoyo entre las autoridades de las principales provincias productoras para intentar revertir esa medida.<\/p>\n<p>Ayer, como primer paso, se reunieron con el ministro de Asuntos Agrarios bonaerense, Alejandro &#8220;Topo&#8221; Rodr\u00edguez, quien se comprometi\u00f3 a organizar, junto a sus pares de C\u00f3rdoba y Santa Fe, un encuentro conjunto para abordar este tema, entre otros.<\/p>\n<p>En una se\u00f1al de diferenciaci\u00f3n respecto de la orden de Costa, el funcionario del gobernador Daniel Scioli dijo a LA NACION que &#8220;hay margen para que los peque\u00f1os tamberos reciban un mejor precio sin perjudicar a los consumidores&#8221;.<\/p>\n<p>Los tamberos quieren que tanto Rodr\u00edguez como su colega de Agricultura de C\u00f3rdoba, Juli\u00e1n Mar\u00eda L\u00f3pez, y de Producci\u00f3n de Santa Fe, Carlos Fascendini, act\u00faen en sinton\u00eda para frenar el congelamiento del precio. Carlos Brave, coordinador de la Mesa Nacional de Productores de Leche, que ayer mantuvo un encuentro con el funcionario bonaerense, confirm\u00f3 que \u00e9se fue el pedido. &#8220;Le dijimos que esto no lo podemos soportar&#8221;, afirm\u00f3 el dirigente tambero.<\/p>\n<p>Por si quedaba alguna duda de la instrucci\u00f3n de Comercio a las usinas l\u00e1cteas, los tamberos revelaron que ayer mismo, en la reuni\u00f3n con Rodr\u00edguez, un industrial que asisti\u00f3 volvi\u00f3 a ratificar, en estricta reserva, la amenaza de Costa.<\/p>\n<p>Mientras tanto, trascendi\u00f3 que la reuni\u00f3n de los ministros de Buenos Aires, Santa Fe y C\u00f3rdoba con los tamberos podr\u00eda concretarse la pr\u00f3xima semana.<\/p>\n<p>El mismo Rodr\u00edguez precis\u00f3 que una alternativa es que los funcionarios de las tres provincias soliciten luego una reuni\u00f3n del Consejo Federal de Lecher\u00eda, \u00e1mbito donde est\u00e1 sentado el Gobierno.<\/p>\n<p><i>Agenda com\u00fan<\/i><br \/>Rodr\u00edguez indic\u00f3 que uno de los temas que se trataron con los tamberos fue el referido al precio y la existencia de &#8220;una agenda com\u00fan&#8221; para ello entre los tres ministros.<\/p>\n<p>Para el funcionario de Scioli, el productor tambero puede acceder a un mejor precio.<\/p>\n<p>&#8220;Hay margen para que, sin mover un centavo el precio al consumidor y consolidando la pol\u00edtica de precios cuidados, los peque\u00f1os tamberos reciban un mejor precio&#8221;, subray\u00f3. El titular de Asuntos Agrarios bonaerense insisti\u00f3: &#8220;Hay margen para que todos ganen sin perjudicar a los consumidores&#8221;.<\/p>\n<p>El ministro consider\u00f3 que el peque\u00f1o tambero tiene que tener &#8220;un incentivo&#8221; frente a una actividad m\u00e1s rentable, como es el cultivo de soja.<\/p>\n<p>&#8220;Si un peque\u00f1o tambero no tiene un incentivo, la soja se va a terminar morfando la actividad agropecuaria [en la provincia de Buenos Aires]&#8221;, remarc\u00f3 el funcionario, y agreg\u00f3: &#8220;Yo voy a trabajar para que eso no suceda&#8221;. Adelant\u00f3 que habr\u00e1 un subsidio de tasas del Banco Provincia para el sector.<\/p>\n<p>Los movimientos de este funcionario de Scioli con el campo son seguidos por el Gobierno. Hace dos meses, cuando pidi\u00f3 bajar las retenciones al trigo, el kirchnerista Carlos Kunkel despu\u00e9s lo cruz\u00f3 con dureza. Rodr\u00edguez explic\u00f3 que realiza estos encuentros por su propia decisi\u00f3n. &#8220;Son encuentros que yo mismo decid\u00ed tener sobre la base de la orientaci\u00f3n de las pol\u00edticas p\u00fablicas que me ha planteado Scioli&#8221;, precis\u00f3.<\/p>\n<p>Fuente: La Naci\u00f3n, 10 de junio.<br \/><\/p>","protected":false},"excerpt":{"rendered":"<p>Por Fernando Bertello. Para el titular de Asuntos Agrarios, &#8220;hay margen&#8221; para que reciban un mejor valor. Enojados por la decisi\u00f3n del secretario de Comercio, Augusto Costa, de prohibirles a las industrias l\u00e1cteas, bajo la amenaza de no dejarlas exportar, que les paguen m\u00e1s de $ 3 el litro a los productores tamberos, los dirigentes del sector comenzaron a buscar apoyo entre las autoridades de las principales provincias productoras para intentar revertir esa medida. Ayer, como primer paso, se reunieron con el ministro de Asuntos Agrarios bonaerense, Alejandro &#8220;Topo&#8221; Rodr\u00edguez, quien se comprometi\u00f3 a organizar, junto a sus pares de C\u00f3rdoba y Santa Fe, un encuentro conjunto para abordar este tema, entre otros. En una se\u00f1al de diferenciaci\u00f3n respecto de la orden de Costa, el funcionario del gobernador Daniel Scioli dijo a LA NACION que &#8220;hay margen para que los peque\u00f1os tamberos reciban un mejor precio sin perjudicar a los consumidores&#8221;. Los tamberos quieren que tanto Rodr\u00edguez como su colega de Agricultura de C\u00f3rdoba, Juli\u00e1n Mar\u00eda L\u00f3pez, y de Producci\u00f3n de Santa Fe, Carlos Fascendini, act\u00faen en sinton\u00eda para frenar el congelamiento del precio. Carlos Brave, coordinador de la Mesa Nacional de Productores de Leche, que ayer mantuvo un encuentro [&hellip;]<\/p>\n","protected":false},"author":2,"featured_media":2656,"comment_status":"closed","ping_status":"open","sticky":false,"template":"","format":"standard","meta":{"_acf_changed":false,"footnotes":""},"categories":[56],"tags":[],"class_list":["post-6169","post","type-post","status-publish","format-standard","has-post-thumbnail","hentry","category-infoganadero"],"acf":[],"yoast_head":"<!-- This site is optimized with the Yoast SEO plugin v27.4 - https:\/\/yoast.com\/product\/yoast-seo-wordpress\/ -->\n<title>Un ministro de Scioli apoya el reclamo de los tamberos ante Costa por el precio de la leche. | Proagro<\/title>\n<meta name=\"robots\" content=\"index, follow, max-snippet:-1, max-image-preview:large, max-video-preview:-1\" \/>\n<link rel=\"canonical\" href=\"https:\/\/proagrolab.com.ar\/en\/un-ministro-de-scioli-apoya-el-reclamo-de-los-tamberos-ante-costa-por-el-precio-de-la-leche\/\" \/>\n<meta property=\"og:locale\" content=\"en_US\" \/>\n<meta property=\"og:type\" content=\"article\" \/>\n<meta property=\"og:title\" content=\"Un ministro de Scioli apoya el reclamo de los tamberos ante Costa por el precio de la leche. | Proagro\" \/>\n<meta property=\"og:description\" content=\"Por Fernando Bertello. Para el titular de Asuntos Agrarios, &#8220;hay margen&#8221; para que reciban un mejor valor. Enojados por la decisi\u00f3n del secretario de Comercio, Augusto Costa, de prohibirles a las industrias l\u00e1cteas, bajo la amenaza de no dejarlas exportar, que les paguen m\u00e1s de $ 3 el litro a los productores tamberos, los dirigentes del sector comenzaron a buscar apoyo entre las autoridades de las principales provincias productoras para intentar revertir esa medida. Ayer, como primer paso, se reunieron con el ministro de Asuntos Agrarios bonaerense, Alejandro &#8220;Topo&#8221; Rodr\u00edguez, quien se comprometi\u00f3 a organizar, junto a sus pares de C\u00f3rdoba y Santa Fe, un encuentro conjunto para abordar este tema, entre otros. En una se\u00f1al de diferenciaci\u00f3n respecto de la orden de Costa, el funcionario del gobernador Daniel Scioli dijo a LA NACION que &#8220;hay margen para que los peque\u00f1os tamberos reciban un mejor precio sin perjudicar a los consumidores&#8221;. Los tamberos quieren que tanto Rodr\u00edguez como su colega de Agricultura de C\u00f3rdoba, Juli\u00e1n Mar\u00eda L\u00f3pez, y de Producci\u00f3n de Santa Fe, Carlos Fascendini, act\u00faen en sinton\u00eda para frenar el congelamiento del precio. Carlos Brave, coordinador de la Mesa Nacional de Productores de Leche, que ayer mantuvo un encuentro [&hellip;]\" \/>\n<meta property=\"og:url\" content=\"https:\/\/proagrolab.com.ar\/un-ministro-de-scioli-apoya-el-reclamo-de-los-tamberos-ante-costa-por-el-precio-de-la-leche\/\" \/>\n<meta property=\"og:site_name\" content=\"Proagro\" \/>\n<meta property=\"article:publisher\" content=\"http:\/\/www.facebook.com\/proagrolab\" \/>\n<meta property=\"article:published_time\" content=\"2014-06-10T00:00:01+00:00\" \/>\n<meta property=\"article:modified_time\" content=\"2020-07-01T19:34:48+00:00\" \/>\n<meta property=\"og:image\" content=\"https:\/\/proagrolab.com.ar\/wp-content\/uploads\/2015\/01\/g_sbjs0tzme__Lecheras-11.jpg\" \/>\n\t<meta property=\"og:image:width\" content=\"450\" \/>\n\t<meta property=\"og:image:height\" content=\"208\" \/>\n\t<meta property=\"og:image:type\" content=\"image\/jpeg\" \/>\n<meta name=\"author\" content=\"proagrolab\" \/>\n<meta name=\"twitter:card\" content=\"summary_large_image\" \/>\n<meta name=\"twitter:label1\" content=\"Written by\" \/>\n\t<meta name=\"twitter:data1\" content=\"proagrolab\" \/>\n\t<meta name=\"twitter:label2\" content=\"Est. reading time\" \/>\n\t<meta name=\"twitter:data2\" content=\"3 minutes\" \/>\n<script type=\"application\/ld+json\" class=\"yoast-schema-graph\">{\"@context\":\"https:\\\/\\\/schema.org\",\"@graph\":[{\"@type\":\"Article\",\"@id\":\"https:\\\/\\\/proagrolab.com.ar\\\/un-ministro-de-scioli-apoya-el-reclamo-de-los-tamberos-ante-costa-por-el-precio-de-la-leche\\\/#article\",\"isPartOf\":{\"@id\":\"https:\\\/\\\/proagrolab.com.ar\\\/un-ministro-de-scioli-apoya-el-reclamo-de-los-tamberos-ante-costa-por-el-precio-de-la-leche\\\/\"},\"author\":{\"name\":\"proagrolab\",\"@id\":\"https:\\\/\\\/proagrolab.com.ar\\\/#\\\/schema\\\/person\\\/38003ff90bf80381f71c7d922d207444\"},\"headline\":\"Un ministro de Scioli apoya el reclamo de los tamberos ante Costa por el precio de la leche.\",\"datePublished\":\"2014-06-10T00:00:01+00:00\",\"dateModified\":\"2020-07-01T19:34:48+00:00\",\"mainEntityOfPage\":{\"@id\":\"https:\\\/\\\/proagrolab.com.ar\\\/un-ministro-de-scioli-apoya-el-reclamo-de-los-tamberos-ante-costa-por-el-precio-de-la-leche\\\/\"},\"wordCount\":612,\"publisher\":{\"@id\":\"https:\\\/\\\/proagrolab.com.ar\\\/#organization\"},\"image\":{\"@id\":\"https:\\\/\\\/proagrolab.com.ar\\\/un-ministro-de-scioli-apoya-el-reclamo-de-los-tamberos-ante-costa-por-el-precio-de-la-leche\\\/#primaryimage\"},\"thumbnailUrl\":\"https:\\\/\\\/proagrolab.com.ar\\\/wp-content\\\/uploads\\\/2015\\\/01\\\/g_sbjs0tzme__Lecheras-11.jpg\",\"articleSection\":[\"News\"],\"inLanguage\":\"en-US\"},{\"@type\":\"WebPage\",\"@id\":\"https:\\\/\\\/proagrolab.com.ar\\\/un-ministro-de-scioli-apoya-el-reclamo-de-los-tamberos-ante-costa-por-el-precio-de-la-leche\\\/\",\"url\":\"https:\\\/\\\/proagrolab.com.ar\\\/un-ministro-de-scioli-apoya-el-reclamo-de-los-tamberos-ante-costa-por-el-precio-de-la-leche\\\/\",\"name\":\"Un ministro de Scioli apoya el reclamo de los tamberos ante Costa por el precio de la leche. | Proagro\",\"isPartOf\":{\"@id\":\"https:\\\/\\\/proagrolab.com.ar\\\/#website\"},\"primaryImageOfPage\":{\"@id\":\"https:\\\/\\\/proagrolab.com.ar\\\/un-ministro-de-scioli-apoya-el-reclamo-de-los-tamberos-ante-costa-por-el-precio-de-la-leche\\\/#primaryimage\"},\"image\":{\"@id\":\"https:\\\/\\\/proagrolab.com.ar\\\/un-ministro-de-scioli-apoya-el-reclamo-de-los-tamberos-ante-costa-por-el-precio-de-la-leche\\\/#primaryimage\"},\"thumbnailUrl\":\"https:\\\/\\\/proagrolab.com.ar\\\/wp-content\\\/uploads\\\/2015\\\/01\\\/g_sbjs0tzme__Lecheras-11.jpg\",\"datePublished\":\"2014-06-10T00:00:01+00:00\",\"dateModified\":\"2020-07-01T19:34:48+00:00\",\"breadcrumb\":{\"@id\":\"https:\\\/\\\/proagrolab.com.ar\\\/un-ministro-de-scioli-apoya-el-reclamo-de-los-tamberos-ante-costa-por-el-precio-de-la-leche\\\/#breadcrumb\"},\"inLanguage\":\"en-US\",\"potentialAction\":[{\"@type\":\"ReadAction\",\"target\":[\"https:\\\/\\\/proagrolab.com.ar\\\/un-ministro-de-scioli-apoya-el-reclamo-de-los-tamberos-ante-costa-por-el-precio-de-la-leche\\\/\"]}]},{\"@type\":\"ImageObject\",\"inLanguage\":\"en-US\",\"@id\":\"https:\\\/\\\/proagrolab.com.ar\\\/un-ministro-de-scioli-apoya-el-reclamo-de-los-tamberos-ante-costa-por-el-precio-de-la-leche\\\/#primaryimage\",\"url\":\"https:\\\/\\\/proagrolab.com.ar\\\/wp-content\\\/uploads\\\/2015\\\/01\\\/g_sbjs0tzme__Lecheras-11.jpg\",\"contentUrl\":\"https:\\\/\\\/proagrolab.com.ar\\\/wp-content\\\/uploads\\\/2015\\\/01\\\/g_sbjs0tzme__Lecheras-11.jpg\",\"width\":450,\"height\":208},{\"@type\":\"BreadcrumbList\",\"@id\":\"https:\\\/\\\/proagrolab.com.ar\\\/un-ministro-de-scioli-apoya-el-reclamo-de-los-tamberos-ante-costa-por-el-precio-de-la-leche\\\/#breadcrumb\",\"itemListElement\":[{\"@type\":\"ListItem\",\"position\":1,\"name\":\"Portada\",\"item\":\"https:\\\/\\\/proagrolab.com.ar\\\/\"},{\"@type\":\"ListItem\",\"position\":2,\"name\":\"Un ministro de Scioli apoya el reclamo de los tamberos ante Costa por el precio de la leche.\"}]},{\"@type\":\"WebSite\",\"@id\":\"https:\\\/\\\/proagrolab.com.ar\\\/#website\",\"url\":\"https:\\\/\\\/proagrolab.com.ar\\\/\",\"name\":\"Proagro Laboratorio Veterinario\",\"description\":\"Veterinary laboratory\",\"publisher\":{\"@id\":\"https:\\\/\\\/proagrolab.com.ar\\\/#organization\"},\"potentialAction\":[{\"@type\":\"SearchAction\",\"target\":{\"@type\":\"EntryPoint\",\"urlTemplate\":\"https:\\\/\\\/proagrolab.com.ar\\\/?s={search_term_string}\"},\"query-input\":{\"@type\":\"PropertyValueSpecification\",\"valueRequired\":true,\"valueName\":\"search_term_string\"}}],\"inLanguage\":\"en-US\"},{\"@type\":\"Organization\",\"@id\":\"https:\\\/\\\/proagrolab.com.ar\\\/#organization\",\"name\":\"Proagro\",\"url\":\"https:\\\/\\\/proagrolab.com.ar\\\/\",\"logo\":{\"@type\":\"ImageObject\",\"inLanguage\":\"en-US\",\"@id\":\"https:\\\/\\\/proagrolab.com.ar\\\/#\\\/schema\\\/logo\\\/image\\\/\",\"url\":\"https:\\\/\\\/proagrolab.com.ar\\\/wp-content\\\/uploads\\\/2020\\\/04\\\/logo-retina.png\",\"contentUrl\":\"https:\\\/\\\/proagrolab.com.ar\\\/wp-content\\\/uploads\\\/2020\\\/04\\\/logo-retina.png\",\"width\":478,\"height\":120,\"caption\":\"Proagro\"},\"image\":{\"@id\":\"https:\\\/\\\/proagrolab.com.ar\\\/#\\\/schema\\\/logo\\\/image\\\/\"},\"sameAs\":[\"http:\\\/\\\/www.facebook.com\\\/proagrolab\",\"https:\\\/\\\/www.instagram.com\\\/proagrolab\\\/\",\"https:\\\/\\\/www.linkedin.com\\\/company\\\/laboratorio-proagro-s-a\\\/\"]},{\"@type\":\"Person\",\"@id\":\"https:\\\/\\\/proagrolab.com.ar\\\/#\\\/schema\\\/person\\\/38003ff90bf80381f71c7d922d207444\",\"name\":\"proagrolab\"}]}<\/script>\n<!-- \/ Yoast SEO plugin. -->","yoast_head_json":{"title":"Un ministro de Scioli apoya el reclamo de los tamberos ante Costa por el precio de la leche. | Proagro","robots":{"index":"index","follow":"follow","max-snippet":"max-snippet:-1","max-image-preview":"max-image-preview:large","max-video-preview":"max-video-preview:-1"},"canonical":"https:\/\/proagrolab.com.ar\/en\/un-ministro-de-scioli-apoya-el-reclamo-de-los-tamberos-ante-costa-por-el-precio-de-la-leche\/","og_locale":"en_US","og_type":"article","og_title":"Un ministro de Scioli apoya el reclamo de los tamberos ante Costa por el precio de la leche. | Proagro","og_description":"Por Fernando Bertello. Para el titular de Asuntos Agrarios, &#8220;hay margen&#8221; para que reciban un mejor valor. Enojados por la decisi\u00f3n del secretario de Comercio, Augusto Costa, de prohibirles a las industrias l\u00e1cteas, bajo la amenaza de no dejarlas exportar, que les paguen m\u00e1s de $ 3 el litro a los productores tamberos, los dirigentes del sector comenzaron a buscar apoyo entre las autoridades de las principales provincias productoras para intentar revertir esa medida. Ayer, como primer paso, se reunieron con el ministro de Asuntos Agrarios bonaerense, Alejandro &#8220;Topo&#8221; Rodr\u00edguez, quien se comprometi\u00f3 a organizar, junto a sus pares de C\u00f3rdoba y Santa Fe, un encuentro conjunto para abordar este tema, entre otros. En una se\u00f1al de diferenciaci\u00f3n respecto de la orden de Costa, el funcionario del gobernador Daniel Scioli dijo a LA NACION que &#8220;hay margen para que los peque\u00f1os tamberos reciban un mejor precio sin perjudicar a los consumidores&#8221;. Los tamberos quieren que tanto Rodr\u00edguez como su colega de Agricultura de C\u00f3rdoba, Juli\u00e1n Mar\u00eda L\u00f3pez, y de Producci\u00f3n de Santa Fe, Carlos Fascendini, act\u00faen en sinton\u00eda para frenar el congelamiento del precio. Carlos Brave, coordinador de la Mesa Nacional de Productores de Leche, que ayer mantuvo un encuentro [&hellip;]","og_url":"https:\/\/proagrolab.com.ar\/un-ministro-de-scioli-apoya-el-reclamo-de-los-tamberos-ante-costa-por-el-precio-de-la-leche\/","og_site_name":"Proagro","article_publisher":"http:\/\/www.facebook.com\/proagrolab","article_published_time":"2014-06-10T00:00:01+00:00","article_modified_time":"2020-07-01T19:34:48+00:00","og_image":[{"width":450,"height":208,"url":"https:\/\/proagrolab.com.ar\/wp-content\/uploads\/2015\/01\/g_sbjs0tzme__Lecheras-11.jpg","type":"image\/jpeg"}],"author":"proagrolab","twitter_card":"summary_large_image","twitter_misc":{"Written by":"proagrolab","Est. reading time":"3 minutes"},"schema":{"@context":"https:\/\/schema.org","@graph":[{"@type":"Article","@id":"https:\/\/proagrolab.com.ar\/un-ministro-de-scioli-apoya-el-reclamo-de-los-tamberos-ante-costa-por-el-precio-de-la-leche\/#article","isPartOf":{"@id":"https:\/\/proagrolab.com.ar\/un-ministro-de-scioli-apoya-el-reclamo-de-los-tamberos-ante-costa-por-el-precio-de-la-leche\/"},"author":{"name":"proagrolab","@id":"https:\/\/proagrolab.com.ar\/#\/schema\/person\/38003ff90bf80381f71c7d922d207444"},"headline":"Un ministro de Scioli apoya el reclamo de los tamberos ante Costa por el precio de la leche.","datePublished":"2014-06-10T00:00:01+00:00","dateModified":"2020-07-01T19:34:48+00:00","mainEntityOfPage":{"@id":"https:\/\/proagrolab.com.ar\/un-ministro-de-scioli-apoya-el-reclamo-de-los-tamberos-ante-costa-por-el-precio-de-la-leche\/"},"wordCount":612,"publisher":{"@id":"https:\/\/proagrolab.com.ar\/#organization"},"image":{"@id":"https:\/\/proagrolab.com.ar\/un-ministro-de-scioli-apoya-el-reclamo-de-los-tamberos-ante-costa-por-el-precio-de-la-leche\/#primaryimage"},"thumbnailUrl":"https:\/\/proagrolab.com.ar\/wp-content\/uploads\/2015\/01\/g_sbjs0tzme__Lecheras-11.jpg","articleSection":["News"],"inLanguage":"en-US"},{"@type":"WebPage","@id":"https:\/\/proagrolab.com.ar\/un-ministro-de-scioli-apoya-el-reclamo-de-los-tamberos-ante-costa-por-el-precio-de-la-leche\/","url":"https:\/\/proagrolab.com.ar\/un-ministro-de-scioli-apoya-el-reclamo-de-los-tamberos-ante-costa-por-el-precio-de-la-leche\/","name":"Un ministro de Scioli apoya el reclamo de los tamberos ante Costa por el precio de la leche. | Proagro","isPartOf":{"@id":"https:\/\/proagrolab.com.ar\/#website"},"primaryImageOfPage":{"@id":"https:\/\/proagrolab.com.ar\/un-ministro-de-scioli-apoya-el-reclamo-de-los-tamberos-ante-costa-por-el-precio-de-la-leche\/#primaryimage"},"image":{"@id":"https:\/\/proagrolab.com.ar\/un-ministro-de-scioli-apoya-el-reclamo-de-los-tamberos-ante-costa-por-el-precio-de-la-leche\/#primaryimage"},"thumbnailUrl":"https:\/\/proagrolab.com.ar\/wp-content\/uploads\/2015\/01\/g_sbjs0tzme__Lecheras-11.jpg","datePublished":"2014-06-10T00:00:01+00:00","dateModified":"2020-07-01T19:34:48+00:00","breadcrumb":{"@id":"https:\/\/proagrolab.com.ar\/un-ministro-de-scioli-apoya-el-reclamo-de-los-tamberos-ante-costa-por-el-precio-de-la-leche\/#breadcrumb"},"inLanguage":"en-US","potentialAction":[{"@type":"ReadAction","target":["https:\/\/proagrolab.com.ar\/un-ministro-de-scioli-apoya-el-reclamo-de-los-tamberos-ante-costa-por-el-precio-de-la-leche\/"]}]},{"@type":"ImageObject","inLanguage":"en-US","@id":"https:\/\/proagrolab.com.ar\/un-ministro-de-scioli-apoya-el-reclamo-de-los-tamberos-ante-costa-por-el-precio-de-la-leche\/#primaryimage","url":"https:\/\/proagrolab.com.ar\/wp-content\/uploads\/2015\/01\/g_sbjs0tzme__Lecheras-11.jpg","contentUrl":"https:\/\/proagrolab.com.ar\/wp-content\/uploads\/2015\/01\/g_sbjs0tzme__Lecheras-11.jpg","width":450,"height":208},{"@type":"BreadcrumbList","@id":"https:\/\/proagrolab.com.ar\/un-ministro-de-scioli-apoya-el-reclamo-de-los-tamberos-ante-costa-por-el-precio-de-la-leche\/#breadcrumb","itemListElement":[{"@type":"ListItem","position":1,"name":"Portada","item":"https:\/\/proagrolab.com.ar\/"},{"@type":"ListItem","position":2,"name":"Un ministro de Scioli apoya el reclamo de los tamberos ante Costa por el precio de la leche."}]},{"@type":"WebSite","@id":"https:\/\/proagrolab.com.ar\/#website","url":"https:\/\/proagrolab.com.ar\/","name":"Proagro Laboratorio Veterinario","description":"Veterinary laboratory","publisher":{"@id":"https:\/\/proagrolab.com.ar\/#organization"},"potentialAction":[{"@type":"SearchAction","target":{"@type":"EntryPoint","urlTemplate":"https:\/\/proagrolab.com.ar\/?s={search_term_string}"},"query-input":{"@type":"PropertyValueSpecification","valueRequired":true,"valueName":"search_term_string"}}],"inLanguage":"en-US"},{"@type":"Organization","@id":"https:\/\/proagrolab.com.ar\/#organization","name":"Proagro","url":"https:\/\/proagrolab.com.ar\/","logo":{"@type":"ImageObject","inLanguage":"en-US","@id":"https:\/\/proagrolab.com.ar\/#\/schema\/logo\/image\/","url":"https:\/\/proagrolab.com.ar\/wp-content\/uploads\/2020\/04\/logo-retina.png","contentUrl":"https:\/\/proagrolab.com.ar\/wp-content\/uploads\/2020\/04\/logo-retina.png","width":478,"height":120,"caption":"Proagro"},"image":{"@id":"https:\/\/proagrolab.com.ar\/#\/schema\/logo\/image\/"},"sameAs":["http:\/\/www.facebook.com\/proagrolab","https:\/\/www.instagram.com\/proagrolab\/","https:\/\/www.linkedin.com\/company\/laboratorio-proagro-s-a\/"]},{"@type":"Person","@id":"https:\/\/proagrolab.com.ar\/#\/schema\/person\/38003ff90bf80381f71c7d922d207444","name":"proagrolab"}]}},"_links":{"self":[{"href":"https:\/\/proagrolab.com.ar\/en\/wp-json\/wp\/v2\/posts\/6169","targetHints":{"allow":["GET"]}}],"collection":[{"href":"https:\/\/proagrolab.com.ar\/en\/wp-json\/wp\/v2\/posts"}],"about":[{"href":"https:\/\/proagrolab.com.ar\/en\/wp-json\/wp\/v2\/types\/post"}],"author":[{"embeddable":true,"href":"https:\/\/proagrolab.com.ar\/en\/wp-json\/wp\/v2\/users\/2"}],"replies":[{"embeddable":true,"href":"https:\/\/proagrolab.com.ar\/en\/wp-json\/wp\/v2\/comments?post=6169"}],"version-history":[{"count":1,"href":"https:\/\/proagrolab.com.ar\/en\/wp-json\/wp\/v2\/posts\/6169\/revisions"}],"predecessor-version":[{"id":14471,"href":"https:\/\/proagrolab.com.ar\/en\/wp-json\/wp\/v2\/posts\/6169\/revisions\/14471"}],"wp:featuredmedia":[{"embeddable":true,"href":"https:\/\/proagrolab.com.ar\/en\/wp-json\/wp\/v2\/media\/2656"}],"wp:attachment":[{"href":"https:\/\/proagrolab.com.ar\/en\/wp-json\/wp\/v2\/media?parent=6169"}],"wp:term":[{"taxonomy":"category","embeddable":true,"href":"https:\/\/proagrolab.com.ar\/en\/wp-json\/wp\/v2\/categories?post=6169"},{"taxonomy":"post_tag","embeddable":true,"href":"https:\/\/proagrolab.com.ar\/en\/wp-json\/wp\/v2\/tags?post=6169"}],"curies":[{"name":"wp","href":"https:\/\/api.w.org\/{rel}","templated":true}]}}