{"id":6164,"date":"2014-06-06T00:00:01","date_gmt":"2014-06-06T00:00:01","guid":{"rendered":"https:\/\/proagrolab.com.ar\/respuesta-a-posibles-acciones-la-secretaria-de-comercio-interior-con-el-sector-lacteo\/"},"modified":"2020-07-01T19:34:22","modified_gmt":"2020-07-01T19:34:22","slug":"respuesta-a-posibles-acciones-la-secretaria-de-comercio-interior-con-el-sector-lacteo","status":"publish","type":"post","link":"https:\/\/proagrolab.com.ar\/en\/respuesta-a-posibles-acciones-la-secretaria-de-comercio-interior-con-el-sector-lacteo\/","title":{"rendered":"Respuesta a posibles acciones la Secretaria de Comercio Interior con el sector l\u00e1cteo."},"content":{"rendered":"<p class=\"qtranxs-available-languages-message qtranxs-available-languages-message-en\"> <\/p><p>Desde CAPROLEC solicitaron una reuni\u00f3n urgente con el Ministro de Agricultura de la Naci\u00f3n y el Secretario de Comercio Interior antes distintas versiones period\u00edsticas de no abonar $3 por litro de leche.<\/p>\n<p>Versiones period\u00edsticas dejaron trascender que desde la Secretar\u00eda de Comercio Interior y por pedido de alguna industria en particular del sector l\u00e1cteo, se estar\u00eda recomendando a la totalidad de estas no pagar un valor superior a $ 3.- el litro de leche cruda. Diferentes Industrias est\u00e1n difundiendo esto entre sus remitentes, como condici\u00f3n impuesta de ese organismo.<\/p>\n<p><i>Desde CAPROLEC reclamaron:<\/i><br \/>a. Nunca hemos sido consultados por las actuales autoridades de la Secretar\u00eda de Comercio en relaci\u00f3n a nuestras necesidades de precios.<\/p>\n<p>b. Todos los estudios actuales determinan que la producci\u00f3n que se espera para el a\u00f1o en curso, estar\u00eda entre un 7 y 9 % por debajo del a\u00f1o 2013.<\/p>\n<p>c. Esta baja pronosticada de producci\u00f3n no obedece solo a cuestiones clim\u00e1ticas que afectaron y mucho el \u00faltimo semestre, sino fundamentalmente a la incidencia de mayores costos no acompa\u00f1ados en tiempo por el precio recibido.<\/p>\n<p>d. De corroborarse lo que difunde la prensa, m\u00e1s el mensaje que dejan algunas industrias, nos parecer\u00eda un desprop\u00f3sito total de parte de la Secretar\u00eda de Comercio Interior, la que estar\u00eda demostrando total ineptitud en el manejo del tema, ya que dicha medida solo generar\u00eda menor producci\u00f3n en perjuicio de todos.<\/p>\n<p>Ante lo expresado, y convencidos que hay otras pol\u00edticas para implementar que no perjudiquen a nadie y menos al consumidor, le solicitamos al Sr. Secretario de Comercio Interior Lic. Augusto Costa que en conjunto con autoridades del Ministerio de Agricultura, nos convoque urgente a las partes involucradas, Industria y Producci\u00f3n, para tratar este tema en particular y todos los temas que hacen al ordenamiento de la cadena L\u00e1ctea en beneficio de la comunidad toda.<\/p>\n<p>Fuente: Agrositio, 5 de junio.<br \/><\/p>","protected":false},"excerpt":{"rendered":"<p>Desde CAPROLEC solicitaron una reuni\u00f3n urgente con el Ministro de Agricultura de la Naci\u00f3n y el Secretario de Comercio Interior antes distintas versiones period\u00edsticas de no abonar $3 por litro de leche. Versiones period\u00edsticas dejaron trascender que desde la Secretar\u00eda de Comercio Interior y por pedido de alguna industria en particular del sector l\u00e1cteo, se estar\u00eda recomendando a la totalidad de estas no pagar un valor superior a $ 3.- el litro de leche cruda. Diferentes Industrias est\u00e1n difundiendo esto entre sus remitentes, como condici\u00f3n impuesta de ese organismo. Desde CAPROLEC reclamaron:a. Nunca hemos sido consultados por las actuales autoridades de la Secretar\u00eda de Comercio en relaci\u00f3n a nuestras necesidades de precios. b. Todos los estudios actuales determinan que la producci\u00f3n que se espera para el a\u00f1o en curso, estar\u00eda entre un 7 y 9 % por debajo del a\u00f1o 2013. c. Esta baja pronosticada de producci\u00f3n no obedece solo a cuestiones clim\u00e1ticas que afectaron y mucho el \u00faltimo semestre, sino fundamentalmente a la incidencia de mayores costos no acompa\u00f1ados en tiempo por el precio recibido. d. De corroborarse lo que difunde la prensa, m\u00e1s el mensaje que dejan algunas industrias, nos parecer\u00eda un desprop\u00f3sito total de parte de la [&hellip;]<\/p>\n","protected":false},"author":2,"featured_media":2651,"comment_status":"closed","ping_status":"open","sticky":false,"template":"","format":"standard","meta":{"_acf_changed":false,"footnotes":""},"categories":[56],"tags":[],"class_list":["post-6164","post","type-post","status-publish","format-standard","has-post-thumbnail","hentry","category-infoganadero"],"acf":[],"yoast_head":"<!-- This site is optimized with the Yoast SEO plugin v27.4 - https:\/\/yoast.com\/product\/yoast-seo-wordpress\/ -->\n<title>Respuesta a posibles acciones la Secretaria de Comercio Interior con el sector l\u00e1cteo. | Proagro<\/title>\n<meta name=\"robots\" content=\"index, follow, max-snippet:-1, max-image-preview:large, max-video-preview:-1\" \/>\n<link rel=\"canonical\" href=\"https:\/\/proagrolab.com.ar\/en\/respuesta-a-posibles-acciones-la-secretaria-de-comercio-interior-con-el-sector-lacteo\/\" \/>\n<meta property=\"og:locale\" content=\"en_US\" \/>\n<meta property=\"og:type\" content=\"article\" \/>\n<meta property=\"og:title\" content=\"Respuesta a posibles acciones la Secretaria de Comercio Interior con el sector l\u00e1cteo. | Proagro\" \/>\n<meta property=\"og:description\" content=\"Desde CAPROLEC solicitaron una reuni\u00f3n urgente con el Ministro de Agricultura de la Naci\u00f3n y el Secretario de Comercio Interior antes distintas versiones period\u00edsticas de no abonar $3 por litro de leche. Versiones period\u00edsticas dejaron trascender que desde la Secretar\u00eda de Comercio Interior y por pedido de alguna industria en particular del sector l\u00e1cteo, se estar\u00eda recomendando a la totalidad de estas no pagar un valor superior a $ 3.- el litro de leche cruda. Diferentes Industrias est\u00e1n difundiendo esto entre sus remitentes, como condici\u00f3n impuesta de ese organismo. Desde CAPROLEC reclamaron:a. Nunca hemos sido consultados por las actuales autoridades de la Secretar\u00eda de Comercio en relaci\u00f3n a nuestras necesidades de precios. b. Todos los estudios actuales determinan que la producci\u00f3n que se espera para el a\u00f1o en curso, estar\u00eda entre un 7 y 9 % por debajo del a\u00f1o 2013. c. Esta baja pronosticada de producci\u00f3n no obedece solo a cuestiones clim\u00e1ticas que afectaron y mucho el \u00faltimo semestre, sino fundamentalmente a la incidencia de mayores costos no acompa\u00f1ados en tiempo por el precio recibido. d. De corroborarse lo que difunde la prensa, m\u00e1s el mensaje que dejan algunas industrias, nos parecer\u00eda un desprop\u00f3sito total de parte de la [&hellip;]\" \/>\n<meta property=\"og:url\" content=\"https:\/\/proagrolab.com.ar\/respuesta-a-posibles-acciones-la-secretaria-de-comercio-interior-con-el-sector-lacteo\/\" \/>\n<meta property=\"og:site_name\" content=\"Proagro\" \/>\n<meta property=\"article:publisher\" content=\"http:\/\/www.facebook.com\/proagrolab\" \/>\n<meta property=\"article:published_time\" content=\"2014-06-06T00:00:01+00:00\" \/>\n<meta property=\"article:modified_time\" content=\"2020-07-01T19:34:22+00:00\" \/>\n<meta property=\"og:image\" content=\"https:\/\/proagrolab.com.ar\/wp-content\/uploads\/2015\/01\/g_szxkc7iy8__Lecheras-28.jpg\" \/>\n\t<meta property=\"og:image:width\" content=\"450\" \/>\n\t<meta property=\"og:image:height\" content=\"208\" \/>\n\t<meta property=\"og:image:type\" content=\"image\/jpeg\" \/>\n<meta name=\"author\" content=\"proagrolab\" \/>\n<meta name=\"twitter:card\" content=\"summary_large_image\" \/>\n<meta name=\"twitter:label1\" content=\"Written by\" \/>\n\t<meta name=\"twitter:data1\" content=\"proagrolab\" \/>\n\t<meta name=\"twitter:label2\" content=\"Est. reading time\" \/>\n\t<meta name=\"twitter:data2\" content=\"2 minutes\" \/>\n<script type=\"application\/ld+json\" class=\"yoast-schema-graph\">{\"@context\":\"https:\\\/\\\/schema.org\",\"@graph\":[{\"@type\":\"Article\",\"@id\":\"https:\\\/\\\/proagrolab.com.ar\\\/respuesta-a-posibles-acciones-la-secretaria-de-comercio-interior-con-el-sector-lacteo\\\/#article\",\"isPartOf\":{\"@id\":\"https:\\\/\\\/proagrolab.com.ar\\\/respuesta-a-posibles-acciones-la-secretaria-de-comercio-interior-con-el-sector-lacteo\\\/\"},\"author\":{\"name\":\"proagrolab\",\"@id\":\"https:\\\/\\\/proagrolab.com.ar\\\/#\\\/schema\\\/person\\\/38003ff90bf80381f71c7d922d207444\"},\"headline\":\"Respuesta a posibles acciones la Secretaria de Comercio Interior con el sector l\u00e1cteo.\",\"datePublished\":\"2014-06-06T00:00:01+00:00\",\"dateModified\":\"2020-07-01T19:34:22+00:00\",\"mainEntityOfPage\":{\"@id\":\"https:\\\/\\\/proagrolab.com.ar\\\/respuesta-a-posibles-acciones-la-secretaria-de-comercio-interior-con-el-sector-lacteo\\\/\"},\"wordCount\":342,\"publisher\":{\"@id\":\"https:\\\/\\\/proagrolab.com.ar\\\/#organization\"},\"image\":{\"@id\":\"https:\\\/\\\/proagrolab.com.ar\\\/respuesta-a-posibles-acciones-la-secretaria-de-comercio-interior-con-el-sector-lacteo\\\/#primaryimage\"},\"thumbnailUrl\":\"https:\\\/\\\/proagrolab.com.ar\\\/wp-content\\\/uploads\\\/2015\\\/01\\\/g_szxkc7iy8__Lecheras-28.jpg\",\"articleSection\":[\"News\"],\"inLanguage\":\"en-US\"},{\"@type\":\"WebPage\",\"@id\":\"https:\\\/\\\/proagrolab.com.ar\\\/respuesta-a-posibles-acciones-la-secretaria-de-comercio-interior-con-el-sector-lacteo\\\/\",\"url\":\"https:\\\/\\\/proagrolab.com.ar\\\/respuesta-a-posibles-acciones-la-secretaria-de-comercio-interior-con-el-sector-lacteo\\\/\",\"name\":\"Respuesta a posibles acciones la Secretaria de Comercio Interior con el sector l\u00e1cteo. | Proagro\",\"isPartOf\":{\"@id\":\"https:\\\/\\\/proagrolab.com.ar\\\/#website\"},\"primaryImageOfPage\":{\"@id\":\"https:\\\/\\\/proagrolab.com.ar\\\/respuesta-a-posibles-acciones-la-secretaria-de-comercio-interior-con-el-sector-lacteo\\\/#primaryimage\"},\"image\":{\"@id\":\"https:\\\/\\\/proagrolab.com.ar\\\/respuesta-a-posibles-acciones-la-secretaria-de-comercio-interior-con-el-sector-lacteo\\\/#primaryimage\"},\"thumbnailUrl\":\"https:\\\/\\\/proagrolab.com.ar\\\/wp-content\\\/uploads\\\/2015\\\/01\\\/g_szxkc7iy8__Lecheras-28.jpg\",\"datePublished\":\"2014-06-06T00:00:01+00:00\",\"dateModified\":\"2020-07-01T19:34:22+00:00\",\"breadcrumb\":{\"@id\":\"https:\\\/\\\/proagrolab.com.ar\\\/respuesta-a-posibles-acciones-la-secretaria-de-comercio-interior-con-el-sector-lacteo\\\/#breadcrumb\"},\"inLanguage\":\"en-US\",\"potentialAction\":[{\"@type\":\"ReadAction\",\"target\":[\"https:\\\/\\\/proagrolab.com.ar\\\/respuesta-a-posibles-acciones-la-secretaria-de-comercio-interior-con-el-sector-lacteo\\\/\"]}]},{\"@type\":\"ImageObject\",\"inLanguage\":\"en-US\",\"@id\":\"https:\\\/\\\/proagrolab.com.ar\\\/respuesta-a-posibles-acciones-la-secretaria-de-comercio-interior-con-el-sector-lacteo\\\/#primaryimage\",\"url\":\"https:\\\/\\\/proagrolab.com.ar\\\/wp-content\\\/uploads\\\/2015\\\/01\\\/g_szxkc7iy8__Lecheras-28.jpg\",\"contentUrl\":\"https:\\\/\\\/proagrolab.com.ar\\\/wp-content\\\/uploads\\\/2015\\\/01\\\/g_szxkc7iy8__Lecheras-28.jpg\",\"width\":450,\"height\":208},{\"@type\":\"BreadcrumbList\",\"@id\":\"https:\\\/\\\/proagrolab.com.ar\\\/respuesta-a-posibles-acciones-la-secretaria-de-comercio-interior-con-el-sector-lacteo\\\/#breadcrumb\",\"itemListElement\":[{\"@type\":\"ListItem\",\"position\":1,\"name\":\"Portada\",\"item\":\"https:\\\/\\\/proagrolab.com.ar\\\/\"},{\"@type\":\"ListItem\",\"position\":2,\"name\":\"Respuesta a posibles acciones la Secretaria de Comercio Interior con el sector l\u00e1cteo.\"}]},{\"@type\":\"WebSite\",\"@id\":\"https:\\\/\\\/proagrolab.com.ar\\\/#website\",\"url\":\"https:\\\/\\\/proagrolab.com.ar\\\/\",\"name\":\"Proagro Laboratorio Veterinario\",\"description\":\"Veterinary laboratory\",\"publisher\":{\"@id\":\"https:\\\/\\\/proagrolab.com.ar\\\/#organization\"},\"potentialAction\":[{\"@type\":\"SearchAction\",\"target\":{\"@type\":\"EntryPoint\",\"urlTemplate\":\"https:\\\/\\\/proagrolab.com.ar\\\/?s={search_term_string}\"},\"query-input\":{\"@type\":\"PropertyValueSpecification\",\"valueRequired\":true,\"valueName\":\"search_term_string\"}}],\"inLanguage\":\"en-US\"},{\"@type\":\"Organization\",\"@id\":\"https:\\\/\\\/proagrolab.com.ar\\\/#organization\",\"name\":\"Proagro\",\"url\":\"https:\\\/\\\/proagrolab.com.ar\\\/\",\"logo\":{\"@type\":\"ImageObject\",\"inLanguage\":\"en-US\",\"@id\":\"https:\\\/\\\/proagrolab.com.ar\\\/#\\\/schema\\\/logo\\\/image\\\/\",\"url\":\"https:\\\/\\\/proagrolab.com.ar\\\/wp-content\\\/uploads\\\/2020\\\/04\\\/logo-retina.png\",\"contentUrl\":\"https:\\\/\\\/proagrolab.com.ar\\\/wp-content\\\/uploads\\\/2020\\\/04\\\/logo-retina.png\",\"width\":478,\"height\":120,\"caption\":\"Proagro\"},\"image\":{\"@id\":\"https:\\\/\\\/proagrolab.com.ar\\\/#\\\/schema\\\/logo\\\/image\\\/\"},\"sameAs\":[\"http:\\\/\\\/www.facebook.com\\\/proagrolab\",\"https:\\\/\\\/www.instagram.com\\\/proagrolab\\\/\",\"https:\\\/\\\/www.linkedin.com\\\/company\\\/laboratorio-proagro-s-a\\\/\"]},{\"@type\":\"Person\",\"@id\":\"https:\\\/\\\/proagrolab.com.ar\\\/#\\\/schema\\\/person\\\/38003ff90bf80381f71c7d922d207444\",\"name\":\"proagrolab\"}]}<\/script>\n<!-- \/ Yoast SEO plugin. -->","yoast_head_json":{"title":"Respuesta a posibles acciones la Secretaria de Comercio Interior con el sector l\u00e1cteo. | Proagro","robots":{"index":"index","follow":"follow","max-snippet":"max-snippet:-1","max-image-preview":"max-image-preview:large","max-video-preview":"max-video-preview:-1"},"canonical":"https:\/\/proagrolab.com.ar\/en\/respuesta-a-posibles-acciones-la-secretaria-de-comercio-interior-con-el-sector-lacteo\/","og_locale":"en_US","og_type":"article","og_title":"Respuesta a posibles acciones la Secretaria de Comercio Interior con el sector l\u00e1cteo. | Proagro","og_description":"Desde CAPROLEC solicitaron una reuni\u00f3n urgente con el Ministro de Agricultura de la Naci\u00f3n y el Secretario de Comercio Interior antes distintas versiones period\u00edsticas de no abonar $3 por litro de leche. Versiones period\u00edsticas dejaron trascender que desde la Secretar\u00eda de Comercio Interior y por pedido de alguna industria en particular del sector l\u00e1cteo, se estar\u00eda recomendando a la totalidad de estas no pagar un valor superior a $ 3.- el litro de leche cruda. Diferentes Industrias est\u00e1n difundiendo esto entre sus remitentes, como condici\u00f3n impuesta de ese organismo. Desde CAPROLEC reclamaron:a. Nunca hemos sido consultados por las actuales autoridades de la Secretar\u00eda de Comercio en relaci\u00f3n a nuestras necesidades de precios. b. Todos los estudios actuales determinan que la producci\u00f3n que se espera para el a\u00f1o en curso, estar\u00eda entre un 7 y 9 % por debajo del a\u00f1o 2013. c. Esta baja pronosticada de producci\u00f3n no obedece solo a cuestiones clim\u00e1ticas que afectaron y mucho el \u00faltimo semestre, sino fundamentalmente a la incidencia de mayores costos no acompa\u00f1ados en tiempo por el precio recibido. d. De corroborarse lo que difunde la prensa, m\u00e1s el mensaje que dejan algunas industrias, nos parecer\u00eda un desprop\u00f3sito total de parte de la [&hellip;]","og_url":"https:\/\/proagrolab.com.ar\/respuesta-a-posibles-acciones-la-secretaria-de-comercio-interior-con-el-sector-lacteo\/","og_site_name":"Proagro","article_publisher":"http:\/\/www.facebook.com\/proagrolab","article_published_time":"2014-06-06T00:00:01+00:00","article_modified_time":"2020-07-01T19:34:22+00:00","og_image":[{"width":450,"height":208,"url":"https:\/\/proagrolab.com.ar\/wp-content\/uploads\/2015\/01\/g_szxkc7iy8__Lecheras-28.jpg","type":"image\/jpeg"}],"author":"proagrolab","twitter_card":"summary_large_image","twitter_misc":{"Written by":"proagrolab","Est. reading time":"2 minutes"},"schema":{"@context":"https:\/\/schema.org","@graph":[{"@type":"Article","@id":"https:\/\/proagrolab.com.ar\/respuesta-a-posibles-acciones-la-secretaria-de-comercio-interior-con-el-sector-lacteo\/#article","isPartOf":{"@id":"https:\/\/proagrolab.com.ar\/respuesta-a-posibles-acciones-la-secretaria-de-comercio-interior-con-el-sector-lacteo\/"},"author":{"name":"proagrolab","@id":"https:\/\/proagrolab.com.ar\/#\/schema\/person\/38003ff90bf80381f71c7d922d207444"},"headline":"Respuesta a posibles acciones la Secretaria de Comercio Interior con el sector l\u00e1cteo.","datePublished":"2014-06-06T00:00:01+00:00","dateModified":"2020-07-01T19:34:22+00:00","mainEntityOfPage":{"@id":"https:\/\/proagrolab.com.ar\/respuesta-a-posibles-acciones-la-secretaria-de-comercio-interior-con-el-sector-lacteo\/"},"wordCount":342,"publisher":{"@id":"https:\/\/proagrolab.com.ar\/#organization"},"image":{"@id":"https:\/\/proagrolab.com.ar\/respuesta-a-posibles-acciones-la-secretaria-de-comercio-interior-con-el-sector-lacteo\/#primaryimage"},"thumbnailUrl":"https:\/\/proagrolab.com.ar\/wp-content\/uploads\/2015\/01\/g_szxkc7iy8__Lecheras-28.jpg","articleSection":["News"],"inLanguage":"en-US"},{"@type":"WebPage","@id":"https:\/\/proagrolab.com.ar\/respuesta-a-posibles-acciones-la-secretaria-de-comercio-interior-con-el-sector-lacteo\/","url":"https:\/\/proagrolab.com.ar\/respuesta-a-posibles-acciones-la-secretaria-de-comercio-interior-con-el-sector-lacteo\/","name":"Respuesta a posibles acciones la Secretaria de Comercio Interior con el sector l\u00e1cteo. | Proagro","isPartOf":{"@id":"https:\/\/proagrolab.com.ar\/#website"},"primaryImageOfPage":{"@id":"https:\/\/proagrolab.com.ar\/respuesta-a-posibles-acciones-la-secretaria-de-comercio-interior-con-el-sector-lacteo\/#primaryimage"},"image":{"@id":"https:\/\/proagrolab.com.ar\/respuesta-a-posibles-acciones-la-secretaria-de-comercio-interior-con-el-sector-lacteo\/#primaryimage"},"thumbnailUrl":"https:\/\/proagrolab.com.ar\/wp-content\/uploads\/2015\/01\/g_szxkc7iy8__Lecheras-28.jpg","datePublished":"2014-06-06T00:00:01+00:00","dateModified":"2020-07-01T19:34:22+00:00","breadcrumb":{"@id":"https:\/\/proagrolab.com.ar\/respuesta-a-posibles-acciones-la-secretaria-de-comercio-interior-con-el-sector-lacteo\/#breadcrumb"},"inLanguage":"en-US","potentialAction":[{"@type":"ReadAction","target":["https:\/\/proagrolab.com.ar\/respuesta-a-posibles-acciones-la-secretaria-de-comercio-interior-con-el-sector-lacteo\/"]}]},{"@type":"ImageObject","inLanguage":"en-US","@id":"https:\/\/proagrolab.com.ar\/respuesta-a-posibles-acciones-la-secretaria-de-comercio-interior-con-el-sector-lacteo\/#primaryimage","url":"https:\/\/proagrolab.com.ar\/wp-content\/uploads\/2015\/01\/g_szxkc7iy8__Lecheras-28.jpg","contentUrl":"https:\/\/proagrolab.com.ar\/wp-content\/uploads\/2015\/01\/g_szxkc7iy8__Lecheras-28.jpg","width":450,"height":208},{"@type":"BreadcrumbList","@id":"https:\/\/proagrolab.com.ar\/respuesta-a-posibles-acciones-la-secretaria-de-comercio-interior-con-el-sector-lacteo\/#breadcrumb","itemListElement":[{"@type":"ListItem","position":1,"name":"Portada","item":"https:\/\/proagrolab.com.ar\/"},{"@type":"ListItem","position":2,"name":"Respuesta a posibles acciones la Secretaria de Comercio Interior con el sector l\u00e1cteo."}]},{"@type":"WebSite","@id":"https:\/\/proagrolab.com.ar\/#website","url":"https:\/\/proagrolab.com.ar\/","name":"Proagro Laboratorio Veterinario","description":"Veterinary laboratory","publisher":{"@id":"https:\/\/proagrolab.com.ar\/#organization"},"potentialAction":[{"@type":"SearchAction","target":{"@type":"EntryPoint","urlTemplate":"https:\/\/proagrolab.com.ar\/?s={search_term_string}"},"query-input":{"@type":"PropertyValueSpecification","valueRequired":true,"valueName":"search_term_string"}}],"inLanguage":"en-US"},{"@type":"Organization","@id":"https:\/\/proagrolab.com.ar\/#organization","name":"Proagro","url":"https:\/\/proagrolab.com.ar\/","logo":{"@type":"ImageObject","inLanguage":"en-US","@id":"https:\/\/proagrolab.com.ar\/#\/schema\/logo\/image\/","url":"https:\/\/proagrolab.com.ar\/wp-content\/uploads\/2020\/04\/logo-retina.png","contentUrl":"https:\/\/proagrolab.com.ar\/wp-content\/uploads\/2020\/04\/logo-retina.png","width":478,"height":120,"caption":"Proagro"},"image":{"@id":"https:\/\/proagrolab.com.ar\/#\/schema\/logo\/image\/"},"sameAs":["http:\/\/www.facebook.com\/proagrolab","https:\/\/www.instagram.com\/proagrolab\/","https:\/\/www.linkedin.com\/company\/laboratorio-proagro-s-a\/"]},{"@type":"Person","@id":"https:\/\/proagrolab.com.ar\/#\/schema\/person\/38003ff90bf80381f71c7d922d207444","name":"proagrolab"}]}},"_links":{"self":[{"href":"https:\/\/proagrolab.com.ar\/en\/wp-json\/wp\/v2\/posts\/6164","targetHints":{"allow":["GET"]}}],"collection":[{"href":"https:\/\/proagrolab.com.ar\/en\/wp-json\/wp\/v2\/posts"}],"about":[{"href":"https:\/\/proagrolab.com.ar\/en\/wp-json\/wp\/v2\/types\/post"}],"author":[{"embeddable":true,"href":"https:\/\/proagrolab.com.ar\/en\/wp-json\/wp\/v2\/users\/2"}],"replies":[{"embeddable":true,"href":"https:\/\/proagrolab.com.ar\/en\/wp-json\/wp\/v2\/comments?post=6164"}],"version-history":[{"count":1,"href":"https:\/\/proagrolab.com.ar\/en\/wp-json\/wp\/v2\/posts\/6164\/revisions"}],"predecessor-version":[{"id":14466,"href":"https:\/\/proagrolab.com.ar\/en\/wp-json\/wp\/v2\/posts\/6164\/revisions\/14466"}],"wp:featuredmedia":[{"embeddable":true,"href":"https:\/\/proagrolab.com.ar\/en\/wp-json\/wp\/v2\/media\/2651"}],"wp:attachment":[{"href":"https:\/\/proagrolab.com.ar\/en\/wp-json\/wp\/v2\/media?parent=6164"}],"wp:term":[{"taxonomy":"category","embeddable":true,"href":"https:\/\/proagrolab.com.ar\/en\/wp-json\/wp\/v2\/categories?post=6164"},{"taxonomy":"post_tag","embeddable":true,"href":"https:\/\/proagrolab.com.ar\/en\/wp-json\/wp\/v2\/tags?post=6164"}],"curies":[{"name":"wp","href":"https:\/\/api.w.org\/{rel}","templated":true}]}}