{"id":6163,"date":"2014-06-06T00:00:01","date_gmt":"2014-06-06T00:00:01","guid":{"rendered":"https:\/\/proagrolab.com.ar\/tambos-piden-cita-con-capitanich\/"},"modified":"2020-07-01T19:34:28","modified_gmt":"2020-07-01T19:34:28","slug":"tambos-piden-cita-con-capitanich","status":"publish","type":"post","link":"https:\/\/proagrolab.com.ar\/en\/tambos-piden-cita-con-capitanich\/","title":{"rendered":"Tambos: piden cita con Capitanich."},"content":{"rendered":"<p class=\"qtranxs-available-languages-message qtranxs-available-languages-message-en\"> <\/p><p>La Mesa Nacional de Productores de Leche advirti\u00f3 que las gestiones realizadas ante el Ministerio de Agricultura de la Naci\u00f3n para obtener apoyo econ\u00f3mico-financiero y modificaciones en las pol\u00edticas para la actividad \u0093no han tenido los resultados esperados\u0094.<\/p>\n<p>La Mesa Nacional de Productores de Leche advirti\u00f3 que las gestiones realizadas ante el Ministerio de Agricultura de la Naci\u00f3n para obtener apoyo econ\u00f3mico-financiero y modificaciones en las pol\u00edticas para la actividad \u0093no han tenido los resultados esperados\u0094.<\/p>\n<p>En un comunicado bajo el t\u00edtulo \u0093Preparando las exequias\u0094, la agrupaci\u00f3n inform\u00f3 que en la reuni\u00f3n del 27 de mayo \u00faltimo se inform\u00f3 que las gestiones en marcha con distintas instituciones bancarias provinciales, s\u00f3lo abarcan a los tambos en situaci\u00f3n de emergencia clim\u00e1tica, pero con tasas y plazos incompatibles con la situaci\u00f3n que transitan y la deficitaria actividad.<\/p>\n<p>Ello motiv\u00f3 que los referentes de la producci\u00f3n le solicitaran al ministro Carlos Casamiquela que concrete una reuni\u00f3n con el jefe de Gabinete, Jorge Capitanich, y con el ministro de Econom\u00eda de la Naci\u00f3n, Axel Kicillof. La mesa lechera tambi\u00e9n refiri\u00f3 que fuentes confiables se\u00f1alan que la Secretar\u00eda de Comercio Interior estar\u00eda exigiendo, dentro de su programa de control de precios, que se fije el valor de la leche cruda en tres pesos por litro, para evitar que aumentos se trasladen a los productos l\u00e1cteos, hoy regulados.<\/p>\n<p>Fuente: La Voz del Interior, 6 de junio.<br \/><\/p>","protected":false},"excerpt":{"rendered":"<p>La Mesa Nacional de Productores de Leche advirti\u00f3 que las gestiones realizadas ante el Ministerio de Agricultura de la Naci\u00f3n para obtener apoyo econ\u00f3mico-financiero y modificaciones en las pol\u00edticas para la actividad \u0093no han tenido los resultados esperados\u0094. La Mesa Nacional de Productores de Leche advirti\u00f3 que las gestiones realizadas ante el Ministerio de Agricultura de la Naci\u00f3n para obtener apoyo econ\u00f3mico-financiero y modificaciones en las pol\u00edticas para la actividad \u0093no han tenido los resultados esperados\u0094. En un comunicado bajo el t\u00edtulo \u0093Preparando las exequias\u0094, la agrupaci\u00f3n inform\u00f3 que en la reuni\u00f3n del 27 de mayo \u00faltimo se inform\u00f3 que las gestiones en marcha con distintas instituciones bancarias provinciales, s\u00f3lo abarcan a los tambos en situaci\u00f3n de emergencia clim\u00e1tica, pero con tasas y plazos incompatibles con la situaci\u00f3n que transitan y la deficitaria actividad. Ello motiv\u00f3 que los referentes de la producci\u00f3n le solicitaran al ministro Carlos Casamiquela que concrete una reuni\u00f3n con el jefe de Gabinete, Jorge Capitanich, y con el ministro de Econom\u00eda de la Naci\u00f3n, Axel Kicillof. La mesa lechera tambi\u00e9n refiri\u00f3 que fuentes confiables se\u00f1alan que la Secretar\u00eda de Comercio Interior estar\u00eda exigiendo, dentro de su programa de control de precios, que se fije el valor [&hellip;]<\/p>\n","protected":false},"author":2,"featured_media":2650,"comment_status":"closed","ping_status":"open","sticky":false,"template":"","format":"standard","meta":{"_acf_changed":false,"footnotes":""},"categories":[56],"tags":[],"class_list":["post-6163","post","type-post","status-publish","format-standard","has-post-thumbnail","hentry","category-infoganadero"],"acf":[],"yoast_head":"<!-- This site is optimized with the Yoast SEO plugin v27.4 - https:\/\/yoast.com\/product\/yoast-seo-wordpress\/ -->\n<title>Tambos: piden cita con Capitanich. | Proagro<\/title>\n<meta name=\"robots\" content=\"index, follow, max-snippet:-1, max-image-preview:large, max-video-preview:-1\" \/>\n<link rel=\"canonical\" href=\"https:\/\/proagrolab.com.ar\/en\/tambos-piden-cita-con-capitanich\/\" \/>\n<meta property=\"og:locale\" content=\"en_US\" \/>\n<meta property=\"og:type\" content=\"article\" \/>\n<meta property=\"og:title\" content=\"Tambos: piden cita con Capitanich. | Proagro\" \/>\n<meta property=\"og:description\" content=\"La Mesa Nacional de Productores de Leche advirti\u00f3 que las gestiones realizadas ante el Ministerio de Agricultura de la Naci\u00f3n para obtener apoyo econ\u00f3mico-financiero y modificaciones en las pol\u00edticas para la actividad \u0093no han tenido los resultados esperados\u0094. La Mesa Nacional de Productores de Leche advirti\u00f3 que las gestiones realizadas ante el Ministerio de Agricultura de la Naci\u00f3n para obtener apoyo econ\u00f3mico-financiero y modificaciones en las pol\u00edticas para la actividad \u0093no han tenido los resultados esperados\u0094. En un comunicado bajo el t\u00edtulo \u0093Preparando las exequias\u0094, la agrupaci\u00f3n inform\u00f3 que en la reuni\u00f3n del 27 de mayo \u00faltimo se inform\u00f3 que las gestiones en marcha con distintas instituciones bancarias provinciales, s\u00f3lo abarcan a los tambos en situaci\u00f3n de emergencia clim\u00e1tica, pero con tasas y plazos incompatibles con la situaci\u00f3n que transitan y la deficitaria actividad. Ello motiv\u00f3 que los referentes de la producci\u00f3n le solicitaran al ministro Carlos Casamiquela que concrete una reuni\u00f3n con el jefe de Gabinete, Jorge Capitanich, y con el ministro de Econom\u00eda de la Naci\u00f3n, Axel Kicillof. La mesa lechera tambi\u00e9n refiri\u00f3 que fuentes confiables se\u00f1alan que la Secretar\u00eda de Comercio Interior estar\u00eda exigiendo, dentro de su programa de control de precios, que se fije el valor [&hellip;]\" \/>\n<meta property=\"og:url\" content=\"https:\/\/proagrolab.com.ar\/tambos-piden-cita-con-capitanich\/\" \/>\n<meta property=\"og:site_name\" content=\"Proagro\" \/>\n<meta property=\"article:publisher\" content=\"http:\/\/www.facebook.com\/proagrolab\" \/>\n<meta property=\"article:published_time\" content=\"2014-06-06T00:00:01+00:00\" \/>\n<meta property=\"article:modified_time\" content=\"2020-07-01T19:34:28+00:00\" \/>\n<meta property=\"og:image\" content=\"https:\/\/proagrolab.com.ar\/wp-content\/uploads\/2015\/01\/g_sh1apqd6i__Lecheras-19.jpg\" \/>\n\t<meta property=\"og:image:width\" content=\"450\" \/>\n\t<meta property=\"og:image:height\" content=\"208\" \/>\n\t<meta property=\"og:image:type\" content=\"image\/jpeg\" \/>\n<meta name=\"author\" content=\"proagrolab\" \/>\n<meta name=\"twitter:card\" content=\"summary_large_image\" \/>\n<meta name=\"twitter:label1\" content=\"Written by\" \/>\n\t<meta name=\"twitter:data1\" content=\"proagrolab\" \/>\n\t<meta name=\"twitter:label2\" content=\"Est. reading time\" \/>\n\t<meta name=\"twitter:data2\" content=\"1 minute\" \/>\n<script type=\"application\/ld+json\" class=\"yoast-schema-graph\">{\"@context\":\"https:\\\/\\\/schema.org\",\"@graph\":[{\"@type\":\"Article\",\"@id\":\"https:\\\/\\\/proagrolab.com.ar\\\/tambos-piden-cita-con-capitanich\\\/#article\",\"isPartOf\":{\"@id\":\"https:\\\/\\\/proagrolab.com.ar\\\/tambos-piden-cita-con-capitanich\\\/\"},\"author\":{\"name\":\"proagrolab\",\"@id\":\"https:\\\/\\\/proagrolab.com.ar\\\/#\\\/schema\\\/person\\\/38003ff90bf80381f71c7d922d207444\"},\"headline\":\"Tambos: piden cita con Capitanich.\",\"datePublished\":\"2014-06-06T00:00:01+00:00\",\"dateModified\":\"2020-07-01T19:34:28+00:00\",\"mainEntityOfPage\":{\"@id\":\"https:\\\/\\\/proagrolab.com.ar\\\/tambos-piden-cita-con-capitanich\\\/\"},\"wordCount\":254,\"publisher\":{\"@id\":\"https:\\\/\\\/proagrolab.com.ar\\\/#organization\"},\"image\":{\"@id\":\"https:\\\/\\\/proagrolab.com.ar\\\/tambos-piden-cita-con-capitanich\\\/#primaryimage\"},\"thumbnailUrl\":\"https:\\\/\\\/proagrolab.com.ar\\\/wp-content\\\/uploads\\\/2015\\\/01\\\/g_sh1apqd6i__Lecheras-19.jpg\",\"articleSection\":[\"News\"],\"inLanguage\":\"en-US\"},{\"@type\":\"WebPage\",\"@id\":\"https:\\\/\\\/proagrolab.com.ar\\\/tambos-piden-cita-con-capitanich\\\/\",\"url\":\"https:\\\/\\\/proagrolab.com.ar\\\/tambos-piden-cita-con-capitanich\\\/\",\"name\":\"Tambos: piden cita con Capitanich. | Proagro\",\"isPartOf\":{\"@id\":\"https:\\\/\\\/proagrolab.com.ar\\\/#website\"},\"primaryImageOfPage\":{\"@id\":\"https:\\\/\\\/proagrolab.com.ar\\\/tambos-piden-cita-con-capitanich\\\/#primaryimage\"},\"image\":{\"@id\":\"https:\\\/\\\/proagrolab.com.ar\\\/tambos-piden-cita-con-capitanich\\\/#primaryimage\"},\"thumbnailUrl\":\"https:\\\/\\\/proagrolab.com.ar\\\/wp-content\\\/uploads\\\/2015\\\/01\\\/g_sh1apqd6i__Lecheras-19.jpg\",\"datePublished\":\"2014-06-06T00:00:01+00:00\",\"dateModified\":\"2020-07-01T19:34:28+00:00\",\"breadcrumb\":{\"@id\":\"https:\\\/\\\/proagrolab.com.ar\\\/tambos-piden-cita-con-capitanich\\\/#breadcrumb\"},\"inLanguage\":\"en-US\",\"potentialAction\":[{\"@type\":\"ReadAction\",\"target\":[\"https:\\\/\\\/proagrolab.com.ar\\\/tambos-piden-cita-con-capitanich\\\/\"]}]},{\"@type\":\"ImageObject\",\"inLanguage\":\"en-US\",\"@id\":\"https:\\\/\\\/proagrolab.com.ar\\\/tambos-piden-cita-con-capitanich\\\/#primaryimage\",\"url\":\"https:\\\/\\\/proagrolab.com.ar\\\/wp-content\\\/uploads\\\/2015\\\/01\\\/g_sh1apqd6i__Lecheras-19.jpg\",\"contentUrl\":\"https:\\\/\\\/proagrolab.com.ar\\\/wp-content\\\/uploads\\\/2015\\\/01\\\/g_sh1apqd6i__Lecheras-19.jpg\",\"width\":450,\"height\":208},{\"@type\":\"BreadcrumbList\",\"@id\":\"https:\\\/\\\/proagrolab.com.ar\\\/tambos-piden-cita-con-capitanich\\\/#breadcrumb\",\"itemListElement\":[{\"@type\":\"ListItem\",\"position\":1,\"name\":\"Portada\",\"item\":\"https:\\\/\\\/proagrolab.com.ar\\\/\"},{\"@type\":\"ListItem\",\"position\":2,\"name\":\"Tambos: piden cita con Capitanich.\"}]},{\"@type\":\"WebSite\",\"@id\":\"https:\\\/\\\/proagrolab.com.ar\\\/#website\",\"url\":\"https:\\\/\\\/proagrolab.com.ar\\\/\",\"name\":\"Proagro Laboratorio Veterinario\",\"description\":\"Veterinary laboratory\",\"publisher\":{\"@id\":\"https:\\\/\\\/proagrolab.com.ar\\\/#organization\"},\"potentialAction\":[{\"@type\":\"SearchAction\",\"target\":{\"@type\":\"EntryPoint\",\"urlTemplate\":\"https:\\\/\\\/proagrolab.com.ar\\\/?s={search_term_string}\"},\"query-input\":{\"@type\":\"PropertyValueSpecification\",\"valueRequired\":true,\"valueName\":\"search_term_string\"}}],\"inLanguage\":\"en-US\"},{\"@type\":\"Organization\",\"@id\":\"https:\\\/\\\/proagrolab.com.ar\\\/#organization\",\"name\":\"Proagro\",\"url\":\"https:\\\/\\\/proagrolab.com.ar\\\/\",\"logo\":{\"@type\":\"ImageObject\",\"inLanguage\":\"en-US\",\"@id\":\"https:\\\/\\\/proagrolab.com.ar\\\/#\\\/schema\\\/logo\\\/image\\\/\",\"url\":\"https:\\\/\\\/proagrolab.com.ar\\\/wp-content\\\/uploads\\\/2020\\\/04\\\/logo-retina.png\",\"contentUrl\":\"https:\\\/\\\/proagrolab.com.ar\\\/wp-content\\\/uploads\\\/2020\\\/04\\\/logo-retina.png\",\"width\":478,\"height\":120,\"caption\":\"Proagro\"},\"image\":{\"@id\":\"https:\\\/\\\/proagrolab.com.ar\\\/#\\\/schema\\\/logo\\\/image\\\/\"},\"sameAs\":[\"http:\\\/\\\/www.facebook.com\\\/proagrolab\",\"https:\\\/\\\/www.instagram.com\\\/proagrolab\\\/\",\"https:\\\/\\\/www.linkedin.com\\\/company\\\/laboratorio-proagro-s-a\\\/\"]},{\"@type\":\"Person\",\"@id\":\"https:\\\/\\\/proagrolab.com.ar\\\/#\\\/schema\\\/person\\\/38003ff90bf80381f71c7d922d207444\",\"name\":\"proagrolab\"}]}<\/script>\n<!-- \/ Yoast SEO plugin. -->","yoast_head_json":{"title":"Tambos: piden cita con Capitanich. | Proagro","robots":{"index":"index","follow":"follow","max-snippet":"max-snippet:-1","max-image-preview":"max-image-preview:large","max-video-preview":"max-video-preview:-1"},"canonical":"https:\/\/proagrolab.com.ar\/en\/tambos-piden-cita-con-capitanich\/","og_locale":"en_US","og_type":"article","og_title":"Tambos: piden cita con Capitanich. | Proagro","og_description":"La Mesa Nacional de Productores de Leche advirti\u00f3 que las gestiones realizadas ante el Ministerio de Agricultura de la Naci\u00f3n para obtener apoyo econ\u00f3mico-financiero y modificaciones en las pol\u00edticas para la actividad \u0093no han tenido los resultados esperados\u0094. La Mesa Nacional de Productores de Leche advirti\u00f3 que las gestiones realizadas ante el Ministerio de Agricultura de la Naci\u00f3n para obtener apoyo econ\u00f3mico-financiero y modificaciones en las pol\u00edticas para la actividad \u0093no han tenido los resultados esperados\u0094. En un comunicado bajo el t\u00edtulo \u0093Preparando las exequias\u0094, la agrupaci\u00f3n inform\u00f3 que en la reuni\u00f3n del 27 de mayo \u00faltimo se inform\u00f3 que las gestiones en marcha con distintas instituciones bancarias provinciales, s\u00f3lo abarcan a los tambos en situaci\u00f3n de emergencia clim\u00e1tica, pero con tasas y plazos incompatibles con la situaci\u00f3n que transitan y la deficitaria actividad. Ello motiv\u00f3 que los referentes de la producci\u00f3n le solicitaran al ministro Carlos Casamiquela que concrete una reuni\u00f3n con el jefe de Gabinete, Jorge Capitanich, y con el ministro de Econom\u00eda de la Naci\u00f3n, Axel Kicillof. La mesa lechera tambi\u00e9n refiri\u00f3 que fuentes confiables se\u00f1alan que la Secretar\u00eda de Comercio Interior estar\u00eda exigiendo, dentro de su programa de control de precios, que se fije el valor [&hellip;]","og_url":"https:\/\/proagrolab.com.ar\/tambos-piden-cita-con-capitanich\/","og_site_name":"Proagro","article_publisher":"http:\/\/www.facebook.com\/proagrolab","article_published_time":"2014-06-06T00:00:01+00:00","article_modified_time":"2020-07-01T19:34:28+00:00","og_image":[{"width":450,"height":208,"url":"https:\/\/proagrolab.com.ar\/wp-content\/uploads\/2015\/01\/g_sh1apqd6i__Lecheras-19.jpg","type":"image\/jpeg"}],"author":"proagrolab","twitter_card":"summary_large_image","twitter_misc":{"Written by":"proagrolab","Est. reading time":"1 minute"},"schema":{"@context":"https:\/\/schema.org","@graph":[{"@type":"Article","@id":"https:\/\/proagrolab.com.ar\/tambos-piden-cita-con-capitanich\/#article","isPartOf":{"@id":"https:\/\/proagrolab.com.ar\/tambos-piden-cita-con-capitanich\/"},"author":{"name":"proagrolab","@id":"https:\/\/proagrolab.com.ar\/#\/schema\/person\/38003ff90bf80381f71c7d922d207444"},"headline":"Tambos: piden cita con Capitanich.","datePublished":"2014-06-06T00:00:01+00:00","dateModified":"2020-07-01T19:34:28+00:00","mainEntityOfPage":{"@id":"https:\/\/proagrolab.com.ar\/tambos-piden-cita-con-capitanich\/"},"wordCount":254,"publisher":{"@id":"https:\/\/proagrolab.com.ar\/#organization"},"image":{"@id":"https:\/\/proagrolab.com.ar\/tambos-piden-cita-con-capitanich\/#primaryimage"},"thumbnailUrl":"https:\/\/proagrolab.com.ar\/wp-content\/uploads\/2015\/01\/g_sh1apqd6i__Lecheras-19.jpg","articleSection":["News"],"inLanguage":"en-US"},{"@type":"WebPage","@id":"https:\/\/proagrolab.com.ar\/tambos-piden-cita-con-capitanich\/","url":"https:\/\/proagrolab.com.ar\/tambos-piden-cita-con-capitanich\/","name":"Tambos: piden cita con Capitanich. | Proagro","isPartOf":{"@id":"https:\/\/proagrolab.com.ar\/#website"},"primaryImageOfPage":{"@id":"https:\/\/proagrolab.com.ar\/tambos-piden-cita-con-capitanich\/#primaryimage"},"image":{"@id":"https:\/\/proagrolab.com.ar\/tambos-piden-cita-con-capitanich\/#primaryimage"},"thumbnailUrl":"https:\/\/proagrolab.com.ar\/wp-content\/uploads\/2015\/01\/g_sh1apqd6i__Lecheras-19.jpg","datePublished":"2014-06-06T00:00:01+00:00","dateModified":"2020-07-01T19:34:28+00:00","breadcrumb":{"@id":"https:\/\/proagrolab.com.ar\/tambos-piden-cita-con-capitanich\/#breadcrumb"},"inLanguage":"en-US","potentialAction":[{"@type":"ReadAction","target":["https:\/\/proagrolab.com.ar\/tambos-piden-cita-con-capitanich\/"]}]},{"@type":"ImageObject","inLanguage":"en-US","@id":"https:\/\/proagrolab.com.ar\/tambos-piden-cita-con-capitanich\/#primaryimage","url":"https:\/\/proagrolab.com.ar\/wp-content\/uploads\/2015\/01\/g_sh1apqd6i__Lecheras-19.jpg","contentUrl":"https:\/\/proagrolab.com.ar\/wp-content\/uploads\/2015\/01\/g_sh1apqd6i__Lecheras-19.jpg","width":450,"height":208},{"@type":"BreadcrumbList","@id":"https:\/\/proagrolab.com.ar\/tambos-piden-cita-con-capitanich\/#breadcrumb","itemListElement":[{"@type":"ListItem","position":1,"name":"Portada","item":"https:\/\/proagrolab.com.ar\/"},{"@type":"ListItem","position":2,"name":"Tambos: piden cita con Capitanich."}]},{"@type":"WebSite","@id":"https:\/\/proagrolab.com.ar\/#website","url":"https:\/\/proagrolab.com.ar\/","name":"Proagro Laboratorio Veterinario","description":"Veterinary laboratory","publisher":{"@id":"https:\/\/proagrolab.com.ar\/#organization"},"potentialAction":[{"@type":"SearchAction","target":{"@type":"EntryPoint","urlTemplate":"https:\/\/proagrolab.com.ar\/?s={search_term_string}"},"query-input":{"@type":"PropertyValueSpecification","valueRequired":true,"valueName":"search_term_string"}}],"inLanguage":"en-US"},{"@type":"Organization","@id":"https:\/\/proagrolab.com.ar\/#organization","name":"Proagro","url":"https:\/\/proagrolab.com.ar\/","logo":{"@type":"ImageObject","inLanguage":"en-US","@id":"https:\/\/proagrolab.com.ar\/#\/schema\/logo\/image\/","url":"https:\/\/proagrolab.com.ar\/wp-content\/uploads\/2020\/04\/logo-retina.png","contentUrl":"https:\/\/proagrolab.com.ar\/wp-content\/uploads\/2020\/04\/logo-retina.png","width":478,"height":120,"caption":"Proagro"},"image":{"@id":"https:\/\/proagrolab.com.ar\/#\/schema\/logo\/image\/"},"sameAs":["http:\/\/www.facebook.com\/proagrolab","https:\/\/www.instagram.com\/proagrolab\/","https:\/\/www.linkedin.com\/company\/laboratorio-proagro-s-a\/"]},{"@type":"Person","@id":"https:\/\/proagrolab.com.ar\/#\/schema\/person\/38003ff90bf80381f71c7d922d207444","name":"proagrolab"}]}},"_links":{"self":[{"href":"https:\/\/proagrolab.com.ar\/en\/wp-json\/wp\/v2\/posts\/6163","targetHints":{"allow":["GET"]}}],"collection":[{"href":"https:\/\/proagrolab.com.ar\/en\/wp-json\/wp\/v2\/posts"}],"about":[{"href":"https:\/\/proagrolab.com.ar\/en\/wp-json\/wp\/v2\/types\/post"}],"author":[{"embeddable":true,"href":"https:\/\/proagrolab.com.ar\/en\/wp-json\/wp\/v2\/users\/2"}],"replies":[{"embeddable":true,"href":"https:\/\/proagrolab.com.ar\/en\/wp-json\/wp\/v2\/comments?post=6163"}],"version-history":[{"count":1,"href":"https:\/\/proagrolab.com.ar\/en\/wp-json\/wp\/v2\/posts\/6163\/revisions"}],"predecessor-version":[{"id":14467,"href":"https:\/\/proagrolab.com.ar\/en\/wp-json\/wp\/v2\/posts\/6163\/revisions\/14467"}],"wp:featuredmedia":[{"embeddable":true,"href":"https:\/\/proagrolab.com.ar\/en\/wp-json\/wp\/v2\/media\/2650"}],"wp:attachment":[{"href":"https:\/\/proagrolab.com.ar\/en\/wp-json\/wp\/v2\/media?parent=6163"}],"wp:term":[{"taxonomy":"category","embeddable":true,"href":"https:\/\/proagrolab.com.ar\/en\/wp-json\/wp\/v2\/categories?post=6163"},{"taxonomy":"post_tag","embeddable":true,"href":"https:\/\/proagrolab.com.ar\/en\/wp-json\/wp\/v2\/tags?post=6163"}],"curies":[{"name":"wp","href":"https:\/\/api.w.org\/{rel}","templated":true}]}}