{"id":6161,"date":"2014-06-05T00:00:01","date_gmt":"2014-06-05T00:00:01","guid":{"rendered":"https:\/\/proagrolab.com.ar\/ventas-de-la-exposicion-nacional-braford-en-corrientes\/"},"modified":"2020-07-01T19:33:57","modified_gmt":"2020-07-01T19:33:57","slug":"ventas-de-la-exposicion-nacional-braford-en-corrientes","status":"publish","type":"post","link":"https:\/\/proagrolab.com.ar\/en\/ventas-de-la-exposicion-nacional-braford-en-corrientes\/","title":{"rendered":"Ventas de la Exposici\u00f3n Nacional Braford, en Corrientes."},"content":{"rendered":"<p class=\"qtranxs-available-languages-message qtranxs-available-languages-message-en\"> <\/p><p>En la Sociedad Rural de Riachuelo, en Corrientes, se realizaron entre el 30 mayo y el 1\u00ba del actual, con una importante concurrencia de visitantes, la 12a. Exposici\u00f3n Nacional Braford y el 3er. Concurso de Terneros. <\/p>\n<p>En la jornada del domingo, la firma Colombo y Magliano SA concret\u00f3 las ventas de las muestras de la raza Braford. Con plazos de 60, 90 y de 120 d\u00edas, los martilleros Juan Pedro Colombo y Hern\u00e1n Vassallo condujeron la subasta, en la que se expusieron m\u00e1s de 180 reproductores. <\/p>\n<p>A continuaci\u00f3n se detallan los valores promedio, m\u00ednimo y m\u00e1ximo obtenidos: 87 machos, $ 43.305, de $ 20.000 a 300.000, por el 80% del gran campe\u00f3n macho de la Exposici\u00f3n Nacional, de la caba\u00f1a El Malacara del Moro; 95 hembras, $ 29.550, de $ 14.000 a 300.000, por la vaca con cr\u00eda que result\u00f3 gran campe\u00f3n hembra, de la caba\u00f1a El Roc\u00edo. <\/p>\n<p>En el remate participaron 48 compradores, procedentes de zonas pecuarias de San Juan, Tucum\u00e1n, Salta, Santiago del Estero, Corrientes, Chaco, Formosa, Entre R\u00edos, Santa Fe, Buenos Aires y de la vecina rep\u00fablica de Paraguay.<\/p>\n<p>Fuente: La Naci\u00f3n, 5 de junio.<br \/><\/p>","protected":false},"excerpt":{"rendered":"<p>En la Sociedad Rural de Riachuelo, en Corrientes, se realizaron entre el 30 mayo y el 1\u00ba del actual, con una importante concurrencia de visitantes, la 12a. Exposici\u00f3n Nacional Braford y el 3er. Concurso de Terneros. En la jornada del domingo, la firma Colombo y Magliano SA concret\u00f3 las ventas de las muestras de la raza Braford. Con plazos de 60, 90 y de 120 d\u00edas, los martilleros Juan Pedro Colombo y Hern\u00e1n Vassallo condujeron la subasta, en la que se expusieron m\u00e1s de 180 reproductores. A continuaci\u00f3n se detallan los valores promedio, m\u00ednimo y m\u00e1ximo obtenidos: 87 machos, $ 43.305, de $ 20.000 a 300.000, por el 80% del gran campe\u00f3n macho de la Exposici\u00f3n Nacional, de la caba\u00f1a El Malacara del Moro; 95 hembras, $ 29.550, de $ 14.000 a 300.000, por la vaca con cr\u00eda que result\u00f3 gran campe\u00f3n hembra, de la caba\u00f1a El Roc\u00edo. En el remate participaron 48 compradores, procedentes de zonas pecuarias de San Juan, Tucum\u00e1n, Salta, Santiago del Estero, Corrientes, Chaco, Formosa, Entre R\u00edos, Santa Fe, Buenos Aires y de la vecina rep\u00fablica de Paraguay. Fuente: La Naci\u00f3n, 5 de junio.<\/p>\n","protected":false},"author":2,"featured_media":2648,"comment_status":"closed","ping_status":"open","sticky":false,"template":"","format":"standard","meta":{"_acf_changed":false,"footnotes":""},"categories":[56],"tags":[],"class_list":["post-6161","post","type-post","status-publish","format-standard","has-post-thumbnail","hentry","category-infoganadero"],"acf":[],"yoast_head":"<!-- This site is optimized with the Yoast SEO plugin v27.4 - https:\/\/yoast.com\/product\/yoast-seo-wordpress\/ -->\n<title>Ventas de la Exposici\u00f3n Nacional Braford, en Corrientes. | Proagro<\/title>\n<meta name=\"robots\" content=\"index, follow, max-snippet:-1, max-image-preview:large, max-video-preview:-1\" \/>\n<link rel=\"canonical\" href=\"https:\/\/proagrolab.com.ar\/en\/ventas-de-la-exposicion-nacional-braford-en-corrientes\/\" \/>\n<meta property=\"og:locale\" content=\"en_US\" \/>\n<meta property=\"og:type\" content=\"article\" \/>\n<meta property=\"og:title\" content=\"Ventas de la Exposici\u00f3n Nacional Braford, en Corrientes. | Proagro\" \/>\n<meta property=\"og:description\" content=\"En la Sociedad Rural de Riachuelo, en Corrientes, se realizaron entre el 30 mayo y el 1\u00ba del actual, con una importante concurrencia de visitantes, la 12a. Exposici\u00f3n Nacional Braford y el 3er. Concurso de Terneros. En la jornada del domingo, la firma Colombo y Magliano SA concret\u00f3 las ventas de las muestras de la raza Braford. Con plazos de 60, 90 y de 120 d\u00edas, los martilleros Juan Pedro Colombo y Hern\u00e1n Vassallo condujeron la subasta, en la que se expusieron m\u00e1s de 180 reproductores. A continuaci\u00f3n se detallan los valores promedio, m\u00ednimo y m\u00e1ximo obtenidos: 87 machos, $ 43.305, de $ 20.000 a 300.000, por el 80% del gran campe\u00f3n macho de la Exposici\u00f3n Nacional, de la caba\u00f1a El Malacara del Moro; 95 hembras, $ 29.550, de $ 14.000 a 300.000, por la vaca con cr\u00eda que result\u00f3 gran campe\u00f3n hembra, de la caba\u00f1a El Roc\u00edo. En el remate participaron 48 compradores, procedentes de zonas pecuarias de San Juan, Tucum\u00e1n, Salta, Santiago del Estero, Corrientes, Chaco, Formosa, Entre R\u00edos, Santa Fe, Buenos Aires y de la vecina rep\u00fablica de Paraguay. Fuente: La Naci\u00f3n, 5 de junio.\" \/>\n<meta property=\"og:url\" content=\"https:\/\/proagrolab.com.ar\/ventas-de-la-exposicion-nacional-braford-en-corrientes\/\" \/>\n<meta property=\"og:site_name\" content=\"Proagro\" \/>\n<meta property=\"article:publisher\" content=\"http:\/\/www.facebook.com\/proagrolab\" \/>\n<meta property=\"article:published_time\" content=\"2014-06-05T00:00:01+00:00\" \/>\n<meta property=\"article:modified_time\" content=\"2020-07-01T19:33:57+00:00\" \/>\n<meta property=\"og:image\" content=\"https:\/\/proagrolab.com.ar\/wp-content\/uploads\/2015\/01\/g_13vjbstks__Braford-hembra-campeona.jpg\" \/>\n\t<meta property=\"og:image:width\" content=\"450\" \/>\n\t<meta property=\"og:image:height\" content=\"208\" \/>\n\t<meta property=\"og:image:type\" content=\"image\/jpeg\" \/>\n<meta name=\"author\" content=\"proagrolab\" \/>\n<meta name=\"twitter:card\" content=\"summary_large_image\" \/>\n<meta name=\"twitter:label1\" content=\"Written by\" \/>\n\t<meta name=\"twitter:data1\" content=\"proagrolab\" \/>\n\t<meta name=\"twitter:label2\" content=\"Est. reading time\" \/>\n\t<meta name=\"twitter:data2\" content=\"1 minute\" \/>\n<script type=\"application\/ld+json\" class=\"yoast-schema-graph\">{\"@context\":\"https:\\\/\\\/schema.org\",\"@graph\":[{\"@type\":\"Article\",\"@id\":\"https:\\\/\\\/proagrolab.com.ar\\\/ventas-de-la-exposicion-nacional-braford-en-corrientes\\\/#article\",\"isPartOf\":{\"@id\":\"https:\\\/\\\/proagrolab.com.ar\\\/ventas-de-la-exposicion-nacional-braford-en-corrientes\\\/\"},\"author\":{\"name\":\"proagrolab\",\"@id\":\"https:\\\/\\\/proagrolab.com.ar\\\/#\\\/schema\\\/person\\\/38003ff90bf80381f71c7d922d207444\"},\"headline\":\"Ventas de la Exposici\u00f3n Nacional Braford, en Corrientes.\",\"datePublished\":\"2014-06-05T00:00:01+00:00\",\"dateModified\":\"2020-07-01T19:33:57+00:00\",\"mainEntityOfPage\":{\"@id\":\"https:\\\/\\\/proagrolab.com.ar\\\/ventas-de-la-exposicion-nacional-braford-en-corrientes\\\/\"},\"wordCount\":194,\"publisher\":{\"@id\":\"https:\\\/\\\/proagrolab.com.ar\\\/#organization\"},\"image\":{\"@id\":\"https:\\\/\\\/proagrolab.com.ar\\\/ventas-de-la-exposicion-nacional-braford-en-corrientes\\\/#primaryimage\"},\"thumbnailUrl\":\"https:\\\/\\\/proagrolab.com.ar\\\/wp-content\\\/uploads\\\/2015\\\/01\\\/g_13vjbstks__Braford-hembra-campeona.jpg\",\"articleSection\":[\"News\"],\"inLanguage\":\"en-US\"},{\"@type\":\"WebPage\",\"@id\":\"https:\\\/\\\/proagrolab.com.ar\\\/ventas-de-la-exposicion-nacional-braford-en-corrientes\\\/\",\"url\":\"https:\\\/\\\/proagrolab.com.ar\\\/ventas-de-la-exposicion-nacional-braford-en-corrientes\\\/\",\"name\":\"Ventas de la Exposici\u00f3n Nacional Braford, en Corrientes. | Proagro\",\"isPartOf\":{\"@id\":\"https:\\\/\\\/proagrolab.com.ar\\\/#website\"},\"primaryImageOfPage\":{\"@id\":\"https:\\\/\\\/proagrolab.com.ar\\\/ventas-de-la-exposicion-nacional-braford-en-corrientes\\\/#primaryimage\"},\"image\":{\"@id\":\"https:\\\/\\\/proagrolab.com.ar\\\/ventas-de-la-exposicion-nacional-braford-en-corrientes\\\/#primaryimage\"},\"thumbnailUrl\":\"https:\\\/\\\/proagrolab.com.ar\\\/wp-content\\\/uploads\\\/2015\\\/01\\\/g_13vjbstks__Braford-hembra-campeona.jpg\",\"datePublished\":\"2014-06-05T00:00:01+00:00\",\"dateModified\":\"2020-07-01T19:33:57+00:00\",\"breadcrumb\":{\"@id\":\"https:\\\/\\\/proagrolab.com.ar\\\/ventas-de-la-exposicion-nacional-braford-en-corrientes\\\/#breadcrumb\"},\"inLanguage\":\"en-US\",\"potentialAction\":[{\"@type\":\"ReadAction\",\"target\":[\"https:\\\/\\\/proagrolab.com.ar\\\/ventas-de-la-exposicion-nacional-braford-en-corrientes\\\/\"]}]},{\"@type\":\"ImageObject\",\"inLanguage\":\"en-US\",\"@id\":\"https:\\\/\\\/proagrolab.com.ar\\\/ventas-de-la-exposicion-nacional-braford-en-corrientes\\\/#primaryimage\",\"url\":\"https:\\\/\\\/proagrolab.com.ar\\\/wp-content\\\/uploads\\\/2015\\\/01\\\/g_13vjbstks__Braford-hembra-campeona.jpg\",\"contentUrl\":\"https:\\\/\\\/proagrolab.com.ar\\\/wp-content\\\/uploads\\\/2015\\\/01\\\/g_13vjbstks__Braford-hembra-campeona.jpg\",\"width\":450,\"height\":208},{\"@type\":\"BreadcrumbList\",\"@id\":\"https:\\\/\\\/proagrolab.com.ar\\\/ventas-de-la-exposicion-nacional-braford-en-corrientes\\\/#breadcrumb\",\"itemListElement\":[{\"@type\":\"ListItem\",\"position\":1,\"name\":\"Portada\",\"item\":\"https:\\\/\\\/proagrolab.com.ar\\\/\"},{\"@type\":\"ListItem\",\"position\":2,\"name\":\"Ventas de la Exposici\u00f3n Nacional Braford, en Corrientes.\"}]},{\"@type\":\"WebSite\",\"@id\":\"https:\\\/\\\/proagrolab.com.ar\\\/#website\",\"url\":\"https:\\\/\\\/proagrolab.com.ar\\\/\",\"name\":\"Proagro Laboratorio Veterinario\",\"description\":\"Veterinary laboratory\",\"publisher\":{\"@id\":\"https:\\\/\\\/proagrolab.com.ar\\\/#organization\"},\"potentialAction\":[{\"@type\":\"SearchAction\",\"target\":{\"@type\":\"EntryPoint\",\"urlTemplate\":\"https:\\\/\\\/proagrolab.com.ar\\\/?s={search_term_string}\"},\"query-input\":{\"@type\":\"PropertyValueSpecification\",\"valueRequired\":true,\"valueName\":\"search_term_string\"}}],\"inLanguage\":\"en-US\"},{\"@type\":\"Organization\",\"@id\":\"https:\\\/\\\/proagrolab.com.ar\\\/#organization\",\"name\":\"Proagro\",\"url\":\"https:\\\/\\\/proagrolab.com.ar\\\/\",\"logo\":{\"@type\":\"ImageObject\",\"inLanguage\":\"en-US\",\"@id\":\"https:\\\/\\\/proagrolab.com.ar\\\/#\\\/schema\\\/logo\\\/image\\\/\",\"url\":\"https:\\\/\\\/proagrolab.com.ar\\\/wp-content\\\/uploads\\\/2020\\\/04\\\/logo-retina.png\",\"contentUrl\":\"https:\\\/\\\/proagrolab.com.ar\\\/wp-content\\\/uploads\\\/2020\\\/04\\\/logo-retina.png\",\"width\":478,\"height\":120,\"caption\":\"Proagro\"},\"image\":{\"@id\":\"https:\\\/\\\/proagrolab.com.ar\\\/#\\\/schema\\\/logo\\\/image\\\/\"},\"sameAs\":[\"http:\\\/\\\/www.facebook.com\\\/proagrolab\",\"https:\\\/\\\/www.instagram.com\\\/proagrolab\\\/\",\"https:\\\/\\\/www.linkedin.com\\\/company\\\/laboratorio-proagro-s-a\\\/\"]},{\"@type\":\"Person\",\"@id\":\"https:\\\/\\\/proagrolab.com.ar\\\/#\\\/schema\\\/person\\\/38003ff90bf80381f71c7d922d207444\",\"name\":\"proagrolab\"}]}<\/script>\n<!-- \/ Yoast SEO plugin. -->","yoast_head_json":{"title":"Ventas de la Exposici\u00f3n Nacional Braford, en Corrientes. | Proagro","robots":{"index":"index","follow":"follow","max-snippet":"max-snippet:-1","max-image-preview":"max-image-preview:large","max-video-preview":"max-video-preview:-1"},"canonical":"https:\/\/proagrolab.com.ar\/en\/ventas-de-la-exposicion-nacional-braford-en-corrientes\/","og_locale":"en_US","og_type":"article","og_title":"Ventas de la Exposici\u00f3n Nacional Braford, en Corrientes. | Proagro","og_description":"En la Sociedad Rural de Riachuelo, en Corrientes, se realizaron entre el 30 mayo y el 1\u00ba del actual, con una importante concurrencia de visitantes, la 12a. Exposici\u00f3n Nacional Braford y el 3er. Concurso de Terneros. En la jornada del domingo, la firma Colombo y Magliano SA concret\u00f3 las ventas de las muestras de la raza Braford. Con plazos de 60, 90 y de 120 d\u00edas, los martilleros Juan Pedro Colombo y Hern\u00e1n Vassallo condujeron la subasta, en la que se expusieron m\u00e1s de 180 reproductores. A continuaci\u00f3n se detallan los valores promedio, m\u00ednimo y m\u00e1ximo obtenidos: 87 machos, $ 43.305, de $ 20.000 a 300.000, por el 80% del gran campe\u00f3n macho de la Exposici\u00f3n Nacional, de la caba\u00f1a El Malacara del Moro; 95 hembras, $ 29.550, de $ 14.000 a 300.000, por la vaca con cr\u00eda que result\u00f3 gran campe\u00f3n hembra, de la caba\u00f1a El Roc\u00edo. En el remate participaron 48 compradores, procedentes de zonas pecuarias de San Juan, Tucum\u00e1n, Salta, Santiago del Estero, Corrientes, Chaco, Formosa, Entre R\u00edos, Santa Fe, Buenos Aires y de la vecina rep\u00fablica de Paraguay. Fuente: La Naci\u00f3n, 5 de junio.","og_url":"https:\/\/proagrolab.com.ar\/ventas-de-la-exposicion-nacional-braford-en-corrientes\/","og_site_name":"Proagro","article_publisher":"http:\/\/www.facebook.com\/proagrolab","article_published_time":"2014-06-05T00:00:01+00:00","article_modified_time":"2020-07-01T19:33:57+00:00","og_image":[{"width":450,"height":208,"url":"https:\/\/proagrolab.com.ar\/wp-content\/uploads\/2015\/01\/g_13vjbstks__Braford-hembra-campeona.jpg","type":"image\/jpeg"}],"author":"proagrolab","twitter_card":"summary_large_image","twitter_misc":{"Written by":"proagrolab","Est. reading time":"1 minute"},"schema":{"@context":"https:\/\/schema.org","@graph":[{"@type":"Article","@id":"https:\/\/proagrolab.com.ar\/ventas-de-la-exposicion-nacional-braford-en-corrientes\/#article","isPartOf":{"@id":"https:\/\/proagrolab.com.ar\/ventas-de-la-exposicion-nacional-braford-en-corrientes\/"},"author":{"name":"proagrolab","@id":"https:\/\/proagrolab.com.ar\/#\/schema\/person\/38003ff90bf80381f71c7d922d207444"},"headline":"Ventas de la Exposici\u00f3n Nacional Braford, en Corrientes.","datePublished":"2014-06-05T00:00:01+00:00","dateModified":"2020-07-01T19:33:57+00:00","mainEntityOfPage":{"@id":"https:\/\/proagrolab.com.ar\/ventas-de-la-exposicion-nacional-braford-en-corrientes\/"},"wordCount":194,"publisher":{"@id":"https:\/\/proagrolab.com.ar\/#organization"},"image":{"@id":"https:\/\/proagrolab.com.ar\/ventas-de-la-exposicion-nacional-braford-en-corrientes\/#primaryimage"},"thumbnailUrl":"https:\/\/proagrolab.com.ar\/wp-content\/uploads\/2015\/01\/g_13vjbstks__Braford-hembra-campeona.jpg","articleSection":["News"],"inLanguage":"en-US"},{"@type":"WebPage","@id":"https:\/\/proagrolab.com.ar\/ventas-de-la-exposicion-nacional-braford-en-corrientes\/","url":"https:\/\/proagrolab.com.ar\/ventas-de-la-exposicion-nacional-braford-en-corrientes\/","name":"Ventas de la Exposici\u00f3n Nacional Braford, en Corrientes. | Proagro","isPartOf":{"@id":"https:\/\/proagrolab.com.ar\/#website"},"primaryImageOfPage":{"@id":"https:\/\/proagrolab.com.ar\/ventas-de-la-exposicion-nacional-braford-en-corrientes\/#primaryimage"},"image":{"@id":"https:\/\/proagrolab.com.ar\/ventas-de-la-exposicion-nacional-braford-en-corrientes\/#primaryimage"},"thumbnailUrl":"https:\/\/proagrolab.com.ar\/wp-content\/uploads\/2015\/01\/g_13vjbstks__Braford-hembra-campeona.jpg","datePublished":"2014-06-05T00:00:01+00:00","dateModified":"2020-07-01T19:33:57+00:00","breadcrumb":{"@id":"https:\/\/proagrolab.com.ar\/ventas-de-la-exposicion-nacional-braford-en-corrientes\/#breadcrumb"},"inLanguage":"en-US","potentialAction":[{"@type":"ReadAction","target":["https:\/\/proagrolab.com.ar\/ventas-de-la-exposicion-nacional-braford-en-corrientes\/"]}]},{"@type":"ImageObject","inLanguage":"en-US","@id":"https:\/\/proagrolab.com.ar\/ventas-de-la-exposicion-nacional-braford-en-corrientes\/#primaryimage","url":"https:\/\/proagrolab.com.ar\/wp-content\/uploads\/2015\/01\/g_13vjbstks__Braford-hembra-campeona.jpg","contentUrl":"https:\/\/proagrolab.com.ar\/wp-content\/uploads\/2015\/01\/g_13vjbstks__Braford-hembra-campeona.jpg","width":450,"height":208},{"@type":"BreadcrumbList","@id":"https:\/\/proagrolab.com.ar\/ventas-de-la-exposicion-nacional-braford-en-corrientes\/#breadcrumb","itemListElement":[{"@type":"ListItem","position":1,"name":"Portada","item":"https:\/\/proagrolab.com.ar\/"},{"@type":"ListItem","position":2,"name":"Ventas de la Exposici\u00f3n Nacional Braford, en Corrientes."}]},{"@type":"WebSite","@id":"https:\/\/proagrolab.com.ar\/#website","url":"https:\/\/proagrolab.com.ar\/","name":"Proagro Laboratorio Veterinario","description":"Veterinary laboratory","publisher":{"@id":"https:\/\/proagrolab.com.ar\/#organization"},"potentialAction":[{"@type":"SearchAction","target":{"@type":"EntryPoint","urlTemplate":"https:\/\/proagrolab.com.ar\/?s={search_term_string}"},"query-input":{"@type":"PropertyValueSpecification","valueRequired":true,"valueName":"search_term_string"}}],"inLanguage":"en-US"},{"@type":"Organization","@id":"https:\/\/proagrolab.com.ar\/#organization","name":"Proagro","url":"https:\/\/proagrolab.com.ar\/","logo":{"@type":"ImageObject","inLanguage":"en-US","@id":"https:\/\/proagrolab.com.ar\/#\/schema\/logo\/image\/","url":"https:\/\/proagrolab.com.ar\/wp-content\/uploads\/2020\/04\/logo-retina.png","contentUrl":"https:\/\/proagrolab.com.ar\/wp-content\/uploads\/2020\/04\/logo-retina.png","width":478,"height":120,"caption":"Proagro"},"image":{"@id":"https:\/\/proagrolab.com.ar\/#\/schema\/logo\/image\/"},"sameAs":["http:\/\/www.facebook.com\/proagrolab","https:\/\/www.instagram.com\/proagrolab\/","https:\/\/www.linkedin.com\/company\/laboratorio-proagro-s-a\/"]},{"@type":"Person","@id":"https:\/\/proagrolab.com.ar\/#\/schema\/person\/38003ff90bf80381f71c7d922d207444","name":"proagrolab"}]}},"_links":{"self":[{"href":"https:\/\/proagrolab.com.ar\/en\/wp-json\/wp\/v2\/posts\/6161","targetHints":{"allow":["GET"]}}],"collection":[{"href":"https:\/\/proagrolab.com.ar\/en\/wp-json\/wp\/v2\/posts"}],"about":[{"href":"https:\/\/proagrolab.com.ar\/en\/wp-json\/wp\/v2\/types\/post"}],"author":[{"embeddable":true,"href":"https:\/\/proagrolab.com.ar\/en\/wp-json\/wp\/v2\/users\/2"}],"replies":[{"embeddable":true,"href":"https:\/\/proagrolab.com.ar\/en\/wp-json\/wp\/v2\/comments?post=6161"}],"version-history":[{"count":1,"href":"https:\/\/proagrolab.com.ar\/en\/wp-json\/wp\/v2\/posts\/6161\/revisions"}],"predecessor-version":[{"id":14461,"href":"https:\/\/proagrolab.com.ar\/en\/wp-json\/wp\/v2\/posts\/6161\/revisions\/14461"}],"wp:featuredmedia":[{"embeddable":true,"href":"https:\/\/proagrolab.com.ar\/en\/wp-json\/wp\/v2\/media\/2648"}],"wp:attachment":[{"href":"https:\/\/proagrolab.com.ar\/en\/wp-json\/wp\/v2\/media?parent=6161"}],"wp:term":[{"taxonomy":"category","embeddable":true,"href":"https:\/\/proagrolab.com.ar\/en\/wp-json\/wp\/v2\/categories?post=6161"},{"taxonomy":"post_tag","embeddable":true,"href":"https:\/\/proagrolab.com.ar\/en\/wp-json\/wp\/v2\/tags?post=6161"}],"curies":[{"name":"wp","href":"https:\/\/api.w.org\/{rel}","templated":true}]}}