{"id":6160,"date":"2014-06-05T00:00:01","date_gmt":"2014-06-05T00:00:01","guid":{"rendered":"https:\/\/proagrolab.com.ar\/enojados-con-costa-los-tamberos-piden-ayuda-a-las-provincias\/"},"modified":"2020-07-01T19:34:02","modified_gmt":"2020-07-01T19:34:02","slug":"enojados-con-costa-los-tamberos-piden-ayuda-a-las-provincias","status":"publish","type":"post","link":"https:\/\/proagrolab.com.ar\/en\/enojados-con-costa-los-tamberos-piden-ayuda-a-las-provincias\/","title":{"rendered":"Enojados con Costa, los tamberos piden ayuda a las provincias."},"content":{"rendered":"<p class=\"qtranxs-available-languages-message qtranxs-available-languages-message-en\"> <\/p><p>Le atribuyen haber frenado los precios de la leche; no se aprobaron exportaciones.<\/p>\n<p>Por Fernando Bertello.<\/p>\n<p>Los tamberos est\u00e1n decididos a jugar fuerte. Ante una supuesta orden del secretario de Comercio, Augusto Costa, de no otorgar permisos de exportaci\u00f3n a aquellas industrias l\u00e1cteas que paguen m\u00e1s de 3 pesos el litro por su producci\u00f3n, los productores quieren pedir ayuda a los ministros de Agricultura de los gobernadores de Buenos Aires, Daniel Scioli; de Santa Fe, Antonio Bonfatti, y de C\u00f3rdoba, Jos\u00e9 Manuel De la Sota, para revertir esa presunta medida del funcionario.<\/p>\n<p>As\u00ed lo decidieron ayer en una reuni\u00f3n de la Mesa Nacional de Productores de Leche, que agrupa a las entidades espec\u00edficas del sector y a las organizaciones gremiales tradicionales del campo.<\/p>\n<p>&#8220;Queremos que nos acompa\u00f1en en el reclamo. Las provincias deben tener m\u00e1s participaci\u00f3n. Queremos reunirnos con los ministros provinciales juntos o uno por uno&#8221;, expres\u00f3 Carlos Brave, coordinador de la Mesa Nacional de Productores de Leche.<\/p>\n<p>&#8220;No podemos admitir que hayan pisado los precios&#8221;, agreg\u00f3 el dirigente tambero.<\/p>\n<p>Los productores sostienen que desde las empresas les informaron que no pueden abonarles m\u00e1s de 3 pesos el litro de leche por estrictas instrucciones del secretario de Comercio. De hecho, el due\u00f1o de una empresa l\u00e1ctea relat\u00f3 la frase que habr\u00eda usado Costa ante un reducido grupo de industriales: &#8220;El que paga arriba de 3 pesos el litro no exporta&#8221;.<\/p>\n<p>Los temores de los productores por esta nueva intervenci\u00f3n en el mercado tuvieron una primera confirmaci\u00f3n. Ayer, el Gobierno no aprob\u00f3 ning\u00fan permiso de embarques, conocidos como Registro de Operaciones de Exportaci\u00f3n (ROE). Esto sobrevino despu\u00e9s de que, anteayer, las industrias informaran los precios pagados en mayo pasado con empresas que estuvieron en la franja de 3,01 a 3,04 pesos el litro.<\/p>\n<p>&#8220;Hoy [por ayer] no salieron ROE&#8221;, confirm\u00f3 a LA NACION Miguel Paul\u00f3n, presidente del Centro de la Industria Lechera (CIL).<\/p>\n<p>La semana pasada, en cambio, la Secretar\u00eda de Comercio hab\u00eda estado autorizando permisos de exportaci\u00f3n a firmas que hab\u00edan pagado incluso m\u00e1s de $ 3 el litro a los tamberos.<\/p>\n<p>Adem\u00e1s de intentar sumar a los ministros de Agricultura de Scioli, Bonfatti y De la Sota a sus objeciones por la supuesta orden de Costa, los tamberos tambi\u00e9n quieren llegar hasta el despacho del ministro de Econom\u00eda, Axel Kicillof, para transmitirle su rechazo a esa disposici\u00f3n.<\/p>\n<p>&#8220;Vamos a hacer una nota a Kicillof para pedirle una entrevista&#8221;, indic\u00f3 el coordinador de la Mesa Nacional de Productores de Leche.<\/p>\n<p>En este contexto, los productores no descartan ponerle fecha en las pr\u00f3ximas semanas a una asamblea nacional para expresar el rechazo del sector a la intervenci\u00f3n en el mercado. Esa posibilidad se debati\u00f3 en el encuentro de ayer.<\/p>\n<p>Tambi\u00e9n las c\u00e1maras lecheras que en los \u00faltimos a\u00f1os han tenido una muy buena relaci\u00f3n con el Gobierno est\u00e1n en alerta por la instrucci\u00f3n que trascendi\u00f3 sobre el accionar de la Secretar\u00eda de Comercio.<\/p>\n<p>En este sentido, la C\u00e1mara de Productores de Leche de C\u00f3rdoba acaba de solicitarle una entrevista al ministro de Agricultura, Carlos Casamiquela, y al propio Costa.<\/p>\n<p>&#8220;Nos parecer\u00eda un desprop\u00f3sito total de parte de la Secretar\u00eda de Comercio&#8221;, dijo en un comunicado la c\u00e1mara lechera cordobesa, sobre el supuesto pedido de congelamiento de precios que habr\u00eda lanzado el Gobierno, en un intento por contener el \u00edndice de inflaci\u00f3n.<br \/><i><br \/>Nuevo sistema para el trigo<\/i><br \/>El secretario de Agricultura de la Naci\u00f3n, Gabriel Delgado, explic\u00f3 c\u00f3mo funcionar\u00e1 el nuevo sistema para solicitar permisos de exportaci\u00f3n de trigo en la campa\u00f1a 2014\/2015. &#8220;Es un sistema donde si en 48 horas no hay una decisi\u00f3n en contrario, autom\u00e1ticamente el Roe [registro de exportaci\u00f3n] es emitido en funci\u00f3n del saldo exportable&#8221;, dijo a radio Palermo. Operar\u00e1 &#8220;de acuerdo al orden de llegada&#8221; de las empresas. Y agreg\u00f3: &#8220;La idea es que las aprobaciones sean autom\u00e1ticas. Cuando el saldo exportable se termina, el registro se cierra&#8221;.<\/p>\n<p>Fuente: La Naci\u00f3n, 5 de junio.<br \/><\/p>","protected":false},"excerpt":{"rendered":"<p>Le atribuyen haber frenado los precios de la leche; no se aprobaron exportaciones. Por Fernando Bertello. Los tamberos est\u00e1n decididos a jugar fuerte. Ante una supuesta orden del secretario de Comercio, Augusto Costa, de no otorgar permisos de exportaci\u00f3n a aquellas industrias l\u00e1cteas que paguen m\u00e1s de 3 pesos el litro por su producci\u00f3n, los productores quieren pedir ayuda a los ministros de Agricultura de los gobernadores de Buenos Aires, Daniel Scioli; de Santa Fe, Antonio Bonfatti, y de C\u00f3rdoba, Jos\u00e9 Manuel De la Sota, para revertir esa presunta medida del funcionario. As\u00ed lo decidieron ayer en una reuni\u00f3n de la Mesa Nacional de Productores de Leche, que agrupa a las entidades espec\u00edficas del sector y a las organizaciones gremiales tradicionales del campo. &#8220;Queremos que nos acompa\u00f1en en el reclamo. Las provincias deben tener m\u00e1s participaci\u00f3n. Queremos reunirnos con los ministros provinciales juntos o uno por uno&#8221;, expres\u00f3 Carlos Brave, coordinador de la Mesa Nacional de Productores de Leche. &#8220;No podemos admitir que hayan pisado los precios&#8221;, agreg\u00f3 el dirigente tambero. Los productores sostienen que desde las empresas les informaron que no pueden abonarles m\u00e1s de 3 pesos el litro de leche por estrictas instrucciones del secretario de Comercio. De [&hellip;]<\/p>\n","protected":false},"author":2,"featured_media":2647,"comment_status":"closed","ping_status":"open","sticky":false,"template":"","format":"standard","meta":{"_acf_changed":false,"footnotes":""},"categories":[56],"tags":[],"class_list":["post-6160","post","type-post","status-publish","format-standard","has-post-thumbnail","hentry","category-infoganadero"],"acf":[],"yoast_head":"<!-- This site is optimized with the Yoast SEO plugin v27.4 - https:\/\/yoast.com\/product\/yoast-seo-wordpress\/ -->\n<title>Enojados con Costa, los tamberos piden ayuda a las provincias. | Proagro<\/title>\n<meta name=\"robots\" content=\"index, follow, max-snippet:-1, max-image-preview:large, max-video-preview:-1\" \/>\n<link rel=\"canonical\" href=\"https:\/\/proagrolab.com.ar\/en\/enojados-con-costa-los-tamberos-piden-ayuda-a-las-provincias\/\" \/>\n<meta property=\"og:locale\" content=\"en_US\" \/>\n<meta property=\"og:type\" content=\"article\" \/>\n<meta property=\"og:title\" content=\"Enojados con Costa, los tamberos piden ayuda a las provincias. | Proagro\" \/>\n<meta property=\"og:description\" content=\"Le atribuyen haber frenado los precios de la leche; no se aprobaron exportaciones. Por Fernando Bertello. Los tamberos est\u00e1n decididos a jugar fuerte. Ante una supuesta orden del secretario de Comercio, Augusto Costa, de no otorgar permisos de exportaci\u00f3n a aquellas industrias l\u00e1cteas que paguen m\u00e1s de 3 pesos el litro por su producci\u00f3n, los productores quieren pedir ayuda a los ministros de Agricultura de los gobernadores de Buenos Aires, Daniel Scioli; de Santa Fe, Antonio Bonfatti, y de C\u00f3rdoba, Jos\u00e9 Manuel De la Sota, para revertir esa presunta medida del funcionario. As\u00ed lo decidieron ayer en una reuni\u00f3n de la Mesa Nacional de Productores de Leche, que agrupa a las entidades espec\u00edficas del sector y a las organizaciones gremiales tradicionales del campo. &#8220;Queremos que nos acompa\u00f1en en el reclamo. Las provincias deben tener m\u00e1s participaci\u00f3n. Queremos reunirnos con los ministros provinciales juntos o uno por uno&#8221;, expres\u00f3 Carlos Brave, coordinador de la Mesa Nacional de Productores de Leche. &#8220;No podemos admitir que hayan pisado los precios&#8221;, agreg\u00f3 el dirigente tambero. Los productores sostienen que desde las empresas les informaron que no pueden abonarles m\u00e1s de 3 pesos el litro de leche por estrictas instrucciones del secretario de Comercio. De [&hellip;]\" \/>\n<meta property=\"og:url\" content=\"https:\/\/proagrolab.com.ar\/enojados-con-costa-los-tamberos-piden-ayuda-a-las-provincias\/\" \/>\n<meta property=\"og:site_name\" content=\"Proagro\" \/>\n<meta property=\"article:publisher\" content=\"http:\/\/www.facebook.com\/proagrolab\" \/>\n<meta property=\"article:published_time\" content=\"2014-06-05T00:00:01+00:00\" \/>\n<meta property=\"article:modified_time\" content=\"2020-07-01T19:34:02+00:00\" \/>\n<meta property=\"og:image\" content=\"https:\/\/proagrolab.com.ar\/wp-content\/uploads\/2015\/01\/g_cutgauujq__Lecheras-8.jpg\" \/>\n\t<meta property=\"og:image:width\" content=\"450\" \/>\n\t<meta property=\"og:image:height\" content=\"208\" \/>\n\t<meta property=\"og:image:type\" content=\"image\/jpeg\" \/>\n<meta name=\"author\" content=\"proagrolab\" \/>\n<meta name=\"twitter:card\" content=\"summary_large_image\" \/>\n<meta name=\"twitter:label1\" content=\"Written by\" \/>\n\t<meta name=\"twitter:data1\" content=\"proagrolab\" \/>\n\t<meta name=\"twitter:label2\" content=\"Est. reading time\" \/>\n\t<meta name=\"twitter:data2\" content=\"3 minutes\" \/>\n<script type=\"application\/ld+json\" class=\"yoast-schema-graph\">{\"@context\":\"https:\\\/\\\/schema.org\",\"@graph\":[{\"@type\":\"Article\",\"@id\":\"https:\\\/\\\/proagrolab.com.ar\\\/enojados-con-costa-los-tamberos-piden-ayuda-a-las-provincias\\\/#article\",\"isPartOf\":{\"@id\":\"https:\\\/\\\/proagrolab.com.ar\\\/enojados-con-costa-los-tamberos-piden-ayuda-a-las-provincias\\\/\"},\"author\":{\"name\":\"proagrolab\",\"@id\":\"https:\\\/\\\/proagrolab.com.ar\\\/#\\\/schema\\\/person\\\/38003ff90bf80381f71c7d922d207444\"},\"headline\":\"Enojados con Costa, los tamberos piden ayuda a las provincias.\",\"datePublished\":\"2014-06-05T00:00:01+00:00\",\"dateModified\":\"2020-07-01T19:34:02+00:00\",\"mainEntityOfPage\":{\"@id\":\"https:\\\/\\\/proagrolab.com.ar\\\/enojados-con-costa-los-tamberos-piden-ayuda-a-las-provincias\\\/\"},\"wordCount\":706,\"publisher\":{\"@id\":\"https:\\\/\\\/proagrolab.com.ar\\\/#organization\"},\"image\":{\"@id\":\"https:\\\/\\\/proagrolab.com.ar\\\/enojados-con-costa-los-tamberos-piden-ayuda-a-las-provincias\\\/#primaryimage\"},\"thumbnailUrl\":\"https:\\\/\\\/proagrolab.com.ar\\\/wp-content\\\/uploads\\\/2015\\\/01\\\/g_cutgauujq__Lecheras-8.jpg\",\"articleSection\":[\"News\"],\"inLanguage\":\"en-US\"},{\"@type\":\"WebPage\",\"@id\":\"https:\\\/\\\/proagrolab.com.ar\\\/enojados-con-costa-los-tamberos-piden-ayuda-a-las-provincias\\\/\",\"url\":\"https:\\\/\\\/proagrolab.com.ar\\\/enojados-con-costa-los-tamberos-piden-ayuda-a-las-provincias\\\/\",\"name\":\"Enojados con Costa, los tamberos piden ayuda a las provincias. | Proagro\",\"isPartOf\":{\"@id\":\"https:\\\/\\\/proagrolab.com.ar\\\/#website\"},\"primaryImageOfPage\":{\"@id\":\"https:\\\/\\\/proagrolab.com.ar\\\/enojados-con-costa-los-tamberos-piden-ayuda-a-las-provincias\\\/#primaryimage\"},\"image\":{\"@id\":\"https:\\\/\\\/proagrolab.com.ar\\\/enojados-con-costa-los-tamberos-piden-ayuda-a-las-provincias\\\/#primaryimage\"},\"thumbnailUrl\":\"https:\\\/\\\/proagrolab.com.ar\\\/wp-content\\\/uploads\\\/2015\\\/01\\\/g_cutgauujq__Lecheras-8.jpg\",\"datePublished\":\"2014-06-05T00:00:01+00:00\",\"dateModified\":\"2020-07-01T19:34:02+00:00\",\"breadcrumb\":{\"@id\":\"https:\\\/\\\/proagrolab.com.ar\\\/enojados-con-costa-los-tamberos-piden-ayuda-a-las-provincias\\\/#breadcrumb\"},\"inLanguage\":\"en-US\",\"potentialAction\":[{\"@type\":\"ReadAction\",\"target\":[\"https:\\\/\\\/proagrolab.com.ar\\\/enojados-con-costa-los-tamberos-piden-ayuda-a-las-provincias\\\/\"]}]},{\"@type\":\"ImageObject\",\"inLanguage\":\"en-US\",\"@id\":\"https:\\\/\\\/proagrolab.com.ar\\\/enojados-con-costa-los-tamberos-piden-ayuda-a-las-provincias\\\/#primaryimage\",\"url\":\"https:\\\/\\\/proagrolab.com.ar\\\/wp-content\\\/uploads\\\/2015\\\/01\\\/g_cutgauujq__Lecheras-8.jpg\",\"contentUrl\":\"https:\\\/\\\/proagrolab.com.ar\\\/wp-content\\\/uploads\\\/2015\\\/01\\\/g_cutgauujq__Lecheras-8.jpg\",\"width\":450,\"height\":208},{\"@type\":\"BreadcrumbList\",\"@id\":\"https:\\\/\\\/proagrolab.com.ar\\\/enojados-con-costa-los-tamberos-piden-ayuda-a-las-provincias\\\/#breadcrumb\",\"itemListElement\":[{\"@type\":\"ListItem\",\"position\":1,\"name\":\"Portada\",\"item\":\"https:\\\/\\\/proagrolab.com.ar\\\/\"},{\"@type\":\"ListItem\",\"position\":2,\"name\":\"Enojados con Costa, los tamberos piden ayuda a las provincias.\"}]},{\"@type\":\"WebSite\",\"@id\":\"https:\\\/\\\/proagrolab.com.ar\\\/#website\",\"url\":\"https:\\\/\\\/proagrolab.com.ar\\\/\",\"name\":\"Proagro Laboratorio Veterinario\",\"description\":\"Veterinary laboratory\",\"publisher\":{\"@id\":\"https:\\\/\\\/proagrolab.com.ar\\\/#organization\"},\"potentialAction\":[{\"@type\":\"SearchAction\",\"target\":{\"@type\":\"EntryPoint\",\"urlTemplate\":\"https:\\\/\\\/proagrolab.com.ar\\\/?s={search_term_string}\"},\"query-input\":{\"@type\":\"PropertyValueSpecification\",\"valueRequired\":true,\"valueName\":\"search_term_string\"}}],\"inLanguage\":\"en-US\"},{\"@type\":\"Organization\",\"@id\":\"https:\\\/\\\/proagrolab.com.ar\\\/#organization\",\"name\":\"Proagro\",\"url\":\"https:\\\/\\\/proagrolab.com.ar\\\/\",\"logo\":{\"@type\":\"ImageObject\",\"inLanguage\":\"en-US\",\"@id\":\"https:\\\/\\\/proagrolab.com.ar\\\/#\\\/schema\\\/logo\\\/image\\\/\",\"url\":\"https:\\\/\\\/proagrolab.com.ar\\\/wp-content\\\/uploads\\\/2020\\\/04\\\/logo-retina.png\",\"contentUrl\":\"https:\\\/\\\/proagrolab.com.ar\\\/wp-content\\\/uploads\\\/2020\\\/04\\\/logo-retina.png\",\"width\":478,\"height\":120,\"caption\":\"Proagro\"},\"image\":{\"@id\":\"https:\\\/\\\/proagrolab.com.ar\\\/#\\\/schema\\\/logo\\\/image\\\/\"},\"sameAs\":[\"http:\\\/\\\/www.facebook.com\\\/proagrolab\",\"https:\\\/\\\/www.instagram.com\\\/proagrolab\\\/\",\"https:\\\/\\\/www.linkedin.com\\\/company\\\/laboratorio-proagro-s-a\\\/\"]},{\"@type\":\"Person\",\"@id\":\"https:\\\/\\\/proagrolab.com.ar\\\/#\\\/schema\\\/person\\\/38003ff90bf80381f71c7d922d207444\",\"name\":\"proagrolab\"}]}<\/script>\n<!-- \/ Yoast SEO plugin. -->","yoast_head_json":{"title":"Enojados con Costa, los tamberos piden ayuda a las provincias. | Proagro","robots":{"index":"index","follow":"follow","max-snippet":"max-snippet:-1","max-image-preview":"max-image-preview:large","max-video-preview":"max-video-preview:-1"},"canonical":"https:\/\/proagrolab.com.ar\/en\/enojados-con-costa-los-tamberos-piden-ayuda-a-las-provincias\/","og_locale":"en_US","og_type":"article","og_title":"Enojados con Costa, los tamberos piden ayuda a las provincias. | Proagro","og_description":"Le atribuyen haber frenado los precios de la leche; no se aprobaron exportaciones. Por Fernando Bertello. Los tamberos est\u00e1n decididos a jugar fuerte. Ante una supuesta orden del secretario de Comercio, Augusto Costa, de no otorgar permisos de exportaci\u00f3n a aquellas industrias l\u00e1cteas que paguen m\u00e1s de 3 pesos el litro por su producci\u00f3n, los productores quieren pedir ayuda a los ministros de Agricultura de los gobernadores de Buenos Aires, Daniel Scioli; de Santa Fe, Antonio Bonfatti, y de C\u00f3rdoba, Jos\u00e9 Manuel De la Sota, para revertir esa presunta medida del funcionario. As\u00ed lo decidieron ayer en una reuni\u00f3n de la Mesa Nacional de Productores de Leche, que agrupa a las entidades espec\u00edficas del sector y a las organizaciones gremiales tradicionales del campo. &#8220;Queremos que nos acompa\u00f1en en el reclamo. Las provincias deben tener m\u00e1s participaci\u00f3n. Queremos reunirnos con los ministros provinciales juntos o uno por uno&#8221;, expres\u00f3 Carlos Brave, coordinador de la Mesa Nacional de Productores de Leche. &#8220;No podemos admitir que hayan pisado los precios&#8221;, agreg\u00f3 el dirigente tambero. Los productores sostienen que desde las empresas les informaron que no pueden abonarles m\u00e1s de 3 pesos el litro de leche por estrictas instrucciones del secretario de Comercio. De [&hellip;]","og_url":"https:\/\/proagrolab.com.ar\/enojados-con-costa-los-tamberos-piden-ayuda-a-las-provincias\/","og_site_name":"Proagro","article_publisher":"http:\/\/www.facebook.com\/proagrolab","article_published_time":"2014-06-05T00:00:01+00:00","article_modified_time":"2020-07-01T19:34:02+00:00","og_image":[{"width":450,"height":208,"url":"https:\/\/proagrolab.com.ar\/wp-content\/uploads\/2015\/01\/g_cutgauujq__Lecheras-8.jpg","type":"image\/jpeg"}],"author":"proagrolab","twitter_card":"summary_large_image","twitter_misc":{"Written by":"proagrolab","Est. reading time":"3 minutes"},"schema":{"@context":"https:\/\/schema.org","@graph":[{"@type":"Article","@id":"https:\/\/proagrolab.com.ar\/enojados-con-costa-los-tamberos-piden-ayuda-a-las-provincias\/#article","isPartOf":{"@id":"https:\/\/proagrolab.com.ar\/enojados-con-costa-los-tamberos-piden-ayuda-a-las-provincias\/"},"author":{"name":"proagrolab","@id":"https:\/\/proagrolab.com.ar\/#\/schema\/person\/38003ff90bf80381f71c7d922d207444"},"headline":"Enojados con Costa, los tamberos piden ayuda a las provincias.","datePublished":"2014-06-05T00:00:01+00:00","dateModified":"2020-07-01T19:34:02+00:00","mainEntityOfPage":{"@id":"https:\/\/proagrolab.com.ar\/enojados-con-costa-los-tamberos-piden-ayuda-a-las-provincias\/"},"wordCount":706,"publisher":{"@id":"https:\/\/proagrolab.com.ar\/#organization"},"image":{"@id":"https:\/\/proagrolab.com.ar\/enojados-con-costa-los-tamberos-piden-ayuda-a-las-provincias\/#primaryimage"},"thumbnailUrl":"https:\/\/proagrolab.com.ar\/wp-content\/uploads\/2015\/01\/g_cutgauujq__Lecheras-8.jpg","articleSection":["News"],"inLanguage":"en-US"},{"@type":"WebPage","@id":"https:\/\/proagrolab.com.ar\/enojados-con-costa-los-tamberos-piden-ayuda-a-las-provincias\/","url":"https:\/\/proagrolab.com.ar\/enojados-con-costa-los-tamberos-piden-ayuda-a-las-provincias\/","name":"Enojados con Costa, los tamberos piden ayuda a las provincias. | Proagro","isPartOf":{"@id":"https:\/\/proagrolab.com.ar\/#website"},"primaryImageOfPage":{"@id":"https:\/\/proagrolab.com.ar\/enojados-con-costa-los-tamberos-piden-ayuda-a-las-provincias\/#primaryimage"},"image":{"@id":"https:\/\/proagrolab.com.ar\/enojados-con-costa-los-tamberos-piden-ayuda-a-las-provincias\/#primaryimage"},"thumbnailUrl":"https:\/\/proagrolab.com.ar\/wp-content\/uploads\/2015\/01\/g_cutgauujq__Lecheras-8.jpg","datePublished":"2014-06-05T00:00:01+00:00","dateModified":"2020-07-01T19:34:02+00:00","breadcrumb":{"@id":"https:\/\/proagrolab.com.ar\/enojados-con-costa-los-tamberos-piden-ayuda-a-las-provincias\/#breadcrumb"},"inLanguage":"en-US","potentialAction":[{"@type":"ReadAction","target":["https:\/\/proagrolab.com.ar\/enojados-con-costa-los-tamberos-piden-ayuda-a-las-provincias\/"]}]},{"@type":"ImageObject","inLanguage":"en-US","@id":"https:\/\/proagrolab.com.ar\/enojados-con-costa-los-tamberos-piden-ayuda-a-las-provincias\/#primaryimage","url":"https:\/\/proagrolab.com.ar\/wp-content\/uploads\/2015\/01\/g_cutgauujq__Lecheras-8.jpg","contentUrl":"https:\/\/proagrolab.com.ar\/wp-content\/uploads\/2015\/01\/g_cutgauujq__Lecheras-8.jpg","width":450,"height":208},{"@type":"BreadcrumbList","@id":"https:\/\/proagrolab.com.ar\/enojados-con-costa-los-tamberos-piden-ayuda-a-las-provincias\/#breadcrumb","itemListElement":[{"@type":"ListItem","position":1,"name":"Portada","item":"https:\/\/proagrolab.com.ar\/"},{"@type":"ListItem","position":2,"name":"Enojados con Costa, los tamberos piden ayuda a las provincias."}]},{"@type":"WebSite","@id":"https:\/\/proagrolab.com.ar\/#website","url":"https:\/\/proagrolab.com.ar\/","name":"Proagro Laboratorio Veterinario","description":"Veterinary laboratory","publisher":{"@id":"https:\/\/proagrolab.com.ar\/#organization"},"potentialAction":[{"@type":"SearchAction","target":{"@type":"EntryPoint","urlTemplate":"https:\/\/proagrolab.com.ar\/?s={search_term_string}"},"query-input":{"@type":"PropertyValueSpecification","valueRequired":true,"valueName":"search_term_string"}}],"inLanguage":"en-US"},{"@type":"Organization","@id":"https:\/\/proagrolab.com.ar\/#organization","name":"Proagro","url":"https:\/\/proagrolab.com.ar\/","logo":{"@type":"ImageObject","inLanguage":"en-US","@id":"https:\/\/proagrolab.com.ar\/#\/schema\/logo\/image\/","url":"https:\/\/proagrolab.com.ar\/wp-content\/uploads\/2020\/04\/logo-retina.png","contentUrl":"https:\/\/proagrolab.com.ar\/wp-content\/uploads\/2020\/04\/logo-retina.png","width":478,"height":120,"caption":"Proagro"},"image":{"@id":"https:\/\/proagrolab.com.ar\/#\/schema\/logo\/image\/"},"sameAs":["http:\/\/www.facebook.com\/proagrolab","https:\/\/www.instagram.com\/proagrolab\/","https:\/\/www.linkedin.com\/company\/laboratorio-proagro-s-a\/"]},{"@type":"Person","@id":"https:\/\/proagrolab.com.ar\/#\/schema\/person\/38003ff90bf80381f71c7d922d207444","name":"proagrolab"}]}},"_links":{"self":[{"href":"https:\/\/proagrolab.com.ar\/en\/wp-json\/wp\/v2\/posts\/6160","targetHints":{"allow":["GET"]}}],"collection":[{"href":"https:\/\/proagrolab.com.ar\/en\/wp-json\/wp\/v2\/posts"}],"about":[{"href":"https:\/\/proagrolab.com.ar\/en\/wp-json\/wp\/v2\/types\/post"}],"author":[{"embeddable":true,"href":"https:\/\/proagrolab.com.ar\/en\/wp-json\/wp\/v2\/users\/2"}],"replies":[{"embeddable":true,"href":"https:\/\/proagrolab.com.ar\/en\/wp-json\/wp\/v2\/comments?post=6160"}],"version-history":[{"count":1,"href":"https:\/\/proagrolab.com.ar\/en\/wp-json\/wp\/v2\/posts\/6160\/revisions"}],"predecessor-version":[{"id":14462,"href":"https:\/\/proagrolab.com.ar\/en\/wp-json\/wp\/v2\/posts\/6160\/revisions\/14462"}],"wp:featuredmedia":[{"embeddable":true,"href":"https:\/\/proagrolab.com.ar\/en\/wp-json\/wp\/v2\/media\/2647"}],"wp:attachment":[{"href":"https:\/\/proagrolab.com.ar\/en\/wp-json\/wp\/v2\/media?parent=6160"}],"wp:term":[{"taxonomy":"category","embeddable":true,"href":"https:\/\/proagrolab.com.ar\/en\/wp-json\/wp\/v2\/categories?post=6160"},{"taxonomy":"post_tag","embeddable":true,"href":"https:\/\/proagrolab.com.ar\/en\/wp-json\/wp\/v2\/tags?post=6160"}],"curies":[{"name":"wp","href":"https:\/\/api.w.org\/{rel}","templated":true}]}}