{"id":6159,"date":"2014-06-04T00:00:01","date_gmt":"2014-06-04T00:00:01","guid":{"rendered":"https:\/\/proagrolab.com.ar\/emiratos-arabes-unidos-levanta-restriccion-a-la-carne-bovina-de-paraguay\/"},"modified":"2020-07-01T19:33:52","modified_gmt":"2020-07-01T19:33:52","slug":"emiratos-arabes-unidos-levanta-restriccion-a-la-carne-bovina-de-paraguay","status":"publish","type":"post","link":"https:\/\/proagrolab.com.ar\/en\/emiratos-arabes-unidos-levanta-restriccion-a-la-carne-bovina-de-paraguay\/","title":{"rendered":"Emiratos \u00c1rabes Unidos levanta restricci\u00f3n a la carne bovina de Paraguay."},"content":{"rendered":"<p class=\"qtranxs-available-languages-message qtranxs-available-languages-message-en\"> <\/p><p>Los Emiratos \u00c1rabes Unidos levant\u00f3 las restricciones a la carne bovina paraguaya, seg\u00fan inform\u00f3 el diputado Walter Harms, quien integra una comitiva de visita oficial en Abu Dhabi.<\/p>\n<p>En contacto con la 780 AM desde ese pa\u00eds, Harms anunci\u00f3 que las autoridades locales confirmaron una v\u00eda libre nuevamente para la compra de carne paraguaya.<\/p>\n<p>\u0093El primer \u00e9xtio que tuvimos fue el levantamiento de las trabas a la exportaci\u00f3n de carne\u0094, manifest\u00f3 el legislador.<\/p>\n<p>Al ser consultado, Hugo Idoyaga, titular del Servicio Nacional de Calidad y Salud Animal (Senacsa), indic\u00f3 que se trata de un importante logro para el sector c\u00e1rnico.<\/p>\n<p>\u0093Recibimos con gozo la noticia del levantamiento de las restricciones\u0094, manifest\u00f3 desde Francia, donde Paraguay ya recibi\u00f3 su certificaci\u00f3n de pa\u00eds libre de fiebre aftosa por parte de la OIE.<\/p>\n<p>Paraguay se recupera de un duro rev\u00e9s en el sector c\u00e1rnico, luego de que en 2011 se detectara la presencia de fiebre aftosa en el departamento de San Pedro.<\/p>\n<p>El rebrote provoc\u00f3 el cierre de varios mercados en el mundo, entre ellos el de Emiratos \u00c1rabes Unidos. Tras una intensa campa\u00f1a y el refuerzo de las medidas sanitarias, el Paraguay logr\u00f3 reactivar sus env\u00edos de carne paulatinamente.<\/p>\n<p>Fuente: Carnetec, 2 de junio.<br \/><\/p>","protected":false},"excerpt":{"rendered":"<p>Los Emiratos \u00c1rabes Unidos levant\u00f3 las restricciones a la carne bovina paraguaya, seg\u00fan inform\u00f3 el diputado Walter Harms, quien integra una comitiva de visita oficial en Abu Dhabi. En contacto con la 780 AM desde ese pa\u00eds, Harms anunci\u00f3 que las autoridades locales confirmaron una v\u00eda libre nuevamente para la compra de carne paraguaya. \u0093El primer \u00e9xtio que tuvimos fue el levantamiento de las trabas a la exportaci\u00f3n de carne\u0094, manifest\u00f3 el legislador. Al ser consultado, Hugo Idoyaga, titular del Servicio Nacional de Calidad y Salud Animal (Senacsa), indic\u00f3 que se trata de un importante logro para el sector c\u00e1rnico. \u0093Recibimos con gozo la noticia del levantamiento de las restricciones\u0094, manifest\u00f3 desde Francia, donde Paraguay ya recibi\u00f3 su certificaci\u00f3n de pa\u00eds libre de fiebre aftosa por parte de la OIE. Paraguay se recupera de un duro rev\u00e9s en el sector c\u00e1rnico, luego de que en 2011 se detectara la presencia de fiebre aftosa en el departamento de San Pedro. El rebrote provoc\u00f3 el cierre de varios mercados en el mundo, entre ellos el de Emiratos \u00c1rabes Unidos. Tras una intensa campa\u00f1a y el refuerzo de las medidas sanitarias, el Paraguay logr\u00f3 reactivar sus env\u00edos de carne paulatinamente. Fuente: Carnetec, 2 [&hellip;]<\/p>\n","protected":false},"author":2,"featured_media":2646,"comment_status":"closed","ping_status":"open","sticky":false,"template":"","format":"standard","meta":{"_acf_changed":false,"footnotes":""},"categories":[56],"tags":[],"class_list":["post-6159","post","type-post","status-publish","format-standard","has-post-thumbnail","hentry","category-infoganadero"],"acf":[],"yoast_head":"<!-- This site is optimized with the Yoast SEO plugin v27.4 - https:\/\/yoast.com\/product\/yoast-seo-wordpress\/ -->\n<title>Emiratos \u00c1rabes Unidos levanta restricci\u00f3n a la carne bovina de Paraguay. | Proagro<\/title>\n<meta name=\"robots\" content=\"index, follow, max-snippet:-1, max-image-preview:large, max-video-preview:-1\" \/>\n<link rel=\"canonical\" href=\"https:\/\/proagrolab.com.ar\/en\/emiratos-arabes-unidos-levanta-restriccion-a-la-carne-bovina-de-paraguay\/\" \/>\n<meta property=\"og:locale\" content=\"en_US\" \/>\n<meta property=\"og:type\" content=\"article\" \/>\n<meta property=\"og:title\" content=\"Emiratos \u00c1rabes Unidos levanta restricci\u00f3n a la carne bovina de Paraguay. | Proagro\" \/>\n<meta property=\"og:description\" content=\"Los Emiratos \u00c1rabes Unidos levant\u00f3 las restricciones a la carne bovina paraguaya, seg\u00fan inform\u00f3 el diputado Walter Harms, quien integra una comitiva de visita oficial en Abu Dhabi. En contacto con la 780 AM desde ese pa\u00eds, Harms anunci\u00f3 que las autoridades locales confirmaron una v\u00eda libre nuevamente para la compra de carne paraguaya. \u0093El primer \u00e9xtio que tuvimos fue el levantamiento de las trabas a la exportaci\u00f3n de carne\u0094, manifest\u00f3 el legislador. Al ser consultado, Hugo Idoyaga, titular del Servicio Nacional de Calidad y Salud Animal (Senacsa), indic\u00f3 que se trata de un importante logro para el sector c\u00e1rnico. \u0093Recibimos con gozo la noticia del levantamiento de las restricciones\u0094, manifest\u00f3 desde Francia, donde Paraguay ya recibi\u00f3 su certificaci\u00f3n de pa\u00eds libre de fiebre aftosa por parte de la OIE. Paraguay se recupera de un duro rev\u00e9s en el sector c\u00e1rnico, luego de que en 2011 se detectara la presencia de fiebre aftosa en el departamento de San Pedro. El rebrote provoc\u00f3 el cierre de varios mercados en el mundo, entre ellos el de Emiratos \u00c1rabes Unidos. Tras una intensa campa\u00f1a y el refuerzo de las medidas sanitarias, el Paraguay logr\u00f3 reactivar sus env\u00edos de carne paulatinamente. Fuente: Carnetec, 2 [&hellip;]\" \/>\n<meta property=\"og:url\" content=\"https:\/\/proagrolab.com.ar\/emiratos-arabes-unidos-levanta-restriccion-a-la-carne-bovina-de-paraguay\/\" \/>\n<meta property=\"og:site_name\" content=\"Proagro\" \/>\n<meta property=\"article:publisher\" content=\"http:\/\/www.facebook.com\/proagrolab\" \/>\n<meta property=\"article:published_time\" content=\"2014-06-04T00:00:01+00:00\" \/>\n<meta property=\"article:modified_time\" content=\"2020-07-01T19:33:52+00:00\" \/>\n<meta property=\"og:image\" content=\"https:\/\/proagrolab.com.ar\/wp-content\/uploads\/2015\/01\/g_fazr83u24__Frigorifico-3.jpg\" \/>\n\t<meta property=\"og:image:width\" content=\"450\" \/>\n\t<meta property=\"og:image:height\" content=\"208\" \/>\n\t<meta property=\"og:image:type\" content=\"image\/jpeg\" \/>\n<meta name=\"author\" content=\"proagrolab\" \/>\n<meta name=\"twitter:card\" content=\"summary_large_image\" \/>\n<meta name=\"twitter:label1\" content=\"Written by\" \/>\n\t<meta name=\"twitter:data1\" content=\"proagrolab\" \/>\n\t<meta name=\"twitter:label2\" content=\"Est. reading time\" \/>\n\t<meta name=\"twitter:data2\" content=\"1 minute\" \/>\n<script type=\"application\/ld+json\" class=\"yoast-schema-graph\">{\"@context\":\"https:\\\/\\\/schema.org\",\"@graph\":[{\"@type\":\"Article\",\"@id\":\"https:\\\/\\\/proagrolab.com.ar\\\/emiratos-arabes-unidos-levanta-restriccion-a-la-carne-bovina-de-paraguay\\\/#article\",\"isPartOf\":{\"@id\":\"https:\\\/\\\/proagrolab.com.ar\\\/emiratos-arabes-unidos-levanta-restriccion-a-la-carne-bovina-de-paraguay\\\/\"},\"author\":{\"name\":\"proagrolab\",\"@id\":\"https:\\\/\\\/proagrolab.com.ar\\\/#\\\/schema\\\/person\\\/38003ff90bf80381f71c7d922d207444\"},\"headline\":\"Emiratos \u00c1rabes Unidos levanta restricci\u00f3n a la carne bovina de Paraguay.\",\"datePublished\":\"2014-06-04T00:00:01+00:00\",\"dateModified\":\"2020-07-01T19:33:52+00:00\",\"mainEntityOfPage\":{\"@id\":\"https:\\\/\\\/proagrolab.com.ar\\\/emiratos-arabes-unidos-levanta-restriccion-a-la-carne-bovina-de-paraguay\\\/\"},\"wordCount\":222,\"publisher\":{\"@id\":\"https:\\\/\\\/proagrolab.com.ar\\\/#organization\"},\"image\":{\"@id\":\"https:\\\/\\\/proagrolab.com.ar\\\/emiratos-arabes-unidos-levanta-restriccion-a-la-carne-bovina-de-paraguay\\\/#primaryimage\"},\"thumbnailUrl\":\"https:\\\/\\\/proagrolab.com.ar\\\/wp-content\\\/uploads\\\/2015\\\/01\\\/g_fazr83u24__Frigorifico-3.jpg\",\"articleSection\":[\"News\"],\"inLanguage\":\"en-US\"},{\"@type\":\"WebPage\",\"@id\":\"https:\\\/\\\/proagrolab.com.ar\\\/emiratos-arabes-unidos-levanta-restriccion-a-la-carne-bovina-de-paraguay\\\/\",\"url\":\"https:\\\/\\\/proagrolab.com.ar\\\/emiratos-arabes-unidos-levanta-restriccion-a-la-carne-bovina-de-paraguay\\\/\",\"name\":\"Emiratos \u00c1rabes Unidos levanta restricci\u00f3n a la carne bovina de Paraguay. | Proagro\",\"isPartOf\":{\"@id\":\"https:\\\/\\\/proagrolab.com.ar\\\/#website\"},\"primaryImageOfPage\":{\"@id\":\"https:\\\/\\\/proagrolab.com.ar\\\/emiratos-arabes-unidos-levanta-restriccion-a-la-carne-bovina-de-paraguay\\\/#primaryimage\"},\"image\":{\"@id\":\"https:\\\/\\\/proagrolab.com.ar\\\/emiratos-arabes-unidos-levanta-restriccion-a-la-carne-bovina-de-paraguay\\\/#primaryimage\"},\"thumbnailUrl\":\"https:\\\/\\\/proagrolab.com.ar\\\/wp-content\\\/uploads\\\/2015\\\/01\\\/g_fazr83u24__Frigorifico-3.jpg\",\"datePublished\":\"2014-06-04T00:00:01+00:00\",\"dateModified\":\"2020-07-01T19:33:52+00:00\",\"breadcrumb\":{\"@id\":\"https:\\\/\\\/proagrolab.com.ar\\\/emiratos-arabes-unidos-levanta-restriccion-a-la-carne-bovina-de-paraguay\\\/#breadcrumb\"},\"inLanguage\":\"en-US\",\"potentialAction\":[{\"@type\":\"ReadAction\",\"target\":[\"https:\\\/\\\/proagrolab.com.ar\\\/emiratos-arabes-unidos-levanta-restriccion-a-la-carne-bovina-de-paraguay\\\/\"]}]},{\"@type\":\"ImageObject\",\"inLanguage\":\"en-US\",\"@id\":\"https:\\\/\\\/proagrolab.com.ar\\\/emiratos-arabes-unidos-levanta-restriccion-a-la-carne-bovina-de-paraguay\\\/#primaryimage\",\"url\":\"https:\\\/\\\/proagrolab.com.ar\\\/wp-content\\\/uploads\\\/2015\\\/01\\\/g_fazr83u24__Frigorifico-3.jpg\",\"contentUrl\":\"https:\\\/\\\/proagrolab.com.ar\\\/wp-content\\\/uploads\\\/2015\\\/01\\\/g_fazr83u24__Frigorifico-3.jpg\",\"width\":450,\"height\":208},{\"@type\":\"BreadcrumbList\",\"@id\":\"https:\\\/\\\/proagrolab.com.ar\\\/emiratos-arabes-unidos-levanta-restriccion-a-la-carne-bovina-de-paraguay\\\/#breadcrumb\",\"itemListElement\":[{\"@type\":\"ListItem\",\"position\":1,\"name\":\"Portada\",\"item\":\"https:\\\/\\\/proagrolab.com.ar\\\/\"},{\"@type\":\"ListItem\",\"position\":2,\"name\":\"Emiratos \u00c1rabes Unidos levanta restricci\u00f3n a la carne bovina de Paraguay.\"}]},{\"@type\":\"WebSite\",\"@id\":\"https:\\\/\\\/proagrolab.com.ar\\\/#website\",\"url\":\"https:\\\/\\\/proagrolab.com.ar\\\/\",\"name\":\"Proagro Laboratorio Veterinario\",\"description\":\"Veterinary laboratory\",\"publisher\":{\"@id\":\"https:\\\/\\\/proagrolab.com.ar\\\/#organization\"},\"potentialAction\":[{\"@type\":\"SearchAction\",\"target\":{\"@type\":\"EntryPoint\",\"urlTemplate\":\"https:\\\/\\\/proagrolab.com.ar\\\/?s={search_term_string}\"},\"query-input\":{\"@type\":\"PropertyValueSpecification\",\"valueRequired\":true,\"valueName\":\"search_term_string\"}}],\"inLanguage\":\"en-US\"},{\"@type\":\"Organization\",\"@id\":\"https:\\\/\\\/proagrolab.com.ar\\\/#organization\",\"name\":\"Proagro\",\"url\":\"https:\\\/\\\/proagrolab.com.ar\\\/\",\"logo\":{\"@type\":\"ImageObject\",\"inLanguage\":\"en-US\",\"@id\":\"https:\\\/\\\/proagrolab.com.ar\\\/#\\\/schema\\\/logo\\\/image\\\/\",\"url\":\"https:\\\/\\\/proagrolab.com.ar\\\/wp-content\\\/uploads\\\/2020\\\/04\\\/logo-retina.png\",\"contentUrl\":\"https:\\\/\\\/proagrolab.com.ar\\\/wp-content\\\/uploads\\\/2020\\\/04\\\/logo-retina.png\",\"width\":478,\"height\":120,\"caption\":\"Proagro\"},\"image\":{\"@id\":\"https:\\\/\\\/proagrolab.com.ar\\\/#\\\/schema\\\/logo\\\/image\\\/\"},\"sameAs\":[\"http:\\\/\\\/www.facebook.com\\\/proagrolab\",\"https:\\\/\\\/www.instagram.com\\\/proagrolab\\\/\",\"https:\\\/\\\/www.linkedin.com\\\/company\\\/laboratorio-proagro-s-a\\\/\"]},{\"@type\":\"Person\",\"@id\":\"https:\\\/\\\/proagrolab.com.ar\\\/#\\\/schema\\\/person\\\/38003ff90bf80381f71c7d922d207444\",\"name\":\"proagrolab\"}]}<\/script>\n<!-- \/ Yoast SEO plugin. -->","yoast_head_json":{"title":"Emiratos \u00c1rabes Unidos levanta restricci\u00f3n a la carne bovina de Paraguay. | Proagro","robots":{"index":"index","follow":"follow","max-snippet":"max-snippet:-1","max-image-preview":"max-image-preview:large","max-video-preview":"max-video-preview:-1"},"canonical":"https:\/\/proagrolab.com.ar\/en\/emiratos-arabes-unidos-levanta-restriccion-a-la-carne-bovina-de-paraguay\/","og_locale":"en_US","og_type":"article","og_title":"Emiratos \u00c1rabes Unidos levanta restricci\u00f3n a la carne bovina de Paraguay. | Proagro","og_description":"Los Emiratos \u00c1rabes Unidos levant\u00f3 las restricciones a la carne bovina paraguaya, seg\u00fan inform\u00f3 el diputado Walter Harms, quien integra una comitiva de visita oficial en Abu Dhabi. En contacto con la 780 AM desde ese pa\u00eds, Harms anunci\u00f3 que las autoridades locales confirmaron una v\u00eda libre nuevamente para la compra de carne paraguaya. \u0093El primer \u00e9xtio que tuvimos fue el levantamiento de las trabas a la exportaci\u00f3n de carne\u0094, manifest\u00f3 el legislador. Al ser consultado, Hugo Idoyaga, titular del Servicio Nacional de Calidad y Salud Animal (Senacsa), indic\u00f3 que se trata de un importante logro para el sector c\u00e1rnico. \u0093Recibimos con gozo la noticia del levantamiento de las restricciones\u0094, manifest\u00f3 desde Francia, donde Paraguay ya recibi\u00f3 su certificaci\u00f3n de pa\u00eds libre de fiebre aftosa por parte de la OIE. Paraguay se recupera de un duro rev\u00e9s en el sector c\u00e1rnico, luego de que en 2011 se detectara la presencia de fiebre aftosa en el departamento de San Pedro. El rebrote provoc\u00f3 el cierre de varios mercados en el mundo, entre ellos el de Emiratos \u00c1rabes Unidos. Tras una intensa campa\u00f1a y el refuerzo de las medidas sanitarias, el Paraguay logr\u00f3 reactivar sus env\u00edos de carne paulatinamente. Fuente: Carnetec, 2 [&hellip;]","og_url":"https:\/\/proagrolab.com.ar\/emiratos-arabes-unidos-levanta-restriccion-a-la-carne-bovina-de-paraguay\/","og_site_name":"Proagro","article_publisher":"http:\/\/www.facebook.com\/proagrolab","article_published_time":"2014-06-04T00:00:01+00:00","article_modified_time":"2020-07-01T19:33:52+00:00","og_image":[{"width":450,"height":208,"url":"https:\/\/proagrolab.com.ar\/wp-content\/uploads\/2015\/01\/g_fazr83u24__Frigorifico-3.jpg","type":"image\/jpeg"}],"author":"proagrolab","twitter_card":"summary_large_image","twitter_misc":{"Written by":"proagrolab","Est. reading time":"1 minute"},"schema":{"@context":"https:\/\/schema.org","@graph":[{"@type":"Article","@id":"https:\/\/proagrolab.com.ar\/emiratos-arabes-unidos-levanta-restriccion-a-la-carne-bovina-de-paraguay\/#article","isPartOf":{"@id":"https:\/\/proagrolab.com.ar\/emiratos-arabes-unidos-levanta-restriccion-a-la-carne-bovina-de-paraguay\/"},"author":{"name":"proagrolab","@id":"https:\/\/proagrolab.com.ar\/#\/schema\/person\/38003ff90bf80381f71c7d922d207444"},"headline":"Emiratos \u00c1rabes Unidos levanta restricci\u00f3n a la carne bovina de Paraguay.","datePublished":"2014-06-04T00:00:01+00:00","dateModified":"2020-07-01T19:33:52+00:00","mainEntityOfPage":{"@id":"https:\/\/proagrolab.com.ar\/emiratos-arabes-unidos-levanta-restriccion-a-la-carne-bovina-de-paraguay\/"},"wordCount":222,"publisher":{"@id":"https:\/\/proagrolab.com.ar\/#organization"},"image":{"@id":"https:\/\/proagrolab.com.ar\/emiratos-arabes-unidos-levanta-restriccion-a-la-carne-bovina-de-paraguay\/#primaryimage"},"thumbnailUrl":"https:\/\/proagrolab.com.ar\/wp-content\/uploads\/2015\/01\/g_fazr83u24__Frigorifico-3.jpg","articleSection":["News"],"inLanguage":"en-US"},{"@type":"WebPage","@id":"https:\/\/proagrolab.com.ar\/emiratos-arabes-unidos-levanta-restriccion-a-la-carne-bovina-de-paraguay\/","url":"https:\/\/proagrolab.com.ar\/emiratos-arabes-unidos-levanta-restriccion-a-la-carne-bovina-de-paraguay\/","name":"Emiratos \u00c1rabes Unidos levanta restricci\u00f3n a la carne bovina de Paraguay. | Proagro","isPartOf":{"@id":"https:\/\/proagrolab.com.ar\/#website"},"primaryImageOfPage":{"@id":"https:\/\/proagrolab.com.ar\/emiratos-arabes-unidos-levanta-restriccion-a-la-carne-bovina-de-paraguay\/#primaryimage"},"image":{"@id":"https:\/\/proagrolab.com.ar\/emiratos-arabes-unidos-levanta-restriccion-a-la-carne-bovina-de-paraguay\/#primaryimage"},"thumbnailUrl":"https:\/\/proagrolab.com.ar\/wp-content\/uploads\/2015\/01\/g_fazr83u24__Frigorifico-3.jpg","datePublished":"2014-06-04T00:00:01+00:00","dateModified":"2020-07-01T19:33:52+00:00","breadcrumb":{"@id":"https:\/\/proagrolab.com.ar\/emiratos-arabes-unidos-levanta-restriccion-a-la-carne-bovina-de-paraguay\/#breadcrumb"},"inLanguage":"en-US","potentialAction":[{"@type":"ReadAction","target":["https:\/\/proagrolab.com.ar\/emiratos-arabes-unidos-levanta-restriccion-a-la-carne-bovina-de-paraguay\/"]}]},{"@type":"ImageObject","inLanguage":"en-US","@id":"https:\/\/proagrolab.com.ar\/emiratos-arabes-unidos-levanta-restriccion-a-la-carne-bovina-de-paraguay\/#primaryimage","url":"https:\/\/proagrolab.com.ar\/wp-content\/uploads\/2015\/01\/g_fazr83u24__Frigorifico-3.jpg","contentUrl":"https:\/\/proagrolab.com.ar\/wp-content\/uploads\/2015\/01\/g_fazr83u24__Frigorifico-3.jpg","width":450,"height":208},{"@type":"BreadcrumbList","@id":"https:\/\/proagrolab.com.ar\/emiratos-arabes-unidos-levanta-restriccion-a-la-carne-bovina-de-paraguay\/#breadcrumb","itemListElement":[{"@type":"ListItem","position":1,"name":"Portada","item":"https:\/\/proagrolab.com.ar\/"},{"@type":"ListItem","position":2,"name":"Emiratos \u00c1rabes Unidos levanta restricci\u00f3n a la carne bovina de Paraguay."}]},{"@type":"WebSite","@id":"https:\/\/proagrolab.com.ar\/#website","url":"https:\/\/proagrolab.com.ar\/","name":"Proagro Laboratorio Veterinario","description":"Veterinary laboratory","publisher":{"@id":"https:\/\/proagrolab.com.ar\/#organization"},"potentialAction":[{"@type":"SearchAction","target":{"@type":"EntryPoint","urlTemplate":"https:\/\/proagrolab.com.ar\/?s={search_term_string}"},"query-input":{"@type":"PropertyValueSpecification","valueRequired":true,"valueName":"search_term_string"}}],"inLanguage":"en-US"},{"@type":"Organization","@id":"https:\/\/proagrolab.com.ar\/#organization","name":"Proagro","url":"https:\/\/proagrolab.com.ar\/","logo":{"@type":"ImageObject","inLanguage":"en-US","@id":"https:\/\/proagrolab.com.ar\/#\/schema\/logo\/image\/","url":"https:\/\/proagrolab.com.ar\/wp-content\/uploads\/2020\/04\/logo-retina.png","contentUrl":"https:\/\/proagrolab.com.ar\/wp-content\/uploads\/2020\/04\/logo-retina.png","width":478,"height":120,"caption":"Proagro"},"image":{"@id":"https:\/\/proagrolab.com.ar\/#\/schema\/logo\/image\/"},"sameAs":["http:\/\/www.facebook.com\/proagrolab","https:\/\/www.instagram.com\/proagrolab\/","https:\/\/www.linkedin.com\/company\/laboratorio-proagro-s-a\/"]},{"@type":"Person","@id":"https:\/\/proagrolab.com.ar\/#\/schema\/person\/38003ff90bf80381f71c7d922d207444","name":"proagrolab"}]}},"_links":{"self":[{"href":"https:\/\/proagrolab.com.ar\/en\/wp-json\/wp\/v2\/posts\/6159","targetHints":{"allow":["GET"]}}],"collection":[{"href":"https:\/\/proagrolab.com.ar\/en\/wp-json\/wp\/v2\/posts"}],"about":[{"href":"https:\/\/proagrolab.com.ar\/en\/wp-json\/wp\/v2\/types\/post"}],"author":[{"embeddable":true,"href":"https:\/\/proagrolab.com.ar\/en\/wp-json\/wp\/v2\/users\/2"}],"replies":[{"embeddable":true,"href":"https:\/\/proagrolab.com.ar\/en\/wp-json\/wp\/v2\/comments?post=6159"}],"version-history":[{"count":1,"href":"https:\/\/proagrolab.com.ar\/en\/wp-json\/wp\/v2\/posts\/6159\/revisions"}],"predecessor-version":[{"id":14460,"href":"https:\/\/proagrolab.com.ar\/en\/wp-json\/wp\/v2\/posts\/6159\/revisions\/14460"}],"wp:featuredmedia":[{"embeddable":true,"href":"https:\/\/proagrolab.com.ar\/en\/wp-json\/wp\/v2\/media\/2646"}],"wp:attachment":[{"href":"https:\/\/proagrolab.com.ar\/en\/wp-json\/wp\/v2\/media?parent=6159"}],"wp:term":[{"taxonomy":"category","embeddable":true,"href":"https:\/\/proagrolab.com.ar\/en\/wp-json\/wp\/v2\/categories?post=6159"},{"taxonomy":"post_tag","embeddable":true,"href":"https:\/\/proagrolab.com.ar\/en\/wp-json\/wp\/v2\/tags?post=6159"}],"curies":[{"name":"wp","href":"https:\/\/api.w.org\/{rel}","templated":true}]}}