{"id":6158,"date":"2014-06-04T00:00:01","date_gmt":"2014-06-04T00:00:01","guid":{"rendered":"https:\/\/proagrolab.com.ar\/cual-es-el-pais-de-sudamerica-que-menos-consume-la-carne-de-cerdo\/"},"modified":"2020-07-01T19:33:34","modified_gmt":"2020-07-01T19:33:34","slug":"cual-es-el-pais-de-sudamerica-que-menos-consume-la-carne-de-cerdo","status":"publish","type":"post","link":"https:\/\/proagrolab.com.ar\/en\/cual-es-el-pais-de-sudamerica-que-menos-consume-la-carne-de-cerdo\/","title":{"rendered":"\u00bfCu\u00e1l es el pa\u00eds de Sudam\u00e9rica que menos consume la carne de cerdo?."},"content":{"rendered":"<p class=\"qtranxs-available-languages-message qtranxs-available-languages-message-en\"> <\/p><p>El consumo per c\u00e1pita de carne porcina en Colombia fue de 6.7 kilos en 2013, el segundo m\u00e1s bajo a escala mundial excluidos los pa\u00edses en los que por razones religiosas no forma parte de su dieta, inform\u00f3 la Asociaci\u00f3n Colombiana de Porcicultores.<\/p>\n<p>En los \u00faltimos a\u00f1os el consumo de carne porcina ha aumentado significativamente en el pa\u00eds cafetero, desde los 2.90 kilos por habitante de 2002, pero a\u00fan sigue por debajo del promedio mundial, agreg\u00f3 el gremio.<\/p>\n<p>Colombia s\u00f3lo supera a Indonesia, que con 2,5 kilos tiene el consumo per c\u00e1pita de cerdo m\u00e1s bajo del mundo, seg\u00fan un comunicado de la entidad colombiana que cita como fuente estudios internacionales.<\/p>\n<p>El mayor consumo es el de Hong Kong con 69,8 kilos, seguido por los pa\u00edses de la Uni\u00f3n Europea (40,9 kilos), China (40,3), Taiw\u00e1n (38,9) y Corea del Sur (33,1).<\/p>\n<p>En Am\u00e9rica Latina, los pa\u00edses con mayor consumo per c\u00e1pita de esta carne son Paraguay (16,7 kilos), M\u00e9xico (16,4) y Brasil (13,3).<\/p>\n<p>Cabe mencionar aqu\u00ed que la Asociaci\u00f3n Colombiana de Porcicultores celebrar\u00e1 el festival de carne porcina en el marco de la VIII Feria Internacional de la Alimentaci\u00f3n y la Hospitalidad (Alimentec 2014) que se llevar\u00e1 a cabo del 3 al 7 de junio en Bogot\u00e1.<\/p>\n<p>Fuente: Carnetec, 2 de junio.<br \/><\/p>","protected":false},"excerpt":{"rendered":"<p>El consumo per c\u00e1pita de carne porcina en Colombia fue de 6.7 kilos en 2013, el segundo m\u00e1s bajo a escala mundial excluidos los pa\u00edses en los que por razones religiosas no forma parte de su dieta, inform\u00f3 la Asociaci\u00f3n Colombiana de Porcicultores. En los \u00faltimos a\u00f1os el consumo de carne porcina ha aumentado significativamente en el pa\u00eds cafetero, desde los 2.90 kilos por habitante de 2002, pero a\u00fan sigue por debajo del promedio mundial, agreg\u00f3 el gremio. Colombia s\u00f3lo supera a Indonesia, que con 2,5 kilos tiene el consumo per c\u00e1pita de cerdo m\u00e1s bajo del mundo, seg\u00fan un comunicado de la entidad colombiana que cita como fuente estudios internacionales. El mayor consumo es el de Hong Kong con 69,8 kilos, seguido por los pa\u00edses de la Uni\u00f3n Europea (40,9 kilos), China (40,3), Taiw\u00e1n (38,9) y Corea del Sur (33,1). En Am\u00e9rica Latina, los pa\u00edses con mayor consumo per c\u00e1pita de esta carne son Paraguay (16,7 kilos), M\u00e9xico (16,4) y Brasil (13,3). Cabe mencionar aqu\u00ed que la Asociaci\u00f3n Colombiana de Porcicultores celebrar\u00e1 el festival de carne porcina en el marco de la VIII Feria Internacional de la Alimentaci\u00f3n y la Hospitalidad (Alimentec 2014) que se llevar\u00e1 a cabo del [&hellip;]<\/p>\n","protected":false},"author":2,"featured_media":2645,"comment_status":"closed","ping_status":"open","sticky":false,"template":"","format":"standard","meta":{"_acf_changed":false,"footnotes":""},"categories":[56],"tags":[],"class_list":["post-6158","post","type-post","status-publish","format-standard","has-post-thumbnail","hentry","category-infoganadero"],"acf":[],"yoast_head":"<!-- This site is optimized with the Yoast SEO plugin v27.4 - https:\/\/yoast.com\/product\/yoast-seo-wordpress\/ -->\n<title>\u00bfCu\u00e1l es el pa\u00eds de Sudam\u00e9rica que menos consume la carne de cerdo?. | Proagro<\/title>\n<meta name=\"robots\" content=\"index, follow, max-snippet:-1, max-image-preview:large, max-video-preview:-1\" \/>\n<link rel=\"canonical\" href=\"https:\/\/proagrolab.com.ar\/en\/cual-es-el-pais-de-sudamerica-que-menos-consume-la-carne-de-cerdo\/\" \/>\n<meta property=\"og:locale\" content=\"en_US\" \/>\n<meta property=\"og:type\" content=\"article\" \/>\n<meta property=\"og:title\" content=\"\u00bfCu\u00e1l es el pa\u00eds de Sudam\u00e9rica que menos consume la carne de cerdo?. | Proagro\" \/>\n<meta property=\"og:description\" content=\"El consumo per c\u00e1pita de carne porcina en Colombia fue de 6.7 kilos en 2013, el segundo m\u00e1s bajo a escala mundial excluidos los pa\u00edses en los que por razones religiosas no forma parte de su dieta, inform\u00f3 la Asociaci\u00f3n Colombiana de Porcicultores. En los \u00faltimos a\u00f1os el consumo de carne porcina ha aumentado significativamente en el pa\u00eds cafetero, desde los 2.90 kilos por habitante de 2002, pero a\u00fan sigue por debajo del promedio mundial, agreg\u00f3 el gremio. Colombia s\u00f3lo supera a Indonesia, que con 2,5 kilos tiene el consumo per c\u00e1pita de cerdo m\u00e1s bajo del mundo, seg\u00fan un comunicado de la entidad colombiana que cita como fuente estudios internacionales. El mayor consumo es el de Hong Kong con 69,8 kilos, seguido por los pa\u00edses de la Uni\u00f3n Europea (40,9 kilos), China (40,3), Taiw\u00e1n (38,9) y Corea del Sur (33,1). En Am\u00e9rica Latina, los pa\u00edses con mayor consumo per c\u00e1pita de esta carne son Paraguay (16,7 kilos), M\u00e9xico (16,4) y Brasil (13,3). Cabe mencionar aqu\u00ed que la Asociaci\u00f3n Colombiana de Porcicultores celebrar\u00e1 el festival de carne porcina en el marco de la VIII Feria Internacional de la Alimentaci\u00f3n y la Hospitalidad (Alimentec 2014) que se llevar\u00e1 a cabo del [&hellip;]\" \/>\n<meta property=\"og:url\" content=\"https:\/\/proagrolab.com.ar\/cual-es-el-pais-de-sudamerica-que-menos-consume-la-carne-de-cerdo\/\" \/>\n<meta property=\"og:site_name\" content=\"Proagro\" \/>\n<meta property=\"article:publisher\" content=\"http:\/\/www.facebook.com\/proagrolab\" \/>\n<meta property=\"article:published_time\" content=\"2014-06-04T00:00:01+00:00\" \/>\n<meta property=\"article:modified_time\" content=\"2020-07-01T19:33:34+00:00\" \/>\n<meta property=\"og:image\" content=\"https:\/\/proagrolab.com.ar\/wp-content\/uploads\/2015\/01\/g_ncklqahxd__Porcinos-2.jpg\" \/>\n\t<meta property=\"og:image:width\" content=\"450\" \/>\n\t<meta property=\"og:image:height\" content=\"208\" \/>\n\t<meta property=\"og:image:type\" content=\"image\/jpeg\" \/>\n<meta name=\"author\" content=\"proagrolab\" \/>\n<meta name=\"twitter:card\" content=\"summary_large_image\" \/>\n<meta name=\"twitter:label1\" content=\"Written by\" \/>\n\t<meta name=\"twitter:data1\" content=\"proagrolab\" \/>\n\t<meta name=\"twitter:label2\" content=\"Est. reading time\" \/>\n\t<meta name=\"twitter:data2\" content=\"1 minute\" \/>\n<script type=\"application\/ld+json\" class=\"yoast-schema-graph\">{\"@context\":\"https:\\\/\\\/schema.org\",\"@graph\":[{\"@type\":\"Article\",\"@id\":\"https:\\\/\\\/proagrolab.com.ar\\\/cual-es-el-pais-de-sudamerica-que-menos-consume-la-carne-de-cerdo\\\/#article\",\"isPartOf\":{\"@id\":\"https:\\\/\\\/proagrolab.com.ar\\\/cual-es-el-pais-de-sudamerica-que-menos-consume-la-carne-de-cerdo\\\/\"},\"author\":{\"name\":\"proagrolab\",\"@id\":\"https:\\\/\\\/proagrolab.com.ar\\\/#\\\/schema\\\/person\\\/38003ff90bf80381f71c7d922d207444\"},\"headline\":\"\u00bfCu\u00e1l es el pa\u00eds de Sudam\u00e9rica que menos consume la carne de cerdo?.\",\"datePublished\":\"2014-06-04T00:00:01+00:00\",\"dateModified\":\"2020-07-01T19:33:34+00:00\",\"mainEntityOfPage\":{\"@id\":\"https:\\\/\\\/proagrolab.com.ar\\\/cual-es-el-pais-de-sudamerica-que-menos-consume-la-carne-de-cerdo\\\/\"},\"wordCount\":231,\"publisher\":{\"@id\":\"https:\\\/\\\/proagrolab.com.ar\\\/#organization\"},\"image\":{\"@id\":\"https:\\\/\\\/proagrolab.com.ar\\\/cual-es-el-pais-de-sudamerica-que-menos-consume-la-carne-de-cerdo\\\/#primaryimage\"},\"thumbnailUrl\":\"https:\\\/\\\/proagrolab.com.ar\\\/wp-content\\\/uploads\\\/2015\\\/01\\\/g_ncklqahxd__Porcinos-2.jpg\",\"articleSection\":[\"News\"],\"inLanguage\":\"en-US\"},{\"@type\":\"WebPage\",\"@id\":\"https:\\\/\\\/proagrolab.com.ar\\\/cual-es-el-pais-de-sudamerica-que-menos-consume-la-carne-de-cerdo\\\/\",\"url\":\"https:\\\/\\\/proagrolab.com.ar\\\/cual-es-el-pais-de-sudamerica-que-menos-consume-la-carne-de-cerdo\\\/\",\"name\":\"\u00bfCu\u00e1l es el pa\u00eds de Sudam\u00e9rica que menos consume la carne de cerdo?. | Proagro\",\"isPartOf\":{\"@id\":\"https:\\\/\\\/proagrolab.com.ar\\\/#website\"},\"primaryImageOfPage\":{\"@id\":\"https:\\\/\\\/proagrolab.com.ar\\\/cual-es-el-pais-de-sudamerica-que-menos-consume-la-carne-de-cerdo\\\/#primaryimage\"},\"image\":{\"@id\":\"https:\\\/\\\/proagrolab.com.ar\\\/cual-es-el-pais-de-sudamerica-que-menos-consume-la-carne-de-cerdo\\\/#primaryimage\"},\"thumbnailUrl\":\"https:\\\/\\\/proagrolab.com.ar\\\/wp-content\\\/uploads\\\/2015\\\/01\\\/g_ncklqahxd__Porcinos-2.jpg\",\"datePublished\":\"2014-06-04T00:00:01+00:00\",\"dateModified\":\"2020-07-01T19:33:34+00:00\",\"breadcrumb\":{\"@id\":\"https:\\\/\\\/proagrolab.com.ar\\\/cual-es-el-pais-de-sudamerica-que-menos-consume-la-carne-de-cerdo\\\/#breadcrumb\"},\"inLanguage\":\"en-US\",\"potentialAction\":[{\"@type\":\"ReadAction\",\"target\":[\"https:\\\/\\\/proagrolab.com.ar\\\/cual-es-el-pais-de-sudamerica-que-menos-consume-la-carne-de-cerdo\\\/\"]}]},{\"@type\":\"ImageObject\",\"inLanguage\":\"en-US\",\"@id\":\"https:\\\/\\\/proagrolab.com.ar\\\/cual-es-el-pais-de-sudamerica-que-menos-consume-la-carne-de-cerdo\\\/#primaryimage\",\"url\":\"https:\\\/\\\/proagrolab.com.ar\\\/wp-content\\\/uploads\\\/2015\\\/01\\\/g_ncklqahxd__Porcinos-2.jpg\",\"contentUrl\":\"https:\\\/\\\/proagrolab.com.ar\\\/wp-content\\\/uploads\\\/2015\\\/01\\\/g_ncklqahxd__Porcinos-2.jpg\",\"width\":450,\"height\":208},{\"@type\":\"BreadcrumbList\",\"@id\":\"https:\\\/\\\/proagrolab.com.ar\\\/cual-es-el-pais-de-sudamerica-que-menos-consume-la-carne-de-cerdo\\\/#breadcrumb\",\"itemListElement\":[{\"@type\":\"ListItem\",\"position\":1,\"name\":\"Portada\",\"item\":\"https:\\\/\\\/proagrolab.com.ar\\\/\"},{\"@type\":\"ListItem\",\"position\":2,\"name\":\"\u00bfCu\u00e1l es el pa\u00eds de Sudam\u00e9rica que menos consume la carne de cerdo?.\"}]},{\"@type\":\"WebSite\",\"@id\":\"https:\\\/\\\/proagrolab.com.ar\\\/#website\",\"url\":\"https:\\\/\\\/proagrolab.com.ar\\\/\",\"name\":\"Proagro Laboratorio Veterinario\",\"description\":\"Veterinary laboratory\",\"publisher\":{\"@id\":\"https:\\\/\\\/proagrolab.com.ar\\\/#organization\"},\"potentialAction\":[{\"@type\":\"SearchAction\",\"target\":{\"@type\":\"EntryPoint\",\"urlTemplate\":\"https:\\\/\\\/proagrolab.com.ar\\\/?s={search_term_string}\"},\"query-input\":{\"@type\":\"PropertyValueSpecification\",\"valueRequired\":true,\"valueName\":\"search_term_string\"}}],\"inLanguage\":\"en-US\"},{\"@type\":\"Organization\",\"@id\":\"https:\\\/\\\/proagrolab.com.ar\\\/#organization\",\"name\":\"Proagro\",\"url\":\"https:\\\/\\\/proagrolab.com.ar\\\/\",\"logo\":{\"@type\":\"ImageObject\",\"inLanguage\":\"en-US\",\"@id\":\"https:\\\/\\\/proagrolab.com.ar\\\/#\\\/schema\\\/logo\\\/image\\\/\",\"url\":\"https:\\\/\\\/proagrolab.com.ar\\\/wp-content\\\/uploads\\\/2020\\\/04\\\/logo-retina.png\",\"contentUrl\":\"https:\\\/\\\/proagrolab.com.ar\\\/wp-content\\\/uploads\\\/2020\\\/04\\\/logo-retina.png\",\"width\":478,\"height\":120,\"caption\":\"Proagro\"},\"image\":{\"@id\":\"https:\\\/\\\/proagrolab.com.ar\\\/#\\\/schema\\\/logo\\\/image\\\/\"},\"sameAs\":[\"http:\\\/\\\/www.facebook.com\\\/proagrolab\",\"https:\\\/\\\/www.instagram.com\\\/proagrolab\\\/\",\"https:\\\/\\\/www.linkedin.com\\\/company\\\/laboratorio-proagro-s-a\\\/\"]},{\"@type\":\"Person\",\"@id\":\"https:\\\/\\\/proagrolab.com.ar\\\/#\\\/schema\\\/person\\\/38003ff90bf80381f71c7d922d207444\",\"name\":\"proagrolab\"}]}<\/script>\n<!-- \/ Yoast SEO plugin. -->","yoast_head_json":{"title":"\u00bfCu\u00e1l es el pa\u00eds de Sudam\u00e9rica que menos consume la carne de cerdo?. | Proagro","robots":{"index":"index","follow":"follow","max-snippet":"max-snippet:-1","max-image-preview":"max-image-preview:large","max-video-preview":"max-video-preview:-1"},"canonical":"https:\/\/proagrolab.com.ar\/en\/cual-es-el-pais-de-sudamerica-que-menos-consume-la-carne-de-cerdo\/","og_locale":"en_US","og_type":"article","og_title":"\u00bfCu\u00e1l es el pa\u00eds de Sudam\u00e9rica que menos consume la carne de cerdo?. | Proagro","og_description":"El consumo per c\u00e1pita de carne porcina en Colombia fue de 6.7 kilos en 2013, el segundo m\u00e1s bajo a escala mundial excluidos los pa\u00edses en los que por razones religiosas no forma parte de su dieta, inform\u00f3 la Asociaci\u00f3n Colombiana de Porcicultores. En los \u00faltimos a\u00f1os el consumo de carne porcina ha aumentado significativamente en el pa\u00eds cafetero, desde los 2.90 kilos por habitante de 2002, pero a\u00fan sigue por debajo del promedio mundial, agreg\u00f3 el gremio. Colombia s\u00f3lo supera a Indonesia, que con 2,5 kilos tiene el consumo per c\u00e1pita de cerdo m\u00e1s bajo del mundo, seg\u00fan un comunicado de la entidad colombiana que cita como fuente estudios internacionales. El mayor consumo es el de Hong Kong con 69,8 kilos, seguido por los pa\u00edses de la Uni\u00f3n Europea (40,9 kilos), China (40,3), Taiw\u00e1n (38,9) y Corea del Sur (33,1). En Am\u00e9rica Latina, los pa\u00edses con mayor consumo per c\u00e1pita de esta carne son Paraguay (16,7 kilos), M\u00e9xico (16,4) y Brasil (13,3). Cabe mencionar aqu\u00ed que la Asociaci\u00f3n Colombiana de Porcicultores celebrar\u00e1 el festival de carne porcina en el marco de la VIII Feria Internacional de la Alimentaci\u00f3n y la Hospitalidad (Alimentec 2014) que se llevar\u00e1 a cabo del [&hellip;]","og_url":"https:\/\/proagrolab.com.ar\/cual-es-el-pais-de-sudamerica-que-menos-consume-la-carne-de-cerdo\/","og_site_name":"Proagro","article_publisher":"http:\/\/www.facebook.com\/proagrolab","article_published_time":"2014-06-04T00:00:01+00:00","article_modified_time":"2020-07-01T19:33:34+00:00","og_image":[{"width":450,"height":208,"url":"https:\/\/proagrolab.com.ar\/wp-content\/uploads\/2015\/01\/g_ncklqahxd__Porcinos-2.jpg","type":"image\/jpeg"}],"author":"proagrolab","twitter_card":"summary_large_image","twitter_misc":{"Written by":"proagrolab","Est. reading time":"1 minute"},"schema":{"@context":"https:\/\/schema.org","@graph":[{"@type":"Article","@id":"https:\/\/proagrolab.com.ar\/cual-es-el-pais-de-sudamerica-que-menos-consume-la-carne-de-cerdo\/#article","isPartOf":{"@id":"https:\/\/proagrolab.com.ar\/cual-es-el-pais-de-sudamerica-que-menos-consume-la-carne-de-cerdo\/"},"author":{"name":"proagrolab","@id":"https:\/\/proagrolab.com.ar\/#\/schema\/person\/38003ff90bf80381f71c7d922d207444"},"headline":"\u00bfCu\u00e1l es el pa\u00eds de Sudam\u00e9rica que menos consume la carne de cerdo?.","datePublished":"2014-06-04T00:00:01+00:00","dateModified":"2020-07-01T19:33:34+00:00","mainEntityOfPage":{"@id":"https:\/\/proagrolab.com.ar\/cual-es-el-pais-de-sudamerica-que-menos-consume-la-carne-de-cerdo\/"},"wordCount":231,"publisher":{"@id":"https:\/\/proagrolab.com.ar\/#organization"},"image":{"@id":"https:\/\/proagrolab.com.ar\/cual-es-el-pais-de-sudamerica-que-menos-consume-la-carne-de-cerdo\/#primaryimage"},"thumbnailUrl":"https:\/\/proagrolab.com.ar\/wp-content\/uploads\/2015\/01\/g_ncklqahxd__Porcinos-2.jpg","articleSection":["News"],"inLanguage":"en-US"},{"@type":"WebPage","@id":"https:\/\/proagrolab.com.ar\/cual-es-el-pais-de-sudamerica-que-menos-consume-la-carne-de-cerdo\/","url":"https:\/\/proagrolab.com.ar\/cual-es-el-pais-de-sudamerica-que-menos-consume-la-carne-de-cerdo\/","name":"\u00bfCu\u00e1l es el pa\u00eds de Sudam\u00e9rica que menos consume la carne de cerdo?. | Proagro","isPartOf":{"@id":"https:\/\/proagrolab.com.ar\/#website"},"primaryImageOfPage":{"@id":"https:\/\/proagrolab.com.ar\/cual-es-el-pais-de-sudamerica-que-menos-consume-la-carne-de-cerdo\/#primaryimage"},"image":{"@id":"https:\/\/proagrolab.com.ar\/cual-es-el-pais-de-sudamerica-que-menos-consume-la-carne-de-cerdo\/#primaryimage"},"thumbnailUrl":"https:\/\/proagrolab.com.ar\/wp-content\/uploads\/2015\/01\/g_ncklqahxd__Porcinos-2.jpg","datePublished":"2014-06-04T00:00:01+00:00","dateModified":"2020-07-01T19:33:34+00:00","breadcrumb":{"@id":"https:\/\/proagrolab.com.ar\/cual-es-el-pais-de-sudamerica-que-menos-consume-la-carne-de-cerdo\/#breadcrumb"},"inLanguage":"en-US","potentialAction":[{"@type":"ReadAction","target":["https:\/\/proagrolab.com.ar\/cual-es-el-pais-de-sudamerica-que-menos-consume-la-carne-de-cerdo\/"]}]},{"@type":"ImageObject","inLanguage":"en-US","@id":"https:\/\/proagrolab.com.ar\/cual-es-el-pais-de-sudamerica-que-menos-consume-la-carne-de-cerdo\/#primaryimage","url":"https:\/\/proagrolab.com.ar\/wp-content\/uploads\/2015\/01\/g_ncklqahxd__Porcinos-2.jpg","contentUrl":"https:\/\/proagrolab.com.ar\/wp-content\/uploads\/2015\/01\/g_ncklqahxd__Porcinos-2.jpg","width":450,"height":208},{"@type":"BreadcrumbList","@id":"https:\/\/proagrolab.com.ar\/cual-es-el-pais-de-sudamerica-que-menos-consume-la-carne-de-cerdo\/#breadcrumb","itemListElement":[{"@type":"ListItem","position":1,"name":"Portada","item":"https:\/\/proagrolab.com.ar\/"},{"@type":"ListItem","position":2,"name":"\u00bfCu\u00e1l es el pa\u00eds de Sudam\u00e9rica que menos consume la carne de cerdo?."}]},{"@type":"WebSite","@id":"https:\/\/proagrolab.com.ar\/#website","url":"https:\/\/proagrolab.com.ar\/","name":"Proagro Laboratorio Veterinario","description":"Veterinary laboratory","publisher":{"@id":"https:\/\/proagrolab.com.ar\/#organization"},"potentialAction":[{"@type":"SearchAction","target":{"@type":"EntryPoint","urlTemplate":"https:\/\/proagrolab.com.ar\/?s={search_term_string}"},"query-input":{"@type":"PropertyValueSpecification","valueRequired":true,"valueName":"search_term_string"}}],"inLanguage":"en-US"},{"@type":"Organization","@id":"https:\/\/proagrolab.com.ar\/#organization","name":"Proagro","url":"https:\/\/proagrolab.com.ar\/","logo":{"@type":"ImageObject","inLanguage":"en-US","@id":"https:\/\/proagrolab.com.ar\/#\/schema\/logo\/image\/","url":"https:\/\/proagrolab.com.ar\/wp-content\/uploads\/2020\/04\/logo-retina.png","contentUrl":"https:\/\/proagrolab.com.ar\/wp-content\/uploads\/2020\/04\/logo-retina.png","width":478,"height":120,"caption":"Proagro"},"image":{"@id":"https:\/\/proagrolab.com.ar\/#\/schema\/logo\/image\/"},"sameAs":["http:\/\/www.facebook.com\/proagrolab","https:\/\/www.instagram.com\/proagrolab\/","https:\/\/www.linkedin.com\/company\/laboratorio-proagro-s-a\/"]},{"@type":"Person","@id":"https:\/\/proagrolab.com.ar\/#\/schema\/person\/38003ff90bf80381f71c7d922d207444","name":"proagrolab"}]}},"_links":{"self":[{"href":"https:\/\/proagrolab.com.ar\/en\/wp-json\/wp\/v2\/posts\/6158","targetHints":{"allow":["GET"]}}],"collection":[{"href":"https:\/\/proagrolab.com.ar\/en\/wp-json\/wp\/v2\/posts"}],"about":[{"href":"https:\/\/proagrolab.com.ar\/en\/wp-json\/wp\/v2\/types\/post"}],"author":[{"embeddable":true,"href":"https:\/\/proagrolab.com.ar\/en\/wp-json\/wp\/v2\/users\/2"}],"replies":[{"embeddable":true,"href":"https:\/\/proagrolab.com.ar\/en\/wp-json\/wp\/v2\/comments?post=6158"}],"version-history":[{"count":1,"href":"https:\/\/proagrolab.com.ar\/en\/wp-json\/wp\/v2\/posts\/6158\/revisions"}],"predecessor-version":[{"id":14456,"href":"https:\/\/proagrolab.com.ar\/en\/wp-json\/wp\/v2\/posts\/6158\/revisions\/14456"}],"wp:featuredmedia":[{"embeddable":true,"href":"https:\/\/proagrolab.com.ar\/en\/wp-json\/wp\/v2\/media\/2645"}],"wp:attachment":[{"href":"https:\/\/proagrolab.com.ar\/en\/wp-json\/wp\/v2\/media?parent=6158"}],"wp:term":[{"taxonomy":"category","embeddable":true,"href":"https:\/\/proagrolab.com.ar\/en\/wp-json\/wp\/v2\/categories?post=6158"},{"taxonomy":"post_tag","embeddable":true,"href":"https:\/\/proagrolab.com.ar\/en\/wp-json\/wp\/v2\/tags?post=6158"}],"curies":[{"name":"wp","href":"https:\/\/api.w.org\/{rel}","templated":true}]}}