{"id":6155,"date":"2014-06-04T00:00:01","date_gmt":"2014-06-04T00:00:01","guid":{"rendered":"https:\/\/proagrolab.com.ar\/lacteos-consideran-insuficientes-las-subas\/"},"modified":"2020-07-01T19:33:48","modified_gmt":"2020-07-01T19:33:48","slug":"lacteos-consideran-insuficientes-las-subas","status":"publish","type":"post","link":"https:\/\/proagrolab.com.ar\/en\/lacteos-consideran-insuficientes-las-subas\/","title":{"rendered":"L\u00e1cteos: consideran insuficientes las subas."},"content":{"rendered":"<p class=\"qtranxs-available-languages-message qtranxs-available-languages-message-en\"> <\/p><p>Por los costos, en las empresas creen que el Gobierno debe ser m\u00e1s flexible.<\/p>\n<p>Por Fernando Bertello.<\/p>\n<p>En la industria lechera tienen una certeza: los aumentos de precios que autoriz\u00f3 el Gobierno hasta el momento no cubren sus costos. Por eso, en el sector comenzaron a advertir que debe haber una actualizaci\u00f3n mayor en sus valores.<\/p>\n<p>Desde diciembre, el costo industrial en este rubro aument\u00f3 un 22% en promedio. Es un dato que aport\u00f3 Miguel Paul\u00f3n, presidente del Centro de la Industria Lechera (CIL). En ese indicador entra la leche pagada al productor -que subi\u00f3 27,8% entre diciembre de 2013 y abril pasado, para tocar los $ 2,94 el litro-, la mano de obra, los fletes y la distribuci\u00f3n de productos. Contra ese 22% de suba, &#8220;un par de empresas&#8221; recibieron la aprobaci\u00f3n para aplicar dos aumentos de 4% en promedio para sus productos a salida de f\u00e1brica, mientras que una gran parte la tuvo s\u00f3lo para un incremento (de la misma magnitud). Cada empresa negocia por su cuenta con la Secretar\u00eda de Comercio.<\/p>\n<p>&#8220;Estos aumentos est\u00e1n lejos de cubrir los costos&#8221;, apunt\u00f3 un vocero de la industria que pidi\u00f3 reserva de su nombre. Otro vocero indic\u00f3 que, con gestos y se\u00f1ales, el Gobierno viene haciendo lo posible para evitar nuevas subas que terminen repercutiendo en el p\u00fablico.<\/p>\n<p>&#8220;Hasta el momento dejaron aumentar poco y lo autorizaron tarde, dos meses despu\u00e9s. Dieron 4 por ciento, cuando tendr\u00eda que haber sido entre un 12 y 14 por ciento&#8221;, cont\u00f3 otra fuente empresaria. &#8220;No alcanza. Hubo aumentos de energ\u00eda, de materia prima y a\u00fan no arranc\u00f3 la paritaria con el gremio&#8221;, agreg\u00f3. Otro vocero se\u00f1al\u00f3: &#8220;El aumento lleg\u00f3 demorado. Ayud\u00f3, pero no es lo ideal, porque se hab\u00eda pedido m\u00e1s. En las industrias los costos aumentan, pero no se puede subir mucho a salida de f\u00e1brica&#8221;.<\/p>\n<p><i>En rojo<\/i><br \/>Si se observan los n\u00fameros de las dos grandes empresas del rubro, Sancor y La Seren\u00edsima, se aprecia que atraviesan un escenario complicado. En el primer trimestre de 2014, Sancor perdi\u00f3 $ 95,8 millones, en tanto que Mastellone Hermanos (La Seren\u00edsima) tuvo un rojo de $ 160,2 millones, diez veces m\u00e1s que en el mismo per\u00edodo del a\u00f1o pasado.<\/p>\n<p>Sancor y La Seren\u00edsima ya vienen arrastrando una situaci\u00f3n dif\u00edcil. Al 30 de junio de 2013, la primera cerr\u00f3 su balance anual con una p\u00e9rdida de $ 305,8 millones tras haber ganado $ 764,8 millones al 30 de junio de 2012. Mastellone, en tanto, tuvo un rojo de $ 57,8 millones en 2013 y de $ 115,5 millones en 2012.<\/p>\n<p>Por otra parte, los tamberos, que denuncian que la Secretar\u00eda de Comercio quiere congelarles el precio en $ 3, hoy se reunir\u00e1n para analizar una estrategia com\u00fan. &#8220;Esto es una tomada de pelo&#8221;, dijo Carlos Brave, coordinador de la Mesa Nacional de Productores de Leche, sobre la supuesta movida de Comercio.<\/p>\n<p>Fuente: La Naci\u00f3n, 4 de junio.<br \/><\/p>","protected":false},"excerpt":{"rendered":"<p>Por los costos, en las empresas creen que el Gobierno debe ser m\u00e1s flexible. Por Fernando Bertello. En la industria lechera tienen una certeza: los aumentos de precios que autoriz\u00f3 el Gobierno hasta el momento no cubren sus costos. Por eso, en el sector comenzaron a advertir que debe haber una actualizaci\u00f3n mayor en sus valores. Desde diciembre, el costo industrial en este rubro aument\u00f3 un 22% en promedio. Es un dato que aport\u00f3 Miguel Paul\u00f3n, presidente del Centro de la Industria Lechera (CIL). En ese indicador entra la leche pagada al productor -que subi\u00f3 27,8% entre diciembre de 2013 y abril pasado, para tocar los $ 2,94 el litro-, la mano de obra, los fletes y la distribuci\u00f3n de productos. Contra ese 22% de suba, &#8220;un par de empresas&#8221; recibieron la aprobaci\u00f3n para aplicar dos aumentos de 4% en promedio para sus productos a salida de f\u00e1brica, mientras que una gran parte la tuvo s\u00f3lo para un incremento (de la misma magnitud). Cada empresa negocia por su cuenta con la Secretar\u00eda de Comercio. &#8220;Estos aumentos est\u00e1n lejos de cubrir los costos&#8221;, apunt\u00f3 un vocero de la industria que pidi\u00f3 reserva de su nombre. Otro vocero indic\u00f3 que, con gestos [&hellip;]<\/p>\n","protected":false},"author":2,"featured_media":2642,"comment_status":"closed","ping_status":"open","sticky":false,"template":"","format":"standard","meta":{"_acf_changed":false,"footnotes":""},"categories":[56],"tags":[],"class_list":["post-6155","post","type-post","status-publish","format-standard","has-post-thumbnail","hentry","category-infoganadero"],"acf":[],"yoast_head":"<!-- This site is optimized with the Yoast SEO plugin v27.4 - https:\/\/yoast.com\/product\/yoast-seo-wordpress\/ -->\n<title>L\u00e1cteos: consideran insuficientes las subas. | Proagro<\/title>\n<meta name=\"robots\" content=\"index, follow, max-snippet:-1, max-image-preview:large, max-video-preview:-1\" \/>\n<link rel=\"canonical\" href=\"https:\/\/proagrolab.com.ar\/en\/lacteos-consideran-insuficientes-las-subas\/\" \/>\n<meta property=\"og:locale\" content=\"en_US\" \/>\n<meta property=\"og:type\" content=\"article\" \/>\n<meta property=\"og:title\" content=\"L\u00e1cteos: consideran insuficientes las subas. | Proagro\" \/>\n<meta property=\"og:description\" content=\"Por los costos, en las empresas creen que el Gobierno debe ser m\u00e1s flexible. Por Fernando Bertello. En la industria lechera tienen una certeza: los aumentos de precios que autoriz\u00f3 el Gobierno hasta el momento no cubren sus costos. Por eso, en el sector comenzaron a advertir que debe haber una actualizaci\u00f3n mayor en sus valores. Desde diciembre, el costo industrial en este rubro aument\u00f3 un 22% en promedio. Es un dato que aport\u00f3 Miguel Paul\u00f3n, presidente del Centro de la Industria Lechera (CIL). En ese indicador entra la leche pagada al productor -que subi\u00f3 27,8% entre diciembre de 2013 y abril pasado, para tocar los $ 2,94 el litro-, la mano de obra, los fletes y la distribuci\u00f3n de productos. Contra ese 22% de suba, &#8220;un par de empresas&#8221; recibieron la aprobaci\u00f3n para aplicar dos aumentos de 4% en promedio para sus productos a salida de f\u00e1brica, mientras que una gran parte la tuvo s\u00f3lo para un incremento (de la misma magnitud). Cada empresa negocia por su cuenta con la Secretar\u00eda de Comercio. &#8220;Estos aumentos est\u00e1n lejos de cubrir los costos&#8221;, apunt\u00f3 un vocero de la industria que pidi\u00f3 reserva de su nombre. Otro vocero indic\u00f3 que, con gestos [&hellip;]\" \/>\n<meta property=\"og:url\" content=\"https:\/\/proagrolab.com.ar\/lacteos-consideran-insuficientes-las-subas\/\" \/>\n<meta property=\"og:site_name\" content=\"Proagro\" \/>\n<meta property=\"article:publisher\" content=\"http:\/\/www.facebook.com\/proagrolab\" \/>\n<meta property=\"article:published_time\" content=\"2014-06-04T00:00:01+00:00\" \/>\n<meta property=\"article:modified_time\" content=\"2020-07-01T19:33:48+00:00\" \/>\n<meta property=\"og:image\" content=\"https:\/\/proagrolab.com.ar\/wp-content\/uploads\/2015\/01\/g_4bvc5su81__Lecheras-14.jpg\" \/>\n\t<meta property=\"og:image:width\" content=\"450\" \/>\n\t<meta property=\"og:image:height\" content=\"208\" \/>\n\t<meta property=\"og:image:type\" content=\"image\/jpeg\" \/>\n<meta name=\"author\" content=\"proagrolab\" \/>\n<meta name=\"twitter:card\" content=\"summary_large_image\" \/>\n<meta name=\"twitter:label1\" content=\"Written by\" \/>\n\t<meta name=\"twitter:data1\" content=\"proagrolab\" \/>\n\t<meta name=\"twitter:label2\" content=\"Est. reading time\" \/>\n\t<meta name=\"twitter:data2\" content=\"2 minutes\" \/>\n<script type=\"application\/ld+json\" class=\"yoast-schema-graph\">{\"@context\":\"https:\\\/\\\/schema.org\",\"@graph\":[{\"@type\":\"Article\",\"@id\":\"https:\\\/\\\/proagrolab.com.ar\\\/lacteos-consideran-insuficientes-las-subas\\\/#article\",\"isPartOf\":{\"@id\":\"https:\\\/\\\/proagrolab.com.ar\\\/lacteos-consideran-insuficientes-las-subas\\\/\"},\"author\":{\"name\":\"proagrolab\",\"@id\":\"https:\\\/\\\/proagrolab.com.ar\\\/#\\\/schema\\\/person\\\/38003ff90bf80381f71c7d922d207444\"},\"headline\":\"L\u00e1cteos: consideran insuficientes las subas.\",\"datePublished\":\"2014-06-04T00:00:01+00:00\",\"dateModified\":\"2020-07-01T19:33:48+00:00\",\"mainEntityOfPage\":{\"@id\":\"https:\\\/\\\/proagrolab.com.ar\\\/lacteos-consideran-insuficientes-las-subas\\\/\"},\"wordCount\":489,\"publisher\":{\"@id\":\"https:\\\/\\\/proagrolab.com.ar\\\/#organization\"},\"image\":{\"@id\":\"https:\\\/\\\/proagrolab.com.ar\\\/lacteos-consideran-insuficientes-las-subas\\\/#primaryimage\"},\"thumbnailUrl\":\"https:\\\/\\\/proagrolab.com.ar\\\/wp-content\\\/uploads\\\/2015\\\/01\\\/g_4bvc5su81__Lecheras-14.jpg\",\"articleSection\":[\"News\"],\"inLanguage\":\"en-US\"},{\"@type\":\"WebPage\",\"@id\":\"https:\\\/\\\/proagrolab.com.ar\\\/lacteos-consideran-insuficientes-las-subas\\\/\",\"url\":\"https:\\\/\\\/proagrolab.com.ar\\\/lacteos-consideran-insuficientes-las-subas\\\/\",\"name\":\"L\u00e1cteos: consideran insuficientes las subas. | Proagro\",\"isPartOf\":{\"@id\":\"https:\\\/\\\/proagrolab.com.ar\\\/#website\"},\"primaryImageOfPage\":{\"@id\":\"https:\\\/\\\/proagrolab.com.ar\\\/lacteos-consideran-insuficientes-las-subas\\\/#primaryimage\"},\"image\":{\"@id\":\"https:\\\/\\\/proagrolab.com.ar\\\/lacteos-consideran-insuficientes-las-subas\\\/#primaryimage\"},\"thumbnailUrl\":\"https:\\\/\\\/proagrolab.com.ar\\\/wp-content\\\/uploads\\\/2015\\\/01\\\/g_4bvc5su81__Lecheras-14.jpg\",\"datePublished\":\"2014-06-04T00:00:01+00:00\",\"dateModified\":\"2020-07-01T19:33:48+00:00\",\"breadcrumb\":{\"@id\":\"https:\\\/\\\/proagrolab.com.ar\\\/lacteos-consideran-insuficientes-las-subas\\\/#breadcrumb\"},\"inLanguage\":\"en-US\",\"potentialAction\":[{\"@type\":\"ReadAction\",\"target\":[\"https:\\\/\\\/proagrolab.com.ar\\\/lacteos-consideran-insuficientes-las-subas\\\/\"]}]},{\"@type\":\"ImageObject\",\"inLanguage\":\"en-US\",\"@id\":\"https:\\\/\\\/proagrolab.com.ar\\\/lacteos-consideran-insuficientes-las-subas\\\/#primaryimage\",\"url\":\"https:\\\/\\\/proagrolab.com.ar\\\/wp-content\\\/uploads\\\/2015\\\/01\\\/g_4bvc5su81__Lecheras-14.jpg\",\"contentUrl\":\"https:\\\/\\\/proagrolab.com.ar\\\/wp-content\\\/uploads\\\/2015\\\/01\\\/g_4bvc5su81__Lecheras-14.jpg\",\"width\":450,\"height\":208},{\"@type\":\"BreadcrumbList\",\"@id\":\"https:\\\/\\\/proagrolab.com.ar\\\/lacteos-consideran-insuficientes-las-subas\\\/#breadcrumb\",\"itemListElement\":[{\"@type\":\"ListItem\",\"position\":1,\"name\":\"Portada\",\"item\":\"https:\\\/\\\/proagrolab.com.ar\\\/\"},{\"@type\":\"ListItem\",\"position\":2,\"name\":\"L\u00e1cteos: consideran insuficientes las subas.\"}]},{\"@type\":\"WebSite\",\"@id\":\"https:\\\/\\\/proagrolab.com.ar\\\/#website\",\"url\":\"https:\\\/\\\/proagrolab.com.ar\\\/\",\"name\":\"Proagro Laboratorio Veterinario\",\"description\":\"Veterinary laboratory\",\"publisher\":{\"@id\":\"https:\\\/\\\/proagrolab.com.ar\\\/#organization\"},\"potentialAction\":[{\"@type\":\"SearchAction\",\"target\":{\"@type\":\"EntryPoint\",\"urlTemplate\":\"https:\\\/\\\/proagrolab.com.ar\\\/?s={search_term_string}\"},\"query-input\":{\"@type\":\"PropertyValueSpecification\",\"valueRequired\":true,\"valueName\":\"search_term_string\"}}],\"inLanguage\":\"en-US\"},{\"@type\":\"Organization\",\"@id\":\"https:\\\/\\\/proagrolab.com.ar\\\/#organization\",\"name\":\"Proagro\",\"url\":\"https:\\\/\\\/proagrolab.com.ar\\\/\",\"logo\":{\"@type\":\"ImageObject\",\"inLanguage\":\"en-US\",\"@id\":\"https:\\\/\\\/proagrolab.com.ar\\\/#\\\/schema\\\/logo\\\/image\\\/\",\"url\":\"https:\\\/\\\/proagrolab.com.ar\\\/wp-content\\\/uploads\\\/2020\\\/04\\\/logo-retina.png\",\"contentUrl\":\"https:\\\/\\\/proagrolab.com.ar\\\/wp-content\\\/uploads\\\/2020\\\/04\\\/logo-retina.png\",\"width\":478,\"height\":120,\"caption\":\"Proagro\"},\"image\":{\"@id\":\"https:\\\/\\\/proagrolab.com.ar\\\/#\\\/schema\\\/logo\\\/image\\\/\"},\"sameAs\":[\"http:\\\/\\\/www.facebook.com\\\/proagrolab\",\"https:\\\/\\\/www.instagram.com\\\/proagrolab\\\/\",\"https:\\\/\\\/www.linkedin.com\\\/company\\\/laboratorio-proagro-s-a\\\/\"]},{\"@type\":\"Person\",\"@id\":\"https:\\\/\\\/proagrolab.com.ar\\\/#\\\/schema\\\/person\\\/38003ff90bf80381f71c7d922d207444\",\"name\":\"proagrolab\"}]}<\/script>\n<!-- \/ Yoast SEO plugin. -->","yoast_head_json":{"title":"L\u00e1cteos: consideran insuficientes las subas. | Proagro","robots":{"index":"index","follow":"follow","max-snippet":"max-snippet:-1","max-image-preview":"max-image-preview:large","max-video-preview":"max-video-preview:-1"},"canonical":"https:\/\/proagrolab.com.ar\/en\/lacteos-consideran-insuficientes-las-subas\/","og_locale":"en_US","og_type":"article","og_title":"L\u00e1cteos: consideran insuficientes las subas. | Proagro","og_description":"Por los costos, en las empresas creen que el Gobierno debe ser m\u00e1s flexible. Por Fernando Bertello. En la industria lechera tienen una certeza: los aumentos de precios que autoriz\u00f3 el Gobierno hasta el momento no cubren sus costos. Por eso, en el sector comenzaron a advertir que debe haber una actualizaci\u00f3n mayor en sus valores. Desde diciembre, el costo industrial en este rubro aument\u00f3 un 22% en promedio. Es un dato que aport\u00f3 Miguel Paul\u00f3n, presidente del Centro de la Industria Lechera (CIL). En ese indicador entra la leche pagada al productor -que subi\u00f3 27,8% entre diciembre de 2013 y abril pasado, para tocar los $ 2,94 el litro-, la mano de obra, los fletes y la distribuci\u00f3n de productos. Contra ese 22% de suba, &#8220;un par de empresas&#8221; recibieron la aprobaci\u00f3n para aplicar dos aumentos de 4% en promedio para sus productos a salida de f\u00e1brica, mientras que una gran parte la tuvo s\u00f3lo para un incremento (de la misma magnitud). Cada empresa negocia por su cuenta con la Secretar\u00eda de Comercio. &#8220;Estos aumentos est\u00e1n lejos de cubrir los costos&#8221;, apunt\u00f3 un vocero de la industria que pidi\u00f3 reserva de su nombre. Otro vocero indic\u00f3 que, con gestos [&hellip;]","og_url":"https:\/\/proagrolab.com.ar\/lacteos-consideran-insuficientes-las-subas\/","og_site_name":"Proagro","article_publisher":"http:\/\/www.facebook.com\/proagrolab","article_published_time":"2014-06-04T00:00:01+00:00","article_modified_time":"2020-07-01T19:33:48+00:00","og_image":[{"width":450,"height":208,"url":"https:\/\/proagrolab.com.ar\/wp-content\/uploads\/2015\/01\/g_4bvc5su81__Lecheras-14.jpg","type":"image\/jpeg"}],"author":"proagrolab","twitter_card":"summary_large_image","twitter_misc":{"Written by":"proagrolab","Est. reading time":"2 minutes"},"schema":{"@context":"https:\/\/schema.org","@graph":[{"@type":"Article","@id":"https:\/\/proagrolab.com.ar\/lacteos-consideran-insuficientes-las-subas\/#article","isPartOf":{"@id":"https:\/\/proagrolab.com.ar\/lacteos-consideran-insuficientes-las-subas\/"},"author":{"name":"proagrolab","@id":"https:\/\/proagrolab.com.ar\/#\/schema\/person\/38003ff90bf80381f71c7d922d207444"},"headline":"L\u00e1cteos: consideran insuficientes las subas.","datePublished":"2014-06-04T00:00:01+00:00","dateModified":"2020-07-01T19:33:48+00:00","mainEntityOfPage":{"@id":"https:\/\/proagrolab.com.ar\/lacteos-consideran-insuficientes-las-subas\/"},"wordCount":489,"publisher":{"@id":"https:\/\/proagrolab.com.ar\/#organization"},"image":{"@id":"https:\/\/proagrolab.com.ar\/lacteos-consideran-insuficientes-las-subas\/#primaryimage"},"thumbnailUrl":"https:\/\/proagrolab.com.ar\/wp-content\/uploads\/2015\/01\/g_4bvc5su81__Lecheras-14.jpg","articleSection":["News"],"inLanguage":"en-US"},{"@type":"WebPage","@id":"https:\/\/proagrolab.com.ar\/lacteos-consideran-insuficientes-las-subas\/","url":"https:\/\/proagrolab.com.ar\/lacteos-consideran-insuficientes-las-subas\/","name":"L\u00e1cteos: consideran insuficientes las subas. | Proagro","isPartOf":{"@id":"https:\/\/proagrolab.com.ar\/#website"},"primaryImageOfPage":{"@id":"https:\/\/proagrolab.com.ar\/lacteos-consideran-insuficientes-las-subas\/#primaryimage"},"image":{"@id":"https:\/\/proagrolab.com.ar\/lacteos-consideran-insuficientes-las-subas\/#primaryimage"},"thumbnailUrl":"https:\/\/proagrolab.com.ar\/wp-content\/uploads\/2015\/01\/g_4bvc5su81__Lecheras-14.jpg","datePublished":"2014-06-04T00:00:01+00:00","dateModified":"2020-07-01T19:33:48+00:00","breadcrumb":{"@id":"https:\/\/proagrolab.com.ar\/lacteos-consideran-insuficientes-las-subas\/#breadcrumb"},"inLanguage":"en-US","potentialAction":[{"@type":"ReadAction","target":["https:\/\/proagrolab.com.ar\/lacteos-consideran-insuficientes-las-subas\/"]}]},{"@type":"ImageObject","inLanguage":"en-US","@id":"https:\/\/proagrolab.com.ar\/lacteos-consideran-insuficientes-las-subas\/#primaryimage","url":"https:\/\/proagrolab.com.ar\/wp-content\/uploads\/2015\/01\/g_4bvc5su81__Lecheras-14.jpg","contentUrl":"https:\/\/proagrolab.com.ar\/wp-content\/uploads\/2015\/01\/g_4bvc5su81__Lecheras-14.jpg","width":450,"height":208},{"@type":"BreadcrumbList","@id":"https:\/\/proagrolab.com.ar\/lacteos-consideran-insuficientes-las-subas\/#breadcrumb","itemListElement":[{"@type":"ListItem","position":1,"name":"Portada","item":"https:\/\/proagrolab.com.ar\/"},{"@type":"ListItem","position":2,"name":"L\u00e1cteos: consideran insuficientes las subas."}]},{"@type":"WebSite","@id":"https:\/\/proagrolab.com.ar\/#website","url":"https:\/\/proagrolab.com.ar\/","name":"Proagro Laboratorio Veterinario","description":"Veterinary laboratory","publisher":{"@id":"https:\/\/proagrolab.com.ar\/#organization"},"potentialAction":[{"@type":"SearchAction","target":{"@type":"EntryPoint","urlTemplate":"https:\/\/proagrolab.com.ar\/?s={search_term_string}"},"query-input":{"@type":"PropertyValueSpecification","valueRequired":true,"valueName":"search_term_string"}}],"inLanguage":"en-US"},{"@type":"Organization","@id":"https:\/\/proagrolab.com.ar\/#organization","name":"Proagro","url":"https:\/\/proagrolab.com.ar\/","logo":{"@type":"ImageObject","inLanguage":"en-US","@id":"https:\/\/proagrolab.com.ar\/#\/schema\/logo\/image\/","url":"https:\/\/proagrolab.com.ar\/wp-content\/uploads\/2020\/04\/logo-retina.png","contentUrl":"https:\/\/proagrolab.com.ar\/wp-content\/uploads\/2020\/04\/logo-retina.png","width":478,"height":120,"caption":"Proagro"},"image":{"@id":"https:\/\/proagrolab.com.ar\/#\/schema\/logo\/image\/"},"sameAs":["http:\/\/www.facebook.com\/proagrolab","https:\/\/www.instagram.com\/proagrolab\/","https:\/\/www.linkedin.com\/company\/laboratorio-proagro-s-a\/"]},{"@type":"Person","@id":"https:\/\/proagrolab.com.ar\/#\/schema\/person\/38003ff90bf80381f71c7d922d207444","name":"proagrolab"}]}},"_links":{"self":[{"href":"https:\/\/proagrolab.com.ar\/en\/wp-json\/wp\/v2\/posts\/6155","targetHints":{"allow":["GET"]}}],"collection":[{"href":"https:\/\/proagrolab.com.ar\/en\/wp-json\/wp\/v2\/posts"}],"about":[{"href":"https:\/\/proagrolab.com.ar\/en\/wp-json\/wp\/v2\/types\/post"}],"author":[{"embeddable":true,"href":"https:\/\/proagrolab.com.ar\/en\/wp-json\/wp\/v2\/users\/2"}],"replies":[{"embeddable":true,"href":"https:\/\/proagrolab.com.ar\/en\/wp-json\/wp\/v2\/comments?post=6155"}],"version-history":[{"count":1,"href":"https:\/\/proagrolab.com.ar\/en\/wp-json\/wp\/v2\/posts\/6155\/revisions"}],"predecessor-version":[{"id":14459,"href":"https:\/\/proagrolab.com.ar\/en\/wp-json\/wp\/v2\/posts\/6155\/revisions\/14459"}],"wp:featuredmedia":[{"embeddable":true,"href":"https:\/\/proagrolab.com.ar\/en\/wp-json\/wp\/v2\/media\/2642"}],"wp:attachment":[{"href":"https:\/\/proagrolab.com.ar\/en\/wp-json\/wp\/v2\/media?parent=6155"}],"wp:term":[{"taxonomy":"category","embeddable":true,"href":"https:\/\/proagrolab.com.ar\/en\/wp-json\/wp\/v2\/categories?post=6155"},{"taxonomy":"post_tag","embeddable":true,"href":"https:\/\/proagrolab.com.ar\/en\/wp-json\/wp\/v2\/tags?post=6155"}],"curies":[{"name":"wp","href":"https:\/\/api.w.org\/{rel}","templated":true}]}}