{"id":6152,"date":"2014-05-26T00:00:01","date_gmt":"2014-05-26T00:00:01","guid":{"rendered":"https:\/\/proagrolab.com.ar\/show-de-criollos-en-la-nacion-ganadera\/"},"modified":"2020-07-01T19:37:44","modified_gmt":"2020-07-01T19:37:44","slug":"show-de-criollos-en-la-nacion-ganadera","status":"publish","type":"post","link":"https:\/\/proagrolab.com.ar\/en\/show-de-criollos-en-la-nacion-ganadera\/","title":{"rendered":"Show de Criollos en La Naci\u00f3n Ganadera."},"content":{"rendered":"<p class=\"qtranxs-available-languages-message qtranxs-available-languages-message-en\"> <\/p><p>Durante el s\u00e1bado, en La Naci\u00f3n Ganadera Olavarria 2014, la Asociaci\u00f3n Criadores de Caballos Criollos realiz\u00f3 la competencia morfol\u00f3gica y la clasificatoria oficial de Paleteada.<\/p>\n<p>Participando de las Juras hubo 20 expositores, y 56 animales. El Campe\u00f3n Macho, fue para el box 6 Vilcun Yancanil, de Caba\u00f1a Aguas Buenas, del Expositor Enrique Luis Tronconi. El Reservado fue para el box 4, Apampado Papelon, de Caba\u00f1a La Juanita, del Expositor Carlos Ignacio Ojea Rull\u00e1n. El Tercer Mejor Macho fue para el box 7, Niru Malambo, de Caba\u00f1a El Desaf\u00edo, del Expositor Alberto Ruete G\u00fcemes.<\/p>\n<p>La Campe\u00f3n Hembra fue el box 13, \u00d1andu Gata, de Caba\u00f1a Las Mulitas, del Expositor Juan V\u00edctor Tronconi Ballester. La Reservado Campe\u00f3n fue el box 9, Pitagua Golondrina, de Caba\u00f1a La Aurora, del Expositor Enrique y Agust\u00edn Squirru S.C., quienes tambi\u00e9n se quedaron con el premio de la Tercer Mejor Hembra con el box 25, Pitagua Milonga.<\/p>\n<p>El box 29, Sosegado Escarabajo, de Caba\u00f1a El Desaf\u00edo, del Expositor Alberto Ruete G\u00fcemes, fue el Campe\u00f3n en la categor\u00eda Caballo Adulto Montado. <\/p>\n<p>Por otro lado, en la categor\u00eda Prepotrillo, el Campe\u00f3n fue el box 31, Terra Horcon, de Caba\u00f1a La Pelada, del Expositor Terra Garba S.A.C.A.I.F. El Reservado fue el box 30, Potreras Entreverado, de Caba\u00f1a Las Potreras, del Expositor Martin Miguel Callisto. <\/p>\n<p>Fuente: Prensa La Naci\u00f3n Ganadera, 25 de mayo.<br \/><\/p>","protected":false},"excerpt":{"rendered":"<p>Durante el s\u00e1bado, en La Naci\u00f3n Ganadera Olavarria 2014, la Asociaci\u00f3n Criadores de Caballos Criollos realiz\u00f3 la competencia morfol\u00f3gica y la clasificatoria oficial de Paleteada. Participando de las Juras hubo 20 expositores, y 56 animales. El Campe\u00f3n Macho, fue para el box 6 Vilcun Yancanil, de Caba\u00f1a Aguas Buenas, del Expositor Enrique Luis Tronconi. El Reservado fue para el box 4, Apampado Papelon, de Caba\u00f1a La Juanita, del Expositor Carlos Ignacio Ojea Rull\u00e1n. El Tercer Mejor Macho fue para el box 7, Niru Malambo, de Caba\u00f1a El Desaf\u00edo, del Expositor Alberto Ruete G\u00fcemes. La Campe\u00f3n Hembra fue el box 13, \u00d1andu Gata, de Caba\u00f1a Las Mulitas, del Expositor Juan V\u00edctor Tronconi Ballester. La Reservado Campe\u00f3n fue el box 9, Pitagua Golondrina, de Caba\u00f1a La Aurora, del Expositor Enrique y Agust\u00edn Squirru S.C., quienes tambi\u00e9n se quedaron con el premio de la Tercer Mejor Hembra con el box 25, Pitagua Milonga. El box 29, Sosegado Escarabajo, de Caba\u00f1a El Desaf\u00edo, del Expositor Alberto Ruete G\u00fcemes, fue el Campe\u00f3n en la categor\u00eda Caballo Adulto Montado. Por otro lado, en la categor\u00eda Prepotrillo, el Campe\u00f3n fue el box 31, Terra Horcon, de Caba\u00f1a La Pelada, del Expositor Terra Garba S.A.C.A.I.F. El Reservado fue [&hellip;]<\/p>\n","protected":false},"author":2,"featured_media":2639,"comment_status":"closed","ping_status":"open","sticky":false,"template":"","format":"standard","meta":{"_acf_changed":false,"footnotes":""},"categories":[56],"tags":[],"class_list":["post-6152","post","type-post","status-publish","format-standard","has-post-thumbnail","hentry","category-infoganadero"],"acf":[],"yoast_head":"<!-- This site is optimized with the Yoast SEO plugin v27.4 - https:\/\/yoast.com\/product\/yoast-seo-wordpress\/ -->\n<title>Show de Criollos en La Naci\u00f3n Ganadera. | Proagro<\/title>\n<meta name=\"robots\" content=\"index, follow, max-snippet:-1, max-image-preview:large, max-video-preview:-1\" \/>\n<link rel=\"canonical\" href=\"https:\/\/proagrolab.com.ar\/en\/show-de-criollos-en-la-nacion-ganadera\/\" \/>\n<meta property=\"og:locale\" content=\"en_US\" \/>\n<meta property=\"og:type\" content=\"article\" \/>\n<meta property=\"og:title\" content=\"Show de Criollos en La Naci\u00f3n Ganadera. | Proagro\" \/>\n<meta property=\"og:description\" content=\"Durante el s\u00e1bado, en La Naci\u00f3n Ganadera Olavarria 2014, la Asociaci\u00f3n Criadores de Caballos Criollos realiz\u00f3 la competencia morfol\u00f3gica y la clasificatoria oficial de Paleteada. Participando de las Juras hubo 20 expositores, y 56 animales. El Campe\u00f3n Macho, fue para el box 6 Vilcun Yancanil, de Caba\u00f1a Aguas Buenas, del Expositor Enrique Luis Tronconi. El Reservado fue para el box 4, Apampado Papelon, de Caba\u00f1a La Juanita, del Expositor Carlos Ignacio Ojea Rull\u00e1n. El Tercer Mejor Macho fue para el box 7, Niru Malambo, de Caba\u00f1a El Desaf\u00edo, del Expositor Alberto Ruete G\u00fcemes. La Campe\u00f3n Hembra fue el box 13, \u00d1andu Gata, de Caba\u00f1a Las Mulitas, del Expositor Juan V\u00edctor Tronconi Ballester. La Reservado Campe\u00f3n fue el box 9, Pitagua Golondrina, de Caba\u00f1a La Aurora, del Expositor Enrique y Agust\u00edn Squirru S.C., quienes tambi\u00e9n se quedaron con el premio de la Tercer Mejor Hembra con el box 25, Pitagua Milonga. El box 29, Sosegado Escarabajo, de Caba\u00f1a El Desaf\u00edo, del Expositor Alberto Ruete G\u00fcemes, fue el Campe\u00f3n en la categor\u00eda Caballo Adulto Montado. Por otro lado, en la categor\u00eda Prepotrillo, el Campe\u00f3n fue el box 31, Terra Horcon, de Caba\u00f1a La Pelada, del Expositor Terra Garba S.A.C.A.I.F. El Reservado fue [&hellip;]\" \/>\n<meta property=\"og:url\" content=\"https:\/\/proagrolab.com.ar\/show-de-criollos-en-la-nacion-ganadera\/\" \/>\n<meta property=\"og:site_name\" content=\"Proagro\" \/>\n<meta property=\"article:publisher\" content=\"http:\/\/www.facebook.com\/proagrolab\" \/>\n<meta property=\"article:published_time\" content=\"2014-05-26T00:00:01+00:00\" \/>\n<meta property=\"article:modified_time\" content=\"2020-07-01T19:37:44+00:00\" \/>\n<meta property=\"og:image\" content=\"https:\/\/proagrolab.com.ar\/wp-content\/uploads\/2015\/01\/g_adwsyum1h__Caballos-3.jpg\" \/>\n\t<meta property=\"og:image:width\" content=\"450\" \/>\n\t<meta property=\"og:image:height\" content=\"208\" \/>\n\t<meta property=\"og:image:type\" content=\"image\/jpeg\" \/>\n<meta name=\"author\" content=\"proagrolab\" \/>\n<meta name=\"twitter:card\" content=\"summary_large_image\" \/>\n<meta name=\"twitter:label1\" content=\"Written by\" \/>\n\t<meta name=\"twitter:data1\" content=\"proagrolab\" \/>\n\t<meta name=\"twitter:label2\" content=\"Est. reading time\" \/>\n\t<meta name=\"twitter:data2\" content=\"1 minute\" \/>\n<script type=\"application\/ld+json\" class=\"yoast-schema-graph\">{\"@context\":\"https:\\\/\\\/schema.org\",\"@graph\":[{\"@type\":\"Article\",\"@id\":\"https:\\\/\\\/proagrolab.com.ar\\\/show-de-criollos-en-la-nacion-ganadera\\\/#article\",\"isPartOf\":{\"@id\":\"https:\\\/\\\/proagrolab.com.ar\\\/show-de-criollos-en-la-nacion-ganadera\\\/\"},\"author\":{\"name\":\"proagrolab\",\"@id\":\"https:\\\/\\\/proagrolab.com.ar\\\/#\\\/schema\\\/person\\\/38003ff90bf80381f71c7d922d207444\"},\"headline\":\"Show de Criollos en La Naci\u00f3n Ganadera.\",\"datePublished\":\"2014-05-26T00:00:01+00:00\",\"dateModified\":\"2020-07-01T19:37:44+00:00\",\"mainEntityOfPage\":{\"@id\":\"https:\\\/\\\/proagrolab.com.ar\\\/show-de-criollos-en-la-nacion-ganadera\\\/\"},\"wordCount\":251,\"publisher\":{\"@id\":\"https:\\\/\\\/proagrolab.com.ar\\\/#organization\"},\"image\":{\"@id\":\"https:\\\/\\\/proagrolab.com.ar\\\/show-de-criollos-en-la-nacion-ganadera\\\/#primaryimage\"},\"thumbnailUrl\":\"https:\\\/\\\/proagrolab.com.ar\\\/wp-content\\\/uploads\\\/2015\\\/01\\\/g_adwsyum1h__Caballos-3.jpg\",\"articleSection\":[\"News\"],\"inLanguage\":\"en-US\"},{\"@type\":\"WebPage\",\"@id\":\"https:\\\/\\\/proagrolab.com.ar\\\/show-de-criollos-en-la-nacion-ganadera\\\/\",\"url\":\"https:\\\/\\\/proagrolab.com.ar\\\/show-de-criollos-en-la-nacion-ganadera\\\/\",\"name\":\"Show de Criollos en La Naci\u00f3n Ganadera. | Proagro\",\"isPartOf\":{\"@id\":\"https:\\\/\\\/proagrolab.com.ar\\\/#website\"},\"primaryImageOfPage\":{\"@id\":\"https:\\\/\\\/proagrolab.com.ar\\\/show-de-criollos-en-la-nacion-ganadera\\\/#primaryimage\"},\"image\":{\"@id\":\"https:\\\/\\\/proagrolab.com.ar\\\/show-de-criollos-en-la-nacion-ganadera\\\/#primaryimage\"},\"thumbnailUrl\":\"https:\\\/\\\/proagrolab.com.ar\\\/wp-content\\\/uploads\\\/2015\\\/01\\\/g_adwsyum1h__Caballos-3.jpg\",\"datePublished\":\"2014-05-26T00:00:01+00:00\",\"dateModified\":\"2020-07-01T19:37:44+00:00\",\"breadcrumb\":{\"@id\":\"https:\\\/\\\/proagrolab.com.ar\\\/show-de-criollos-en-la-nacion-ganadera\\\/#breadcrumb\"},\"inLanguage\":\"en-US\",\"potentialAction\":[{\"@type\":\"ReadAction\",\"target\":[\"https:\\\/\\\/proagrolab.com.ar\\\/show-de-criollos-en-la-nacion-ganadera\\\/\"]}]},{\"@type\":\"ImageObject\",\"inLanguage\":\"en-US\",\"@id\":\"https:\\\/\\\/proagrolab.com.ar\\\/show-de-criollos-en-la-nacion-ganadera\\\/#primaryimage\",\"url\":\"https:\\\/\\\/proagrolab.com.ar\\\/wp-content\\\/uploads\\\/2015\\\/01\\\/g_adwsyum1h__Caballos-3.jpg\",\"contentUrl\":\"https:\\\/\\\/proagrolab.com.ar\\\/wp-content\\\/uploads\\\/2015\\\/01\\\/g_adwsyum1h__Caballos-3.jpg\",\"width\":450,\"height\":208},{\"@type\":\"BreadcrumbList\",\"@id\":\"https:\\\/\\\/proagrolab.com.ar\\\/show-de-criollos-en-la-nacion-ganadera\\\/#breadcrumb\",\"itemListElement\":[{\"@type\":\"ListItem\",\"position\":1,\"name\":\"Portada\",\"item\":\"https:\\\/\\\/proagrolab.com.ar\\\/\"},{\"@type\":\"ListItem\",\"position\":2,\"name\":\"Show de Criollos en La Naci\u00f3n Ganadera.\"}]},{\"@type\":\"WebSite\",\"@id\":\"https:\\\/\\\/proagrolab.com.ar\\\/#website\",\"url\":\"https:\\\/\\\/proagrolab.com.ar\\\/\",\"name\":\"Proagro Laboratorio Veterinario\",\"description\":\"Veterinary laboratory\",\"publisher\":{\"@id\":\"https:\\\/\\\/proagrolab.com.ar\\\/#organization\"},\"potentialAction\":[{\"@type\":\"SearchAction\",\"target\":{\"@type\":\"EntryPoint\",\"urlTemplate\":\"https:\\\/\\\/proagrolab.com.ar\\\/?s={search_term_string}\"},\"query-input\":{\"@type\":\"PropertyValueSpecification\",\"valueRequired\":true,\"valueName\":\"search_term_string\"}}],\"inLanguage\":\"en-US\"},{\"@type\":\"Organization\",\"@id\":\"https:\\\/\\\/proagrolab.com.ar\\\/#organization\",\"name\":\"Proagro\",\"url\":\"https:\\\/\\\/proagrolab.com.ar\\\/\",\"logo\":{\"@type\":\"ImageObject\",\"inLanguage\":\"en-US\",\"@id\":\"https:\\\/\\\/proagrolab.com.ar\\\/#\\\/schema\\\/logo\\\/image\\\/\",\"url\":\"https:\\\/\\\/proagrolab.com.ar\\\/wp-content\\\/uploads\\\/2020\\\/04\\\/logo-retina.png\",\"contentUrl\":\"https:\\\/\\\/proagrolab.com.ar\\\/wp-content\\\/uploads\\\/2020\\\/04\\\/logo-retina.png\",\"width\":478,\"height\":120,\"caption\":\"Proagro\"},\"image\":{\"@id\":\"https:\\\/\\\/proagrolab.com.ar\\\/#\\\/schema\\\/logo\\\/image\\\/\"},\"sameAs\":[\"http:\\\/\\\/www.facebook.com\\\/proagrolab\",\"https:\\\/\\\/www.instagram.com\\\/proagrolab\\\/\",\"https:\\\/\\\/www.linkedin.com\\\/company\\\/laboratorio-proagro-s-a\\\/\"]},{\"@type\":\"Person\",\"@id\":\"https:\\\/\\\/proagrolab.com.ar\\\/#\\\/schema\\\/person\\\/38003ff90bf80381f71c7d922d207444\",\"name\":\"proagrolab\"}]}<\/script>\n<!-- \/ Yoast SEO plugin. -->","yoast_head_json":{"title":"Show de Criollos en La Naci\u00f3n Ganadera. | Proagro","robots":{"index":"index","follow":"follow","max-snippet":"max-snippet:-1","max-image-preview":"max-image-preview:large","max-video-preview":"max-video-preview:-1"},"canonical":"https:\/\/proagrolab.com.ar\/en\/show-de-criollos-en-la-nacion-ganadera\/","og_locale":"en_US","og_type":"article","og_title":"Show de Criollos en La Naci\u00f3n Ganadera. | Proagro","og_description":"Durante el s\u00e1bado, en La Naci\u00f3n Ganadera Olavarria 2014, la Asociaci\u00f3n Criadores de Caballos Criollos realiz\u00f3 la competencia morfol\u00f3gica y la clasificatoria oficial de Paleteada. Participando de las Juras hubo 20 expositores, y 56 animales. El Campe\u00f3n Macho, fue para el box 6 Vilcun Yancanil, de Caba\u00f1a Aguas Buenas, del Expositor Enrique Luis Tronconi. El Reservado fue para el box 4, Apampado Papelon, de Caba\u00f1a La Juanita, del Expositor Carlos Ignacio Ojea Rull\u00e1n. El Tercer Mejor Macho fue para el box 7, Niru Malambo, de Caba\u00f1a El Desaf\u00edo, del Expositor Alberto Ruete G\u00fcemes. La Campe\u00f3n Hembra fue el box 13, \u00d1andu Gata, de Caba\u00f1a Las Mulitas, del Expositor Juan V\u00edctor Tronconi Ballester. La Reservado Campe\u00f3n fue el box 9, Pitagua Golondrina, de Caba\u00f1a La Aurora, del Expositor Enrique y Agust\u00edn Squirru S.C., quienes tambi\u00e9n se quedaron con el premio de la Tercer Mejor Hembra con el box 25, Pitagua Milonga. El box 29, Sosegado Escarabajo, de Caba\u00f1a El Desaf\u00edo, del Expositor Alberto Ruete G\u00fcemes, fue el Campe\u00f3n en la categor\u00eda Caballo Adulto Montado. Por otro lado, en la categor\u00eda Prepotrillo, el Campe\u00f3n fue el box 31, Terra Horcon, de Caba\u00f1a La Pelada, del Expositor Terra Garba S.A.C.A.I.F. El Reservado fue [&hellip;]","og_url":"https:\/\/proagrolab.com.ar\/show-de-criollos-en-la-nacion-ganadera\/","og_site_name":"Proagro","article_publisher":"http:\/\/www.facebook.com\/proagrolab","article_published_time":"2014-05-26T00:00:01+00:00","article_modified_time":"2020-07-01T19:37:44+00:00","og_image":[{"width":450,"height":208,"url":"https:\/\/proagrolab.com.ar\/wp-content\/uploads\/2015\/01\/g_adwsyum1h__Caballos-3.jpg","type":"image\/jpeg"}],"author":"proagrolab","twitter_card":"summary_large_image","twitter_misc":{"Written by":"proagrolab","Est. reading time":"1 minute"},"schema":{"@context":"https:\/\/schema.org","@graph":[{"@type":"Article","@id":"https:\/\/proagrolab.com.ar\/show-de-criollos-en-la-nacion-ganadera\/#article","isPartOf":{"@id":"https:\/\/proagrolab.com.ar\/show-de-criollos-en-la-nacion-ganadera\/"},"author":{"name":"proagrolab","@id":"https:\/\/proagrolab.com.ar\/#\/schema\/person\/38003ff90bf80381f71c7d922d207444"},"headline":"Show de Criollos en La Naci\u00f3n Ganadera.","datePublished":"2014-05-26T00:00:01+00:00","dateModified":"2020-07-01T19:37:44+00:00","mainEntityOfPage":{"@id":"https:\/\/proagrolab.com.ar\/show-de-criollos-en-la-nacion-ganadera\/"},"wordCount":251,"publisher":{"@id":"https:\/\/proagrolab.com.ar\/#organization"},"image":{"@id":"https:\/\/proagrolab.com.ar\/show-de-criollos-en-la-nacion-ganadera\/#primaryimage"},"thumbnailUrl":"https:\/\/proagrolab.com.ar\/wp-content\/uploads\/2015\/01\/g_adwsyum1h__Caballos-3.jpg","articleSection":["News"],"inLanguage":"en-US"},{"@type":"WebPage","@id":"https:\/\/proagrolab.com.ar\/show-de-criollos-en-la-nacion-ganadera\/","url":"https:\/\/proagrolab.com.ar\/show-de-criollos-en-la-nacion-ganadera\/","name":"Show de Criollos en La Naci\u00f3n Ganadera. | Proagro","isPartOf":{"@id":"https:\/\/proagrolab.com.ar\/#website"},"primaryImageOfPage":{"@id":"https:\/\/proagrolab.com.ar\/show-de-criollos-en-la-nacion-ganadera\/#primaryimage"},"image":{"@id":"https:\/\/proagrolab.com.ar\/show-de-criollos-en-la-nacion-ganadera\/#primaryimage"},"thumbnailUrl":"https:\/\/proagrolab.com.ar\/wp-content\/uploads\/2015\/01\/g_adwsyum1h__Caballos-3.jpg","datePublished":"2014-05-26T00:00:01+00:00","dateModified":"2020-07-01T19:37:44+00:00","breadcrumb":{"@id":"https:\/\/proagrolab.com.ar\/show-de-criollos-en-la-nacion-ganadera\/#breadcrumb"},"inLanguage":"en-US","potentialAction":[{"@type":"ReadAction","target":["https:\/\/proagrolab.com.ar\/show-de-criollos-en-la-nacion-ganadera\/"]}]},{"@type":"ImageObject","inLanguage":"en-US","@id":"https:\/\/proagrolab.com.ar\/show-de-criollos-en-la-nacion-ganadera\/#primaryimage","url":"https:\/\/proagrolab.com.ar\/wp-content\/uploads\/2015\/01\/g_adwsyum1h__Caballos-3.jpg","contentUrl":"https:\/\/proagrolab.com.ar\/wp-content\/uploads\/2015\/01\/g_adwsyum1h__Caballos-3.jpg","width":450,"height":208},{"@type":"BreadcrumbList","@id":"https:\/\/proagrolab.com.ar\/show-de-criollos-en-la-nacion-ganadera\/#breadcrumb","itemListElement":[{"@type":"ListItem","position":1,"name":"Portada","item":"https:\/\/proagrolab.com.ar\/"},{"@type":"ListItem","position":2,"name":"Show de Criollos en La Naci\u00f3n Ganadera."}]},{"@type":"WebSite","@id":"https:\/\/proagrolab.com.ar\/#website","url":"https:\/\/proagrolab.com.ar\/","name":"Proagro Laboratorio Veterinario","description":"Veterinary laboratory","publisher":{"@id":"https:\/\/proagrolab.com.ar\/#organization"},"potentialAction":[{"@type":"SearchAction","target":{"@type":"EntryPoint","urlTemplate":"https:\/\/proagrolab.com.ar\/?s={search_term_string}"},"query-input":{"@type":"PropertyValueSpecification","valueRequired":true,"valueName":"search_term_string"}}],"inLanguage":"en-US"},{"@type":"Organization","@id":"https:\/\/proagrolab.com.ar\/#organization","name":"Proagro","url":"https:\/\/proagrolab.com.ar\/","logo":{"@type":"ImageObject","inLanguage":"en-US","@id":"https:\/\/proagrolab.com.ar\/#\/schema\/logo\/image\/","url":"https:\/\/proagrolab.com.ar\/wp-content\/uploads\/2020\/04\/logo-retina.png","contentUrl":"https:\/\/proagrolab.com.ar\/wp-content\/uploads\/2020\/04\/logo-retina.png","width":478,"height":120,"caption":"Proagro"},"image":{"@id":"https:\/\/proagrolab.com.ar\/#\/schema\/logo\/image\/"},"sameAs":["http:\/\/www.facebook.com\/proagrolab","https:\/\/www.instagram.com\/proagrolab\/","https:\/\/www.linkedin.com\/company\/laboratorio-proagro-s-a\/"]},{"@type":"Person","@id":"https:\/\/proagrolab.com.ar\/#\/schema\/person\/38003ff90bf80381f71c7d922d207444","name":"proagrolab"}]}},"_links":{"self":[{"href":"https:\/\/proagrolab.com.ar\/en\/wp-json\/wp\/v2\/posts\/6152","targetHints":{"allow":["GET"]}}],"collection":[{"href":"https:\/\/proagrolab.com.ar\/en\/wp-json\/wp\/v2\/posts"}],"about":[{"href":"https:\/\/proagrolab.com.ar\/en\/wp-json\/wp\/v2\/types\/post"}],"author":[{"embeddable":true,"href":"https:\/\/proagrolab.com.ar\/en\/wp-json\/wp\/v2\/users\/2"}],"replies":[{"embeddable":true,"href":"https:\/\/proagrolab.com.ar\/en\/wp-json\/wp\/v2\/comments?post=6152"}],"version-history":[{"count":1,"href":"https:\/\/proagrolab.com.ar\/en\/wp-json\/wp\/v2\/posts\/6152\/revisions"}],"predecessor-version":[{"id":14491,"href":"https:\/\/proagrolab.com.ar\/en\/wp-json\/wp\/v2\/posts\/6152\/revisions\/14491"}],"wp:featuredmedia":[{"embeddable":true,"href":"https:\/\/proagrolab.com.ar\/en\/wp-json\/wp\/v2\/media\/2639"}],"wp:attachment":[{"href":"https:\/\/proagrolab.com.ar\/en\/wp-json\/wp\/v2\/media?parent=6152"}],"wp:term":[{"taxonomy":"category","embeddable":true,"href":"https:\/\/proagrolab.com.ar\/en\/wp-json\/wp\/v2\/categories?post=6152"},{"taxonomy":"post_tag","embeddable":true,"href":"https:\/\/proagrolab.com.ar\/en\/wp-json\/wp\/v2\/tags?post=6152"}],"curies":[{"name":"wp","href":"https:\/\/api.w.org\/{rel}","templated":true}]}}