{"id":6151,"date":"2014-05-26T00:00:01","date_gmt":"2014-05-26T00:00:01","guid":{"rendered":"https:\/\/proagrolab.com.ar\/no-se-pierde-de-vista-el-objetivo-de-hacer-crecer-el-negocio\/"},"modified":"2020-07-01T19:33:17","modified_gmt":"2020-07-01T19:33:17","slug":"no-se-pierde-de-vista-el-objetivo-de-hacer-crecer-el-negocio","status":"publish","type":"post","link":"https:\/\/proagrolab.com.ar\/en\/no-se-pierde-de-vista-el-objetivo-de-hacer-crecer-el-negocio\/","title":{"rendered":"No se pierde de vista el objetivo de hacer crecer el negocio."},"content":{"rendered":"<p class=\"qtranxs-available-languages-message qtranxs-available-languages-message-en\"> <\/p><p>Pese a la merma de la rentabilidad, se buscan estrategias para lograr mejores resultados.<\/p>\n<p>Los productores de Olavarr\u00eda est\u00e1n en una carrera por mejorar su actividad ganadera en un partido donde m\u00e1s del 80% de los suelos son bajos alcalinos. La mayor parte de la producci\u00f3n se realiza en campo natural, pero tambi\u00e9n se est\u00e1 apuntando a una mayor incorporaci\u00f3n de pasturas, pese a que no resulta una tarea sencilla por su costo y a que el \u00e9xito de logro puede ser err\u00e1tico por el tipo de suelo.<\/p>\n<p>Tambi\u00e9n hay productores que apuntan a producir su propio grano o silo para la hacienda si tienen tierra apta para hacer una agricultura para la ganader\u00eda.<\/p>\n<p>&#8220;Hay productores mejorando la cosecha del pasto que tienen, otros buscando un mejor manejo de la avena como una herramienta \u00fatil en el destete, tambi\u00e9n est\u00e1n los que se aseguran una cadena forrajera y hay otros suplementando con grano. Se apunta a mejorar la nutrici\u00f3n animal&#8221;, explic\u00f3 Mario Carpi, productor de la zona.<\/p>\n<p>Seg\u00fan este productor, aqu\u00ed un campo de punta de cr\u00eda puede alcanzar una producci\u00f3n de carne de 170 kilos. En tanto, uno promedio puede rondar los 110 a 120 kilos.<\/p>\n<p><i>Alternativas<\/i><br \/>An\u00edbal Gasteneguy realiza ciclo completo. Vende novillitos gordos con 400 kilos y vaquillonas en torno de 330 a 340 kilos. Adem\u00e1s, a la vaca vieja en vez de venderla de conserva la engorda y luego la comercializa.<\/p>\n<p>Produce el 80% del alimento que necesita, ma\u00edz y cebada.<\/p>\n<p>Adem\u00e1s, como otros productores, le est\u00e1 poniendo fichas a las pasturas. &#8220;Busco hacer m\u00e1s pasturas para meter m\u00e1s kilos, tener mayor productividad y dejar alg\u00fan potrero alquilado&#8221;, ilustr\u00f3. La palabra que utiliza Gasteneguy es &#8220;optimizar&#8221; todos los recursos disponibles.<\/p>\n<p>Pablo Lohidoy tambi\u00e9n hace ciclo completo en un establecimiento ubicado entre Olavarr\u00eda y La Madrid. Encierra la hacienda los \u00faltimos 90 a 100 d\u00edas para terminaci\u00f3n. Aporta grano, silo y concentrados.<\/p>\n<p>En su caso, una de las l\u00edneas de trabajo pasa por ir reemplazando verdeos de avena por pasturas en base festuca.<\/p>\n<p>&#8220;La idea es meter la mayor carga posible para bajar superficie en campos alquilados. Queremos producir m\u00e1s en campo propio&#8221;, relat\u00f3.<\/p>\n<p>&#8220;Hoy para implantar una avena el costo es de 1300 a 1400 pesos por hect\u00e1rea, contra 2100 a 2300 pesos de la pastura. Pero mientras el verdeo te dura un a\u00f1o, a la pastura la pod\u00e9s amortizar en cinco a\u00f1os&#8221;, remarc\u00f3.<\/p>\n<p>Gabriel Portarrieu, otro productor, relat\u00f3 que en su caso intentan mejorar la base forrajera con verdeos, fertilizaci\u00f3n y hacer algo de pasturas todos los a\u00f1os.<\/p>\n<p>Para este productor, se podr\u00eda aumentar a\u00fan m\u00e1s la producci\u00f3n si las pol\u00edticas oficiales acompa\u00f1aran a la actividad.<\/p>\n<p>&#8220;La distancia que nos separa de los techos de producci\u00f3n no depende de la capacidad t\u00e9cnica ni del entusiasmo del productor. Depende de pol\u00edticas de Estado&#8221;, precis\u00f3.<\/p>\n<p>&#8220;En la zona, y creo que tambi\u00e9n es v\u00e1lido para la cuenca del Salado y la ganader\u00eda en general, la limitante es la rentabilidad. Se podr\u00edan, con pasturas, verdeos, fertilizaci\u00f3n y suplementos aumentar r\u00e1pidamente los vol\u00famenes de producci\u00f3n si las pol\u00edticas agropecuarias en general tendieran a lograr ese objetivo&#8221;, a\u00f1adi\u00f3.<\/p>\n<p>En Olavarr\u00eda, adem\u00e1s del crecimiento del rodeo en general tambi\u00e9n sube el n\u00famero de ternos. Seg\u00fan Carpi, este a\u00f1o son 249.871 animales, contra 232.359 de 2013. Se produjeron 17.512 terneros m\u00e1s. &#8220;Hay menos vacas improductivas&#8221;, detall\u00f3 Carpi.<\/p>\n<p>Fuente: La Naci\u00f3n, suple campo, 24 de mayo.<br \/><\/p>","protected":false},"excerpt":{"rendered":"<p>Pese a la merma de la rentabilidad, se buscan estrategias para lograr mejores resultados. Los productores de Olavarr\u00eda est\u00e1n en una carrera por mejorar su actividad ganadera en un partido donde m\u00e1s del 80% de los suelos son bajos alcalinos. La mayor parte de la producci\u00f3n se realiza en campo natural, pero tambi\u00e9n se est\u00e1 apuntando a una mayor incorporaci\u00f3n de pasturas, pese a que no resulta una tarea sencilla por su costo y a que el \u00e9xito de logro puede ser err\u00e1tico por el tipo de suelo. Tambi\u00e9n hay productores que apuntan a producir su propio grano o silo para la hacienda si tienen tierra apta para hacer una agricultura para la ganader\u00eda. &#8220;Hay productores mejorando la cosecha del pasto que tienen, otros buscando un mejor manejo de la avena como una herramienta \u00fatil en el destete, tambi\u00e9n est\u00e1n los que se aseguran una cadena forrajera y hay otros suplementando con grano. Se apunta a mejorar la nutrici\u00f3n animal&#8221;, explic\u00f3 Mario Carpi, productor de la zona. Seg\u00fan este productor, aqu\u00ed un campo de punta de cr\u00eda puede alcanzar una producci\u00f3n de carne de 170 kilos. En tanto, uno promedio puede rondar los 110 a 120 kilos. AlternativasAn\u00edbal Gasteneguy realiza [&hellip;]<\/p>\n","protected":false},"author":2,"featured_media":2638,"comment_status":"closed","ping_status":"open","sticky":false,"template":"","format":"standard","meta":{"_acf_changed":false,"footnotes":""},"categories":[56],"tags":[],"class_list":["post-6151","post","type-post","status-publish","format-standard","has-post-thumbnail","hentry","category-infoganadero"],"acf":[],"yoast_head":"<!-- This site is optimized with the Yoast SEO plugin v27.4 - https:\/\/yoast.com\/product\/yoast-seo-wordpress\/ -->\n<title>No se pierde de vista el objetivo de hacer crecer el negocio. | Proagro<\/title>\n<meta name=\"robots\" content=\"index, follow, max-snippet:-1, max-image-preview:large, max-video-preview:-1\" \/>\n<link rel=\"canonical\" href=\"https:\/\/proagrolab.com.ar\/en\/no-se-pierde-de-vista-el-objetivo-de-hacer-crecer-el-negocio\/\" \/>\n<meta property=\"og:locale\" content=\"en_US\" \/>\n<meta property=\"og:type\" content=\"article\" \/>\n<meta property=\"og:title\" content=\"No se pierde de vista el objetivo de hacer crecer el negocio. | Proagro\" \/>\n<meta property=\"og:description\" content=\"Pese a la merma de la rentabilidad, se buscan estrategias para lograr mejores resultados. Los productores de Olavarr\u00eda est\u00e1n en una carrera por mejorar su actividad ganadera en un partido donde m\u00e1s del 80% de los suelos son bajos alcalinos. La mayor parte de la producci\u00f3n se realiza en campo natural, pero tambi\u00e9n se est\u00e1 apuntando a una mayor incorporaci\u00f3n de pasturas, pese a que no resulta una tarea sencilla por su costo y a que el \u00e9xito de logro puede ser err\u00e1tico por el tipo de suelo. Tambi\u00e9n hay productores que apuntan a producir su propio grano o silo para la hacienda si tienen tierra apta para hacer una agricultura para la ganader\u00eda. &#8220;Hay productores mejorando la cosecha del pasto que tienen, otros buscando un mejor manejo de la avena como una herramienta \u00fatil en el destete, tambi\u00e9n est\u00e1n los que se aseguran una cadena forrajera y hay otros suplementando con grano. Se apunta a mejorar la nutrici\u00f3n animal&#8221;, explic\u00f3 Mario Carpi, productor de la zona. Seg\u00fan este productor, aqu\u00ed un campo de punta de cr\u00eda puede alcanzar una producci\u00f3n de carne de 170 kilos. En tanto, uno promedio puede rondar los 110 a 120 kilos. AlternativasAn\u00edbal Gasteneguy realiza [&hellip;]\" \/>\n<meta property=\"og:url\" content=\"https:\/\/proagrolab.com.ar\/no-se-pierde-de-vista-el-objetivo-de-hacer-crecer-el-negocio\/\" \/>\n<meta property=\"og:site_name\" content=\"Proagro\" \/>\n<meta property=\"article:publisher\" content=\"http:\/\/www.facebook.com\/proagrolab\" \/>\n<meta property=\"article:published_time\" content=\"2014-05-26T00:00:01+00:00\" \/>\n<meta property=\"article:modified_time\" content=\"2020-07-01T19:33:17+00:00\" \/>\n<meta property=\"og:image\" content=\"https:\/\/proagrolab.com.ar\/wp-content\/uploads\/2015\/01\/g_qnxl06l26__Vacas-2.jpg\" \/>\n\t<meta property=\"og:image:width\" content=\"450\" \/>\n\t<meta property=\"og:image:height\" content=\"208\" \/>\n\t<meta property=\"og:image:type\" content=\"image\/jpeg\" \/>\n<meta name=\"author\" content=\"proagrolab\" \/>\n<meta name=\"twitter:card\" content=\"summary_large_image\" \/>\n<meta name=\"twitter:label1\" content=\"Written by\" \/>\n\t<meta name=\"twitter:data1\" content=\"proagrolab\" \/>\n\t<meta name=\"twitter:label2\" content=\"Est. reading time\" \/>\n\t<meta name=\"twitter:data2\" content=\"3 minutes\" \/>\n<script type=\"application\/ld+json\" class=\"yoast-schema-graph\">{\"@context\":\"https:\\\/\\\/schema.org\",\"@graph\":[{\"@type\":\"Article\",\"@id\":\"https:\\\/\\\/proagrolab.com.ar\\\/no-se-pierde-de-vista-el-objetivo-de-hacer-crecer-el-negocio\\\/#article\",\"isPartOf\":{\"@id\":\"https:\\\/\\\/proagrolab.com.ar\\\/no-se-pierde-de-vista-el-objetivo-de-hacer-crecer-el-negocio\\\/\"},\"author\":{\"name\":\"proagrolab\",\"@id\":\"https:\\\/\\\/proagrolab.com.ar\\\/#\\\/schema\\\/person\\\/38003ff90bf80381f71c7d922d207444\"},\"headline\":\"No se pierde de vista el objetivo de hacer crecer el negocio.\",\"datePublished\":\"2014-05-26T00:00:01+00:00\",\"dateModified\":\"2020-07-01T19:33:17+00:00\",\"mainEntityOfPage\":{\"@id\":\"https:\\\/\\\/proagrolab.com.ar\\\/no-se-pierde-de-vista-el-objetivo-de-hacer-crecer-el-negocio\\\/\"},\"wordCount\":617,\"publisher\":{\"@id\":\"https:\\\/\\\/proagrolab.com.ar\\\/#organization\"},\"image\":{\"@id\":\"https:\\\/\\\/proagrolab.com.ar\\\/no-se-pierde-de-vista-el-objetivo-de-hacer-crecer-el-negocio\\\/#primaryimage\"},\"thumbnailUrl\":\"https:\\\/\\\/proagrolab.com.ar\\\/wp-content\\\/uploads\\\/2015\\\/01\\\/g_qnxl06l26__Vacas-2.jpg\",\"articleSection\":[\"News\"],\"inLanguage\":\"en-US\"},{\"@type\":\"WebPage\",\"@id\":\"https:\\\/\\\/proagrolab.com.ar\\\/no-se-pierde-de-vista-el-objetivo-de-hacer-crecer-el-negocio\\\/\",\"url\":\"https:\\\/\\\/proagrolab.com.ar\\\/no-se-pierde-de-vista-el-objetivo-de-hacer-crecer-el-negocio\\\/\",\"name\":\"No se pierde de vista el objetivo de hacer crecer el negocio. | Proagro\",\"isPartOf\":{\"@id\":\"https:\\\/\\\/proagrolab.com.ar\\\/#website\"},\"primaryImageOfPage\":{\"@id\":\"https:\\\/\\\/proagrolab.com.ar\\\/no-se-pierde-de-vista-el-objetivo-de-hacer-crecer-el-negocio\\\/#primaryimage\"},\"image\":{\"@id\":\"https:\\\/\\\/proagrolab.com.ar\\\/no-se-pierde-de-vista-el-objetivo-de-hacer-crecer-el-negocio\\\/#primaryimage\"},\"thumbnailUrl\":\"https:\\\/\\\/proagrolab.com.ar\\\/wp-content\\\/uploads\\\/2015\\\/01\\\/g_qnxl06l26__Vacas-2.jpg\",\"datePublished\":\"2014-05-26T00:00:01+00:00\",\"dateModified\":\"2020-07-01T19:33:17+00:00\",\"breadcrumb\":{\"@id\":\"https:\\\/\\\/proagrolab.com.ar\\\/no-se-pierde-de-vista-el-objetivo-de-hacer-crecer-el-negocio\\\/#breadcrumb\"},\"inLanguage\":\"en-US\",\"potentialAction\":[{\"@type\":\"ReadAction\",\"target\":[\"https:\\\/\\\/proagrolab.com.ar\\\/no-se-pierde-de-vista-el-objetivo-de-hacer-crecer-el-negocio\\\/\"]}]},{\"@type\":\"ImageObject\",\"inLanguage\":\"en-US\",\"@id\":\"https:\\\/\\\/proagrolab.com.ar\\\/no-se-pierde-de-vista-el-objetivo-de-hacer-crecer-el-negocio\\\/#primaryimage\",\"url\":\"https:\\\/\\\/proagrolab.com.ar\\\/wp-content\\\/uploads\\\/2015\\\/01\\\/g_qnxl06l26__Vacas-2.jpg\",\"contentUrl\":\"https:\\\/\\\/proagrolab.com.ar\\\/wp-content\\\/uploads\\\/2015\\\/01\\\/g_qnxl06l26__Vacas-2.jpg\",\"width\":450,\"height\":208},{\"@type\":\"BreadcrumbList\",\"@id\":\"https:\\\/\\\/proagrolab.com.ar\\\/no-se-pierde-de-vista-el-objetivo-de-hacer-crecer-el-negocio\\\/#breadcrumb\",\"itemListElement\":[{\"@type\":\"ListItem\",\"position\":1,\"name\":\"Portada\",\"item\":\"https:\\\/\\\/proagrolab.com.ar\\\/\"},{\"@type\":\"ListItem\",\"position\":2,\"name\":\"No se pierde de vista el objetivo de hacer crecer el negocio.\"}]},{\"@type\":\"WebSite\",\"@id\":\"https:\\\/\\\/proagrolab.com.ar\\\/#website\",\"url\":\"https:\\\/\\\/proagrolab.com.ar\\\/\",\"name\":\"Proagro Laboratorio Veterinario\",\"description\":\"Veterinary laboratory\",\"publisher\":{\"@id\":\"https:\\\/\\\/proagrolab.com.ar\\\/#organization\"},\"potentialAction\":[{\"@type\":\"SearchAction\",\"target\":{\"@type\":\"EntryPoint\",\"urlTemplate\":\"https:\\\/\\\/proagrolab.com.ar\\\/?s={search_term_string}\"},\"query-input\":{\"@type\":\"PropertyValueSpecification\",\"valueRequired\":true,\"valueName\":\"search_term_string\"}}],\"inLanguage\":\"en-US\"},{\"@type\":\"Organization\",\"@id\":\"https:\\\/\\\/proagrolab.com.ar\\\/#organization\",\"name\":\"Proagro\",\"url\":\"https:\\\/\\\/proagrolab.com.ar\\\/\",\"logo\":{\"@type\":\"ImageObject\",\"inLanguage\":\"en-US\",\"@id\":\"https:\\\/\\\/proagrolab.com.ar\\\/#\\\/schema\\\/logo\\\/image\\\/\",\"url\":\"https:\\\/\\\/proagrolab.com.ar\\\/wp-content\\\/uploads\\\/2020\\\/04\\\/logo-retina.png\",\"contentUrl\":\"https:\\\/\\\/proagrolab.com.ar\\\/wp-content\\\/uploads\\\/2020\\\/04\\\/logo-retina.png\",\"width\":478,\"height\":120,\"caption\":\"Proagro\"},\"image\":{\"@id\":\"https:\\\/\\\/proagrolab.com.ar\\\/#\\\/schema\\\/logo\\\/image\\\/\"},\"sameAs\":[\"http:\\\/\\\/www.facebook.com\\\/proagrolab\",\"https:\\\/\\\/www.instagram.com\\\/proagrolab\\\/\",\"https:\\\/\\\/www.linkedin.com\\\/company\\\/laboratorio-proagro-s-a\\\/\"]},{\"@type\":\"Person\",\"@id\":\"https:\\\/\\\/proagrolab.com.ar\\\/#\\\/schema\\\/person\\\/38003ff90bf80381f71c7d922d207444\",\"name\":\"proagrolab\"}]}<\/script>\n<!-- \/ Yoast SEO plugin. -->","yoast_head_json":{"title":"No se pierde de vista el objetivo de hacer crecer el negocio. | Proagro","robots":{"index":"index","follow":"follow","max-snippet":"max-snippet:-1","max-image-preview":"max-image-preview:large","max-video-preview":"max-video-preview:-1"},"canonical":"https:\/\/proagrolab.com.ar\/en\/no-se-pierde-de-vista-el-objetivo-de-hacer-crecer-el-negocio\/","og_locale":"en_US","og_type":"article","og_title":"No se pierde de vista el objetivo de hacer crecer el negocio. | Proagro","og_description":"Pese a la merma de la rentabilidad, se buscan estrategias para lograr mejores resultados. Los productores de Olavarr\u00eda est\u00e1n en una carrera por mejorar su actividad ganadera en un partido donde m\u00e1s del 80% de los suelos son bajos alcalinos. La mayor parte de la producci\u00f3n se realiza en campo natural, pero tambi\u00e9n se est\u00e1 apuntando a una mayor incorporaci\u00f3n de pasturas, pese a que no resulta una tarea sencilla por su costo y a que el \u00e9xito de logro puede ser err\u00e1tico por el tipo de suelo. Tambi\u00e9n hay productores que apuntan a producir su propio grano o silo para la hacienda si tienen tierra apta para hacer una agricultura para la ganader\u00eda. &#8220;Hay productores mejorando la cosecha del pasto que tienen, otros buscando un mejor manejo de la avena como una herramienta \u00fatil en el destete, tambi\u00e9n est\u00e1n los que se aseguran una cadena forrajera y hay otros suplementando con grano. Se apunta a mejorar la nutrici\u00f3n animal&#8221;, explic\u00f3 Mario Carpi, productor de la zona. Seg\u00fan este productor, aqu\u00ed un campo de punta de cr\u00eda puede alcanzar una producci\u00f3n de carne de 170 kilos. En tanto, uno promedio puede rondar los 110 a 120 kilos. AlternativasAn\u00edbal Gasteneguy realiza [&hellip;]","og_url":"https:\/\/proagrolab.com.ar\/no-se-pierde-de-vista-el-objetivo-de-hacer-crecer-el-negocio\/","og_site_name":"Proagro","article_publisher":"http:\/\/www.facebook.com\/proagrolab","article_published_time":"2014-05-26T00:00:01+00:00","article_modified_time":"2020-07-01T19:33:17+00:00","og_image":[{"width":450,"height":208,"url":"https:\/\/proagrolab.com.ar\/wp-content\/uploads\/2015\/01\/g_qnxl06l26__Vacas-2.jpg","type":"image\/jpeg"}],"author":"proagrolab","twitter_card":"summary_large_image","twitter_misc":{"Written by":"proagrolab","Est. reading time":"3 minutes"},"schema":{"@context":"https:\/\/schema.org","@graph":[{"@type":"Article","@id":"https:\/\/proagrolab.com.ar\/no-se-pierde-de-vista-el-objetivo-de-hacer-crecer-el-negocio\/#article","isPartOf":{"@id":"https:\/\/proagrolab.com.ar\/no-se-pierde-de-vista-el-objetivo-de-hacer-crecer-el-negocio\/"},"author":{"name":"proagrolab","@id":"https:\/\/proagrolab.com.ar\/#\/schema\/person\/38003ff90bf80381f71c7d922d207444"},"headline":"No se pierde de vista el objetivo de hacer crecer el negocio.","datePublished":"2014-05-26T00:00:01+00:00","dateModified":"2020-07-01T19:33:17+00:00","mainEntityOfPage":{"@id":"https:\/\/proagrolab.com.ar\/no-se-pierde-de-vista-el-objetivo-de-hacer-crecer-el-negocio\/"},"wordCount":617,"publisher":{"@id":"https:\/\/proagrolab.com.ar\/#organization"},"image":{"@id":"https:\/\/proagrolab.com.ar\/no-se-pierde-de-vista-el-objetivo-de-hacer-crecer-el-negocio\/#primaryimage"},"thumbnailUrl":"https:\/\/proagrolab.com.ar\/wp-content\/uploads\/2015\/01\/g_qnxl06l26__Vacas-2.jpg","articleSection":["News"],"inLanguage":"en-US"},{"@type":"WebPage","@id":"https:\/\/proagrolab.com.ar\/no-se-pierde-de-vista-el-objetivo-de-hacer-crecer-el-negocio\/","url":"https:\/\/proagrolab.com.ar\/no-se-pierde-de-vista-el-objetivo-de-hacer-crecer-el-negocio\/","name":"No se pierde de vista el objetivo de hacer crecer el negocio. | Proagro","isPartOf":{"@id":"https:\/\/proagrolab.com.ar\/#website"},"primaryImageOfPage":{"@id":"https:\/\/proagrolab.com.ar\/no-se-pierde-de-vista-el-objetivo-de-hacer-crecer-el-negocio\/#primaryimage"},"image":{"@id":"https:\/\/proagrolab.com.ar\/no-se-pierde-de-vista-el-objetivo-de-hacer-crecer-el-negocio\/#primaryimage"},"thumbnailUrl":"https:\/\/proagrolab.com.ar\/wp-content\/uploads\/2015\/01\/g_qnxl06l26__Vacas-2.jpg","datePublished":"2014-05-26T00:00:01+00:00","dateModified":"2020-07-01T19:33:17+00:00","breadcrumb":{"@id":"https:\/\/proagrolab.com.ar\/no-se-pierde-de-vista-el-objetivo-de-hacer-crecer-el-negocio\/#breadcrumb"},"inLanguage":"en-US","potentialAction":[{"@type":"ReadAction","target":["https:\/\/proagrolab.com.ar\/no-se-pierde-de-vista-el-objetivo-de-hacer-crecer-el-negocio\/"]}]},{"@type":"ImageObject","inLanguage":"en-US","@id":"https:\/\/proagrolab.com.ar\/no-se-pierde-de-vista-el-objetivo-de-hacer-crecer-el-negocio\/#primaryimage","url":"https:\/\/proagrolab.com.ar\/wp-content\/uploads\/2015\/01\/g_qnxl06l26__Vacas-2.jpg","contentUrl":"https:\/\/proagrolab.com.ar\/wp-content\/uploads\/2015\/01\/g_qnxl06l26__Vacas-2.jpg","width":450,"height":208},{"@type":"BreadcrumbList","@id":"https:\/\/proagrolab.com.ar\/no-se-pierde-de-vista-el-objetivo-de-hacer-crecer-el-negocio\/#breadcrumb","itemListElement":[{"@type":"ListItem","position":1,"name":"Portada","item":"https:\/\/proagrolab.com.ar\/"},{"@type":"ListItem","position":2,"name":"No se pierde de vista el objetivo de hacer crecer el negocio."}]},{"@type":"WebSite","@id":"https:\/\/proagrolab.com.ar\/#website","url":"https:\/\/proagrolab.com.ar\/","name":"Proagro Laboratorio Veterinario","description":"Veterinary laboratory","publisher":{"@id":"https:\/\/proagrolab.com.ar\/#organization"},"potentialAction":[{"@type":"SearchAction","target":{"@type":"EntryPoint","urlTemplate":"https:\/\/proagrolab.com.ar\/?s={search_term_string}"},"query-input":{"@type":"PropertyValueSpecification","valueRequired":true,"valueName":"search_term_string"}}],"inLanguage":"en-US"},{"@type":"Organization","@id":"https:\/\/proagrolab.com.ar\/#organization","name":"Proagro","url":"https:\/\/proagrolab.com.ar\/","logo":{"@type":"ImageObject","inLanguage":"en-US","@id":"https:\/\/proagrolab.com.ar\/#\/schema\/logo\/image\/","url":"https:\/\/proagrolab.com.ar\/wp-content\/uploads\/2020\/04\/logo-retina.png","contentUrl":"https:\/\/proagrolab.com.ar\/wp-content\/uploads\/2020\/04\/logo-retina.png","width":478,"height":120,"caption":"Proagro"},"image":{"@id":"https:\/\/proagrolab.com.ar\/#\/schema\/logo\/image\/"},"sameAs":["http:\/\/www.facebook.com\/proagrolab","https:\/\/www.instagram.com\/proagrolab\/","https:\/\/www.linkedin.com\/company\/laboratorio-proagro-s-a\/"]},{"@type":"Person","@id":"https:\/\/proagrolab.com.ar\/#\/schema\/person\/38003ff90bf80381f71c7d922d207444","name":"proagrolab"}]}},"_links":{"self":[{"href":"https:\/\/proagrolab.com.ar\/en\/wp-json\/wp\/v2\/posts\/6151","targetHints":{"allow":["GET"]}}],"collection":[{"href":"https:\/\/proagrolab.com.ar\/en\/wp-json\/wp\/v2\/posts"}],"about":[{"href":"https:\/\/proagrolab.com.ar\/en\/wp-json\/wp\/v2\/types\/post"}],"author":[{"embeddable":true,"href":"https:\/\/proagrolab.com.ar\/en\/wp-json\/wp\/v2\/users\/2"}],"replies":[{"embeddable":true,"href":"https:\/\/proagrolab.com.ar\/en\/wp-json\/wp\/v2\/comments?post=6151"}],"version-history":[{"count":1,"href":"https:\/\/proagrolab.com.ar\/en\/wp-json\/wp\/v2\/posts\/6151\/revisions"}],"predecessor-version":[{"id":14452,"href":"https:\/\/proagrolab.com.ar\/en\/wp-json\/wp\/v2\/posts\/6151\/revisions\/14452"}],"wp:featuredmedia":[{"embeddable":true,"href":"https:\/\/proagrolab.com.ar\/en\/wp-json\/wp\/v2\/media\/2638"}],"wp:attachment":[{"href":"https:\/\/proagrolab.com.ar\/en\/wp-json\/wp\/v2\/media?parent=6151"}],"wp:term":[{"taxonomy":"category","embeddable":true,"href":"https:\/\/proagrolab.com.ar\/en\/wp-json\/wp\/v2\/categories?post=6151"},{"taxonomy":"post_tag","embeddable":true,"href":"https:\/\/proagrolab.com.ar\/en\/wp-json\/wp\/v2\/tags?post=6151"}],"curies":[{"name":"wp","href":"https:\/\/api.w.org\/{rel}","templated":true}]}}