{"id":6149,"date":"2014-05-26T00:00:01","date_gmt":"2014-05-26T00:00:01","guid":{"rendered":"https:\/\/proagrolab.com.ar\/el-ano-2015-y-la-falsa-idea-de-que-todos-seran-felices\/"},"modified":"2020-07-01T19:33:26","modified_gmt":"2020-07-01T19:33:26","slug":"el-ano-2015-y-la-falsa-idea-de-que-todos-seran-felices","status":"publish","type":"post","link":"https:\/\/proagrolab.com.ar\/en\/el-ano-2015-y-la-falsa-idea-de-que-todos-seran-felices\/","title":{"rendered":"El a\u00f1o 2015 y la falsa idea de que todos ser\u00e1n felices."},"content":{"rendered":"<p class=\"qtranxs-available-languages-message qtranxs-available-languages-message-en\"> <\/p><p>Por F\u00e9lix Sammartino.<\/p>\n<p>El a\u00f1o 2015 se ha convertido en la tierra prometida para una buena parte de los productores. El &#8220;por suerte esto se acaba&#8221; es parte de cualquier charla dedicada a repasar las decepciones actuales a las que se sum\u00f3 el desconcierto que provoc\u00f3 en la semana el salto del d\u00f3lar blue. \u00bfSe quebrar\u00e1 la pax cambiaria conseguida por el presidente del Banco Central, Juan Carlos F\u00e1brega? El objetivo de los productores es llegar al fin del kirchnerismo con las empresas en funcionamiento y medianamente financiadas. La creencia es que una vez que se pongan los pies en la nueva era que inaugurar\u00e1 el pr\u00f3ximo gobierno las siete plagas que afectaron a la producci\u00f3n, como las retenciones, los Roes, los cupos, las intervenciones al mercado, los precios sugeridos, la presi\u00f3n impositiva y las exigencias de los reg\u00edmenes de informaci\u00f3n, se evaporar\u00e1n como un milagro b\u00edblico.<\/p>\n<p>Parte de esta creencia se sustenta en que casi todos los partidos y agrupaciones de la oposici\u00f3n abonan el cambio de las reglas de juego en la producci\u00f3n agropecuaria. Los radicales declararon meses atr\u00e1s en una reuni\u00f3n con la Mesa de Enlace que eliminar\u00e1n todas las retenciones. Mauricio Macri y Elisa Carri\u00f3 lo afirmar\u00e1n nuevamente en el Congreso de CRA que se realizar\u00e1 la semana que viene en Gualeguaych\u00fa. Hasta el presidente de la C\u00e1mara de Diputados, Juli\u00e1n Dom\u00ednguez, que se anot\u00f3 en la carrera presidencial por el kirchnerismo, se vio obligado a reconocer que &#8220;manejamos mal los mecanismos de exportaci\u00f3n&#8221;. Salvo Daniel Scioli, todos los candidatos presidenciales han fijado un cambio de rumbo.<\/p>\n<p>Ahora bien, vale preguntarse: \u00bfes suficiente con s\u00f3lo abjurar de las herramientas que utiliza el kirchnerismo que est\u00e1n tan fuera de \u00e9poca como el f\u00e9mur del dinosaurio que vivi\u00f3 en la Patagonia hace 80 millones de a\u00f1os? Como afirma Bernardo Piazzardi, profesor del Centro de Agronegocios de la Universidad Austral y director de la consultora Prospectiva 20-20, hay quienes piensan que las propuestas no van m\u00e1s all\u00e1 de resolver los problemas coyunturales. &#8220;Hay un fuerte ombliguismo en la forma de analizar. Todo lo vemos desde el punto de vista del crecimiento de nuestra oferta, pero poco atendemos al comportamiento de la demanda de los distintos mercados y lo que hacen nuestros competidores. Como si adem\u00e1s de creer que somos el centro del mundo, pens\u00e1ramos que este partido lo jugamos solos.&#8221; Para Piazzardi, falta una discusi\u00f3n sobre los problemas estructurales de competitividad. Por ahora, s\u00f3lo se sabe que de abrirse los grilletes que atan a la producci\u00f3n, \u00e9sta se incrementar\u00e1. Pero el salto productivo tambi\u00e9n puede ser un salto al vac\u00edo. \u00bfA qu\u00e9 nivel de volumen exportable dejamos de ser un proveedor competitivo? \u00bfA qu\u00e9 mercados se apunta una vez cubiertos los tradicionales y con qu\u00e9 productos y a qu\u00e9 precios? Y en funci\u00f3n de lo anterior, \u00bfqu\u00e9 aggiornamento deben hacer la distintas cadenas de valor para defender el exceso de producci\u00f3n?<\/p>\n<p>Un an\u00e1lisis m\u00e1s estrat\u00e9gico tomar\u00eda nota por ejemplo que en los \u00faltimos cinco a\u00f1os China incorpor\u00f3 20 millones de toneladas a su capacidad de crushing de soja, mientras que la Argentina creci\u00f3 s\u00f3lo dos millones. Desde 2009 el gigante asi\u00e1tico pas\u00f3 de 49 millones a 68 millones de toneladas, mientras que aqu\u00ed fue de 34 a 36 millones. Un gran interrogante sobre el agregado de valor de la cadena que sostiene la econom\u00eda nacional.<\/p>\n<p>Un aumento constante de las producciones despu\u00e9s de 2015, tal como sue\u00f1an muchos productores y empresarios, s\u00f3lo se puede sostener en la medida que se gane competitividad sist\u00e9mica y se agregue valor. Sin esta red de contenci\u00f3n es m\u00e1s que probable que los precios caigan o sean fuertemente c\u00edclicos ante los aumentos de producci\u00f3n. La vitivinicultura lo entendi\u00f3 al reconvertirse a tiempo. No creci\u00f3 a tontas y locas. En quince a\u00f1os sus exportaciones crecieron en volumen un 40%, pero en valor lo hicieron 1100%. Fue el Malbec y la percepci\u00f3n de valor que le otorgaron los consumidores lo que posibilitaron semejante \u00e9xito.<\/p>\n<p>Despu\u00e9s de 2015, no se llega a ning\u00fan lado. S\u00f3lo comienza otro partido.<\/p>\n<p>Fuente: La Naci\u00f3n, suple campo, 24 de mayo.<br \/><\/p>","protected":false},"excerpt":{"rendered":"<p>Por F\u00e9lix Sammartino. El a\u00f1o 2015 se ha convertido en la tierra prometida para una buena parte de los productores. El &#8220;por suerte esto se acaba&#8221; es parte de cualquier charla dedicada a repasar las decepciones actuales a las que se sum\u00f3 el desconcierto que provoc\u00f3 en la semana el salto del d\u00f3lar blue. \u00bfSe quebrar\u00e1 la pax cambiaria conseguida por el presidente del Banco Central, Juan Carlos F\u00e1brega? El objetivo de los productores es llegar al fin del kirchnerismo con las empresas en funcionamiento y medianamente financiadas. La creencia es que una vez que se pongan los pies en la nueva era que inaugurar\u00e1 el pr\u00f3ximo gobierno las siete plagas que afectaron a la producci\u00f3n, como las retenciones, los Roes, los cupos, las intervenciones al mercado, los precios sugeridos, la presi\u00f3n impositiva y las exigencias de los reg\u00edmenes de informaci\u00f3n, se evaporar\u00e1n como un milagro b\u00edblico. Parte de esta creencia se sustenta en que casi todos los partidos y agrupaciones de la oposici\u00f3n abonan el cambio de las reglas de juego en la producci\u00f3n agropecuaria. Los radicales declararon meses atr\u00e1s en una reuni\u00f3n con la Mesa de Enlace que eliminar\u00e1n todas las retenciones. Mauricio Macri y Elisa Carri\u00f3 lo [&hellip;]<\/p>\n","protected":false},"author":2,"featured_media":2636,"comment_status":"closed","ping_status":"open","sticky":false,"template":"","format":"standard","meta":{"_acf_changed":false,"footnotes":""},"categories":[56],"tags":[],"class_list":["post-6149","post","type-post","status-publish","format-standard","has-post-thumbnail","hentry","category-infoganadero"],"acf":[],"yoast_head":"<!-- This site is optimized with the Yoast SEO plugin v27.4 - https:\/\/yoast.com\/product\/yoast-seo-wordpress\/ -->\n<title>El a\u00f1o 2015 y la falsa idea de que todos ser\u00e1n felices. | Proagro<\/title>\n<meta name=\"robots\" content=\"index, follow, max-snippet:-1, max-image-preview:large, max-video-preview:-1\" \/>\n<link rel=\"canonical\" href=\"https:\/\/proagrolab.com.ar\/en\/el-ano-2015-y-la-falsa-idea-de-que-todos-seran-felices\/\" \/>\n<meta property=\"og:locale\" content=\"en_US\" \/>\n<meta property=\"og:type\" content=\"article\" \/>\n<meta property=\"og:title\" content=\"El a\u00f1o 2015 y la falsa idea de que todos ser\u00e1n felices. | Proagro\" \/>\n<meta property=\"og:description\" content=\"Por F\u00e9lix Sammartino. El a\u00f1o 2015 se ha convertido en la tierra prometida para una buena parte de los productores. El &#8220;por suerte esto se acaba&#8221; es parte de cualquier charla dedicada a repasar las decepciones actuales a las que se sum\u00f3 el desconcierto que provoc\u00f3 en la semana el salto del d\u00f3lar blue. \u00bfSe quebrar\u00e1 la pax cambiaria conseguida por el presidente del Banco Central, Juan Carlos F\u00e1brega? El objetivo de los productores es llegar al fin del kirchnerismo con las empresas en funcionamiento y medianamente financiadas. La creencia es que una vez que se pongan los pies en la nueva era que inaugurar\u00e1 el pr\u00f3ximo gobierno las siete plagas que afectaron a la producci\u00f3n, como las retenciones, los Roes, los cupos, las intervenciones al mercado, los precios sugeridos, la presi\u00f3n impositiva y las exigencias de los reg\u00edmenes de informaci\u00f3n, se evaporar\u00e1n como un milagro b\u00edblico. Parte de esta creencia se sustenta en que casi todos los partidos y agrupaciones de la oposici\u00f3n abonan el cambio de las reglas de juego en la producci\u00f3n agropecuaria. Los radicales declararon meses atr\u00e1s en una reuni\u00f3n con la Mesa de Enlace que eliminar\u00e1n todas las retenciones. Mauricio Macri y Elisa Carri\u00f3 lo [&hellip;]\" \/>\n<meta property=\"og:url\" content=\"https:\/\/proagrolab.com.ar\/el-ano-2015-y-la-falsa-idea-de-que-todos-seran-felices\/\" \/>\n<meta property=\"og:site_name\" content=\"Proagro\" \/>\n<meta property=\"article:publisher\" content=\"http:\/\/www.facebook.com\/proagrolab\" \/>\n<meta property=\"article:published_time\" content=\"2014-05-26T00:00:01+00:00\" \/>\n<meta property=\"article:modified_time\" content=\"2020-07-01T19:33:26+00:00\" \/>\n<meta property=\"og:image\" content=\"https:\/\/proagrolab.com.ar\/wp-content\/uploads\/2015\/01\/g_jqruaygpk__Vacas-12.jpg\" \/>\n\t<meta property=\"og:image:width\" content=\"450\" \/>\n\t<meta property=\"og:image:height\" content=\"208\" \/>\n\t<meta property=\"og:image:type\" content=\"image\/jpeg\" \/>\n<meta name=\"author\" content=\"proagrolab\" \/>\n<meta name=\"twitter:card\" content=\"summary_large_image\" \/>\n<meta name=\"twitter:label1\" content=\"Written by\" \/>\n\t<meta name=\"twitter:data1\" content=\"proagrolab\" \/>\n\t<meta name=\"twitter:label2\" content=\"Est. reading time\" \/>\n\t<meta name=\"twitter:data2\" content=\"4 minutes\" \/>\n<script type=\"application\/ld+json\" class=\"yoast-schema-graph\">{\"@context\":\"https:\\\/\\\/schema.org\",\"@graph\":[{\"@type\":\"Article\",\"@id\":\"https:\\\/\\\/proagrolab.com.ar\\\/el-ano-2015-y-la-falsa-idea-de-que-todos-seran-felices\\\/#article\",\"isPartOf\":{\"@id\":\"https:\\\/\\\/proagrolab.com.ar\\\/el-ano-2015-y-la-falsa-idea-de-que-todos-seran-felices\\\/\"},\"author\":{\"name\":\"proagrolab\",\"@id\":\"https:\\\/\\\/proagrolab.com.ar\\\/#\\\/schema\\\/person\\\/38003ff90bf80381f71c7d922d207444\"},\"headline\":\"El a\u00f1o 2015 y la falsa idea de que todos ser\u00e1n felices.\",\"datePublished\":\"2014-05-26T00:00:01+00:00\",\"dateModified\":\"2020-07-01T19:33:26+00:00\",\"mainEntityOfPage\":{\"@id\":\"https:\\\/\\\/proagrolab.com.ar\\\/el-ano-2015-y-la-falsa-idea-de-que-todos-seran-felices\\\/\"},\"wordCount\":736,\"publisher\":{\"@id\":\"https:\\\/\\\/proagrolab.com.ar\\\/#organization\"},\"image\":{\"@id\":\"https:\\\/\\\/proagrolab.com.ar\\\/el-ano-2015-y-la-falsa-idea-de-que-todos-seran-felices\\\/#primaryimage\"},\"thumbnailUrl\":\"https:\\\/\\\/proagrolab.com.ar\\\/wp-content\\\/uploads\\\/2015\\\/01\\\/g_jqruaygpk__Vacas-12.jpg\",\"articleSection\":[\"News\"],\"inLanguage\":\"en-US\"},{\"@type\":\"WebPage\",\"@id\":\"https:\\\/\\\/proagrolab.com.ar\\\/el-ano-2015-y-la-falsa-idea-de-que-todos-seran-felices\\\/\",\"url\":\"https:\\\/\\\/proagrolab.com.ar\\\/el-ano-2015-y-la-falsa-idea-de-que-todos-seran-felices\\\/\",\"name\":\"El a\u00f1o 2015 y la falsa idea de que todos ser\u00e1n felices. | Proagro\",\"isPartOf\":{\"@id\":\"https:\\\/\\\/proagrolab.com.ar\\\/#website\"},\"primaryImageOfPage\":{\"@id\":\"https:\\\/\\\/proagrolab.com.ar\\\/el-ano-2015-y-la-falsa-idea-de-que-todos-seran-felices\\\/#primaryimage\"},\"image\":{\"@id\":\"https:\\\/\\\/proagrolab.com.ar\\\/el-ano-2015-y-la-falsa-idea-de-que-todos-seran-felices\\\/#primaryimage\"},\"thumbnailUrl\":\"https:\\\/\\\/proagrolab.com.ar\\\/wp-content\\\/uploads\\\/2015\\\/01\\\/g_jqruaygpk__Vacas-12.jpg\",\"datePublished\":\"2014-05-26T00:00:01+00:00\",\"dateModified\":\"2020-07-01T19:33:26+00:00\",\"breadcrumb\":{\"@id\":\"https:\\\/\\\/proagrolab.com.ar\\\/el-ano-2015-y-la-falsa-idea-de-que-todos-seran-felices\\\/#breadcrumb\"},\"inLanguage\":\"en-US\",\"potentialAction\":[{\"@type\":\"ReadAction\",\"target\":[\"https:\\\/\\\/proagrolab.com.ar\\\/el-ano-2015-y-la-falsa-idea-de-que-todos-seran-felices\\\/\"]}]},{\"@type\":\"ImageObject\",\"inLanguage\":\"en-US\",\"@id\":\"https:\\\/\\\/proagrolab.com.ar\\\/el-ano-2015-y-la-falsa-idea-de-que-todos-seran-felices\\\/#primaryimage\",\"url\":\"https:\\\/\\\/proagrolab.com.ar\\\/wp-content\\\/uploads\\\/2015\\\/01\\\/g_jqruaygpk__Vacas-12.jpg\",\"contentUrl\":\"https:\\\/\\\/proagrolab.com.ar\\\/wp-content\\\/uploads\\\/2015\\\/01\\\/g_jqruaygpk__Vacas-12.jpg\",\"width\":450,\"height\":208},{\"@type\":\"BreadcrumbList\",\"@id\":\"https:\\\/\\\/proagrolab.com.ar\\\/el-ano-2015-y-la-falsa-idea-de-que-todos-seran-felices\\\/#breadcrumb\",\"itemListElement\":[{\"@type\":\"ListItem\",\"position\":1,\"name\":\"Portada\",\"item\":\"https:\\\/\\\/proagrolab.com.ar\\\/\"},{\"@type\":\"ListItem\",\"position\":2,\"name\":\"El a\u00f1o 2015 y la falsa idea de que todos ser\u00e1n felices.\"}]},{\"@type\":\"WebSite\",\"@id\":\"https:\\\/\\\/proagrolab.com.ar\\\/#website\",\"url\":\"https:\\\/\\\/proagrolab.com.ar\\\/\",\"name\":\"Proagro Laboratorio Veterinario\",\"description\":\"Veterinary laboratory\",\"publisher\":{\"@id\":\"https:\\\/\\\/proagrolab.com.ar\\\/#organization\"},\"potentialAction\":[{\"@type\":\"SearchAction\",\"target\":{\"@type\":\"EntryPoint\",\"urlTemplate\":\"https:\\\/\\\/proagrolab.com.ar\\\/?s={search_term_string}\"},\"query-input\":{\"@type\":\"PropertyValueSpecification\",\"valueRequired\":true,\"valueName\":\"search_term_string\"}}],\"inLanguage\":\"en-US\"},{\"@type\":\"Organization\",\"@id\":\"https:\\\/\\\/proagrolab.com.ar\\\/#organization\",\"name\":\"Proagro\",\"url\":\"https:\\\/\\\/proagrolab.com.ar\\\/\",\"logo\":{\"@type\":\"ImageObject\",\"inLanguage\":\"en-US\",\"@id\":\"https:\\\/\\\/proagrolab.com.ar\\\/#\\\/schema\\\/logo\\\/image\\\/\",\"url\":\"https:\\\/\\\/proagrolab.com.ar\\\/wp-content\\\/uploads\\\/2020\\\/04\\\/logo-retina.png\",\"contentUrl\":\"https:\\\/\\\/proagrolab.com.ar\\\/wp-content\\\/uploads\\\/2020\\\/04\\\/logo-retina.png\",\"width\":478,\"height\":120,\"caption\":\"Proagro\"},\"image\":{\"@id\":\"https:\\\/\\\/proagrolab.com.ar\\\/#\\\/schema\\\/logo\\\/image\\\/\"},\"sameAs\":[\"http:\\\/\\\/www.facebook.com\\\/proagrolab\",\"https:\\\/\\\/www.instagram.com\\\/proagrolab\\\/\",\"https:\\\/\\\/www.linkedin.com\\\/company\\\/laboratorio-proagro-s-a\\\/\"]},{\"@type\":\"Person\",\"@id\":\"https:\\\/\\\/proagrolab.com.ar\\\/#\\\/schema\\\/person\\\/38003ff90bf80381f71c7d922d207444\",\"name\":\"proagrolab\"}]}<\/script>\n<!-- \/ Yoast SEO plugin. -->","yoast_head_json":{"title":"El a\u00f1o 2015 y la falsa idea de que todos ser\u00e1n felices. | Proagro","robots":{"index":"index","follow":"follow","max-snippet":"max-snippet:-1","max-image-preview":"max-image-preview:large","max-video-preview":"max-video-preview:-1"},"canonical":"https:\/\/proagrolab.com.ar\/en\/el-ano-2015-y-la-falsa-idea-de-que-todos-seran-felices\/","og_locale":"en_US","og_type":"article","og_title":"El a\u00f1o 2015 y la falsa idea de que todos ser\u00e1n felices. | Proagro","og_description":"Por F\u00e9lix Sammartino. El a\u00f1o 2015 se ha convertido en la tierra prometida para una buena parte de los productores. El &#8220;por suerte esto se acaba&#8221; es parte de cualquier charla dedicada a repasar las decepciones actuales a las que se sum\u00f3 el desconcierto que provoc\u00f3 en la semana el salto del d\u00f3lar blue. \u00bfSe quebrar\u00e1 la pax cambiaria conseguida por el presidente del Banco Central, Juan Carlos F\u00e1brega? El objetivo de los productores es llegar al fin del kirchnerismo con las empresas en funcionamiento y medianamente financiadas. La creencia es que una vez que se pongan los pies en la nueva era que inaugurar\u00e1 el pr\u00f3ximo gobierno las siete plagas que afectaron a la producci\u00f3n, como las retenciones, los Roes, los cupos, las intervenciones al mercado, los precios sugeridos, la presi\u00f3n impositiva y las exigencias de los reg\u00edmenes de informaci\u00f3n, se evaporar\u00e1n como un milagro b\u00edblico. Parte de esta creencia se sustenta en que casi todos los partidos y agrupaciones de la oposici\u00f3n abonan el cambio de las reglas de juego en la producci\u00f3n agropecuaria. Los radicales declararon meses atr\u00e1s en una reuni\u00f3n con la Mesa de Enlace que eliminar\u00e1n todas las retenciones. Mauricio Macri y Elisa Carri\u00f3 lo [&hellip;]","og_url":"https:\/\/proagrolab.com.ar\/el-ano-2015-y-la-falsa-idea-de-que-todos-seran-felices\/","og_site_name":"Proagro","article_publisher":"http:\/\/www.facebook.com\/proagrolab","article_published_time":"2014-05-26T00:00:01+00:00","article_modified_time":"2020-07-01T19:33:26+00:00","og_image":[{"width":450,"height":208,"url":"https:\/\/proagrolab.com.ar\/wp-content\/uploads\/2015\/01\/g_jqruaygpk__Vacas-12.jpg","type":"image\/jpeg"}],"author":"proagrolab","twitter_card":"summary_large_image","twitter_misc":{"Written by":"proagrolab","Est. reading time":"4 minutes"},"schema":{"@context":"https:\/\/schema.org","@graph":[{"@type":"Article","@id":"https:\/\/proagrolab.com.ar\/el-ano-2015-y-la-falsa-idea-de-que-todos-seran-felices\/#article","isPartOf":{"@id":"https:\/\/proagrolab.com.ar\/el-ano-2015-y-la-falsa-idea-de-que-todos-seran-felices\/"},"author":{"name":"proagrolab","@id":"https:\/\/proagrolab.com.ar\/#\/schema\/person\/38003ff90bf80381f71c7d922d207444"},"headline":"El a\u00f1o 2015 y la falsa idea de que todos ser\u00e1n felices.","datePublished":"2014-05-26T00:00:01+00:00","dateModified":"2020-07-01T19:33:26+00:00","mainEntityOfPage":{"@id":"https:\/\/proagrolab.com.ar\/el-ano-2015-y-la-falsa-idea-de-que-todos-seran-felices\/"},"wordCount":736,"publisher":{"@id":"https:\/\/proagrolab.com.ar\/#organization"},"image":{"@id":"https:\/\/proagrolab.com.ar\/el-ano-2015-y-la-falsa-idea-de-que-todos-seran-felices\/#primaryimage"},"thumbnailUrl":"https:\/\/proagrolab.com.ar\/wp-content\/uploads\/2015\/01\/g_jqruaygpk__Vacas-12.jpg","articleSection":["News"],"inLanguage":"en-US"},{"@type":"WebPage","@id":"https:\/\/proagrolab.com.ar\/el-ano-2015-y-la-falsa-idea-de-que-todos-seran-felices\/","url":"https:\/\/proagrolab.com.ar\/el-ano-2015-y-la-falsa-idea-de-que-todos-seran-felices\/","name":"El a\u00f1o 2015 y la falsa idea de que todos ser\u00e1n felices. | Proagro","isPartOf":{"@id":"https:\/\/proagrolab.com.ar\/#website"},"primaryImageOfPage":{"@id":"https:\/\/proagrolab.com.ar\/el-ano-2015-y-la-falsa-idea-de-que-todos-seran-felices\/#primaryimage"},"image":{"@id":"https:\/\/proagrolab.com.ar\/el-ano-2015-y-la-falsa-idea-de-que-todos-seran-felices\/#primaryimage"},"thumbnailUrl":"https:\/\/proagrolab.com.ar\/wp-content\/uploads\/2015\/01\/g_jqruaygpk__Vacas-12.jpg","datePublished":"2014-05-26T00:00:01+00:00","dateModified":"2020-07-01T19:33:26+00:00","breadcrumb":{"@id":"https:\/\/proagrolab.com.ar\/el-ano-2015-y-la-falsa-idea-de-que-todos-seran-felices\/#breadcrumb"},"inLanguage":"en-US","potentialAction":[{"@type":"ReadAction","target":["https:\/\/proagrolab.com.ar\/el-ano-2015-y-la-falsa-idea-de-que-todos-seran-felices\/"]}]},{"@type":"ImageObject","inLanguage":"en-US","@id":"https:\/\/proagrolab.com.ar\/el-ano-2015-y-la-falsa-idea-de-que-todos-seran-felices\/#primaryimage","url":"https:\/\/proagrolab.com.ar\/wp-content\/uploads\/2015\/01\/g_jqruaygpk__Vacas-12.jpg","contentUrl":"https:\/\/proagrolab.com.ar\/wp-content\/uploads\/2015\/01\/g_jqruaygpk__Vacas-12.jpg","width":450,"height":208},{"@type":"BreadcrumbList","@id":"https:\/\/proagrolab.com.ar\/el-ano-2015-y-la-falsa-idea-de-que-todos-seran-felices\/#breadcrumb","itemListElement":[{"@type":"ListItem","position":1,"name":"Portada","item":"https:\/\/proagrolab.com.ar\/"},{"@type":"ListItem","position":2,"name":"El a\u00f1o 2015 y la falsa idea de que todos ser\u00e1n felices."}]},{"@type":"WebSite","@id":"https:\/\/proagrolab.com.ar\/#website","url":"https:\/\/proagrolab.com.ar\/","name":"Proagro Laboratorio Veterinario","description":"Veterinary laboratory","publisher":{"@id":"https:\/\/proagrolab.com.ar\/#organization"},"potentialAction":[{"@type":"SearchAction","target":{"@type":"EntryPoint","urlTemplate":"https:\/\/proagrolab.com.ar\/?s={search_term_string}"},"query-input":{"@type":"PropertyValueSpecification","valueRequired":true,"valueName":"search_term_string"}}],"inLanguage":"en-US"},{"@type":"Organization","@id":"https:\/\/proagrolab.com.ar\/#organization","name":"Proagro","url":"https:\/\/proagrolab.com.ar\/","logo":{"@type":"ImageObject","inLanguage":"en-US","@id":"https:\/\/proagrolab.com.ar\/#\/schema\/logo\/image\/","url":"https:\/\/proagrolab.com.ar\/wp-content\/uploads\/2020\/04\/logo-retina.png","contentUrl":"https:\/\/proagrolab.com.ar\/wp-content\/uploads\/2020\/04\/logo-retina.png","width":478,"height":120,"caption":"Proagro"},"image":{"@id":"https:\/\/proagrolab.com.ar\/#\/schema\/logo\/image\/"},"sameAs":["http:\/\/www.facebook.com\/proagrolab","https:\/\/www.instagram.com\/proagrolab\/","https:\/\/www.linkedin.com\/company\/laboratorio-proagro-s-a\/"]},{"@type":"Person","@id":"https:\/\/proagrolab.com.ar\/#\/schema\/person\/38003ff90bf80381f71c7d922d207444","name":"proagrolab"}]}},"_links":{"self":[{"href":"https:\/\/proagrolab.com.ar\/en\/wp-json\/wp\/v2\/posts\/6149","targetHints":{"allow":["GET"]}}],"collection":[{"href":"https:\/\/proagrolab.com.ar\/en\/wp-json\/wp\/v2\/posts"}],"about":[{"href":"https:\/\/proagrolab.com.ar\/en\/wp-json\/wp\/v2\/types\/post"}],"author":[{"embeddable":true,"href":"https:\/\/proagrolab.com.ar\/en\/wp-json\/wp\/v2\/users\/2"}],"replies":[{"embeddable":true,"href":"https:\/\/proagrolab.com.ar\/en\/wp-json\/wp\/v2\/comments?post=6149"}],"version-history":[{"count":1,"href":"https:\/\/proagrolab.com.ar\/en\/wp-json\/wp\/v2\/posts\/6149\/revisions"}],"predecessor-version":[{"id":14454,"href":"https:\/\/proagrolab.com.ar\/en\/wp-json\/wp\/v2\/posts\/6149\/revisions\/14454"}],"wp:featuredmedia":[{"embeddable":true,"href":"https:\/\/proagrolab.com.ar\/en\/wp-json\/wp\/v2\/media\/2636"}],"wp:attachment":[{"href":"https:\/\/proagrolab.com.ar\/en\/wp-json\/wp\/v2\/media?parent=6149"}],"wp:term":[{"taxonomy":"category","embeddable":true,"href":"https:\/\/proagrolab.com.ar\/en\/wp-json\/wp\/v2\/categories?post=6149"},{"taxonomy":"post_tag","embeddable":true,"href":"https:\/\/proagrolab.com.ar\/en\/wp-json\/wp\/v2\/tags?post=6149"}],"curies":[{"name":"wp","href":"https:\/\/api.w.org\/{rel}","templated":true}]}}