{"id":6146,"date":"2014-05-23T00:00:01","date_gmt":"2014-05-23T00:00:01","guid":{"rendered":"https:\/\/proagrolab.com.ar\/limousin-%c2%93esta-raza-es-una-de-las-grandes-estrellas-del-pais-en-condiciones-carniceras%c2%94\/"},"modified":"2020-07-01T19:37:28","modified_gmt":"2020-07-01T19:37:28","slug":"limousin-%c2%93esta-raza-es-una-de-las-grandes-estrellas-del-pais-en-condiciones-carniceras%c2%94","status":"publish","type":"post","link":"https:\/\/proagrolab.com.ar\/en\/limousin-%c2%93esta-raza-es-una-de-las-grandes-estrellas-del-pais-en-condiciones-carniceras%c2%94\/","title":{"rendered":"Limousin: \u0093Esta raza es una de las grandes estrellas del pa\u00eds en condiciones carniceras\u0094."},"content":{"rendered":"<p class=\"qtranxs-available-languages-message qtranxs-available-languages-message-en\"> <\/p><p>As\u00ed lo afirm\u00f3 Carlos Ojea Rulli\u00e1n, quien fue el encargado de las Juras de la raza.<\/p>\n<p>Con una trayectoria de m\u00e1s de 35 a\u00f1os jurando m\u00e1s de siete razas, en varios pa\u00edses del mundo, Ojea Rulli\u00e1n afirm\u00f3 que la raza en nuestro pa\u00eds \u0093est\u00e1 por un camino muy bueno\u0094. \u0093Me qued\u00e9 muy impresionado con la exposici\u00f3n en general, la cantidad y la calidad de animales\u0094, expres\u00f3.<\/p>\n<p>En Limousin, \u0093Argentina est\u00e1 muy bien posicionada, est\u00e1 creciendo. Est\u00e1 saliendo de ese Limousin europeo que ten\u00eda antes. Ha pasado de un animal excesivo en m\u00fasculos y con algunos problemas estructurales, a un animal mucho m\u00e1s funcional y m\u00e1s intermedio\u0094, asegur\u00f3 Rulli\u00e1n, y agreg\u00f3: \u0093Me impact\u00f3 muy bien lo que vi en esta exposici\u00f3n, ese tipo de animal Limousin argentino que es un punto intermedio entre el americano y el europeo.&nbsp; Est\u00e1 tomando su propia identidad\u0094.<\/p>\n<p>Luego, el especialista asegur\u00f3 que la raza est\u00e1 \u0093muy bien estabilizada, hay animales con muy buena calidad racial, muy moderados, muy equilibrados, con muy buenas masas musculares, con buenos movimientos. Animales que el productor puede comprar y usarlos en el campo para obtener muy buenos beneficios a nivel productivo\u0094.<\/p>\n<p>Adem\u00e1s, luego de nombrar los Grandes Campeones, tanto en machos como en hembras, Ojea Rulli\u00e1n, aconsej\u00f3 a los Caba\u00f1eros: \u0093No hay nada mejor para un criador que buscar equilibrio y balance en la produccion, traten de mover la raza para ese lado. Trabajar un poquito m\u00e1s sobre la habilidad materna y sobre la estructura de ubre. Creo que es muy importante que las razas de carne no sean razas lecheras, pero que tengan la cantidad de leche suficiente para criar bien a sus terneros, y que tengan la funcionalidad de ubre para ser longevas y criar por muchos a\u00f1os. Nunca se olvidad que esta actividad tiene dos factores de selecci\u00f3n que tiene de gran impacto econ\u00f3mico: n\u00ba 1 la fertilidad, n\u00ba2 la longevidad\u0094.<\/p>\n<p>Con respecto a los machos, dijo: \u0093Creo que tambi\u00e9n tienen que poner \u00e9nfasis en el incremente de las circunferencias escrotales, pero s\u00e9 que desde la Asociaci\u00f3n se est\u00e1 trabajando sobre esto\u0094. <\/p>\n<p><i>Resultados de las Juras de Limousin<\/i><br \/>Gran Campe\u00f3n Macho, box XG 1025, de Caba\u00f1a Don Federico, de M\u00f3nica Schmale de Luchessi<br \/>Reservado Gran Campe\u00f3n Macho, Box XG 985, de Caba\u00f1a Don Federico, de M\u00f3nica Schmale de Luchessi<br \/>Gran Campe\u00f3n Hembra, box XG 1004, de Caba\u00f1a Don Federico, de M\u00f3nica Schmale de Luchessi<br \/>Reservado Gran Campe\u00f3n Hembra, Box G 1062, de Caba\u00f1a Don Federico, de M\u00f3nica Schmale de Luchessi<\/p>\n<p><i>Lotes Machos:<\/i><br \/>Gran Campe\u00f3n, corral 83, de Caba\u00f1a Don Federico, de M\u00f3nica Schmale de Luchessi<br \/>Reservado Gran Campe\u00f3n, corral 104, de Caba\u00f1a La Juana, de Quesada e Hijos S.A.<\/p>\n<p><i>Lotes Hembras:<\/i><br \/>Gran Campe\u00f3n, corral 86, de Caba\u00f1a Los Omb\u00faes, de Maminaike S.A.<br \/>Reservado Gran Campe\u00f3n, corral 80, de Caba\u00f1a Don Federico, de M\u00f3nica Schmale de Luchessi<\/p>\n<p>Fuente: Prensa La Naci\u00f3n Ganadera, 22 de mayo.<br \/><\/p>","protected":false},"excerpt":{"rendered":"<p>As\u00ed lo afirm\u00f3 Carlos Ojea Rulli\u00e1n, quien fue el encargado de las Juras de la raza. Con una trayectoria de m\u00e1s de 35 a\u00f1os jurando m\u00e1s de siete razas, en varios pa\u00edses del mundo, Ojea Rulli\u00e1n afirm\u00f3 que la raza en nuestro pa\u00eds \u0093est\u00e1 por un camino muy bueno\u0094. \u0093Me qued\u00e9 muy impresionado con la exposici\u00f3n en general, la cantidad y la calidad de animales\u0094, expres\u00f3. En Limousin, \u0093Argentina est\u00e1 muy bien posicionada, est\u00e1 creciendo. Est\u00e1 saliendo de ese Limousin europeo que ten\u00eda antes. Ha pasado de un animal excesivo en m\u00fasculos y con algunos problemas estructurales, a un animal mucho m\u00e1s funcional y m\u00e1s intermedio\u0094, asegur\u00f3 Rulli\u00e1n, y agreg\u00f3: \u0093Me impact\u00f3 muy bien lo que vi en esta exposici\u00f3n, ese tipo de animal Limousin argentino que es un punto intermedio entre el americano y el europeo.&nbsp; Est\u00e1 tomando su propia identidad\u0094. Luego, el especialista asegur\u00f3 que la raza est\u00e1 \u0093muy bien estabilizada, hay animales con muy buena calidad racial, muy moderados, muy equilibrados, con muy buenas masas musculares, con buenos movimientos. Animales que el productor puede comprar y usarlos en el campo para obtener muy buenos beneficios a nivel productivo\u0094. Adem\u00e1s, luego de nombrar los Grandes Campeones, tanto en [&hellip;]<\/p>\n","protected":false},"author":2,"featured_media":2633,"comment_status":"closed","ping_status":"open","sticky":false,"template":"","format":"standard","meta":{"_acf_changed":false,"footnotes":""},"categories":[56],"tags":[],"class_list":["post-6146","post","type-post","status-publish","format-standard","has-post-thumbnail","hentry","category-infoganadero"],"acf":[],"yoast_head":"<!-- This site is optimized with the Yoast SEO plugin v27.4 - https:\/\/yoast.com\/product\/yoast-seo-wordpress\/ -->\n<title>Limousin: \u0093Esta raza es una de las grandes estrellas del pa\u00eds en condiciones carniceras\u0094. | Proagro<\/title>\n<meta name=\"robots\" content=\"index, follow, max-snippet:-1, max-image-preview:large, max-video-preview:-1\" \/>\n<link rel=\"canonical\" href=\"https:\/\/proagrolab.com.ar\/en\/limousin-\u0093esta-raza-es-una-de-las-grandes-estrellas-del-pais-en-condiciones-carniceras\u0094\/\" \/>\n<meta property=\"og:locale\" content=\"en_US\" \/>\n<meta property=\"og:type\" content=\"article\" \/>\n<meta property=\"og:title\" content=\"Limousin: \u0093Esta raza es una de las grandes estrellas del pa\u00eds en condiciones carniceras\u0094. | Proagro\" \/>\n<meta property=\"og:description\" content=\"As\u00ed lo afirm\u00f3 Carlos Ojea Rulli\u00e1n, quien fue el encargado de las Juras de la raza. Con una trayectoria de m\u00e1s de 35 a\u00f1os jurando m\u00e1s de siete razas, en varios pa\u00edses del mundo, Ojea Rulli\u00e1n afirm\u00f3 que la raza en nuestro pa\u00eds \u0093est\u00e1 por un camino muy bueno\u0094. \u0093Me qued\u00e9 muy impresionado con la exposici\u00f3n en general, la cantidad y la calidad de animales\u0094, expres\u00f3. En Limousin, \u0093Argentina est\u00e1 muy bien posicionada, est\u00e1 creciendo. Est\u00e1 saliendo de ese Limousin europeo que ten\u00eda antes. Ha pasado de un animal excesivo en m\u00fasculos y con algunos problemas estructurales, a un animal mucho m\u00e1s funcional y m\u00e1s intermedio\u0094, asegur\u00f3 Rulli\u00e1n, y agreg\u00f3: \u0093Me impact\u00f3 muy bien lo que vi en esta exposici\u00f3n, ese tipo de animal Limousin argentino que es un punto intermedio entre el americano y el europeo.&nbsp; Est\u00e1 tomando su propia identidad\u0094. Luego, el especialista asegur\u00f3 que la raza est\u00e1 \u0093muy bien estabilizada, hay animales con muy buena calidad racial, muy moderados, muy equilibrados, con muy buenas masas musculares, con buenos movimientos. Animales que el productor puede comprar y usarlos en el campo para obtener muy buenos beneficios a nivel productivo\u0094. Adem\u00e1s, luego de nombrar los Grandes Campeones, tanto en [&hellip;]\" \/>\n<meta property=\"og:url\" content=\"https:\/\/proagrolab.com.ar\/limousin-\u0093esta-raza-es-una-de-las-grandes-estrellas-del-pais-en-condiciones-carniceras\u0094\/\" \/>\n<meta property=\"og:site_name\" content=\"Proagro\" \/>\n<meta property=\"article:publisher\" content=\"http:\/\/www.facebook.com\/proagrolab\" \/>\n<meta property=\"article:published_time\" content=\"2014-05-23T00:00:01+00:00\" \/>\n<meta property=\"article:modified_time\" content=\"2020-07-01T19:37:28+00:00\" \/>\n<meta property=\"og:image\" content=\"https:\/\/proagrolab.com.ar\/wp-content\/uploads\/2015\/01\/g_946eujx47__Limousin-1.jpg\" \/>\n\t<meta property=\"og:image:width\" content=\"450\" \/>\n\t<meta property=\"og:image:height\" content=\"208\" \/>\n\t<meta property=\"og:image:type\" content=\"image\/jpeg\" \/>\n<meta name=\"author\" content=\"proagrolab\" \/>\n<meta name=\"twitter:card\" content=\"summary_large_image\" \/>\n<meta name=\"twitter:label1\" content=\"Written by\" \/>\n\t<meta name=\"twitter:data1\" content=\"proagrolab\" \/>\n\t<meta name=\"twitter:label2\" content=\"Est. reading time\" \/>\n\t<meta name=\"twitter:data2\" content=\"3 minutes\" \/>\n<script type=\"application\/ld+json\" class=\"yoast-schema-graph\">{\"@context\":\"https:\\\/\\\/schema.org\",\"@graph\":[{\"@type\":\"Article\",\"@id\":\"https:\\\/\\\/proagrolab.com.ar\\\/limousin-%c2%93esta-raza-es-una-de-las-grandes-estrellas-del-pais-en-condiciones-carniceras%c2%94\\\/#article\",\"isPartOf\":{\"@id\":\"https:\\\/\\\/proagrolab.com.ar\\\/limousin-%c2%93esta-raza-es-una-de-las-grandes-estrellas-del-pais-en-condiciones-carniceras%c2%94\\\/\"},\"author\":{\"name\":\"proagrolab\",\"@id\":\"https:\\\/\\\/proagrolab.com.ar\\\/#\\\/schema\\\/person\\\/38003ff90bf80381f71c7d922d207444\"},\"headline\":\"Limousin: \u0093Esta raza es una de las grandes estrellas del pa\u00eds en condiciones carniceras\u0094.\",\"datePublished\":\"2014-05-23T00:00:01+00:00\",\"dateModified\":\"2020-07-01T19:37:28+00:00\",\"mainEntityOfPage\":{\"@id\":\"https:\\\/\\\/proagrolab.com.ar\\\/limousin-%c2%93esta-raza-es-una-de-las-grandes-estrellas-del-pais-en-condiciones-carniceras%c2%94\\\/\"},\"wordCount\":527,\"publisher\":{\"@id\":\"https:\\\/\\\/proagrolab.com.ar\\\/#organization\"},\"image\":{\"@id\":\"https:\\\/\\\/proagrolab.com.ar\\\/limousin-%c2%93esta-raza-es-una-de-las-grandes-estrellas-del-pais-en-condiciones-carniceras%c2%94\\\/#primaryimage\"},\"thumbnailUrl\":\"https:\\\/\\\/proagrolab.com.ar\\\/wp-content\\\/uploads\\\/2015\\\/01\\\/g_946eujx47__Limousin-1.jpg\",\"articleSection\":[\"News\"],\"inLanguage\":\"en-US\"},{\"@type\":\"WebPage\",\"@id\":\"https:\\\/\\\/proagrolab.com.ar\\\/limousin-%c2%93esta-raza-es-una-de-las-grandes-estrellas-del-pais-en-condiciones-carniceras%c2%94\\\/\",\"url\":\"https:\\\/\\\/proagrolab.com.ar\\\/limousin-%c2%93esta-raza-es-una-de-las-grandes-estrellas-del-pais-en-condiciones-carniceras%c2%94\\\/\",\"name\":\"Limousin: \u0093Esta raza es una de las grandes estrellas del pa\u00eds en condiciones carniceras\u0094. | Proagro\",\"isPartOf\":{\"@id\":\"https:\\\/\\\/proagrolab.com.ar\\\/#website\"},\"primaryImageOfPage\":{\"@id\":\"https:\\\/\\\/proagrolab.com.ar\\\/limousin-%c2%93esta-raza-es-una-de-las-grandes-estrellas-del-pais-en-condiciones-carniceras%c2%94\\\/#primaryimage\"},\"image\":{\"@id\":\"https:\\\/\\\/proagrolab.com.ar\\\/limousin-%c2%93esta-raza-es-una-de-las-grandes-estrellas-del-pais-en-condiciones-carniceras%c2%94\\\/#primaryimage\"},\"thumbnailUrl\":\"https:\\\/\\\/proagrolab.com.ar\\\/wp-content\\\/uploads\\\/2015\\\/01\\\/g_946eujx47__Limousin-1.jpg\",\"datePublished\":\"2014-05-23T00:00:01+00:00\",\"dateModified\":\"2020-07-01T19:37:28+00:00\",\"breadcrumb\":{\"@id\":\"https:\\\/\\\/proagrolab.com.ar\\\/limousin-%c2%93esta-raza-es-una-de-las-grandes-estrellas-del-pais-en-condiciones-carniceras%c2%94\\\/#breadcrumb\"},\"inLanguage\":\"en-US\",\"potentialAction\":[{\"@type\":\"ReadAction\",\"target\":[\"https:\\\/\\\/proagrolab.com.ar\\\/limousin-%c2%93esta-raza-es-una-de-las-grandes-estrellas-del-pais-en-condiciones-carniceras%c2%94\\\/\"]}]},{\"@type\":\"ImageObject\",\"inLanguage\":\"en-US\",\"@id\":\"https:\\\/\\\/proagrolab.com.ar\\\/limousin-%c2%93esta-raza-es-una-de-las-grandes-estrellas-del-pais-en-condiciones-carniceras%c2%94\\\/#primaryimage\",\"url\":\"https:\\\/\\\/proagrolab.com.ar\\\/wp-content\\\/uploads\\\/2015\\\/01\\\/g_946eujx47__Limousin-1.jpg\",\"contentUrl\":\"https:\\\/\\\/proagrolab.com.ar\\\/wp-content\\\/uploads\\\/2015\\\/01\\\/g_946eujx47__Limousin-1.jpg\",\"width\":450,\"height\":208},{\"@type\":\"BreadcrumbList\",\"@id\":\"https:\\\/\\\/proagrolab.com.ar\\\/limousin-%c2%93esta-raza-es-una-de-las-grandes-estrellas-del-pais-en-condiciones-carniceras%c2%94\\\/#breadcrumb\",\"itemListElement\":[{\"@type\":\"ListItem\",\"position\":1,\"name\":\"Portada\",\"item\":\"https:\\\/\\\/proagrolab.com.ar\\\/\"},{\"@type\":\"ListItem\",\"position\":2,\"name\":\"Limousin: \u0093Esta raza es una de las grandes estrellas del pa\u00eds en condiciones carniceras\u0094.\"}]},{\"@type\":\"WebSite\",\"@id\":\"https:\\\/\\\/proagrolab.com.ar\\\/#website\",\"url\":\"https:\\\/\\\/proagrolab.com.ar\\\/\",\"name\":\"Proagro Laboratorio Veterinario\",\"description\":\"Veterinary laboratory\",\"publisher\":{\"@id\":\"https:\\\/\\\/proagrolab.com.ar\\\/#organization\"},\"potentialAction\":[{\"@type\":\"SearchAction\",\"target\":{\"@type\":\"EntryPoint\",\"urlTemplate\":\"https:\\\/\\\/proagrolab.com.ar\\\/?s={search_term_string}\"},\"query-input\":{\"@type\":\"PropertyValueSpecification\",\"valueRequired\":true,\"valueName\":\"search_term_string\"}}],\"inLanguage\":\"en-US\"},{\"@type\":\"Organization\",\"@id\":\"https:\\\/\\\/proagrolab.com.ar\\\/#organization\",\"name\":\"Proagro\",\"url\":\"https:\\\/\\\/proagrolab.com.ar\\\/\",\"logo\":{\"@type\":\"ImageObject\",\"inLanguage\":\"en-US\",\"@id\":\"https:\\\/\\\/proagrolab.com.ar\\\/#\\\/schema\\\/logo\\\/image\\\/\",\"url\":\"https:\\\/\\\/proagrolab.com.ar\\\/wp-content\\\/uploads\\\/2020\\\/04\\\/logo-retina.png\",\"contentUrl\":\"https:\\\/\\\/proagrolab.com.ar\\\/wp-content\\\/uploads\\\/2020\\\/04\\\/logo-retina.png\",\"width\":478,\"height\":120,\"caption\":\"Proagro\"},\"image\":{\"@id\":\"https:\\\/\\\/proagrolab.com.ar\\\/#\\\/schema\\\/logo\\\/image\\\/\"},\"sameAs\":[\"http:\\\/\\\/www.facebook.com\\\/proagrolab\",\"https:\\\/\\\/www.instagram.com\\\/proagrolab\\\/\",\"https:\\\/\\\/www.linkedin.com\\\/company\\\/laboratorio-proagro-s-a\\\/\"]},{\"@type\":\"Person\",\"@id\":\"https:\\\/\\\/proagrolab.com.ar\\\/#\\\/schema\\\/person\\\/38003ff90bf80381f71c7d922d207444\",\"name\":\"proagrolab\"}]}<\/script>\n<!-- \/ Yoast SEO plugin. -->","yoast_head_json":{"title":"Limousin: \u0093Esta raza es una de las grandes estrellas del pa\u00eds en condiciones carniceras\u0094. | Proagro","robots":{"index":"index","follow":"follow","max-snippet":"max-snippet:-1","max-image-preview":"max-image-preview:large","max-video-preview":"max-video-preview:-1"},"canonical":"https:\/\/proagrolab.com.ar\/en\/limousin-\u0093esta-raza-es-una-de-las-grandes-estrellas-del-pais-en-condiciones-carniceras\u0094\/","og_locale":"en_US","og_type":"article","og_title":"Limousin: \u0093Esta raza es una de las grandes estrellas del pa\u00eds en condiciones carniceras\u0094. | Proagro","og_description":"As\u00ed lo afirm\u00f3 Carlos Ojea Rulli\u00e1n, quien fue el encargado de las Juras de la raza. Con una trayectoria de m\u00e1s de 35 a\u00f1os jurando m\u00e1s de siete razas, en varios pa\u00edses del mundo, Ojea Rulli\u00e1n afirm\u00f3 que la raza en nuestro pa\u00eds \u0093est\u00e1 por un camino muy bueno\u0094. \u0093Me qued\u00e9 muy impresionado con la exposici\u00f3n en general, la cantidad y la calidad de animales\u0094, expres\u00f3. En Limousin, \u0093Argentina est\u00e1 muy bien posicionada, est\u00e1 creciendo. Est\u00e1 saliendo de ese Limousin europeo que ten\u00eda antes. Ha pasado de un animal excesivo en m\u00fasculos y con algunos problemas estructurales, a un animal mucho m\u00e1s funcional y m\u00e1s intermedio\u0094, asegur\u00f3 Rulli\u00e1n, y agreg\u00f3: \u0093Me impact\u00f3 muy bien lo que vi en esta exposici\u00f3n, ese tipo de animal Limousin argentino que es un punto intermedio entre el americano y el europeo.&nbsp; Est\u00e1 tomando su propia identidad\u0094. Luego, el especialista asegur\u00f3 que la raza est\u00e1 \u0093muy bien estabilizada, hay animales con muy buena calidad racial, muy moderados, muy equilibrados, con muy buenas masas musculares, con buenos movimientos. Animales que el productor puede comprar y usarlos en el campo para obtener muy buenos beneficios a nivel productivo\u0094. Adem\u00e1s, luego de nombrar los Grandes Campeones, tanto en [&hellip;]","og_url":"https:\/\/proagrolab.com.ar\/limousin-\u0093esta-raza-es-una-de-las-grandes-estrellas-del-pais-en-condiciones-carniceras\u0094\/","og_site_name":"Proagro","article_publisher":"http:\/\/www.facebook.com\/proagrolab","article_published_time":"2014-05-23T00:00:01+00:00","article_modified_time":"2020-07-01T19:37:28+00:00","og_image":[{"width":450,"height":208,"url":"https:\/\/proagrolab.com.ar\/wp-content\/uploads\/2015\/01\/g_946eujx47__Limousin-1.jpg","type":"image\/jpeg"}],"author":"proagrolab","twitter_card":"summary_large_image","twitter_misc":{"Written by":"proagrolab","Est. reading time":"3 minutes"},"schema":{"@context":"https:\/\/schema.org","@graph":[{"@type":"Article","@id":"https:\/\/proagrolab.com.ar\/limousin-%c2%93esta-raza-es-una-de-las-grandes-estrellas-del-pais-en-condiciones-carniceras%c2%94\/#article","isPartOf":{"@id":"https:\/\/proagrolab.com.ar\/limousin-%c2%93esta-raza-es-una-de-las-grandes-estrellas-del-pais-en-condiciones-carniceras%c2%94\/"},"author":{"name":"proagrolab","@id":"https:\/\/proagrolab.com.ar\/#\/schema\/person\/38003ff90bf80381f71c7d922d207444"},"headline":"Limousin: \u0093Esta raza es una de las grandes estrellas del pa\u00eds en condiciones carniceras\u0094.","datePublished":"2014-05-23T00:00:01+00:00","dateModified":"2020-07-01T19:37:28+00:00","mainEntityOfPage":{"@id":"https:\/\/proagrolab.com.ar\/limousin-%c2%93esta-raza-es-una-de-las-grandes-estrellas-del-pais-en-condiciones-carniceras%c2%94\/"},"wordCount":527,"publisher":{"@id":"https:\/\/proagrolab.com.ar\/#organization"},"image":{"@id":"https:\/\/proagrolab.com.ar\/limousin-%c2%93esta-raza-es-una-de-las-grandes-estrellas-del-pais-en-condiciones-carniceras%c2%94\/#primaryimage"},"thumbnailUrl":"https:\/\/proagrolab.com.ar\/wp-content\/uploads\/2015\/01\/g_946eujx47__Limousin-1.jpg","articleSection":["News"],"inLanguage":"en-US"},{"@type":"WebPage","@id":"https:\/\/proagrolab.com.ar\/limousin-%c2%93esta-raza-es-una-de-las-grandes-estrellas-del-pais-en-condiciones-carniceras%c2%94\/","url":"https:\/\/proagrolab.com.ar\/limousin-%c2%93esta-raza-es-una-de-las-grandes-estrellas-del-pais-en-condiciones-carniceras%c2%94\/","name":"Limousin: \u0093Esta raza es una de las grandes estrellas del pa\u00eds en condiciones carniceras\u0094. | Proagro","isPartOf":{"@id":"https:\/\/proagrolab.com.ar\/#website"},"primaryImageOfPage":{"@id":"https:\/\/proagrolab.com.ar\/limousin-%c2%93esta-raza-es-una-de-las-grandes-estrellas-del-pais-en-condiciones-carniceras%c2%94\/#primaryimage"},"image":{"@id":"https:\/\/proagrolab.com.ar\/limousin-%c2%93esta-raza-es-una-de-las-grandes-estrellas-del-pais-en-condiciones-carniceras%c2%94\/#primaryimage"},"thumbnailUrl":"https:\/\/proagrolab.com.ar\/wp-content\/uploads\/2015\/01\/g_946eujx47__Limousin-1.jpg","datePublished":"2014-05-23T00:00:01+00:00","dateModified":"2020-07-01T19:37:28+00:00","breadcrumb":{"@id":"https:\/\/proagrolab.com.ar\/limousin-%c2%93esta-raza-es-una-de-las-grandes-estrellas-del-pais-en-condiciones-carniceras%c2%94\/#breadcrumb"},"inLanguage":"en-US","potentialAction":[{"@type":"ReadAction","target":["https:\/\/proagrolab.com.ar\/limousin-%c2%93esta-raza-es-una-de-las-grandes-estrellas-del-pais-en-condiciones-carniceras%c2%94\/"]}]},{"@type":"ImageObject","inLanguage":"en-US","@id":"https:\/\/proagrolab.com.ar\/limousin-%c2%93esta-raza-es-una-de-las-grandes-estrellas-del-pais-en-condiciones-carniceras%c2%94\/#primaryimage","url":"https:\/\/proagrolab.com.ar\/wp-content\/uploads\/2015\/01\/g_946eujx47__Limousin-1.jpg","contentUrl":"https:\/\/proagrolab.com.ar\/wp-content\/uploads\/2015\/01\/g_946eujx47__Limousin-1.jpg","width":450,"height":208},{"@type":"BreadcrumbList","@id":"https:\/\/proagrolab.com.ar\/limousin-%c2%93esta-raza-es-una-de-las-grandes-estrellas-del-pais-en-condiciones-carniceras%c2%94\/#breadcrumb","itemListElement":[{"@type":"ListItem","position":1,"name":"Portada","item":"https:\/\/proagrolab.com.ar\/"},{"@type":"ListItem","position":2,"name":"Limousin: \u0093Esta raza es una de las grandes estrellas del pa\u00eds en condiciones carniceras\u0094."}]},{"@type":"WebSite","@id":"https:\/\/proagrolab.com.ar\/#website","url":"https:\/\/proagrolab.com.ar\/","name":"Proagro Laboratorio Veterinario","description":"Veterinary laboratory","publisher":{"@id":"https:\/\/proagrolab.com.ar\/#organization"},"potentialAction":[{"@type":"SearchAction","target":{"@type":"EntryPoint","urlTemplate":"https:\/\/proagrolab.com.ar\/?s={search_term_string}"},"query-input":{"@type":"PropertyValueSpecification","valueRequired":true,"valueName":"search_term_string"}}],"inLanguage":"en-US"},{"@type":"Organization","@id":"https:\/\/proagrolab.com.ar\/#organization","name":"Proagro","url":"https:\/\/proagrolab.com.ar\/","logo":{"@type":"ImageObject","inLanguage":"en-US","@id":"https:\/\/proagrolab.com.ar\/#\/schema\/logo\/image\/","url":"https:\/\/proagrolab.com.ar\/wp-content\/uploads\/2020\/04\/logo-retina.png","contentUrl":"https:\/\/proagrolab.com.ar\/wp-content\/uploads\/2020\/04\/logo-retina.png","width":478,"height":120,"caption":"Proagro"},"image":{"@id":"https:\/\/proagrolab.com.ar\/#\/schema\/logo\/image\/"},"sameAs":["http:\/\/www.facebook.com\/proagrolab","https:\/\/www.instagram.com\/proagrolab\/","https:\/\/www.linkedin.com\/company\/laboratorio-proagro-s-a\/"]},{"@type":"Person","@id":"https:\/\/proagrolab.com.ar\/#\/schema\/person\/38003ff90bf80381f71c7d922d207444","name":"proagrolab"}]}},"_links":{"self":[{"href":"https:\/\/proagrolab.com.ar\/en\/wp-json\/wp\/v2\/posts\/6146","targetHints":{"allow":["GET"]}}],"collection":[{"href":"https:\/\/proagrolab.com.ar\/en\/wp-json\/wp\/v2\/posts"}],"about":[{"href":"https:\/\/proagrolab.com.ar\/en\/wp-json\/wp\/v2\/types\/post"}],"author":[{"embeddable":true,"href":"https:\/\/proagrolab.com.ar\/en\/wp-json\/wp\/v2\/users\/2"}],"replies":[{"embeddable":true,"href":"https:\/\/proagrolab.com.ar\/en\/wp-json\/wp\/v2\/comments?post=6146"}],"version-history":[{"count":1,"href":"https:\/\/proagrolab.com.ar\/en\/wp-json\/wp\/v2\/posts\/6146\/revisions"}],"predecessor-version":[{"id":14488,"href":"https:\/\/proagrolab.com.ar\/en\/wp-json\/wp\/v2\/posts\/6146\/revisions\/14488"}],"wp:featuredmedia":[{"embeddable":true,"href":"https:\/\/proagrolab.com.ar\/en\/wp-json\/wp\/v2\/media\/2633"}],"wp:attachment":[{"href":"https:\/\/proagrolab.com.ar\/en\/wp-json\/wp\/v2\/media?parent=6146"}],"wp:term":[{"taxonomy":"category","embeddable":true,"href":"https:\/\/proagrolab.com.ar\/en\/wp-json\/wp\/v2\/categories?post=6146"},{"taxonomy":"post_tag","embeddable":true,"href":"https:\/\/proagrolab.com.ar\/en\/wp-json\/wp\/v2\/tags?post=6146"}],"curies":[{"name":"wp","href":"https:\/\/api.w.org\/{rel}","templated":true}]}}