{"id":6143,"date":"2014-05-23T00:00:01","date_gmt":"2014-05-23T00:00:01","guid":{"rendered":"https:\/\/proagrolab.com.ar\/menor-faena-y-consumo-caida-en-la-produccion-de-carne-y-en-las-exportaciones-informe-ciccra\/"},"modified":"2020-07-01T19:37:02","modified_gmt":"2020-07-01T19:37:02","slug":"menor-faena-y-consumo-caida-en-la-produccion-de-carne-y-en-las-exportaciones-informe-ciccra","status":"publish","type":"post","link":"https:\/\/proagrolab.com.ar\/en\/menor-faena-y-consumo-caida-en-la-produccion-de-carne-y-en-las-exportaciones-informe-ciccra\/","title":{"rendered":"Menor faena y consumo, ca\u00edda en la producci\u00f3n de carne y en las exportaciones &#8211; Informe CICCRA."},"content":{"rendered":"<p class=\"qtranxs-available-languages-message qtranxs-available-languages-message-en\"> <\/p><p>La C\u00e1mara de la Industria y Comercio de Carnes y Derivados de la Rep\u00fablica Argentina (CICCRA), public\u00f3 un nuevo informe tras el reciente viaje realizado por 13 empresas a China, a la exposici\u00f3n alimenticia SIAL de Shangh\u00e1i, donde la entidad vio \u0093la dificultad que tienen nuestros frigor\u00edficos para poder concretar ventas. La concurrencia de compradores en busca de carne y menudencias de Argentina ha aumentado de manera notoria, reflejando el \u00e9xito del trabajo realizado por el IPCVA desde 2005. Pero, tambi\u00e9n qued\u00f3 en evidencia que los errores de pol\u00edtica econ\u00f3mica de este gobierno no se han resuelto. El secretario de comercio es otro, pero la pol\u00edtica es la misma.&nbsp; No existe diferencia entre Augusto Costa y Guillermo Moreno, el primero parece un disc\u00edpulo muy obediente del exsecretario\u0094.<\/p>\n<p>La dificultad de la que habla CICCRA en el p\u00e1rrafo inicial de este informe \u0093radica en la imposibilidad de concretar ventas a largo plazo por no saber si se dispondr\u00e1 de los permisos de exportaci\u00f3n (ROES). Esta imposibilidad de las empresas exportadoras y la falta de competitividad que generan las retenciones hacen que las ventas externas sean paup\u00e9rrimas, con efectos directos en la producci\u00f3n. Elevada faena de hembras y disminuci\u00f3n del peso de faena son dos evidencias bien concretas, lo que implica que cada vez deberemos faenar m\u00e1s animales para producir la misma cantidad de carne, es decir volveremos a achicar el stock\u0094.<\/p>\n<p>En el primer cuatrimestre del a\u00f1o la industria frigor\u00edfica vacuna atraves\u00f3 un escenario contractivo. Salvo en marzo, en todos los dem\u00e1s per\u00edodos el nivel de faena experiment\u00f3 un leve retroceso interanual, que se vio aumentado en el caso de la producci\u00f3n de carne vacuna por la disminuci\u00f3n del peso en gancho de los animales faenados.<\/p>\n<p>Puesta en una perspectiva hist\u00f3rica, la faena de ganado vacuno registrada en abril de 2014 result\u00f3 6,5% inferior al promedio de los abriles de 1980 a 2013. A medida que avanza el a\u00f1o se mantiene el proceso de modificaci\u00f3n de la composici\u00f3n de la faena total. Por 28\u00ba mes consecutivo, las estad\u00edsticas mostraron que en abril la faena de hembras creci\u00f3 (4,0% anual en esta oportunidad) y la faena de machos descendi\u00f3 7,0% anual.<\/p>\n<p>La participaci\u00f3n de las hembras en la faena total se sostuvo en 45,2% en abril de 2014, resultando 2,7 puntos porcentuales mayor a la observada en el cuarto mes del a\u00f1o pasado. Por su parte, la producci\u00f3n de carne vacuna registr\u00f3 un retroceso de 4,3% anual en enero-abril de 2014. A la disminuci\u00f3n de la cantidad de cabezas faenadas se agreg\u00f3 la ca\u00edda del peso de la res en gancho (-3,5% anual).<\/p>\n<p>De acuerdo con las cifras que publica el Ministerio de Agricultura y nuestras estimaciones, en abril y por cuarto mes consecutivo la industria frigor\u00edfica argentina produjo menos carne que en igual mes del a\u00f1o anterior. De esta forma, en el primer cuatrimestre la producci\u00f3n acumul\u00f3 una contracci\u00f3n de 4,3% con relaci\u00f3n al primer cuatrimestre de 2013.<\/p>\n<p><i>Breve digresi\u00f3n<\/i><br \/>Seg\u00fan el Estimador Mensual Industrial (EMI) elaborado por el cuestionado INDEC, en los primeros tres meses del a\u00f1o la producci\u00f3n de carnes rojas (donde la carne vacuna tiene la mayor importancia relativa por lejos) registr\u00f3 una ca\u00edda de apenas 1,3% interanual. Esto fue producto de una retracci\u00f3n de 13,3% anual en el primer mes del a\u00f1o, que luego fue seguida por recuperaciones de 1,3% en febrero y 7,8% en marzo. En el mismo per\u00edodo los n\u00fameros del Minagri se\u00f1alaron que la actividad sectorial experiment\u00f3 una disminuci\u00f3n de 4,0% anual. <\/p>\n<p>Del total producido, 94,4% se destin\u00f3 al mercado interno, a pesar de lo cual el consumo interno total tambi\u00e9n retrocedi\u00f3 con relaci\u00f3n a enero-abril de 2013 (-3,1% anual;). La participaci\u00f3n del consumo interno fue 1,3 puntos porcentuales superior a la registrada en el primer cuatrimestre de 2013 y 2,7 puntos porcentuales mayor a la verificada en los comienzos de 2002.<\/p>\n<p>Esto se tradujo en una retracci\u00f3n de 3,9% anual del consumo por habitante de carne vacuna, que se ubic\u00f3 en un promedio de 58,8 kg\/a\u00f1o (-2,4 kilos en relaci\u00f3n a enero-abril de 2013).<\/p>\n<p>En tanto, conforme avanza el a\u00f1o cada vez se realizan menos negocios con el resto del mundo. En enero-abril de 2014 las colocaciones de carne vacuna en el exterior habr\u00edan totalizado apenas 49 mil tn r\/c\/h, volumen que ser\u00eda 21,8% inferior al registrado en igual cuatrimestre del a\u00f1o pasado (-13,7 mil tn r\/c\/h). La importancia relativa en la oferta total baj\u00f3 a 5,6% (-1,3 puntos porcentuales con respecto a igual lapso de 2013).<\/p>\n<p>En el tercer mes del a\u00f1o, seg\u00fan las estad\u00edsticas del Senasa, se exportaron 7.510 toneladas peso producto (tn pp) de carne vacuna, lo que represent\u00f3 una contracci\u00f3n de 20,6% interanual (4\u00ba ca\u00edda en 6 meses). Estas exportaciones equivalen a menos de un bife por habitante y por mes. As\u00ed de rid\u00edcula es la pol\u00edtica econ\u00f3mica que lleva adelante el actual secretario de comercio<\/p>\n<p>En el gr\u00e1fico que se a continuaci\u00f3n se visualiza claramente la p\u00e9rdida de importancia relativa de las exportaciones de carnes respecto de las de menudencias, \u00e9stas \u00faltimas no tiene restricci\u00f3n de exportaciones.<\/p>\n<p>Fuente: Agrositio, 22 de mayo.<br \/><\/p>","protected":false},"excerpt":{"rendered":"<p>La C\u00e1mara de la Industria y Comercio de Carnes y Derivados de la Rep\u00fablica Argentina (CICCRA), public\u00f3 un nuevo informe tras el reciente viaje realizado por 13 empresas a China, a la exposici\u00f3n alimenticia SIAL de Shangh\u00e1i, donde la entidad vio \u0093la dificultad que tienen nuestros frigor\u00edficos para poder concretar ventas. La concurrencia de compradores en busca de carne y menudencias de Argentina ha aumentado de manera notoria, reflejando el \u00e9xito del trabajo realizado por el IPCVA desde 2005. Pero, tambi\u00e9n qued\u00f3 en evidencia que los errores de pol\u00edtica econ\u00f3mica de este gobierno no se han resuelto. El secretario de comercio es otro, pero la pol\u00edtica es la misma.&nbsp; No existe diferencia entre Augusto Costa y Guillermo Moreno, el primero parece un disc\u00edpulo muy obediente del exsecretario\u0094. La dificultad de la que habla CICCRA en el p\u00e1rrafo inicial de este informe \u0093radica en la imposibilidad de concretar ventas a largo plazo por no saber si se dispondr\u00e1 de los permisos de exportaci\u00f3n (ROES). Esta imposibilidad de las empresas exportadoras y la falta de competitividad que generan las retenciones hacen que las ventas externas sean paup\u00e9rrimas, con efectos directos en la producci\u00f3n. Elevada faena de hembras y disminuci\u00f3n del peso de [&hellip;]<\/p>\n","protected":false},"author":2,"featured_media":2630,"comment_status":"closed","ping_status":"open","sticky":false,"template":"","format":"standard","meta":{"_acf_changed":false,"footnotes":""},"categories":[56],"tags":[],"class_list":["post-6143","post","type-post","status-publish","format-standard","has-post-thumbnail","hentry","category-infoganadero"],"acf":[],"yoast_head":"<!-- This site is optimized with the Yoast SEO plugin v27.4 - https:\/\/yoast.com\/product\/yoast-seo-wordpress\/ -->\n<title>Menor faena y consumo, ca\u00edda en la producci\u00f3n de carne y en las exportaciones - Informe CICCRA. | Proagro<\/title>\n<meta name=\"robots\" content=\"index, follow, max-snippet:-1, max-image-preview:large, max-video-preview:-1\" \/>\n<link rel=\"canonical\" href=\"https:\/\/proagrolab.com.ar\/en\/menor-faena-y-consumo-caida-en-la-produccion-de-carne-y-en-las-exportaciones-informe-ciccra\/\" \/>\n<meta property=\"og:locale\" content=\"en_US\" \/>\n<meta property=\"og:type\" content=\"article\" \/>\n<meta property=\"og:title\" content=\"Menor faena y consumo, ca\u00edda en la producci\u00f3n de carne y en las exportaciones - Informe CICCRA. | Proagro\" \/>\n<meta property=\"og:description\" content=\"La C\u00e1mara de la Industria y Comercio de Carnes y Derivados de la Rep\u00fablica Argentina (CICCRA), public\u00f3 un nuevo informe tras el reciente viaje realizado por 13 empresas a China, a la exposici\u00f3n alimenticia SIAL de Shangh\u00e1i, donde la entidad vio \u0093la dificultad que tienen nuestros frigor\u00edficos para poder concretar ventas. La concurrencia de compradores en busca de carne y menudencias de Argentina ha aumentado de manera notoria, reflejando el \u00e9xito del trabajo realizado por el IPCVA desde 2005. Pero, tambi\u00e9n qued\u00f3 en evidencia que los errores de pol\u00edtica econ\u00f3mica de este gobierno no se han resuelto. El secretario de comercio es otro, pero la pol\u00edtica es la misma.&nbsp; No existe diferencia entre Augusto Costa y Guillermo Moreno, el primero parece un disc\u00edpulo muy obediente del exsecretario\u0094. La dificultad de la que habla CICCRA en el p\u00e1rrafo inicial de este informe \u0093radica en la imposibilidad de concretar ventas a largo plazo por no saber si se dispondr\u00e1 de los permisos de exportaci\u00f3n (ROES). Esta imposibilidad de las empresas exportadoras y la falta de competitividad que generan las retenciones hacen que las ventas externas sean paup\u00e9rrimas, con efectos directos en la producci\u00f3n. Elevada faena de hembras y disminuci\u00f3n del peso de [&hellip;]\" \/>\n<meta property=\"og:url\" content=\"https:\/\/proagrolab.com.ar\/menor-faena-y-consumo-caida-en-la-produccion-de-carne-y-en-las-exportaciones-informe-ciccra\/\" \/>\n<meta property=\"og:site_name\" content=\"Proagro\" \/>\n<meta property=\"article:publisher\" content=\"http:\/\/www.facebook.com\/proagrolab\" \/>\n<meta property=\"article:published_time\" content=\"2014-05-23T00:00:01+00:00\" \/>\n<meta property=\"article:modified_time\" content=\"2020-07-01T19:37:02+00:00\" \/>\n<meta property=\"og:image\" content=\"https:\/\/proagrolab.com.ar\/wp-content\/uploads\/2015\/01\/g_jkicqoal7__Frigorifico-2.jpg\" \/>\n\t<meta property=\"og:image:width\" content=\"450\" \/>\n\t<meta property=\"og:image:height\" content=\"208\" \/>\n\t<meta property=\"og:image:type\" content=\"image\/jpeg\" \/>\n<meta name=\"author\" content=\"proagrolab\" \/>\n<meta name=\"twitter:card\" content=\"summary_large_image\" \/>\n<meta name=\"twitter:label1\" content=\"Written by\" \/>\n\t<meta name=\"twitter:data1\" content=\"proagrolab\" \/>\n\t<meta name=\"twitter:label2\" content=\"Est. reading time\" \/>\n\t<meta name=\"twitter:data2\" content=\"4 minutes\" \/>\n<script type=\"application\/ld+json\" class=\"yoast-schema-graph\">{\"@context\":\"https:\\\/\\\/schema.org\",\"@graph\":[{\"@type\":\"Article\",\"@id\":\"https:\\\/\\\/proagrolab.com.ar\\\/menor-faena-y-consumo-caida-en-la-produccion-de-carne-y-en-las-exportaciones-informe-ciccra\\\/#article\",\"isPartOf\":{\"@id\":\"https:\\\/\\\/proagrolab.com.ar\\\/menor-faena-y-consumo-caida-en-la-produccion-de-carne-y-en-las-exportaciones-informe-ciccra\\\/\"},\"author\":{\"name\":\"proagrolab\",\"@id\":\"https:\\\/\\\/proagrolab.com.ar\\\/#\\\/schema\\\/person\\\/38003ff90bf80381f71c7d922d207444\"},\"headline\":\"Menor faena y consumo, ca\u00edda en la producci\u00f3n de carne y en las exportaciones &#8211; Informe CICCRA.\",\"datePublished\":\"2014-05-23T00:00:01+00:00\",\"dateModified\":\"2020-07-01T19:37:02+00:00\",\"mainEntityOfPage\":{\"@id\":\"https:\\\/\\\/proagrolab.com.ar\\\/menor-faena-y-consumo-caida-en-la-produccion-de-carne-y-en-las-exportaciones-informe-ciccra\\\/\"},\"wordCount\":899,\"publisher\":{\"@id\":\"https:\\\/\\\/proagrolab.com.ar\\\/#organization\"},\"image\":{\"@id\":\"https:\\\/\\\/proagrolab.com.ar\\\/menor-faena-y-consumo-caida-en-la-produccion-de-carne-y-en-las-exportaciones-informe-ciccra\\\/#primaryimage\"},\"thumbnailUrl\":\"https:\\\/\\\/proagrolab.com.ar\\\/wp-content\\\/uploads\\\/2015\\\/01\\\/g_jkicqoal7__Frigorifico-2.jpg\",\"articleSection\":[\"News\"],\"inLanguage\":\"en-US\"},{\"@type\":\"WebPage\",\"@id\":\"https:\\\/\\\/proagrolab.com.ar\\\/menor-faena-y-consumo-caida-en-la-produccion-de-carne-y-en-las-exportaciones-informe-ciccra\\\/\",\"url\":\"https:\\\/\\\/proagrolab.com.ar\\\/menor-faena-y-consumo-caida-en-la-produccion-de-carne-y-en-las-exportaciones-informe-ciccra\\\/\",\"name\":\"Menor faena y consumo, ca\u00edda en la producci\u00f3n de carne y en las exportaciones - Informe CICCRA. | Proagro\",\"isPartOf\":{\"@id\":\"https:\\\/\\\/proagrolab.com.ar\\\/#website\"},\"primaryImageOfPage\":{\"@id\":\"https:\\\/\\\/proagrolab.com.ar\\\/menor-faena-y-consumo-caida-en-la-produccion-de-carne-y-en-las-exportaciones-informe-ciccra\\\/#primaryimage\"},\"image\":{\"@id\":\"https:\\\/\\\/proagrolab.com.ar\\\/menor-faena-y-consumo-caida-en-la-produccion-de-carne-y-en-las-exportaciones-informe-ciccra\\\/#primaryimage\"},\"thumbnailUrl\":\"https:\\\/\\\/proagrolab.com.ar\\\/wp-content\\\/uploads\\\/2015\\\/01\\\/g_jkicqoal7__Frigorifico-2.jpg\",\"datePublished\":\"2014-05-23T00:00:01+00:00\",\"dateModified\":\"2020-07-01T19:37:02+00:00\",\"breadcrumb\":{\"@id\":\"https:\\\/\\\/proagrolab.com.ar\\\/menor-faena-y-consumo-caida-en-la-produccion-de-carne-y-en-las-exportaciones-informe-ciccra\\\/#breadcrumb\"},\"inLanguage\":\"en-US\",\"potentialAction\":[{\"@type\":\"ReadAction\",\"target\":[\"https:\\\/\\\/proagrolab.com.ar\\\/menor-faena-y-consumo-caida-en-la-produccion-de-carne-y-en-las-exportaciones-informe-ciccra\\\/\"]}]},{\"@type\":\"ImageObject\",\"inLanguage\":\"en-US\",\"@id\":\"https:\\\/\\\/proagrolab.com.ar\\\/menor-faena-y-consumo-caida-en-la-produccion-de-carne-y-en-las-exportaciones-informe-ciccra\\\/#primaryimage\",\"url\":\"https:\\\/\\\/proagrolab.com.ar\\\/wp-content\\\/uploads\\\/2015\\\/01\\\/g_jkicqoal7__Frigorifico-2.jpg\",\"contentUrl\":\"https:\\\/\\\/proagrolab.com.ar\\\/wp-content\\\/uploads\\\/2015\\\/01\\\/g_jkicqoal7__Frigorifico-2.jpg\",\"width\":450,\"height\":208},{\"@type\":\"BreadcrumbList\",\"@id\":\"https:\\\/\\\/proagrolab.com.ar\\\/menor-faena-y-consumo-caida-en-la-produccion-de-carne-y-en-las-exportaciones-informe-ciccra\\\/#breadcrumb\",\"itemListElement\":[{\"@type\":\"ListItem\",\"position\":1,\"name\":\"Portada\",\"item\":\"https:\\\/\\\/proagrolab.com.ar\\\/\"},{\"@type\":\"ListItem\",\"position\":2,\"name\":\"Menor faena y consumo, ca\u00edda en la producci\u00f3n de carne y en las exportaciones &#8211; Informe CICCRA.\"}]},{\"@type\":\"WebSite\",\"@id\":\"https:\\\/\\\/proagrolab.com.ar\\\/#website\",\"url\":\"https:\\\/\\\/proagrolab.com.ar\\\/\",\"name\":\"Proagro Laboratorio Veterinario\",\"description\":\"Veterinary laboratory\",\"publisher\":{\"@id\":\"https:\\\/\\\/proagrolab.com.ar\\\/#organization\"},\"potentialAction\":[{\"@type\":\"SearchAction\",\"target\":{\"@type\":\"EntryPoint\",\"urlTemplate\":\"https:\\\/\\\/proagrolab.com.ar\\\/?s={search_term_string}\"},\"query-input\":{\"@type\":\"PropertyValueSpecification\",\"valueRequired\":true,\"valueName\":\"search_term_string\"}}],\"inLanguage\":\"en-US\"},{\"@type\":\"Organization\",\"@id\":\"https:\\\/\\\/proagrolab.com.ar\\\/#organization\",\"name\":\"Proagro\",\"url\":\"https:\\\/\\\/proagrolab.com.ar\\\/\",\"logo\":{\"@type\":\"ImageObject\",\"inLanguage\":\"en-US\",\"@id\":\"https:\\\/\\\/proagrolab.com.ar\\\/#\\\/schema\\\/logo\\\/image\\\/\",\"url\":\"https:\\\/\\\/proagrolab.com.ar\\\/wp-content\\\/uploads\\\/2020\\\/04\\\/logo-retina.png\",\"contentUrl\":\"https:\\\/\\\/proagrolab.com.ar\\\/wp-content\\\/uploads\\\/2020\\\/04\\\/logo-retina.png\",\"width\":478,\"height\":120,\"caption\":\"Proagro\"},\"image\":{\"@id\":\"https:\\\/\\\/proagrolab.com.ar\\\/#\\\/schema\\\/logo\\\/image\\\/\"},\"sameAs\":[\"http:\\\/\\\/www.facebook.com\\\/proagrolab\",\"https:\\\/\\\/www.instagram.com\\\/proagrolab\\\/\",\"https:\\\/\\\/www.linkedin.com\\\/company\\\/laboratorio-proagro-s-a\\\/\"]},{\"@type\":\"Person\",\"@id\":\"https:\\\/\\\/proagrolab.com.ar\\\/#\\\/schema\\\/person\\\/38003ff90bf80381f71c7d922d207444\",\"name\":\"proagrolab\"}]}<\/script>\n<!-- \/ Yoast SEO plugin. -->","yoast_head_json":{"title":"Menor faena y consumo, ca\u00edda en la producci\u00f3n de carne y en las exportaciones - Informe CICCRA. | Proagro","robots":{"index":"index","follow":"follow","max-snippet":"max-snippet:-1","max-image-preview":"max-image-preview:large","max-video-preview":"max-video-preview:-1"},"canonical":"https:\/\/proagrolab.com.ar\/en\/menor-faena-y-consumo-caida-en-la-produccion-de-carne-y-en-las-exportaciones-informe-ciccra\/","og_locale":"en_US","og_type":"article","og_title":"Menor faena y consumo, ca\u00edda en la producci\u00f3n de carne y en las exportaciones - Informe CICCRA. | Proagro","og_description":"La C\u00e1mara de la Industria y Comercio de Carnes y Derivados de la Rep\u00fablica Argentina (CICCRA), public\u00f3 un nuevo informe tras el reciente viaje realizado por 13 empresas a China, a la exposici\u00f3n alimenticia SIAL de Shangh\u00e1i, donde la entidad vio \u0093la dificultad que tienen nuestros frigor\u00edficos para poder concretar ventas. La concurrencia de compradores en busca de carne y menudencias de Argentina ha aumentado de manera notoria, reflejando el \u00e9xito del trabajo realizado por el IPCVA desde 2005. Pero, tambi\u00e9n qued\u00f3 en evidencia que los errores de pol\u00edtica econ\u00f3mica de este gobierno no se han resuelto. El secretario de comercio es otro, pero la pol\u00edtica es la misma.&nbsp; No existe diferencia entre Augusto Costa y Guillermo Moreno, el primero parece un disc\u00edpulo muy obediente del exsecretario\u0094. La dificultad de la que habla CICCRA en el p\u00e1rrafo inicial de este informe \u0093radica en la imposibilidad de concretar ventas a largo plazo por no saber si se dispondr\u00e1 de los permisos de exportaci\u00f3n (ROES). Esta imposibilidad de las empresas exportadoras y la falta de competitividad que generan las retenciones hacen que las ventas externas sean paup\u00e9rrimas, con efectos directos en la producci\u00f3n. Elevada faena de hembras y disminuci\u00f3n del peso de [&hellip;]","og_url":"https:\/\/proagrolab.com.ar\/menor-faena-y-consumo-caida-en-la-produccion-de-carne-y-en-las-exportaciones-informe-ciccra\/","og_site_name":"Proagro","article_publisher":"http:\/\/www.facebook.com\/proagrolab","article_published_time":"2014-05-23T00:00:01+00:00","article_modified_time":"2020-07-01T19:37:02+00:00","og_image":[{"width":450,"height":208,"url":"https:\/\/proagrolab.com.ar\/wp-content\/uploads\/2015\/01\/g_jkicqoal7__Frigorifico-2.jpg","type":"image\/jpeg"}],"author":"proagrolab","twitter_card":"summary_large_image","twitter_misc":{"Written by":"proagrolab","Est. reading time":"4 minutes"},"schema":{"@context":"https:\/\/schema.org","@graph":[{"@type":"Article","@id":"https:\/\/proagrolab.com.ar\/menor-faena-y-consumo-caida-en-la-produccion-de-carne-y-en-las-exportaciones-informe-ciccra\/#article","isPartOf":{"@id":"https:\/\/proagrolab.com.ar\/menor-faena-y-consumo-caida-en-la-produccion-de-carne-y-en-las-exportaciones-informe-ciccra\/"},"author":{"name":"proagrolab","@id":"https:\/\/proagrolab.com.ar\/#\/schema\/person\/38003ff90bf80381f71c7d922d207444"},"headline":"Menor faena y consumo, ca\u00edda en la producci\u00f3n de carne y en las exportaciones &#8211; Informe CICCRA.","datePublished":"2014-05-23T00:00:01+00:00","dateModified":"2020-07-01T19:37:02+00:00","mainEntityOfPage":{"@id":"https:\/\/proagrolab.com.ar\/menor-faena-y-consumo-caida-en-la-produccion-de-carne-y-en-las-exportaciones-informe-ciccra\/"},"wordCount":899,"publisher":{"@id":"https:\/\/proagrolab.com.ar\/#organization"},"image":{"@id":"https:\/\/proagrolab.com.ar\/menor-faena-y-consumo-caida-en-la-produccion-de-carne-y-en-las-exportaciones-informe-ciccra\/#primaryimage"},"thumbnailUrl":"https:\/\/proagrolab.com.ar\/wp-content\/uploads\/2015\/01\/g_jkicqoal7__Frigorifico-2.jpg","articleSection":["News"],"inLanguage":"en-US"},{"@type":"WebPage","@id":"https:\/\/proagrolab.com.ar\/menor-faena-y-consumo-caida-en-la-produccion-de-carne-y-en-las-exportaciones-informe-ciccra\/","url":"https:\/\/proagrolab.com.ar\/menor-faena-y-consumo-caida-en-la-produccion-de-carne-y-en-las-exportaciones-informe-ciccra\/","name":"Menor faena y consumo, ca\u00edda en la producci\u00f3n de carne y en las exportaciones - Informe CICCRA. | Proagro","isPartOf":{"@id":"https:\/\/proagrolab.com.ar\/#website"},"primaryImageOfPage":{"@id":"https:\/\/proagrolab.com.ar\/menor-faena-y-consumo-caida-en-la-produccion-de-carne-y-en-las-exportaciones-informe-ciccra\/#primaryimage"},"image":{"@id":"https:\/\/proagrolab.com.ar\/menor-faena-y-consumo-caida-en-la-produccion-de-carne-y-en-las-exportaciones-informe-ciccra\/#primaryimage"},"thumbnailUrl":"https:\/\/proagrolab.com.ar\/wp-content\/uploads\/2015\/01\/g_jkicqoal7__Frigorifico-2.jpg","datePublished":"2014-05-23T00:00:01+00:00","dateModified":"2020-07-01T19:37:02+00:00","breadcrumb":{"@id":"https:\/\/proagrolab.com.ar\/menor-faena-y-consumo-caida-en-la-produccion-de-carne-y-en-las-exportaciones-informe-ciccra\/#breadcrumb"},"inLanguage":"en-US","potentialAction":[{"@type":"ReadAction","target":["https:\/\/proagrolab.com.ar\/menor-faena-y-consumo-caida-en-la-produccion-de-carne-y-en-las-exportaciones-informe-ciccra\/"]}]},{"@type":"ImageObject","inLanguage":"en-US","@id":"https:\/\/proagrolab.com.ar\/menor-faena-y-consumo-caida-en-la-produccion-de-carne-y-en-las-exportaciones-informe-ciccra\/#primaryimage","url":"https:\/\/proagrolab.com.ar\/wp-content\/uploads\/2015\/01\/g_jkicqoal7__Frigorifico-2.jpg","contentUrl":"https:\/\/proagrolab.com.ar\/wp-content\/uploads\/2015\/01\/g_jkicqoal7__Frigorifico-2.jpg","width":450,"height":208},{"@type":"BreadcrumbList","@id":"https:\/\/proagrolab.com.ar\/menor-faena-y-consumo-caida-en-la-produccion-de-carne-y-en-las-exportaciones-informe-ciccra\/#breadcrumb","itemListElement":[{"@type":"ListItem","position":1,"name":"Portada","item":"https:\/\/proagrolab.com.ar\/"},{"@type":"ListItem","position":2,"name":"Menor faena y consumo, ca\u00edda en la producci\u00f3n de carne y en las exportaciones &#8211; Informe CICCRA."}]},{"@type":"WebSite","@id":"https:\/\/proagrolab.com.ar\/#website","url":"https:\/\/proagrolab.com.ar\/","name":"Proagro Laboratorio Veterinario","description":"Veterinary laboratory","publisher":{"@id":"https:\/\/proagrolab.com.ar\/#organization"},"potentialAction":[{"@type":"SearchAction","target":{"@type":"EntryPoint","urlTemplate":"https:\/\/proagrolab.com.ar\/?s={search_term_string}"},"query-input":{"@type":"PropertyValueSpecification","valueRequired":true,"valueName":"search_term_string"}}],"inLanguage":"en-US"},{"@type":"Organization","@id":"https:\/\/proagrolab.com.ar\/#organization","name":"Proagro","url":"https:\/\/proagrolab.com.ar\/","logo":{"@type":"ImageObject","inLanguage":"en-US","@id":"https:\/\/proagrolab.com.ar\/#\/schema\/logo\/image\/","url":"https:\/\/proagrolab.com.ar\/wp-content\/uploads\/2020\/04\/logo-retina.png","contentUrl":"https:\/\/proagrolab.com.ar\/wp-content\/uploads\/2020\/04\/logo-retina.png","width":478,"height":120,"caption":"Proagro"},"image":{"@id":"https:\/\/proagrolab.com.ar\/#\/schema\/logo\/image\/"},"sameAs":["http:\/\/www.facebook.com\/proagrolab","https:\/\/www.instagram.com\/proagrolab\/","https:\/\/www.linkedin.com\/company\/laboratorio-proagro-s-a\/"]},{"@type":"Person","@id":"https:\/\/proagrolab.com.ar\/#\/schema\/person\/38003ff90bf80381f71c7d922d207444","name":"proagrolab"}]}},"_links":{"self":[{"href":"https:\/\/proagrolab.com.ar\/en\/wp-json\/wp\/v2\/posts\/6143","targetHints":{"allow":["GET"]}}],"collection":[{"href":"https:\/\/proagrolab.com.ar\/en\/wp-json\/wp\/v2\/posts"}],"about":[{"href":"https:\/\/proagrolab.com.ar\/en\/wp-json\/wp\/v2\/types\/post"}],"author":[{"embeddable":true,"href":"https:\/\/proagrolab.com.ar\/en\/wp-json\/wp\/v2\/users\/2"}],"replies":[{"embeddable":true,"href":"https:\/\/proagrolab.com.ar\/en\/wp-json\/wp\/v2\/comments?post=6143"}],"version-history":[{"count":1,"href":"https:\/\/proagrolab.com.ar\/en\/wp-json\/wp\/v2\/posts\/6143\/revisions"}],"predecessor-version":[{"id":14483,"href":"https:\/\/proagrolab.com.ar\/en\/wp-json\/wp\/v2\/posts\/6143\/revisions\/14483"}],"wp:featuredmedia":[{"embeddable":true,"href":"https:\/\/proagrolab.com.ar\/en\/wp-json\/wp\/v2\/media\/2630"}],"wp:attachment":[{"href":"https:\/\/proagrolab.com.ar\/en\/wp-json\/wp\/v2\/media?parent=6143"}],"wp:term":[{"taxonomy":"category","embeddable":true,"href":"https:\/\/proagrolab.com.ar\/en\/wp-json\/wp\/v2\/categories?post=6143"},{"taxonomy":"post_tag","embeddable":true,"href":"https:\/\/proagrolab.com.ar\/en\/wp-json\/wp\/v2\/tags?post=6143"}],"curies":[{"name":"wp","href":"https:\/\/api.w.org\/{rel}","templated":true}]}}