{"id":6141,"date":"2014-05-23T00:00:01","date_gmt":"2014-05-23T00:00:01","guid":{"rendered":"https:\/\/proagrolab.com.ar\/destacan-el-potencial-de-crecimiento-de-la-ganaderia-vacuna\/"},"modified":"2020-07-01T19:37:11","modified_gmt":"2020-07-01T19:37:11","slug":"destacan-el-potencial-de-crecimiento-de-la-ganaderia-vacuna","status":"publish","type":"post","link":"https:\/\/proagrolab.com.ar\/en\/destacan-el-potencial-de-crecimiento-de-la-ganaderia-vacuna\/","title":{"rendered":"Destacan el potencial de crecimiento de la ganader\u00eda vacuna."},"content":{"rendered":"<p class=\"qtranxs-available-languages-message qtranxs-available-languages-message-en\"> <\/p><p>Fue en la apertura de LA NACION Ganadera, que se realiza en Olavarr\u00eda.<\/p>\n<p>El intendente de la ciudad de Olavarr\u00eda, Jos\u00e9 Mar\u00eda Eseverri, advirti\u00f3 que la Argentina se encuentra con la paradoja de que &#8220;a un sector productivo [el ganadero] que tiene la posibilidad y la potencialidad de conseguir los d\u00f3lares que le faltan al pa\u00eds con las decisiones oficiales le est\u00e1n cerrando las puertas&#8221;.<\/p>\n<p>El jefe comunal habl\u00f3 ayer en la ceremonia de apertura de una nueva edici\u00f3n de LA NACION Ganadera, que organiza LA NACION y que se desarrollar\u00e1 hasta el domingo en un marco de brillante calidad en la gen\u00e9tica de los animales exhibidos.<\/p>\n<p>La exposici\u00f3n cuenta con el apoyo del gobierno municipal y de la Sociedad Rural de Olavarr\u00eda, y la colaboraci\u00f3n de las asociaciones de criadores de las razas Hereford, Limousin, Limangus y Shorthorn.<\/p>\n<p>No obstante la coyuntura, Eseverri pidi\u00f3 ser optimistas. &#8220;Tenemos que comenzar a pensar en un \u00e1mbito de sensatez, porque hay diferentes sectores pol\u00edticos que est\u00e1n conversando con el campo y present\u00e1ndole alternativas inmediatas para crecer en la producci\u00f3n agr\u00edcola y ganadera, y hay voluntad pol\u00edtica en esto &#8220;, se\u00f1al\u00f3.<\/p>\n<p>En tanto, el presidente de la Sociedad Rural local, Jos\u00e9 Mar\u00eda Ortiz, se lament\u00f3 por la p\u00e9rdida que tuvo el pa\u00eds del &#8220;protagonismo en los mercados internacionales de carne bovina&#8221;, y reclam\u00f3 por la necesidad imperiosa de generar nuevamente el di\u00e1logo perdido. &#8220;Necesitamos mucha construcci\u00f3n de consensos, seguimos exigiendo racionalidad y coherencia a nuestros gobernantes&#8221;, dijo.<\/p>\n<p>A su turno, el presidente de la Asociaci\u00f3n Criadores de Hereford se\u00f1al\u00f3: &#8220;Las pol\u00edticas equivocadas del gobierno nacional nos han llevado a esta situaci\u00f3n: nos estamos comiendo el 94% de la carne que se produce en el pa\u00eds. La \u00fanica perspectiva que tiene hoy la Argentina de generar divisas r\u00e1pidamente es el campo&#8221;.<\/p>\n<p>Por su parte, Jos\u00e9 Claudio Escribano, miembro del directorio de S.A. LA NACION, se\u00f1al\u00f3 el deseo de que &#8220;el \u00e9xito de este esfuerzo compartido con el sector p\u00fablico y privado sea anhelado en otros \u00e1mbitos y hasta constituya un anticipo, aun antes de diciembre de 2015, de c\u00f3mo es posible corregir pol\u00edticas err\u00f3neas, superar desencuentros est\u00e9riles y alcanzar el grado de previsi\u00f3n en las decisiones que se espera de todo Estado debidamente organizado y conducido&#8221;.<\/p>\n<p><i>Juras de Limousin<\/i><br \/>Durante la muestra se realiz\u00f3 la jura de la raza Limousin, siendo la Caba\u00f1a Don Federico, de M\u00f3nica Schmale de Luchessi, la ganadora en la categor\u00eda Gran Campe\u00f3n Macho, box XG 1025; Reservado, box XG 985; Gran Campe\u00f3n Hembra, box XG 1004, y Reservado, box G 1062.<\/p>\n<p>Por Lotes Machos, el Gran Campe\u00f3n fue el corral 83, del expositor anterior, y Reservado, corral 104, de Caba\u00f1a La Juana, de Quesada e Hijos S.A. En Hembras, Gran Campe\u00f3n, corral 86, de Caba\u00f1a Los Omb\u00faes, de Maminaike SA y Reservado, corral 80, de Caba\u00f1a Don Federico.<\/p>\n<p>Fuente: La Naci\u00f3n, 23 de mayo.<br \/><\/p>","protected":false},"excerpt":{"rendered":"<p>Fue en la apertura de LA NACION Ganadera, que se realiza en Olavarr\u00eda. El intendente de la ciudad de Olavarr\u00eda, Jos\u00e9 Mar\u00eda Eseverri, advirti\u00f3 que la Argentina se encuentra con la paradoja de que &#8220;a un sector productivo [el ganadero] que tiene la posibilidad y la potencialidad de conseguir los d\u00f3lares que le faltan al pa\u00eds con las decisiones oficiales le est\u00e1n cerrando las puertas&#8221;. El jefe comunal habl\u00f3 ayer en la ceremonia de apertura de una nueva edici\u00f3n de LA NACION Ganadera, que organiza LA NACION y que se desarrollar\u00e1 hasta el domingo en un marco de brillante calidad en la gen\u00e9tica de los animales exhibidos. La exposici\u00f3n cuenta con el apoyo del gobierno municipal y de la Sociedad Rural de Olavarr\u00eda, y la colaboraci\u00f3n de las asociaciones de criadores de las razas Hereford, Limousin, Limangus y Shorthorn. No obstante la coyuntura, Eseverri pidi\u00f3 ser optimistas. &#8220;Tenemos que comenzar a pensar en un \u00e1mbito de sensatez, porque hay diferentes sectores pol\u00edticos que est\u00e1n conversando con el campo y present\u00e1ndole alternativas inmediatas para crecer en la producci\u00f3n agr\u00edcola y ganadera, y hay voluntad pol\u00edtica en esto &#8220;, se\u00f1al\u00f3. En tanto, el presidente de la Sociedad Rural local, Jos\u00e9 Mar\u00eda Ortiz, [&hellip;]<\/p>\n","protected":false},"author":2,"featured_media":2628,"comment_status":"closed","ping_status":"open","sticky":false,"template":"","format":"standard","meta":{"_acf_changed":false,"footnotes":""},"categories":[56],"tags":[],"class_list":["post-6141","post","type-post","status-publish","format-standard","has-post-thumbnail","hentry","category-infoganadero"],"acf":[],"yoast_head":"<!-- This site is optimized with the Yoast SEO plugin v27.4 - https:\/\/yoast.com\/product\/yoast-seo-wordpress\/ -->\n<title>Destacan el potencial de crecimiento de la ganader\u00eda vacuna. | Proagro<\/title>\n<meta name=\"robots\" content=\"index, follow, max-snippet:-1, max-image-preview:large, max-video-preview:-1\" \/>\n<link rel=\"canonical\" href=\"https:\/\/proagrolab.com.ar\/en\/destacan-el-potencial-de-crecimiento-de-la-ganaderia-vacuna\/\" \/>\n<meta property=\"og:locale\" content=\"en_US\" \/>\n<meta property=\"og:type\" content=\"article\" \/>\n<meta property=\"og:title\" content=\"Destacan el potencial de crecimiento de la ganader\u00eda vacuna. | Proagro\" \/>\n<meta property=\"og:description\" content=\"Fue en la apertura de LA NACION Ganadera, que se realiza en Olavarr\u00eda. El intendente de la ciudad de Olavarr\u00eda, Jos\u00e9 Mar\u00eda Eseverri, advirti\u00f3 que la Argentina se encuentra con la paradoja de que &#8220;a un sector productivo [el ganadero] que tiene la posibilidad y la potencialidad de conseguir los d\u00f3lares que le faltan al pa\u00eds con las decisiones oficiales le est\u00e1n cerrando las puertas&#8221;. El jefe comunal habl\u00f3 ayer en la ceremonia de apertura de una nueva edici\u00f3n de LA NACION Ganadera, que organiza LA NACION y que se desarrollar\u00e1 hasta el domingo en un marco de brillante calidad en la gen\u00e9tica de los animales exhibidos. La exposici\u00f3n cuenta con el apoyo del gobierno municipal y de la Sociedad Rural de Olavarr\u00eda, y la colaboraci\u00f3n de las asociaciones de criadores de las razas Hereford, Limousin, Limangus y Shorthorn. No obstante la coyuntura, Eseverri pidi\u00f3 ser optimistas. &#8220;Tenemos que comenzar a pensar en un \u00e1mbito de sensatez, porque hay diferentes sectores pol\u00edticos que est\u00e1n conversando con el campo y present\u00e1ndole alternativas inmediatas para crecer en la producci\u00f3n agr\u00edcola y ganadera, y hay voluntad pol\u00edtica en esto &#8220;, se\u00f1al\u00f3. En tanto, el presidente de la Sociedad Rural local, Jos\u00e9 Mar\u00eda Ortiz, [&hellip;]\" \/>\n<meta property=\"og:url\" content=\"https:\/\/proagrolab.com.ar\/destacan-el-potencial-de-crecimiento-de-la-ganaderia-vacuna\/\" \/>\n<meta property=\"og:site_name\" content=\"Proagro\" \/>\n<meta property=\"article:publisher\" content=\"http:\/\/www.facebook.com\/proagrolab\" \/>\n<meta property=\"article:published_time\" content=\"2014-05-23T00:00:01+00:00\" \/>\n<meta property=\"article:modified_time\" content=\"2020-07-01T19:37:11+00:00\" \/>\n<meta property=\"og:image\" content=\"https:\/\/proagrolab.com.ar\/wp-content\/uploads\/2015\/01\/g_k80v4wtnu__Vacas-Hereford-2.jpg\" \/>\n\t<meta property=\"og:image:width\" content=\"450\" \/>\n\t<meta property=\"og:image:height\" content=\"208\" \/>\n\t<meta property=\"og:image:type\" content=\"image\/jpeg\" \/>\n<meta name=\"author\" content=\"proagrolab\" \/>\n<meta name=\"twitter:card\" content=\"summary_large_image\" \/>\n<meta name=\"twitter:label1\" content=\"Written by\" \/>\n\t<meta name=\"twitter:data1\" content=\"proagrolab\" \/>\n\t<meta name=\"twitter:label2\" content=\"Est. reading time\" \/>\n\t<meta name=\"twitter:data2\" content=\"3 minutes\" \/>\n<script type=\"application\/ld+json\" class=\"yoast-schema-graph\">{\"@context\":\"https:\\\/\\\/schema.org\",\"@graph\":[{\"@type\":\"Article\",\"@id\":\"https:\\\/\\\/proagrolab.com.ar\\\/destacan-el-potencial-de-crecimiento-de-la-ganaderia-vacuna\\\/#article\",\"isPartOf\":{\"@id\":\"https:\\\/\\\/proagrolab.com.ar\\\/destacan-el-potencial-de-crecimiento-de-la-ganaderia-vacuna\\\/\"},\"author\":{\"name\":\"proagrolab\",\"@id\":\"https:\\\/\\\/proagrolab.com.ar\\\/#\\\/schema\\\/person\\\/38003ff90bf80381f71c7d922d207444\"},\"headline\":\"Destacan el potencial de crecimiento de la ganader\u00eda vacuna.\",\"datePublished\":\"2014-05-23T00:00:01+00:00\",\"dateModified\":\"2020-07-01T19:37:11+00:00\",\"mainEntityOfPage\":{\"@id\":\"https:\\\/\\\/proagrolab.com.ar\\\/destacan-el-potencial-de-crecimiento-de-la-ganaderia-vacuna\\\/\"},\"wordCount\":523,\"publisher\":{\"@id\":\"https:\\\/\\\/proagrolab.com.ar\\\/#organization\"},\"image\":{\"@id\":\"https:\\\/\\\/proagrolab.com.ar\\\/destacan-el-potencial-de-crecimiento-de-la-ganaderia-vacuna\\\/#primaryimage\"},\"thumbnailUrl\":\"https:\\\/\\\/proagrolab.com.ar\\\/wp-content\\\/uploads\\\/2015\\\/01\\\/g_k80v4wtnu__Vacas-Hereford-2.jpg\",\"articleSection\":[\"News\"],\"inLanguage\":\"en-US\"},{\"@type\":\"WebPage\",\"@id\":\"https:\\\/\\\/proagrolab.com.ar\\\/destacan-el-potencial-de-crecimiento-de-la-ganaderia-vacuna\\\/\",\"url\":\"https:\\\/\\\/proagrolab.com.ar\\\/destacan-el-potencial-de-crecimiento-de-la-ganaderia-vacuna\\\/\",\"name\":\"Destacan el potencial de crecimiento de la ganader\u00eda vacuna. | Proagro\",\"isPartOf\":{\"@id\":\"https:\\\/\\\/proagrolab.com.ar\\\/#website\"},\"primaryImageOfPage\":{\"@id\":\"https:\\\/\\\/proagrolab.com.ar\\\/destacan-el-potencial-de-crecimiento-de-la-ganaderia-vacuna\\\/#primaryimage\"},\"image\":{\"@id\":\"https:\\\/\\\/proagrolab.com.ar\\\/destacan-el-potencial-de-crecimiento-de-la-ganaderia-vacuna\\\/#primaryimage\"},\"thumbnailUrl\":\"https:\\\/\\\/proagrolab.com.ar\\\/wp-content\\\/uploads\\\/2015\\\/01\\\/g_k80v4wtnu__Vacas-Hereford-2.jpg\",\"datePublished\":\"2014-05-23T00:00:01+00:00\",\"dateModified\":\"2020-07-01T19:37:11+00:00\",\"breadcrumb\":{\"@id\":\"https:\\\/\\\/proagrolab.com.ar\\\/destacan-el-potencial-de-crecimiento-de-la-ganaderia-vacuna\\\/#breadcrumb\"},\"inLanguage\":\"en-US\",\"potentialAction\":[{\"@type\":\"ReadAction\",\"target\":[\"https:\\\/\\\/proagrolab.com.ar\\\/destacan-el-potencial-de-crecimiento-de-la-ganaderia-vacuna\\\/\"]}]},{\"@type\":\"ImageObject\",\"inLanguage\":\"en-US\",\"@id\":\"https:\\\/\\\/proagrolab.com.ar\\\/destacan-el-potencial-de-crecimiento-de-la-ganaderia-vacuna\\\/#primaryimage\",\"url\":\"https:\\\/\\\/proagrolab.com.ar\\\/wp-content\\\/uploads\\\/2015\\\/01\\\/g_k80v4wtnu__Vacas-Hereford-2.jpg\",\"contentUrl\":\"https:\\\/\\\/proagrolab.com.ar\\\/wp-content\\\/uploads\\\/2015\\\/01\\\/g_k80v4wtnu__Vacas-Hereford-2.jpg\",\"width\":450,\"height\":208},{\"@type\":\"BreadcrumbList\",\"@id\":\"https:\\\/\\\/proagrolab.com.ar\\\/destacan-el-potencial-de-crecimiento-de-la-ganaderia-vacuna\\\/#breadcrumb\",\"itemListElement\":[{\"@type\":\"ListItem\",\"position\":1,\"name\":\"Portada\",\"item\":\"https:\\\/\\\/proagrolab.com.ar\\\/\"},{\"@type\":\"ListItem\",\"position\":2,\"name\":\"Destacan el potencial de crecimiento de la ganader\u00eda vacuna.\"}]},{\"@type\":\"WebSite\",\"@id\":\"https:\\\/\\\/proagrolab.com.ar\\\/#website\",\"url\":\"https:\\\/\\\/proagrolab.com.ar\\\/\",\"name\":\"Proagro Laboratorio Veterinario\",\"description\":\"Veterinary laboratory\",\"publisher\":{\"@id\":\"https:\\\/\\\/proagrolab.com.ar\\\/#organization\"},\"potentialAction\":[{\"@type\":\"SearchAction\",\"target\":{\"@type\":\"EntryPoint\",\"urlTemplate\":\"https:\\\/\\\/proagrolab.com.ar\\\/?s={search_term_string}\"},\"query-input\":{\"@type\":\"PropertyValueSpecification\",\"valueRequired\":true,\"valueName\":\"search_term_string\"}}],\"inLanguage\":\"en-US\"},{\"@type\":\"Organization\",\"@id\":\"https:\\\/\\\/proagrolab.com.ar\\\/#organization\",\"name\":\"Proagro\",\"url\":\"https:\\\/\\\/proagrolab.com.ar\\\/\",\"logo\":{\"@type\":\"ImageObject\",\"inLanguage\":\"en-US\",\"@id\":\"https:\\\/\\\/proagrolab.com.ar\\\/#\\\/schema\\\/logo\\\/image\\\/\",\"url\":\"https:\\\/\\\/proagrolab.com.ar\\\/wp-content\\\/uploads\\\/2020\\\/04\\\/logo-retina.png\",\"contentUrl\":\"https:\\\/\\\/proagrolab.com.ar\\\/wp-content\\\/uploads\\\/2020\\\/04\\\/logo-retina.png\",\"width\":478,\"height\":120,\"caption\":\"Proagro\"},\"image\":{\"@id\":\"https:\\\/\\\/proagrolab.com.ar\\\/#\\\/schema\\\/logo\\\/image\\\/\"},\"sameAs\":[\"http:\\\/\\\/www.facebook.com\\\/proagrolab\",\"https:\\\/\\\/www.instagram.com\\\/proagrolab\\\/\",\"https:\\\/\\\/www.linkedin.com\\\/company\\\/laboratorio-proagro-s-a\\\/\"]},{\"@type\":\"Person\",\"@id\":\"https:\\\/\\\/proagrolab.com.ar\\\/#\\\/schema\\\/person\\\/38003ff90bf80381f71c7d922d207444\",\"name\":\"proagrolab\"}]}<\/script>\n<!-- \/ Yoast SEO plugin. -->","yoast_head_json":{"title":"Destacan el potencial de crecimiento de la ganader\u00eda vacuna. | Proagro","robots":{"index":"index","follow":"follow","max-snippet":"max-snippet:-1","max-image-preview":"max-image-preview:large","max-video-preview":"max-video-preview:-1"},"canonical":"https:\/\/proagrolab.com.ar\/en\/destacan-el-potencial-de-crecimiento-de-la-ganaderia-vacuna\/","og_locale":"en_US","og_type":"article","og_title":"Destacan el potencial de crecimiento de la ganader\u00eda vacuna. | Proagro","og_description":"Fue en la apertura de LA NACION Ganadera, que se realiza en Olavarr\u00eda. El intendente de la ciudad de Olavarr\u00eda, Jos\u00e9 Mar\u00eda Eseverri, advirti\u00f3 que la Argentina se encuentra con la paradoja de que &#8220;a un sector productivo [el ganadero] que tiene la posibilidad y la potencialidad de conseguir los d\u00f3lares que le faltan al pa\u00eds con las decisiones oficiales le est\u00e1n cerrando las puertas&#8221;. El jefe comunal habl\u00f3 ayer en la ceremonia de apertura de una nueva edici\u00f3n de LA NACION Ganadera, que organiza LA NACION y que se desarrollar\u00e1 hasta el domingo en un marco de brillante calidad en la gen\u00e9tica de los animales exhibidos. La exposici\u00f3n cuenta con el apoyo del gobierno municipal y de la Sociedad Rural de Olavarr\u00eda, y la colaboraci\u00f3n de las asociaciones de criadores de las razas Hereford, Limousin, Limangus y Shorthorn. No obstante la coyuntura, Eseverri pidi\u00f3 ser optimistas. &#8220;Tenemos que comenzar a pensar en un \u00e1mbito de sensatez, porque hay diferentes sectores pol\u00edticos que est\u00e1n conversando con el campo y present\u00e1ndole alternativas inmediatas para crecer en la producci\u00f3n agr\u00edcola y ganadera, y hay voluntad pol\u00edtica en esto &#8220;, se\u00f1al\u00f3. En tanto, el presidente de la Sociedad Rural local, Jos\u00e9 Mar\u00eda Ortiz, [&hellip;]","og_url":"https:\/\/proagrolab.com.ar\/destacan-el-potencial-de-crecimiento-de-la-ganaderia-vacuna\/","og_site_name":"Proagro","article_publisher":"http:\/\/www.facebook.com\/proagrolab","article_published_time":"2014-05-23T00:00:01+00:00","article_modified_time":"2020-07-01T19:37:11+00:00","og_image":[{"width":450,"height":208,"url":"https:\/\/proagrolab.com.ar\/wp-content\/uploads\/2015\/01\/g_k80v4wtnu__Vacas-Hereford-2.jpg","type":"image\/jpeg"}],"author":"proagrolab","twitter_card":"summary_large_image","twitter_misc":{"Written by":"proagrolab","Est. reading time":"3 minutes"},"schema":{"@context":"https:\/\/schema.org","@graph":[{"@type":"Article","@id":"https:\/\/proagrolab.com.ar\/destacan-el-potencial-de-crecimiento-de-la-ganaderia-vacuna\/#article","isPartOf":{"@id":"https:\/\/proagrolab.com.ar\/destacan-el-potencial-de-crecimiento-de-la-ganaderia-vacuna\/"},"author":{"name":"proagrolab","@id":"https:\/\/proagrolab.com.ar\/#\/schema\/person\/38003ff90bf80381f71c7d922d207444"},"headline":"Destacan el potencial de crecimiento de la ganader\u00eda vacuna.","datePublished":"2014-05-23T00:00:01+00:00","dateModified":"2020-07-01T19:37:11+00:00","mainEntityOfPage":{"@id":"https:\/\/proagrolab.com.ar\/destacan-el-potencial-de-crecimiento-de-la-ganaderia-vacuna\/"},"wordCount":523,"publisher":{"@id":"https:\/\/proagrolab.com.ar\/#organization"},"image":{"@id":"https:\/\/proagrolab.com.ar\/destacan-el-potencial-de-crecimiento-de-la-ganaderia-vacuna\/#primaryimage"},"thumbnailUrl":"https:\/\/proagrolab.com.ar\/wp-content\/uploads\/2015\/01\/g_k80v4wtnu__Vacas-Hereford-2.jpg","articleSection":["News"],"inLanguage":"en-US"},{"@type":"WebPage","@id":"https:\/\/proagrolab.com.ar\/destacan-el-potencial-de-crecimiento-de-la-ganaderia-vacuna\/","url":"https:\/\/proagrolab.com.ar\/destacan-el-potencial-de-crecimiento-de-la-ganaderia-vacuna\/","name":"Destacan el potencial de crecimiento de la ganader\u00eda vacuna. | Proagro","isPartOf":{"@id":"https:\/\/proagrolab.com.ar\/#website"},"primaryImageOfPage":{"@id":"https:\/\/proagrolab.com.ar\/destacan-el-potencial-de-crecimiento-de-la-ganaderia-vacuna\/#primaryimage"},"image":{"@id":"https:\/\/proagrolab.com.ar\/destacan-el-potencial-de-crecimiento-de-la-ganaderia-vacuna\/#primaryimage"},"thumbnailUrl":"https:\/\/proagrolab.com.ar\/wp-content\/uploads\/2015\/01\/g_k80v4wtnu__Vacas-Hereford-2.jpg","datePublished":"2014-05-23T00:00:01+00:00","dateModified":"2020-07-01T19:37:11+00:00","breadcrumb":{"@id":"https:\/\/proagrolab.com.ar\/destacan-el-potencial-de-crecimiento-de-la-ganaderia-vacuna\/#breadcrumb"},"inLanguage":"en-US","potentialAction":[{"@type":"ReadAction","target":["https:\/\/proagrolab.com.ar\/destacan-el-potencial-de-crecimiento-de-la-ganaderia-vacuna\/"]}]},{"@type":"ImageObject","inLanguage":"en-US","@id":"https:\/\/proagrolab.com.ar\/destacan-el-potencial-de-crecimiento-de-la-ganaderia-vacuna\/#primaryimage","url":"https:\/\/proagrolab.com.ar\/wp-content\/uploads\/2015\/01\/g_k80v4wtnu__Vacas-Hereford-2.jpg","contentUrl":"https:\/\/proagrolab.com.ar\/wp-content\/uploads\/2015\/01\/g_k80v4wtnu__Vacas-Hereford-2.jpg","width":450,"height":208},{"@type":"BreadcrumbList","@id":"https:\/\/proagrolab.com.ar\/destacan-el-potencial-de-crecimiento-de-la-ganaderia-vacuna\/#breadcrumb","itemListElement":[{"@type":"ListItem","position":1,"name":"Portada","item":"https:\/\/proagrolab.com.ar\/"},{"@type":"ListItem","position":2,"name":"Destacan el potencial de crecimiento de la ganader\u00eda vacuna."}]},{"@type":"WebSite","@id":"https:\/\/proagrolab.com.ar\/#website","url":"https:\/\/proagrolab.com.ar\/","name":"Proagro Laboratorio Veterinario","description":"Veterinary laboratory","publisher":{"@id":"https:\/\/proagrolab.com.ar\/#organization"},"potentialAction":[{"@type":"SearchAction","target":{"@type":"EntryPoint","urlTemplate":"https:\/\/proagrolab.com.ar\/?s={search_term_string}"},"query-input":{"@type":"PropertyValueSpecification","valueRequired":true,"valueName":"search_term_string"}}],"inLanguage":"en-US"},{"@type":"Organization","@id":"https:\/\/proagrolab.com.ar\/#organization","name":"Proagro","url":"https:\/\/proagrolab.com.ar\/","logo":{"@type":"ImageObject","inLanguage":"en-US","@id":"https:\/\/proagrolab.com.ar\/#\/schema\/logo\/image\/","url":"https:\/\/proagrolab.com.ar\/wp-content\/uploads\/2020\/04\/logo-retina.png","contentUrl":"https:\/\/proagrolab.com.ar\/wp-content\/uploads\/2020\/04\/logo-retina.png","width":478,"height":120,"caption":"Proagro"},"image":{"@id":"https:\/\/proagrolab.com.ar\/#\/schema\/logo\/image\/"},"sameAs":["http:\/\/www.facebook.com\/proagrolab","https:\/\/www.instagram.com\/proagrolab\/","https:\/\/www.linkedin.com\/company\/laboratorio-proagro-s-a\/"]},{"@type":"Person","@id":"https:\/\/proagrolab.com.ar\/#\/schema\/person\/38003ff90bf80381f71c7d922d207444","name":"proagrolab"}]}},"_links":{"self":[{"href":"https:\/\/proagrolab.com.ar\/en\/wp-json\/wp\/v2\/posts\/6141","targetHints":{"allow":["GET"]}}],"collection":[{"href":"https:\/\/proagrolab.com.ar\/en\/wp-json\/wp\/v2\/posts"}],"about":[{"href":"https:\/\/proagrolab.com.ar\/en\/wp-json\/wp\/v2\/types\/post"}],"author":[{"embeddable":true,"href":"https:\/\/proagrolab.com.ar\/en\/wp-json\/wp\/v2\/users\/2"}],"replies":[{"embeddable":true,"href":"https:\/\/proagrolab.com.ar\/en\/wp-json\/wp\/v2\/comments?post=6141"}],"version-history":[{"count":1,"href":"https:\/\/proagrolab.com.ar\/en\/wp-json\/wp\/v2\/posts\/6141\/revisions"}],"predecessor-version":[{"id":14485,"href":"https:\/\/proagrolab.com.ar\/en\/wp-json\/wp\/v2\/posts\/6141\/revisions\/14485"}],"wp:featuredmedia":[{"embeddable":true,"href":"https:\/\/proagrolab.com.ar\/en\/wp-json\/wp\/v2\/media\/2628"}],"wp:attachment":[{"href":"https:\/\/proagrolab.com.ar\/en\/wp-json\/wp\/v2\/media?parent=6141"}],"wp:term":[{"taxonomy":"category","embeddable":true,"href":"https:\/\/proagrolab.com.ar\/en\/wp-json\/wp\/v2\/categories?post=6141"},{"taxonomy":"post_tag","embeddable":true,"href":"https:\/\/proagrolab.com.ar\/en\/wp-json\/wp\/v2\/tags?post=6141"}],"curies":[{"name":"wp","href":"https:\/\/api.w.org\/{rel}","templated":true}]}}