{"id":6140,"date":"2014-05-22T00:00:01","date_gmt":"2014-05-22T00:00:01","guid":{"rendered":"https:\/\/proagrolab.com.ar\/pensar-en-el-invierno\/"},"modified":"2020-07-01T19:36:47","modified_gmt":"2020-07-01T19:36:47","slug":"pensar-en-el-invierno","status":"publish","type":"post","link":"https:\/\/proagrolab.com.ar\/en\/pensar-en-el-invierno\/","title":{"rendered":"Pensar en el invierno."},"content":{"rendered":"<p class=\"qtranxs-available-languages-message qtranxs-available-languages-message-en\"> <\/p><p>Por INTA.<\/p>\n<p>Se present\u00f3 un verdeo multiprop\u00f3sito que se destaca por su alta producci\u00f3n de forraje, gran rusticidad y excelente valor nutritivo. Es ideal para tambos, invernadas y sistemas de cr\u00eda.<\/p>\n<p>Se present\u00f3 una nueva variedad de cebada forrajera. Se trata de Rayen INTA, un verdeo multiprop\u00f3sito que se destaca por la producci\u00f3n de forraje de calidad durante el invierno, sanidad y tolerancia a sequ\u00eda y bajas temperaturas.<\/p>\n<p>El cultivar fue seleccionado por su producci\u00f3n total de forraje, capacidad de rebrote, velocidad de crecimiento y resistencia a las principales enfermedades. Fernando Gimenez, especialista del INTA Bordenave, se\u00f1al\u00f3 que todas estas condiciones la ubican como \u0093una cebada pastoril ideal para aumentar y estabilizar la producci\u00f3n en las cadenas de forraje en distintos ambientes y sistemas de producci\u00f3n\u0094.<\/p>\n<p>Rayen INTA se destaca por el aporte de forraje de calidad en oto\u00f1o y durante el invierno. \u0093Gracias al desarrollo inicial acelerado del sistema radicular y su versatilidad, supera ampliamente a los cultivares de cebada forrajera y a otros verdeos\u0094, expres\u00f3 Gimenez.<\/p>\n<p>La nueva variedad se caracteriza por su porte vegetativo semi erecto, altura mediana, con espigas de seis hileras, alta capacidad de producci\u00f3n de macollos y hojas m\u00e1s largas y anchas con vainas m\u00e1s cortas que otros cultivares.<\/p>\n<p>\u0093Es \u00fanica en su tipo\u0094, dijo Gimenez y asegur\u00f3: \u0093Con un pastoreo controlado se pueden obtener hasta 6.000 kilogramos de materia seca por hect\u00e1rea. Lo que permite hacer al menos tres pastoreos durante el ciclo vegetativo del verdeo\u0094.<\/p>\n<p>Para optimizar su uso se recomienda el pastoreo controlado en franjas con descansos en funci\u00f3n del forraje acumulado. \u0093As\u00ed, el momento \u00f3ptimo del primer ingreso al verdeo es cuando alcanza de 20 a 25 cent\u00edmetros de altura y se cubre el entresurco\u0094, indic\u00f3.<\/p>\n<p>Adaptada a pastoreo intensivo es tolerante al pisoteo y al arrancado de plantas y posee un excelente rebrote. De hecho, \u0093el primer pastoreo se puede hacer a los 35 d\u00edas post-emergencia en siembras realizadas de mediados de febrero a abril\u0094, explic\u00f3 el t\u00e9cnico del INTA.<\/p>\n<p>De acuerdo con Gimenez, Rayen INTA tiene gran rusticidad, soporta altas temperaturas de suelo lo que permite siembras a partir de mediados de febrero. Adem\u00e1s, \u0093tiene mayor tolerancia a salinidad debido a que puede implantarse en suelos con 10 deci Siemens por metro de conductividad el\u00e9ctrica y en suelos alcalinos con pH de 8,5\u0094, expres\u00f3 y asegur\u00f3: \u0093Es la opci\u00f3n forrajera de mayor velocidad de implantaci\u00f3n, independientemente de su fecha de siembra, a\u00fan en suelos de baja fertilidad y ambientes con reducida disponibilidad de agua en oto\u00f1o-invierno\u0094.<\/p>\n<p>La nueva variedad supera las limitantes de otros cultivares y especies de verdeos. Posee \u0093excelente resistencia gen\u00e9tica al complejo de enfermedades de hoja y tallo \u0096como royas, manchas y ramularia\u0096 y al virus del enanismo amarillo de la cebada\u0094, dijo Gimenez.<\/p>\n<p>Asimismo, Rayen INTA presenta una gran versatilidad de uso: pastoreo, heno, ensilaje y cultivo de cobertura, entre otros. Seg\u00fan Gimenez, \u0093el valor nutritivo es de excelente calidad. La alta velocidad de secado la ubican como una buena opci\u00f3n para heno y para silaje\u0094.<\/p>\n<p>Gimenez se\u00f1al\u00f3 que durante el proceso de mejoramiento gen\u00e9tico se incluy\u00f3 el pastoreo para favorecer la selecci\u00f3n seg\u00fan los atributos de producci\u00f3n forrajera, lo que \u0093posibilit\u00f3 evaluar su comportamiento en condiciones de uso pastoril en diferentes ambientes, sistemas de producci\u00f3n y manejos\u0094.<\/p>\n<p>La multiplicaci\u00f3n y comercializaci\u00f3n de Rayen INTA se realizar\u00e1 mediante un convenio de vinculaci\u00f3n tecnol\u00f3gica firmado con la empresa Barenbrug, quien posee la comercializaci\u00f3n exclusiva de semillas fiscalizadas y de alto valor cultural.<\/p>\n<p>\u0093Gracias al desarrollo inicial acelerado del sistema radicular y su versatilidad, supera ampliamente a los cultivares de cebada forrajera y a otros verdeos\u0094, expres\u00f3 Gimenez.<\/p>\n<p><i>La clave est\u00e1 en el manejo<\/i><br \/>Para promover el macollaje y estimular rebrotes futuros, el especialista del INTA recomienda no retrasar el primer pastoreo, que se puede realizar a partir de los 35 d\u00edas luego de la emergencia.<\/p>\n<p>\u0093Este primer pastoreo deber\u00e1 realizarse sobre el mediod\u00eda para evitar el consumo excesivo de agua en relaci\u00f3n a la ingesta de materia seca y, adem\u00e1s, evitar pisoteos intensos con desperdicio de pastura y da\u00f1os a las plantas\u0094, explic\u00f3 Gimenez y agreg\u00f3: Es importante respetar un remanente m\u00ednimo de 10 cent\u00edmetros de forraje y per\u00edodos de ocupaci\u00f3n no mayores a 5 d\u00edas.<\/p>\n<p>\u0093Como todos los verdeos de invierno, es importante considerar el suministro de heno o silo de buena calidad durante el primer pastoreo para evitar desbalances nutricionales debido al alto contenido de inicial de prote\u00edna del forraje\u0094, expres\u00f3 el t\u00e9cnico.<\/p>\n<p>En verdeos de Rayen INTA manejados adecuadamente, el retiro de los animales y la fertilizaci\u00f3n nitrogenada \u0096al inicio de la primavera\u0096 permitir\u00e1 acumular forraje para obtener altos vol\u00famenes de heno o silo de excelente calidad.<\/p>\n<p>Fuente: Revista Chacra, 21 de mayo.<br \/><\/p>","protected":false},"excerpt":{"rendered":"<p>Por INTA. Se present\u00f3 un verdeo multiprop\u00f3sito que se destaca por su alta producci\u00f3n de forraje, gran rusticidad y excelente valor nutritivo. Es ideal para tambos, invernadas y sistemas de cr\u00eda. Se present\u00f3 una nueva variedad de cebada forrajera. Se trata de Rayen INTA, un verdeo multiprop\u00f3sito que se destaca por la producci\u00f3n de forraje de calidad durante el invierno, sanidad y tolerancia a sequ\u00eda y bajas temperaturas. El cultivar fue seleccionado por su producci\u00f3n total de forraje, capacidad de rebrote, velocidad de crecimiento y resistencia a las principales enfermedades. Fernando Gimenez, especialista del INTA Bordenave, se\u00f1al\u00f3 que todas estas condiciones la ubican como \u0093una cebada pastoril ideal para aumentar y estabilizar la producci\u00f3n en las cadenas de forraje en distintos ambientes y sistemas de producci\u00f3n\u0094. Rayen INTA se destaca por el aporte de forraje de calidad en oto\u00f1o y durante el invierno. \u0093Gracias al desarrollo inicial acelerado del sistema radicular y su versatilidad, supera ampliamente a los cultivares de cebada forrajera y a otros verdeos\u0094, expres\u00f3 Gimenez. La nueva variedad se caracteriza por su porte vegetativo semi erecto, altura mediana, con espigas de seis hileras, alta capacidad de producci\u00f3n de macollos y hojas m\u00e1s largas y anchas con vainas [&hellip;]<\/p>\n","protected":false},"author":2,"featured_media":2627,"comment_status":"closed","ping_status":"open","sticky":false,"template":"","format":"standard","meta":{"_acf_changed":false,"footnotes":""},"categories":[56],"tags":[],"class_list":["post-6140","post","type-post","status-publish","format-standard","has-post-thumbnail","hentry","category-infoganadero"],"acf":[],"yoast_head":"<!-- This site is optimized with the Yoast SEO plugin v27.4 - https:\/\/yoast.com\/product\/yoast-seo-wordpress\/ -->\n<title>Pensar en el invierno. | Proagro<\/title>\n<meta name=\"robots\" content=\"index, follow, max-snippet:-1, max-image-preview:large, max-video-preview:-1\" \/>\n<link rel=\"canonical\" href=\"https:\/\/proagrolab.com.ar\/en\/pensar-en-el-invierno\/\" \/>\n<meta property=\"og:locale\" content=\"en_US\" \/>\n<meta property=\"og:type\" content=\"article\" \/>\n<meta property=\"og:title\" content=\"Pensar en el invierno. | Proagro\" \/>\n<meta property=\"og:description\" content=\"Por INTA. Se present\u00f3 un verdeo multiprop\u00f3sito que se destaca por su alta producci\u00f3n de forraje, gran rusticidad y excelente valor nutritivo. Es ideal para tambos, invernadas y sistemas de cr\u00eda. Se present\u00f3 una nueva variedad de cebada forrajera. Se trata de Rayen INTA, un verdeo multiprop\u00f3sito que se destaca por la producci\u00f3n de forraje de calidad durante el invierno, sanidad y tolerancia a sequ\u00eda y bajas temperaturas. El cultivar fue seleccionado por su producci\u00f3n total de forraje, capacidad de rebrote, velocidad de crecimiento y resistencia a las principales enfermedades. Fernando Gimenez, especialista del INTA Bordenave, se\u00f1al\u00f3 que todas estas condiciones la ubican como \u0093una cebada pastoril ideal para aumentar y estabilizar la producci\u00f3n en las cadenas de forraje en distintos ambientes y sistemas de producci\u00f3n\u0094. Rayen INTA se destaca por el aporte de forraje de calidad en oto\u00f1o y durante el invierno. \u0093Gracias al desarrollo inicial acelerado del sistema radicular y su versatilidad, supera ampliamente a los cultivares de cebada forrajera y a otros verdeos\u0094, expres\u00f3 Gimenez. La nueva variedad se caracteriza por su porte vegetativo semi erecto, altura mediana, con espigas de seis hileras, alta capacidad de producci\u00f3n de macollos y hojas m\u00e1s largas y anchas con vainas [&hellip;]\" \/>\n<meta property=\"og:url\" content=\"https:\/\/proagrolab.com.ar\/pensar-en-el-invierno\/\" \/>\n<meta property=\"og:site_name\" content=\"Proagro\" \/>\n<meta property=\"article:publisher\" content=\"http:\/\/www.facebook.com\/proagrolab\" \/>\n<meta property=\"article:published_time\" content=\"2014-05-22T00:00:01+00:00\" \/>\n<meta property=\"article:modified_time\" content=\"2020-07-01T19:36:47+00:00\" \/>\n<meta property=\"og:image\" content=\"https:\/\/proagrolab.com.ar\/wp-content\/uploads\/2015\/01\/g_85y2m5wgd__Rayen-INtA.jpg\" \/>\n\t<meta property=\"og:image:width\" content=\"450\" \/>\n\t<meta property=\"og:image:height\" content=\"208\" \/>\n\t<meta property=\"og:image:type\" content=\"image\/jpeg\" \/>\n<meta name=\"author\" content=\"proagrolab\" \/>\n<meta name=\"twitter:card\" content=\"summary_large_image\" \/>\n<meta name=\"twitter:label1\" content=\"Written by\" \/>\n\t<meta name=\"twitter:data1\" content=\"proagrolab\" \/>\n\t<meta name=\"twitter:label2\" content=\"Est. reading time\" \/>\n\t<meta name=\"twitter:data2\" content=\"4 minutes\" \/>\n<script type=\"application\/ld+json\" class=\"yoast-schema-graph\">{\"@context\":\"https:\\\/\\\/schema.org\",\"@graph\":[{\"@type\":\"Article\",\"@id\":\"https:\\\/\\\/proagrolab.com.ar\\\/pensar-en-el-invierno\\\/#article\",\"isPartOf\":{\"@id\":\"https:\\\/\\\/proagrolab.com.ar\\\/pensar-en-el-invierno\\\/\"},\"author\":{\"name\":\"proagrolab\",\"@id\":\"https:\\\/\\\/proagrolab.com.ar\\\/#\\\/schema\\\/person\\\/38003ff90bf80381f71c7d922d207444\"},\"headline\":\"Pensar en el invierno.\",\"datePublished\":\"2014-05-22T00:00:01+00:00\",\"dateModified\":\"2020-07-01T19:36:47+00:00\",\"mainEntityOfPage\":{\"@id\":\"https:\\\/\\\/proagrolab.com.ar\\\/pensar-en-el-invierno\\\/\"},\"wordCount\":828,\"publisher\":{\"@id\":\"https:\\\/\\\/proagrolab.com.ar\\\/#organization\"},\"image\":{\"@id\":\"https:\\\/\\\/proagrolab.com.ar\\\/pensar-en-el-invierno\\\/#primaryimage\"},\"thumbnailUrl\":\"https:\\\/\\\/proagrolab.com.ar\\\/wp-content\\\/uploads\\\/2015\\\/01\\\/g_85y2m5wgd__Rayen-INtA.jpg\",\"articleSection\":[\"News\"],\"inLanguage\":\"en-US\"},{\"@type\":\"WebPage\",\"@id\":\"https:\\\/\\\/proagrolab.com.ar\\\/pensar-en-el-invierno\\\/\",\"url\":\"https:\\\/\\\/proagrolab.com.ar\\\/pensar-en-el-invierno\\\/\",\"name\":\"Pensar en el invierno. | Proagro\",\"isPartOf\":{\"@id\":\"https:\\\/\\\/proagrolab.com.ar\\\/#website\"},\"primaryImageOfPage\":{\"@id\":\"https:\\\/\\\/proagrolab.com.ar\\\/pensar-en-el-invierno\\\/#primaryimage\"},\"image\":{\"@id\":\"https:\\\/\\\/proagrolab.com.ar\\\/pensar-en-el-invierno\\\/#primaryimage\"},\"thumbnailUrl\":\"https:\\\/\\\/proagrolab.com.ar\\\/wp-content\\\/uploads\\\/2015\\\/01\\\/g_85y2m5wgd__Rayen-INtA.jpg\",\"datePublished\":\"2014-05-22T00:00:01+00:00\",\"dateModified\":\"2020-07-01T19:36:47+00:00\",\"breadcrumb\":{\"@id\":\"https:\\\/\\\/proagrolab.com.ar\\\/pensar-en-el-invierno\\\/#breadcrumb\"},\"inLanguage\":\"en-US\",\"potentialAction\":[{\"@type\":\"ReadAction\",\"target\":[\"https:\\\/\\\/proagrolab.com.ar\\\/pensar-en-el-invierno\\\/\"]}]},{\"@type\":\"ImageObject\",\"inLanguage\":\"en-US\",\"@id\":\"https:\\\/\\\/proagrolab.com.ar\\\/pensar-en-el-invierno\\\/#primaryimage\",\"url\":\"https:\\\/\\\/proagrolab.com.ar\\\/wp-content\\\/uploads\\\/2015\\\/01\\\/g_85y2m5wgd__Rayen-INtA.jpg\",\"contentUrl\":\"https:\\\/\\\/proagrolab.com.ar\\\/wp-content\\\/uploads\\\/2015\\\/01\\\/g_85y2m5wgd__Rayen-INtA.jpg\",\"width\":450,\"height\":208},{\"@type\":\"BreadcrumbList\",\"@id\":\"https:\\\/\\\/proagrolab.com.ar\\\/pensar-en-el-invierno\\\/#breadcrumb\",\"itemListElement\":[{\"@type\":\"ListItem\",\"position\":1,\"name\":\"Portada\",\"item\":\"https:\\\/\\\/proagrolab.com.ar\\\/\"},{\"@type\":\"ListItem\",\"position\":2,\"name\":\"Pensar en el invierno.\"}]},{\"@type\":\"WebSite\",\"@id\":\"https:\\\/\\\/proagrolab.com.ar\\\/#website\",\"url\":\"https:\\\/\\\/proagrolab.com.ar\\\/\",\"name\":\"Proagro Laboratorio Veterinario\",\"description\":\"Veterinary laboratory\",\"publisher\":{\"@id\":\"https:\\\/\\\/proagrolab.com.ar\\\/#organization\"},\"potentialAction\":[{\"@type\":\"SearchAction\",\"target\":{\"@type\":\"EntryPoint\",\"urlTemplate\":\"https:\\\/\\\/proagrolab.com.ar\\\/?s={search_term_string}\"},\"query-input\":{\"@type\":\"PropertyValueSpecification\",\"valueRequired\":true,\"valueName\":\"search_term_string\"}}],\"inLanguage\":\"en-US\"},{\"@type\":\"Organization\",\"@id\":\"https:\\\/\\\/proagrolab.com.ar\\\/#organization\",\"name\":\"Proagro\",\"url\":\"https:\\\/\\\/proagrolab.com.ar\\\/\",\"logo\":{\"@type\":\"ImageObject\",\"inLanguage\":\"en-US\",\"@id\":\"https:\\\/\\\/proagrolab.com.ar\\\/#\\\/schema\\\/logo\\\/image\\\/\",\"url\":\"https:\\\/\\\/proagrolab.com.ar\\\/wp-content\\\/uploads\\\/2020\\\/04\\\/logo-retina.png\",\"contentUrl\":\"https:\\\/\\\/proagrolab.com.ar\\\/wp-content\\\/uploads\\\/2020\\\/04\\\/logo-retina.png\",\"width\":478,\"height\":120,\"caption\":\"Proagro\"},\"image\":{\"@id\":\"https:\\\/\\\/proagrolab.com.ar\\\/#\\\/schema\\\/logo\\\/image\\\/\"},\"sameAs\":[\"http:\\\/\\\/www.facebook.com\\\/proagrolab\",\"https:\\\/\\\/www.instagram.com\\\/proagrolab\\\/\",\"https:\\\/\\\/www.linkedin.com\\\/company\\\/laboratorio-proagro-s-a\\\/\"]},{\"@type\":\"Person\",\"@id\":\"https:\\\/\\\/proagrolab.com.ar\\\/#\\\/schema\\\/person\\\/38003ff90bf80381f71c7d922d207444\",\"name\":\"proagrolab\"}]}<\/script>\n<!-- \/ Yoast SEO plugin. -->","yoast_head_json":{"title":"Pensar en el invierno. | Proagro","robots":{"index":"index","follow":"follow","max-snippet":"max-snippet:-1","max-image-preview":"max-image-preview:large","max-video-preview":"max-video-preview:-1"},"canonical":"https:\/\/proagrolab.com.ar\/en\/pensar-en-el-invierno\/","og_locale":"en_US","og_type":"article","og_title":"Pensar en el invierno. | Proagro","og_description":"Por INTA. Se present\u00f3 un verdeo multiprop\u00f3sito que se destaca por su alta producci\u00f3n de forraje, gran rusticidad y excelente valor nutritivo. Es ideal para tambos, invernadas y sistemas de cr\u00eda. Se present\u00f3 una nueva variedad de cebada forrajera. Se trata de Rayen INTA, un verdeo multiprop\u00f3sito que se destaca por la producci\u00f3n de forraje de calidad durante el invierno, sanidad y tolerancia a sequ\u00eda y bajas temperaturas. El cultivar fue seleccionado por su producci\u00f3n total de forraje, capacidad de rebrote, velocidad de crecimiento y resistencia a las principales enfermedades. Fernando Gimenez, especialista del INTA Bordenave, se\u00f1al\u00f3 que todas estas condiciones la ubican como \u0093una cebada pastoril ideal para aumentar y estabilizar la producci\u00f3n en las cadenas de forraje en distintos ambientes y sistemas de producci\u00f3n\u0094. Rayen INTA se destaca por el aporte de forraje de calidad en oto\u00f1o y durante el invierno. \u0093Gracias al desarrollo inicial acelerado del sistema radicular y su versatilidad, supera ampliamente a los cultivares de cebada forrajera y a otros verdeos\u0094, expres\u00f3 Gimenez. La nueva variedad se caracteriza por su porte vegetativo semi erecto, altura mediana, con espigas de seis hileras, alta capacidad de producci\u00f3n de macollos y hojas m\u00e1s largas y anchas con vainas [&hellip;]","og_url":"https:\/\/proagrolab.com.ar\/pensar-en-el-invierno\/","og_site_name":"Proagro","article_publisher":"http:\/\/www.facebook.com\/proagrolab","article_published_time":"2014-05-22T00:00:01+00:00","article_modified_time":"2020-07-01T19:36:47+00:00","og_image":[{"width":450,"height":208,"url":"https:\/\/proagrolab.com.ar\/wp-content\/uploads\/2015\/01\/g_85y2m5wgd__Rayen-INtA.jpg","type":"image\/jpeg"}],"author":"proagrolab","twitter_card":"summary_large_image","twitter_misc":{"Written by":"proagrolab","Est. reading time":"4 minutes"},"schema":{"@context":"https:\/\/schema.org","@graph":[{"@type":"Article","@id":"https:\/\/proagrolab.com.ar\/pensar-en-el-invierno\/#article","isPartOf":{"@id":"https:\/\/proagrolab.com.ar\/pensar-en-el-invierno\/"},"author":{"name":"proagrolab","@id":"https:\/\/proagrolab.com.ar\/#\/schema\/person\/38003ff90bf80381f71c7d922d207444"},"headline":"Pensar en el invierno.","datePublished":"2014-05-22T00:00:01+00:00","dateModified":"2020-07-01T19:36:47+00:00","mainEntityOfPage":{"@id":"https:\/\/proagrolab.com.ar\/pensar-en-el-invierno\/"},"wordCount":828,"publisher":{"@id":"https:\/\/proagrolab.com.ar\/#organization"},"image":{"@id":"https:\/\/proagrolab.com.ar\/pensar-en-el-invierno\/#primaryimage"},"thumbnailUrl":"https:\/\/proagrolab.com.ar\/wp-content\/uploads\/2015\/01\/g_85y2m5wgd__Rayen-INtA.jpg","articleSection":["News"],"inLanguage":"en-US"},{"@type":"WebPage","@id":"https:\/\/proagrolab.com.ar\/pensar-en-el-invierno\/","url":"https:\/\/proagrolab.com.ar\/pensar-en-el-invierno\/","name":"Pensar en el invierno. | Proagro","isPartOf":{"@id":"https:\/\/proagrolab.com.ar\/#website"},"primaryImageOfPage":{"@id":"https:\/\/proagrolab.com.ar\/pensar-en-el-invierno\/#primaryimage"},"image":{"@id":"https:\/\/proagrolab.com.ar\/pensar-en-el-invierno\/#primaryimage"},"thumbnailUrl":"https:\/\/proagrolab.com.ar\/wp-content\/uploads\/2015\/01\/g_85y2m5wgd__Rayen-INtA.jpg","datePublished":"2014-05-22T00:00:01+00:00","dateModified":"2020-07-01T19:36:47+00:00","breadcrumb":{"@id":"https:\/\/proagrolab.com.ar\/pensar-en-el-invierno\/#breadcrumb"},"inLanguage":"en-US","potentialAction":[{"@type":"ReadAction","target":["https:\/\/proagrolab.com.ar\/pensar-en-el-invierno\/"]}]},{"@type":"ImageObject","inLanguage":"en-US","@id":"https:\/\/proagrolab.com.ar\/pensar-en-el-invierno\/#primaryimage","url":"https:\/\/proagrolab.com.ar\/wp-content\/uploads\/2015\/01\/g_85y2m5wgd__Rayen-INtA.jpg","contentUrl":"https:\/\/proagrolab.com.ar\/wp-content\/uploads\/2015\/01\/g_85y2m5wgd__Rayen-INtA.jpg","width":450,"height":208},{"@type":"BreadcrumbList","@id":"https:\/\/proagrolab.com.ar\/pensar-en-el-invierno\/#breadcrumb","itemListElement":[{"@type":"ListItem","position":1,"name":"Portada","item":"https:\/\/proagrolab.com.ar\/"},{"@type":"ListItem","position":2,"name":"Pensar en el invierno."}]},{"@type":"WebSite","@id":"https:\/\/proagrolab.com.ar\/#website","url":"https:\/\/proagrolab.com.ar\/","name":"Proagro Laboratorio Veterinario","description":"Veterinary laboratory","publisher":{"@id":"https:\/\/proagrolab.com.ar\/#organization"},"potentialAction":[{"@type":"SearchAction","target":{"@type":"EntryPoint","urlTemplate":"https:\/\/proagrolab.com.ar\/?s={search_term_string}"},"query-input":{"@type":"PropertyValueSpecification","valueRequired":true,"valueName":"search_term_string"}}],"inLanguage":"en-US"},{"@type":"Organization","@id":"https:\/\/proagrolab.com.ar\/#organization","name":"Proagro","url":"https:\/\/proagrolab.com.ar\/","logo":{"@type":"ImageObject","inLanguage":"en-US","@id":"https:\/\/proagrolab.com.ar\/#\/schema\/logo\/image\/","url":"https:\/\/proagrolab.com.ar\/wp-content\/uploads\/2020\/04\/logo-retina.png","contentUrl":"https:\/\/proagrolab.com.ar\/wp-content\/uploads\/2020\/04\/logo-retina.png","width":478,"height":120,"caption":"Proagro"},"image":{"@id":"https:\/\/proagrolab.com.ar\/#\/schema\/logo\/image\/"},"sameAs":["http:\/\/www.facebook.com\/proagrolab","https:\/\/www.instagram.com\/proagrolab\/","https:\/\/www.linkedin.com\/company\/laboratorio-proagro-s-a\/"]},{"@type":"Person","@id":"https:\/\/proagrolab.com.ar\/#\/schema\/person\/38003ff90bf80381f71c7d922d207444","name":"proagrolab"}]}},"_links":{"self":[{"href":"https:\/\/proagrolab.com.ar\/en\/wp-json\/wp\/v2\/posts\/6140","targetHints":{"allow":["GET"]}}],"collection":[{"href":"https:\/\/proagrolab.com.ar\/en\/wp-json\/wp\/v2\/posts"}],"about":[{"href":"https:\/\/proagrolab.com.ar\/en\/wp-json\/wp\/v2\/types\/post"}],"author":[{"embeddable":true,"href":"https:\/\/proagrolab.com.ar\/en\/wp-json\/wp\/v2\/users\/2"}],"replies":[{"embeddable":true,"href":"https:\/\/proagrolab.com.ar\/en\/wp-json\/wp\/v2\/comments?post=6140"}],"version-history":[{"count":1,"href":"https:\/\/proagrolab.com.ar\/en\/wp-json\/wp\/v2\/posts\/6140\/revisions"}],"predecessor-version":[{"id":14480,"href":"https:\/\/proagrolab.com.ar\/en\/wp-json\/wp\/v2\/posts\/6140\/revisions\/14480"}],"wp:featuredmedia":[{"embeddable":true,"href":"https:\/\/proagrolab.com.ar\/en\/wp-json\/wp\/v2\/media\/2627"}],"wp:attachment":[{"href":"https:\/\/proagrolab.com.ar\/en\/wp-json\/wp\/v2\/media?parent=6140"}],"wp:term":[{"taxonomy":"category","embeddable":true,"href":"https:\/\/proagrolab.com.ar\/en\/wp-json\/wp\/v2\/categories?post=6140"},{"taxonomy":"post_tag","embeddable":true,"href":"https:\/\/proagrolab.com.ar\/en\/wp-json\/wp\/v2\/tags?post=6140"}],"curies":[{"name":"wp","href":"https:\/\/api.w.org\/{rel}","templated":true}]}}