{"id":6137,"date":"2014-05-21T00:00:01","date_gmt":"2014-05-21T00:00:01","guid":{"rendered":"https:\/\/proagrolab.com.ar\/union-europea-sube-cuota-de-ingreso-de-carne-porcina-de-chile-en-mil-toneladas\/"},"modified":"2020-07-01T19:35:19","modified_gmt":"2020-07-01T19:35:19","slug":"union-europea-sube-cuota-de-ingreso-de-carne-porcina-de-chile-en-mil-toneladas","status":"publish","type":"post","link":"https:\/\/proagrolab.com.ar\/en\/union-europea-sube-cuota-de-ingreso-de-carne-porcina-de-chile-en-mil-toneladas\/","title":{"rendered":"Uni\u00f3n Europea sube cuota de ingreso de carne porcina de Chile en mil toneladas."},"content":{"rendered":"<p class=\"qtranxs-available-languages-message qtranxs-available-languages-message-en\"> <\/p><p>En mil toneladas se incrementar\u00e1 la cuota de ingreso de carne de cerdo congelada libre de aranceles de Chile a la Uni\u00f3n Europea (UE), tras un reciente acuerdo logrado entre autoridades de la Direcci\u00f3n General de Relaciones Econ\u00f3micas Internacionales (DIRECON) y de dicho bloque.&nbsp; <\/p>\n<p>La negociaci\u00f3n se gener\u00f3 tras el ingreso de Croacia a la UE y la consiguiente ampliaci\u00f3n de rebajas arancelarias por parte de Chile a ese pa\u00eds. As\u00ed se dieron las condiciones para solicitar una compensaci\u00f3n a la UE, considerando que es un mercado de importancia para este producto chileno.<\/p>\n<p>\u0093Las cuotas son herramientas muy \u00fatiles porque permiten el ingreso a mercados m\u00e1s restrictivos, entonces, esta cantidad, que se sumar\u00e1 a la cuota de siete mil toneladas vigente hasta el a\u00f1o 2013, ampliar\u00e1 en al menos un 15% el horizonte de oportunidades para este producto en un mercado tan importante para Chile como es Europa\u0094, destac\u00f3 el Director de Direcon, Andr\u00e9s Rebolledo.<\/p>\n<p>Por su parte, el Presidente de la Asociaci\u00f3n de Productores de Cerdo (Asprocer), Juan Miguel Ovalle destac\u00f3 este logro, indicando que, \u0093hab\u00edamos solicitado este aumento durante varios a\u00f1os pues la cuota a la UE siempre nos quedaba muy peque\u00f1a y ahora este aumento con arancel cero, nos permitir\u00e1 seguir mejorando nuestra posici\u00f3n competitiva en un mercado altamente exigente, gran productor de carne de cerdo y por ende, con aranceles altos\u0094.<\/p>\n<p>Seg\u00fan esta organizaci\u00f3n, el sector porcino chileno lleva m\u00e1s de 10 a\u00f1os exportando a la UE, con crecimientos promedio anuales de 11% en valor FOB, llegando a exportar US$ 31 millones como promedio en los \u00faltimos cinco a\u00f1os.<\/p>\n<p>Fuente: Carnetec, 19 de mayo.<br \/><\/p>","protected":false},"excerpt":{"rendered":"<p>En mil toneladas se incrementar\u00e1 la cuota de ingreso de carne de cerdo congelada libre de aranceles de Chile a la Uni\u00f3n Europea (UE), tras un reciente acuerdo logrado entre autoridades de la Direcci\u00f3n General de Relaciones Econ\u00f3micas Internacionales (DIRECON) y de dicho bloque.&nbsp; La negociaci\u00f3n se gener\u00f3 tras el ingreso de Croacia a la UE y la consiguiente ampliaci\u00f3n de rebajas arancelarias por parte de Chile a ese pa\u00eds. As\u00ed se dieron las condiciones para solicitar una compensaci\u00f3n a la UE, considerando que es un mercado de importancia para este producto chileno. \u0093Las cuotas son herramientas muy \u00fatiles porque permiten el ingreso a mercados m\u00e1s restrictivos, entonces, esta cantidad, que se sumar\u00e1 a la cuota de siete mil toneladas vigente hasta el a\u00f1o 2013, ampliar\u00e1 en al menos un 15% el horizonte de oportunidades para este producto en un mercado tan importante para Chile como es Europa\u0094, destac\u00f3 el Director de Direcon, Andr\u00e9s Rebolledo. Por su parte, el Presidente de la Asociaci\u00f3n de Productores de Cerdo (Asprocer), Juan Miguel Ovalle destac\u00f3 este logro, indicando que, \u0093hab\u00edamos solicitado este aumento durante varios a\u00f1os pues la cuota a la UE siempre nos quedaba muy peque\u00f1a y ahora este aumento con arancel [&hellip;]<\/p>\n","protected":false},"author":2,"featured_media":2624,"comment_status":"closed","ping_status":"open","sticky":false,"template":"","format":"standard","meta":{"_acf_changed":false,"footnotes":""},"categories":[56],"tags":[],"class_list":["post-6137","post","type-post","status-publish","format-standard","has-post-thumbnail","hentry","category-infoganadero"],"acf":[],"yoast_head":"<!-- This site is optimized with the Yoast SEO plugin v27.4 - https:\/\/yoast.com\/product\/yoast-seo-wordpress\/ -->\n<title>Uni\u00f3n Europea sube cuota de ingreso de carne porcina de Chile en mil toneladas. | Proagro<\/title>\n<meta name=\"robots\" content=\"index, follow, max-snippet:-1, max-image-preview:large, max-video-preview:-1\" \/>\n<link rel=\"canonical\" href=\"https:\/\/proagrolab.com.ar\/en\/union-europea-sube-cuota-de-ingreso-de-carne-porcina-de-chile-en-mil-toneladas\/\" \/>\n<meta property=\"og:locale\" content=\"en_US\" \/>\n<meta property=\"og:type\" content=\"article\" \/>\n<meta property=\"og:title\" content=\"Uni\u00f3n Europea sube cuota de ingreso de carne porcina de Chile en mil toneladas. | Proagro\" \/>\n<meta property=\"og:description\" content=\"En mil toneladas se incrementar\u00e1 la cuota de ingreso de carne de cerdo congelada libre de aranceles de Chile a la Uni\u00f3n Europea (UE), tras un reciente acuerdo logrado entre autoridades de la Direcci\u00f3n General de Relaciones Econ\u00f3micas Internacionales (DIRECON) y de dicho bloque.&nbsp; La negociaci\u00f3n se gener\u00f3 tras el ingreso de Croacia a la UE y la consiguiente ampliaci\u00f3n de rebajas arancelarias por parte de Chile a ese pa\u00eds. As\u00ed se dieron las condiciones para solicitar una compensaci\u00f3n a la UE, considerando que es un mercado de importancia para este producto chileno. \u0093Las cuotas son herramientas muy \u00fatiles porque permiten el ingreso a mercados m\u00e1s restrictivos, entonces, esta cantidad, que se sumar\u00e1 a la cuota de siete mil toneladas vigente hasta el a\u00f1o 2013, ampliar\u00e1 en al menos un 15% el horizonte de oportunidades para este producto en un mercado tan importante para Chile como es Europa\u0094, destac\u00f3 el Director de Direcon, Andr\u00e9s Rebolledo. Por su parte, el Presidente de la Asociaci\u00f3n de Productores de Cerdo (Asprocer), Juan Miguel Ovalle destac\u00f3 este logro, indicando que, \u0093hab\u00edamos solicitado este aumento durante varios a\u00f1os pues la cuota a la UE siempre nos quedaba muy peque\u00f1a y ahora este aumento con arancel [&hellip;]\" \/>\n<meta property=\"og:url\" content=\"https:\/\/proagrolab.com.ar\/union-europea-sube-cuota-de-ingreso-de-carne-porcina-de-chile-en-mil-toneladas\/\" \/>\n<meta property=\"og:site_name\" content=\"Proagro\" \/>\n<meta property=\"article:publisher\" content=\"http:\/\/www.facebook.com\/proagrolab\" \/>\n<meta property=\"article:published_time\" content=\"2014-05-21T00:00:01+00:00\" \/>\n<meta property=\"article:modified_time\" content=\"2020-07-01T19:35:19+00:00\" \/>\n<meta property=\"og:image\" content=\"https:\/\/proagrolab.com.ar\/wp-content\/uploads\/2015\/01\/g_3l07e22jr__Porcinos-12.jpg\" \/>\n\t<meta property=\"og:image:width\" content=\"450\" \/>\n\t<meta property=\"og:image:height\" content=\"208\" \/>\n\t<meta property=\"og:image:type\" content=\"image\/jpeg\" \/>\n<meta name=\"author\" content=\"proagrolab\" \/>\n<meta name=\"twitter:card\" content=\"summary_large_image\" \/>\n<meta name=\"twitter:label1\" content=\"Written by\" \/>\n\t<meta name=\"twitter:data1\" content=\"proagrolab\" \/>\n\t<meta name=\"twitter:label2\" content=\"Est. reading time\" \/>\n\t<meta name=\"twitter:data2\" content=\"1 minute\" \/>\n<script type=\"application\/ld+json\" class=\"yoast-schema-graph\">{\"@context\":\"https:\\\/\\\/schema.org\",\"@graph\":[{\"@type\":\"Article\",\"@id\":\"https:\\\/\\\/proagrolab.com.ar\\\/union-europea-sube-cuota-de-ingreso-de-carne-porcina-de-chile-en-mil-toneladas\\\/#article\",\"isPartOf\":{\"@id\":\"https:\\\/\\\/proagrolab.com.ar\\\/union-europea-sube-cuota-de-ingreso-de-carne-porcina-de-chile-en-mil-toneladas\\\/\"},\"author\":{\"name\":\"proagrolab\",\"@id\":\"https:\\\/\\\/proagrolab.com.ar\\\/#\\\/schema\\\/person\\\/38003ff90bf80381f71c7d922d207444\"},\"headline\":\"Uni\u00f3n Europea sube cuota de ingreso de carne porcina de Chile en mil toneladas.\",\"datePublished\":\"2014-05-21T00:00:01+00:00\",\"dateModified\":\"2020-07-01T19:35:19+00:00\",\"mainEntityOfPage\":{\"@id\":\"https:\\\/\\\/proagrolab.com.ar\\\/union-europea-sube-cuota-de-ingreso-de-carne-porcina-de-chile-en-mil-toneladas\\\/\"},\"wordCount\":298,\"publisher\":{\"@id\":\"https:\\\/\\\/proagrolab.com.ar\\\/#organization\"},\"image\":{\"@id\":\"https:\\\/\\\/proagrolab.com.ar\\\/union-europea-sube-cuota-de-ingreso-de-carne-porcina-de-chile-en-mil-toneladas\\\/#primaryimage\"},\"thumbnailUrl\":\"https:\\\/\\\/proagrolab.com.ar\\\/wp-content\\\/uploads\\\/2015\\\/01\\\/g_3l07e22jr__Porcinos-12.jpg\",\"articleSection\":[\"News\"],\"inLanguage\":\"en-US\"},{\"@type\":\"WebPage\",\"@id\":\"https:\\\/\\\/proagrolab.com.ar\\\/union-europea-sube-cuota-de-ingreso-de-carne-porcina-de-chile-en-mil-toneladas\\\/\",\"url\":\"https:\\\/\\\/proagrolab.com.ar\\\/union-europea-sube-cuota-de-ingreso-de-carne-porcina-de-chile-en-mil-toneladas\\\/\",\"name\":\"Uni\u00f3n Europea sube cuota de ingreso de carne porcina de Chile en mil toneladas. | Proagro\",\"isPartOf\":{\"@id\":\"https:\\\/\\\/proagrolab.com.ar\\\/#website\"},\"primaryImageOfPage\":{\"@id\":\"https:\\\/\\\/proagrolab.com.ar\\\/union-europea-sube-cuota-de-ingreso-de-carne-porcina-de-chile-en-mil-toneladas\\\/#primaryimage\"},\"image\":{\"@id\":\"https:\\\/\\\/proagrolab.com.ar\\\/union-europea-sube-cuota-de-ingreso-de-carne-porcina-de-chile-en-mil-toneladas\\\/#primaryimage\"},\"thumbnailUrl\":\"https:\\\/\\\/proagrolab.com.ar\\\/wp-content\\\/uploads\\\/2015\\\/01\\\/g_3l07e22jr__Porcinos-12.jpg\",\"datePublished\":\"2014-05-21T00:00:01+00:00\",\"dateModified\":\"2020-07-01T19:35:19+00:00\",\"breadcrumb\":{\"@id\":\"https:\\\/\\\/proagrolab.com.ar\\\/union-europea-sube-cuota-de-ingreso-de-carne-porcina-de-chile-en-mil-toneladas\\\/#breadcrumb\"},\"inLanguage\":\"en-US\",\"potentialAction\":[{\"@type\":\"ReadAction\",\"target\":[\"https:\\\/\\\/proagrolab.com.ar\\\/union-europea-sube-cuota-de-ingreso-de-carne-porcina-de-chile-en-mil-toneladas\\\/\"]}]},{\"@type\":\"ImageObject\",\"inLanguage\":\"en-US\",\"@id\":\"https:\\\/\\\/proagrolab.com.ar\\\/union-europea-sube-cuota-de-ingreso-de-carne-porcina-de-chile-en-mil-toneladas\\\/#primaryimage\",\"url\":\"https:\\\/\\\/proagrolab.com.ar\\\/wp-content\\\/uploads\\\/2015\\\/01\\\/g_3l07e22jr__Porcinos-12.jpg\",\"contentUrl\":\"https:\\\/\\\/proagrolab.com.ar\\\/wp-content\\\/uploads\\\/2015\\\/01\\\/g_3l07e22jr__Porcinos-12.jpg\",\"width\":450,\"height\":208},{\"@type\":\"BreadcrumbList\",\"@id\":\"https:\\\/\\\/proagrolab.com.ar\\\/union-europea-sube-cuota-de-ingreso-de-carne-porcina-de-chile-en-mil-toneladas\\\/#breadcrumb\",\"itemListElement\":[{\"@type\":\"ListItem\",\"position\":1,\"name\":\"Portada\",\"item\":\"https:\\\/\\\/proagrolab.com.ar\\\/\"},{\"@type\":\"ListItem\",\"position\":2,\"name\":\"Uni\u00f3n Europea sube cuota de ingreso de carne porcina de Chile en mil toneladas.\"}]},{\"@type\":\"WebSite\",\"@id\":\"https:\\\/\\\/proagrolab.com.ar\\\/#website\",\"url\":\"https:\\\/\\\/proagrolab.com.ar\\\/\",\"name\":\"Proagro Laboratorio Veterinario\",\"description\":\"Veterinary laboratory\",\"publisher\":{\"@id\":\"https:\\\/\\\/proagrolab.com.ar\\\/#organization\"},\"potentialAction\":[{\"@type\":\"SearchAction\",\"target\":{\"@type\":\"EntryPoint\",\"urlTemplate\":\"https:\\\/\\\/proagrolab.com.ar\\\/?s={search_term_string}\"},\"query-input\":{\"@type\":\"PropertyValueSpecification\",\"valueRequired\":true,\"valueName\":\"search_term_string\"}}],\"inLanguage\":\"en-US\"},{\"@type\":\"Organization\",\"@id\":\"https:\\\/\\\/proagrolab.com.ar\\\/#organization\",\"name\":\"Proagro\",\"url\":\"https:\\\/\\\/proagrolab.com.ar\\\/\",\"logo\":{\"@type\":\"ImageObject\",\"inLanguage\":\"en-US\",\"@id\":\"https:\\\/\\\/proagrolab.com.ar\\\/#\\\/schema\\\/logo\\\/image\\\/\",\"url\":\"https:\\\/\\\/proagrolab.com.ar\\\/wp-content\\\/uploads\\\/2020\\\/04\\\/logo-retina.png\",\"contentUrl\":\"https:\\\/\\\/proagrolab.com.ar\\\/wp-content\\\/uploads\\\/2020\\\/04\\\/logo-retina.png\",\"width\":478,\"height\":120,\"caption\":\"Proagro\"},\"image\":{\"@id\":\"https:\\\/\\\/proagrolab.com.ar\\\/#\\\/schema\\\/logo\\\/image\\\/\"},\"sameAs\":[\"http:\\\/\\\/www.facebook.com\\\/proagrolab\",\"https:\\\/\\\/www.instagram.com\\\/proagrolab\\\/\",\"https:\\\/\\\/www.linkedin.com\\\/company\\\/laboratorio-proagro-s-a\\\/\"]},{\"@type\":\"Person\",\"@id\":\"https:\\\/\\\/proagrolab.com.ar\\\/#\\\/schema\\\/person\\\/38003ff90bf80381f71c7d922d207444\",\"name\":\"proagrolab\"}]}<\/script>\n<!-- \/ Yoast SEO plugin. -->","yoast_head_json":{"title":"Uni\u00f3n Europea sube cuota de ingreso de carne porcina de Chile en mil toneladas. | Proagro","robots":{"index":"index","follow":"follow","max-snippet":"max-snippet:-1","max-image-preview":"max-image-preview:large","max-video-preview":"max-video-preview:-1"},"canonical":"https:\/\/proagrolab.com.ar\/en\/union-europea-sube-cuota-de-ingreso-de-carne-porcina-de-chile-en-mil-toneladas\/","og_locale":"en_US","og_type":"article","og_title":"Uni\u00f3n Europea sube cuota de ingreso de carne porcina de Chile en mil toneladas. | Proagro","og_description":"En mil toneladas se incrementar\u00e1 la cuota de ingreso de carne de cerdo congelada libre de aranceles de Chile a la Uni\u00f3n Europea (UE), tras un reciente acuerdo logrado entre autoridades de la Direcci\u00f3n General de Relaciones Econ\u00f3micas Internacionales (DIRECON) y de dicho bloque.&nbsp; La negociaci\u00f3n se gener\u00f3 tras el ingreso de Croacia a la UE y la consiguiente ampliaci\u00f3n de rebajas arancelarias por parte de Chile a ese pa\u00eds. As\u00ed se dieron las condiciones para solicitar una compensaci\u00f3n a la UE, considerando que es un mercado de importancia para este producto chileno. \u0093Las cuotas son herramientas muy \u00fatiles porque permiten el ingreso a mercados m\u00e1s restrictivos, entonces, esta cantidad, que se sumar\u00e1 a la cuota de siete mil toneladas vigente hasta el a\u00f1o 2013, ampliar\u00e1 en al menos un 15% el horizonte de oportunidades para este producto en un mercado tan importante para Chile como es Europa\u0094, destac\u00f3 el Director de Direcon, Andr\u00e9s Rebolledo. Por su parte, el Presidente de la Asociaci\u00f3n de Productores de Cerdo (Asprocer), Juan Miguel Ovalle destac\u00f3 este logro, indicando que, \u0093hab\u00edamos solicitado este aumento durante varios a\u00f1os pues la cuota a la UE siempre nos quedaba muy peque\u00f1a y ahora este aumento con arancel [&hellip;]","og_url":"https:\/\/proagrolab.com.ar\/union-europea-sube-cuota-de-ingreso-de-carne-porcina-de-chile-en-mil-toneladas\/","og_site_name":"Proagro","article_publisher":"http:\/\/www.facebook.com\/proagrolab","article_published_time":"2014-05-21T00:00:01+00:00","article_modified_time":"2020-07-01T19:35:19+00:00","og_image":[{"width":450,"height":208,"url":"https:\/\/proagrolab.com.ar\/wp-content\/uploads\/2015\/01\/g_3l07e22jr__Porcinos-12.jpg","type":"image\/jpeg"}],"author":"proagrolab","twitter_card":"summary_large_image","twitter_misc":{"Written by":"proagrolab","Est. reading time":"1 minute"},"schema":{"@context":"https:\/\/schema.org","@graph":[{"@type":"Article","@id":"https:\/\/proagrolab.com.ar\/union-europea-sube-cuota-de-ingreso-de-carne-porcina-de-chile-en-mil-toneladas\/#article","isPartOf":{"@id":"https:\/\/proagrolab.com.ar\/union-europea-sube-cuota-de-ingreso-de-carne-porcina-de-chile-en-mil-toneladas\/"},"author":{"name":"proagrolab","@id":"https:\/\/proagrolab.com.ar\/#\/schema\/person\/38003ff90bf80381f71c7d922d207444"},"headline":"Uni\u00f3n Europea sube cuota de ingreso de carne porcina de Chile en mil toneladas.","datePublished":"2014-05-21T00:00:01+00:00","dateModified":"2020-07-01T19:35:19+00:00","mainEntityOfPage":{"@id":"https:\/\/proagrolab.com.ar\/union-europea-sube-cuota-de-ingreso-de-carne-porcina-de-chile-en-mil-toneladas\/"},"wordCount":298,"publisher":{"@id":"https:\/\/proagrolab.com.ar\/#organization"},"image":{"@id":"https:\/\/proagrolab.com.ar\/union-europea-sube-cuota-de-ingreso-de-carne-porcina-de-chile-en-mil-toneladas\/#primaryimage"},"thumbnailUrl":"https:\/\/proagrolab.com.ar\/wp-content\/uploads\/2015\/01\/g_3l07e22jr__Porcinos-12.jpg","articleSection":["News"],"inLanguage":"en-US"},{"@type":"WebPage","@id":"https:\/\/proagrolab.com.ar\/union-europea-sube-cuota-de-ingreso-de-carne-porcina-de-chile-en-mil-toneladas\/","url":"https:\/\/proagrolab.com.ar\/union-europea-sube-cuota-de-ingreso-de-carne-porcina-de-chile-en-mil-toneladas\/","name":"Uni\u00f3n Europea sube cuota de ingreso de carne porcina de Chile en mil toneladas. | Proagro","isPartOf":{"@id":"https:\/\/proagrolab.com.ar\/#website"},"primaryImageOfPage":{"@id":"https:\/\/proagrolab.com.ar\/union-europea-sube-cuota-de-ingreso-de-carne-porcina-de-chile-en-mil-toneladas\/#primaryimage"},"image":{"@id":"https:\/\/proagrolab.com.ar\/union-europea-sube-cuota-de-ingreso-de-carne-porcina-de-chile-en-mil-toneladas\/#primaryimage"},"thumbnailUrl":"https:\/\/proagrolab.com.ar\/wp-content\/uploads\/2015\/01\/g_3l07e22jr__Porcinos-12.jpg","datePublished":"2014-05-21T00:00:01+00:00","dateModified":"2020-07-01T19:35:19+00:00","breadcrumb":{"@id":"https:\/\/proagrolab.com.ar\/union-europea-sube-cuota-de-ingreso-de-carne-porcina-de-chile-en-mil-toneladas\/#breadcrumb"},"inLanguage":"en-US","potentialAction":[{"@type":"ReadAction","target":["https:\/\/proagrolab.com.ar\/union-europea-sube-cuota-de-ingreso-de-carne-porcina-de-chile-en-mil-toneladas\/"]}]},{"@type":"ImageObject","inLanguage":"en-US","@id":"https:\/\/proagrolab.com.ar\/union-europea-sube-cuota-de-ingreso-de-carne-porcina-de-chile-en-mil-toneladas\/#primaryimage","url":"https:\/\/proagrolab.com.ar\/wp-content\/uploads\/2015\/01\/g_3l07e22jr__Porcinos-12.jpg","contentUrl":"https:\/\/proagrolab.com.ar\/wp-content\/uploads\/2015\/01\/g_3l07e22jr__Porcinos-12.jpg","width":450,"height":208},{"@type":"BreadcrumbList","@id":"https:\/\/proagrolab.com.ar\/union-europea-sube-cuota-de-ingreso-de-carne-porcina-de-chile-en-mil-toneladas\/#breadcrumb","itemListElement":[{"@type":"ListItem","position":1,"name":"Portada","item":"https:\/\/proagrolab.com.ar\/"},{"@type":"ListItem","position":2,"name":"Uni\u00f3n Europea sube cuota de ingreso de carne porcina de Chile en mil toneladas."}]},{"@type":"WebSite","@id":"https:\/\/proagrolab.com.ar\/#website","url":"https:\/\/proagrolab.com.ar\/","name":"Proagro Laboratorio Veterinario","description":"Veterinary laboratory","publisher":{"@id":"https:\/\/proagrolab.com.ar\/#organization"},"potentialAction":[{"@type":"SearchAction","target":{"@type":"EntryPoint","urlTemplate":"https:\/\/proagrolab.com.ar\/?s={search_term_string}"},"query-input":{"@type":"PropertyValueSpecification","valueRequired":true,"valueName":"search_term_string"}}],"inLanguage":"en-US"},{"@type":"Organization","@id":"https:\/\/proagrolab.com.ar\/#organization","name":"Proagro","url":"https:\/\/proagrolab.com.ar\/","logo":{"@type":"ImageObject","inLanguage":"en-US","@id":"https:\/\/proagrolab.com.ar\/#\/schema\/logo\/image\/","url":"https:\/\/proagrolab.com.ar\/wp-content\/uploads\/2020\/04\/logo-retina.png","contentUrl":"https:\/\/proagrolab.com.ar\/wp-content\/uploads\/2020\/04\/logo-retina.png","width":478,"height":120,"caption":"Proagro"},"image":{"@id":"https:\/\/proagrolab.com.ar\/#\/schema\/logo\/image\/"},"sameAs":["http:\/\/www.facebook.com\/proagrolab","https:\/\/www.instagram.com\/proagrolab\/","https:\/\/www.linkedin.com\/company\/laboratorio-proagro-s-a\/"]},{"@type":"Person","@id":"https:\/\/proagrolab.com.ar\/#\/schema\/person\/38003ff90bf80381f71c7d922d207444","name":"proagrolab"}]}},"_links":{"self":[{"href":"https:\/\/proagrolab.com.ar\/en\/wp-json\/wp\/v2\/posts\/6137","targetHints":{"allow":["GET"]}}],"collection":[{"href":"https:\/\/proagrolab.com.ar\/en\/wp-json\/wp\/v2\/posts"}],"about":[{"href":"https:\/\/proagrolab.com.ar\/en\/wp-json\/wp\/v2\/types\/post"}],"author":[{"embeddable":true,"href":"https:\/\/proagrolab.com.ar\/en\/wp-json\/wp\/v2\/users\/2"}],"replies":[{"embeddable":true,"href":"https:\/\/proagrolab.com.ar\/en\/wp-json\/wp\/v2\/comments?post=6137"}],"version-history":[{"count":1,"href":"https:\/\/proagrolab.com.ar\/en\/wp-json\/wp\/v2\/posts\/6137\/revisions"}],"predecessor-version":[{"id":14475,"href":"https:\/\/proagrolab.com.ar\/en\/wp-json\/wp\/v2\/posts\/6137\/revisions\/14475"}],"wp:featuredmedia":[{"embeddable":true,"href":"https:\/\/proagrolab.com.ar\/en\/wp-json\/wp\/v2\/media\/2624"}],"wp:attachment":[{"href":"https:\/\/proagrolab.com.ar\/en\/wp-json\/wp\/v2\/media?parent=6137"}],"wp:term":[{"taxonomy":"category","embeddable":true,"href":"https:\/\/proagrolab.com.ar\/en\/wp-json\/wp\/v2\/categories?post=6137"},{"taxonomy":"post_tag","embeddable":true,"href":"https:\/\/proagrolab.com.ar\/en\/wp-json\/wp\/v2\/tags?post=6137"}],"curies":[{"name":"wp","href":"https:\/\/api.w.org\/{rel}","templated":true}]}}