{"id":6129,"date":"2014-05-16T00:00:01","date_gmt":"2014-05-16T00:00:01","guid":{"rendered":"https:\/\/proagrolab.com.ar\/los-terneros-brillan-en-el-%c2%93feedlot%c2%94\/"},"modified":"2020-07-01T19:48:50","modified_gmt":"2020-07-01T19:48:50","slug":"los-terneros-brillan-en-el-%c2%93feedlot%c2%94","status":"publish","type":"post","link":"https:\/\/proagrolab.com.ar\/en\/los-terneros-brillan-en-el-%c2%93feedlot%c2%94\/","title":{"rendered":"Los terneros brillan en el \u0093feedlot\u0094."},"content":{"rendered":"<p class=\"qtranxs-available-languages-message qtranxs-available-languages-message-en\"> <\/p><p>Por Ignacio Iriarte.<\/p>\n<p>En los primeros tres meses del a\u00f1o, la faena result\u00f3 igual a la de enero-marzo del a\u00f1o pasado.<\/p>\n<p>En abril, con 1,02 millones de cabezas, la matanza cay\u00f3 tres por ciento a causa de los feriados, los paros y las lluvias. En marzo, las exportaciones fueron de s\u00f3lo 11,3 mil toneladas (res con hueso), registro que mejorar\u00eda en abril cuando la oferta de novillos pesados y vacas habr\u00eda sido algo m\u00e1s generosa.<\/p>\n<p>En cuanto al perfil de la faena, debe decirse que en abril el porcentaje de hembras habr\u00eda superado 45 por ciento, \u00edndice alejado sin duda de un proceso de retenci\u00f3n de vientres.<\/p>\n<p>Si se analiza la faena de enero-marzo por categor\u00edas, se observar\u00e1 que sigue cayendo la faena de novillos (17 por ciento), lo que coincide con la percepci\u00f3n de la industria frigor\u00edfica, y que cae tambi\u00e9n la faena de novillitos (siete por ciento). Por el contrario, aumenta un 15 por ciento la matanza de terneros machos, categor\u00eda cuya faena se ha triplicado en los \u00faltimos ocho a\u00f1os, siendo hoy (por su plasticidad) la categor\u00eda estrella del feedlot .<\/p>\n<p>Entre las hembras, en el primer trimestre del a\u00f1o se observa una ca\u00edda marginal en la faena de vacas (0,6 por ciento), mientras crece la matanza de vaquillonas un 13 por ciento y la de terneras, 12 por ciento. As\u00ed se consolida el esquema cr\u00eda\u0096 feedlot \u0096baj\u00edsimos pesos de faena\u0096consumo.<\/p>\n<p>El a\u00f1o pasado, la faena total de hembras (incluye vacas, vaquillonas y terneras) totaliz\u00f3 5,46 millones. Se puede estimar que de acuerdo con los datos del primer cuatrimestre del a\u00f1o, la faena de este a\u00f1o sumar\u00eda 5,79 millones de cabezas, o sea un seis por ciento m\u00e1s.<\/p>\n<p><i>La oferta futura<\/i><br \/>Los primeros tactos conocidos hace unas semanas no reflejaban un cambio importante en el porcentaje de pre\u00f1ez con respecto al a\u00f1o anterior. Los primeros an\u00e1lisis corresponden a rodeos de punta con servicio estacionado y parici\u00f3n temprana. En estos casos, las vacas de cr\u00eda se pre\u00f1aron en un alto porcentaje antes de mediados de diciembre, momento en que comenz\u00f3 la seca y la ola de calor en casi toda la zona pampeana.<\/p>\n<p>Pero a medida que se van conociendo nuevos tactos se observa que para la mayor\u00eda de los rodeos de cr\u00eda de la zona pampeana la ola de calor de diciembre y enero termin\u00f3 afectando la pre\u00f1ez. Se refleja en una baja que hoy podemos estimar entre cinco y siete por ciento con respecto a los alt\u00edsimos registros de la temporada anterior (primavera 2012).<\/p>\n<p>Los porcentajes no han sido peores porque los servicios se extendieron a febrero e inclusive a marzo, lo que se refleja en un porcentaje importante de pre\u00f1ez cola.<\/p>\n<p>Ahora, despu\u00e9s de tres meses de lluvias excepcionales, el estado corporal de las vacas (y de la hacienda en general) luce muy bueno, pero el da\u00f1o causado por la ola de calor de diciembre-enero se refleja en una menor pre\u00f1ez y en una menor calidad de pre\u00f1ez (parici\u00f3n tard\u00eda). Esta \u0093camada\u0094 de terneros en marcha en la zona pampeana, entre cinco y siete por ciento menor que la anterior, nacer\u00e1 en 2014 y se destetar\u00e1 en 2015. Esto se reflejar\u00e1 en una menor faena de equilibrio, parte en 2015 y el resto en 2016. Ahora sabemos dos cosas: que el stock ganadero ha dejado de crecer, y que la faena y producci\u00f3n de carne de equilibrio en el bienio 2015\/16 ser\u00e1 menor que la actual. En este oto\u00f1o se est\u00e1 destetando una camada de, al menos, 300 mil terneros m\u00e1s que el a\u00f1o anterior, pero en 2015 ese destete caer\u00e1. De todos modos, deber\u00eda tomarse en cuenta el hecho que en la vacunaci\u00f3n de la \u00faltima primavera se habr\u00eda encontrado cerca de 500 mil vacas m\u00e1s que el a\u00f1o anterior, por lo que se estar\u00eda dando la combinaci\u00f3n de un menor \u00edndice de pre\u00f1ez, pero sobre un rodeo de vacas mayor.<\/p>\n<p>Fuente: La Voz del Interior, 16 de mayo.<br \/><\/p>","protected":false},"excerpt":{"rendered":"<p>Por Ignacio Iriarte. En los primeros tres meses del a\u00f1o, la faena result\u00f3 igual a la de enero-marzo del a\u00f1o pasado. En abril, con 1,02 millones de cabezas, la matanza cay\u00f3 tres por ciento a causa de los feriados, los paros y las lluvias. En marzo, las exportaciones fueron de s\u00f3lo 11,3 mil toneladas (res con hueso), registro que mejorar\u00eda en abril cuando la oferta de novillos pesados y vacas habr\u00eda sido algo m\u00e1s generosa. En cuanto al perfil de la faena, debe decirse que en abril el porcentaje de hembras habr\u00eda superado 45 por ciento, \u00edndice alejado sin duda de un proceso de retenci\u00f3n de vientres. Si se analiza la faena de enero-marzo por categor\u00edas, se observar\u00e1 que sigue cayendo la faena de novillos (17 por ciento), lo que coincide con la percepci\u00f3n de la industria frigor\u00edfica, y que cae tambi\u00e9n la faena de novillitos (siete por ciento). Por el contrario, aumenta un 15 por ciento la matanza de terneros machos, categor\u00eda cuya faena se ha triplicado en los \u00faltimos ocho a\u00f1os, siendo hoy (por su plasticidad) la categor\u00eda estrella del feedlot . Entre las hembras, en el primer trimestre del a\u00f1o se observa una ca\u00edda marginal en la [&hellip;]<\/p>\n","protected":false},"author":2,"featured_media":2616,"comment_status":"closed","ping_status":"open","sticky":false,"template":"","format":"standard","meta":{"_acf_changed":false,"footnotes":""},"categories":[56],"tags":[],"class_list":["post-6129","post","type-post","status-publish","format-standard","has-post-thumbnail","hentry","category-infoganadero"],"acf":[],"yoast_head":"<!-- This site is optimized with the Yoast SEO plugin v27.4 - https:\/\/yoast.com\/product\/yoast-seo-wordpress\/ -->\n<title>Los terneros brillan en el \u0093feedlot\u0094. | Proagro<\/title>\n<meta name=\"robots\" content=\"index, follow, max-snippet:-1, max-image-preview:large, max-video-preview:-1\" \/>\n<link rel=\"canonical\" href=\"https:\/\/proagrolab.com.ar\/en\/los-terneros-brillan-en-el-\u0093feedlot\u0094\/\" \/>\n<meta property=\"og:locale\" content=\"en_US\" \/>\n<meta property=\"og:type\" content=\"article\" \/>\n<meta property=\"og:title\" content=\"Los terneros brillan en el \u0093feedlot\u0094. | Proagro\" \/>\n<meta property=\"og:description\" content=\"Por Ignacio Iriarte. En los primeros tres meses del a\u00f1o, la faena result\u00f3 igual a la de enero-marzo del a\u00f1o pasado. En abril, con 1,02 millones de cabezas, la matanza cay\u00f3 tres por ciento a causa de los feriados, los paros y las lluvias. En marzo, las exportaciones fueron de s\u00f3lo 11,3 mil toneladas (res con hueso), registro que mejorar\u00eda en abril cuando la oferta de novillos pesados y vacas habr\u00eda sido algo m\u00e1s generosa. En cuanto al perfil de la faena, debe decirse que en abril el porcentaje de hembras habr\u00eda superado 45 por ciento, \u00edndice alejado sin duda de un proceso de retenci\u00f3n de vientres. Si se analiza la faena de enero-marzo por categor\u00edas, se observar\u00e1 que sigue cayendo la faena de novillos (17 por ciento), lo que coincide con la percepci\u00f3n de la industria frigor\u00edfica, y que cae tambi\u00e9n la faena de novillitos (siete por ciento). Por el contrario, aumenta un 15 por ciento la matanza de terneros machos, categor\u00eda cuya faena se ha triplicado en los \u00faltimos ocho a\u00f1os, siendo hoy (por su plasticidad) la categor\u00eda estrella del feedlot . Entre las hembras, en el primer trimestre del a\u00f1o se observa una ca\u00edda marginal en la [&hellip;]\" \/>\n<meta property=\"og:url\" content=\"https:\/\/proagrolab.com.ar\/los-terneros-brillan-en-el-\u0093feedlot\u0094\/\" \/>\n<meta property=\"og:site_name\" content=\"Proagro\" \/>\n<meta property=\"article:publisher\" content=\"http:\/\/www.facebook.com\/proagrolab\" \/>\n<meta property=\"article:published_time\" content=\"2014-05-16T00:00:01+00:00\" \/>\n<meta property=\"article:modified_time\" content=\"2020-07-01T19:48:50+00:00\" \/>\n<meta property=\"og:image\" content=\"https:\/\/proagrolab.com.ar\/wp-content\/uploads\/2015\/01\/g_igwkpx7gw__Feed-lot-3.jpg\" \/>\n\t<meta property=\"og:image:width\" content=\"450\" \/>\n\t<meta property=\"og:image:height\" content=\"208\" \/>\n\t<meta property=\"og:image:type\" content=\"image\/jpeg\" \/>\n<meta name=\"author\" content=\"proagrolab\" \/>\n<meta name=\"twitter:card\" content=\"summary_large_image\" \/>\n<meta name=\"twitter:label1\" content=\"Written by\" \/>\n\t<meta name=\"twitter:data1\" content=\"proagrolab\" \/>\n\t<meta name=\"twitter:label2\" content=\"Est. reading time\" \/>\n\t<meta name=\"twitter:data2\" content=\"3 minutes\" \/>\n<script type=\"application\/ld+json\" class=\"yoast-schema-graph\">{\"@context\":\"https:\\\/\\\/schema.org\",\"@graph\":[{\"@type\":\"Article\",\"@id\":\"https:\\\/\\\/proagrolab.com.ar\\\/los-terneros-brillan-en-el-%c2%93feedlot%c2%94\\\/#article\",\"isPartOf\":{\"@id\":\"https:\\\/\\\/proagrolab.com.ar\\\/los-terneros-brillan-en-el-%c2%93feedlot%c2%94\\\/\"},\"author\":{\"name\":\"proagrolab\",\"@id\":\"https:\\\/\\\/proagrolab.com.ar\\\/#\\\/schema\\\/person\\\/38003ff90bf80381f71c7d922d207444\"},\"headline\":\"Los terneros brillan en el \u0093feedlot\u0094.\",\"datePublished\":\"2014-05-16T00:00:01+00:00\",\"dateModified\":\"2020-07-01T19:48:50+00:00\",\"mainEntityOfPage\":{\"@id\":\"https:\\\/\\\/proagrolab.com.ar\\\/los-terneros-brillan-en-el-%c2%93feedlot%c2%94\\\/\"},\"wordCount\":694,\"publisher\":{\"@id\":\"https:\\\/\\\/proagrolab.com.ar\\\/#organization\"},\"image\":{\"@id\":\"https:\\\/\\\/proagrolab.com.ar\\\/los-terneros-brillan-en-el-%c2%93feedlot%c2%94\\\/#primaryimage\"},\"thumbnailUrl\":\"https:\\\/\\\/proagrolab.com.ar\\\/wp-content\\\/uploads\\\/2015\\\/01\\\/g_igwkpx7gw__Feed-lot-3.jpg\",\"articleSection\":[\"News\"],\"inLanguage\":\"en-US\"},{\"@type\":\"WebPage\",\"@id\":\"https:\\\/\\\/proagrolab.com.ar\\\/los-terneros-brillan-en-el-%c2%93feedlot%c2%94\\\/\",\"url\":\"https:\\\/\\\/proagrolab.com.ar\\\/los-terneros-brillan-en-el-%c2%93feedlot%c2%94\\\/\",\"name\":\"Los terneros brillan en el \u0093feedlot\u0094. | Proagro\",\"isPartOf\":{\"@id\":\"https:\\\/\\\/proagrolab.com.ar\\\/#website\"},\"primaryImageOfPage\":{\"@id\":\"https:\\\/\\\/proagrolab.com.ar\\\/los-terneros-brillan-en-el-%c2%93feedlot%c2%94\\\/#primaryimage\"},\"image\":{\"@id\":\"https:\\\/\\\/proagrolab.com.ar\\\/los-terneros-brillan-en-el-%c2%93feedlot%c2%94\\\/#primaryimage\"},\"thumbnailUrl\":\"https:\\\/\\\/proagrolab.com.ar\\\/wp-content\\\/uploads\\\/2015\\\/01\\\/g_igwkpx7gw__Feed-lot-3.jpg\",\"datePublished\":\"2014-05-16T00:00:01+00:00\",\"dateModified\":\"2020-07-01T19:48:50+00:00\",\"breadcrumb\":{\"@id\":\"https:\\\/\\\/proagrolab.com.ar\\\/los-terneros-brillan-en-el-%c2%93feedlot%c2%94\\\/#breadcrumb\"},\"inLanguage\":\"en-US\",\"potentialAction\":[{\"@type\":\"ReadAction\",\"target\":[\"https:\\\/\\\/proagrolab.com.ar\\\/los-terneros-brillan-en-el-%c2%93feedlot%c2%94\\\/\"]}]},{\"@type\":\"ImageObject\",\"inLanguage\":\"en-US\",\"@id\":\"https:\\\/\\\/proagrolab.com.ar\\\/los-terneros-brillan-en-el-%c2%93feedlot%c2%94\\\/#primaryimage\",\"url\":\"https:\\\/\\\/proagrolab.com.ar\\\/wp-content\\\/uploads\\\/2015\\\/01\\\/g_igwkpx7gw__Feed-lot-3.jpg\",\"contentUrl\":\"https:\\\/\\\/proagrolab.com.ar\\\/wp-content\\\/uploads\\\/2015\\\/01\\\/g_igwkpx7gw__Feed-lot-3.jpg\",\"width\":450,\"height\":208},{\"@type\":\"BreadcrumbList\",\"@id\":\"https:\\\/\\\/proagrolab.com.ar\\\/los-terneros-brillan-en-el-%c2%93feedlot%c2%94\\\/#breadcrumb\",\"itemListElement\":[{\"@type\":\"ListItem\",\"position\":1,\"name\":\"Portada\",\"item\":\"https:\\\/\\\/proagrolab.com.ar\\\/\"},{\"@type\":\"ListItem\",\"position\":2,\"name\":\"Los terneros brillan en el \u0093feedlot\u0094.\"}]},{\"@type\":\"WebSite\",\"@id\":\"https:\\\/\\\/proagrolab.com.ar\\\/#website\",\"url\":\"https:\\\/\\\/proagrolab.com.ar\\\/\",\"name\":\"Proagro Laboratorio Veterinario\",\"description\":\"Veterinary laboratory\",\"publisher\":{\"@id\":\"https:\\\/\\\/proagrolab.com.ar\\\/#organization\"},\"potentialAction\":[{\"@type\":\"SearchAction\",\"target\":{\"@type\":\"EntryPoint\",\"urlTemplate\":\"https:\\\/\\\/proagrolab.com.ar\\\/?s={search_term_string}\"},\"query-input\":{\"@type\":\"PropertyValueSpecification\",\"valueRequired\":true,\"valueName\":\"search_term_string\"}}],\"inLanguage\":\"en-US\"},{\"@type\":\"Organization\",\"@id\":\"https:\\\/\\\/proagrolab.com.ar\\\/#organization\",\"name\":\"Proagro\",\"url\":\"https:\\\/\\\/proagrolab.com.ar\\\/\",\"logo\":{\"@type\":\"ImageObject\",\"inLanguage\":\"en-US\",\"@id\":\"https:\\\/\\\/proagrolab.com.ar\\\/#\\\/schema\\\/logo\\\/image\\\/\",\"url\":\"https:\\\/\\\/proagrolab.com.ar\\\/wp-content\\\/uploads\\\/2020\\\/04\\\/logo-retina.png\",\"contentUrl\":\"https:\\\/\\\/proagrolab.com.ar\\\/wp-content\\\/uploads\\\/2020\\\/04\\\/logo-retina.png\",\"width\":478,\"height\":120,\"caption\":\"Proagro\"},\"image\":{\"@id\":\"https:\\\/\\\/proagrolab.com.ar\\\/#\\\/schema\\\/logo\\\/image\\\/\"},\"sameAs\":[\"http:\\\/\\\/www.facebook.com\\\/proagrolab\",\"https:\\\/\\\/www.instagram.com\\\/proagrolab\\\/\",\"https:\\\/\\\/www.linkedin.com\\\/company\\\/laboratorio-proagro-s-a\\\/\"]},{\"@type\":\"Person\",\"@id\":\"https:\\\/\\\/proagrolab.com.ar\\\/#\\\/schema\\\/person\\\/38003ff90bf80381f71c7d922d207444\",\"name\":\"proagrolab\"}]}<\/script>\n<!-- \/ Yoast SEO plugin. -->","yoast_head_json":{"title":"Los terneros brillan en el \u0093feedlot\u0094. | Proagro","robots":{"index":"index","follow":"follow","max-snippet":"max-snippet:-1","max-image-preview":"max-image-preview:large","max-video-preview":"max-video-preview:-1"},"canonical":"https:\/\/proagrolab.com.ar\/en\/los-terneros-brillan-en-el-\u0093feedlot\u0094\/","og_locale":"en_US","og_type":"article","og_title":"Los terneros brillan en el \u0093feedlot\u0094. | Proagro","og_description":"Por Ignacio Iriarte. En los primeros tres meses del a\u00f1o, la faena result\u00f3 igual a la de enero-marzo del a\u00f1o pasado. En abril, con 1,02 millones de cabezas, la matanza cay\u00f3 tres por ciento a causa de los feriados, los paros y las lluvias. En marzo, las exportaciones fueron de s\u00f3lo 11,3 mil toneladas (res con hueso), registro que mejorar\u00eda en abril cuando la oferta de novillos pesados y vacas habr\u00eda sido algo m\u00e1s generosa. En cuanto al perfil de la faena, debe decirse que en abril el porcentaje de hembras habr\u00eda superado 45 por ciento, \u00edndice alejado sin duda de un proceso de retenci\u00f3n de vientres. Si se analiza la faena de enero-marzo por categor\u00edas, se observar\u00e1 que sigue cayendo la faena de novillos (17 por ciento), lo que coincide con la percepci\u00f3n de la industria frigor\u00edfica, y que cae tambi\u00e9n la faena de novillitos (siete por ciento). Por el contrario, aumenta un 15 por ciento la matanza de terneros machos, categor\u00eda cuya faena se ha triplicado en los \u00faltimos ocho a\u00f1os, siendo hoy (por su plasticidad) la categor\u00eda estrella del feedlot . Entre las hembras, en el primer trimestre del a\u00f1o se observa una ca\u00edda marginal en la [&hellip;]","og_url":"https:\/\/proagrolab.com.ar\/los-terneros-brillan-en-el-\u0093feedlot\u0094\/","og_site_name":"Proagro","article_publisher":"http:\/\/www.facebook.com\/proagrolab","article_published_time":"2014-05-16T00:00:01+00:00","article_modified_time":"2020-07-01T19:48:50+00:00","og_image":[{"width":450,"height":208,"url":"https:\/\/proagrolab.com.ar\/wp-content\/uploads\/2015\/01\/g_igwkpx7gw__Feed-lot-3.jpg","type":"image\/jpeg"}],"author":"proagrolab","twitter_card":"summary_large_image","twitter_misc":{"Written by":"proagrolab","Est. reading time":"3 minutes"},"schema":{"@context":"https:\/\/schema.org","@graph":[{"@type":"Article","@id":"https:\/\/proagrolab.com.ar\/los-terneros-brillan-en-el-%c2%93feedlot%c2%94\/#article","isPartOf":{"@id":"https:\/\/proagrolab.com.ar\/los-terneros-brillan-en-el-%c2%93feedlot%c2%94\/"},"author":{"name":"proagrolab","@id":"https:\/\/proagrolab.com.ar\/#\/schema\/person\/38003ff90bf80381f71c7d922d207444"},"headline":"Los terneros brillan en el \u0093feedlot\u0094.","datePublished":"2014-05-16T00:00:01+00:00","dateModified":"2020-07-01T19:48:50+00:00","mainEntityOfPage":{"@id":"https:\/\/proagrolab.com.ar\/los-terneros-brillan-en-el-%c2%93feedlot%c2%94\/"},"wordCount":694,"publisher":{"@id":"https:\/\/proagrolab.com.ar\/#organization"},"image":{"@id":"https:\/\/proagrolab.com.ar\/los-terneros-brillan-en-el-%c2%93feedlot%c2%94\/#primaryimage"},"thumbnailUrl":"https:\/\/proagrolab.com.ar\/wp-content\/uploads\/2015\/01\/g_igwkpx7gw__Feed-lot-3.jpg","articleSection":["News"],"inLanguage":"en-US"},{"@type":"WebPage","@id":"https:\/\/proagrolab.com.ar\/los-terneros-brillan-en-el-%c2%93feedlot%c2%94\/","url":"https:\/\/proagrolab.com.ar\/los-terneros-brillan-en-el-%c2%93feedlot%c2%94\/","name":"Los terneros brillan en el \u0093feedlot\u0094. | Proagro","isPartOf":{"@id":"https:\/\/proagrolab.com.ar\/#website"},"primaryImageOfPage":{"@id":"https:\/\/proagrolab.com.ar\/los-terneros-brillan-en-el-%c2%93feedlot%c2%94\/#primaryimage"},"image":{"@id":"https:\/\/proagrolab.com.ar\/los-terneros-brillan-en-el-%c2%93feedlot%c2%94\/#primaryimage"},"thumbnailUrl":"https:\/\/proagrolab.com.ar\/wp-content\/uploads\/2015\/01\/g_igwkpx7gw__Feed-lot-3.jpg","datePublished":"2014-05-16T00:00:01+00:00","dateModified":"2020-07-01T19:48:50+00:00","breadcrumb":{"@id":"https:\/\/proagrolab.com.ar\/los-terneros-brillan-en-el-%c2%93feedlot%c2%94\/#breadcrumb"},"inLanguage":"en-US","potentialAction":[{"@type":"ReadAction","target":["https:\/\/proagrolab.com.ar\/los-terneros-brillan-en-el-%c2%93feedlot%c2%94\/"]}]},{"@type":"ImageObject","inLanguage":"en-US","@id":"https:\/\/proagrolab.com.ar\/los-terneros-brillan-en-el-%c2%93feedlot%c2%94\/#primaryimage","url":"https:\/\/proagrolab.com.ar\/wp-content\/uploads\/2015\/01\/g_igwkpx7gw__Feed-lot-3.jpg","contentUrl":"https:\/\/proagrolab.com.ar\/wp-content\/uploads\/2015\/01\/g_igwkpx7gw__Feed-lot-3.jpg","width":450,"height":208},{"@type":"BreadcrumbList","@id":"https:\/\/proagrolab.com.ar\/los-terneros-brillan-en-el-%c2%93feedlot%c2%94\/#breadcrumb","itemListElement":[{"@type":"ListItem","position":1,"name":"Portada","item":"https:\/\/proagrolab.com.ar\/"},{"@type":"ListItem","position":2,"name":"Los terneros brillan en el \u0093feedlot\u0094."}]},{"@type":"WebSite","@id":"https:\/\/proagrolab.com.ar\/#website","url":"https:\/\/proagrolab.com.ar\/","name":"Proagro Laboratorio Veterinario","description":"Veterinary laboratory","publisher":{"@id":"https:\/\/proagrolab.com.ar\/#organization"},"potentialAction":[{"@type":"SearchAction","target":{"@type":"EntryPoint","urlTemplate":"https:\/\/proagrolab.com.ar\/?s={search_term_string}"},"query-input":{"@type":"PropertyValueSpecification","valueRequired":true,"valueName":"search_term_string"}}],"inLanguage":"en-US"},{"@type":"Organization","@id":"https:\/\/proagrolab.com.ar\/#organization","name":"Proagro","url":"https:\/\/proagrolab.com.ar\/","logo":{"@type":"ImageObject","inLanguage":"en-US","@id":"https:\/\/proagrolab.com.ar\/#\/schema\/logo\/image\/","url":"https:\/\/proagrolab.com.ar\/wp-content\/uploads\/2020\/04\/logo-retina.png","contentUrl":"https:\/\/proagrolab.com.ar\/wp-content\/uploads\/2020\/04\/logo-retina.png","width":478,"height":120,"caption":"Proagro"},"image":{"@id":"https:\/\/proagrolab.com.ar\/#\/schema\/logo\/image\/"},"sameAs":["http:\/\/www.facebook.com\/proagrolab","https:\/\/www.instagram.com\/proagrolab\/","https:\/\/www.linkedin.com\/company\/laboratorio-proagro-s-a\/"]},{"@type":"Person","@id":"https:\/\/proagrolab.com.ar\/#\/schema\/person\/38003ff90bf80381f71c7d922d207444","name":"proagrolab"}]}},"_links":{"self":[{"href":"https:\/\/proagrolab.com.ar\/en\/wp-json\/wp\/v2\/posts\/6129","targetHints":{"allow":["GET"]}}],"collection":[{"href":"https:\/\/proagrolab.com.ar\/en\/wp-json\/wp\/v2\/posts"}],"about":[{"href":"https:\/\/proagrolab.com.ar\/en\/wp-json\/wp\/v2\/types\/post"}],"author":[{"embeddable":true,"href":"https:\/\/proagrolab.com.ar\/en\/wp-json\/wp\/v2\/users\/2"}],"replies":[{"embeddable":true,"href":"https:\/\/proagrolab.com.ar\/en\/wp-json\/wp\/v2\/comments?post=6129"}],"version-history":[{"count":1,"href":"https:\/\/proagrolab.com.ar\/en\/wp-json\/wp\/v2\/posts\/6129\/revisions"}],"predecessor-version":[{"id":14510,"href":"https:\/\/proagrolab.com.ar\/en\/wp-json\/wp\/v2\/posts\/6129\/revisions\/14510"}],"wp:featuredmedia":[{"embeddable":true,"href":"https:\/\/proagrolab.com.ar\/en\/wp-json\/wp\/v2\/media\/2616"}],"wp:attachment":[{"href":"https:\/\/proagrolab.com.ar\/en\/wp-json\/wp\/v2\/media?parent=6129"}],"wp:term":[{"taxonomy":"category","embeddable":true,"href":"https:\/\/proagrolab.com.ar\/en\/wp-json\/wp\/v2\/categories?post=6129"},{"taxonomy":"post_tag","embeddable":true,"href":"https:\/\/proagrolab.com.ar\/en\/wp-json\/wp\/v2\/tags?post=6129"}],"curies":[{"name":"wp","href":"https:\/\/api.w.org\/{rel}","templated":true}]}}