{"id":6123,"date":"2014-05-15T00:00:01","date_gmt":"2014-05-15T00:00:01","guid":{"rendered":"https:\/\/proagrolab.com.ar\/argentina-ministro-de-agricultura-resalta-crecimiento-del-sector-aviar-y-porcino\/"},"modified":"2020-07-01T19:48:15","modified_gmt":"2020-07-01T19:48:15","slug":"argentina-ministro-de-agricultura-resalta-crecimiento-del-sector-aviar-y-porcino","status":"publish","type":"post","link":"https:\/\/proagrolab.com.ar\/en\/argentina-ministro-de-agricultura-resalta-crecimiento-del-sector-aviar-y-porcino\/","title":{"rendered":"Argentina: Ministro de Agricultura resalta crecimiento del sector aviar y porcino."},"content":{"rendered":"<p class=\"qtranxs-available-languages-message qtranxs-available-languages-message-en\"> <\/p><p>El ministro de Agricultura de Argentina, Carlos Casamiquela, destac\u00f3 el crecimiento sostenido de los sectores av\u00edcola y porcino y la articulaci\u00f3n p\u00fablico-privada al disertar sobre las proyecciones del sector hacia el 2020 durante una exposici\u00f3n que se realiza en Costa Salguero.<\/p>\n<p>El mandatario expuso sobre la proyecci\u00f3n del sector en el cierre de la 8\u00b0 Exposici\u00f3n Av\u00edcola y Porcina, que se realiz\u00f3 en el Sal\u00f3n Dorado del predio porte\u00f1o de Costa Salguero, donde estuvo acompa\u00f1ado por su par de Industria, D\u00e9bora Giorgi.<\/p>\n<p>Giorgi destac\u00f3 que gracias a &#8220;las pol\u00edticas p\u00fablicas llevadas adelante por el Gobierno, Argentina se ubica hoy en un lugar privilegiado a nivel mundial. Somos el d\u00e9cimo productor de carne aviar y el noveno exportador&#8221;.<\/p>\n<p>La exposici\u00f3n abarc\u00f3 rubros del sector como instalaciones, equipamiento, instrumental, gen\u00e9tica, nutrici\u00f3n, alimentos balanceados y servicios, entre otros, y cont\u00f3 con m\u00e1s de 200 expositores nacionales e internacionales.<\/p>\n<p>Paralelamente se desarroll\u00f3 el 10\u00b0 Seminario Internacional de Ciencias Av\u00edcolas, que cuenta con la participaci\u00f3n de m\u00e1s de 15 pa\u00edses expositores y fue declarado de inter\u00e9s tur\u00edstico por el Ministerio de Turismo de Naci\u00f3n.<\/p>\n<p>Mientras que en 2013, la producci\u00f3n de carne aviar alcanz\u00f3 m\u00e1s de 1,9 millones de toneladas y la de huevos, 10.275 millones de unidades, y se prev\u00e9 para lo que resta del 2014 un aumento de entre el 15% y el 20%, con respecto al a\u00f1o anterior.<\/p>\n<p>Asimismo, durante el mismo a\u00f1o se exportaron 366 mil toneladas de carne aviar y subproductos por un monto que alcanz\u00f3 los 643 millones de d\u00f3lares FOB.<\/p>\n<p>Un dato a destacar es el fuerte incremento en el volumen de pollo entero enviado a Venezuela, mientras tanto, en el primer trimestre de 2014 las ventas al exterior de productos av\u00edcolas aumentaron 2% y 6% en volumen y valor, 86 mil toneladas por 152 millones de d\u00f3lares FOB.<\/p>\n<p>Por otro lado, la producci\u00f3n de carne porcina aument\u00f3 un 164 % en los \u00faltimos 10 a\u00f1os: Pas\u00f3 de 158 mil toneladas en 2003 a 416 mil toneladas en 2013.<\/p>\n<p>Fuente: Carnetec, 15 de mayo.<br \/><\/p>","protected":false},"excerpt":{"rendered":"<p>El ministro de Agricultura de Argentina, Carlos Casamiquela, destac\u00f3 el crecimiento sostenido de los sectores av\u00edcola y porcino y la articulaci\u00f3n p\u00fablico-privada al disertar sobre las proyecciones del sector hacia el 2020 durante una exposici\u00f3n que se realiza en Costa Salguero. El mandatario expuso sobre la proyecci\u00f3n del sector en el cierre de la 8\u00b0 Exposici\u00f3n Av\u00edcola y Porcina, que se realiz\u00f3 en el Sal\u00f3n Dorado del predio porte\u00f1o de Costa Salguero, donde estuvo acompa\u00f1ado por su par de Industria, D\u00e9bora Giorgi. Giorgi destac\u00f3 que gracias a &#8220;las pol\u00edticas p\u00fablicas llevadas adelante por el Gobierno, Argentina se ubica hoy en un lugar privilegiado a nivel mundial. Somos el d\u00e9cimo productor de carne aviar y el noveno exportador&#8221;. La exposici\u00f3n abarc\u00f3 rubros del sector como instalaciones, equipamiento, instrumental, gen\u00e9tica, nutrici\u00f3n, alimentos balanceados y servicios, entre otros, y cont\u00f3 con m\u00e1s de 200 expositores nacionales e internacionales. Paralelamente se desarroll\u00f3 el 10\u00b0 Seminario Internacional de Ciencias Av\u00edcolas, que cuenta con la participaci\u00f3n de m\u00e1s de 15 pa\u00edses expositores y fue declarado de inter\u00e9s tur\u00edstico por el Ministerio de Turismo de Naci\u00f3n. Mientras que en 2013, la producci\u00f3n de carne aviar alcanz\u00f3 m\u00e1s de 1,9 millones de toneladas y la de huevos, 10.275 [&hellip;]<\/p>\n","protected":false},"author":2,"featured_media":2610,"comment_status":"closed","ping_status":"open","sticky":false,"template":"","format":"standard","meta":{"_acf_changed":false,"footnotes":""},"categories":[56],"tags":[],"class_list":["post-6123","post","type-post","status-publish","format-standard","has-post-thumbnail","hentry","category-infoganadero"],"acf":[],"yoast_head":"<!-- This site is optimized with the Yoast SEO plugin v27.4 - https:\/\/yoast.com\/product\/yoast-seo-wordpress\/ -->\n<title>Argentina: Ministro de Agricultura resalta crecimiento del sector aviar y porcino. | Proagro<\/title>\n<meta name=\"robots\" content=\"index, follow, max-snippet:-1, max-image-preview:large, max-video-preview:-1\" \/>\n<link rel=\"canonical\" href=\"https:\/\/proagrolab.com.ar\/en\/argentina-ministro-de-agricultura-resalta-crecimiento-del-sector-aviar-y-porcino\/\" \/>\n<meta property=\"og:locale\" content=\"en_US\" \/>\n<meta property=\"og:type\" content=\"article\" \/>\n<meta property=\"og:title\" content=\"Argentina: Ministro de Agricultura resalta crecimiento del sector aviar y porcino. | Proagro\" \/>\n<meta property=\"og:description\" content=\"El ministro de Agricultura de Argentina, Carlos Casamiquela, destac\u00f3 el crecimiento sostenido de los sectores av\u00edcola y porcino y la articulaci\u00f3n p\u00fablico-privada al disertar sobre las proyecciones del sector hacia el 2020 durante una exposici\u00f3n que se realiza en Costa Salguero. El mandatario expuso sobre la proyecci\u00f3n del sector en el cierre de la 8\u00b0 Exposici\u00f3n Av\u00edcola y Porcina, que se realiz\u00f3 en el Sal\u00f3n Dorado del predio porte\u00f1o de Costa Salguero, donde estuvo acompa\u00f1ado por su par de Industria, D\u00e9bora Giorgi. Giorgi destac\u00f3 que gracias a &#8220;las pol\u00edticas p\u00fablicas llevadas adelante por el Gobierno, Argentina se ubica hoy en un lugar privilegiado a nivel mundial. Somos el d\u00e9cimo productor de carne aviar y el noveno exportador&#8221;. La exposici\u00f3n abarc\u00f3 rubros del sector como instalaciones, equipamiento, instrumental, gen\u00e9tica, nutrici\u00f3n, alimentos balanceados y servicios, entre otros, y cont\u00f3 con m\u00e1s de 200 expositores nacionales e internacionales. Paralelamente se desarroll\u00f3 el 10\u00b0 Seminario Internacional de Ciencias Av\u00edcolas, que cuenta con la participaci\u00f3n de m\u00e1s de 15 pa\u00edses expositores y fue declarado de inter\u00e9s tur\u00edstico por el Ministerio de Turismo de Naci\u00f3n. Mientras que en 2013, la producci\u00f3n de carne aviar alcanz\u00f3 m\u00e1s de 1,9 millones de toneladas y la de huevos, 10.275 [&hellip;]\" \/>\n<meta property=\"og:url\" content=\"https:\/\/proagrolab.com.ar\/argentina-ministro-de-agricultura-resalta-crecimiento-del-sector-aviar-y-porcino\/\" \/>\n<meta property=\"og:site_name\" content=\"Proagro\" \/>\n<meta property=\"article:publisher\" content=\"http:\/\/www.facebook.com\/proagrolab\" \/>\n<meta property=\"article:published_time\" content=\"2014-05-15T00:00:01+00:00\" \/>\n<meta property=\"article:modified_time\" content=\"2020-07-01T19:48:15+00:00\" \/>\n<meta property=\"og:image\" content=\"https:\/\/proagrolab.com.ar\/wp-content\/uploads\/2015\/01\/g_o553cn5me__Casamiquela-1.jpg\" \/>\n\t<meta property=\"og:image:width\" content=\"450\" \/>\n\t<meta property=\"og:image:height\" content=\"208\" \/>\n\t<meta property=\"og:image:type\" content=\"image\/jpeg\" \/>\n<meta name=\"author\" content=\"proagrolab\" \/>\n<meta name=\"twitter:card\" content=\"summary_large_image\" \/>\n<meta name=\"twitter:label1\" content=\"Written by\" \/>\n\t<meta name=\"twitter:data1\" content=\"proagrolab\" \/>\n\t<meta name=\"twitter:label2\" content=\"Est. reading time\" \/>\n\t<meta name=\"twitter:data2\" content=\"2 minutes\" \/>\n<script type=\"application\/ld+json\" class=\"yoast-schema-graph\">{\"@context\":\"https:\\\/\\\/schema.org\",\"@graph\":[{\"@type\":\"Article\",\"@id\":\"https:\\\/\\\/proagrolab.com.ar\\\/argentina-ministro-de-agricultura-resalta-crecimiento-del-sector-aviar-y-porcino\\\/#article\",\"isPartOf\":{\"@id\":\"https:\\\/\\\/proagrolab.com.ar\\\/argentina-ministro-de-agricultura-resalta-crecimiento-del-sector-aviar-y-porcino\\\/\"},\"author\":{\"name\":\"proagrolab\",\"@id\":\"https:\\\/\\\/proagrolab.com.ar\\\/#\\\/schema\\\/person\\\/38003ff90bf80381f71c7d922d207444\"},\"headline\":\"Argentina: Ministro de Agricultura resalta crecimiento del sector aviar y porcino.\",\"datePublished\":\"2014-05-15T00:00:01+00:00\",\"dateModified\":\"2020-07-01T19:48:15+00:00\",\"mainEntityOfPage\":{\"@id\":\"https:\\\/\\\/proagrolab.com.ar\\\/argentina-ministro-de-agricultura-resalta-crecimiento-del-sector-aviar-y-porcino\\\/\"},\"wordCount\":355,\"publisher\":{\"@id\":\"https:\\\/\\\/proagrolab.com.ar\\\/#organization\"},\"image\":{\"@id\":\"https:\\\/\\\/proagrolab.com.ar\\\/argentina-ministro-de-agricultura-resalta-crecimiento-del-sector-aviar-y-porcino\\\/#primaryimage\"},\"thumbnailUrl\":\"https:\\\/\\\/proagrolab.com.ar\\\/wp-content\\\/uploads\\\/2015\\\/01\\\/g_o553cn5me__Casamiquela-1.jpg\",\"articleSection\":[\"News\"],\"inLanguage\":\"en-US\"},{\"@type\":\"WebPage\",\"@id\":\"https:\\\/\\\/proagrolab.com.ar\\\/argentina-ministro-de-agricultura-resalta-crecimiento-del-sector-aviar-y-porcino\\\/\",\"url\":\"https:\\\/\\\/proagrolab.com.ar\\\/argentina-ministro-de-agricultura-resalta-crecimiento-del-sector-aviar-y-porcino\\\/\",\"name\":\"Argentina: Ministro de Agricultura resalta crecimiento del sector aviar y porcino. | Proagro\",\"isPartOf\":{\"@id\":\"https:\\\/\\\/proagrolab.com.ar\\\/#website\"},\"primaryImageOfPage\":{\"@id\":\"https:\\\/\\\/proagrolab.com.ar\\\/argentina-ministro-de-agricultura-resalta-crecimiento-del-sector-aviar-y-porcino\\\/#primaryimage\"},\"image\":{\"@id\":\"https:\\\/\\\/proagrolab.com.ar\\\/argentina-ministro-de-agricultura-resalta-crecimiento-del-sector-aviar-y-porcino\\\/#primaryimage\"},\"thumbnailUrl\":\"https:\\\/\\\/proagrolab.com.ar\\\/wp-content\\\/uploads\\\/2015\\\/01\\\/g_o553cn5me__Casamiquela-1.jpg\",\"datePublished\":\"2014-05-15T00:00:01+00:00\",\"dateModified\":\"2020-07-01T19:48:15+00:00\",\"breadcrumb\":{\"@id\":\"https:\\\/\\\/proagrolab.com.ar\\\/argentina-ministro-de-agricultura-resalta-crecimiento-del-sector-aviar-y-porcino\\\/#breadcrumb\"},\"inLanguage\":\"en-US\",\"potentialAction\":[{\"@type\":\"ReadAction\",\"target\":[\"https:\\\/\\\/proagrolab.com.ar\\\/argentina-ministro-de-agricultura-resalta-crecimiento-del-sector-aviar-y-porcino\\\/\"]}]},{\"@type\":\"ImageObject\",\"inLanguage\":\"en-US\",\"@id\":\"https:\\\/\\\/proagrolab.com.ar\\\/argentina-ministro-de-agricultura-resalta-crecimiento-del-sector-aviar-y-porcino\\\/#primaryimage\",\"url\":\"https:\\\/\\\/proagrolab.com.ar\\\/wp-content\\\/uploads\\\/2015\\\/01\\\/g_o553cn5me__Casamiquela-1.jpg\",\"contentUrl\":\"https:\\\/\\\/proagrolab.com.ar\\\/wp-content\\\/uploads\\\/2015\\\/01\\\/g_o553cn5me__Casamiquela-1.jpg\",\"width\":450,\"height\":208},{\"@type\":\"BreadcrumbList\",\"@id\":\"https:\\\/\\\/proagrolab.com.ar\\\/argentina-ministro-de-agricultura-resalta-crecimiento-del-sector-aviar-y-porcino\\\/#breadcrumb\",\"itemListElement\":[{\"@type\":\"ListItem\",\"position\":1,\"name\":\"Portada\",\"item\":\"https:\\\/\\\/proagrolab.com.ar\\\/\"},{\"@type\":\"ListItem\",\"position\":2,\"name\":\"Argentina: Ministro de Agricultura resalta crecimiento del sector aviar y porcino.\"}]},{\"@type\":\"WebSite\",\"@id\":\"https:\\\/\\\/proagrolab.com.ar\\\/#website\",\"url\":\"https:\\\/\\\/proagrolab.com.ar\\\/\",\"name\":\"Proagro Laboratorio Veterinario\",\"description\":\"Veterinary laboratory\",\"publisher\":{\"@id\":\"https:\\\/\\\/proagrolab.com.ar\\\/#organization\"},\"potentialAction\":[{\"@type\":\"SearchAction\",\"target\":{\"@type\":\"EntryPoint\",\"urlTemplate\":\"https:\\\/\\\/proagrolab.com.ar\\\/?s={search_term_string}\"},\"query-input\":{\"@type\":\"PropertyValueSpecification\",\"valueRequired\":true,\"valueName\":\"search_term_string\"}}],\"inLanguage\":\"en-US\"},{\"@type\":\"Organization\",\"@id\":\"https:\\\/\\\/proagrolab.com.ar\\\/#organization\",\"name\":\"Proagro\",\"url\":\"https:\\\/\\\/proagrolab.com.ar\\\/\",\"logo\":{\"@type\":\"ImageObject\",\"inLanguage\":\"en-US\",\"@id\":\"https:\\\/\\\/proagrolab.com.ar\\\/#\\\/schema\\\/logo\\\/image\\\/\",\"url\":\"https:\\\/\\\/proagrolab.com.ar\\\/wp-content\\\/uploads\\\/2020\\\/04\\\/logo-retina.png\",\"contentUrl\":\"https:\\\/\\\/proagrolab.com.ar\\\/wp-content\\\/uploads\\\/2020\\\/04\\\/logo-retina.png\",\"width\":478,\"height\":120,\"caption\":\"Proagro\"},\"image\":{\"@id\":\"https:\\\/\\\/proagrolab.com.ar\\\/#\\\/schema\\\/logo\\\/image\\\/\"},\"sameAs\":[\"http:\\\/\\\/www.facebook.com\\\/proagrolab\",\"https:\\\/\\\/www.instagram.com\\\/proagrolab\\\/\",\"https:\\\/\\\/www.linkedin.com\\\/company\\\/laboratorio-proagro-s-a\\\/\"]},{\"@type\":\"Person\",\"@id\":\"https:\\\/\\\/proagrolab.com.ar\\\/#\\\/schema\\\/person\\\/38003ff90bf80381f71c7d922d207444\",\"name\":\"proagrolab\"}]}<\/script>\n<!-- \/ Yoast SEO plugin. -->","yoast_head_json":{"title":"Argentina: Ministro de Agricultura resalta crecimiento del sector aviar y porcino. | Proagro","robots":{"index":"index","follow":"follow","max-snippet":"max-snippet:-1","max-image-preview":"max-image-preview:large","max-video-preview":"max-video-preview:-1"},"canonical":"https:\/\/proagrolab.com.ar\/en\/argentina-ministro-de-agricultura-resalta-crecimiento-del-sector-aviar-y-porcino\/","og_locale":"en_US","og_type":"article","og_title":"Argentina: Ministro de Agricultura resalta crecimiento del sector aviar y porcino. | Proagro","og_description":"El ministro de Agricultura de Argentina, Carlos Casamiquela, destac\u00f3 el crecimiento sostenido de los sectores av\u00edcola y porcino y la articulaci\u00f3n p\u00fablico-privada al disertar sobre las proyecciones del sector hacia el 2020 durante una exposici\u00f3n que se realiza en Costa Salguero. El mandatario expuso sobre la proyecci\u00f3n del sector en el cierre de la 8\u00b0 Exposici\u00f3n Av\u00edcola y Porcina, que se realiz\u00f3 en el Sal\u00f3n Dorado del predio porte\u00f1o de Costa Salguero, donde estuvo acompa\u00f1ado por su par de Industria, D\u00e9bora Giorgi. Giorgi destac\u00f3 que gracias a &#8220;las pol\u00edticas p\u00fablicas llevadas adelante por el Gobierno, Argentina se ubica hoy en un lugar privilegiado a nivel mundial. Somos el d\u00e9cimo productor de carne aviar y el noveno exportador&#8221;. La exposici\u00f3n abarc\u00f3 rubros del sector como instalaciones, equipamiento, instrumental, gen\u00e9tica, nutrici\u00f3n, alimentos balanceados y servicios, entre otros, y cont\u00f3 con m\u00e1s de 200 expositores nacionales e internacionales. Paralelamente se desarroll\u00f3 el 10\u00b0 Seminario Internacional de Ciencias Av\u00edcolas, que cuenta con la participaci\u00f3n de m\u00e1s de 15 pa\u00edses expositores y fue declarado de inter\u00e9s tur\u00edstico por el Ministerio de Turismo de Naci\u00f3n. Mientras que en 2013, la producci\u00f3n de carne aviar alcanz\u00f3 m\u00e1s de 1,9 millones de toneladas y la de huevos, 10.275 [&hellip;]","og_url":"https:\/\/proagrolab.com.ar\/argentina-ministro-de-agricultura-resalta-crecimiento-del-sector-aviar-y-porcino\/","og_site_name":"Proagro","article_publisher":"http:\/\/www.facebook.com\/proagrolab","article_published_time":"2014-05-15T00:00:01+00:00","article_modified_time":"2020-07-01T19:48:15+00:00","og_image":[{"width":450,"height":208,"url":"https:\/\/proagrolab.com.ar\/wp-content\/uploads\/2015\/01\/g_o553cn5me__Casamiquela-1.jpg","type":"image\/jpeg"}],"author":"proagrolab","twitter_card":"summary_large_image","twitter_misc":{"Written by":"proagrolab","Est. reading time":"2 minutes"},"schema":{"@context":"https:\/\/schema.org","@graph":[{"@type":"Article","@id":"https:\/\/proagrolab.com.ar\/argentina-ministro-de-agricultura-resalta-crecimiento-del-sector-aviar-y-porcino\/#article","isPartOf":{"@id":"https:\/\/proagrolab.com.ar\/argentina-ministro-de-agricultura-resalta-crecimiento-del-sector-aviar-y-porcino\/"},"author":{"name":"proagrolab","@id":"https:\/\/proagrolab.com.ar\/#\/schema\/person\/38003ff90bf80381f71c7d922d207444"},"headline":"Argentina: Ministro de Agricultura resalta crecimiento del sector aviar y porcino.","datePublished":"2014-05-15T00:00:01+00:00","dateModified":"2020-07-01T19:48:15+00:00","mainEntityOfPage":{"@id":"https:\/\/proagrolab.com.ar\/argentina-ministro-de-agricultura-resalta-crecimiento-del-sector-aviar-y-porcino\/"},"wordCount":355,"publisher":{"@id":"https:\/\/proagrolab.com.ar\/#organization"},"image":{"@id":"https:\/\/proagrolab.com.ar\/argentina-ministro-de-agricultura-resalta-crecimiento-del-sector-aviar-y-porcino\/#primaryimage"},"thumbnailUrl":"https:\/\/proagrolab.com.ar\/wp-content\/uploads\/2015\/01\/g_o553cn5me__Casamiquela-1.jpg","articleSection":["News"],"inLanguage":"en-US"},{"@type":"WebPage","@id":"https:\/\/proagrolab.com.ar\/argentina-ministro-de-agricultura-resalta-crecimiento-del-sector-aviar-y-porcino\/","url":"https:\/\/proagrolab.com.ar\/argentina-ministro-de-agricultura-resalta-crecimiento-del-sector-aviar-y-porcino\/","name":"Argentina: Ministro de Agricultura resalta crecimiento del sector aviar y porcino. | Proagro","isPartOf":{"@id":"https:\/\/proagrolab.com.ar\/#website"},"primaryImageOfPage":{"@id":"https:\/\/proagrolab.com.ar\/argentina-ministro-de-agricultura-resalta-crecimiento-del-sector-aviar-y-porcino\/#primaryimage"},"image":{"@id":"https:\/\/proagrolab.com.ar\/argentina-ministro-de-agricultura-resalta-crecimiento-del-sector-aviar-y-porcino\/#primaryimage"},"thumbnailUrl":"https:\/\/proagrolab.com.ar\/wp-content\/uploads\/2015\/01\/g_o553cn5me__Casamiquela-1.jpg","datePublished":"2014-05-15T00:00:01+00:00","dateModified":"2020-07-01T19:48:15+00:00","breadcrumb":{"@id":"https:\/\/proagrolab.com.ar\/argentina-ministro-de-agricultura-resalta-crecimiento-del-sector-aviar-y-porcino\/#breadcrumb"},"inLanguage":"en-US","potentialAction":[{"@type":"ReadAction","target":["https:\/\/proagrolab.com.ar\/argentina-ministro-de-agricultura-resalta-crecimiento-del-sector-aviar-y-porcino\/"]}]},{"@type":"ImageObject","inLanguage":"en-US","@id":"https:\/\/proagrolab.com.ar\/argentina-ministro-de-agricultura-resalta-crecimiento-del-sector-aviar-y-porcino\/#primaryimage","url":"https:\/\/proagrolab.com.ar\/wp-content\/uploads\/2015\/01\/g_o553cn5me__Casamiquela-1.jpg","contentUrl":"https:\/\/proagrolab.com.ar\/wp-content\/uploads\/2015\/01\/g_o553cn5me__Casamiquela-1.jpg","width":450,"height":208},{"@type":"BreadcrumbList","@id":"https:\/\/proagrolab.com.ar\/argentina-ministro-de-agricultura-resalta-crecimiento-del-sector-aviar-y-porcino\/#breadcrumb","itemListElement":[{"@type":"ListItem","position":1,"name":"Portada","item":"https:\/\/proagrolab.com.ar\/"},{"@type":"ListItem","position":2,"name":"Argentina: Ministro de Agricultura resalta crecimiento del sector aviar y porcino."}]},{"@type":"WebSite","@id":"https:\/\/proagrolab.com.ar\/#website","url":"https:\/\/proagrolab.com.ar\/","name":"Proagro Laboratorio Veterinario","description":"Veterinary laboratory","publisher":{"@id":"https:\/\/proagrolab.com.ar\/#organization"},"potentialAction":[{"@type":"SearchAction","target":{"@type":"EntryPoint","urlTemplate":"https:\/\/proagrolab.com.ar\/?s={search_term_string}"},"query-input":{"@type":"PropertyValueSpecification","valueRequired":true,"valueName":"search_term_string"}}],"inLanguage":"en-US"},{"@type":"Organization","@id":"https:\/\/proagrolab.com.ar\/#organization","name":"Proagro","url":"https:\/\/proagrolab.com.ar\/","logo":{"@type":"ImageObject","inLanguage":"en-US","@id":"https:\/\/proagrolab.com.ar\/#\/schema\/logo\/image\/","url":"https:\/\/proagrolab.com.ar\/wp-content\/uploads\/2020\/04\/logo-retina.png","contentUrl":"https:\/\/proagrolab.com.ar\/wp-content\/uploads\/2020\/04\/logo-retina.png","width":478,"height":120,"caption":"Proagro"},"image":{"@id":"https:\/\/proagrolab.com.ar\/#\/schema\/logo\/image\/"},"sameAs":["http:\/\/www.facebook.com\/proagrolab","https:\/\/www.instagram.com\/proagrolab\/","https:\/\/www.linkedin.com\/company\/laboratorio-proagro-s-a\/"]},{"@type":"Person","@id":"https:\/\/proagrolab.com.ar\/#\/schema\/person\/38003ff90bf80381f71c7d922d207444","name":"proagrolab"}]}},"_links":{"self":[{"href":"https:\/\/proagrolab.com.ar\/en\/wp-json\/wp\/v2\/posts\/6123","targetHints":{"allow":["GET"]}}],"collection":[{"href":"https:\/\/proagrolab.com.ar\/en\/wp-json\/wp\/v2\/posts"}],"about":[{"href":"https:\/\/proagrolab.com.ar\/en\/wp-json\/wp\/v2\/types\/post"}],"author":[{"embeddable":true,"href":"https:\/\/proagrolab.com.ar\/en\/wp-json\/wp\/v2\/users\/2"}],"replies":[{"embeddable":true,"href":"https:\/\/proagrolab.com.ar\/en\/wp-json\/wp\/v2\/comments?post=6123"}],"version-history":[{"count":1,"href":"https:\/\/proagrolab.com.ar\/en\/wp-json\/wp\/v2\/posts\/6123\/revisions"}],"predecessor-version":[{"id":14503,"href":"https:\/\/proagrolab.com.ar\/en\/wp-json\/wp\/v2\/posts\/6123\/revisions\/14503"}],"wp:featuredmedia":[{"embeddable":true,"href":"https:\/\/proagrolab.com.ar\/en\/wp-json\/wp\/v2\/media\/2610"}],"wp:attachment":[{"href":"https:\/\/proagrolab.com.ar\/en\/wp-json\/wp\/v2\/media?parent=6123"}],"wp:term":[{"taxonomy":"category","embeddable":true,"href":"https:\/\/proagrolab.com.ar\/en\/wp-json\/wp\/v2\/categories?post=6123"},{"taxonomy":"post_tag","embeddable":true,"href":"https:\/\/proagrolab.com.ar\/en\/wp-json\/wp\/v2\/tags?post=6123"}],"curies":[{"name":"wp","href":"https:\/\/api.w.org\/{rel}","templated":true}]}}