{"id":6122,"date":"2014-05-15T00:00:01","date_gmt":"2014-05-15T00:00:01","guid":{"rendered":"https:\/\/proagrolab.com.ar\/compartimento-ovino-servira-para-darle-mayor-valor-agregado-a-la-carne-uruguaya\/"},"modified":"2020-07-01T19:48:24","modified_gmt":"2020-07-01T19:48:24","slug":"compartimento-ovino-servira-para-darle-mayor-valor-agregado-a-la-carne-uruguaya","status":"publish","type":"post","link":"https:\/\/proagrolab.com.ar\/en\/compartimento-ovino-servira-para-darle-mayor-valor-agregado-a-la-carne-uruguaya\/","title":{"rendered":"Compartimento ovino servir\u00e1 para darle mayor valor agregado a la carne uruguaya."},"content":{"rendered":"<p class=\"qtranxs-available-languages-message qtranxs-available-languages-message-en\"> <\/p><p>La etapa de implementaci\u00f3n del compartimento ovino, la herramienta para demostrar que la carne ovina con hueso producida por Uruguay no es vector de transmisi\u00f3n de fiebre aftosa, est\u00e1 pr\u00e1cticamente terminada.<\/p>\n<p>Hay dentro 1.150 corderos e ingresan en las pr\u00f3ximas horas otros 350 cabezas, bajo estrictas medidas de bioseguridad, con trazabilidad individual y bajo sangrados para demostrar la ausencia de la enfermedad.<\/p>\n<p>Alex Thiermann, el presidente de la Comisi\u00f3n de Normas Sanitarias para los Animales Terrestres (c\u00f3digo sanitario) de la Organizaci\u00f3n Mundial de Sanidad Animal (OIE), recorri\u00f3 el compartimento, lo valid\u00f3 e inst\u00f3 a Uruguay a aprovechar la oportunidad para darle mayor valor a la carne ovina, certificando otros atributos que hoy los consumidores est\u00e1n pidiendo, como bienestar animal, gen\u00e9tica y producci\u00f3n a pasto, sin hormonas y antibi\u00f3ticos.<\/p>\n<p>&#8220;Uruguay no s\u00f3lo demostrar\u00e1 la ausencia de una enfermedad -fiebre aftosa- sino que dado que se toman todas las medidas de bioseguridad, se pueden certificar otros atributos adicionales. Se puede caracterizar el contenido de ese compartimento, con un alto nivel sanitario y de bienestar animal&#8221;, reconoci\u00f3 Thiermann.<\/p>\n<p>Lo m\u00e1s dif\u00edcil no ser\u00e1 demostrar que la carne que Uruguay exporta, aunque vaya con hueso, no transmite la aftosa, sino lograr que los pa\u00edses compradores mantengan el comercio amparados en la producci\u00f3n del compartimento, a\u00fan aunque el pa\u00eds se reinfeste.<\/p>\n<p>&#8220;La ventaja es que una vez aceptado el concepto del compartimento en los pa\u00edses importadores, habr\u00e1 comercio ininterrumpido de los productos que vienen del compartimento&#8221;, indico Thiermann.<\/p>\n<p>&#8220;Se debe discutir ahora con los importadores (en principio Uni\u00f3n Europea, Estados Unidos y M\u00e9xico) y comprometerlos a que el d\u00eda que haya un cambio en el status sanitario de Uruguay tambi\u00e9n sigan estando de acuerdo con el compartimento. Esa la parte m\u00e1s dif\u00edcil a nivel internacional&#8221;, reconoci\u00f3.<\/p>\n<p>Fuente: Carnetec, 15 de mayo.<br \/><\/p>","protected":false},"excerpt":{"rendered":"<p>La etapa de implementaci\u00f3n del compartimento ovino, la herramienta para demostrar que la carne ovina con hueso producida por Uruguay no es vector de transmisi\u00f3n de fiebre aftosa, est\u00e1 pr\u00e1cticamente terminada. Hay dentro 1.150 corderos e ingresan en las pr\u00f3ximas horas otros 350 cabezas, bajo estrictas medidas de bioseguridad, con trazabilidad individual y bajo sangrados para demostrar la ausencia de la enfermedad. Alex Thiermann, el presidente de la Comisi\u00f3n de Normas Sanitarias para los Animales Terrestres (c\u00f3digo sanitario) de la Organizaci\u00f3n Mundial de Sanidad Animal (OIE), recorri\u00f3 el compartimento, lo valid\u00f3 e inst\u00f3 a Uruguay a aprovechar la oportunidad para darle mayor valor a la carne ovina, certificando otros atributos que hoy los consumidores est\u00e1n pidiendo, como bienestar animal, gen\u00e9tica y producci\u00f3n a pasto, sin hormonas y antibi\u00f3ticos. &#8220;Uruguay no s\u00f3lo demostrar\u00e1 la ausencia de una enfermedad -fiebre aftosa- sino que dado que se toman todas las medidas de bioseguridad, se pueden certificar otros atributos adicionales. Se puede caracterizar el contenido de ese compartimento, con un alto nivel sanitario y de bienestar animal&#8221;, reconoci\u00f3 Thiermann. Lo m\u00e1s dif\u00edcil no ser\u00e1 demostrar que la carne que Uruguay exporta, aunque vaya con hueso, no transmite la aftosa, sino lograr que los pa\u00edses [&hellip;]<\/p>\n","protected":false},"author":2,"featured_media":2609,"comment_status":"closed","ping_status":"open","sticky":false,"template":"","format":"standard","meta":{"_acf_changed":false,"footnotes":""},"categories":[56],"tags":[],"class_list":["post-6122","post","type-post","status-publish","format-standard","has-post-thumbnail","hentry","category-infoganadero"],"acf":[],"yoast_head":"<!-- This site is optimized with the Yoast SEO plugin v27.4 - https:\/\/yoast.com\/product\/yoast-seo-wordpress\/ -->\n<title>Compartimento ovino servir\u00e1 para darle mayor valor agregado a la carne uruguaya. | Proagro<\/title>\n<meta name=\"robots\" content=\"index, follow, max-snippet:-1, max-image-preview:large, max-video-preview:-1\" \/>\n<link rel=\"canonical\" href=\"https:\/\/proagrolab.com.ar\/en\/compartimento-ovino-servira-para-darle-mayor-valor-agregado-a-la-carne-uruguaya\/\" \/>\n<meta property=\"og:locale\" content=\"en_US\" \/>\n<meta property=\"og:type\" content=\"article\" \/>\n<meta property=\"og:title\" content=\"Compartimento ovino servir\u00e1 para darle mayor valor agregado a la carne uruguaya. | Proagro\" \/>\n<meta property=\"og:description\" content=\"La etapa de implementaci\u00f3n del compartimento ovino, la herramienta para demostrar que la carne ovina con hueso producida por Uruguay no es vector de transmisi\u00f3n de fiebre aftosa, est\u00e1 pr\u00e1cticamente terminada. Hay dentro 1.150 corderos e ingresan en las pr\u00f3ximas horas otros 350 cabezas, bajo estrictas medidas de bioseguridad, con trazabilidad individual y bajo sangrados para demostrar la ausencia de la enfermedad. Alex Thiermann, el presidente de la Comisi\u00f3n de Normas Sanitarias para los Animales Terrestres (c\u00f3digo sanitario) de la Organizaci\u00f3n Mundial de Sanidad Animal (OIE), recorri\u00f3 el compartimento, lo valid\u00f3 e inst\u00f3 a Uruguay a aprovechar la oportunidad para darle mayor valor a la carne ovina, certificando otros atributos que hoy los consumidores est\u00e1n pidiendo, como bienestar animal, gen\u00e9tica y producci\u00f3n a pasto, sin hormonas y antibi\u00f3ticos. &#8220;Uruguay no s\u00f3lo demostrar\u00e1 la ausencia de una enfermedad -fiebre aftosa- sino que dado que se toman todas las medidas de bioseguridad, se pueden certificar otros atributos adicionales. Se puede caracterizar el contenido de ese compartimento, con un alto nivel sanitario y de bienestar animal&#8221;, reconoci\u00f3 Thiermann. Lo m\u00e1s dif\u00edcil no ser\u00e1 demostrar que la carne que Uruguay exporta, aunque vaya con hueso, no transmite la aftosa, sino lograr que los pa\u00edses [&hellip;]\" \/>\n<meta property=\"og:url\" content=\"https:\/\/proagrolab.com.ar\/compartimento-ovino-servira-para-darle-mayor-valor-agregado-a-la-carne-uruguaya\/\" \/>\n<meta property=\"og:site_name\" content=\"Proagro\" \/>\n<meta property=\"article:publisher\" content=\"http:\/\/www.facebook.com\/proagrolab\" \/>\n<meta property=\"article:published_time\" content=\"2014-05-15T00:00:01+00:00\" \/>\n<meta property=\"article:modified_time\" content=\"2020-07-01T19:48:24+00:00\" \/>\n<meta property=\"og:image\" content=\"https:\/\/proagrolab.com.ar\/wp-content\/uploads\/2015\/01\/g_54bz89q1k__Ovejas1.jpg\" \/>\n\t<meta property=\"og:image:width\" content=\"450\" \/>\n\t<meta property=\"og:image:height\" content=\"208\" \/>\n\t<meta property=\"og:image:type\" content=\"image\/jpeg\" \/>\n<meta name=\"author\" content=\"proagrolab\" \/>\n<meta name=\"twitter:card\" content=\"summary_large_image\" \/>\n<meta name=\"twitter:label1\" content=\"Written by\" \/>\n\t<meta name=\"twitter:data1\" content=\"proagrolab\" \/>\n\t<meta name=\"twitter:label2\" content=\"Est. reading time\" \/>\n\t<meta name=\"twitter:data2\" content=\"2 minutes\" \/>\n<script type=\"application\/ld+json\" class=\"yoast-schema-graph\">{\"@context\":\"https:\\\/\\\/schema.org\",\"@graph\":[{\"@type\":\"Article\",\"@id\":\"https:\\\/\\\/proagrolab.com.ar\\\/compartimento-ovino-servira-para-darle-mayor-valor-agregado-a-la-carne-uruguaya\\\/#article\",\"isPartOf\":{\"@id\":\"https:\\\/\\\/proagrolab.com.ar\\\/compartimento-ovino-servira-para-darle-mayor-valor-agregado-a-la-carne-uruguaya\\\/\"},\"author\":{\"name\":\"proagrolab\",\"@id\":\"https:\\\/\\\/proagrolab.com.ar\\\/#\\\/schema\\\/person\\\/38003ff90bf80381f71c7d922d207444\"},\"headline\":\"Compartimento ovino servir\u00e1 para darle mayor valor agregado a la carne uruguaya.\",\"datePublished\":\"2014-05-15T00:00:01+00:00\",\"dateModified\":\"2020-07-01T19:48:24+00:00\",\"mainEntityOfPage\":{\"@id\":\"https:\\\/\\\/proagrolab.com.ar\\\/compartimento-ovino-servira-para-darle-mayor-valor-agregado-a-la-carne-uruguaya\\\/\"},\"wordCount\":330,\"publisher\":{\"@id\":\"https:\\\/\\\/proagrolab.com.ar\\\/#organization\"},\"image\":{\"@id\":\"https:\\\/\\\/proagrolab.com.ar\\\/compartimento-ovino-servira-para-darle-mayor-valor-agregado-a-la-carne-uruguaya\\\/#primaryimage\"},\"thumbnailUrl\":\"https:\\\/\\\/proagrolab.com.ar\\\/wp-content\\\/uploads\\\/2015\\\/01\\\/g_54bz89q1k__Ovejas1.jpg\",\"articleSection\":[\"News\"],\"inLanguage\":\"en-US\"},{\"@type\":\"WebPage\",\"@id\":\"https:\\\/\\\/proagrolab.com.ar\\\/compartimento-ovino-servira-para-darle-mayor-valor-agregado-a-la-carne-uruguaya\\\/\",\"url\":\"https:\\\/\\\/proagrolab.com.ar\\\/compartimento-ovino-servira-para-darle-mayor-valor-agregado-a-la-carne-uruguaya\\\/\",\"name\":\"Compartimento ovino servir\u00e1 para darle mayor valor agregado a la carne uruguaya. | Proagro\",\"isPartOf\":{\"@id\":\"https:\\\/\\\/proagrolab.com.ar\\\/#website\"},\"primaryImageOfPage\":{\"@id\":\"https:\\\/\\\/proagrolab.com.ar\\\/compartimento-ovino-servira-para-darle-mayor-valor-agregado-a-la-carne-uruguaya\\\/#primaryimage\"},\"image\":{\"@id\":\"https:\\\/\\\/proagrolab.com.ar\\\/compartimento-ovino-servira-para-darle-mayor-valor-agregado-a-la-carne-uruguaya\\\/#primaryimage\"},\"thumbnailUrl\":\"https:\\\/\\\/proagrolab.com.ar\\\/wp-content\\\/uploads\\\/2015\\\/01\\\/g_54bz89q1k__Ovejas1.jpg\",\"datePublished\":\"2014-05-15T00:00:01+00:00\",\"dateModified\":\"2020-07-01T19:48:24+00:00\",\"breadcrumb\":{\"@id\":\"https:\\\/\\\/proagrolab.com.ar\\\/compartimento-ovino-servira-para-darle-mayor-valor-agregado-a-la-carne-uruguaya\\\/#breadcrumb\"},\"inLanguage\":\"en-US\",\"potentialAction\":[{\"@type\":\"ReadAction\",\"target\":[\"https:\\\/\\\/proagrolab.com.ar\\\/compartimento-ovino-servira-para-darle-mayor-valor-agregado-a-la-carne-uruguaya\\\/\"]}]},{\"@type\":\"ImageObject\",\"inLanguage\":\"en-US\",\"@id\":\"https:\\\/\\\/proagrolab.com.ar\\\/compartimento-ovino-servira-para-darle-mayor-valor-agregado-a-la-carne-uruguaya\\\/#primaryimage\",\"url\":\"https:\\\/\\\/proagrolab.com.ar\\\/wp-content\\\/uploads\\\/2015\\\/01\\\/g_54bz89q1k__Ovejas1.jpg\",\"contentUrl\":\"https:\\\/\\\/proagrolab.com.ar\\\/wp-content\\\/uploads\\\/2015\\\/01\\\/g_54bz89q1k__Ovejas1.jpg\",\"width\":450,\"height\":208},{\"@type\":\"BreadcrumbList\",\"@id\":\"https:\\\/\\\/proagrolab.com.ar\\\/compartimento-ovino-servira-para-darle-mayor-valor-agregado-a-la-carne-uruguaya\\\/#breadcrumb\",\"itemListElement\":[{\"@type\":\"ListItem\",\"position\":1,\"name\":\"Portada\",\"item\":\"https:\\\/\\\/proagrolab.com.ar\\\/\"},{\"@type\":\"ListItem\",\"position\":2,\"name\":\"Compartimento ovino servir\u00e1 para darle mayor valor agregado a la carne uruguaya.\"}]},{\"@type\":\"WebSite\",\"@id\":\"https:\\\/\\\/proagrolab.com.ar\\\/#website\",\"url\":\"https:\\\/\\\/proagrolab.com.ar\\\/\",\"name\":\"Proagro Laboratorio Veterinario\",\"description\":\"Veterinary laboratory\",\"publisher\":{\"@id\":\"https:\\\/\\\/proagrolab.com.ar\\\/#organization\"},\"potentialAction\":[{\"@type\":\"SearchAction\",\"target\":{\"@type\":\"EntryPoint\",\"urlTemplate\":\"https:\\\/\\\/proagrolab.com.ar\\\/?s={search_term_string}\"},\"query-input\":{\"@type\":\"PropertyValueSpecification\",\"valueRequired\":true,\"valueName\":\"search_term_string\"}}],\"inLanguage\":\"en-US\"},{\"@type\":\"Organization\",\"@id\":\"https:\\\/\\\/proagrolab.com.ar\\\/#organization\",\"name\":\"Proagro\",\"url\":\"https:\\\/\\\/proagrolab.com.ar\\\/\",\"logo\":{\"@type\":\"ImageObject\",\"inLanguage\":\"en-US\",\"@id\":\"https:\\\/\\\/proagrolab.com.ar\\\/#\\\/schema\\\/logo\\\/image\\\/\",\"url\":\"https:\\\/\\\/proagrolab.com.ar\\\/wp-content\\\/uploads\\\/2020\\\/04\\\/logo-retina.png\",\"contentUrl\":\"https:\\\/\\\/proagrolab.com.ar\\\/wp-content\\\/uploads\\\/2020\\\/04\\\/logo-retina.png\",\"width\":478,\"height\":120,\"caption\":\"Proagro\"},\"image\":{\"@id\":\"https:\\\/\\\/proagrolab.com.ar\\\/#\\\/schema\\\/logo\\\/image\\\/\"},\"sameAs\":[\"http:\\\/\\\/www.facebook.com\\\/proagrolab\",\"https:\\\/\\\/www.instagram.com\\\/proagrolab\\\/\",\"https:\\\/\\\/www.linkedin.com\\\/company\\\/laboratorio-proagro-s-a\\\/\"]},{\"@type\":\"Person\",\"@id\":\"https:\\\/\\\/proagrolab.com.ar\\\/#\\\/schema\\\/person\\\/38003ff90bf80381f71c7d922d207444\",\"name\":\"proagrolab\"}]}<\/script>\n<!-- \/ Yoast SEO plugin. -->","yoast_head_json":{"title":"Compartimento ovino servir\u00e1 para darle mayor valor agregado a la carne uruguaya. | Proagro","robots":{"index":"index","follow":"follow","max-snippet":"max-snippet:-1","max-image-preview":"max-image-preview:large","max-video-preview":"max-video-preview:-1"},"canonical":"https:\/\/proagrolab.com.ar\/en\/compartimento-ovino-servira-para-darle-mayor-valor-agregado-a-la-carne-uruguaya\/","og_locale":"en_US","og_type":"article","og_title":"Compartimento ovino servir\u00e1 para darle mayor valor agregado a la carne uruguaya. | Proagro","og_description":"La etapa de implementaci\u00f3n del compartimento ovino, la herramienta para demostrar que la carne ovina con hueso producida por Uruguay no es vector de transmisi\u00f3n de fiebre aftosa, est\u00e1 pr\u00e1cticamente terminada. Hay dentro 1.150 corderos e ingresan en las pr\u00f3ximas horas otros 350 cabezas, bajo estrictas medidas de bioseguridad, con trazabilidad individual y bajo sangrados para demostrar la ausencia de la enfermedad. Alex Thiermann, el presidente de la Comisi\u00f3n de Normas Sanitarias para los Animales Terrestres (c\u00f3digo sanitario) de la Organizaci\u00f3n Mundial de Sanidad Animal (OIE), recorri\u00f3 el compartimento, lo valid\u00f3 e inst\u00f3 a Uruguay a aprovechar la oportunidad para darle mayor valor a la carne ovina, certificando otros atributos que hoy los consumidores est\u00e1n pidiendo, como bienestar animal, gen\u00e9tica y producci\u00f3n a pasto, sin hormonas y antibi\u00f3ticos. &#8220;Uruguay no s\u00f3lo demostrar\u00e1 la ausencia de una enfermedad -fiebre aftosa- sino que dado que se toman todas las medidas de bioseguridad, se pueden certificar otros atributos adicionales. Se puede caracterizar el contenido de ese compartimento, con un alto nivel sanitario y de bienestar animal&#8221;, reconoci\u00f3 Thiermann. Lo m\u00e1s dif\u00edcil no ser\u00e1 demostrar que la carne que Uruguay exporta, aunque vaya con hueso, no transmite la aftosa, sino lograr que los pa\u00edses [&hellip;]","og_url":"https:\/\/proagrolab.com.ar\/compartimento-ovino-servira-para-darle-mayor-valor-agregado-a-la-carne-uruguaya\/","og_site_name":"Proagro","article_publisher":"http:\/\/www.facebook.com\/proagrolab","article_published_time":"2014-05-15T00:00:01+00:00","article_modified_time":"2020-07-01T19:48:24+00:00","og_image":[{"width":450,"height":208,"url":"https:\/\/proagrolab.com.ar\/wp-content\/uploads\/2015\/01\/g_54bz89q1k__Ovejas1.jpg","type":"image\/jpeg"}],"author":"proagrolab","twitter_card":"summary_large_image","twitter_misc":{"Written by":"proagrolab","Est. reading time":"2 minutes"},"schema":{"@context":"https:\/\/schema.org","@graph":[{"@type":"Article","@id":"https:\/\/proagrolab.com.ar\/compartimento-ovino-servira-para-darle-mayor-valor-agregado-a-la-carne-uruguaya\/#article","isPartOf":{"@id":"https:\/\/proagrolab.com.ar\/compartimento-ovino-servira-para-darle-mayor-valor-agregado-a-la-carne-uruguaya\/"},"author":{"name":"proagrolab","@id":"https:\/\/proagrolab.com.ar\/#\/schema\/person\/38003ff90bf80381f71c7d922d207444"},"headline":"Compartimento ovino servir\u00e1 para darle mayor valor agregado a la carne uruguaya.","datePublished":"2014-05-15T00:00:01+00:00","dateModified":"2020-07-01T19:48:24+00:00","mainEntityOfPage":{"@id":"https:\/\/proagrolab.com.ar\/compartimento-ovino-servira-para-darle-mayor-valor-agregado-a-la-carne-uruguaya\/"},"wordCount":330,"publisher":{"@id":"https:\/\/proagrolab.com.ar\/#organization"},"image":{"@id":"https:\/\/proagrolab.com.ar\/compartimento-ovino-servira-para-darle-mayor-valor-agregado-a-la-carne-uruguaya\/#primaryimage"},"thumbnailUrl":"https:\/\/proagrolab.com.ar\/wp-content\/uploads\/2015\/01\/g_54bz89q1k__Ovejas1.jpg","articleSection":["News"],"inLanguage":"en-US"},{"@type":"WebPage","@id":"https:\/\/proagrolab.com.ar\/compartimento-ovino-servira-para-darle-mayor-valor-agregado-a-la-carne-uruguaya\/","url":"https:\/\/proagrolab.com.ar\/compartimento-ovino-servira-para-darle-mayor-valor-agregado-a-la-carne-uruguaya\/","name":"Compartimento ovino servir\u00e1 para darle mayor valor agregado a la carne uruguaya. | Proagro","isPartOf":{"@id":"https:\/\/proagrolab.com.ar\/#website"},"primaryImageOfPage":{"@id":"https:\/\/proagrolab.com.ar\/compartimento-ovino-servira-para-darle-mayor-valor-agregado-a-la-carne-uruguaya\/#primaryimage"},"image":{"@id":"https:\/\/proagrolab.com.ar\/compartimento-ovino-servira-para-darle-mayor-valor-agregado-a-la-carne-uruguaya\/#primaryimage"},"thumbnailUrl":"https:\/\/proagrolab.com.ar\/wp-content\/uploads\/2015\/01\/g_54bz89q1k__Ovejas1.jpg","datePublished":"2014-05-15T00:00:01+00:00","dateModified":"2020-07-01T19:48:24+00:00","breadcrumb":{"@id":"https:\/\/proagrolab.com.ar\/compartimento-ovino-servira-para-darle-mayor-valor-agregado-a-la-carne-uruguaya\/#breadcrumb"},"inLanguage":"en-US","potentialAction":[{"@type":"ReadAction","target":["https:\/\/proagrolab.com.ar\/compartimento-ovino-servira-para-darle-mayor-valor-agregado-a-la-carne-uruguaya\/"]}]},{"@type":"ImageObject","inLanguage":"en-US","@id":"https:\/\/proagrolab.com.ar\/compartimento-ovino-servira-para-darle-mayor-valor-agregado-a-la-carne-uruguaya\/#primaryimage","url":"https:\/\/proagrolab.com.ar\/wp-content\/uploads\/2015\/01\/g_54bz89q1k__Ovejas1.jpg","contentUrl":"https:\/\/proagrolab.com.ar\/wp-content\/uploads\/2015\/01\/g_54bz89q1k__Ovejas1.jpg","width":450,"height":208},{"@type":"BreadcrumbList","@id":"https:\/\/proagrolab.com.ar\/compartimento-ovino-servira-para-darle-mayor-valor-agregado-a-la-carne-uruguaya\/#breadcrumb","itemListElement":[{"@type":"ListItem","position":1,"name":"Portada","item":"https:\/\/proagrolab.com.ar\/"},{"@type":"ListItem","position":2,"name":"Compartimento ovino servir\u00e1 para darle mayor valor agregado a la carne uruguaya."}]},{"@type":"WebSite","@id":"https:\/\/proagrolab.com.ar\/#website","url":"https:\/\/proagrolab.com.ar\/","name":"Proagro Laboratorio Veterinario","description":"Veterinary laboratory","publisher":{"@id":"https:\/\/proagrolab.com.ar\/#organization"},"potentialAction":[{"@type":"SearchAction","target":{"@type":"EntryPoint","urlTemplate":"https:\/\/proagrolab.com.ar\/?s={search_term_string}"},"query-input":{"@type":"PropertyValueSpecification","valueRequired":true,"valueName":"search_term_string"}}],"inLanguage":"en-US"},{"@type":"Organization","@id":"https:\/\/proagrolab.com.ar\/#organization","name":"Proagro","url":"https:\/\/proagrolab.com.ar\/","logo":{"@type":"ImageObject","inLanguage":"en-US","@id":"https:\/\/proagrolab.com.ar\/#\/schema\/logo\/image\/","url":"https:\/\/proagrolab.com.ar\/wp-content\/uploads\/2020\/04\/logo-retina.png","contentUrl":"https:\/\/proagrolab.com.ar\/wp-content\/uploads\/2020\/04\/logo-retina.png","width":478,"height":120,"caption":"Proagro"},"image":{"@id":"https:\/\/proagrolab.com.ar\/#\/schema\/logo\/image\/"},"sameAs":["http:\/\/www.facebook.com\/proagrolab","https:\/\/www.instagram.com\/proagrolab\/","https:\/\/www.linkedin.com\/company\/laboratorio-proagro-s-a\/"]},{"@type":"Person","@id":"https:\/\/proagrolab.com.ar\/#\/schema\/person\/38003ff90bf80381f71c7d922d207444","name":"proagrolab"}]}},"_links":{"self":[{"href":"https:\/\/proagrolab.com.ar\/en\/wp-json\/wp\/v2\/posts\/6122","targetHints":{"allow":["GET"]}}],"collection":[{"href":"https:\/\/proagrolab.com.ar\/en\/wp-json\/wp\/v2\/posts"}],"about":[{"href":"https:\/\/proagrolab.com.ar\/en\/wp-json\/wp\/v2\/types\/post"}],"author":[{"embeddable":true,"href":"https:\/\/proagrolab.com.ar\/en\/wp-json\/wp\/v2\/users\/2"}],"replies":[{"embeddable":true,"href":"https:\/\/proagrolab.com.ar\/en\/wp-json\/wp\/v2\/comments?post=6122"}],"version-history":[{"count":1,"href":"https:\/\/proagrolab.com.ar\/en\/wp-json\/wp\/v2\/posts\/6122\/revisions"}],"predecessor-version":[{"id":14504,"href":"https:\/\/proagrolab.com.ar\/en\/wp-json\/wp\/v2\/posts\/6122\/revisions\/14504"}],"wp:featuredmedia":[{"embeddable":true,"href":"https:\/\/proagrolab.com.ar\/en\/wp-json\/wp\/v2\/media\/2609"}],"wp:attachment":[{"href":"https:\/\/proagrolab.com.ar\/en\/wp-json\/wp\/v2\/media?parent=6122"}],"wp:term":[{"taxonomy":"category","embeddable":true,"href":"https:\/\/proagrolab.com.ar\/en\/wp-json\/wp\/v2\/categories?post=6122"},{"taxonomy":"post_tag","embeddable":true,"href":"https:\/\/proagrolab.com.ar\/en\/wp-json\/wp\/v2\/tags?post=6122"}],"curies":[{"name":"wp","href":"https:\/\/api.w.org\/{rel}","templated":true}]}}