{"id":6118,"date":"2014-05-13T00:00:01","date_gmt":"2014-05-13T00:00:01","guid":{"rendered":"https:\/\/proagrolab.com.ar\/la-prenez-del-ciclo-201314-plantea-dudas\/"},"modified":"2020-07-01T19:47:52","modified_gmt":"2020-07-01T19:47:52","slug":"la-prenez-del-ciclo-201314-plantea-dudas","status":"publish","type":"post","link":"https:\/\/proagrolab.com.ar\/en\/la-prenez-del-ciclo-201314-plantea-dudas\/","title":{"rendered":"La pre\u00f1ez del ciclo 2013\/14 plantea dudas."},"content":{"rendered":"<p class=\"qtranxs-available-languages-message qtranxs-available-languages-message-en\"> <\/p><p>Ing. Juan C. Elizalde, Ph.D. y Ing. Agr., M.Sci. Sebastian Riffel.<\/p>\n<p>Los tactos realizados al momento en empresas de punta de la Cuenca del Salado revelan porcentajes de gestaci\u00f3n inferiores a lo habitual a causa de las altas temperaturas del verano. Los posibles impactos a nivel nacional. Por Juan Elizalde y Sebasti\u00e1n Riffel.<\/p>\n<p>Las pre\u00f1eces que se est\u00e1n detectando por medio de tactos rectales en la Cuenca del Salado, Buenos Aires, son inferiores a las del ciclo anterior y a las del promedio de los \u00faltimos a\u00f1os. Una situaci\u00f3n similar se diagnostic\u00f3 en varias regiones de Uruguay.<\/p>\n<p>Si bien el panorama var\u00eda seg\u00fan los campos y las categor\u00edas monitoreadas dentro de los mismos, la problem\u00e1tica ocurre especialmente en empresas que cuentan con asesoramiento t\u00e9cnico y cuyos porcentajes de pre\u00f1ez superan habitualmente el 90%. Otro dato elocuente del perfil de las mismas es que la mayor\u00eda son libres de brucelosis y tuberculosis.<\/p>\n<p>Esos establecimientos realizan el servicio temprano debido a que las vacas paren sobre recursos mejorados de invierno como promociones de raigr\u00e1s y pasturas. En ese sentido, los primeros tactos corresponden a servicios iniciados a mediados de septiembre o principios de octubre y terminados a fines de diciembre, con una duraci\u00f3n de 75 a 90 d\u00edas para vacas adultas.<\/p>\n<p>En general, se verifica una reducci\u00f3n de entre 5 a 10 unidades porcentuales en los porcentajes de pre\u00f1ez de esa categor\u00eda, dependiendo del per\u00edodo de servicio y del estado corporal al momento del mismo. La explicaci\u00f3n estar\u00eda relacionada con los celos inf\u00e9rtiles y la mortalidad embrionaria registrados durante fines de diciembre y enero, debido a las elevadas temperaturas ocurridas a partir del 20 de diciembre y a la p\u00e9rdida&nbsp; abrupta en la calidad del forraje, que implicaron penurias nutricionales y ambientales para los animales.<\/p>\n<p>La principal ca\u00edda en la pre\u00f1ez se dio en las vacas que recibieron servicios m\u00e1s tard\u00edos, que deb\u00edan dar lugar a terneros cola, debido a que fueron las que m\u00e1s sufrieron la ola de calor y la merma en la calidad de los pastos. En cambio, la mayor\u00eda de las pre\u00f1eces logradas son tempranas, por lo que generar\u00e1n terneros cabeza seg\u00fan lo previsto.<\/p>\n<p>En tanto, los servicios cortos de vaquillonas de 15 meses, de 60 a 75 d\u00edas, iniciados de mediados a fin de septiembre y terminados a fin de noviembre, tambi\u00e9n muestran porcentajes de pre\u00f1ez normales ya que fueron realizados en plena primavera.<\/p>\n<p>Cabe se\u00f1alar que el retroceso detectado entre productores de punta podr\u00eda ser mayor entre los establecimientos de menor nivel tecnol\u00f3gico de la Cuenca del Salado, que realizaron servicios durante la \u00e9poca cr\u00edtica. Asimismo, otro aspecto a tener en cuenta es que esta zona es la principal productora de terneros del pa\u00eds.<\/p>\n<p><i>El impacto<\/i><br \/>De confirmarse esta reducci\u00f3n de la pre\u00f1ez, habr\u00eda que estudiar el impacto sobre la cantidad de terneros que se parir\u00e1n a nivel pa\u00eds en la primavera de 2014, se recriar\u00e1n en 2015 y ser\u00e1n vendidos en gran parte en 2016 con, quiz\u00e1s, otras condiciones pol\u00edtico-econ\u00f3micas.<\/p>\n<p>Desde el punto de vista de la reposici\u00f3n, el tener m\u00e1s vacas vac\u00edas no alcanzar\u00eda para que suba el porcentaje de hembras en la faena, uno de los indicadores de liquidaci\u00f3n de stock. Sin embargo, ralentizar\u00e1 cualquier proceso de retenci\u00f3n de vientres que, si lo hubiere, s\u00f3lo alcanzar\u00eda para reponer lo perdido por la baja gestaci\u00f3n.<\/p>\n<p>Bajo estas condiciones, el rodeo podr\u00eda permanecer en estado vegetativo sin posibilidades de crecer y, en consecuencia, de producir m\u00e1s terneros. Con ello, cualquier anhelo de incrementar la producci\u00f3n de carne para el 2016 deber\u00eda concretarse a trav\u00e9s de un aumento en el peso de faena ya que el n\u00famero de terneros permanecer\u00eda estable.<\/p>\n<p>Fuente: Valor Carne, 12 de mayo.<br \/><\/p>","protected":false},"excerpt":{"rendered":"<p>Ing. Juan C. Elizalde, Ph.D. y Ing. Agr., M.Sci. Sebastian Riffel. Los tactos realizados al momento en empresas de punta de la Cuenca del Salado revelan porcentajes de gestaci\u00f3n inferiores a lo habitual a causa de las altas temperaturas del verano. Los posibles impactos a nivel nacional. Por Juan Elizalde y Sebasti\u00e1n Riffel. Las pre\u00f1eces que se est\u00e1n detectando por medio de tactos rectales en la Cuenca del Salado, Buenos Aires, son inferiores a las del ciclo anterior y a las del promedio de los \u00faltimos a\u00f1os. Una situaci\u00f3n similar se diagnostic\u00f3 en varias regiones de Uruguay. Si bien el panorama var\u00eda seg\u00fan los campos y las categor\u00edas monitoreadas dentro de los mismos, la problem\u00e1tica ocurre especialmente en empresas que cuentan con asesoramiento t\u00e9cnico y cuyos porcentajes de pre\u00f1ez superan habitualmente el 90%. Otro dato elocuente del perfil de las mismas es que la mayor\u00eda son libres de brucelosis y tuberculosis. Esos establecimientos realizan el servicio temprano debido a que las vacas paren sobre recursos mejorados de invierno como promociones de raigr\u00e1s y pasturas. En ese sentido, los primeros tactos corresponden a servicios iniciados a mediados de septiembre o principios de octubre y terminados a fines de diciembre, con una [&hellip;]<\/p>\n","protected":false},"author":2,"featured_media":2605,"comment_status":"closed","ping_status":"open","sticky":false,"template":"","format":"standard","meta":{"_acf_changed":false,"footnotes":""},"categories":[56],"tags":[],"class_list":["post-6118","post","type-post","status-publish","format-standard","has-post-thumbnail","hentry","category-infoganadero"],"acf":[],"yoast_head":"<!-- This site is optimized with the Yoast SEO plugin v27.4 - https:\/\/yoast.com\/product\/yoast-seo-wordpress\/ -->\n<title>La pre\u00f1ez del ciclo 2013\/14 plantea dudas. | Proagro<\/title>\n<meta name=\"robots\" content=\"index, follow, max-snippet:-1, max-image-preview:large, max-video-preview:-1\" \/>\n<link rel=\"canonical\" href=\"https:\/\/proagrolab.com.ar\/en\/la-prenez-del-ciclo-201314-plantea-dudas\/\" \/>\n<meta property=\"og:locale\" content=\"en_US\" \/>\n<meta property=\"og:type\" content=\"article\" \/>\n<meta property=\"og:title\" content=\"La pre\u00f1ez del ciclo 2013\/14 plantea dudas. | Proagro\" \/>\n<meta property=\"og:description\" content=\"Ing. Juan C. Elizalde, Ph.D. y Ing. Agr., M.Sci. Sebastian Riffel. Los tactos realizados al momento en empresas de punta de la Cuenca del Salado revelan porcentajes de gestaci\u00f3n inferiores a lo habitual a causa de las altas temperaturas del verano. Los posibles impactos a nivel nacional. Por Juan Elizalde y Sebasti\u00e1n Riffel. Las pre\u00f1eces que se est\u00e1n detectando por medio de tactos rectales en la Cuenca del Salado, Buenos Aires, son inferiores a las del ciclo anterior y a las del promedio de los \u00faltimos a\u00f1os. Una situaci\u00f3n similar se diagnostic\u00f3 en varias regiones de Uruguay. Si bien el panorama var\u00eda seg\u00fan los campos y las categor\u00edas monitoreadas dentro de los mismos, la problem\u00e1tica ocurre especialmente en empresas que cuentan con asesoramiento t\u00e9cnico y cuyos porcentajes de pre\u00f1ez superan habitualmente el 90%. Otro dato elocuente del perfil de las mismas es que la mayor\u00eda son libres de brucelosis y tuberculosis. Esos establecimientos realizan el servicio temprano debido a que las vacas paren sobre recursos mejorados de invierno como promociones de raigr\u00e1s y pasturas. En ese sentido, los primeros tactos corresponden a servicios iniciados a mediados de septiembre o principios de octubre y terminados a fines de diciembre, con una [&hellip;]\" \/>\n<meta property=\"og:url\" content=\"https:\/\/proagrolab.com.ar\/la-prenez-del-ciclo-201314-plantea-dudas\/\" \/>\n<meta property=\"og:site_name\" content=\"Proagro\" \/>\n<meta property=\"article:publisher\" content=\"http:\/\/www.facebook.com\/proagrolab\" \/>\n<meta property=\"article:published_time\" content=\"2014-05-13T00:00:01+00:00\" \/>\n<meta property=\"article:modified_time\" content=\"2020-07-01T19:47:52+00:00\" \/>\n<meta property=\"og:image\" content=\"https:\/\/proagrolab.com.ar\/wp-content\/uploads\/2015\/01\/g_7ewf35sx6__Vacas-Hereford-3.jpg\" \/>\n\t<meta property=\"og:image:width\" content=\"450\" \/>\n\t<meta property=\"og:image:height\" content=\"208\" \/>\n\t<meta property=\"og:image:type\" content=\"image\/jpeg\" \/>\n<meta name=\"author\" content=\"proagrolab\" \/>\n<meta name=\"twitter:card\" content=\"summary_large_image\" \/>\n<meta name=\"twitter:label1\" content=\"Written by\" \/>\n\t<meta name=\"twitter:data1\" content=\"proagrolab\" \/>\n\t<meta name=\"twitter:label2\" content=\"Est. reading time\" \/>\n\t<meta name=\"twitter:data2\" content=\"3 minutes\" \/>\n<script type=\"application\/ld+json\" class=\"yoast-schema-graph\">{\"@context\":\"https:\\\/\\\/schema.org\",\"@graph\":[{\"@type\":\"Article\",\"@id\":\"https:\\\/\\\/proagrolab.com.ar\\\/la-prenez-del-ciclo-201314-plantea-dudas\\\/#article\",\"isPartOf\":{\"@id\":\"https:\\\/\\\/proagrolab.com.ar\\\/la-prenez-del-ciclo-201314-plantea-dudas\\\/\"},\"author\":{\"name\":\"proagrolab\",\"@id\":\"https:\\\/\\\/proagrolab.com.ar\\\/#\\\/schema\\\/person\\\/38003ff90bf80381f71c7d922d207444\"},\"headline\":\"La pre\u00f1ez del ciclo 2013\\\/14 plantea dudas.\",\"datePublished\":\"2014-05-13T00:00:01+00:00\",\"dateModified\":\"2020-07-01T19:47:52+00:00\",\"mainEntityOfPage\":{\"@id\":\"https:\\\/\\\/proagrolab.com.ar\\\/la-prenez-del-ciclo-201314-plantea-dudas\\\/\"},\"wordCount\":675,\"publisher\":{\"@id\":\"https:\\\/\\\/proagrolab.com.ar\\\/#organization\"},\"image\":{\"@id\":\"https:\\\/\\\/proagrolab.com.ar\\\/la-prenez-del-ciclo-201314-plantea-dudas\\\/#primaryimage\"},\"thumbnailUrl\":\"https:\\\/\\\/proagrolab.com.ar\\\/wp-content\\\/uploads\\\/2015\\\/01\\\/g_7ewf35sx6__Vacas-Hereford-3.jpg\",\"articleSection\":[\"News\"],\"inLanguage\":\"en-US\"},{\"@type\":\"WebPage\",\"@id\":\"https:\\\/\\\/proagrolab.com.ar\\\/la-prenez-del-ciclo-201314-plantea-dudas\\\/\",\"url\":\"https:\\\/\\\/proagrolab.com.ar\\\/la-prenez-del-ciclo-201314-plantea-dudas\\\/\",\"name\":\"La pre\u00f1ez del ciclo 2013\\\/14 plantea dudas. | Proagro\",\"isPartOf\":{\"@id\":\"https:\\\/\\\/proagrolab.com.ar\\\/#website\"},\"primaryImageOfPage\":{\"@id\":\"https:\\\/\\\/proagrolab.com.ar\\\/la-prenez-del-ciclo-201314-plantea-dudas\\\/#primaryimage\"},\"image\":{\"@id\":\"https:\\\/\\\/proagrolab.com.ar\\\/la-prenez-del-ciclo-201314-plantea-dudas\\\/#primaryimage\"},\"thumbnailUrl\":\"https:\\\/\\\/proagrolab.com.ar\\\/wp-content\\\/uploads\\\/2015\\\/01\\\/g_7ewf35sx6__Vacas-Hereford-3.jpg\",\"datePublished\":\"2014-05-13T00:00:01+00:00\",\"dateModified\":\"2020-07-01T19:47:52+00:00\",\"breadcrumb\":{\"@id\":\"https:\\\/\\\/proagrolab.com.ar\\\/la-prenez-del-ciclo-201314-plantea-dudas\\\/#breadcrumb\"},\"inLanguage\":\"en-US\",\"potentialAction\":[{\"@type\":\"ReadAction\",\"target\":[\"https:\\\/\\\/proagrolab.com.ar\\\/la-prenez-del-ciclo-201314-plantea-dudas\\\/\"]}]},{\"@type\":\"ImageObject\",\"inLanguage\":\"en-US\",\"@id\":\"https:\\\/\\\/proagrolab.com.ar\\\/la-prenez-del-ciclo-201314-plantea-dudas\\\/#primaryimage\",\"url\":\"https:\\\/\\\/proagrolab.com.ar\\\/wp-content\\\/uploads\\\/2015\\\/01\\\/g_7ewf35sx6__Vacas-Hereford-3.jpg\",\"contentUrl\":\"https:\\\/\\\/proagrolab.com.ar\\\/wp-content\\\/uploads\\\/2015\\\/01\\\/g_7ewf35sx6__Vacas-Hereford-3.jpg\",\"width\":450,\"height\":208},{\"@type\":\"BreadcrumbList\",\"@id\":\"https:\\\/\\\/proagrolab.com.ar\\\/la-prenez-del-ciclo-201314-plantea-dudas\\\/#breadcrumb\",\"itemListElement\":[{\"@type\":\"ListItem\",\"position\":1,\"name\":\"Portada\",\"item\":\"https:\\\/\\\/proagrolab.com.ar\\\/\"},{\"@type\":\"ListItem\",\"position\":2,\"name\":\"La pre\u00f1ez del ciclo 2013\\\/14 plantea dudas.\"}]},{\"@type\":\"WebSite\",\"@id\":\"https:\\\/\\\/proagrolab.com.ar\\\/#website\",\"url\":\"https:\\\/\\\/proagrolab.com.ar\\\/\",\"name\":\"Proagro Laboratorio Veterinario\",\"description\":\"Veterinary laboratory\",\"publisher\":{\"@id\":\"https:\\\/\\\/proagrolab.com.ar\\\/#organization\"},\"potentialAction\":[{\"@type\":\"SearchAction\",\"target\":{\"@type\":\"EntryPoint\",\"urlTemplate\":\"https:\\\/\\\/proagrolab.com.ar\\\/?s={search_term_string}\"},\"query-input\":{\"@type\":\"PropertyValueSpecification\",\"valueRequired\":true,\"valueName\":\"search_term_string\"}}],\"inLanguage\":\"en-US\"},{\"@type\":\"Organization\",\"@id\":\"https:\\\/\\\/proagrolab.com.ar\\\/#organization\",\"name\":\"Proagro\",\"url\":\"https:\\\/\\\/proagrolab.com.ar\\\/\",\"logo\":{\"@type\":\"ImageObject\",\"inLanguage\":\"en-US\",\"@id\":\"https:\\\/\\\/proagrolab.com.ar\\\/#\\\/schema\\\/logo\\\/image\\\/\",\"url\":\"https:\\\/\\\/proagrolab.com.ar\\\/wp-content\\\/uploads\\\/2020\\\/04\\\/logo-retina.png\",\"contentUrl\":\"https:\\\/\\\/proagrolab.com.ar\\\/wp-content\\\/uploads\\\/2020\\\/04\\\/logo-retina.png\",\"width\":478,\"height\":120,\"caption\":\"Proagro\"},\"image\":{\"@id\":\"https:\\\/\\\/proagrolab.com.ar\\\/#\\\/schema\\\/logo\\\/image\\\/\"},\"sameAs\":[\"http:\\\/\\\/www.facebook.com\\\/proagrolab\",\"https:\\\/\\\/www.instagram.com\\\/proagrolab\\\/\",\"https:\\\/\\\/www.linkedin.com\\\/company\\\/laboratorio-proagro-s-a\\\/\"]},{\"@type\":\"Person\",\"@id\":\"https:\\\/\\\/proagrolab.com.ar\\\/#\\\/schema\\\/person\\\/38003ff90bf80381f71c7d922d207444\",\"name\":\"proagrolab\"}]}<\/script>\n<!-- \/ Yoast SEO plugin. -->","yoast_head_json":{"title":"La pre\u00f1ez del ciclo 2013\/14 plantea dudas. | Proagro","robots":{"index":"index","follow":"follow","max-snippet":"max-snippet:-1","max-image-preview":"max-image-preview:large","max-video-preview":"max-video-preview:-1"},"canonical":"https:\/\/proagrolab.com.ar\/en\/la-prenez-del-ciclo-201314-plantea-dudas\/","og_locale":"en_US","og_type":"article","og_title":"La pre\u00f1ez del ciclo 2013\/14 plantea dudas. | Proagro","og_description":"Ing. Juan C. Elizalde, Ph.D. y Ing. Agr., M.Sci. Sebastian Riffel. Los tactos realizados al momento en empresas de punta de la Cuenca del Salado revelan porcentajes de gestaci\u00f3n inferiores a lo habitual a causa de las altas temperaturas del verano. Los posibles impactos a nivel nacional. Por Juan Elizalde y Sebasti\u00e1n Riffel. Las pre\u00f1eces que se est\u00e1n detectando por medio de tactos rectales en la Cuenca del Salado, Buenos Aires, son inferiores a las del ciclo anterior y a las del promedio de los \u00faltimos a\u00f1os. Una situaci\u00f3n similar se diagnostic\u00f3 en varias regiones de Uruguay. Si bien el panorama var\u00eda seg\u00fan los campos y las categor\u00edas monitoreadas dentro de los mismos, la problem\u00e1tica ocurre especialmente en empresas que cuentan con asesoramiento t\u00e9cnico y cuyos porcentajes de pre\u00f1ez superan habitualmente el 90%. Otro dato elocuente del perfil de las mismas es que la mayor\u00eda son libres de brucelosis y tuberculosis. Esos establecimientos realizan el servicio temprano debido a que las vacas paren sobre recursos mejorados de invierno como promociones de raigr\u00e1s y pasturas. En ese sentido, los primeros tactos corresponden a servicios iniciados a mediados de septiembre o principios de octubre y terminados a fines de diciembre, con una [&hellip;]","og_url":"https:\/\/proagrolab.com.ar\/la-prenez-del-ciclo-201314-plantea-dudas\/","og_site_name":"Proagro","article_publisher":"http:\/\/www.facebook.com\/proagrolab","article_published_time":"2014-05-13T00:00:01+00:00","article_modified_time":"2020-07-01T19:47:52+00:00","og_image":[{"width":450,"height":208,"url":"https:\/\/proagrolab.com.ar\/wp-content\/uploads\/2015\/01\/g_7ewf35sx6__Vacas-Hereford-3.jpg","type":"image\/jpeg"}],"author":"proagrolab","twitter_card":"summary_large_image","twitter_misc":{"Written by":"proagrolab","Est. reading time":"3 minutes"},"schema":{"@context":"https:\/\/schema.org","@graph":[{"@type":"Article","@id":"https:\/\/proagrolab.com.ar\/la-prenez-del-ciclo-201314-plantea-dudas\/#article","isPartOf":{"@id":"https:\/\/proagrolab.com.ar\/la-prenez-del-ciclo-201314-plantea-dudas\/"},"author":{"name":"proagrolab","@id":"https:\/\/proagrolab.com.ar\/#\/schema\/person\/38003ff90bf80381f71c7d922d207444"},"headline":"La pre\u00f1ez del ciclo 2013\/14 plantea dudas.","datePublished":"2014-05-13T00:00:01+00:00","dateModified":"2020-07-01T19:47:52+00:00","mainEntityOfPage":{"@id":"https:\/\/proagrolab.com.ar\/la-prenez-del-ciclo-201314-plantea-dudas\/"},"wordCount":675,"publisher":{"@id":"https:\/\/proagrolab.com.ar\/#organization"},"image":{"@id":"https:\/\/proagrolab.com.ar\/la-prenez-del-ciclo-201314-plantea-dudas\/#primaryimage"},"thumbnailUrl":"https:\/\/proagrolab.com.ar\/wp-content\/uploads\/2015\/01\/g_7ewf35sx6__Vacas-Hereford-3.jpg","articleSection":["News"],"inLanguage":"en-US"},{"@type":"WebPage","@id":"https:\/\/proagrolab.com.ar\/la-prenez-del-ciclo-201314-plantea-dudas\/","url":"https:\/\/proagrolab.com.ar\/la-prenez-del-ciclo-201314-plantea-dudas\/","name":"La pre\u00f1ez del ciclo 2013\/14 plantea dudas. | Proagro","isPartOf":{"@id":"https:\/\/proagrolab.com.ar\/#website"},"primaryImageOfPage":{"@id":"https:\/\/proagrolab.com.ar\/la-prenez-del-ciclo-201314-plantea-dudas\/#primaryimage"},"image":{"@id":"https:\/\/proagrolab.com.ar\/la-prenez-del-ciclo-201314-plantea-dudas\/#primaryimage"},"thumbnailUrl":"https:\/\/proagrolab.com.ar\/wp-content\/uploads\/2015\/01\/g_7ewf35sx6__Vacas-Hereford-3.jpg","datePublished":"2014-05-13T00:00:01+00:00","dateModified":"2020-07-01T19:47:52+00:00","breadcrumb":{"@id":"https:\/\/proagrolab.com.ar\/la-prenez-del-ciclo-201314-plantea-dudas\/#breadcrumb"},"inLanguage":"en-US","potentialAction":[{"@type":"ReadAction","target":["https:\/\/proagrolab.com.ar\/la-prenez-del-ciclo-201314-plantea-dudas\/"]}]},{"@type":"ImageObject","inLanguage":"en-US","@id":"https:\/\/proagrolab.com.ar\/la-prenez-del-ciclo-201314-plantea-dudas\/#primaryimage","url":"https:\/\/proagrolab.com.ar\/wp-content\/uploads\/2015\/01\/g_7ewf35sx6__Vacas-Hereford-3.jpg","contentUrl":"https:\/\/proagrolab.com.ar\/wp-content\/uploads\/2015\/01\/g_7ewf35sx6__Vacas-Hereford-3.jpg","width":450,"height":208},{"@type":"BreadcrumbList","@id":"https:\/\/proagrolab.com.ar\/la-prenez-del-ciclo-201314-plantea-dudas\/#breadcrumb","itemListElement":[{"@type":"ListItem","position":1,"name":"Portada","item":"https:\/\/proagrolab.com.ar\/"},{"@type":"ListItem","position":2,"name":"La pre\u00f1ez del ciclo 2013\/14 plantea dudas."}]},{"@type":"WebSite","@id":"https:\/\/proagrolab.com.ar\/#website","url":"https:\/\/proagrolab.com.ar\/","name":"Proagro Laboratorio Veterinario","description":"Veterinary laboratory","publisher":{"@id":"https:\/\/proagrolab.com.ar\/#organization"},"potentialAction":[{"@type":"SearchAction","target":{"@type":"EntryPoint","urlTemplate":"https:\/\/proagrolab.com.ar\/?s={search_term_string}"},"query-input":{"@type":"PropertyValueSpecification","valueRequired":true,"valueName":"search_term_string"}}],"inLanguage":"en-US"},{"@type":"Organization","@id":"https:\/\/proagrolab.com.ar\/#organization","name":"Proagro","url":"https:\/\/proagrolab.com.ar\/","logo":{"@type":"ImageObject","inLanguage":"en-US","@id":"https:\/\/proagrolab.com.ar\/#\/schema\/logo\/image\/","url":"https:\/\/proagrolab.com.ar\/wp-content\/uploads\/2020\/04\/logo-retina.png","contentUrl":"https:\/\/proagrolab.com.ar\/wp-content\/uploads\/2020\/04\/logo-retina.png","width":478,"height":120,"caption":"Proagro"},"image":{"@id":"https:\/\/proagrolab.com.ar\/#\/schema\/logo\/image\/"},"sameAs":["http:\/\/www.facebook.com\/proagrolab","https:\/\/www.instagram.com\/proagrolab\/","https:\/\/www.linkedin.com\/company\/laboratorio-proagro-s-a\/"]},{"@type":"Person","@id":"https:\/\/proagrolab.com.ar\/#\/schema\/person\/38003ff90bf80381f71c7d922d207444","name":"proagrolab"}]}},"_links":{"self":[{"href":"https:\/\/proagrolab.com.ar\/en\/wp-json\/wp\/v2\/posts\/6118","targetHints":{"allow":["GET"]}}],"collection":[{"href":"https:\/\/proagrolab.com.ar\/en\/wp-json\/wp\/v2\/posts"}],"about":[{"href":"https:\/\/proagrolab.com.ar\/en\/wp-json\/wp\/v2\/types\/post"}],"author":[{"embeddable":true,"href":"https:\/\/proagrolab.com.ar\/en\/wp-json\/wp\/v2\/users\/2"}],"replies":[{"embeddable":true,"href":"https:\/\/proagrolab.com.ar\/en\/wp-json\/wp\/v2\/comments?post=6118"}],"version-history":[{"count":1,"href":"https:\/\/proagrolab.com.ar\/en\/wp-json\/wp\/v2\/posts\/6118\/revisions"}],"predecessor-version":[{"id":14498,"href":"https:\/\/proagrolab.com.ar\/en\/wp-json\/wp\/v2\/posts\/6118\/revisions\/14498"}],"wp:featuredmedia":[{"embeddable":true,"href":"https:\/\/proagrolab.com.ar\/en\/wp-json\/wp\/v2\/media\/2605"}],"wp:attachment":[{"href":"https:\/\/proagrolab.com.ar\/en\/wp-json\/wp\/v2\/media?parent=6118"}],"wp:term":[{"taxonomy":"category","embeddable":true,"href":"https:\/\/proagrolab.com.ar\/en\/wp-json\/wp\/v2\/categories?post=6118"},{"taxonomy":"post_tag","embeddable":true,"href":"https:\/\/proagrolab.com.ar\/en\/wp-json\/wp\/v2\/tags?post=6118"}],"curies":[{"name":"wp","href":"https:\/\/api.w.org\/{rel}","templated":true}]}}