{"id":6113,"date":"2014-05-12T00:00:01","date_gmt":"2014-05-12T00:00:01","guid":{"rendered":"https:\/\/proagrolab.com.ar\/se-acorta-la-rural-para-bajar-costos\/"},"modified":"2020-07-01T19:47:39","modified_gmt":"2020-07-01T19:47:39","slug":"se-acorta-la-rural-para-bajar-costos","status":"publish","type":"post","link":"https:\/\/proagrolab.com.ar\/en\/se-acorta-la-rural-para-bajar-costos\/","title":{"rendered":"Se acorta La Rural para bajar costos."},"content":{"rendered":"<p class=\"qtranxs-available-languages-message qtranxs-available-languages-message-en\"> <\/p><p>El evento durar\u00e1 dos d\u00edas menos para reducir los gastos de los expositores.<\/p>\n<p>Por Fernando Bertello.<\/p>\n<p>La Exposici\u00f3n Rural, la tradicional muestra de ganader\u00eda y agroindustria que se realiza en el predio de Palermo de la Sociedad Rural Argentina (SRA), este a\u00f1o trae una novedad import ante en su organizaci\u00f3n: durar\u00e1 dos d\u00edas menos de apertura al p\u00fablico y a los expositores, que van a competir por los grandes campeones, se les reducir\u00e1 en un d\u00eda el ingreso de sus animales. Detr\u00e1s del cambio influyen tendencias internacionales sobre las ferias y un punto que los caba\u00f1eros no dejan pasar por alto y que fue tomado en cuenta por la Rural: el costo de estar en Palermo.<\/p>\n<p>Este a\u00f1o, la exposici\u00f3n estar\u00e1 abierta al p\u00fablico entre el jueves 17 y el domingo 27 de julio. Ser\u00e1n 11 d\u00edas de muestra. Antes, finalizaba un martes y ahora lo har\u00e1 un domingo, al d\u00eda siguiente de la inauguraci\u00f3n oficial.<\/p>\n<p>Por otra parte, el ingreso de los animales al predio ya no ser\u00e1 el lunes anterior a la apertura de las puertas de la exposici\u00f3n, sino el martes, con lo cual se reducir\u00e1 un d\u00eda la llegada. &#8220;Esto surgi\u00f3 de un an\u00e1lisis que vinimos haciendo&#8221;, se\u00f1al\u00f3 Claudio Dowdall, director general de La Rural predio ferial de Palermo. Dowdall indic\u00f3 que &#8220;se busc\u00f3 el consenso general&#8221; en charlas con expositores y criadores.<\/p>\n<p>Adem\u00e1s, se tom\u00f3 la informaci\u00f3n que surgi\u00f3 de la realizaci\u00f3n de focus group y la opini\u00f3n del p\u00fablico. &#8220;La tendencia mundial es a hacer ferias cada vez m\u00e1s eficientes para unir la oferta y la demanda&#8221;, expres\u00f3 el directivo.<\/p>\n<p>Hasta 2001, la exposici\u00f3n duraba 21 d\u00edas. En 2002 se acort\u00f3 a 11 d\u00edas y luego se la llev\u00f3 a los 13 que tuvo hasta la edici\u00f3n pasada. Ahora vuelve a los 11 d\u00edas.<\/p>\n<p>La novedad fue bien recibida por los expositores, que ven\u00edan advirtiendo sobre los altos costos. &#8220;Es bueno que se acorte, porque lo m\u00e1s complejo es el tiempo y el costo de estar all\u00ed. Te llevaba hasta 17 d\u00edas&#8221;, afirm\u00f3 a LA NACION Mart\u00edn Zuza, de la caba\u00f1a La Bellaca, de Gervasio Zuza SRL, ubicada a 50 kil\u00f3metros de R\u00edo Cuarto, C\u00f3rdoba. La caba\u00f1a, que desde 1985 viene participando en la muestra con la raza Brangus y en algunas otras oportunidades con Braford, est\u00e1 a 600 kil\u00f3metros, con lo cual desde all\u00ed tiene un costo alto para el flete. El a\u00f1o pasado vinieron cinco miembros de la caba\u00f1a y cuatro ejemplares.<\/p>\n<p>&#8220;Entre la inscripci\u00f3n, el flete desde 600 kil\u00f3metros, el seguro, el hotel y las comidas tuvimos entre 50.000 y 60.000 pesos de gastos&#8221;, cont\u00f3 Zuza.<\/p>\n<p>Un aliciente es si el expositor gana un gran campe\u00f3n. Esta caba\u00f1a ya contabiliza cinco grandes campeones en machos y siete en hembras. &#8220;A Palermo lo tom\u00e1s como una inversi\u00f3n&#8221;, dijo.<\/p>\n<p>Con su establecimiento a 160 kil\u00f3metros de Buenos Aires, en Castelli, para la caba\u00f1a Terragarba, el flete por animal tiene una menor incidencia, pero igual valoran el acortamiento de la muestra. &#8220;En nuestro caso venimos 12 personas y el a\u00f1o pasado trajimos entre 26 y 28 animales. Nos cost\u00f3 alrededor de $ 120.000&#8221;, dijo Jos\u00e9 Chillado Biaus, gerente general de la caba\u00f1a.<\/p>\n<p>Las asociaciones de criadores tambi\u00e9n saludaron la novedad para este a\u00f1o. &#8220;La medida fue bien recibida por los expositores, que reducir\u00e1n sus costos&#8221;, destac\u00f3 Facundo Rivolta, gerente de la Asociaci\u00f3n Argentina de Brangus.<\/p>\n<p>En tanto, Javier Mart\u00ednez del Valle, director ejecutivo de la Asociaci\u00f3n Argentina de Angus, explic\u00f3: &#8220;Si bien por promoci\u00f3n y publicidad para las caba\u00f1as es una inversi\u00f3n, siempre fue un costo para quienes vienen desde las provincias&#8221;.<\/p>\n<p>Fuente: La Naci\u00f3n, 12 de mayo.<br \/><\/p>","protected":false},"excerpt":{"rendered":"<p>El evento durar\u00e1 dos d\u00edas menos para reducir los gastos de los expositores. Por Fernando Bertello. La Exposici\u00f3n Rural, la tradicional muestra de ganader\u00eda y agroindustria que se realiza en el predio de Palermo de la Sociedad Rural Argentina (SRA), este a\u00f1o trae una novedad import ante en su organizaci\u00f3n: durar\u00e1 dos d\u00edas menos de apertura al p\u00fablico y a los expositores, que van a competir por los grandes campeones, se les reducir\u00e1 en un d\u00eda el ingreso de sus animales. Detr\u00e1s del cambio influyen tendencias internacionales sobre las ferias y un punto que los caba\u00f1eros no dejan pasar por alto y que fue tomado en cuenta por la Rural: el costo de estar en Palermo. Este a\u00f1o, la exposici\u00f3n estar\u00e1 abierta al p\u00fablico entre el jueves 17 y el domingo 27 de julio. Ser\u00e1n 11 d\u00edas de muestra. Antes, finalizaba un martes y ahora lo har\u00e1 un domingo, al d\u00eda siguiente de la inauguraci\u00f3n oficial. Por otra parte, el ingreso de los animales al predio ya no ser\u00e1 el lunes anterior a la apertura de las puertas de la exposici\u00f3n, sino el martes, con lo cual se reducir\u00e1 un d\u00eda la llegada. &#8220;Esto surgi\u00f3 de un an\u00e1lisis que vinimos [&hellip;]<\/p>\n","protected":false},"author":2,"featured_media":2600,"comment_status":"closed","ping_status":"open","sticky":false,"template":"","format":"standard","meta":{"_acf_changed":false,"footnotes":""},"categories":[56],"tags":[],"class_list":["post-6113","post","type-post","status-publish","format-standard","has-post-thumbnail","hentry","category-infoganadero"],"acf":[],"yoast_head":"<!-- This site is optimized with the Yoast SEO plugin v27.4 - https:\/\/yoast.com\/product\/yoast-seo-wordpress\/ -->\n<title>Se acorta La Rural para bajar costos. | Proagro<\/title>\n<meta name=\"robots\" content=\"index, follow, max-snippet:-1, max-image-preview:large, max-video-preview:-1\" \/>\n<link rel=\"canonical\" href=\"https:\/\/proagrolab.com.ar\/en\/se-acorta-la-rural-para-bajar-costos\/\" \/>\n<meta property=\"og:locale\" content=\"en_US\" \/>\n<meta property=\"og:type\" content=\"article\" \/>\n<meta property=\"og:title\" content=\"Se acorta La Rural para bajar costos. | Proagro\" \/>\n<meta property=\"og:description\" content=\"El evento durar\u00e1 dos d\u00edas menos para reducir los gastos de los expositores. Por Fernando Bertello. La Exposici\u00f3n Rural, la tradicional muestra de ganader\u00eda y agroindustria que se realiza en el predio de Palermo de la Sociedad Rural Argentina (SRA), este a\u00f1o trae una novedad import ante en su organizaci\u00f3n: durar\u00e1 dos d\u00edas menos de apertura al p\u00fablico y a los expositores, que van a competir por los grandes campeones, se les reducir\u00e1 en un d\u00eda el ingreso de sus animales. Detr\u00e1s del cambio influyen tendencias internacionales sobre las ferias y un punto que los caba\u00f1eros no dejan pasar por alto y que fue tomado en cuenta por la Rural: el costo de estar en Palermo. Este a\u00f1o, la exposici\u00f3n estar\u00e1 abierta al p\u00fablico entre el jueves 17 y el domingo 27 de julio. Ser\u00e1n 11 d\u00edas de muestra. Antes, finalizaba un martes y ahora lo har\u00e1 un domingo, al d\u00eda siguiente de la inauguraci\u00f3n oficial. Por otra parte, el ingreso de los animales al predio ya no ser\u00e1 el lunes anterior a la apertura de las puertas de la exposici\u00f3n, sino el martes, con lo cual se reducir\u00e1 un d\u00eda la llegada. &#8220;Esto surgi\u00f3 de un an\u00e1lisis que vinimos [&hellip;]\" \/>\n<meta property=\"og:url\" content=\"https:\/\/proagrolab.com.ar\/se-acorta-la-rural-para-bajar-costos\/\" \/>\n<meta property=\"og:site_name\" content=\"Proagro\" \/>\n<meta property=\"article:publisher\" content=\"http:\/\/www.facebook.com\/proagrolab\" \/>\n<meta property=\"article:published_time\" content=\"2014-05-12T00:00:01+00:00\" \/>\n<meta property=\"article:modified_time\" content=\"2020-07-01T19:47:39+00:00\" \/>\n<meta property=\"og:image\" content=\"https:\/\/proagrolab.com.ar\/wp-content\/uploads\/2015\/01\/g_zz4p08zvv__Angus-en-la-Rural.jpg\" \/>\n\t<meta property=\"og:image:width\" content=\"450\" \/>\n\t<meta property=\"og:image:height\" content=\"208\" \/>\n\t<meta property=\"og:image:type\" content=\"image\/jpeg\" \/>\n<meta name=\"author\" content=\"proagrolab\" \/>\n<meta name=\"twitter:card\" content=\"summary_large_image\" \/>\n<meta name=\"twitter:label1\" content=\"Written by\" \/>\n\t<meta name=\"twitter:data1\" content=\"proagrolab\" \/>\n\t<meta name=\"twitter:label2\" content=\"Est. reading time\" \/>\n\t<meta name=\"twitter:data2\" content=\"3 minutes\" \/>\n<script type=\"application\/ld+json\" class=\"yoast-schema-graph\">{\"@context\":\"https:\\\/\\\/schema.org\",\"@graph\":[{\"@type\":\"Article\",\"@id\":\"https:\\\/\\\/proagrolab.com.ar\\\/se-acorta-la-rural-para-bajar-costos\\\/#article\",\"isPartOf\":{\"@id\":\"https:\\\/\\\/proagrolab.com.ar\\\/se-acorta-la-rural-para-bajar-costos\\\/\"},\"author\":{\"name\":\"proagrolab\",\"@id\":\"https:\\\/\\\/proagrolab.com.ar\\\/#\\\/schema\\\/person\\\/38003ff90bf80381f71c7d922d207444\"},\"headline\":\"Se acorta La Rural para bajar costos.\",\"datePublished\":\"2014-05-12T00:00:01+00:00\",\"dateModified\":\"2020-07-01T19:47:39+00:00\",\"mainEntityOfPage\":{\"@id\":\"https:\\\/\\\/proagrolab.com.ar\\\/se-acorta-la-rural-para-bajar-costos\\\/\"},\"wordCount\":652,\"publisher\":{\"@id\":\"https:\\\/\\\/proagrolab.com.ar\\\/#organization\"},\"image\":{\"@id\":\"https:\\\/\\\/proagrolab.com.ar\\\/se-acorta-la-rural-para-bajar-costos\\\/#primaryimage\"},\"thumbnailUrl\":\"https:\\\/\\\/proagrolab.com.ar\\\/wp-content\\\/uploads\\\/2015\\\/01\\\/g_zz4p08zvv__Angus-en-la-Rural.jpg\",\"articleSection\":[\"News\"],\"inLanguage\":\"en-US\"},{\"@type\":\"WebPage\",\"@id\":\"https:\\\/\\\/proagrolab.com.ar\\\/se-acorta-la-rural-para-bajar-costos\\\/\",\"url\":\"https:\\\/\\\/proagrolab.com.ar\\\/se-acorta-la-rural-para-bajar-costos\\\/\",\"name\":\"Se acorta La Rural para bajar costos. | Proagro\",\"isPartOf\":{\"@id\":\"https:\\\/\\\/proagrolab.com.ar\\\/#website\"},\"primaryImageOfPage\":{\"@id\":\"https:\\\/\\\/proagrolab.com.ar\\\/se-acorta-la-rural-para-bajar-costos\\\/#primaryimage\"},\"image\":{\"@id\":\"https:\\\/\\\/proagrolab.com.ar\\\/se-acorta-la-rural-para-bajar-costos\\\/#primaryimage\"},\"thumbnailUrl\":\"https:\\\/\\\/proagrolab.com.ar\\\/wp-content\\\/uploads\\\/2015\\\/01\\\/g_zz4p08zvv__Angus-en-la-Rural.jpg\",\"datePublished\":\"2014-05-12T00:00:01+00:00\",\"dateModified\":\"2020-07-01T19:47:39+00:00\",\"breadcrumb\":{\"@id\":\"https:\\\/\\\/proagrolab.com.ar\\\/se-acorta-la-rural-para-bajar-costos\\\/#breadcrumb\"},\"inLanguage\":\"en-US\",\"potentialAction\":[{\"@type\":\"ReadAction\",\"target\":[\"https:\\\/\\\/proagrolab.com.ar\\\/se-acorta-la-rural-para-bajar-costos\\\/\"]}]},{\"@type\":\"ImageObject\",\"inLanguage\":\"en-US\",\"@id\":\"https:\\\/\\\/proagrolab.com.ar\\\/se-acorta-la-rural-para-bajar-costos\\\/#primaryimage\",\"url\":\"https:\\\/\\\/proagrolab.com.ar\\\/wp-content\\\/uploads\\\/2015\\\/01\\\/g_zz4p08zvv__Angus-en-la-Rural.jpg\",\"contentUrl\":\"https:\\\/\\\/proagrolab.com.ar\\\/wp-content\\\/uploads\\\/2015\\\/01\\\/g_zz4p08zvv__Angus-en-la-Rural.jpg\",\"width\":450,\"height\":208},{\"@type\":\"BreadcrumbList\",\"@id\":\"https:\\\/\\\/proagrolab.com.ar\\\/se-acorta-la-rural-para-bajar-costos\\\/#breadcrumb\",\"itemListElement\":[{\"@type\":\"ListItem\",\"position\":1,\"name\":\"Portada\",\"item\":\"https:\\\/\\\/proagrolab.com.ar\\\/\"},{\"@type\":\"ListItem\",\"position\":2,\"name\":\"Se acorta La Rural para bajar costos.\"}]},{\"@type\":\"WebSite\",\"@id\":\"https:\\\/\\\/proagrolab.com.ar\\\/#website\",\"url\":\"https:\\\/\\\/proagrolab.com.ar\\\/\",\"name\":\"Proagro Laboratorio Veterinario\",\"description\":\"Veterinary laboratory\",\"publisher\":{\"@id\":\"https:\\\/\\\/proagrolab.com.ar\\\/#organization\"},\"potentialAction\":[{\"@type\":\"SearchAction\",\"target\":{\"@type\":\"EntryPoint\",\"urlTemplate\":\"https:\\\/\\\/proagrolab.com.ar\\\/?s={search_term_string}\"},\"query-input\":{\"@type\":\"PropertyValueSpecification\",\"valueRequired\":true,\"valueName\":\"search_term_string\"}}],\"inLanguage\":\"en-US\"},{\"@type\":\"Organization\",\"@id\":\"https:\\\/\\\/proagrolab.com.ar\\\/#organization\",\"name\":\"Proagro\",\"url\":\"https:\\\/\\\/proagrolab.com.ar\\\/\",\"logo\":{\"@type\":\"ImageObject\",\"inLanguage\":\"en-US\",\"@id\":\"https:\\\/\\\/proagrolab.com.ar\\\/#\\\/schema\\\/logo\\\/image\\\/\",\"url\":\"https:\\\/\\\/proagrolab.com.ar\\\/wp-content\\\/uploads\\\/2020\\\/04\\\/logo-retina.png\",\"contentUrl\":\"https:\\\/\\\/proagrolab.com.ar\\\/wp-content\\\/uploads\\\/2020\\\/04\\\/logo-retina.png\",\"width\":478,\"height\":120,\"caption\":\"Proagro\"},\"image\":{\"@id\":\"https:\\\/\\\/proagrolab.com.ar\\\/#\\\/schema\\\/logo\\\/image\\\/\"},\"sameAs\":[\"http:\\\/\\\/www.facebook.com\\\/proagrolab\",\"https:\\\/\\\/www.instagram.com\\\/proagrolab\\\/\",\"https:\\\/\\\/www.linkedin.com\\\/company\\\/laboratorio-proagro-s-a\\\/\"]},{\"@type\":\"Person\",\"@id\":\"https:\\\/\\\/proagrolab.com.ar\\\/#\\\/schema\\\/person\\\/38003ff90bf80381f71c7d922d207444\",\"name\":\"proagrolab\"}]}<\/script>\n<!-- \/ Yoast SEO plugin. -->","yoast_head_json":{"title":"Se acorta La Rural para bajar costos. | Proagro","robots":{"index":"index","follow":"follow","max-snippet":"max-snippet:-1","max-image-preview":"max-image-preview:large","max-video-preview":"max-video-preview:-1"},"canonical":"https:\/\/proagrolab.com.ar\/en\/se-acorta-la-rural-para-bajar-costos\/","og_locale":"en_US","og_type":"article","og_title":"Se acorta La Rural para bajar costos. | Proagro","og_description":"El evento durar\u00e1 dos d\u00edas menos para reducir los gastos de los expositores. Por Fernando Bertello. La Exposici\u00f3n Rural, la tradicional muestra de ganader\u00eda y agroindustria que se realiza en el predio de Palermo de la Sociedad Rural Argentina (SRA), este a\u00f1o trae una novedad import ante en su organizaci\u00f3n: durar\u00e1 dos d\u00edas menos de apertura al p\u00fablico y a los expositores, que van a competir por los grandes campeones, se les reducir\u00e1 en un d\u00eda el ingreso de sus animales. Detr\u00e1s del cambio influyen tendencias internacionales sobre las ferias y un punto que los caba\u00f1eros no dejan pasar por alto y que fue tomado en cuenta por la Rural: el costo de estar en Palermo. Este a\u00f1o, la exposici\u00f3n estar\u00e1 abierta al p\u00fablico entre el jueves 17 y el domingo 27 de julio. Ser\u00e1n 11 d\u00edas de muestra. Antes, finalizaba un martes y ahora lo har\u00e1 un domingo, al d\u00eda siguiente de la inauguraci\u00f3n oficial. Por otra parte, el ingreso de los animales al predio ya no ser\u00e1 el lunes anterior a la apertura de las puertas de la exposici\u00f3n, sino el martes, con lo cual se reducir\u00e1 un d\u00eda la llegada. &#8220;Esto surgi\u00f3 de un an\u00e1lisis que vinimos [&hellip;]","og_url":"https:\/\/proagrolab.com.ar\/se-acorta-la-rural-para-bajar-costos\/","og_site_name":"Proagro","article_publisher":"http:\/\/www.facebook.com\/proagrolab","article_published_time":"2014-05-12T00:00:01+00:00","article_modified_time":"2020-07-01T19:47:39+00:00","og_image":[{"width":450,"height":208,"url":"https:\/\/proagrolab.com.ar\/wp-content\/uploads\/2015\/01\/g_zz4p08zvv__Angus-en-la-Rural.jpg","type":"image\/jpeg"}],"author":"proagrolab","twitter_card":"summary_large_image","twitter_misc":{"Written by":"proagrolab","Est. reading time":"3 minutes"},"schema":{"@context":"https:\/\/schema.org","@graph":[{"@type":"Article","@id":"https:\/\/proagrolab.com.ar\/se-acorta-la-rural-para-bajar-costos\/#article","isPartOf":{"@id":"https:\/\/proagrolab.com.ar\/se-acorta-la-rural-para-bajar-costos\/"},"author":{"name":"proagrolab","@id":"https:\/\/proagrolab.com.ar\/#\/schema\/person\/38003ff90bf80381f71c7d922d207444"},"headline":"Se acorta La Rural para bajar costos.","datePublished":"2014-05-12T00:00:01+00:00","dateModified":"2020-07-01T19:47:39+00:00","mainEntityOfPage":{"@id":"https:\/\/proagrolab.com.ar\/se-acorta-la-rural-para-bajar-costos\/"},"wordCount":652,"publisher":{"@id":"https:\/\/proagrolab.com.ar\/#organization"},"image":{"@id":"https:\/\/proagrolab.com.ar\/se-acorta-la-rural-para-bajar-costos\/#primaryimage"},"thumbnailUrl":"https:\/\/proagrolab.com.ar\/wp-content\/uploads\/2015\/01\/g_zz4p08zvv__Angus-en-la-Rural.jpg","articleSection":["News"],"inLanguage":"en-US"},{"@type":"WebPage","@id":"https:\/\/proagrolab.com.ar\/se-acorta-la-rural-para-bajar-costos\/","url":"https:\/\/proagrolab.com.ar\/se-acorta-la-rural-para-bajar-costos\/","name":"Se acorta La Rural para bajar costos. | Proagro","isPartOf":{"@id":"https:\/\/proagrolab.com.ar\/#website"},"primaryImageOfPage":{"@id":"https:\/\/proagrolab.com.ar\/se-acorta-la-rural-para-bajar-costos\/#primaryimage"},"image":{"@id":"https:\/\/proagrolab.com.ar\/se-acorta-la-rural-para-bajar-costos\/#primaryimage"},"thumbnailUrl":"https:\/\/proagrolab.com.ar\/wp-content\/uploads\/2015\/01\/g_zz4p08zvv__Angus-en-la-Rural.jpg","datePublished":"2014-05-12T00:00:01+00:00","dateModified":"2020-07-01T19:47:39+00:00","breadcrumb":{"@id":"https:\/\/proagrolab.com.ar\/se-acorta-la-rural-para-bajar-costos\/#breadcrumb"},"inLanguage":"en-US","potentialAction":[{"@type":"ReadAction","target":["https:\/\/proagrolab.com.ar\/se-acorta-la-rural-para-bajar-costos\/"]}]},{"@type":"ImageObject","inLanguage":"en-US","@id":"https:\/\/proagrolab.com.ar\/se-acorta-la-rural-para-bajar-costos\/#primaryimage","url":"https:\/\/proagrolab.com.ar\/wp-content\/uploads\/2015\/01\/g_zz4p08zvv__Angus-en-la-Rural.jpg","contentUrl":"https:\/\/proagrolab.com.ar\/wp-content\/uploads\/2015\/01\/g_zz4p08zvv__Angus-en-la-Rural.jpg","width":450,"height":208},{"@type":"BreadcrumbList","@id":"https:\/\/proagrolab.com.ar\/se-acorta-la-rural-para-bajar-costos\/#breadcrumb","itemListElement":[{"@type":"ListItem","position":1,"name":"Portada","item":"https:\/\/proagrolab.com.ar\/"},{"@type":"ListItem","position":2,"name":"Se acorta La Rural para bajar costos."}]},{"@type":"WebSite","@id":"https:\/\/proagrolab.com.ar\/#website","url":"https:\/\/proagrolab.com.ar\/","name":"Proagro Laboratorio Veterinario","description":"Veterinary laboratory","publisher":{"@id":"https:\/\/proagrolab.com.ar\/#organization"},"potentialAction":[{"@type":"SearchAction","target":{"@type":"EntryPoint","urlTemplate":"https:\/\/proagrolab.com.ar\/?s={search_term_string}"},"query-input":{"@type":"PropertyValueSpecification","valueRequired":true,"valueName":"search_term_string"}}],"inLanguage":"en-US"},{"@type":"Organization","@id":"https:\/\/proagrolab.com.ar\/#organization","name":"Proagro","url":"https:\/\/proagrolab.com.ar\/","logo":{"@type":"ImageObject","inLanguage":"en-US","@id":"https:\/\/proagrolab.com.ar\/#\/schema\/logo\/image\/","url":"https:\/\/proagrolab.com.ar\/wp-content\/uploads\/2020\/04\/logo-retina.png","contentUrl":"https:\/\/proagrolab.com.ar\/wp-content\/uploads\/2020\/04\/logo-retina.png","width":478,"height":120,"caption":"Proagro"},"image":{"@id":"https:\/\/proagrolab.com.ar\/#\/schema\/logo\/image\/"},"sameAs":["http:\/\/www.facebook.com\/proagrolab","https:\/\/www.instagram.com\/proagrolab\/","https:\/\/www.linkedin.com\/company\/laboratorio-proagro-s-a\/"]},{"@type":"Person","@id":"https:\/\/proagrolab.com.ar\/#\/schema\/person\/38003ff90bf80381f71c7d922d207444","name":"proagrolab"}]}},"_links":{"self":[{"href":"https:\/\/proagrolab.com.ar\/en\/wp-json\/wp\/v2\/posts\/6113","targetHints":{"allow":["GET"]}}],"collection":[{"href":"https:\/\/proagrolab.com.ar\/en\/wp-json\/wp\/v2\/posts"}],"about":[{"href":"https:\/\/proagrolab.com.ar\/en\/wp-json\/wp\/v2\/types\/post"}],"author":[{"embeddable":true,"href":"https:\/\/proagrolab.com.ar\/en\/wp-json\/wp\/v2\/users\/2"}],"replies":[{"embeddable":true,"href":"https:\/\/proagrolab.com.ar\/en\/wp-json\/wp\/v2\/comments?post=6113"}],"version-history":[{"count":1,"href":"https:\/\/proagrolab.com.ar\/en\/wp-json\/wp\/v2\/posts\/6113\/revisions"}],"predecessor-version":[{"id":14496,"href":"https:\/\/proagrolab.com.ar\/en\/wp-json\/wp\/v2\/posts\/6113\/revisions\/14496"}],"wp:featuredmedia":[{"embeddable":true,"href":"https:\/\/proagrolab.com.ar\/en\/wp-json\/wp\/v2\/media\/2600"}],"wp:attachment":[{"href":"https:\/\/proagrolab.com.ar\/en\/wp-json\/wp\/v2\/media?parent=6113"}],"wp:term":[{"taxonomy":"category","embeddable":true,"href":"https:\/\/proagrolab.com.ar\/en\/wp-json\/wp\/v2\/categories?post=6113"},{"taxonomy":"post_tag","embeddable":true,"href":"https:\/\/proagrolab.com.ar\/en\/wp-json\/wp\/v2\/tags?post=6113"}],"curies":[{"name":"wp","href":"https:\/\/api.w.org\/{rel}","templated":true}]}}