{"id":6112,"date":"2014-05-09T00:00:01","date_gmt":"2014-05-09T00:00:01","guid":{"rendered":"https:\/\/proagrolab.com.ar\/subir-el-peso-de-faena-para-aumentar-exportaciones\/"},"modified":"2020-07-01T19:47:25","modified_gmt":"2020-07-01T19:47:25","slug":"subir-el-peso-de-faena-para-aumentar-exportaciones","status":"publish","type":"post","link":"https:\/\/proagrolab.com.ar\/en\/subir-el-peso-de-faena-para-aumentar-exportaciones\/","title":{"rendered":"Subir el peso de faena para aumentar exportaciones."},"content":{"rendered":"<p class=\"qtranxs-available-languages-message qtranxs-available-languages-message-en\"> <\/p><p>Por Ignacio Iriarte<\/p>\n<p>Si se volviera a los 234 kilos por animal de 2011, se podr\u00edan exportar 160 mil toneladas m\u00e1s. Con el mismo nivel de faena actual se podr\u00edan generar 2.200 millones de d\u00f3lares adicionales.<\/p>\n<p>Considerando que, en una primera etapa de recuperaci\u00f3n, las exportaciones argentinas de carne vacuna podr\u00edan crecer hasta las 400 mil toneladas anuales \u0096este a\u00f1o no alcanzar\u00edan las 160 mil toneladas\u0096 el consumo descender\u00eda hasta los 60 kilos per c\u00e1pita teniendo en cuenta una producci\u00f3n anual del orden de las 2,85 millones de toneladas.<\/p>\n<p>Para sustituir los cinco kilos que deber\u00eda reducirse el consumo de carne vacuna, hoy se cuenta con una disponibilidad in\u00e9dita de carne de pollo (38 kilos) y de cerdo (12 kilos), cuya oferta conjunta ha crecido m\u00e1s de 20 kilos per c\u00e1pita en la \u00faltima d\u00e9cada.<\/p>\n<p>Pero, si se volviera al peso medio de faena de mediados de 2011, 234 kilos por animal, s\u00f3lo por esto se generar\u00eda un aumento tal en la producci\u00f3n que permitir\u00eda incrementar las exportaciones en 160 mil toneladas adicionales o aumentar el consumo a los 64\/65 kilos. Volviendo a los pesos de faena de tres a\u00f1os atr\u00e1s, con la misma matanza actual se podr\u00edan exportar 560 mil toneladas y generar unos 2.200 millones de d\u00f3lares adicionales en la balanza comercial argentina. Adem\u00e1s, se podr\u00eda todav\u00eda consumir unos 60 kilos per c\u00e1pita que, junto a la de Uruguay, seguir\u00e1 siendo la m\u00e1s elevada del mundo.<\/p>\n<p>En el corto plazo, y a la espera de que mejoren los \u00edndices de procreo, el camino m\u00e1s corto, m\u00e1s viable pol\u00edticamente y m\u00e1s r\u00e1pido para generar mayores saldos exportables, ser\u00eda aumentar el peso medio de faena, fundamentalmente, a trav\u00e9s de incrementar el peso de los machos. Si este indicador volviera a los 234 kilos de tres a\u00f1os atr\u00e1s, a\u00fan as\u00ed seguir\u00eda siendo uno de los m\u00e1s bajos del mundo, bien por debajo de Estados Unidos, Europa, Australia, Brasil o Uruguay.<\/p>\n<p><i>Cuota 481<\/i><br \/>En Uruguay, y en medio de acusaciones contra la industria frigor\u00edfica (muy concentrada) por una eventual manipulaci\u00f3n de los precios del ganado, el valor del novillo pesado tipo Hilton baj\u00f3 en pocos meses de 3,70 a 3,25 d\u00f3lares por kilo de carne en gancho.<\/p>\n<p>En el \u00ednterin, el novillo de feedlot, que cubre los requerimientos de la cuota 481 de la Uni\u00f3n Europea, baj\u00f3 s\u00f3lo de 4,10 a cuatro d\u00f3lares por kilo de carne en gancho y se ampli\u00f3 la brecha entre lo que la industria paga por el novillo a pasto (Hilton) y el novillo de feedlot (cuota 481), brecha que hasta hace poco era del 15 y ahora es del 23 por ciento.<\/p>\n<p>Los novillitos recriados, con trazabilidad, aptos para la cuota 481, se est\u00e1n pagando hoy entre 1,80 y 1,90 d\u00f3lares por kilo vivo; son de razas brit\u00e1nicas, pesan entre 350 y 400 kilos, y no deben tener m\u00e1s de 23\/24 meses de edad al inicio del engorde a corral.<\/p>\n<p>Por lo que nos han dicho operadores del sector del vecino pa\u00eds, la mayor parte de la carne que se embarca a trav\u00e9s de este cupo viene de novillos engordados en los feedlots, propiedad de los mismos frigor\u00edficos exportadores, o son engordados en alguno de los feedlots de hoteler\u00eda (hay 99 habilitados) por cuenta de las mismas empresas exportadoras.<\/p>\n<p>La mayor\u00eda de las grandes empresas frigor\u00edficas en el Uruguay tienen corrales propios o, en su defecto, trabajan como usuarios en feedlots de hoteler\u00eda. En el a\u00f1o que va de julio\/junio 2013 al mismo per\u00edodo de 2014, Uruguay embarcar\u00e1 unas 6.300 toneladas de cortes Hilton y unas nueve mil toneladas del cupo 481.<\/p>\n<p>Fuente: La Voz del Interior, 9 de mayo.<br \/><\/p>","protected":false},"excerpt":{"rendered":"<p>Por Ignacio Iriarte Si se volviera a los 234 kilos por animal de 2011, se podr\u00edan exportar 160 mil toneladas m\u00e1s. Con el mismo nivel de faena actual se podr\u00edan generar 2.200 millones de d\u00f3lares adicionales. Considerando que, en una primera etapa de recuperaci\u00f3n, las exportaciones argentinas de carne vacuna podr\u00edan crecer hasta las 400 mil toneladas anuales \u0096este a\u00f1o no alcanzar\u00edan las 160 mil toneladas\u0096 el consumo descender\u00eda hasta los 60 kilos per c\u00e1pita teniendo en cuenta una producci\u00f3n anual del orden de las 2,85 millones de toneladas. Para sustituir los cinco kilos que deber\u00eda reducirse el consumo de carne vacuna, hoy se cuenta con una disponibilidad in\u00e9dita de carne de pollo (38 kilos) y de cerdo (12 kilos), cuya oferta conjunta ha crecido m\u00e1s de 20 kilos per c\u00e1pita en la \u00faltima d\u00e9cada. Pero, si se volviera al peso medio de faena de mediados de 2011, 234 kilos por animal, s\u00f3lo por esto se generar\u00eda un aumento tal en la producci\u00f3n que permitir\u00eda incrementar las exportaciones en 160 mil toneladas adicionales o aumentar el consumo a los 64\/65 kilos. Volviendo a los pesos de faena de tres a\u00f1os atr\u00e1s, con la misma matanza actual se podr\u00edan exportar 560 [&hellip;]<\/p>\n","protected":false},"author":2,"featured_media":2599,"comment_status":"closed","ping_status":"open","sticky":false,"template":"","format":"standard","meta":{"_acf_changed":false,"footnotes":""},"categories":[56],"tags":[],"class_list":["post-6112","post","type-post","status-publish","format-standard","has-post-thumbnail","hentry","category-infoganadero"],"acf":[],"yoast_head":"<!-- This site is optimized with the Yoast SEO plugin v27.4 - https:\/\/yoast.com\/product\/yoast-seo-wordpress\/ -->\n<title>Subir el peso de faena para aumentar exportaciones. | Proagro<\/title>\n<meta name=\"robots\" content=\"index, follow, max-snippet:-1, max-image-preview:large, max-video-preview:-1\" \/>\n<link rel=\"canonical\" href=\"https:\/\/proagrolab.com.ar\/en\/subir-el-peso-de-faena-para-aumentar-exportaciones\/\" \/>\n<meta property=\"og:locale\" content=\"en_US\" \/>\n<meta property=\"og:type\" content=\"article\" \/>\n<meta property=\"og:title\" content=\"Subir el peso de faena para aumentar exportaciones. | Proagro\" \/>\n<meta property=\"og:description\" content=\"Por Ignacio Iriarte Si se volviera a los 234 kilos por animal de 2011, se podr\u00edan exportar 160 mil toneladas m\u00e1s. Con el mismo nivel de faena actual se podr\u00edan generar 2.200 millones de d\u00f3lares adicionales. Considerando que, en una primera etapa de recuperaci\u00f3n, las exportaciones argentinas de carne vacuna podr\u00edan crecer hasta las 400 mil toneladas anuales \u0096este a\u00f1o no alcanzar\u00edan las 160 mil toneladas\u0096 el consumo descender\u00eda hasta los 60 kilos per c\u00e1pita teniendo en cuenta una producci\u00f3n anual del orden de las 2,85 millones de toneladas. Para sustituir los cinco kilos que deber\u00eda reducirse el consumo de carne vacuna, hoy se cuenta con una disponibilidad in\u00e9dita de carne de pollo (38 kilos) y de cerdo (12 kilos), cuya oferta conjunta ha crecido m\u00e1s de 20 kilos per c\u00e1pita en la \u00faltima d\u00e9cada. Pero, si se volviera al peso medio de faena de mediados de 2011, 234 kilos por animal, s\u00f3lo por esto se generar\u00eda un aumento tal en la producci\u00f3n que permitir\u00eda incrementar las exportaciones en 160 mil toneladas adicionales o aumentar el consumo a los 64\/65 kilos. Volviendo a los pesos de faena de tres a\u00f1os atr\u00e1s, con la misma matanza actual se podr\u00edan exportar 560 [&hellip;]\" \/>\n<meta property=\"og:url\" content=\"https:\/\/proagrolab.com.ar\/subir-el-peso-de-faena-para-aumentar-exportaciones\/\" \/>\n<meta property=\"og:site_name\" content=\"Proagro\" \/>\n<meta property=\"article:publisher\" content=\"http:\/\/www.facebook.com\/proagrolab\" \/>\n<meta property=\"article:published_time\" content=\"2014-05-09T00:00:01+00:00\" \/>\n<meta property=\"article:modified_time\" content=\"2020-07-01T19:47:25+00:00\" \/>\n<meta property=\"og:image\" content=\"https:\/\/proagrolab.com.ar\/wp-content\/uploads\/2015\/01\/g_ocau95va0__Frigorifico-3.jpg\" \/>\n\t<meta property=\"og:image:width\" content=\"450\" \/>\n\t<meta property=\"og:image:height\" content=\"208\" \/>\n\t<meta property=\"og:image:type\" content=\"image\/jpeg\" \/>\n<meta name=\"author\" content=\"proagrolab\" \/>\n<meta name=\"twitter:card\" content=\"summary_large_image\" \/>\n<meta name=\"twitter:label1\" content=\"Written by\" \/>\n\t<meta name=\"twitter:data1\" content=\"proagrolab\" \/>\n\t<meta name=\"twitter:label2\" content=\"Est. reading time\" \/>\n\t<meta name=\"twitter:data2\" content=\"3 minutes\" \/>\n<script type=\"application\/ld+json\" class=\"yoast-schema-graph\">{\"@context\":\"https:\\\/\\\/schema.org\",\"@graph\":[{\"@type\":\"Article\",\"@id\":\"https:\\\/\\\/proagrolab.com.ar\\\/subir-el-peso-de-faena-para-aumentar-exportaciones\\\/#article\",\"isPartOf\":{\"@id\":\"https:\\\/\\\/proagrolab.com.ar\\\/subir-el-peso-de-faena-para-aumentar-exportaciones\\\/\"},\"author\":{\"name\":\"proagrolab\",\"@id\":\"https:\\\/\\\/proagrolab.com.ar\\\/#\\\/schema\\\/person\\\/38003ff90bf80381f71c7d922d207444\"},\"headline\":\"Subir el peso de faena para aumentar exportaciones.\",\"datePublished\":\"2014-05-09T00:00:01+00:00\",\"dateModified\":\"2020-07-01T19:47:25+00:00\",\"mainEntityOfPage\":{\"@id\":\"https:\\\/\\\/proagrolab.com.ar\\\/subir-el-peso-de-faena-para-aumentar-exportaciones\\\/\"},\"wordCount\":634,\"publisher\":{\"@id\":\"https:\\\/\\\/proagrolab.com.ar\\\/#organization\"},\"image\":{\"@id\":\"https:\\\/\\\/proagrolab.com.ar\\\/subir-el-peso-de-faena-para-aumentar-exportaciones\\\/#primaryimage\"},\"thumbnailUrl\":\"https:\\\/\\\/proagrolab.com.ar\\\/wp-content\\\/uploads\\\/2015\\\/01\\\/g_ocau95va0__Frigorifico-3.jpg\",\"articleSection\":[\"News\"],\"inLanguage\":\"en-US\"},{\"@type\":\"WebPage\",\"@id\":\"https:\\\/\\\/proagrolab.com.ar\\\/subir-el-peso-de-faena-para-aumentar-exportaciones\\\/\",\"url\":\"https:\\\/\\\/proagrolab.com.ar\\\/subir-el-peso-de-faena-para-aumentar-exportaciones\\\/\",\"name\":\"Subir el peso de faena para aumentar exportaciones. | Proagro\",\"isPartOf\":{\"@id\":\"https:\\\/\\\/proagrolab.com.ar\\\/#website\"},\"primaryImageOfPage\":{\"@id\":\"https:\\\/\\\/proagrolab.com.ar\\\/subir-el-peso-de-faena-para-aumentar-exportaciones\\\/#primaryimage\"},\"image\":{\"@id\":\"https:\\\/\\\/proagrolab.com.ar\\\/subir-el-peso-de-faena-para-aumentar-exportaciones\\\/#primaryimage\"},\"thumbnailUrl\":\"https:\\\/\\\/proagrolab.com.ar\\\/wp-content\\\/uploads\\\/2015\\\/01\\\/g_ocau95va0__Frigorifico-3.jpg\",\"datePublished\":\"2014-05-09T00:00:01+00:00\",\"dateModified\":\"2020-07-01T19:47:25+00:00\",\"breadcrumb\":{\"@id\":\"https:\\\/\\\/proagrolab.com.ar\\\/subir-el-peso-de-faena-para-aumentar-exportaciones\\\/#breadcrumb\"},\"inLanguage\":\"en-US\",\"potentialAction\":[{\"@type\":\"ReadAction\",\"target\":[\"https:\\\/\\\/proagrolab.com.ar\\\/subir-el-peso-de-faena-para-aumentar-exportaciones\\\/\"]}]},{\"@type\":\"ImageObject\",\"inLanguage\":\"en-US\",\"@id\":\"https:\\\/\\\/proagrolab.com.ar\\\/subir-el-peso-de-faena-para-aumentar-exportaciones\\\/#primaryimage\",\"url\":\"https:\\\/\\\/proagrolab.com.ar\\\/wp-content\\\/uploads\\\/2015\\\/01\\\/g_ocau95va0__Frigorifico-3.jpg\",\"contentUrl\":\"https:\\\/\\\/proagrolab.com.ar\\\/wp-content\\\/uploads\\\/2015\\\/01\\\/g_ocau95va0__Frigorifico-3.jpg\",\"width\":450,\"height\":208},{\"@type\":\"BreadcrumbList\",\"@id\":\"https:\\\/\\\/proagrolab.com.ar\\\/subir-el-peso-de-faena-para-aumentar-exportaciones\\\/#breadcrumb\",\"itemListElement\":[{\"@type\":\"ListItem\",\"position\":1,\"name\":\"Portada\",\"item\":\"https:\\\/\\\/proagrolab.com.ar\\\/\"},{\"@type\":\"ListItem\",\"position\":2,\"name\":\"Subir el peso de faena para aumentar exportaciones.\"}]},{\"@type\":\"WebSite\",\"@id\":\"https:\\\/\\\/proagrolab.com.ar\\\/#website\",\"url\":\"https:\\\/\\\/proagrolab.com.ar\\\/\",\"name\":\"Proagro Laboratorio Veterinario\",\"description\":\"Veterinary laboratory\",\"publisher\":{\"@id\":\"https:\\\/\\\/proagrolab.com.ar\\\/#organization\"},\"potentialAction\":[{\"@type\":\"SearchAction\",\"target\":{\"@type\":\"EntryPoint\",\"urlTemplate\":\"https:\\\/\\\/proagrolab.com.ar\\\/?s={search_term_string}\"},\"query-input\":{\"@type\":\"PropertyValueSpecification\",\"valueRequired\":true,\"valueName\":\"search_term_string\"}}],\"inLanguage\":\"en-US\"},{\"@type\":\"Organization\",\"@id\":\"https:\\\/\\\/proagrolab.com.ar\\\/#organization\",\"name\":\"Proagro\",\"url\":\"https:\\\/\\\/proagrolab.com.ar\\\/\",\"logo\":{\"@type\":\"ImageObject\",\"inLanguage\":\"en-US\",\"@id\":\"https:\\\/\\\/proagrolab.com.ar\\\/#\\\/schema\\\/logo\\\/image\\\/\",\"url\":\"https:\\\/\\\/proagrolab.com.ar\\\/wp-content\\\/uploads\\\/2020\\\/04\\\/logo-retina.png\",\"contentUrl\":\"https:\\\/\\\/proagrolab.com.ar\\\/wp-content\\\/uploads\\\/2020\\\/04\\\/logo-retina.png\",\"width\":478,\"height\":120,\"caption\":\"Proagro\"},\"image\":{\"@id\":\"https:\\\/\\\/proagrolab.com.ar\\\/#\\\/schema\\\/logo\\\/image\\\/\"},\"sameAs\":[\"http:\\\/\\\/www.facebook.com\\\/proagrolab\",\"https:\\\/\\\/www.instagram.com\\\/proagrolab\\\/\",\"https:\\\/\\\/www.linkedin.com\\\/company\\\/laboratorio-proagro-s-a\\\/\"]},{\"@type\":\"Person\",\"@id\":\"https:\\\/\\\/proagrolab.com.ar\\\/#\\\/schema\\\/person\\\/38003ff90bf80381f71c7d922d207444\",\"name\":\"proagrolab\"}]}<\/script>\n<!-- \/ Yoast SEO plugin. -->","yoast_head_json":{"title":"Subir el peso de faena para aumentar exportaciones. | Proagro","robots":{"index":"index","follow":"follow","max-snippet":"max-snippet:-1","max-image-preview":"max-image-preview:large","max-video-preview":"max-video-preview:-1"},"canonical":"https:\/\/proagrolab.com.ar\/en\/subir-el-peso-de-faena-para-aumentar-exportaciones\/","og_locale":"en_US","og_type":"article","og_title":"Subir el peso de faena para aumentar exportaciones. | Proagro","og_description":"Por Ignacio Iriarte Si se volviera a los 234 kilos por animal de 2011, se podr\u00edan exportar 160 mil toneladas m\u00e1s. Con el mismo nivel de faena actual se podr\u00edan generar 2.200 millones de d\u00f3lares adicionales. Considerando que, en una primera etapa de recuperaci\u00f3n, las exportaciones argentinas de carne vacuna podr\u00edan crecer hasta las 400 mil toneladas anuales \u0096este a\u00f1o no alcanzar\u00edan las 160 mil toneladas\u0096 el consumo descender\u00eda hasta los 60 kilos per c\u00e1pita teniendo en cuenta una producci\u00f3n anual del orden de las 2,85 millones de toneladas. Para sustituir los cinco kilos que deber\u00eda reducirse el consumo de carne vacuna, hoy se cuenta con una disponibilidad in\u00e9dita de carne de pollo (38 kilos) y de cerdo (12 kilos), cuya oferta conjunta ha crecido m\u00e1s de 20 kilos per c\u00e1pita en la \u00faltima d\u00e9cada. Pero, si se volviera al peso medio de faena de mediados de 2011, 234 kilos por animal, s\u00f3lo por esto se generar\u00eda un aumento tal en la producci\u00f3n que permitir\u00eda incrementar las exportaciones en 160 mil toneladas adicionales o aumentar el consumo a los 64\/65 kilos. Volviendo a los pesos de faena de tres a\u00f1os atr\u00e1s, con la misma matanza actual se podr\u00edan exportar 560 [&hellip;]","og_url":"https:\/\/proagrolab.com.ar\/subir-el-peso-de-faena-para-aumentar-exportaciones\/","og_site_name":"Proagro","article_publisher":"http:\/\/www.facebook.com\/proagrolab","article_published_time":"2014-05-09T00:00:01+00:00","article_modified_time":"2020-07-01T19:47:25+00:00","og_image":[{"width":450,"height":208,"url":"https:\/\/proagrolab.com.ar\/wp-content\/uploads\/2015\/01\/g_ocau95va0__Frigorifico-3.jpg","type":"image\/jpeg"}],"author":"proagrolab","twitter_card":"summary_large_image","twitter_misc":{"Written by":"proagrolab","Est. reading time":"3 minutes"},"schema":{"@context":"https:\/\/schema.org","@graph":[{"@type":"Article","@id":"https:\/\/proagrolab.com.ar\/subir-el-peso-de-faena-para-aumentar-exportaciones\/#article","isPartOf":{"@id":"https:\/\/proagrolab.com.ar\/subir-el-peso-de-faena-para-aumentar-exportaciones\/"},"author":{"name":"proagrolab","@id":"https:\/\/proagrolab.com.ar\/#\/schema\/person\/38003ff90bf80381f71c7d922d207444"},"headline":"Subir el peso de faena para aumentar exportaciones.","datePublished":"2014-05-09T00:00:01+00:00","dateModified":"2020-07-01T19:47:25+00:00","mainEntityOfPage":{"@id":"https:\/\/proagrolab.com.ar\/subir-el-peso-de-faena-para-aumentar-exportaciones\/"},"wordCount":634,"publisher":{"@id":"https:\/\/proagrolab.com.ar\/#organization"},"image":{"@id":"https:\/\/proagrolab.com.ar\/subir-el-peso-de-faena-para-aumentar-exportaciones\/#primaryimage"},"thumbnailUrl":"https:\/\/proagrolab.com.ar\/wp-content\/uploads\/2015\/01\/g_ocau95va0__Frigorifico-3.jpg","articleSection":["News"],"inLanguage":"en-US"},{"@type":"WebPage","@id":"https:\/\/proagrolab.com.ar\/subir-el-peso-de-faena-para-aumentar-exportaciones\/","url":"https:\/\/proagrolab.com.ar\/subir-el-peso-de-faena-para-aumentar-exportaciones\/","name":"Subir el peso de faena para aumentar exportaciones. | Proagro","isPartOf":{"@id":"https:\/\/proagrolab.com.ar\/#website"},"primaryImageOfPage":{"@id":"https:\/\/proagrolab.com.ar\/subir-el-peso-de-faena-para-aumentar-exportaciones\/#primaryimage"},"image":{"@id":"https:\/\/proagrolab.com.ar\/subir-el-peso-de-faena-para-aumentar-exportaciones\/#primaryimage"},"thumbnailUrl":"https:\/\/proagrolab.com.ar\/wp-content\/uploads\/2015\/01\/g_ocau95va0__Frigorifico-3.jpg","datePublished":"2014-05-09T00:00:01+00:00","dateModified":"2020-07-01T19:47:25+00:00","breadcrumb":{"@id":"https:\/\/proagrolab.com.ar\/subir-el-peso-de-faena-para-aumentar-exportaciones\/#breadcrumb"},"inLanguage":"en-US","potentialAction":[{"@type":"ReadAction","target":["https:\/\/proagrolab.com.ar\/subir-el-peso-de-faena-para-aumentar-exportaciones\/"]}]},{"@type":"ImageObject","inLanguage":"en-US","@id":"https:\/\/proagrolab.com.ar\/subir-el-peso-de-faena-para-aumentar-exportaciones\/#primaryimage","url":"https:\/\/proagrolab.com.ar\/wp-content\/uploads\/2015\/01\/g_ocau95va0__Frigorifico-3.jpg","contentUrl":"https:\/\/proagrolab.com.ar\/wp-content\/uploads\/2015\/01\/g_ocau95va0__Frigorifico-3.jpg","width":450,"height":208},{"@type":"BreadcrumbList","@id":"https:\/\/proagrolab.com.ar\/subir-el-peso-de-faena-para-aumentar-exportaciones\/#breadcrumb","itemListElement":[{"@type":"ListItem","position":1,"name":"Portada","item":"https:\/\/proagrolab.com.ar\/"},{"@type":"ListItem","position":2,"name":"Subir el peso de faena para aumentar exportaciones."}]},{"@type":"WebSite","@id":"https:\/\/proagrolab.com.ar\/#website","url":"https:\/\/proagrolab.com.ar\/","name":"Proagro Laboratorio Veterinario","description":"Veterinary laboratory","publisher":{"@id":"https:\/\/proagrolab.com.ar\/#organization"},"potentialAction":[{"@type":"SearchAction","target":{"@type":"EntryPoint","urlTemplate":"https:\/\/proagrolab.com.ar\/?s={search_term_string}"},"query-input":{"@type":"PropertyValueSpecification","valueRequired":true,"valueName":"search_term_string"}}],"inLanguage":"en-US"},{"@type":"Organization","@id":"https:\/\/proagrolab.com.ar\/#organization","name":"Proagro","url":"https:\/\/proagrolab.com.ar\/","logo":{"@type":"ImageObject","inLanguage":"en-US","@id":"https:\/\/proagrolab.com.ar\/#\/schema\/logo\/image\/","url":"https:\/\/proagrolab.com.ar\/wp-content\/uploads\/2020\/04\/logo-retina.png","contentUrl":"https:\/\/proagrolab.com.ar\/wp-content\/uploads\/2020\/04\/logo-retina.png","width":478,"height":120,"caption":"Proagro"},"image":{"@id":"https:\/\/proagrolab.com.ar\/#\/schema\/logo\/image\/"},"sameAs":["http:\/\/www.facebook.com\/proagrolab","https:\/\/www.instagram.com\/proagrolab\/","https:\/\/www.linkedin.com\/company\/laboratorio-proagro-s-a\/"]},{"@type":"Person","@id":"https:\/\/proagrolab.com.ar\/#\/schema\/person\/38003ff90bf80381f71c7d922d207444","name":"proagrolab"}]}},"_links":{"self":[{"href":"https:\/\/proagrolab.com.ar\/en\/wp-json\/wp\/v2\/posts\/6112","targetHints":{"allow":["GET"]}}],"collection":[{"href":"https:\/\/proagrolab.com.ar\/en\/wp-json\/wp\/v2\/posts"}],"about":[{"href":"https:\/\/proagrolab.com.ar\/en\/wp-json\/wp\/v2\/types\/post"}],"author":[{"embeddable":true,"href":"https:\/\/proagrolab.com.ar\/en\/wp-json\/wp\/v2\/users\/2"}],"replies":[{"embeddable":true,"href":"https:\/\/proagrolab.com.ar\/en\/wp-json\/wp\/v2\/comments?post=6112"}],"version-history":[{"count":1,"href":"https:\/\/proagrolab.com.ar\/en\/wp-json\/wp\/v2\/posts\/6112\/revisions"}],"predecessor-version":[{"id":14493,"href":"https:\/\/proagrolab.com.ar\/en\/wp-json\/wp\/v2\/posts\/6112\/revisions\/14493"}],"wp:featuredmedia":[{"embeddable":true,"href":"https:\/\/proagrolab.com.ar\/en\/wp-json\/wp\/v2\/media\/2599"}],"wp:attachment":[{"href":"https:\/\/proagrolab.com.ar\/en\/wp-json\/wp\/v2\/media?parent=6112"}],"wp:term":[{"taxonomy":"category","embeddable":true,"href":"https:\/\/proagrolab.com.ar\/en\/wp-json\/wp\/v2\/categories?post=6112"},{"taxonomy":"post_tag","embeddable":true,"href":"https:\/\/proagrolab.com.ar\/en\/wp-json\/wp\/v2\/tags?post=6112"}],"curies":[{"name":"wp","href":"https:\/\/api.w.org\/{rel}","templated":true}]}}