{"id":6101,"date":"2014-05-06T00:00:01","date_gmt":"2014-05-06T00:00:01","guid":{"rendered":"https:\/\/proagrolab.com.ar\/niegan-que-la-argentina-haya-exportado-mas-lacteos\/"},"modified":"2020-07-01T19:50:26","modified_gmt":"2020-07-01T19:50:26","slug":"niegan-que-la-argentina-haya-exportado-mas-lacteos","status":"publish","type":"post","link":"https:\/\/proagrolab.com.ar\/en\/niegan-que-la-argentina-haya-exportado-mas-lacteos\/","title":{"rendered":"Niegan que la Argentina haya exportado m\u00e1s l\u00e1cteos."},"content":{"rendered":"<p class=\"qtranxs-available-languages-message qtranxs-available-languages-message-en\"> <\/p><p>Para el Gobierno, en el primer trimestre de 2014 subi\u00f3 en volumen casi 20%; seg\u00fan un informe, cay\u00f3 8%.<\/p>\n<p>Por Fernando Bertello.<\/p>\n<p>El relato lleg\u00f3 a las exportaciones de l\u00e1cteos e inform\u00f3 sobre un crecimiento de casi el 20% en el primer trimestre de 2014 de los vol\u00famenes al exterior . Pero fue s\u00f3lo relato, ya que la realidad es otra: en toneladas, seg\u00fan consigna un informe privado, hubo una ca\u00edda del 8% respecto de igual per\u00edodo de 2013.<\/p>\n<p>Recientemente, tras los trascendidos que dejaron circular empresarios sobre un freno en los permisos para exportaci\u00f3n , la Subsecretar\u00eda de Lecher\u00eda, a cargo de Arturo Videla, y dependiente del Ministerio de Agricultura de la Naci\u00f3n, dio a conocer que en el primer trimestre de 2014 se colocaron en el exterior 89.876 toneladas versus 75.480 toneladas del mismo lapso de 2013. Seg\u00fan esa matem\u00e1tica, se registr\u00f3 un crecimiento del 19,07 por ciento.<\/p>\n<p>Pero un an\u00e1lisis que hizo N\u00e9stor Roulet, ex vicepresidente de Confederaciones Rurales Argentinas (CRA), relevando la informaci\u00f3n mensual del Servicio Nacional de Sanidad y Calidad Agroalimentaria (Senasa), registra que, en lugar de crecer ese 19,07%, las exportaciones cayeron en volumen un 8%. En rigor, considerando los datos del Senasa, que tambi\u00e9n LA NACION corrobor\u00f3, en el primer trimestre de 2014 se vendieron al exterior 83.517 toneladas, una merma del 8% o 7309 toneladas menos respecto de las 90.826 del mismo per\u00edodo de 2013.<\/p>\n<p>Para Roulet, este dato muestra &#8220;las trampas del relato&#8221;. Adem\u00e1s, seg\u00fan indic\u00f3, las trabas a la exportaci\u00f3n influyeron en la menor performance exportadora en volumen.<\/p>\n<p>&#8220;Si tenemos los excedentes exportables de productos l\u00e1cteos, si los mercados est\u00e1n y con muy buenos precios, el problema es otro: las trabas impuestas por el gobierno nacional mediante el manejo de los registros de exportaciones l\u00e1cteas&#8221;, se\u00f1al\u00f3 el ex vicepresidente de CRA.<\/p>\n<p>En la actualidad, tras reuniones con los empresarios, el Gobierno permite la exportaci\u00f3n semanal de unos 40 a 70 millones de litros a salida del tambo. En la industria se\u00f1alan que ese volumen hoy es, en l\u00edneas generales, similar al del a\u00f1o pasado.<\/p>\n<p><i>Tonelada m\u00e1s cara<\/i><br \/>De acuerdo con las cifras del Ministerio de Agricultura, las exportaciones del primer trimestre de 2014 representaron en d\u00f3lares US$ 408 millones, contra los US$ 263 millones del primer trimestre del a\u00f1o 2013. &#8220;Esto significa que el sector industrial aument\u00f3 en un 55 por ciento su facturaci\u00f3n en d\u00f3lares&#8221;, dijo en su momento un comunicado de la cartera agr\u00edcola sobre el negocio l\u00e1cteo.<\/p>\n<p>Sin embargo, con los datos del Senasa y el Indec, Roulet concluy\u00f3 que, si bien se registr\u00f3 un incremento de la facturaci\u00f3n en d\u00f3lares, el porcentaje no fue 55%, sino 18 por ciento.<\/p>\n<p>En este sentido, el ruralista detect\u00f3 que, frente a los US$ 324.098.000 del primer trimestre de 2013, en el primer trimestre de 2014 el valor del negocio de la exportaci\u00f3n se ubic\u00f3 en US$ 380.077.000, un 18 por ciento m\u00e1s.<\/p>\n<p>La suba en valor se explica porque el precio de la tonelada exportada fue mayor. De hecho, seg\u00fan el ex vicepresidente de CRA, si el pa\u00eds hubiera exportado en el primer trimestre el mismo volumen de igual lapso de 2013 habr\u00eda conseguido US$ 27 millones adicionales.<\/p>\n<p>Un punto no menor es que, mientras la Argentina redujo su venta en toneladas un 8 por ciento, Uruguay creci\u00f3 en cambio un 16 por ciento. Puesto en cifras: en el primer trimestre de 2014, el pa\u00eds oriental coloc\u00f3 en el exterior 56.789 toneladas, 7796 toneladas m\u00e1s o un 16% m\u00e1s que lo exportado en los tres primeros meses de 2013.<\/p>\n<p>&#8220;Pr\u00e1cticamente lo que nosotros dejamos de exportar lo logr\u00f3 vender Uruguay&#8221;, afirm\u00f3 Roulet. As\u00ed, mientras la Argentina redujo en 7309 toneladas su exportaci\u00f3n, Uruguay la increment\u00f3 en 7796 toneladas.<\/p>\n<p>Fuente: La Naci\u00f3n, 6 de mayo.<br \/><\/p>","protected":false},"excerpt":{"rendered":"<p>Para el Gobierno, en el primer trimestre de 2014 subi\u00f3 en volumen casi 20%; seg\u00fan un informe, cay\u00f3 8%. Por Fernando Bertello. El relato lleg\u00f3 a las exportaciones de l\u00e1cteos e inform\u00f3 sobre un crecimiento de casi el 20% en el primer trimestre de 2014 de los vol\u00famenes al exterior . Pero fue s\u00f3lo relato, ya que la realidad es otra: en toneladas, seg\u00fan consigna un informe privado, hubo una ca\u00edda del 8% respecto de igual per\u00edodo de 2013. Recientemente, tras los trascendidos que dejaron circular empresarios sobre un freno en los permisos para exportaci\u00f3n , la Subsecretar\u00eda de Lecher\u00eda, a cargo de Arturo Videla, y dependiente del Ministerio de Agricultura de la Naci\u00f3n, dio a conocer que en el primer trimestre de 2014 se colocaron en el exterior 89.876 toneladas versus 75.480 toneladas del mismo lapso de 2013. Seg\u00fan esa matem\u00e1tica, se registr\u00f3 un crecimiento del 19,07 por ciento. Pero un an\u00e1lisis que hizo N\u00e9stor Roulet, ex vicepresidente de Confederaciones Rurales Argentinas (CRA), relevando la informaci\u00f3n mensual del Servicio Nacional de Sanidad y Calidad Agroalimentaria (Senasa), registra que, en lugar de crecer ese 19,07%, las exportaciones cayeron en volumen un 8%. En rigor, considerando los datos del Senasa, que [&hellip;]<\/p>\n","protected":false},"author":2,"featured_media":2588,"comment_status":"closed","ping_status":"open","sticky":false,"template":"","format":"standard","meta":{"_acf_changed":false,"footnotes":""},"categories":[56],"tags":[],"class_list":["post-6101","post","type-post","status-publish","format-standard","has-post-thumbnail","hentry","category-infoganadero"],"acf":[],"yoast_head":"<!-- This site is optimized with the Yoast SEO plugin v27.4 - https:\/\/yoast.com\/product\/yoast-seo-wordpress\/ -->\n<title>Niegan que la Argentina haya exportado m\u00e1s l\u00e1cteos. | Proagro<\/title>\n<meta name=\"robots\" content=\"index, follow, max-snippet:-1, max-image-preview:large, max-video-preview:-1\" \/>\n<link rel=\"canonical\" href=\"https:\/\/proagrolab.com.ar\/en\/niegan-que-la-argentina-haya-exportado-mas-lacteos\/\" \/>\n<meta property=\"og:locale\" content=\"en_US\" \/>\n<meta property=\"og:type\" content=\"article\" \/>\n<meta property=\"og:title\" content=\"Niegan que la Argentina haya exportado m\u00e1s l\u00e1cteos. | Proagro\" \/>\n<meta property=\"og:description\" content=\"Para el Gobierno, en el primer trimestre de 2014 subi\u00f3 en volumen casi 20%; seg\u00fan un informe, cay\u00f3 8%. Por Fernando Bertello. El relato lleg\u00f3 a las exportaciones de l\u00e1cteos e inform\u00f3 sobre un crecimiento de casi el 20% en el primer trimestre de 2014 de los vol\u00famenes al exterior . Pero fue s\u00f3lo relato, ya que la realidad es otra: en toneladas, seg\u00fan consigna un informe privado, hubo una ca\u00edda del 8% respecto de igual per\u00edodo de 2013. Recientemente, tras los trascendidos que dejaron circular empresarios sobre un freno en los permisos para exportaci\u00f3n , la Subsecretar\u00eda de Lecher\u00eda, a cargo de Arturo Videla, y dependiente del Ministerio de Agricultura de la Naci\u00f3n, dio a conocer que en el primer trimestre de 2014 se colocaron en el exterior 89.876 toneladas versus 75.480 toneladas del mismo lapso de 2013. Seg\u00fan esa matem\u00e1tica, se registr\u00f3 un crecimiento del 19,07 por ciento. Pero un an\u00e1lisis que hizo N\u00e9stor Roulet, ex vicepresidente de Confederaciones Rurales Argentinas (CRA), relevando la informaci\u00f3n mensual del Servicio Nacional de Sanidad y Calidad Agroalimentaria (Senasa), registra que, en lugar de crecer ese 19,07%, las exportaciones cayeron en volumen un 8%. En rigor, considerando los datos del Senasa, que [&hellip;]\" \/>\n<meta property=\"og:url\" content=\"https:\/\/proagrolab.com.ar\/niegan-que-la-argentina-haya-exportado-mas-lacteos\/\" \/>\n<meta property=\"og:site_name\" content=\"Proagro\" \/>\n<meta property=\"article:publisher\" content=\"http:\/\/www.facebook.com\/proagrolab\" \/>\n<meta property=\"article:published_time\" content=\"2014-05-06T00:00:01+00:00\" \/>\n<meta property=\"article:modified_time\" content=\"2020-07-01T19:50:26+00:00\" \/>\n<meta property=\"og:image\" content=\"https:\/\/proagrolab.com.ar\/wp-content\/uploads\/2015\/01\/g_7miwusa78__Lecheras-29.jpg\" \/>\n\t<meta property=\"og:image:width\" content=\"450\" \/>\n\t<meta property=\"og:image:height\" content=\"208\" \/>\n\t<meta property=\"og:image:type\" content=\"image\/jpeg\" \/>\n<meta name=\"author\" content=\"proagrolab\" \/>\n<meta name=\"twitter:card\" content=\"summary_large_image\" \/>\n<meta name=\"twitter:label1\" content=\"Written by\" \/>\n\t<meta name=\"twitter:data1\" content=\"proagrolab\" \/>\n\t<meta name=\"twitter:label2\" content=\"Est. reading time\" \/>\n\t<meta name=\"twitter:data2\" content=\"3 minutes\" \/>\n<script type=\"application\/ld+json\" class=\"yoast-schema-graph\">{\"@context\":\"https:\\\/\\\/schema.org\",\"@graph\":[{\"@type\":\"Article\",\"@id\":\"https:\\\/\\\/proagrolab.com.ar\\\/niegan-que-la-argentina-haya-exportado-mas-lacteos\\\/#article\",\"isPartOf\":{\"@id\":\"https:\\\/\\\/proagrolab.com.ar\\\/niegan-que-la-argentina-haya-exportado-mas-lacteos\\\/\"},\"author\":{\"name\":\"proagrolab\",\"@id\":\"https:\\\/\\\/proagrolab.com.ar\\\/#\\\/schema\\\/person\\\/38003ff90bf80381f71c7d922d207444\"},\"headline\":\"Niegan que la Argentina haya exportado m\u00e1s l\u00e1cteos.\",\"datePublished\":\"2014-05-06T00:00:01+00:00\",\"dateModified\":\"2020-07-01T19:50:26+00:00\",\"mainEntityOfPage\":{\"@id\":\"https:\\\/\\\/proagrolab.com.ar\\\/niegan-que-la-argentina-haya-exportado-mas-lacteos\\\/\"},\"wordCount\":636,\"publisher\":{\"@id\":\"https:\\\/\\\/proagrolab.com.ar\\\/#organization\"},\"image\":{\"@id\":\"https:\\\/\\\/proagrolab.com.ar\\\/niegan-que-la-argentina-haya-exportado-mas-lacteos\\\/#primaryimage\"},\"thumbnailUrl\":\"https:\\\/\\\/proagrolab.com.ar\\\/wp-content\\\/uploads\\\/2015\\\/01\\\/g_7miwusa78__Lecheras-29.jpg\",\"articleSection\":[\"News\"],\"inLanguage\":\"en-US\"},{\"@type\":\"WebPage\",\"@id\":\"https:\\\/\\\/proagrolab.com.ar\\\/niegan-que-la-argentina-haya-exportado-mas-lacteos\\\/\",\"url\":\"https:\\\/\\\/proagrolab.com.ar\\\/niegan-que-la-argentina-haya-exportado-mas-lacteos\\\/\",\"name\":\"Niegan que la Argentina haya exportado m\u00e1s l\u00e1cteos. | Proagro\",\"isPartOf\":{\"@id\":\"https:\\\/\\\/proagrolab.com.ar\\\/#website\"},\"primaryImageOfPage\":{\"@id\":\"https:\\\/\\\/proagrolab.com.ar\\\/niegan-que-la-argentina-haya-exportado-mas-lacteos\\\/#primaryimage\"},\"image\":{\"@id\":\"https:\\\/\\\/proagrolab.com.ar\\\/niegan-que-la-argentina-haya-exportado-mas-lacteos\\\/#primaryimage\"},\"thumbnailUrl\":\"https:\\\/\\\/proagrolab.com.ar\\\/wp-content\\\/uploads\\\/2015\\\/01\\\/g_7miwusa78__Lecheras-29.jpg\",\"datePublished\":\"2014-05-06T00:00:01+00:00\",\"dateModified\":\"2020-07-01T19:50:26+00:00\",\"breadcrumb\":{\"@id\":\"https:\\\/\\\/proagrolab.com.ar\\\/niegan-que-la-argentina-haya-exportado-mas-lacteos\\\/#breadcrumb\"},\"inLanguage\":\"en-US\",\"potentialAction\":[{\"@type\":\"ReadAction\",\"target\":[\"https:\\\/\\\/proagrolab.com.ar\\\/niegan-que-la-argentina-haya-exportado-mas-lacteos\\\/\"]}]},{\"@type\":\"ImageObject\",\"inLanguage\":\"en-US\",\"@id\":\"https:\\\/\\\/proagrolab.com.ar\\\/niegan-que-la-argentina-haya-exportado-mas-lacteos\\\/#primaryimage\",\"url\":\"https:\\\/\\\/proagrolab.com.ar\\\/wp-content\\\/uploads\\\/2015\\\/01\\\/g_7miwusa78__Lecheras-29.jpg\",\"contentUrl\":\"https:\\\/\\\/proagrolab.com.ar\\\/wp-content\\\/uploads\\\/2015\\\/01\\\/g_7miwusa78__Lecheras-29.jpg\",\"width\":450,\"height\":208},{\"@type\":\"BreadcrumbList\",\"@id\":\"https:\\\/\\\/proagrolab.com.ar\\\/niegan-que-la-argentina-haya-exportado-mas-lacteos\\\/#breadcrumb\",\"itemListElement\":[{\"@type\":\"ListItem\",\"position\":1,\"name\":\"Portada\",\"item\":\"https:\\\/\\\/proagrolab.com.ar\\\/\"},{\"@type\":\"ListItem\",\"position\":2,\"name\":\"Niegan que la Argentina haya exportado m\u00e1s l\u00e1cteos.\"}]},{\"@type\":\"WebSite\",\"@id\":\"https:\\\/\\\/proagrolab.com.ar\\\/#website\",\"url\":\"https:\\\/\\\/proagrolab.com.ar\\\/\",\"name\":\"Proagro Laboratorio Veterinario\",\"description\":\"Veterinary laboratory\",\"publisher\":{\"@id\":\"https:\\\/\\\/proagrolab.com.ar\\\/#organization\"},\"potentialAction\":[{\"@type\":\"SearchAction\",\"target\":{\"@type\":\"EntryPoint\",\"urlTemplate\":\"https:\\\/\\\/proagrolab.com.ar\\\/?s={search_term_string}\"},\"query-input\":{\"@type\":\"PropertyValueSpecification\",\"valueRequired\":true,\"valueName\":\"search_term_string\"}}],\"inLanguage\":\"en-US\"},{\"@type\":\"Organization\",\"@id\":\"https:\\\/\\\/proagrolab.com.ar\\\/#organization\",\"name\":\"Proagro\",\"url\":\"https:\\\/\\\/proagrolab.com.ar\\\/\",\"logo\":{\"@type\":\"ImageObject\",\"inLanguage\":\"en-US\",\"@id\":\"https:\\\/\\\/proagrolab.com.ar\\\/#\\\/schema\\\/logo\\\/image\\\/\",\"url\":\"https:\\\/\\\/proagrolab.com.ar\\\/wp-content\\\/uploads\\\/2020\\\/04\\\/logo-retina.png\",\"contentUrl\":\"https:\\\/\\\/proagrolab.com.ar\\\/wp-content\\\/uploads\\\/2020\\\/04\\\/logo-retina.png\",\"width\":478,\"height\":120,\"caption\":\"Proagro\"},\"image\":{\"@id\":\"https:\\\/\\\/proagrolab.com.ar\\\/#\\\/schema\\\/logo\\\/image\\\/\"},\"sameAs\":[\"http:\\\/\\\/www.facebook.com\\\/proagrolab\",\"https:\\\/\\\/www.instagram.com\\\/proagrolab\\\/\",\"https:\\\/\\\/www.linkedin.com\\\/company\\\/laboratorio-proagro-s-a\\\/\"]},{\"@type\":\"Person\",\"@id\":\"https:\\\/\\\/proagrolab.com.ar\\\/#\\\/schema\\\/person\\\/38003ff90bf80381f71c7d922d207444\",\"name\":\"proagrolab\"}]}<\/script>\n<!-- \/ Yoast SEO plugin. -->","yoast_head_json":{"title":"Niegan que la Argentina haya exportado m\u00e1s l\u00e1cteos. | Proagro","robots":{"index":"index","follow":"follow","max-snippet":"max-snippet:-1","max-image-preview":"max-image-preview:large","max-video-preview":"max-video-preview:-1"},"canonical":"https:\/\/proagrolab.com.ar\/en\/niegan-que-la-argentina-haya-exportado-mas-lacteos\/","og_locale":"en_US","og_type":"article","og_title":"Niegan que la Argentina haya exportado m\u00e1s l\u00e1cteos. | Proagro","og_description":"Para el Gobierno, en el primer trimestre de 2014 subi\u00f3 en volumen casi 20%; seg\u00fan un informe, cay\u00f3 8%. Por Fernando Bertello. El relato lleg\u00f3 a las exportaciones de l\u00e1cteos e inform\u00f3 sobre un crecimiento de casi el 20% en el primer trimestre de 2014 de los vol\u00famenes al exterior . Pero fue s\u00f3lo relato, ya que la realidad es otra: en toneladas, seg\u00fan consigna un informe privado, hubo una ca\u00edda del 8% respecto de igual per\u00edodo de 2013. Recientemente, tras los trascendidos que dejaron circular empresarios sobre un freno en los permisos para exportaci\u00f3n , la Subsecretar\u00eda de Lecher\u00eda, a cargo de Arturo Videla, y dependiente del Ministerio de Agricultura de la Naci\u00f3n, dio a conocer que en el primer trimestre de 2014 se colocaron en el exterior 89.876 toneladas versus 75.480 toneladas del mismo lapso de 2013. Seg\u00fan esa matem\u00e1tica, se registr\u00f3 un crecimiento del 19,07 por ciento. Pero un an\u00e1lisis que hizo N\u00e9stor Roulet, ex vicepresidente de Confederaciones Rurales Argentinas (CRA), relevando la informaci\u00f3n mensual del Servicio Nacional de Sanidad y Calidad Agroalimentaria (Senasa), registra que, en lugar de crecer ese 19,07%, las exportaciones cayeron en volumen un 8%. En rigor, considerando los datos del Senasa, que [&hellip;]","og_url":"https:\/\/proagrolab.com.ar\/niegan-que-la-argentina-haya-exportado-mas-lacteos\/","og_site_name":"Proagro","article_publisher":"http:\/\/www.facebook.com\/proagrolab","article_published_time":"2014-05-06T00:00:01+00:00","article_modified_time":"2020-07-01T19:50:26+00:00","og_image":[{"width":450,"height":208,"url":"https:\/\/proagrolab.com.ar\/wp-content\/uploads\/2015\/01\/g_7miwusa78__Lecheras-29.jpg","type":"image\/jpeg"}],"author":"proagrolab","twitter_card":"summary_large_image","twitter_misc":{"Written by":"proagrolab","Est. reading time":"3 minutes"},"schema":{"@context":"https:\/\/schema.org","@graph":[{"@type":"Article","@id":"https:\/\/proagrolab.com.ar\/niegan-que-la-argentina-haya-exportado-mas-lacteos\/#article","isPartOf":{"@id":"https:\/\/proagrolab.com.ar\/niegan-que-la-argentina-haya-exportado-mas-lacteos\/"},"author":{"name":"proagrolab","@id":"https:\/\/proagrolab.com.ar\/#\/schema\/person\/38003ff90bf80381f71c7d922d207444"},"headline":"Niegan que la Argentina haya exportado m\u00e1s l\u00e1cteos.","datePublished":"2014-05-06T00:00:01+00:00","dateModified":"2020-07-01T19:50:26+00:00","mainEntityOfPage":{"@id":"https:\/\/proagrolab.com.ar\/niegan-que-la-argentina-haya-exportado-mas-lacteos\/"},"wordCount":636,"publisher":{"@id":"https:\/\/proagrolab.com.ar\/#organization"},"image":{"@id":"https:\/\/proagrolab.com.ar\/niegan-que-la-argentina-haya-exportado-mas-lacteos\/#primaryimage"},"thumbnailUrl":"https:\/\/proagrolab.com.ar\/wp-content\/uploads\/2015\/01\/g_7miwusa78__Lecheras-29.jpg","articleSection":["News"],"inLanguage":"en-US"},{"@type":"WebPage","@id":"https:\/\/proagrolab.com.ar\/niegan-que-la-argentina-haya-exportado-mas-lacteos\/","url":"https:\/\/proagrolab.com.ar\/niegan-que-la-argentina-haya-exportado-mas-lacteos\/","name":"Niegan que la Argentina haya exportado m\u00e1s l\u00e1cteos. | Proagro","isPartOf":{"@id":"https:\/\/proagrolab.com.ar\/#website"},"primaryImageOfPage":{"@id":"https:\/\/proagrolab.com.ar\/niegan-que-la-argentina-haya-exportado-mas-lacteos\/#primaryimage"},"image":{"@id":"https:\/\/proagrolab.com.ar\/niegan-que-la-argentina-haya-exportado-mas-lacteos\/#primaryimage"},"thumbnailUrl":"https:\/\/proagrolab.com.ar\/wp-content\/uploads\/2015\/01\/g_7miwusa78__Lecheras-29.jpg","datePublished":"2014-05-06T00:00:01+00:00","dateModified":"2020-07-01T19:50:26+00:00","breadcrumb":{"@id":"https:\/\/proagrolab.com.ar\/niegan-que-la-argentina-haya-exportado-mas-lacteos\/#breadcrumb"},"inLanguage":"en-US","potentialAction":[{"@type":"ReadAction","target":["https:\/\/proagrolab.com.ar\/niegan-que-la-argentina-haya-exportado-mas-lacteos\/"]}]},{"@type":"ImageObject","inLanguage":"en-US","@id":"https:\/\/proagrolab.com.ar\/niegan-que-la-argentina-haya-exportado-mas-lacteos\/#primaryimage","url":"https:\/\/proagrolab.com.ar\/wp-content\/uploads\/2015\/01\/g_7miwusa78__Lecheras-29.jpg","contentUrl":"https:\/\/proagrolab.com.ar\/wp-content\/uploads\/2015\/01\/g_7miwusa78__Lecheras-29.jpg","width":450,"height":208},{"@type":"BreadcrumbList","@id":"https:\/\/proagrolab.com.ar\/niegan-que-la-argentina-haya-exportado-mas-lacteos\/#breadcrumb","itemListElement":[{"@type":"ListItem","position":1,"name":"Portada","item":"https:\/\/proagrolab.com.ar\/"},{"@type":"ListItem","position":2,"name":"Niegan que la Argentina haya exportado m\u00e1s l\u00e1cteos."}]},{"@type":"WebSite","@id":"https:\/\/proagrolab.com.ar\/#website","url":"https:\/\/proagrolab.com.ar\/","name":"Proagro Laboratorio Veterinario","description":"Veterinary laboratory","publisher":{"@id":"https:\/\/proagrolab.com.ar\/#organization"},"potentialAction":[{"@type":"SearchAction","target":{"@type":"EntryPoint","urlTemplate":"https:\/\/proagrolab.com.ar\/?s={search_term_string}"},"query-input":{"@type":"PropertyValueSpecification","valueRequired":true,"valueName":"search_term_string"}}],"inLanguage":"en-US"},{"@type":"Organization","@id":"https:\/\/proagrolab.com.ar\/#organization","name":"Proagro","url":"https:\/\/proagrolab.com.ar\/","logo":{"@type":"ImageObject","inLanguage":"en-US","@id":"https:\/\/proagrolab.com.ar\/#\/schema\/logo\/image\/","url":"https:\/\/proagrolab.com.ar\/wp-content\/uploads\/2020\/04\/logo-retina.png","contentUrl":"https:\/\/proagrolab.com.ar\/wp-content\/uploads\/2020\/04\/logo-retina.png","width":478,"height":120,"caption":"Proagro"},"image":{"@id":"https:\/\/proagrolab.com.ar\/#\/schema\/logo\/image\/"},"sameAs":["http:\/\/www.facebook.com\/proagrolab","https:\/\/www.instagram.com\/proagrolab\/","https:\/\/www.linkedin.com\/company\/laboratorio-proagro-s-a\/"]},{"@type":"Person","@id":"https:\/\/proagrolab.com.ar\/#\/schema\/person\/38003ff90bf80381f71c7d922d207444","name":"proagrolab"}]}},"_links":{"self":[{"href":"https:\/\/proagrolab.com.ar\/en\/wp-json\/wp\/v2\/posts\/6101","targetHints":{"allow":["GET"]}}],"collection":[{"href":"https:\/\/proagrolab.com.ar\/en\/wp-json\/wp\/v2\/posts"}],"about":[{"href":"https:\/\/proagrolab.com.ar\/en\/wp-json\/wp\/v2\/types\/post"}],"author":[{"embeddable":true,"href":"https:\/\/proagrolab.com.ar\/en\/wp-json\/wp\/v2\/users\/2"}],"replies":[{"embeddable":true,"href":"https:\/\/proagrolab.com.ar\/en\/wp-json\/wp\/v2\/comments?post=6101"}],"version-history":[{"count":1,"href":"https:\/\/proagrolab.com.ar\/en\/wp-json\/wp\/v2\/posts\/6101\/revisions"}],"predecessor-version":[{"id":14525,"href":"https:\/\/proagrolab.com.ar\/en\/wp-json\/wp\/v2\/posts\/6101\/revisions\/14525"}],"wp:featuredmedia":[{"embeddable":true,"href":"https:\/\/proagrolab.com.ar\/en\/wp-json\/wp\/v2\/media\/2588"}],"wp:attachment":[{"href":"https:\/\/proagrolab.com.ar\/en\/wp-json\/wp\/v2\/media?parent=6101"}],"wp:term":[{"taxonomy":"category","embeddable":true,"href":"https:\/\/proagrolab.com.ar\/en\/wp-json\/wp\/v2\/categories?post=6101"},{"taxonomy":"post_tag","embeddable":true,"href":"https:\/\/proagrolab.com.ar\/en\/wp-json\/wp\/v2\/tags?post=6101"}],"curies":[{"name":"wp","href":"https:\/\/api.w.org\/{rel}","templated":true}]}}