{"id":6098,"date":"2014-04-30T00:00:01","date_gmt":"2014-04-30T00:00:01","guid":{"rendered":"https:\/\/proagrolab.com.ar\/lecheria-importante-paso-hacia-la-transparencia-del-mercado\/"},"modified":"2020-07-01T19:49:48","modified_gmt":"2020-07-01T19:49:48","slug":"lecheria-importante-paso-hacia-la-transparencia-del-mercado","status":"publish","type":"post","link":"https:\/\/proagrolab.com.ar\/en\/lecheria-importante-paso-hacia-la-transparencia-del-mercado\/","title":{"rendered":"Lecher\u00eda: importante paso hacia la transparencia del mercado."},"content":{"rendered":"<p class=\"qtranxs-available-languages-message qtranxs-available-languages-message-en\"> <\/p><p>Por Jos\u00e9 Zenclussen.<\/p>\n<p>Cuando el a\u00f1o lechero en la provincia parec\u00eda destinado al olvido, la firma de la Resoluci\u00f3n N\u00ba 439 a cargo del ministro Carlos Fascendini llega como una bocanada de aire fresco para la producci\u00f3n. \u0093Si bien no resuelve todos los problemas del sector y con esto no se salva a la lecher\u00eda, igualmente toca uno de los puntos m\u00e1s importantes que hacen al coraz\u00f3n del negocio. No hay mejor indicador de toma de decisiones que el precio\u0094, afirmaron desde las entidades.<\/p>\n<p>Entre los puntos principales el dictamen, que se firma en el marco de la implementaci\u00f3n del Decreto N\u00ba 1532\/09, resuelve que todos los productores lecheros de la provincia de Santa Fe deber\u00e1n inscribirse en el Registro Provincial de Producciones Primarias, al igual que las industrias radicadas o con plantas de elaboraci\u00f3n en la provincia y los operadores l\u00e1cteos que adquieran materia prima para su posterior procesamiento. Adem\u00e1s el art\u00edculo 2\u00ba establece que las empresas l\u00e1cteas deben informar y publicar los valores de los precios abonados a los productores por la denominada Leche de Referencia.<\/p>\n<p>En di\u00e1logo con El Litoral Gustavo Vionnet, dirigente de Carsfe, y Eduardo Garc\u00eda Maritano, titular de Productores de Leche Asociados, Sur de Santa Fe y C\u00f3rdoba (Plassaco) destacaron el avance logrado con la firma de la resoluci\u00f3n, que permite trasparentar el sistema de comercializaci\u00f3n de leche en nuestro pa\u00eds. \u0093Esto va m\u00e1s all\u00e1 de la coyuntura, viene a resolver parte del problema estructural del sector. El sistema de comercializaci\u00f3n actual en Argentina, que se hace de forma verbal, es totalmente prehist\u00f3rico. \u00c9ste ser\u00e1 un sistema formalizado, escrito, donde haya compromiso de las partes que lo hace auditable y donde exista la posibilidad de arbitraje\u0094, afirm\u00f3 Garc\u00eda Maritano.<\/p>\n<p>En tanto, Vionnet agreg\u00f3 que el productor hoy no tiene posibilidad de arbitraje, ya que el laboratorio de la industria es el que manda. \u0093Ahora, a partir del Acuerdo L\u00e1cteo -como se llamar\u00e1 a la formalizaci\u00f3n del contrato entre las partes-, cuando se generen discrepancias la Asociaci\u00f3n de Entidades de Control Lechero (Alecol), actuar\u00e1 como laboratorio arbitral a fin de dirimir tales diferencias. Es un paso muy importante\u0094, destac\u00f3.<\/p>\n<p>En este sentido, el presidente de Plassaco manifest\u00f3 que en la medida que los contratos vayan siendo m\u00e1s p\u00fablicos, se ir\u00e1 a un modo est\u00e1ndar. \u0093Esto va hacia la transparencia del mercado, no se hizo para fijar precio sino para armar un mercado ya que se define el bien transable y se formaliza la transacci\u00f3n y a partir de ello se deben publicar precios. Con esto, pretendemos avanzar a un mercado institucionalizado de leche. Ac\u00e1, le estamos dando elementos b\u00e1sicos para que se exprese el precio y la forma en que se va a negociar\u0094, precis\u00f3 Garc\u00eda Maritano.<\/p>\n<p>Por su parte, Vionnet sostuvo que es un avance importante para la lecher\u00eda argentina y provincial. \u0093Nos llev\u00f3 mucho tiempo, pero no hay que quitarle m\u00e9ritos al trabajo que llev\u00f3 adelante la provincia. No es f\u00e1cil resistirse a la presi\u00f3n de lobbies que vienen haciendo los grandes en contra de esto\u0094.<\/p>\n<p><i>Puntos destacados<\/i><br \/>La Resoluci\u00f3n N\u00ba 439 establece en su Art\u00edculo 8\u00b0 que los productores primarios tienen derecho, al igual que el industrial, a pedir la formalizaci\u00f3n de las condiciones de compra y venta que pactan entre las partes, no pudiendo una parte negarse al pedido de la otra. La formalizaci\u00f3n se llamar\u00e1 Acuerdo L\u00e1cteo y constar\u00e1 de: Est\u00e1ndar de composici\u00f3n en grasa y prote\u00edna de la leche y los atributos higi\u00e9nicos sanitarios est\u00e1ndar, sobre los cuales la usina compradora aplica bonificaciones y castigos; Rangos y magnitudes de bonificaciones y castigos a aplicar sobre los est\u00e1ndares antes definidos; Condici\u00f3n de pago, fechas, plazos; Laboratorio en el cual las partes se comprometen a tomar su determinaci\u00f3n como definitiva en caso de existir controversia; Protocolo de muestreo de la leche en la recolecci\u00f3n peri\u00f3dica (Inti-L\u00e1cteos); Protocolo de muestreo en caso de controversia (Inti-L\u00e1cteos); Domicilio donde deben llegar las notificaciones que deban hacerse las partes.<\/p>\n<p>Adem\u00e1s, este punto destaca que la formalizaci\u00f3n del acuerdo l\u00e1cteo es condici\u00f3n necesaria para la intervenci\u00f3n de un tercero imparcial -Bolsa de Comercio de Rosario- en el caso de dirimir diferendos que necesiten laudos.<\/p>\n<p>En tanto en su Art\u00edculo 9\u00ba el dictamen tambi\u00e9n estipula que, en caso de no formalizar el acuerdo l\u00e1cteo y se generen discrepancias con los resultados de los an\u00e1lisis realizados, el Laboratorio Regional de Servicios Anal\u00edticos (Larsa), dependiente de la Asociaci\u00f3n de Entidades de Control Lechero (Alecol), actuar\u00e1 como laboratorio arbitral a fin de dirimir tales diferencias.<\/p>\n<p>\u0093En la medida en que los contratos vayan siendo m\u00e1s p\u00fablicos se ir\u00e1 hacia a un modo est\u00e1ndar de Acuerdo L\u00e1cteo. Este acuerdo preserva es mont\u00f3n de cosas que no es el precio, pero que igual son importantes entre ellas: cuanto me van a pagar, cuando voy a cobrar, entre otros. Adem\u00e1s el contrato se puede formalizar en la c\u00e1mara -Bolsa de Comercio de Rosario- actuando de tercero imparcial cuando haya controversia\u0094, agreg\u00f3 Grac\u00eda Martiano.<\/p>\n<p>Por \u00faltimo, Vionnet expres\u00f3 que el acuerdo no rige para ninguna cooperativa -porque se entiende que en el estatuto estas cosas ya se han pactado- sino para las empresas privadas que manejan el 75% de la leche Argentina. \u0093Lamentablemente, las mismas cooperativas son las que m\u00e1s luchan en contra del Acuerdo L\u00e1cteo y lo hacen porque a partir de ello se generan reglas de juego que los productores les van a exigir y ellos no est\u00e1n dispuestos. Deber\u00edan ser la referencia de la lecher\u00eda para el resto de los privados como sucede con las cooperativas en todo el mundo, pero ac\u00e1 funcionan de otra manera\u0094, precis\u00f3 el dirigente de la Sociedad Rural de Las Colonias.<\/p>\n<p>Fuente: El Litoral, 29 de abril.<br \/><\/p>","protected":false},"excerpt":{"rendered":"<p>Por Jos\u00e9 Zenclussen. Cuando el a\u00f1o lechero en la provincia parec\u00eda destinado al olvido, la firma de la Resoluci\u00f3n N\u00ba 439 a cargo del ministro Carlos Fascendini llega como una bocanada de aire fresco para la producci\u00f3n. \u0093Si bien no resuelve todos los problemas del sector y con esto no se salva a la lecher\u00eda, igualmente toca uno de los puntos m\u00e1s importantes que hacen al coraz\u00f3n del negocio. No hay mejor indicador de toma de decisiones que el precio\u0094, afirmaron desde las entidades. Entre los puntos principales el dictamen, que se firma en el marco de la implementaci\u00f3n del Decreto N\u00ba 1532\/09, resuelve que todos los productores lecheros de la provincia de Santa Fe deber\u00e1n inscribirse en el Registro Provincial de Producciones Primarias, al igual que las industrias radicadas o con plantas de elaboraci\u00f3n en la provincia y los operadores l\u00e1cteos que adquieran materia prima para su posterior procesamiento. Adem\u00e1s el art\u00edculo 2\u00ba establece que las empresas l\u00e1cteas deben informar y publicar los valores de los precios abonados a los productores por la denominada Leche de Referencia. En di\u00e1logo con El Litoral Gustavo Vionnet, dirigente de Carsfe, y Eduardo Garc\u00eda Maritano, titular de Productores de Leche Asociados, Sur de [&hellip;]<\/p>\n","protected":false},"author":2,"featured_media":2585,"comment_status":"closed","ping_status":"open","sticky":false,"template":"","format":"standard","meta":{"_acf_changed":false,"footnotes":""},"categories":[56],"tags":[],"class_list":["post-6098","post","type-post","status-publish","format-standard","has-post-thumbnail","hentry","category-infoganadero"],"acf":[],"yoast_head":"<!-- This site is optimized with the Yoast SEO plugin v27.4 - https:\/\/yoast.com\/product\/yoast-seo-wordpress\/ -->\n<title>Lecher\u00eda: importante paso hacia la transparencia del mercado. | Proagro<\/title>\n<meta name=\"robots\" content=\"index, follow, max-snippet:-1, max-image-preview:large, max-video-preview:-1\" \/>\n<link rel=\"canonical\" href=\"https:\/\/proagrolab.com.ar\/en\/lecheria-importante-paso-hacia-la-transparencia-del-mercado\/\" \/>\n<meta property=\"og:locale\" content=\"en_US\" \/>\n<meta property=\"og:type\" content=\"article\" \/>\n<meta property=\"og:title\" content=\"Lecher\u00eda: importante paso hacia la transparencia del mercado. | Proagro\" \/>\n<meta property=\"og:description\" content=\"Por Jos\u00e9 Zenclussen. Cuando el a\u00f1o lechero en la provincia parec\u00eda destinado al olvido, la firma de la Resoluci\u00f3n N\u00ba 439 a cargo del ministro Carlos Fascendini llega como una bocanada de aire fresco para la producci\u00f3n. \u0093Si bien no resuelve todos los problemas del sector y con esto no se salva a la lecher\u00eda, igualmente toca uno de los puntos m\u00e1s importantes que hacen al coraz\u00f3n del negocio. No hay mejor indicador de toma de decisiones que el precio\u0094, afirmaron desde las entidades. Entre los puntos principales el dictamen, que se firma en el marco de la implementaci\u00f3n del Decreto N\u00ba 1532\/09, resuelve que todos los productores lecheros de la provincia de Santa Fe deber\u00e1n inscribirse en el Registro Provincial de Producciones Primarias, al igual que las industrias radicadas o con plantas de elaboraci\u00f3n en la provincia y los operadores l\u00e1cteos que adquieran materia prima para su posterior procesamiento. Adem\u00e1s el art\u00edculo 2\u00ba establece que las empresas l\u00e1cteas deben informar y publicar los valores de los precios abonados a los productores por la denominada Leche de Referencia. En di\u00e1logo con El Litoral Gustavo Vionnet, dirigente de Carsfe, y Eduardo Garc\u00eda Maritano, titular de Productores de Leche Asociados, Sur de [&hellip;]\" \/>\n<meta property=\"og:url\" content=\"https:\/\/proagrolab.com.ar\/lecheria-importante-paso-hacia-la-transparencia-del-mercado\/\" \/>\n<meta property=\"og:site_name\" content=\"Proagro\" \/>\n<meta property=\"article:publisher\" content=\"http:\/\/www.facebook.com\/proagrolab\" \/>\n<meta property=\"article:published_time\" content=\"2014-04-30T00:00:01+00:00\" \/>\n<meta property=\"article:modified_time\" content=\"2020-07-01T19:49:48+00:00\" \/>\n<meta property=\"og:image\" content=\"https:\/\/proagrolab.com.ar\/wp-content\/uploads\/2015\/01\/g_n6cjd1r1b__Lecheras-28.jpg\" \/>\n\t<meta property=\"og:image:width\" content=\"450\" \/>\n\t<meta property=\"og:image:height\" content=\"208\" \/>\n\t<meta property=\"og:image:type\" content=\"image\/jpeg\" \/>\n<meta name=\"author\" content=\"proagrolab\" \/>\n<meta name=\"twitter:card\" content=\"summary_large_image\" \/>\n<meta name=\"twitter:label1\" content=\"Written by\" \/>\n\t<meta name=\"twitter:data1\" content=\"proagrolab\" \/>\n\t<meta name=\"twitter:label2\" content=\"Est. reading time\" \/>\n\t<meta name=\"twitter:data2\" content=\"5 minutes\" \/>\n<script type=\"application\/ld+json\" class=\"yoast-schema-graph\">{\"@context\":\"https:\\\/\\\/schema.org\",\"@graph\":[{\"@type\":\"Article\",\"@id\":\"https:\\\/\\\/proagrolab.com.ar\\\/lecheria-importante-paso-hacia-la-transparencia-del-mercado\\\/#article\",\"isPartOf\":{\"@id\":\"https:\\\/\\\/proagrolab.com.ar\\\/lecheria-importante-paso-hacia-la-transparencia-del-mercado\\\/\"},\"author\":{\"name\":\"proagrolab\",\"@id\":\"https:\\\/\\\/proagrolab.com.ar\\\/#\\\/schema\\\/person\\\/38003ff90bf80381f71c7d922d207444\"},\"headline\":\"Lecher\u00eda: importante paso hacia la transparencia del mercado.\",\"datePublished\":\"2014-04-30T00:00:01+00:00\",\"dateModified\":\"2020-07-01T19:49:48+00:00\",\"mainEntityOfPage\":{\"@id\":\"https:\\\/\\\/proagrolab.com.ar\\\/lecheria-importante-paso-hacia-la-transparencia-del-mercado\\\/\"},\"wordCount\":1020,\"publisher\":{\"@id\":\"https:\\\/\\\/proagrolab.com.ar\\\/#organization\"},\"image\":{\"@id\":\"https:\\\/\\\/proagrolab.com.ar\\\/lecheria-importante-paso-hacia-la-transparencia-del-mercado\\\/#primaryimage\"},\"thumbnailUrl\":\"https:\\\/\\\/proagrolab.com.ar\\\/wp-content\\\/uploads\\\/2015\\\/01\\\/g_n6cjd1r1b__Lecheras-28.jpg\",\"articleSection\":[\"News\"],\"inLanguage\":\"en-US\"},{\"@type\":\"WebPage\",\"@id\":\"https:\\\/\\\/proagrolab.com.ar\\\/lecheria-importante-paso-hacia-la-transparencia-del-mercado\\\/\",\"url\":\"https:\\\/\\\/proagrolab.com.ar\\\/lecheria-importante-paso-hacia-la-transparencia-del-mercado\\\/\",\"name\":\"Lecher\u00eda: importante paso hacia la transparencia del mercado. | Proagro\",\"isPartOf\":{\"@id\":\"https:\\\/\\\/proagrolab.com.ar\\\/#website\"},\"primaryImageOfPage\":{\"@id\":\"https:\\\/\\\/proagrolab.com.ar\\\/lecheria-importante-paso-hacia-la-transparencia-del-mercado\\\/#primaryimage\"},\"image\":{\"@id\":\"https:\\\/\\\/proagrolab.com.ar\\\/lecheria-importante-paso-hacia-la-transparencia-del-mercado\\\/#primaryimage\"},\"thumbnailUrl\":\"https:\\\/\\\/proagrolab.com.ar\\\/wp-content\\\/uploads\\\/2015\\\/01\\\/g_n6cjd1r1b__Lecheras-28.jpg\",\"datePublished\":\"2014-04-30T00:00:01+00:00\",\"dateModified\":\"2020-07-01T19:49:48+00:00\",\"breadcrumb\":{\"@id\":\"https:\\\/\\\/proagrolab.com.ar\\\/lecheria-importante-paso-hacia-la-transparencia-del-mercado\\\/#breadcrumb\"},\"inLanguage\":\"en-US\",\"potentialAction\":[{\"@type\":\"ReadAction\",\"target\":[\"https:\\\/\\\/proagrolab.com.ar\\\/lecheria-importante-paso-hacia-la-transparencia-del-mercado\\\/\"]}]},{\"@type\":\"ImageObject\",\"inLanguage\":\"en-US\",\"@id\":\"https:\\\/\\\/proagrolab.com.ar\\\/lecheria-importante-paso-hacia-la-transparencia-del-mercado\\\/#primaryimage\",\"url\":\"https:\\\/\\\/proagrolab.com.ar\\\/wp-content\\\/uploads\\\/2015\\\/01\\\/g_n6cjd1r1b__Lecheras-28.jpg\",\"contentUrl\":\"https:\\\/\\\/proagrolab.com.ar\\\/wp-content\\\/uploads\\\/2015\\\/01\\\/g_n6cjd1r1b__Lecheras-28.jpg\",\"width\":450,\"height\":208},{\"@type\":\"BreadcrumbList\",\"@id\":\"https:\\\/\\\/proagrolab.com.ar\\\/lecheria-importante-paso-hacia-la-transparencia-del-mercado\\\/#breadcrumb\",\"itemListElement\":[{\"@type\":\"ListItem\",\"position\":1,\"name\":\"Portada\",\"item\":\"https:\\\/\\\/proagrolab.com.ar\\\/\"},{\"@type\":\"ListItem\",\"position\":2,\"name\":\"Lecher\u00eda: importante paso hacia la transparencia del mercado.\"}]},{\"@type\":\"WebSite\",\"@id\":\"https:\\\/\\\/proagrolab.com.ar\\\/#website\",\"url\":\"https:\\\/\\\/proagrolab.com.ar\\\/\",\"name\":\"Proagro Laboratorio Veterinario\",\"description\":\"Veterinary laboratory\",\"publisher\":{\"@id\":\"https:\\\/\\\/proagrolab.com.ar\\\/#organization\"},\"potentialAction\":[{\"@type\":\"SearchAction\",\"target\":{\"@type\":\"EntryPoint\",\"urlTemplate\":\"https:\\\/\\\/proagrolab.com.ar\\\/?s={search_term_string}\"},\"query-input\":{\"@type\":\"PropertyValueSpecification\",\"valueRequired\":true,\"valueName\":\"search_term_string\"}}],\"inLanguage\":\"en-US\"},{\"@type\":\"Organization\",\"@id\":\"https:\\\/\\\/proagrolab.com.ar\\\/#organization\",\"name\":\"Proagro\",\"url\":\"https:\\\/\\\/proagrolab.com.ar\\\/\",\"logo\":{\"@type\":\"ImageObject\",\"inLanguage\":\"en-US\",\"@id\":\"https:\\\/\\\/proagrolab.com.ar\\\/#\\\/schema\\\/logo\\\/image\\\/\",\"url\":\"https:\\\/\\\/proagrolab.com.ar\\\/wp-content\\\/uploads\\\/2020\\\/04\\\/logo-retina.png\",\"contentUrl\":\"https:\\\/\\\/proagrolab.com.ar\\\/wp-content\\\/uploads\\\/2020\\\/04\\\/logo-retina.png\",\"width\":478,\"height\":120,\"caption\":\"Proagro\"},\"image\":{\"@id\":\"https:\\\/\\\/proagrolab.com.ar\\\/#\\\/schema\\\/logo\\\/image\\\/\"},\"sameAs\":[\"http:\\\/\\\/www.facebook.com\\\/proagrolab\",\"https:\\\/\\\/www.instagram.com\\\/proagrolab\\\/\",\"https:\\\/\\\/www.linkedin.com\\\/company\\\/laboratorio-proagro-s-a\\\/\"]},{\"@type\":\"Person\",\"@id\":\"https:\\\/\\\/proagrolab.com.ar\\\/#\\\/schema\\\/person\\\/38003ff90bf80381f71c7d922d207444\",\"name\":\"proagrolab\"}]}<\/script>\n<!-- \/ Yoast SEO plugin. -->","yoast_head_json":{"title":"Lecher\u00eda: importante paso hacia la transparencia del mercado. | Proagro","robots":{"index":"index","follow":"follow","max-snippet":"max-snippet:-1","max-image-preview":"max-image-preview:large","max-video-preview":"max-video-preview:-1"},"canonical":"https:\/\/proagrolab.com.ar\/en\/lecheria-importante-paso-hacia-la-transparencia-del-mercado\/","og_locale":"en_US","og_type":"article","og_title":"Lecher\u00eda: importante paso hacia la transparencia del mercado. | Proagro","og_description":"Por Jos\u00e9 Zenclussen. Cuando el a\u00f1o lechero en la provincia parec\u00eda destinado al olvido, la firma de la Resoluci\u00f3n N\u00ba 439 a cargo del ministro Carlos Fascendini llega como una bocanada de aire fresco para la producci\u00f3n. \u0093Si bien no resuelve todos los problemas del sector y con esto no se salva a la lecher\u00eda, igualmente toca uno de los puntos m\u00e1s importantes que hacen al coraz\u00f3n del negocio. No hay mejor indicador de toma de decisiones que el precio\u0094, afirmaron desde las entidades. Entre los puntos principales el dictamen, que se firma en el marco de la implementaci\u00f3n del Decreto N\u00ba 1532\/09, resuelve que todos los productores lecheros de la provincia de Santa Fe deber\u00e1n inscribirse en el Registro Provincial de Producciones Primarias, al igual que las industrias radicadas o con plantas de elaboraci\u00f3n en la provincia y los operadores l\u00e1cteos que adquieran materia prima para su posterior procesamiento. Adem\u00e1s el art\u00edculo 2\u00ba establece que las empresas l\u00e1cteas deben informar y publicar los valores de los precios abonados a los productores por la denominada Leche de Referencia. En di\u00e1logo con El Litoral Gustavo Vionnet, dirigente de Carsfe, y Eduardo Garc\u00eda Maritano, titular de Productores de Leche Asociados, Sur de [&hellip;]","og_url":"https:\/\/proagrolab.com.ar\/lecheria-importante-paso-hacia-la-transparencia-del-mercado\/","og_site_name":"Proagro","article_publisher":"http:\/\/www.facebook.com\/proagrolab","article_published_time":"2014-04-30T00:00:01+00:00","article_modified_time":"2020-07-01T19:49:48+00:00","og_image":[{"width":450,"height":208,"url":"https:\/\/proagrolab.com.ar\/wp-content\/uploads\/2015\/01\/g_n6cjd1r1b__Lecheras-28.jpg","type":"image\/jpeg"}],"author":"proagrolab","twitter_card":"summary_large_image","twitter_misc":{"Written by":"proagrolab","Est. reading time":"5 minutes"},"schema":{"@context":"https:\/\/schema.org","@graph":[{"@type":"Article","@id":"https:\/\/proagrolab.com.ar\/lecheria-importante-paso-hacia-la-transparencia-del-mercado\/#article","isPartOf":{"@id":"https:\/\/proagrolab.com.ar\/lecheria-importante-paso-hacia-la-transparencia-del-mercado\/"},"author":{"name":"proagrolab","@id":"https:\/\/proagrolab.com.ar\/#\/schema\/person\/38003ff90bf80381f71c7d922d207444"},"headline":"Lecher\u00eda: importante paso hacia la transparencia del mercado.","datePublished":"2014-04-30T00:00:01+00:00","dateModified":"2020-07-01T19:49:48+00:00","mainEntityOfPage":{"@id":"https:\/\/proagrolab.com.ar\/lecheria-importante-paso-hacia-la-transparencia-del-mercado\/"},"wordCount":1020,"publisher":{"@id":"https:\/\/proagrolab.com.ar\/#organization"},"image":{"@id":"https:\/\/proagrolab.com.ar\/lecheria-importante-paso-hacia-la-transparencia-del-mercado\/#primaryimage"},"thumbnailUrl":"https:\/\/proagrolab.com.ar\/wp-content\/uploads\/2015\/01\/g_n6cjd1r1b__Lecheras-28.jpg","articleSection":["News"],"inLanguage":"en-US"},{"@type":"WebPage","@id":"https:\/\/proagrolab.com.ar\/lecheria-importante-paso-hacia-la-transparencia-del-mercado\/","url":"https:\/\/proagrolab.com.ar\/lecheria-importante-paso-hacia-la-transparencia-del-mercado\/","name":"Lecher\u00eda: importante paso hacia la transparencia del mercado. | Proagro","isPartOf":{"@id":"https:\/\/proagrolab.com.ar\/#website"},"primaryImageOfPage":{"@id":"https:\/\/proagrolab.com.ar\/lecheria-importante-paso-hacia-la-transparencia-del-mercado\/#primaryimage"},"image":{"@id":"https:\/\/proagrolab.com.ar\/lecheria-importante-paso-hacia-la-transparencia-del-mercado\/#primaryimage"},"thumbnailUrl":"https:\/\/proagrolab.com.ar\/wp-content\/uploads\/2015\/01\/g_n6cjd1r1b__Lecheras-28.jpg","datePublished":"2014-04-30T00:00:01+00:00","dateModified":"2020-07-01T19:49:48+00:00","breadcrumb":{"@id":"https:\/\/proagrolab.com.ar\/lecheria-importante-paso-hacia-la-transparencia-del-mercado\/#breadcrumb"},"inLanguage":"en-US","potentialAction":[{"@type":"ReadAction","target":["https:\/\/proagrolab.com.ar\/lecheria-importante-paso-hacia-la-transparencia-del-mercado\/"]}]},{"@type":"ImageObject","inLanguage":"en-US","@id":"https:\/\/proagrolab.com.ar\/lecheria-importante-paso-hacia-la-transparencia-del-mercado\/#primaryimage","url":"https:\/\/proagrolab.com.ar\/wp-content\/uploads\/2015\/01\/g_n6cjd1r1b__Lecheras-28.jpg","contentUrl":"https:\/\/proagrolab.com.ar\/wp-content\/uploads\/2015\/01\/g_n6cjd1r1b__Lecheras-28.jpg","width":450,"height":208},{"@type":"BreadcrumbList","@id":"https:\/\/proagrolab.com.ar\/lecheria-importante-paso-hacia-la-transparencia-del-mercado\/#breadcrumb","itemListElement":[{"@type":"ListItem","position":1,"name":"Portada","item":"https:\/\/proagrolab.com.ar\/"},{"@type":"ListItem","position":2,"name":"Lecher\u00eda: importante paso hacia la transparencia del mercado."}]},{"@type":"WebSite","@id":"https:\/\/proagrolab.com.ar\/#website","url":"https:\/\/proagrolab.com.ar\/","name":"Proagro Laboratorio Veterinario","description":"Veterinary laboratory","publisher":{"@id":"https:\/\/proagrolab.com.ar\/#organization"},"potentialAction":[{"@type":"SearchAction","target":{"@type":"EntryPoint","urlTemplate":"https:\/\/proagrolab.com.ar\/?s={search_term_string}"},"query-input":{"@type":"PropertyValueSpecification","valueRequired":true,"valueName":"search_term_string"}}],"inLanguage":"en-US"},{"@type":"Organization","@id":"https:\/\/proagrolab.com.ar\/#organization","name":"Proagro","url":"https:\/\/proagrolab.com.ar\/","logo":{"@type":"ImageObject","inLanguage":"en-US","@id":"https:\/\/proagrolab.com.ar\/#\/schema\/logo\/image\/","url":"https:\/\/proagrolab.com.ar\/wp-content\/uploads\/2020\/04\/logo-retina.png","contentUrl":"https:\/\/proagrolab.com.ar\/wp-content\/uploads\/2020\/04\/logo-retina.png","width":478,"height":120,"caption":"Proagro"},"image":{"@id":"https:\/\/proagrolab.com.ar\/#\/schema\/logo\/image\/"},"sameAs":["http:\/\/www.facebook.com\/proagrolab","https:\/\/www.instagram.com\/proagrolab\/","https:\/\/www.linkedin.com\/company\/laboratorio-proagro-s-a\/"]},{"@type":"Person","@id":"https:\/\/proagrolab.com.ar\/#\/schema\/person\/38003ff90bf80381f71c7d922d207444","name":"proagrolab"}]}},"_links":{"self":[{"href":"https:\/\/proagrolab.com.ar\/en\/wp-json\/wp\/v2\/posts\/6098","targetHints":{"allow":["GET"]}}],"collection":[{"href":"https:\/\/proagrolab.com.ar\/en\/wp-json\/wp\/v2\/posts"}],"about":[{"href":"https:\/\/proagrolab.com.ar\/en\/wp-json\/wp\/v2\/types\/post"}],"author":[{"embeddable":true,"href":"https:\/\/proagrolab.com.ar\/en\/wp-json\/wp\/v2\/users\/2"}],"replies":[{"embeddable":true,"href":"https:\/\/proagrolab.com.ar\/en\/wp-json\/wp\/v2\/comments?post=6098"}],"version-history":[{"count":1,"href":"https:\/\/proagrolab.com.ar\/en\/wp-json\/wp\/v2\/posts\/6098\/revisions"}],"predecessor-version":[{"id":14518,"href":"https:\/\/proagrolab.com.ar\/en\/wp-json\/wp\/v2\/posts\/6098\/revisions\/14518"}],"wp:featuredmedia":[{"embeddable":true,"href":"https:\/\/proagrolab.com.ar\/en\/wp-json\/wp\/v2\/media\/2585"}],"wp:attachment":[{"href":"https:\/\/proagrolab.com.ar\/en\/wp-json\/wp\/v2\/media?parent=6098"}],"wp:term":[{"taxonomy":"category","embeddable":true,"href":"https:\/\/proagrolab.com.ar\/en\/wp-json\/wp\/v2\/categories?post=6098"},{"taxonomy":"post_tag","embeddable":true,"href":"https:\/\/proagrolab.com.ar\/en\/wp-json\/wp\/v2\/tags?post=6098"}],"curies":[{"name":"wp","href":"https:\/\/api.w.org\/{rel}","templated":true}]}}