{"id":6095,"date":"2014-04-30T00:00:01","date_gmt":"2014-04-30T00:00:01","guid":{"rendered":"https:\/\/proagrolab.com.ar\/lecheria-se-exporta-o-no\/"},"modified":"2020-07-01T19:49:33","modified_gmt":"2020-07-01T19:49:33","slug":"lecheria-se-exporta-o-no","status":"publish","type":"post","link":"https:\/\/proagrolab.com.ar\/en\/lecheria-se-exporta-o-no\/","title":{"rendered":"Lecher\u00eda: \u00bfSe exporta o no?."},"content":{"rendered":"<p class=\"qtranxs-available-languages-message qtranxs-available-languages-message-en\"> <\/p><p>Por Ing. Agr. Mar\u00eda Jos\u00e9 Salgado.<\/p>\n<p>Normalmente el pa\u00eds exporta entre un 15 y un 20% de su producci\u00f3n. Pero, \u00bfQu\u00e9 pasa con los ROE? \u00bfEst\u00e1 asegurado el abastecimiento interno?<\/p>\n<p>En los \u00faltimos a\u00f1os el sector lechero nacional ha recuperado el abastecimiento del mercado interno alcanzando los 210 lts\/hab\/a\u00f1o, y a la vez ha consolidado su participaci\u00f3n en los mercados externos, exportando en el presente entre el 20 y el 25% de la producci\u00f3n. En el a\u00f1o 2013 fueron el equivalente a unos 2.700 millones de litros de leche. La leche en polvo entera es el producto dominante en t\u00e9rminos de exportaciones, siendo el rubro de los derivados de suero muy destacado por su importante crecimiento.<\/p>\n<p><i>No es tan f\u00e1cil exportar<\/i><br \/>Con un mercado interno totalmente abastecido, como es el caso de la leche, exportar no deber\u00eda representar grandes inconvenientes ni demoras. Sin embargo, desde sectores de la producci\u00f3n advierten que las complicaciones en la aprobaci\u00f3n de ROEs comenzaron en el mes de marzo.<\/p>\n<p>Desde distintos sectores reclaman que los ROEs (Registro de Operaciones de Exportaciones) est\u00e1n demorando m\u00e1s de lo com\u00fan, y que las empresas dedicadas a la exportaci\u00f3n de leche en polvo est\u00e1n teniendo problemas de liquidez. En algunos casos lograron exportar el 60% de sus pedidos, pero en otros no consiguieron la aprobaci\u00f3n de ning\u00fan pedido.<\/p>\n<p>Estas medidas, sumadas a la ca\u00edda de los precios internacionales hacen que quienes tienen leche en polvo se vean obligados a convertirla en quesos. As\u00ed, el mercado interno se encuentra presionado con un alto riesgo de que se produzca una saturaci\u00f3n. La expectativa de aumento de precio de la leche en abril-mayo, se ver\u00e1 aplacada por esa saturaci\u00f3n.<\/p>\n<p><i>Los n\u00fameros mezclados<\/i><br \/>Con la finalidad de \u0093aportar datos oficiales que lleven certidumbre a la comunidad en general y en particular a los productores primarios de leche\u0094, la Subsecretar\u00eda de Lecher\u00eda inform\u00f3 que en el primer trimestre del corriente a\u00f1o las exportaciones de productos l\u00e1cteos tuvieron un incremento respecto de igual per\u00edodo del a\u00f1o 2013 del 19,07 % (2014: 89.876 tn Vs 2013: 75.480 tn).<\/p>\n<p>Pero al detallar los vol\u00famenes se advierte un error, en realidad las exportaciones durante el primer trimestre de 2013 suman 89.348 toneladas, en lugar de 75.480. De esta forma el crecimiento en volumen exportado es m\u00ednimo.<\/p>\n<p><i>Para adelante<\/i><br \/>Si se mira hacia el futuro y se piensa en una lecher\u00eda en crecimiento, el mismo deber\u00e1 orientarse hacia la exportaci\u00f3n, ya que el mercado interno se encuentra totalmente abastecido, con un alto nivel de consumo per c\u00e1pita.<\/p>\n<p>Este esquema exige que la lecher\u00eda mejore su competitividad internacional en t\u00e9rminos de costos y calidad.<\/p>\n<p>Fuente: Revista Chacra, 29 de abril.<br \/><\/p>","protected":false},"excerpt":{"rendered":"<p>Por Ing. Agr. Mar\u00eda Jos\u00e9 Salgado. Normalmente el pa\u00eds exporta entre un 15 y un 20% de su producci\u00f3n. Pero, \u00bfQu\u00e9 pasa con los ROE? \u00bfEst\u00e1 asegurado el abastecimiento interno? En los \u00faltimos a\u00f1os el sector lechero nacional ha recuperado el abastecimiento del mercado interno alcanzando los 210 lts\/hab\/a\u00f1o, y a la vez ha consolidado su participaci\u00f3n en los mercados externos, exportando en el presente entre el 20 y el 25% de la producci\u00f3n. En el a\u00f1o 2013 fueron el equivalente a unos 2.700 millones de litros de leche. La leche en polvo entera es el producto dominante en t\u00e9rminos de exportaciones, siendo el rubro de los derivados de suero muy destacado por su importante crecimiento. No es tan f\u00e1cil exportarCon un mercado interno totalmente abastecido, como es el caso de la leche, exportar no deber\u00eda representar grandes inconvenientes ni demoras. Sin embargo, desde sectores de la producci\u00f3n advierten que las complicaciones en la aprobaci\u00f3n de ROEs comenzaron en el mes de marzo. Desde distintos sectores reclaman que los ROEs (Registro de Operaciones de Exportaciones) est\u00e1n demorando m\u00e1s de lo com\u00fan, y que las empresas dedicadas a la exportaci\u00f3n de leche en polvo est\u00e1n teniendo problemas de liquidez. En algunos [&hellip;]<\/p>\n","protected":false},"author":2,"featured_media":2582,"comment_status":"closed","ping_status":"open","sticky":false,"template":"","format":"standard","meta":{"_acf_changed":false,"footnotes":""},"categories":[56],"tags":[],"class_list":["post-6095","post","type-post","status-publish","format-standard","has-post-thumbnail","hentry","category-infoganadero"],"acf":[],"yoast_head":"<!-- This site is optimized with the Yoast SEO plugin v27.4 - https:\/\/yoast.com\/product\/yoast-seo-wordpress\/ -->\n<title>Lecher\u00eda: \u00bfSe exporta o no?. | Proagro<\/title>\n<meta name=\"robots\" content=\"index, follow, max-snippet:-1, max-image-preview:large, max-video-preview:-1\" \/>\n<link rel=\"canonical\" href=\"https:\/\/proagrolab.com.ar\/en\/lecheria-se-exporta-o-no\/\" \/>\n<meta property=\"og:locale\" content=\"en_US\" \/>\n<meta property=\"og:type\" content=\"article\" \/>\n<meta property=\"og:title\" content=\"Lecher\u00eda: \u00bfSe exporta o no?. | Proagro\" \/>\n<meta property=\"og:description\" content=\"Por Ing. Agr. Mar\u00eda Jos\u00e9 Salgado. Normalmente el pa\u00eds exporta entre un 15 y un 20% de su producci\u00f3n. Pero, \u00bfQu\u00e9 pasa con los ROE? \u00bfEst\u00e1 asegurado el abastecimiento interno? En los \u00faltimos a\u00f1os el sector lechero nacional ha recuperado el abastecimiento del mercado interno alcanzando los 210 lts\/hab\/a\u00f1o, y a la vez ha consolidado su participaci\u00f3n en los mercados externos, exportando en el presente entre el 20 y el 25% de la producci\u00f3n. En el a\u00f1o 2013 fueron el equivalente a unos 2.700 millones de litros de leche. La leche en polvo entera es el producto dominante en t\u00e9rminos de exportaciones, siendo el rubro de los derivados de suero muy destacado por su importante crecimiento. No es tan f\u00e1cil exportarCon un mercado interno totalmente abastecido, como es el caso de la leche, exportar no deber\u00eda representar grandes inconvenientes ni demoras. Sin embargo, desde sectores de la producci\u00f3n advierten que las complicaciones en la aprobaci\u00f3n de ROEs comenzaron en el mes de marzo. Desde distintos sectores reclaman que los ROEs (Registro de Operaciones de Exportaciones) est\u00e1n demorando m\u00e1s de lo com\u00fan, y que las empresas dedicadas a la exportaci\u00f3n de leche en polvo est\u00e1n teniendo problemas de liquidez. En algunos [&hellip;]\" \/>\n<meta property=\"og:url\" content=\"https:\/\/proagrolab.com.ar\/lecheria-se-exporta-o-no\/\" \/>\n<meta property=\"og:site_name\" content=\"Proagro\" \/>\n<meta property=\"article:publisher\" content=\"http:\/\/www.facebook.com\/proagrolab\" \/>\n<meta property=\"article:published_time\" content=\"2014-04-30T00:00:01+00:00\" \/>\n<meta property=\"article:modified_time\" content=\"2020-07-01T19:49:33+00:00\" \/>\n<meta property=\"og:image\" content=\"https:\/\/proagrolab.com.ar\/wp-content\/uploads\/2015\/01\/g_l693isy6c__Lecheras-14.jpg\" \/>\n\t<meta property=\"og:image:width\" content=\"450\" \/>\n\t<meta property=\"og:image:height\" content=\"208\" \/>\n\t<meta property=\"og:image:type\" content=\"image\/jpeg\" \/>\n<meta name=\"author\" content=\"proagrolab\" \/>\n<meta name=\"twitter:card\" content=\"summary_large_image\" \/>\n<meta name=\"twitter:label1\" content=\"Written by\" \/>\n\t<meta name=\"twitter:data1\" content=\"proagrolab\" \/>\n\t<meta name=\"twitter:label2\" content=\"Est. reading time\" \/>\n\t<meta name=\"twitter:data2\" content=\"2 minutes\" \/>\n<script type=\"application\/ld+json\" class=\"yoast-schema-graph\">{\"@context\":\"https:\\\/\\\/schema.org\",\"@graph\":[{\"@type\":\"Article\",\"@id\":\"https:\\\/\\\/proagrolab.com.ar\\\/lecheria-se-exporta-o-no\\\/#article\",\"isPartOf\":{\"@id\":\"https:\\\/\\\/proagrolab.com.ar\\\/lecheria-se-exporta-o-no\\\/\"},\"author\":{\"name\":\"proagrolab\",\"@id\":\"https:\\\/\\\/proagrolab.com.ar\\\/#\\\/schema\\\/person\\\/38003ff90bf80381f71c7d922d207444\"},\"headline\":\"Lecher\u00eda: \u00bfSe exporta o no?.\",\"datePublished\":\"2014-04-30T00:00:01+00:00\",\"dateModified\":\"2020-07-01T19:49:33+00:00\",\"mainEntityOfPage\":{\"@id\":\"https:\\\/\\\/proagrolab.com.ar\\\/lecheria-se-exporta-o-no\\\/\"},\"wordCount\":466,\"publisher\":{\"@id\":\"https:\\\/\\\/proagrolab.com.ar\\\/#organization\"},\"image\":{\"@id\":\"https:\\\/\\\/proagrolab.com.ar\\\/lecheria-se-exporta-o-no\\\/#primaryimage\"},\"thumbnailUrl\":\"https:\\\/\\\/proagrolab.com.ar\\\/wp-content\\\/uploads\\\/2015\\\/01\\\/g_l693isy6c__Lecheras-14.jpg\",\"articleSection\":[\"News\"],\"inLanguage\":\"en-US\"},{\"@type\":\"WebPage\",\"@id\":\"https:\\\/\\\/proagrolab.com.ar\\\/lecheria-se-exporta-o-no\\\/\",\"url\":\"https:\\\/\\\/proagrolab.com.ar\\\/lecheria-se-exporta-o-no\\\/\",\"name\":\"Lecher\u00eda: \u00bfSe exporta o no?. | Proagro\",\"isPartOf\":{\"@id\":\"https:\\\/\\\/proagrolab.com.ar\\\/#website\"},\"primaryImageOfPage\":{\"@id\":\"https:\\\/\\\/proagrolab.com.ar\\\/lecheria-se-exporta-o-no\\\/#primaryimage\"},\"image\":{\"@id\":\"https:\\\/\\\/proagrolab.com.ar\\\/lecheria-se-exporta-o-no\\\/#primaryimage\"},\"thumbnailUrl\":\"https:\\\/\\\/proagrolab.com.ar\\\/wp-content\\\/uploads\\\/2015\\\/01\\\/g_l693isy6c__Lecheras-14.jpg\",\"datePublished\":\"2014-04-30T00:00:01+00:00\",\"dateModified\":\"2020-07-01T19:49:33+00:00\",\"breadcrumb\":{\"@id\":\"https:\\\/\\\/proagrolab.com.ar\\\/lecheria-se-exporta-o-no\\\/#breadcrumb\"},\"inLanguage\":\"en-US\",\"potentialAction\":[{\"@type\":\"ReadAction\",\"target\":[\"https:\\\/\\\/proagrolab.com.ar\\\/lecheria-se-exporta-o-no\\\/\"]}]},{\"@type\":\"ImageObject\",\"inLanguage\":\"en-US\",\"@id\":\"https:\\\/\\\/proagrolab.com.ar\\\/lecheria-se-exporta-o-no\\\/#primaryimage\",\"url\":\"https:\\\/\\\/proagrolab.com.ar\\\/wp-content\\\/uploads\\\/2015\\\/01\\\/g_l693isy6c__Lecheras-14.jpg\",\"contentUrl\":\"https:\\\/\\\/proagrolab.com.ar\\\/wp-content\\\/uploads\\\/2015\\\/01\\\/g_l693isy6c__Lecheras-14.jpg\",\"width\":450,\"height\":208},{\"@type\":\"BreadcrumbList\",\"@id\":\"https:\\\/\\\/proagrolab.com.ar\\\/lecheria-se-exporta-o-no\\\/#breadcrumb\",\"itemListElement\":[{\"@type\":\"ListItem\",\"position\":1,\"name\":\"Portada\",\"item\":\"https:\\\/\\\/proagrolab.com.ar\\\/\"},{\"@type\":\"ListItem\",\"position\":2,\"name\":\"Lecher\u00eda: \u00bfSe exporta o no?.\"}]},{\"@type\":\"WebSite\",\"@id\":\"https:\\\/\\\/proagrolab.com.ar\\\/#website\",\"url\":\"https:\\\/\\\/proagrolab.com.ar\\\/\",\"name\":\"Proagro Laboratorio Veterinario\",\"description\":\"Veterinary laboratory\",\"publisher\":{\"@id\":\"https:\\\/\\\/proagrolab.com.ar\\\/#organization\"},\"potentialAction\":[{\"@type\":\"SearchAction\",\"target\":{\"@type\":\"EntryPoint\",\"urlTemplate\":\"https:\\\/\\\/proagrolab.com.ar\\\/?s={search_term_string}\"},\"query-input\":{\"@type\":\"PropertyValueSpecification\",\"valueRequired\":true,\"valueName\":\"search_term_string\"}}],\"inLanguage\":\"en-US\"},{\"@type\":\"Organization\",\"@id\":\"https:\\\/\\\/proagrolab.com.ar\\\/#organization\",\"name\":\"Proagro\",\"url\":\"https:\\\/\\\/proagrolab.com.ar\\\/\",\"logo\":{\"@type\":\"ImageObject\",\"inLanguage\":\"en-US\",\"@id\":\"https:\\\/\\\/proagrolab.com.ar\\\/#\\\/schema\\\/logo\\\/image\\\/\",\"url\":\"https:\\\/\\\/proagrolab.com.ar\\\/wp-content\\\/uploads\\\/2020\\\/04\\\/logo-retina.png\",\"contentUrl\":\"https:\\\/\\\/proagrolab.com.ar\\\/wp-content\\\/uploads\\\/2020\\\/04\\\/logo-retina.png\",\"width\":478,\"height\":120,\"caption\":\"Proagro\"},\"image\":{\"@id\":\"https:\\\/\\\/proagrolab.com.ar\\\/#\\\/schema\\\/logo\\\/image\\\/\"},\"sameAs\":[\"http:\\\/\\\/www.facebook.com\\\/proagrolab\",\"https:\\\/\\\/www.instagram.com\\\/proagrolab\\\/\",\"https:\\\/\\\/www.linkedin.com\\\/company\\\/laboratorio-proagro-s-a\\\/\"]},{\"@type\":\"Person\",\"@id\":\"https:\\\/\\\/proagrolab.com.ar\\\/#\\\/schema\\\/person\\\/38003ff90bf80381f71c7d922d207444\",\"name\":\"proagrolab\"}]}<\/script>\n<!-- \/ Yoast SEO plugin. -->","yoast_head_json":{"title":"Lecher\u00eda: \u00bfSe exporta o no?. | Proagro","robots":{"index":"index","follow":"follow","max-snippet":"max-snippet:-1","max-image-preview":"max-image-preview:large","max-video-preview":"max-video-preview:-1"},"canonical":"https:\/\/proagrolab.com.ar\/en\/lecheria-se-exporta-o-no\/","og_locale":"en_US","og_type":"article","og_title":"Lecher\u00eda: \u00bfSe exporta o no?. | Proagro","og_description":"Por Ing. Agr. Mar\u00eda Jos\u00e9 Salgado. Normalmente el pa\u00eds exporta entre un 15 y un 20% de su producci\u00f3n. Pero, \u00bfQu\u00e9 pasa con los ROE? \u00bfEst\u00e1 asegurado el abastecimiento interno? En los \u00faltimos a\u00f1os el sector lechero nacional ha recuperado el abastecimiento del mercado interno alcanzando los 210 lts\/hab\/a\u00f1o, y a la vez ha consolidado su participaci\u00f3n en los mercados externos, exportando en el presente entre el 20 y el 25% de la producci\u00f3n. En el a\u00f1o 2013 fueron el equivalente a unos 2.700 millones de litros de leche. La leche en polvo entera es el producto dominante en t\u00e9rminos de exportaciones, siendo el rubro de los derivados de suero muy destacado por su importante crecimiento. No es tan f\u00e1cil exportarCon un mercado interno totalmente abastecido, como es el caso de la leche, exportar no deber\u00eda representar grandes inconvenientes ni demoras. Sin embargo, desde sectores de la producci\u00f3n advierten que las complicaciones en la aprobaci\u00f3n de ROEs comenzaron en el mes de marzo. Desde distintos sectores reclaman que los ROEs (Registro de Operaciones de Exportaciones) est\u00e1n demorando m\u00e1s de lo com\u00fan, y que las empresas dedicadas a la exportaci\u00f3n de leche en polvo est\u00e1n teniendo problemas de liquidez. En algunos [&hellip;]","og_url":"https:\/\/proagrolab.com.ar\/lecheria-se-exporta-o-no\/","og_site_name":"Proagro","article_publisher":"http:\/\/www.facebook.com\/proagrolab","article_published_time":"2014-04-30T00:00:01+00:00","article_modified_time":"2020-07-01T19:49:33+00:00","og_image":[{"width":450,"height":208,"url":"https:\/\/proagrolab.com.ar\/wp-content\/uploads\/2015\/01\/g_l693isy6c__Lecheras-14.jpg","type":"image\/jpeg"}],"author":"proagrolab","twitter_card":"summary_large_image","twitter_misc":{"Written by":"proagrolab","Est. reading time":"2 minutes"},"schema":{"@context":"https:\/\/schema.org","@graph":[{"@type":"Article","@id":"https:\/\/proagrolab.com.ar\/lecheria-se-exporta-o-no\/#article","isPartOf":{"@id":"https:\/\/proagrolab.com.ar\/lecheria-se-exporta-o-no\/"},"author":{"name":"proagrolab","@id":"https:\/\/proagrolab.com.ar\/#\/schema\/person\/38003ff90bf80381f71c7d922d207444"},"headline":"Lecher\u00eda: \u00bfSe exporta o no?.","datePublished":"2014-04-30T00:00:01+00:00","dateModified":"2020-07-01T19:49:33+00:00","mainEntityOfPage":{"@id":"https:\/\/proagrolab.com.ar\/lecheria-se-exporta-o-no\/"},"wordCount":466,"publisher":{"@id":"https:\/\/proagrolab.com.ar\/#organization"},"image":{"@id":"https:\/\/proagrolab.com.ar\/lecheria-se-exporta-o-no\/#primaryimage"},"thumbnailUrl":"https:\/\/proagrolab.com.ar\/wp-content\/uploads\/2015\/01\/g_l693isy6c__Lecheras-14.jpg","articleSection":["News"],"inLanguage":"en-US"},{"@type":"WebPage","@id":"https:\/\/proagrolab.com.ar\/lecheria-se-exporta-o-no\/","url":"https:\/\/proagrolab.com.ar\/lecheria-se-exporta-o-no\/","name":"Lecher\u00eda: \u00bfSe exporta o no?. | Proagro","isPartOf":{"@id":"https:\/\/proagrolab.com.ar\/#website"},"primaryImageOfPage":{"@id":"https:\/\/proagrolab.com.ar\/lecheria-se-exporta-o-no\/#primaryimage"},"image":{"@id":"https:\/\/proagrolab.com.ar\/lecheria-se-exporta-o-no\/#primaryimage"},"thumbnailUrl":"https:\/\/proagrolab.com.ar\/wp-content\/uploads\/2015\/01\/g_l693isy6c__Lecheras-14.jpg","datePublished":"2014-04-30T00:00:01+00:00","dateModified":"2020-07-01T19:49:33+00:00","breadcrumb":{"@id":"https:\/\/proagrolab.com.ar\/lecheria-se-exporta-o-no\/#breadcrumb"},"inLanguage":"en-US","potentialAction":[{"@type":"ReadAction","target":["https:\/\/proagrolab.com.ar\/lecheria-se-exporta-o-no\/"]}]},{"@type":"ImageObject","inLanguage":"en-US","@id":"https:\/\/proagrolab.com.ar\/lecheria-se-exporta-o-no\/#primaryimage","url":"https:\/\/proagrolab.com.ar\/wp-content\/uploads\/2015\/01\/g_l693isy6c__Lecheras-14.jpg","contentUrl":"https:\/\/proagrolab.com.ar\/wp-content\/uploads\/2015\/01\/g_l693isy6c__Lecheras-14.jpg","width":450,"height":208},{"@type":"BreadcrumbList","@id":"https:\/\/proagrolab.com.ar\/lecheria-se-exporta-o-no\/#breadcrumb","itemListElement":[{"@type":"ListItem","position":1,"name":"Portada","item":"https:\/\/proagrolab.com.ar\/"},{"@type":"ListItem","position":2,"name":"Lecher\u00eda: \u00bfSe exporta o no?."}]},{"@type":"WebSite","@id":"https:\/\/proagrolab.com.ar\/#website","url":"https:\/\/proagrolab.com.ar\/","name":"Proagro Laboratorio Veterinario","description":"Veterinary laboratory","publisher":{"@id":"https:\/\/proagrolab.com.ar\/#organization"},"potentialAction":[{"@type":"SearchAction","target":{"@type":"EntryPoint","urlTemplate":"https:\/\/proagrolab.com.ar\/?s={search_term_string}"},"query-input":{"@type":"PropertyValueSpecification","valueRequired":true,"valueName":"search_term_string"}}],"inLanguage":"en-US"},{"@type":"Organization","@id":"https:\/\/proagrolab.com.ar\/#organization","name":"Proagro","url":"https:\/\/proagrolab.com.ar\/","logo":{"@type":"ImageObject","inLanguage":"en-US","@id":"https:\/\/proagrolab.com.ar\/#\/schema\/logo\/image\/","url":"https:\/\/proagrolab.com.ar\/wp-content\/uploads\/2020\/04\/logo-retina.png","contentUrl":"https:\/\/proagrolab.com.ar\/wp-content\/uploads\/2020\/04\/logo-retina.png","width":478,"height":120,"caption":"Proagro"},"image":{"@id":"https:\/\/proagrolab.com.ar\/#\/schema\/logo\/image\/"},"sameAs":["http:\/\/www.facebook.com\/proagrolab","https:\/\/www.instagram.com\/proagrolab\/","https:\/\/www.linkedin.com\/company\/laboratorio-proagro-s-a\/"]},{"@type":"Person","@id":"https:\/\/proagrolab.com.ar\/#\/schema\/person\/38003ff90bf80381f71c7d922d207444","name":"proagrolab"}]}},"_links":{"self":[{"href":"https:\/\/proagrolab.com.ar\/en\/wp-json\/wp\/v2\/posts\/6095","targetHints":{"allow":["GET"]}}],"collection":[{"href":"https:\/\/proagrolab.com.ar\/en\/wp-json\/wp\/v2\/posts"}],"about":[{"href":"https:\/\/proagrolab.com.ar\/en\/wp-json\/wp\/v2\/types\/post"}],"author":[{"embeddable":true,"href":"https:\/\/proagrolab.com.ar\/en\/wp-json\/wp\/v2\/users\/2"}],"replies":[{"embeddable":true,"href":"https:\/\/proagrolab.com.ar\/en\/wp-json\/wp\/v2\/comments?post=6095"}],"version-history":[{"count":1,"href":"https:\/\/proagrolab.com.ar\/en\/wp-json\/wp\/v2\/posts\/6095\/revisions"}],"predecessor-version":[{"id":14515,"href":"https:\/\/proagrolab.com.ar\/en\/wp-json\/wp\/v2\/posts\/6095\/revisions\/14515"}],"wp:featuredmedia":[{"embeddable":true,"href":"https:\/\/proagrolab.com.ar\/en\/wp-json\/wp\/v2\/media\/2582"}],"wp:attachment":[{"href":"https:\/\/proagrolab.com.ar\/en\/wp-json\/wp\/v2\/media?parent=6095"}],"wp:term":[{"taxonomy":"category","embeddable":true,"href":"https:\/\/proagrolab.com.ar\/en\/wp-json\/wp\/v2\/categories?post=6095"},{"taxonomy":"post_tag","embeddable":true,"href":"https:\/\/proagrolab.com.ar\/en\/wp-json\/wp\/v2\/tags?post=6095"}],"curies":[{"name":"wp","href":"https:\/\/api.w.org\/{rel}","templated":true}]}}