{"id":6090,"date":"2014-04-28T00:00:01","date_gmt":"2014-04-28T00:00:01","guid":{"rendered":"https:\/\/proagrolab.com.ar\/los-precios-de-la-carne-seran-accesibles-si-hay-mayor-oferta-y-sustentabilidad-en-el-tiempo\/"},"modified":"2020-07-01T19:53:11","modified_gmt":"2020-07-01T19:53:11","slug":"los-precios-de-la-carne-seran-accesibles-si-hay-mayor-oferta-y-sustentabilidad-en-el-tiempo","status":"publish","type":"post","link":"https:\/\/proagrolab.com.ar\/en\/los-precios-de-la-carne-seran-accesibles-si-hay-mayor-oferta-y-sustentabilidad-en-el-tiempo\/","title":{"rendered":"Los precios de la carne ser\u00e1n accesibles si hay mayor oferta y sustentabilidad en el tiempo."},"content":{"rendered":"<p class=\"qtranxs-available-languages-message qtranxs-available-languages-message-en\"> <\/p><p>Por Ra\u00fal Milano, director Ejecutivo de Rosgan.<\/p>\n<p>La ganader\u00eda se parece bastante a Argentina, tal vez porque es una de las producciones primarias por excelencia que nos pinta de cuerpo y alma siendo un deseo inconcluso con mucho de frustraci\u00f3n. A principios del siglo pasado qui\u00e9n no pensaba que Argentina junto con Canad\u00e1 y Australia eran las tierras prometidas para las cuales se auguraba un gran porvenir.<\/p>\n<p>En lo que respecta exclusivamente a la ganader\u00eda podemos decir que su camino ha desilusionado: ni bien comenz\u00f3 el barco refrigerado fuimos pioneros en el mundo en los embarques mar\u00edtimos, fuimos premiados por la cuota hasta ahora m\u00e1s importante que es la Hilton, tenemos el rodeo de gen\u00e9tica brit\u00e1nica m\u00e1s importante del planeta, sin embargo tenemos un stock ganadero menor que hace 50 a\u00f1os y pasamos de ser un exportador mundial de primer nivel a un insignificante 2 % de las ventas de carnes rojas totales del planeta.<\/p>\n<p>En primer lugar, descifrar a la ganader\u00eda forma parte de entender que debemos hacernos todos responsables de esta performance que termin\u00f3 degrad\u00e1ndonos a un papel irrelevante, cada uno lo har\u00e1 desde su nivel p\u00fablico o privado y sabr\u00e1 qu\u00e9 responsabilidades le toca. El fracaso de la cadena de ganados y carnes nos obliga a reflexionar para producir los cambios que garanticen un mejor destino a un producto que tiene el futuro asegurado.<\/p>\n<p>Quienes somos actores de la esfera privada, m\u00e1s all\u00e1 de los a\u00f1os de antig\u00fcedad que cada uno tenga en su historia, debemos producir cambios significativos para no repetir las experiencias del pasado. La primera idea fuerza que debemos internalizar es que necesitamos tener un criterio asociativo, que el formato de eslabones rotos que permite creer que cada uno gana cuando pierde el otro es arcaico. En el formato actual de cadena todos deben ganar generando un c\u00edrculo virtuoso de trasferencia de ingresos y capacidades. La cadena debemos verla como un todo que tiene por objetivo producir las mejores carnes para este pa\u00eds y un mundo demandante en exceso de nuestra producci\u00f3n. Pero ser\u00e1 importante que se produzca un sinceramiento de los porcentajes de apropiaci\u00f3n de cada uno en la cadena para que se pueda garantizar un negocio para todos.<\/p>\n<p>En segundo lugar, el formato productivo debe tomar definitivamente un modelo de trasparencia tanto econ\u00f3mica y sanitaria que ponga en un mismo nivel de competitividad a los actores, no es lo mismo un frigor\u00edfico que trabaja todo en blanco, con los est\u00e1ndares sanitarios y bromatol\u00f3gicos m\u00e1s avanzados del mundo que un matadero que oculta mediante distintas acciones parte de su faena y cuyos niveles de calidad en la matanza sanitariamente dejan mucho que desear. Entender que el problema sanitario no es un problema de escala, sino que todos los actores puede atender satisfactoriamente tanto al mercado interno como a la exportaci\u00f3n con requeridos niveles de sanidad, por lo cual la decisi\u00f3n de estar en regla no es un problema econ\u00f3mico sino una decisi\u00f3n de maximizar utilidades a cualquier costo, a\u00fan el sanitario.<\/p>\n<p>De la experiencia que estamos viviendo ser\u00eda bueno sacar conclusiones que nos permitan pensar que llegamos a un punto de inflexi\u00f3n, podr\u00edamos asegurar que m\u00e1s abajo es dif\u00edcil caer. Depender\u00e1 de nuestras acciones poder encarar un camino que tenemos asegurado si sabemos hacer lo mismo que han hecho otros pa\u00edses que hace 70 a\u00f1os estaban en la misma l\u00ednea de largada. Como primera medida, debemos ser serios ya que en el mundo de los alimentos hay que ser previsible y responsable con lo que fabricamos, los m\u00e1rgenes de la cadena deben estar perfectamente explicitados para que dentro de las reglas de la oferta y la demanda vayan encontrando sus puntos de equilibrios. Debemos asumir la responsabilidad de no pensar que la carne debe tener un precio pol\u00edtico, hoy existe suficiente oferta de sustitutos que garantizan una correcta provisi\u00f3n de alimentos, aplicar a un sector permanentes medidas de desestimulo solo logr\u00f3 lo contrario que es bajar la producci\u00f3n. Para que los precios sean accesibles lo que hay que tener es mayor oferta que es la mejor garant\u00eda de sustentabilidad en el tiempo.<\/p>\n<p>Descifrar a la ganader\u00eda es mucho m\u00e1s sencillo comparativamente que otros sectores, realizando la apertura de las exportaciones y quitando sus retenciones estaremos dando un primer paso que garantizar\u00e1 las acciones futuras, sacando las maneas a nuestra producci\u00f3n las responsabilidades ser\u00e1n exclusivamente del sector privado, el cual deber\u00e1 encontrar los acuerdos asociativos que permitan dar sustentabilidad a la cadena con est\u00e1ndares de eficiencia y calidad que Argentina lo tiene*.<\/p>\n<p>Fuente: Rosgan, abril 2014.<br \/><\/p>","protected":false},"excerpt":{"rendered":"<p>Por Ra\u00fal Milano, director Ejecutivo de Rosgan. La ganader\u00eda se parece bastante a Argentina, tal vez porque es una de las producciones primarias por excelencia que nos pinta de cuerpo y alma siendo un deseo inconcluso con mucho de frustraci\u00f3n. A principios del siglo pasado qui\u00e9n no pensaba que Argentina junto con Canad\u00e1 y Australia eran las tierras prometidas para las cuales se auguraba un gran porvenir. En lo que respecta exclusivamente a la ganader\u00eda podemos decir que su camino ha desilusionado: ni bien comenz\u00f3 el barco refrigerado fuimos pioneros en el mundo en los embarques mar\u00edtimos, fuimos premiados por la cuota hasta ahora m\u00e1s importante que es la Hilton, tenemos el rodeo de gen\u00e9tica brit\u00e1nica m\u00e1s importante del planeta, sin embargo tenemos un stock ganadero menor que hace 50 a\u00f1os y pasamos de ser un exportador mundial de primer nivel a un insignificante 2 % de las ventas de carnes rojas totales del planeta. En primer lugar, descifrar a la ganader\u00eda forma parte de entender que debemos hacernos todos responsables de esta performance que termin\u00f3 degrad\u00e1ndonos a un papel irrelevante, cada uno lo har\u00e1 desde su nivel p\u00fablico o privado y sabr\u00e1 qu\u00e9 responsabilidades le toca. El fracaso de [&hellip;]<\/p>\n","protected":false},"author":2,"featured_media":2577,"comment_status":"closed","ping_status":"open","sticky":false,"template":"","format":"standard","meta":{"_acf_changed":false,"footnotes":""},"categories":[56],"tags":[],"class_list":["post-6090","post","type-post","status-publish","format-standard","has-post-thumbnail","hentry","category-infoganadero"],"acf":[],"yoast_head":"<!-- This site is optimized with the Yoast SEO plugin v27.4 - https:\/\/yoast.com\/product\/yoast-seo-wordpress\/ -->\n<title>Los precios de la carne ser\u00e1n accesibles si hay mayor oferta y sustentabilidad en el tiempo. | Proagro<\/title>\n<meta name=\"robots\" content=\"index, follow, max-snippet:-1, max-image-preview:large, max-video-preview:-1\" \/>\n<link rel=\"canonical\" href=\"https:\/\/proagrolab.com.ar\/en\/los-precios-de-la-carne-seran-accesibles-si-hay-mayor-oferta-y-sustentabilidad-en-el-tiempo\/\" \/>\n<meta property=\"og:locale\" content=\"en_US\" \/>\n<meta property=\"og:type\" content=\"article\" \/>\n<meta property=\"og:title\" content=\"Los precios de la carne ser\u00e1n accesibles si hay mayor oferta y sustentabilidad en el tiempo. | Proagro\" \/>\n<meta property=\"og:description\" content=\"Por Ra\u00fal Milano, director Ejecutivo de Rosgan. La ganader\u00eda se parece bastante a Argentina, tal vez porque es una de las producciones primarias por excelencia que nos pinta de cuerpo y alma siendo un deseo inconcluso con mucho de frustraci\u00f3n. A principios del siglo pasado qui\u00e9n no pensaba que Argentina junto con Canad\u00e1 y Australia eran las tierras prometidas para las cuales se auguraba un gran porvenir. En lo que respecta exclusivamente a la ganader\u00eda podemos decir que su camino ha desilusionado: ni bien comenz\u00f3 el barco refrigerado fuimos pioneros en el mundo en los embarques mar\u00edtimos, fuimos premiados por la cuota hasta ahora m\u00e1s importante que es la Hilton, tenemos el rodeo de gen\u00e9tica brit\u00e1nica m\u00e1s importante del planeta, sin embargo tenemos un stock ganadero menor que hace 50 a\u00f1os y pasamos de ser un exportador mundial de primer nivel a un insignificante 2 % de las ventas de carnes rojas totales del planeta. En primer lugar, descifrar a la ganader\u00eda forma parte de entender que debemos hacernos todos responsables de esta performance que termin\u00f3 degrad\u00e1ndonos a un papel irrelevante, cada uno lo har\u00e1 desde su nivel p\u00fablico o privado y sabr\u00e1 qu\u00e9 responsabilidades le toca. El fracaso de [&hellip;]\" \/>\n<meta property=\"og:url\" content=\"https:\/\/proagrolab.com.ar\/los-precios-de-la-carne-seran-accesibles-si-hay-mayor-oferta-y-sustentabilidad-en-el-tiempo\/\" \/>\n<meta property=\"og:site_name\" content=\"Proagro\" \/>\n<meta property=\"article:publisher\" content=\"http:\/\/www.facebook.com\/proagrolab\" \/>\n<meta property=\"article:published_time\" content=\"2014-04-28T00:00:01+00:00\" \/>\n<meta property=\"article:modified_time\" content=\"2020-07-01T19:53:11+00:00\" \/>\n<meta property=\"og:image\" content=\"https:\/\/proagrolab.com.ar\/wp-content\/uploads\/2015\/01\/g_kxafszv8f__Bovinos-alfalfa.jpg\" \/>\n\t<meta property=\"og:image:width\" content=\"450\" \/>\n\t<meta property=\"og:image:height\" content=\"208\" \/>\n\t<meta property=\"og:image:type\" content=\"image\/jpeg\" \/>\n<meta name=\"author\" content=\"proagrolab\" \/>\n<meta name=\"twitter:card\" content=\"summary_large_image\" \/>\n<meta name=\"twitter:label1\" content=\"Written by\" \/>\n\t<meta name=\"twitter:data1\" content=\"proagrolab\" \/>\n\t<meta name=\"twitter:label2\" content=\"Est. reading time\" \/>\n\t<meta name=\"twitter:data2\" content=\"4 minutes\" \/>\n<script type=\"application\/ld+json\" class=\"yoast-schema-graph\">{\"@context\":\"https:\\\/\\\/schema.org\",\"@graph\":[{\"@type\":\"Article\",\"@id\":\"https:\\\/\\\/proagrolab.com.ar\\\/los-precios-de-la-carne-seran-accesibles-si-hay-mayor-oferta-y-sustentabilidad-en-el-tiempo\\\/#article\",\"isPartOf\":{\"@id\":\"https:\\\/\\\/proagrolab.com.ar\\\/los-precios-de-la-carne-seran-accesibles-si-hay-mayor-oferta-y-sustentabilidad-en-el-tiempo\\\/\"},\"author\":{\"name\":\"proagrolab\",\"@id\":\"https:\\\/\\\/proagrolab.com.ar\\\/#\\\/schema\\\/person\\\/38003ff90bf80381f71c7d922d207444\"},\"headline\":\"Los precios de la carne ser\u00e1n accesibles si hay mayor oferta y sustentabilidad en el tiempo.\",\"datePublished\":\"2014-04-28T00:00:01+00:00\",\"dateModified\":\"2020-07-01T19:53:11+00:00\",\"mainEntityOfPage\":{\"@id\":\"https:\\\/\\\/proagrolab.com.ar\\\/los-precios-de-la-carne-seran-accesibles-si-hay-mayor-oferta-y-sustentabilidad-en-el-tiempo\\\/\"},\"wordCount\":813,\"publisher\":{\"@id\":\"https:\\\/\\\/proagrolab.com.ar\\\/#organization\"},\"image\":{\"@id\":\"https:\\\/\\\/proagrolab.com.ar\\\/los-precios-de-la-carne-seran-accesibles-si-hay-mayor-oferta-y-sustentabilidad-en-el-tiempo\\\/#primaryimage\"},\"thumbnailUrl\":\"https:\\\/\\\/proagrolab.com.ar\\\/wp-content\\\/uploads\\\/2015\\\/01\\\/g_kxafszv8f__Bovinos-alfalfa.jpg\",\"articleSection\":[\"News\"],\"inLanguage\":\"en-US\"},{\"@type\":\"WebPage\",\"@id\":\"https:\\\/\\\/proagrolab.com.ar\\\/los-precios-de-la-carne-seran-accesibles-si-hay-mayor-oferta-y-sustentabilidad-en-el-tiempo\\\/\",\"url\":\"https:\\\/\\\/proagrolab.com.ar\\\/los-precios-de-la-carne-seran-accesibles-si-hay-mayor-oferta-y-sustentabilidad-en-el-tiempo\\\/\",\"name\":\"Los precios de la carne ser\u00e1n accesibles si hay mayor oferta y sustentabilidad en el tiempo. | Proagro\",\"isPartOf\":{\"@id\":\"https:\\\/\\\/proagrolab.com.ar\\\/#website\"},\"primaryImageOfPage\":{\"@id\":\"https:\\\/\\\/proagrolab.com.ar\\\/los-precios-de-la-carne-seran-accesibles-si-hay-mayor-oferta-y-sustentabilidad-en-el-tiempo\\\/#primaryimage\"},\"image\":{\"@id\":\"https:\\\/\\\/proagrolab.com.ar\\\/los-precios-de-la-carne-seran-accesibles-si-hay-mayor-oferta-y-sustentabilidad-en-el-tiempo\\\/#primaryimage\"},\"thumbnailUrl\":\"https:\\\/\\\/proagrolab.com.ar\\\/wp-content\\\/uploads\\\/2015\\\/01\\\/g_kxafszv8f__Bovinos-alfalfa.jpg\",\"datePublished\":\"2014-04-28T00:00:01+00:00\",\"dateModified\":\"2020-07-01T19:53:11+00:00\",\"breadcrumb\":{\"@id\":\"https:\\\/\\\/proagrolab.com.ar\\\/los-precios-de-la-carne-seran-accesibles-si-hay-mayor-oferta-y-sustentabilidad-en-el-tiempo\\\/#breadcrumb\"},\"inLanguage\":\"en-US\",\"potentialAction\":[{\"@type\":\"ReadAction\",\"target\":[\"https:\\\/\\\/proagrolab.com.ar\\\/los-precios-de-la-carne-seran-accesibles-si-hay-mayor-oferta-y-sustentabilidad-en-el-tiempo\\\/\"]}]},{\"@type\":\"ImageObject\",\"inLanguage\":\"en-US\",\"@id\":\"https:\\\/\\\/proagrolab.com.ar\\\/los-precios-de-la-carne-seran-accesibles-si-hay-mayor-oferta-y-sustentabilidad-en-el-tiempo\\\/#primaryimage\",\"url\":\"https:\\\/\\\/proagrolab.com.ar\\\/wp-content\\\/uploads\\\/2015\\\/01\\\/g_kxafszv8f__Bovinos-alfalfa.jpg\",\"contentUrl\":\"https:\\\/\\\/proagrolab.com.ar\\\/wp-content\\\/uploads\\\/2015\\\/01\\\/g_kxafszv8f__Bovinos-alfalfa.jpg\",\"width\":450,\"height\":208},{\"@type\":\"BreadcrumbList\",\"@id\":\"https:\\\/\\\/proagrolab.com.ar\\\/los-precios-de-la-carne-seran-accesibles-si-hay-mayor-oferta-y-sustentabilidad-en-el-tiempo\\\/#breadcrumb\",\"itemListElement\":[{\"@type\":\"ListItem\",\"position\":1,\"name\":\"Portada\",\"item\":\"https:\\\/\\\/proagrolab.com.ar\\\/\"},{\"@type\":\"ListItem\",\"position\":2,\"name\":\"Los precios de la carne ser\u00e1n accesibles si hay mayor oferta y sustentabilidad en el tiempo.\"}]},{\"@type\":\"WebSite\",\"@id\":\"https:\\\/\\\/proagrolab.com.ar\\\/#website\",\"url\":\"https:\\\/\\\/proagrolab.com.ar\\\/\",\"name\":\"Proagro Laboratorio Veterinario\",\"description\":\"Veterinary laboratory\",\"publisher\":{\"@id\":\"https:\\\/\\\/proagrolab.com.ar\\\/#organization\"},\"potentialAction\":[{\"@type\":\"SearchAction\",\"target\":{\"@type\":\"EntryPoint\",\"urlTemplate\":\"https:\\\/\\\/proagrolab.com.ar\\\/?s={search_term_string}\"},\"query-input\":{\"@type\":\"PropertyValueSpecification\",\"valueRequired\":true,\"valueName\":\"search_term_string\"}}],\"inLanguage\":\"en-US\"},{\"@type\":\"Organization\",\"@id\":\"https:\\\/\\\/proagrolab.com.ar\\\/#organization\",\"name\":\"Proagro\",\"url\":\"https:\\\/\\\/proagrolab.com.ar\\\/\",\"logo\":{\"@type\":\"ImageObject\",\"inLanguage\":\"en-US\",\"@id\":\"https:\\\/\\\/proagrolab.com.ar\\\/#\\\/schema\\\/logo\\\/image\\\/\",\"url\":\"https:\\\/\\\/proagrolab.com.ar\\\/wp-content\\\/uploads\\\/2020\\\/04\\\/logo-retina.png\",\"contentUrl\":\"https:\\\/\\\/proagrolab.com.ar\\\/wp-content\\\/uploads\\\/2020\\\/04\\\/logo-retina.png\",\"width\":478,\"height\":120,\"caption\":\"Proagro\"},\"image\":{\"@id\":\"https:\\\/\\\/proagrolab.com.ar\\\/#\\\/schema\\\/logo\\\/image\\\/\"},\"sameAs\":[\"http:\\\/\\\/www.facebook.com\\\/proagrolab\",\"https:\\\/\\\/www.instagram.com\\\/proagrolab\\\/\",\"https:\\\/\\\/www.linkedin.com\\\/company\\\/laboratorio-proagro-s-a\\\/\"]},{\"@type\":\"Person\",\"@id\":\"https:\\\/\\\/proagrolab.com.ar\\\/#\\\/schema\\\/person\\\/38003ff90bf80381f71c7d922d207444\",\"name\":\"proagrolab\"}]}<\/script>\n<!-- \/ Yoast SEO plugin. -->","yoast_head_json":{"title":"Los precios de la carne ser\u00e1n accesibles si hay mayor oferta y sustentabilidad en el tiempo. | Proagro","robots":{"index":"index","follow":"follow","max-snippet":"max-snippet:-1","max-image-preview":"max-image-preview:large","max-video-preview":"max-video-preview:-1"},"canonical":"https:\/\/proagrolab.com.ar\/en\/los-precios-de-la-carne-seran-accesibles-si-hay-mayor-oferta-y-sustentabilidad-en-el-tiempo\/","og_locale":"en_US","og_type":"article","og_title":"Los precios de la carne ser\u00e1n accesibles si hay mayor oferta y sustentabilidad en el tiempo. | Proagro","og_description":"Por Ra\u00fal Milano, director Ejecutivo de Rosgan. La ganader\u00eda se parece bastante a Argentina, tal vez porque es una de las producciones primarias por excelencia que nos pinta de cuerpo y alma siendo un deseo inconcluso con mucho de frustraci\u00f3n. A principios del siglo pasado qui\u00e9n no pensaba que Argentina junto con Canad\u00e1 y Australia eran las tierras prometidas para las cuales se auguraba un gran porvenir. En lo que respecta exclusivamente a la ganader\u00eda podemos decir que su camino ha desilusionado: ni bien comenz\u00f3 el barco refrigerado fuimos pioneros en el mundo en los embarques mar\u00edtimos, fuimos premiados por la cuota hasta ahora m\u00e1s importante que es la Hilton, tenemos el rodeo de gen\u00e9tica brit\u00e1nica m\u00e1s importante del planeta, sin embargo tenemos un stock ganadero menor que hace 50 a\u00f1os y pasamos de ser un exportador mundial de primer nivel a un insignificante 2 % de las ventas de carnes rojas totales del planeta. En primer lugar, descifrar a la ganader\u00eda forma parte de entender que debemos hacernos todos responsables de esta performance que termin\u00f3 degrad\u00e1ndonos a un papel irrelevante, cada uno lo har\u00e1 desde su nivel p\u00fablico o privado y sabr\u00e1 qu\u00e9 responsabilidades le toca. El fracaso de [&hellip;]","og_url":"https:\/\/proagrolab.com.ar\/los-precios-de-la-carne-seran-accesibles-si-hay-mayor-oferta-y-sustentabilidad-en-el-tiempo\/","og_site_name":"Proagro","article_publisher":"http:\/\/www.facebook.com\/proagrolab","article_published_time":"2014-04-28T00:00:01+00:00","article_modified_time":"2020-07-01T19:53:11+00:00","og_image":[{"width":450,"height":208,"url":"https:\/\/proagrolab.com.ar\/wp-content\/uploads\/2015\/01\/g_kxafszv8f__Bovinos-alfalfa.jpg","type":"image\/jpeg"}],"author":"proagrolab","twitter_card":"summary_large_image","twitter_misc":{"Written by":"proagrolab","Est. reading time":"4 minutes"},"schema":{"@context":"https:\/\/schema.org","@graph":[{"@type":"Article","@id":"https:\/\/proagrolab.com.ar\/los-precios-de-la-carne-seran-accesibles-si-hay-mayor-oferta-y-sustentabilidad-en-el-tiempo\/#article","isPartOf":{"@id":"https:\/\/proagrolab.com.ar\/los-precios-de-la-carne-seran-accesibles-si-hay-mayor-oferta-y-sustentabilidad-en-el-tiempo\/"},"author":{"name":"proagrolab","@id":"https:\/\/proagrolab.com.ar\/#\/schema\/person\/38003ff90bf80381f71c7d922d207444"},"headline":"Los precios de la carne ser\u00e1n accesibles si hay mayor oferta y sustentabilidad en el tiempo.","datePublished":"2014-04-28T00:00:01+00:00","dateModified":"2020-07-01T19:53:11+00:00","mainEntityOfPage":{"@id":"https:\/\/proagrolab.com.ar\/los-precios-de-la-carne-seran-accesibles-si-hay-mayor-oferta-y-sustentabilidad-en-el-tiempo\/"},"wordCount":813,"publisher":{"@id":"https:\/\/proagrolab.com.ar\/#organization"},"image":{"@id":"https:\/\/proagrolab.com.ar\/los-precios-de-la-carne-seran-accesibles-si-hay-mayor-oferta-y-sustentabilidad-en-el-tiempo\/#primaryimage"},"thumbnailUrl":"https:\/\/proagrolab.com.ar\/wp-content\/uploads\/2015\/01\/g_kxafszv8f__Bovinos-alfalfa.jpg","articleSection":["News"],"inLanguage":"en-US"},{"@type":"WebPage","@id":"https:\/\/proagrolab.com.ar\/los-precios-de-la-carne-seran-accesibles-si-hay-mayor-oferta-y-sustentabilidad-en-el-tiempo\/","url":"https:\/\/proagrolab.com.ar\/los-precios-de-la-carne-seran-accesibles-si-hay-mayor-oferta-y-sustentabilidad-en-el-tiempo\/","name":"Los precios de la carne ser\u00e1n accesibles si hay mayor oferta y sustentabilidad en el tiempo. | Proagro","isPartOf":{"@id":"https:\/\/proagrolab.com.ar\/#website"},"primaryImageOfPage":{"@id":"https:\/\/proagrolab.com.ar\/los-precios-de-la-carne-seran-accesibles-si-hay-mayor-oferta-y-sustentabilidad-en-el-tiempo\/#primaryimage"},"image":{"@id":"https:\/\/proagrolab.com.ar\/los-precios-de-la-carne-seran-accesibles-si-hay-mayor-oferta-y-sustentabilidad-en-el-tiempo\/#primaryimage"},"thumbnailUrl":"https:\/\/proagrolab.com.ar\/wp-content\/uploads\/2015\/01\/g_kxafszv8f__Bovinos-alfalfa.jpg","datePublished":"2014-04-28T00:00:01+00:00","dateModified":"2020-07-01T19:53:11+00:00","breadcrumb":{"@id":"https:\/\/proagrolab.com.ar\/los-precios-de-la-carne-seran-accesibles-si-hay-mayor-oferta-y-sustentabilidad-en-el-tiempo\/#breadcrumb"},"inLanguage":"en-US","potentialAction":[{"@type":"ReadAction","target":["https:\/\/proagrolab.com.ar\/los-precios-de-la-carne-seran-accesibles-si-hay-mayor-oferta-y-sustentabilidad-en-el-tiempo\/"]}]},{"@type":"ImageObject","inLanguage":"en-US","@id":"https:\/\/proagrolab.com.ar\/los-precios-de-la-carne-seran-accesibles-si-hay-mayor-oferta-y-sustentabilidad-en-el-tiempo\/#primaryimage","url":"https:\/\/proagrolab.com.ar\/wp-content\/uploads\/2015\/01\/g_kxafszv8f__Bovinos-alfalfa.jpg","contentUrl":"https:\/\/proagrolab.com.ar\/wp-content\/uploads\/2015\/01\/g_kxafszv8f__Bovinos-alfalfa.jpg","width":450,"height":208},{"@type":"BreadcrumbList","@id":"https:\/\/proagrolab.com.ar\/los-precios-de-la-carne-seran-accesibles-si-hay-mayor-oferta-y-sustentabilidad-en-el-tiempo\/#breadcrumb","itemListElement":[{"@type":"ListItem","position":1,"name":"Portada","item":"https:\/\/proagrolab.com.ar\/"},{"@type":"ListItem","position":2,"name":"Los precios de la carne ser\u00e1n accesibles si hay mayor oferta y sustentabilidad en el tiempo."}]},{"@type":"WebSite","@id":"https:\/\/proagrolab.com.ar\/#website","url":"https:\/\/proagrolab.com.ar\/","name":"Proagro Laboratorio Veterinario","description":"Veterinary laboratory","publisher":{"@id":"https:\/\/proagrolab.com.ar\/#organization"},"potentialAction":[{"@type":"SearchAction","target":{"@type":"EntryPoint","urlTemplate":"https:\/\/proagrolab.com.ar\/?s={search_term_string}"},"query-input":{"@type":"PropertyValueSpecification","valueRequired":true,"valueName":"search_term_string"}}],"inLanguage":"en-US"},{"@type":"Organization","@id":"https:\/\/proagrolab.com.ar\/#organization","name":"Proagro","url":"https:\/\/proagrolab.com.ar\/","logo":{"@type":"ImageObject","inLanguage":"en-US","@id":"https:\/\/proagrolab.com.ar\/#\/schema\/logo\/image\/","url":"https:\/\/proagrolab.com.ar\/wp-content\/uploads\/2020\/04\/logo-retina.png","contentUrl":"https:\/\/proagrolab.com.ar\/wp-content\/uploads\/2020\/04\/logo-retina.png","width":478,"height":120,"caption":"Proagro"},"image":{"@id":"https:\/\/proagrolab.com.ar\/#\/schema\/logo\/image\/"},"sameAs":["http:\/\/www.facebook.com\/proagrolab","https:\/\/www.instagram.com\/proagrolab\/","https:\/\/www.linkedin.com\/company\/laboratorio-proagro-s-a\/"]},{"@type":"Person","@id":"https:\/\/proagrolab.com.ar\/#\/schema\/person\/38003ff90bf80381f71c7d922d207444","name":"proagrolab"}]}},"_links":{"self":[{"href":"https:\/\/proagrolab.com.ar\/en\/wp-json\/wp\/v2\/posts\/6090","targetHints":{"allow":["GET"]}}],"collection":[{"href":"https:\/\/proagrolab.com.ar\/en\/wp-json\/wp\/v2\/posts"}],"about":[{"href":"https:\/\/proagrolab.com.ar\/en\/wp-json\/wp\/v2\/types\/post"}],"author":[{"embeddable":true,"href":"https:\/\/proagrolab.com.ar\/en\/wp-json\/wp\/v2\/users\/2"}],"replies":[{"embeddable":true,"href":"https:\/\/proagrolab.com.ar\/en\/wp-json\/wp\/v2\/comments?post=6090"}],"version-history":[{"count":1,"href":"https:\/\/proagrolab.com.ar\/en\/wp-json\/wp\/v2\/posts\/6090\/revisions"}],"predecessor-version":[{"id":14548,"href":"https:\/\/proagrolab.com.ar\/en\/wp-json\/wp\/v2\/posts\/6090\/revisions\/14548"}],"wp:featuredmedia":[{"embeddable":true,"href":"https:\/\/proagrolab.com.ar\/en\/wp-json\/wp\/v2\/media\/2577"}],"wp:attachment":[{"href":"https:\/\/proagrolab.com.ar\/en\/wp-json\/wp\/v2\/media?parent=6090"}],"wp:term":[{"taxonomy":"category","embeddable":true,"href":"https:\/\/proagrolab.com.ar\/en\/wp-json\/wp\/v2\/categories?post=6090"},{"taxonomy":"post_tag","embeddable":true,"href":"https:\/\/proagrolab.com.ar\/en\/wp-json\/wp\/v2\/tags?post=6090"}],"curies":[{"name":"wp","href":"https:\/\/api.w.org\/{rel}","templated":true}]}}