{"id":6087,"date":"2014-04-28T00:00:01","date_gmt":"2014-04-28T00:00:01","guid":{"rendered":"https:\/\/proagrolab.com.ar\/al-final-el-gobierno-opto-por-el-yuyo\/"},"modified":"2020-07-01T19:53:28","modified_gmt":"2020-07-01T19:53:28","slug":"al-final-el-gobierno-opto-por-el-yuyo","status":"publish","type":"post","link":"https:\/\/proagrolab.com.ar\/en\/al-final-el-gobierno-opto-por-el-yuyo\/","title":{"rendered":"Al final, el Gobierno opt\u00f3 por el &#8220;yuyo&#8221;."},"content":{"rendered":"<p class=\"qtranxs-available-languages-message qtranxs-available-languages-message-en\"> <\/p><p>Por Cristian Mira.<\/p>\n<p>La ca\u00edda o estancamiento de la mayor parte de los productos agropecuarios se debe al fracaso del Gobierno por defender la &#8220;mesa de los argentinos&#8221;. Esta consigna, surgida al calor del conflicto por la resoluci\u00f3n 125 en 2008, pretende explicar que las restricciones a las exportaciones y las trabas al comercio tienen como objetivo que los alimentos sean baratos en el mercado interno.<\/p>\n<p>A partir de 2005 se establecieron diferentes prohibiciones, desde directas hasta impositivas, que fueron interpretadas por los productores agropecuarios como un tercer riesgo sumado a los dos habituales que habitualmente enfrentan: el clim\u00e1tico y el de la volatilidad de los mercados de granos. El tercer riesgo es el pol\u00edtico. Hay un ejemplo contundente sobre este factor. En marzo de 2006, N\u00e9stor Kirchner orden\u00f3 que no saliera un solo kilogramo de carne del pa\u00eds porque temi\u00f3 que un aumento de los precios de los cortes en las carnicer\u00edas afectara el \u00edndice del costo de vida. Los ganaderos, que, un a\u00f1o antes, hab\u00edan invertido en pasturas o en aumentar el n\u00famero de sus rodeos porque en 2005 el pa\u00eds hab\u00eda logrado exportar el 25% de la carne que produc\u00eda, vieron que a partir de esa medida y de otras el precio de la hacienda ya ten\u00eda un techo impuesto por el Gobierno.<\/p>\n<p>Por ese riesgo pol\u00edtico que significaba invertir en ganader\u00eda, trigo o leche, que tambi\u00e9n tuvieron intervenciones y restricciones, muchos productores se volcaron a la soja, el producto sobre el que el Gobierno no fij\u00f3 restricciones para su comercio como al resto, aunque s\u00ed una elevada presi\u00f3n impositiva. En noviembre de 2007, N\u00e9stor Kirchner, que tem\u00eda que su esposa, Cristina Kirchner, tuviera problemas fiscales en su primer mandato, aument\u00f3 los derechos de exportaci\u00f3n de la soja de 27,5 a 35% cuando el cultivo ya estaba sembrado. Cuatro meses despu\u00e9s, la Presidenta, a instancias del entonces ministro de Econom\u00eda, Mart\u00edn Lousteau, que quiso frenar a Guillermo Moreno, impuls\u00f3 las retenciones m\u00f3viles, que en rigor capturaban para el Estado cualquier eventual aumento de precio. Los chacareros entendieron que eso destru\u00eda la \u00fanica actividad que parec\u00eda tener un horizonte de rentabilidad y por eso se rebelaron.<\/p>\n<p>Como el 95% de la producci\u00f3n de soja tiene como destino el mercado externo -en forma de harina, aceite, biodi\u00e9sel y poroto-, el Gobierno dej\u00f3 que el comercio de la oleaginosa siguiera su curso porque tambi\u00e9n necesitaba los cuantiosos ingresos fiscales que le proporcionaba.<\/p>\n<p>Aun con el 35% de retenciones, la soja tuvo rentabilidad por los muy buenos precios internacionales, sostenidos por la demanda china. Ahora, la presi\u00f3n impositiva y la inflaci\u00f3n ponen en rojo los n\u00fameros de la soja en algunos campos que est\u00e1n alejados de los puertos o en esquemas de arrendamientos.<\/p>\n<p>Pero no todos los productores que dejaron de invertir en lecher\u00eda o trigo se volcaron a la soja. Muchos, como los peque\u00f1os tamberos, directamente vendieron sus vacas y cerraron sus establecimientos.<\/p>\n<p>Al final, ni las retenciones elevadas ni las restricciones al comercio sirvieron para que la &#8220;mesa de los argentinos&#8221; estuviera cuidada, tal como lo comprueba cualquier consumidor. En vano, los dirigentes rurales procuraron explicarle al Gobierno que sin prohibiciones ni trabas el campo pod\u00eda abastecer al mercado interno y satisfacer la demanda externa. Ahora los productores esperan otras se\u00f1ales.<\/p>\n<p>Fuente: La Naci\u00f3n, 28 de abril.<br \/><\/p>","protected":false},"excerpt":{"rendered":"<p>Por Cristian Mira. La ca\u00edda o estancamiento de la mayor parte de los productos agropecuarios se debe al fracaso del Gobierno por defender la &#8220;mesa de los argentinos&#8221;. Esta consigna, surgida al calor del conflicto por la resoluci\u00f3n 125 en 2008, pretende explicar que las restricciones a las exportaciones y las trabas al comercio tienen como objetivo que los alimentos sean baratos en el mercado interno. A partir de 2005 se establecieron diferentes prohibiciones, desde directas hasta impositivas, que fueron interpretadas por los productores agropecuarios como un tercer riesgo sumado a los dos habituales que habitualmente enfrentan: el clim\u00e1tico y el de la volatilidad de los mercados de granos. El tercer riesgo es el pol\u00edtico. Hay un ejemplo contundente sobre este factor. En marzo de 2006, N\u00e9stor Kirchner orden\u00f3 que no saliera un solo kilogramo de carne del pa\u00eds porque temi\u00f3 que un aumento de los precios de los cortes en las carnicer\u00edas afectara el \u00edndice del costo de vida. Los ganaderos, que, un a\u00f1o antes, hab\u00edan invertido en pasturas o en aumentar el n\u00famero de sus rodeos porque en 2005 el pa\u00eds hab\u00eda logrado exportar el 25% de la carne que produc\u00eda, vieron que a partir de esa medida [&hellip;]<\/p>\n","protected":false},"author":2,"featured_media":2574,"comment_status":"closed","ping_status":"open","sticky":false,"template":"","format":"standard","meta":{"_acf_changed":false,"footnotes":""},"categories":[56],"tags":[],"class_list":["post-6087","post","type-post","status-publish","format-standard","has-post-thumbnail","hentry","category-infoganadero"],"acf":[],"yoast_head":"<!-- This site is optimized with the Yoast SEO plugin v27.4 - https:\/\/yoast.com\/product\/yoast-seo-wordpress\/ -->\n<title>Al final, el Gobierno opt\u00f3 por el &quot;yuyo&quot;. | Proagro<\/title>\n<meta name=\"robots\" content=\"index, follow, max-snippet:-1, max-image-preview:large, max-video-preview:-1\" \/>\n<link rel=\"canonical\" href=\"https:\/\/proagrolab.com.ar\/en\/al-final-el-gobierno-opto-por-el-yuyo\/\" \/>\n<meta property=\"og:locale\" content=\"en_US\" \/>\n<meta property=\"og:type\" content=\"article\" \/>\n<meta property=\"og:title\" content=\"Al final, el Gobierno opt\u00f3 por el &quot;yuyo&quot;. | Proagro\" \/>\n<meta property=\"og:description\" content=\"Por Cristian Mira. La ca\u00edda o estancamiento de la mayor parte de los productos agropecuarios se debe al fracaso del Gobierno por defender la &#8220;mesa de los argentinos&#8221;. Esta consigna, surgida al calor del conflicto por la resoluci\u00f3n 125 en 2008, pretende explicar que las restricciones a las exportaciones y las trabas al comercio tienen como objetivo que los alimentos sean baratos en el mercado interno. A partir de 2005 se establecieron diferentes prohibiciones, desde directas hasta impositivas, que fueron interpretadas por los productores agropecuarios como un tercer riesgo sumado a los dos habituales que habitualmente enfrentan: el clim\u00e1tico y el de la volatilidad de los mercados de granos. El tercer riesgo es el pol\u00edtico. Hay un ejemplo contundente sobre este factor. En marzo de 2006, N\u00e9stor Kirchner orden\u00f3 que no saliera un solo kilogramo de carne del pa\u00eds porque temi\u00f3 que un aumento de los precios de los cortes en las carnicer\u00edas afectara el \u00edndice del costo de vida. Los ganaderos, que, un a\u00f1o antes, hab\u00edan invertido en pasturas o en aumentar el n\u00famero de sus rodeos porque en 2005 el pa\u00eds hab\u00eda logrado exportar el 25% de la carne que produc\u00eda, vieron que a partir de esa medida [&hellip;]\" \/>\n<meta property=\"og:url\" content=\"https:\/\/proagrolab.com.ar\/al-final-el-gobierno-opto-por-el-yuyo\/\" \/>\n<meta property=\"og:site_name\" content=\"Proagro\" \/>\n<meta property=\"article:publisher\" content=\"http:\/\/www.facebook.com\/proagrolab\" \/>\n<meta property=\"article:published_time\" content=\"2014-04-28T00:00:01+00:00\" \/>\n<meta property=\"article:modified_time\" content=\"2020-07-01T19:53:28+00:00\" \/>\n<meta property=\"og:image\" content=\"https:\/\/proagrolab.com.ar\/wp-content\/uploads\/2015\/01\/g_wklg8vlz0__Soja-1.jpg\" \/>\n\t<meta property=\"og:image:width\" content=\"450\" \/>\n\t<meta property=\"og:image:height\" content=\"208\" \/>\n\t<meta property=\"og:image:type\" content=\"image\/jpeg\" \/>\n<meta name=\"author\" content=\"proagrolab\" \/>\n<meta name=\"twitter:card\" content=\"summary_large_image\" \/>\n<meta name=\"twitter:label1\" content=\"Written by\" \/>\n\t<meta name=\"twitter:data1\" content=\"proagrolab\" \/>\n\t<meta name=\"twitter:label2\" content=\"Est. reading time\" \/>\n\t<meta name=\"twitter:data2\" content=\"3 minutes\" \/>\n<script type=\"application\/ld+json\" class=\"yoast-schema-graph\">{\"@context\":\"https:\\\/\\\/schema.org\",\"@graph\":[{\"@type\":\"Article\",\"@id\":\"https:\\\/\\\/proagrolab.com.ar\\\/al-final-el-gobierno-opto-por-el-yuyo\\\/#article\",\"isPartOf\":{\"@id\":\"https:\\\/\\\/proagrolab.com.ar\\\/al-final-el-gobierno-opto-por-el-yuyo\\\/\"},\"author\":{\"name\":\"proagrolab\",\"@id\":\"https:\\\/\\\/proagrolab.com.ar\\\/#\\\/schema\\\/person\\\/38003ff90bf80381f71c7d922d207444\"},\"headline\":\"Al final, el Gobierno opt\u00f3 por el &#8220;yuyo&#8221;.\",\"datePublished\":\"2014-04-28T00:00:01+00:00\",\"dateModified\":\"2020-07-01T19:53:28+00:00\",\"mainEntityOfPage\":{\"@id\":\"https:\\\/\\\/proagrolab.com.ar\\\/al-final-el-gobierno-opto-por-el-yuyo\\\/\"},\"wordCount\":583,\"publisher\":{\"@id\":\"https:\\\/\\\/proagrolab.com.ar\\\/#organization\"},\"image\":{\"@id\":\"https:\\\/\\\/proagrolab.com.ar\\\/al-final-el-gobierno-opto-por-el-yuyo\\\/#primaryimage\"},\"thumbnailUrl\":\"https:\\\/\\\/proagrolab.com.ar\\\/wp-content\\\/uploads\\\/2015\\\/01\\\/g_wklg8vlz0__Soja-1.jpg\",\"articleSection\":[\"News\"],\"inLanguage\":\"en-US\"},{\"@type\":\"WebPage\",\"@id\":\"https:\\\/\\\/proagrolab.com.ar\\\/al-final-el-gobierno-opto-por-el-yuyo\\\/\",\"url\":\"https:\\\/\\\/proagrolab.com.ar\\\/al-final-el-gobierno-opto-por-el-yuyo\\\/\",\"name\":\"Al final, el Gobierno opt\u00f3 por el \\\"yuyo\\\". | Proagro\",\"isPartOf\":{\"@id\":\"https:\\\/\\\/proagrolab.com.ar\\\/#website\"},\"primaryImageOfPage\":{\"@id\":\"https:\\\/\\\/proagrolab.com.ar\\\/al-final-el-gobierno-opto-por-el-yuyo\\\/#primaryimage\"},\"image\":{\"@id\":\"https:\\\/\\\/proagrolab.com.ar\\\/al-final-el-gobierno-opto-por-el-yuyo\\\/#primaryimage\"},\"thumbnailUrl\":\"https:\\\/\\\/proagrolab.com.ar\\\/wp-content\\\/uploads\\\/2015\\\/01\\\/g_wklg8vlz0__Soja-1.jpg\",\"datePublished\":\"2014-04-28T00:00:01+00:00\",\"dateModified\":\"2020-07-01T19:53:28+00:00\",\"breadcrumb\":{\"@id\":\"https:\\\/\\\/proagrolab.com.ar\\\/al-final-el-gobierno-opto-por-el-yuyo\\\/#breadcrumb\"},\"inLanguage\":\"en-US\",\"potentialAction\":[{\"@type\":\"ReadAction\",\"target\":[\"https:\\\/\\\/proagrolab.com.ar\\\/al-final-el-gobierno-opto-por-el-yuyo\\\/\"]}]},{\"@type\":\"ImageObject\",\"inLanguage\":\"en-US\",\"@id\":\"https:\\\/\\\/proagrolab.com.ar\\\/al-final-el-gobierno-opto-por-el-yuyo\\\/#primaryimage\",\"url\":\"https:\\\/\\\/proagrolab.com.ar\\\/wp-content\\\/uploads\\\/2015\\\/01\\\/g_wklg8vlz0__Soja-1.jpg\",\"contentUrl\":\"https:\\\/\\\/proagrolab.com.ar\\\/wp-content\\\/uploads\\\/2015\\\/01\\\/g_wklg8vlz0__Soja-1.jpg\",\"width\":450,\"height\":208},{\"@type\":\"BreadcrumbList\",\"@id\":\"https:\\\/\\\/proagrolab.com.ar\\\/al-final-el-gobierno-opto-por-el-yuyo\\\/#breadcrumb\",\"itemListElement\":[{\"@type\":\"ListItem\",\"position\":1,\"name\":\"Portada\",\"item\":\"https:\\\/\\\/proagrolab.com.ar\\\/\"},{\"@type\":\"ListItem\",\"position\":2,\"name\":\"Al final, el Gobierno opt\u00f3 por el \u00abyuyo\u00bb.\"}]},{\"@type\":\"WebSite\",\"@id\":\"https:\\\/\\\/proagrolab.com.ar\\\/#website\",\"url\":\"https:\\\/\\\/proagrolab.com.ar\\\/\",\"name\":\"Proagro Laboratorio Veterinario\",\"description\":\"Veterinary laboratory\",\"publisher\":{\"@id\":\"https:\\\/\\\/proagrolab.com.ar\\\/#organization\"},\"potentialAction\":[{\"@type\":\"SearchAction\",\"target\":{\"@type\":\"EntryPoint\",\"urlTemplate\":\"https:\\\/\\\/proagrolab.com.ar\\\/?s={search_term_string}\"},\"query-input\":{\"@type\":\"PropertyValueSpecification\",\"valueRequired\":true,\"valueName\":\"search_term_string\"}}],\"inLanguage\":\"en-US\"},{\"@type\":\"Organization\",\"@id\":\"https:\\\/\\\/proagrolab.com.ar\\\/#organization\",\"name\":\"Proagro\",\"url\":\"https:\\\/\\\/proagrolab.com.ar\\\/\",\"logo\":{\"@type\":\"ImageObject\",\"inLanguage\":\"en-US\",\"@id\":\"https:\\\/\\\/proagrolab.com.ar\\\/#\\\/schema\\\/logo\\\/image\\\/\",\"url\":\"https:\\\/\\\/proagrolab.com.ar\\\/wp-content\\\/uploads\\\/2020\\\/04\\\/logo-retina.png\",\"contentUrl\":\"https:\\\/\\\/proagrolab.com.ar\\\/wp-content\\\/uploads\\\/2020\\\/04\\\/logo-retina.png\",\"width\":478,\"height\":120,\"caption\":\"Proagro\"},\"image\":{\"@id\":\"https:\\\/\\\/proagrolab.com.ar\\\/#\\\/schema\\\/logo\\\/image\\\/\"},\"sameAs\":[\"http:\\\/\\\/www.facebook.com\\\/proagrolab\",\"https:\\\/\\\/www.instagram.com\\\/proagrolab\\\/\",\"https:\\\/\\\/www.linkedin.com\\\/company\\\/laboratorio-proagro-s-a\\\/\"]},{\"@type\":\"Person\",\"@id\":\"https:\\\/\\\/proagrolab.com.ar\\\/#\\\/schema\\\/person\\\/38003ff90bf80381f71c7d922d207444\",\"name\":\"proagrolab\"}]}<\/script>\n<!-- \/ Yoast SEO plugin. -->","yoast_head_json":{"title":"Al final, el Gobierno opt\u00f3 por el \"yuyo\". | Proagro","robots":{"index":"index","follow":"follow","max-snippet":"max-snippet:-1","max-image-preview":"max-image-preview:large","max-video-preview":"max-video-preview:-1"},"canonical":"https:\/\/proagrolab.com.ar\/en\/al-final-el-gobierno-opto-por-el-yuyo\/","og_locale":"en_US","og_type":"article","og_title":"Al final, el Gobierno opt\u00f3 por el \"yuyo\". | Proagro","og_description":"Por Cristian Mira. La ca\u00edda o estancamiento de la mayor parte de los productos agropecuarios se debe al fracaso del Gobierno por defender la &#8220;mesa de los argentinos&#8221;. Esta consigna, surgida al calor del conflicto por la resoluci\u00f3n 125 en 2008, pretende explicar que las restricciones a las exportaciones y las trabas al comercio tienen como objetivo que los alimentos sean baratos en el mercado interno. A partir de 2005 se establecieron diferentes prohibiciones, desde directas hasta impositivas, que fueron interpretadas por los productores agropecuarios como un tercer riesgo sumado a los dos habituales que habitualmente enfrentan: el clim\u00e1tico y el de la volatilidad de los mercados de granos. El tercer riesgo es el pol\u00edtico. Hay un ejemplo contundente sobre este factor. En marzo de 2006, N\u00e9stor Kirchner orden\u00f3 que no saliera un solo kilogramo de carne del pa\u00eds porque temi\u00f3 que un aumento de los precios de los cortes en las carnicer\u00edas afectara el \u00edndice del costo de vida. Los ganaderos, que, un a\u00f1o antes, hab\u00edan invertido en pasturas o en aumentar el n\u00famero de sus rodeos porque en 2005 el pa\u00eds hab\u00eda logrado exportar el 25% de la carne que produc\u00eda, vieron que a partir de esa medida [&hellip;]","og_url":"https:\/\/proagrolab.com.ar\/al-final-el-gobierno-opto-por-el-yuyo\/","og_site_name":"Proagro","article_publisher":"http:\/\/www.facebook.com\/proagrolab","article_published_time":"2014-04-28T00:00:01+00:00","article_modified_time":"2020-07-01T19:53:28+00:00","og_image":[{"width":450,"height":208,"url":"https:\/\/proagrolab.com.ar\/wp-content\/uploads\/2015\/01\/g_wklg8vlz0__Soja-1.jpg","type":"image\/jpeg"}],"author":"proagrolab","twitter_card":"summary_large_image","twitter_misc":{"Written by":"proagrolab","Est. reading time":"3 minutes"},"schema":{"@context":"https:\/\/schema.org","@graph":[{"@type":"Article","@id":"https:\/\/proagrolab.com.ar\/al-final-el-gobierno-opto-por-el-yuyo\/#article","isPartOf":{"@id":"https:\/\/proagrolab.com.ar\/al-final-el-gobierno-opto-por-el-yuyo\/"},"author":{"name":"proagrolab","@id":"https:\/\/proagrolab.com.ar\/#\/schema\/person\/38003ff90bf80381f71c7d922d207444"},"headline":"Al final, el Gobierno opt\u00f3 por el &#8220;yuyo&#8221;.","datePublished":"2014-04-28T00:00:01+00:00","dateModified":"2020-07-01T19:53:28+00:00","mainEntityOfPage":{"@id":"https:\/\/proagrolab.com.ar\/al-final-el-gobierno-opto-por-el-yuyo\/"},"wordCount":583,"publisher":{"@id":"https:\/\/proagrolab.com.ar\/#organization"},"image":{"@id":"https:\/\/proagrolab.com.ar\/al-final-el-gobierno-opto-por-el-yuyo\/#primaryimage"},"thumbnailUrl":"https:\/\/proagrolab.com.ar\/wp-content\/uploads\/2015\/01\/g_wklg8vlz0__Soja-1.jpg","articleSection":["News"],"inLanguage":"en-US"},{"@type":"WebPage","@id":"https:\/\/proagrolab.com.ar\/al-final-el-gobierno-opto-por-el-yuyo\/","url":"https:\/\/proagrolab.com.ar\/al-final-el-gobierno-opto-por-el-yuyo\/","name":"Al final, el Gobierno opt\u00f3 por el \"yuyo\". | Proagro","isPartOf":{"@id":"https:\/\/proagrolab.com.ar\/#website"},"primaryImageOfPage":{"@id":"https:\/\/proagrolab.com.ar\/al-final-el-gobierno-opto-por-el-yuyo\/#primaryimage"},"image":{"@id":"https:\/\/proagrolab.com.ar\/al-final-el-gobierno-opto-por-el-yuyo\/#primaryimage"},"thumbnailUrl":"https:\/\/proagrolab.com.ar\/wp-content\/uploads\/2015\/01\/g_wklg8vlz0__Soja-1.jpg","datePublished":"2014-04-28T00:00:01+00:00","dateModified":"2020-07-01T19:53:28+00:00","breadcrumb":{"@id":"https:\/\/proagrolab.com.ar\/al-final-el-gobierno-opto-por-el-yuyo\/#breadcrumb"},"inLanguage":"en-US","potentialAction":[{"@type":"ReadAction","target":["https:\/\/proagrolab.com.ar\/al-final-el-gobierno-opto-por-el-yuyo\/"]}]},{"@type":"ImageObject","inLanguage":"en-US","@id":"https:\/\/proagrolab.com.ar\/al-final-el-gobierno-opto-por-el-yuyo\/#primaryimage","url":"https:\/\/proagrolab.com.ar\/wp-content\/uploads\/2015\/01\/g_wklg8vlz0__Soja-1.jpg","contentUrl":"https:\/\/proagrolab.com.ar\/wp-content\/uploads\/2015\/01\/g_wklg8vlz0__Soja-1.jpg","width":450,"height":208},{"@type":"BreadcrumbList","@id":"https:\/\/proagrolab.com.ar\/al-final-el-gobierno-opto-por-el-yuyo\/#breadcrumb","itemListElement":[{"@type":"ListItem","position":1,"name":"Portada","item":"https:\/\/proagrolab.com.ar\/"},{"@type":"ListItem","position":2,"name":"Al final, el Gobierno opt\u00f3 por el \u00abyuyo\u00bb."}]},{"@type":"WebSite","@id":"https:\/\/proagrolab.com.ar\/#website","url":"https:\/\/proagrolab.com.ar\/","name":"Proagro Laboratorio Veterinario","description":"Veterinary laboratory","publisher":{"@id":"https:\/\/proagrolab.com.ar\/#organization"},"potentialAction":[{"@type":"SearchAction","target":{"@type":"EntryPoint","urlTemplate":"https:\/\/proagrolab.com.ar\/?s={search_term_string}"},"query-input":{"@type":"PropertyValueSpecification","valueRequired":true,"valueName":"search_term_string"}}],"inLanguage":"en-US"},{"@type":"Organization","@id":"https:\/\/proagrolab.com.ar\/#organization","name":"Proagro","url":"https:\/\/proagrolab.com.ar\/","logo":{"@type":"ImageObject","inLanguage":"en-US","@id":"https:\/\/proagrolab.com.ar\/#\/schema\/logo\/image\/","url":"https:\/\/proagrolab.com.ar\/wp-content\/uploads\/2020\/04\/logo-retina.png","contentUrl":"https:\/\/proagrolab.com.ar\/wp-content\/uploads\/2020\/04\/logo-retina.png","width":478,"height":120,"caption":"Proagro"},"image":{"@id":"https:\/\/proagrolab.com.ar\/#\/schema\/logo\/image\/"},"sameAs":["http:\/\/www.facebook.com\/proagrolab","https:\/\/www.instagram.com\/proagrolab\/","https:\/\/www.linkedin.com\/company\/laboratorio-proagro-s-a\/"]},{"@type":"Person","@id":"https:\/\/proagrolab.com.ar\/#\/schema\/person\/38003ff90bf80381f71c7d922d207444","name":"proagrolab"}]}},"_links":{"self":[{"href":"https:\/\/proagrolab.com.ar\/en\/wp-json\/wp\/v2\/posts\/6087","targetHints":{"allow":["GET"]}}],"collection":[{"href":"https:\/\/proagrolab.com.ar\/en\/wp-json\/wp\/v2\/posts"}],"about":[{"href":"https:\/\/proagrolab.com.ar\/en\/wp-json\/wp\/v2\/types\/post"}],"author":[{"embeddable":true,"href":"https:\/\/proagrolab.com.ar\/en\/wp-json\/wp\/v2\/users\/2"}],"replies":[{"embeddable":true,"href":"https:\/\/proagrolab.com.ar\/en\/wp-json\/wp\/v2\/comments?post=6087"}],"version-history":[{"count":1,"href":"https:\/\/proagrolab.com.ar\/en\/wp-json\/wp\/v2\/posts\/6087\/revisions"}],"predecessor-version":[{"id":14551,"href":"https:\/\/proagrolab.com.ar\/en\/wp-json\/wp\/v2\/posts\/6087\/revisions\/14551"}],"wp:featuredmedia":[{"embeddable":true,"href":"https:\/\/proagrolab.com.ar\/en\/wp-json\/wp\/v2\/media\/2574"}],"wp:attachment":[{"href":"https:\/\/proagrolab.com.ar\/en\/wp-json\/wp\/v2\/media?parent=6087"}],"wp:term":[{"taxonomy":"category","embeddable":true,"href":"https:\/\/proagrolab.com.ar\/en\/wp-json\/wp\/v2\/categories?post=6087"},{"taxonomy":"post_tag","embeddable":true,"href":"https:\/\/proagrolab.com.ar\/en\/wp-json\/wp\/v2\/tags?post=6087"}],"curies":[{"name":"wp","href":"https:\/\/api.w.org\/{rel}","templated":true}]}}