{"id":6085,"date":"2014-04-25T00:00:01","date_gmt":"2014-04-25T00:00:01","guid":{"rendered":"https:\/\/proagrolab.com.ar\/en-el-primer-trimestre-de-2014-se-exporto-un-19-mas\/"},"modified":"2020-07-01T19:51:48","modified_gmt":"2020-07-01T19:51:48","slug":"en-el-primer-trimestre-de-2014-se-exporto-un-19-mas","status":"publish","type":"post","link":"https:\/\/proagrolab.com.ar\/en\/en-el-primer-trimestre-de-2014-se-exporto-un-19-mas\/","title":{"rendered":"En el primer trimestre de 2014 se export\u00f3 un 19% m\u00e1s."},"content":{"rendered":"<p class=\"qtranxs-available-languages-message qtranxs-available-languages-message-en\"> <\/p><p>La regulaci\u00f3n de los ROEL no gener\u00f3 una reducci\u00f3n de las exportaciones, todo lo contrario. De enero a marzo se vendieron 14.396 T m\u00e1s que en 2013.<\/p>\n<p>A trav\u00e9s de un comunicado, la subsecretar\u00eda de Lecher\u00eda busc\u00f3 desmentir las versiones sobre una baja en las exportaciones a causa del mayor control en los permisos para exportar l\u00e1cteos. &#8220;Con la finalidad de aportar datos oficiales que lleven certidumbre a la comunidad en general y en particular a los productores primarios de leche, la Subsecretar\u00eda de Lecher\u00eda informa que en el primer trimestre del corriente a\u00f1o, las exportaciones de productos l\u00e1cteos tuvieron un incremento respecto de igual per\u00edodo del a\u00f1o 2013 del 19,07 %&#8221;, afirma. <\/p>\n<p>Especifica que mientras de enero a marzo de 2013 se colocaron en el exterior 75.480 toneladas, en el mismo per\u00edodo de 2014 se vendieron 89.876 toneladas. Tambi\u00e9n se registr\u00f3 un aumento de los ingresos alcanzando los 408.033 millones de d\u00f3lares versus los 263.443 d\u00f3lares alcanzados en el primer trimestre de 2013.<\/p>\n<p> Hay que tener en cuenta que el aumento en los ingresos corresponde a que a comienzo de 2014 la leche en polvo se cotizaba por arriba de los 5.000 d\u00f3lares la tonelada mientras que en enero, febrero y marzo de 2013 estaba valorizada en 4.200 d\u00f3lares la tonelada. Hoy est\u00e1 apenas por debajo de los 4.000 d\u00f3lares la tonelada, tendencia que se espera se mantenga todo el a\u00f1o. Esto, sumado a la baja en la producci\u00f3n a causa de las lluvias, impactar\u00e1 en la performance exportadora por lo que se estima una baja de las ventas al exterior para abril y mayo.<\/p>\n<p><i>Se exporta normalmente<\/i><br \/>La Secretar\u00eda de Comercio decidi\u00f3 regular los cupos de exportaci\u00f3n de cada empresa luego de conocer que varias l\u00e1cteas hab\u00edan solicitado permisos para exportar en un mes vol\u00famenes similares a los alcanzados durante todo el 2013. La medida oficial establec\u00eda que cada empresa iba a poder exportar lo mismo niveles que export\u00f3 en el mismo per\u00edodo de 2013, esto gener\u00f3 preocupaci\u00f3n en algunas ya que el a\u00f1o pasado hab\u00edan vendido al exterior muy poco volumen de l\u00e1cteos. <\/p>\n<p>Tras conocerse la noticia, en el sector trascendi\u00f3 que desde febrero no se estaba pudiendo exportar e incluso en marzo se observaba demoras en algunos pedidos. Sin embargo, junto al comunicado, la Subsecretar\u00eda de Lecher\u00eda detall\u00f3 el listado de las 15 principales exportadoras l\u00e1cteas donde se puede ver que todas aumentaron su ventas, a excepci\u00f3n de Arla que tuvo una m\u00ednima baja de cuatro toneladas. <\/p>\n<p>De acuerdo a los datos que presenta, las empresas vendieron m\u00e1s que en el primer trimestre de 2013. La primer empresa en la lista es Molfino que tras exportar 11.969 toneladas en el primer trimestre de 2013; vendi\u00f3 16.836 en los tres primeros meses del a\u00f1o; le sigue Sancor, que pas\u00f3 de 10.997 T a 11.234T; Nestl\u00e9, que aument\u00f3 sus ventas de 3.930 T a 5.466 T; Williner, pas\u00f3 de exportar 4.251 T a 5.874 T; y Mastellone 4.575 T a 6.892 T y sigue la lista.<\/p>\n<p>Fuente: Infortambo, 25 de abril.<br \/><\/p>","protected":false},"excerpt":{"rendered":"<p>La regulaci\u00f3n de los ROEL no gener\u00f3 una reducci\u00f3n de las exportaciones, todo lo contrario. De enero a marzo se vendieron 14.396 T m\u00e1s que en 2013. A trav\u00e9s de un comunicado, la subsecretar\u00eda de Lecher\u00eda busc\u00f3 desmentir las versiones sobre una baja en las exportaciones a causa del mayor control en los permisos para exportar l\u00e1cteos. &#8220;Con la finalidad de aportar datos oficiales que lleven certidumbre a la comunidad en general y en particular a los productores primarios de leche, la Subsecretar\u00eda de Lecher\u00eda informa que en el primer trimestre del corriente a\u00f1o, las exportaciones de productos l\u00e1cteos tuvieron un incremento respecto de igual per\u00edodo del a\u00f1o 2013 del 19,07 %&#8221;, afirma. Especifica que mientras de enero a marzo de 2013 se colocaron en el exterior 75.480 toneladas, en el mismo per\u00edodo de 2014 se vendieron 89.876 toneladas. Tambi\u00e9n se registr\u00f3 un aumento de los ingresos alcanzando los 408.033 millones de d\u00f3lares versus los 263.443 d\u00f3lares alcanzados en el primer trimestre de 2013. Hay que tener en cuenta que el aumento en los ingresos corresponde a que a comienzo de 2014 la leche en polvo se cotizaba por arriba de los 5.000 d\u00f3lares la tonelada mientras que en enero, [&hellip;]<\/p>\n","protected":false},"author":2,"featured_media":2572,"comment_status":"closed","ping_status":"open","sticky":false,"template":"","format":"standard","meta":{"_acf_changed":false,"footnotes":""},"categories":[56],"tags":[],"class_list":["post-6085","post","type-post","status-publish","format-standard","has-post-thumbnail","hentry","category-infoganadero"],"acf":[],"yoast_head":"<!-- This site is optimized with the Yoast SEO plugin v27.4 - https:\/\/yoast.com\/product\/yoast-seo-wordpress\/ -->\n<title>En el primer trimestre de 2014 se export\u00f3 un 19% m\u00e1s. | Proagro<\/title>\n<meta name=\"robots\" content=\"index, follow, max-snippet:-1, max-image-preview:large, max-video-preview:-1\" \/>\n<link rel=\"canonical\" href=\"https:\/\/proagrolab.com.ar\/en\/en-el-primer-trimestre-de-2014-se-exporto-un-19-mas\/\" \/>\n<meta property=\"og:locale\" content=\"en_US\" \/>\n<meta property=\"og:type\" content=\"article\" \/>\n<meta property=\"og:title\" content=\"En el primer trimestre de 2014 se export\u00f3 un 19% m\u00e1s. | Proagro\" \/>\n<meta property=\"og:description\" content=\"La regulaci\u00f3n de los ROEL no gener\u00f3 una reducci\u00f3n de las exportaciones, todo lo contrario. De enero a marzo se vendieron 14.396 T m\u00e1s que en 2013. A trav\u00e9s de un comunicado, la subsecretar\u00eda de Lecher\u00eda busc\u00f3 desmentir las versiones sobre una baja en las exportaciones a causa del mayor control en los permisos para exportar l\u00e1cteos. &#8220;Con la finalidad de aportar datos oficiales que lleven certidumbre a la comunidad en general y en particular a los productores primarios de leche, la Subsecretar\u00eda de Lecher\u00eda informa que en el primer trimestre del corriente a\u00f1o, las exportaciones de productos l\u00e1cteos tuvieron un incremento respecto de igual per\u00edodo del a\u00f1o 2013 del 19,07 %&#8221;, afirma. Especifica que mientras de enero a marzo de 2013 se colocaron en el exterior 75.480 toneladas, en el mismo per\u00edodo de 2014 se vendieron 89.876 toneladas. Tambi\u00e9n se registr\u00f3 un aumento de los ingresos alcanzando los 408.033 millones de d\u00f3lares versus los 263.443 d\u00f3lares alcanzados en el primer trimestre de 2013. Hay que tener en cuenta que el aumento en los ingresos corresponde a que a comienzo de 2014 la leche en polvo se cotizaba por arriba de los 5.000 d\u00f3lares la tonelada mientras que en enero, [&hellip;]\" \/>\n<meta property=\"og:url\" content=\"https:\/\/proagrolab.com.ar\/en-el-primer-trimestre-de-2014-se-exporto-un-19-mas\/\" \/>\n<meta property=\"og:site_name\" content=\"Proagro\" \/>\n<meta property=\"article:publisher\" content=\"http:\/\/www.facebook.com\/proagrolab\" \/>\n<meta property=\"article:published_time\" content=\"2014-04-25T00:00:01+00:00\" \/>\n<meta property=\"article:modified_time\" content=\"2020-07-01T19:51:48+00:00\" \/>\n<meta property=\"og:image\" content=\"https:\/\/proagrolab.com.ar\/wp-content\/uploads\/2015\/01\/g_a2h680nzj__Industria-Lechera.jpg\" \/>\n\t<meta property=\"og:image:width\" content=\"450\" \/>\n\t<meta property=\"og:image:height\" content=\"208\" \/>\n\t<meta property=\"og:image:type\" content=\"image\/jpeg\" \/>\n<meta name=\"author\" content=\"proagrolab\" \/>\n<meta name=\"twitter:card\" content=\"summary_large_image\" \/>\n<meta name=\"twitter:label1\" content=\"Written by\" \/>\n\t<meta name=\"twitter:data1\" content=\"proagrolab\" \/>\n\t<meta name=\"twitter:label2\" content=\"Est. reading time\" \/>\n\t<meta name=\"twitter:data2\" content=\"3 minutes\" \/>\n<script type=\"application\/ld+json\" class=\"yoast-schema-graph\">{\"@context\":\"https:\\\/\\\/schema.org\",\"@graph\":[{\"@type\":\"Article\",\"@id\":\"https:\\\/\\\/proagrolab.com.ar\\\/en-el-primer-trimestre-de-2014-se-exporto-un-19-mas\\\/#article\",\"isPartOf\":{\"@id\":\"https:\\\/\\\/proagrolab.com.ar\\\/en-el-primer-trimestre-de-2014-se-exporto-un-19-mas\\\/\"},\"author\":{\"name\":\"proagrolab\",\"@id\":\"https:\\\/\\\/proagrolab.com.ar\\\/#\\\/schema\\\/person\\\/38003ff90bf80381f71c7d922d207444\"},\"headline\":\"En el primer trimestre de 2014 se export\u00f3 un 19% m\u00e1s.\",\"datePublished\":\"2014-04-25T00:00:01+00:00\",\"dateModified\":\"2020-07-01T19:51:48+00:00\",\"mainEntityOfPage\":{\"@id\":\"https:\\\/\\\/proagrolab.com.ar\\\/en-el-primer-trimestre-de-2014-se-exporto-un-19-mas\\\/\"},\"wordCount\":521,\"publisher\":{\"@id\":\"https:\\\/\\\/proagrolab.com.ar\\\/#organization\"},\"image\":{\"@id\":\"https:\\\/\\\/proagrolab.com.ar\\\/en-el-primer-trimestre-de-2014-se-exporto-un-19-mas\\\/#primaryimage\"},\"thumbnailUrl\":\"https:\\\/\\\/proagrolab.com.ar\\\/wp-content\\\/uploads\\\/2015\\\/01\\\/g_a2h680nzj__Industria-Lechera.jpg\",\"articleSection\":[\"News\"],\"inLanguage\":\"en-US\"},{\"@type\":\"WebPage\",\"@id\":\"https:\\\/\\\/proagrolab.com.ar\\\/en-el-primer-trimestre-de-2014-se-exporto-un-19-mas\\\/\",\"url\":\"https:\\\/\\\/proagrolab.com.ar\\\/en-el-primer-trimestre-de-2014-se-exporto-un-19-mas\\\/\",\"name\":\"En el primer trimestre de 2014 se export\u00f3 un 19% m\u00e1s. | Proagro\",\"isPartOf\":{\"@id\":\"https:\\\/\\\/proagrolab.com.ar\\\/#website\"},\"primaryImageOfPage\":{\"@id\":\"https:\\\/\\\/proagrolab.com.ar\\\/en-el-primer-trimestre-de-2014-se-exporto-un-19-mas\\\/#primaryimage\"},\"image\":{\"@id\":\"https:\\\/\\\/proagrolab.com.ar\\\/en-el-primer-trimestre-de-2014-se-exporto-un-19-mas\\\/#primaryimage\"},\"thumbnailUrl\":\"https:\\\/\\\/proagrolab.com.ar\\\/wp-content\\\/uploads\\\/2015\\\/01\\\/g_a2h680nzj__Industria-Lechera.jpg\",\"datePublished\":\"2014-04-25T00:00:01+00:00\",\"dateModified\":\"2020-07-01T19:51:48+00:00\",\"breadcrumb\":{\"@id\":\"https:\\\/\\\/proagrolab.com.ar\\\/en-el-primer-trimestre-de-2014-se-exporto-un-19-mas\\\/#breadcrumb\"},\"inLanguage\":\"en-US\",\"potentialAction\":[{\"@type\":\"ReadAction\",\"target\":[\"https:\\\/\\\/proagrolab.com.ar\\\/en-el-primer-trimestre-de-2014-se-exporto-un-19-mas\\\/\"]}]},{\"@type\":\"ImageObject\",\"inLanguage\":\"en-US\",\"@id\":\"https:\\\/\\\/proagrolab.com.ar\\\/en-el-primer-trimestre-de-2014-se-exporto-un-19-mas\\\/#primaryimage\",\"url\":\"https:\\\/\\\/proagrolab.com.ar\\\/wp-content\\\/uploads\\\/2015\\\/01\\\/g_a2h680nzj__Industria-Lechera.jpg\",\"contentUrl\":\"https:\\\/\\\/proagrolab.com.ar\\\/wp-content\\\/uploads\\\/2015\\\/01\\\/g_a2h680nzj__Industria-Lechera.jpg\",\"width\":450,\"height\":208},{\"@type\":\"BreadcrumbList\",\"@id\":\"https:\\\/\\\/proagrolab.com.ar\\\/en-el-primer-trimestre-de-2014-se-exporto-un-19-mas\\\/#breadcrumb\",\"itemListElement\":[{\"@type\":\"ListItem\",\"position\":1,\"name\":\"Portada\",\"item\":\"https:\\\/\\\/proagrolab.com.ar\\\/\"},{\"@type\":\"ListItem\",\"position\":2,\"name\":\"En el primer trimestre de 2014 se export\u00f3 un 19% m\u00e1s.\"}]},{\"@type\":\"WebSite\",\"@id\":\"https:\\\/\\\/proagrolab.com.ar\\\/#website\",\"url\":\"https:\\\/\\\/proagrolab.com.ar\\\/\",\"name\":\"Proagro Laboratorio Veterinario\",\"description\":\"Veterinary laboratory\",\"publisher\":{\"@id\":\"https:\\\/\\\/proagrolab.com.ar\\\/#organization\"},\"potentialAction\":[{\"@type\":\"SearchAction\",\"target\":{\"@type\":\"EntryPoint\",\"urlTemplate\":\"https:\\\/\\\/proagrolab.com.ar\\\/?s={search_term_string}\"},\"query-input\":{\"@type\":\"PropertyValueSpecification\",\"valueRequired\":true,\"valueName\":\"search_term_string\"}}],\"inLanguage\":\"en-US\"},{\"@type\":\"Organization\",\"@id\":\"https:\\\/\\\/proagrolab.com.ar\\\/#organization\",\"name\":\"Proagro\",\"url\":\"https:\\\/\\\/proagrolab.com.ar\\\/\",\"logo\":{\"@type\":\"ImageObject\",\"inLanguage\":\"en-US\",\"@id\":\"https:\\\/\\\/proagrolab.com.ar\\\/#\\\/schema\\\/logo\\\/image\\\/\",\"url\":\"https:\\\/\\\/proagrolab.com.ar\\\/wp-content\\\/uploads\\\/2020\\\/04\\\/logo-retina.png\",\"contentUrl\":\"https:\\\/\\\/proagrolab.com.ar\\\/wp-content\\\/uploads\\\/2020\\\/04\\\/logo-retina.png\",\"width\":478,\"height\":120,\"caption\":\"Proagro\"},\"image\":{\"@id\":\"https:\\\/\\\/proagrolab.com.ar\\\/#\\\/schema\\\/logo\\\/image\\\/\"},\"sameAs\":[\"http:\\\/\\\/www.facebook.com\\\/proagrolab\",\"https:\\\/\\\/www.instagram.com\\\/proagrolab\\\/\",\"https:\\\/\\\/www.linkedin.com\\\/company\\\/laboratorio-proagro-s-a\\\/\"]},{\"@type\":\"Person\",\"@id\":\"https:\\\/\\\/proagrolab.com.ar\\\/#\\\/schema\\\/person\\\/38003ff90bf80381f71c7d922d207444\",\"name\":\"proagrolab\"}]}<\/script>\n<!-- \/ Yoast SEO plugin. -->","yoast_head_json":{"title":"En el primer trimestre de 2014 se export\u00f3 un 19% m\u00e1s. | Proagro","robots":{"index":"index","follow":"follow","max-snippet":"max-snippet:-1","max-image-preview":"max-image-preview:large","max-video-preview":"max-video-preview:-1"},"canonical":"https:\/\/proagrolab.com.ar\/en\/en-el-primer-trimestre-de-2014-se-exporto-un-19-mas\/","og_locale":"en_US","og_type":"article","og_title":"En el primer trimestre de 2014 se export\u00f3 un 19% m\u00e1s. | Proagro","og_description":"La regulaci\u00f3n de los ROEL no gener\u00f3 una reducci\u00f3n de las exportaciones, todo lo contrario. De enero a marzo se vendieron 14.396 T m\u00e1s que en 2013. A trav\u00e9s de un comunicado, la subsecretar\u00eda de Lecher\u00eda busc\u00f3 desmentir las versiones sobre una baja en las exportaciones a causa del mayor control en los permisos para exportar l\u00e1cteos. &#8220;Con la finalidad de aportar datos oficiales que lleven certidumbre a la comunidad en general y en particular a los productores primarios de leche, la Subsecretar\u00eda de Lecher\u00eda informa que en el primer trimestre del corriente a\u00f1o, las exportaciones de productos l\u00e1cteos tuvieron un incremento respecto de igual per\u00edodo del a\u00f1o 2013 del 19,07 %&#8221;, afirma. Especifica que mientras de enero a marzo de 2013 se colocaron en el exterior 75.480 toneladas, en el mismo per\u00edodo de 2014 se vendieron 89.876 toneladas. Tambi\u00e9n se registr\u00f3 un aumento de los ingresos alcanzando los 408.033 millones de d\u00f3lares versus los 263.443 d\u00f3lares alcanzados en el primer trimestre de 2013. Hay que tener en cuenta que el aumento en los ingresos corresponde a que a comienzo de 2014 la leche en polvo se cotizaba por arriba de los 5.000 d\u00f3lares la tonelada mientras que en enero, [&hellip;]","og_url":"https:\/\/proagrolab.com.ar\/en-el-primer-trimestre-de-2014-se-exporto-un-19-mas\/","og_site_name":"Proagro","article_publisher":"http:\/\/www.facebook.com\/proagrolab","article_published_time":"2014-04-25T00:00:01+00:00","article_modified_time":"2020-07-01T19:51:48+00:00","og_image":[{"width":450,"height":208,"url":"https:\/\/proagrolab.com.ar\/wp-content\/uploads\/2015\/01\/g_a2h680nzj__Industria-Lechera.jpg","type":"image\/jpeg"}],"author":"proagrolab","twitter_card":"summary_large_image","twitter_misc":{"Written by":"proagrolab","Est. reading time":"3 minutes"},"schema":{"@context":"https:\/\/schema.org","@graph":[{"@type":"Article","@id":"https:\/\/proagrolab.com.ar\/en-el-primer-trimestre-de-2014-se-exporto-un-19-mas\/#article","isPartOf":{"@id":"https:\/\/proagrolab.com.ar\/en-el-primer-trimestre-de-2014-se-exporto-un-19-mas\/"},"author":{"name":"proagrolab","@id":"https:\/\/proagrolab.com.ar\/#\/schema\/person\/38003ff90bf80381f71c7d922d207444"},"headline":"En el primer trimestre de 2014 se export\u00f3 un 19% m\u00e1s.","datePublished":"2014-04-25T00:00:01+00:00","dateModified":"2020-07-01T19:51:48+00:00","mainEntityOfPage":{"@id":"https:\/\/proagrolab.com.ar\/en-el-primer-trimestre-de-2014-se-exporto-un-19-mas\/"},"wordCount":521,"publisher":{"@id":"https:\/\/proagrolab.com.ar\/#organization"},"image":{"@id":"https:\/\/proagrolab.com.ar\/en-el-primer-trimestre-de-2014-se-exporto-un-19-mas\/#primaryimage"},"thumbnailUrl":"https:\/\/proagrolab.com.ar\/wp-content\/uploads\/2015\/01\/g_a2h680nzj__Industria-Lechera.jpg","articleSection":["News"],"inLanguage":"en-US"},{"@type":"WebPage","@id":"https:\/\/proagrolab.com.ar\/en-el-primer-trimestre-de-2014-se-exporto-un-19-mas\/","url":"https:\/\/proagrolab.com.ar\/en-el-primer-trimestre-de-2014-se-exporto-un-19-mas\/","name":"En el primer trimestre de 2014 se export\u00f3 un 19% m\u00e1s. | Proagro","isPartOf":{"@id":"https:\/\/proagrolab.com.ar\/#website"},"primaryImageOfPage":{"@id":"https:\/\/proagrolab.com.ar\/en-el-primer-trimestre-de-2014-se-exporto-un-19-mas\/#primaryimage"},"image":{"@id":"https:\/\/proagrolab.com.ar\/en-el-primer-trimestre-de-2014-se-exporto-un-19-mas\/#primaryimage"},"thumbnailUrl":"https:\/\/proagrolab.com.ar\/wp-content\/uploads\/2015\/01\/g_a2h680nzj__Industria-Lechera.jpg","datePublished":"2014-04-25T00:00:01+00:00","dateModified":"2020-07-01T19:51:48+00:00","breadcrumb":{"@id":"https:\/\/proagrolab.com.ar\/en-el-primer-trimestre-de-2014-se-exporto-un-19-mas\/#breadcrumb"},"inLanguage":"en-US","potentialAction":[{"@type":"ReadAction","target":["https:\/\/proagrolab.com.ar\/en-el-primer-trimestre-de-2014-se-exporto-un-19-mas\/"]}]},{"@type":"ImageObject","inLanguage":"en-US","@id":"https:\/\/proagrolab.com.ar\/en-el-primer-trimestre-de-2014-se-exporto-un-19-mas\/#primaryimage","url":"https:\/\/proagrolab.com.ar\/wp-content\/uploads\/2015\/01\/g_a2h680nzj__Industria-Lechera.jpg","contentUrl":"https:\/\/proagrolab.com.ar\/wp-content\/uploads\/2015\/01\/g_a2h680nzj__Industria-Lechera.jpg","width":450,"height":208},{"@type":"BreadcrumbList","@id":"https:\/\/proagrolab.com.ar\/en-el-primer-trimestre-de-2014-se-exporto-un-19-mas\/#breadcrumb","itemListElement":[{"@type":"ListItem","position":1,"name":"Portada","item":"https:\/\/proagrolab.com.ar\/"},{"@type":"ListItem","position":2,"name":"En el primer trimestre de 2014 se export\u00f3 un 19% m\u00e1s."}]},{"@type":"WebSite","@id":"https:\/\/proagrolab.com.ar\/#website","url":"https:\/\/proagrolab.com.ar\/","name":"Proagro Laboratorio Veterinario","description":"Veterinary laboratory","publisher":{"@id":"https:\/\/proagrolab.com.ar\/#organization"},"potentialAction":[{"@type":"SearchAction","target":{"@type":"EntryPoint","urlTemplate":"https:\/\/proagrolab.com.ar\/?s={search_term_string}"},"query-input":{"@type":"PropertyValueSpecification","valueRequired":true,"valueName":"search_term_string"}}],"inLanguage":"en-US"},{"@type":"Organization","@id":"https:\/\/proagrolab.com.ar\/#organization","name":"Proagro","url":"https:\/\/proagrolab.com.ar\/","logo":{"@type":"ImageObject","inLanguage":"en-US","@id":"https:\/\/proagrolab.com.ar\/#\/schema\/logo\/image\/","url":"https:\/\/proagrolab.com.ar\/wp-content\/uploads\/2020\/04\/logo-retina.png","contentUrl":"https:\/\/proagrolab.com.ar\/wp-content\/uploads\/2020\/04\/logo-retina.png","width":478,"height":120,"caption":"Proagro"},"image":{"@id":"https:\/\/proagrolab.com.ar\/#\/schema\/logo\/image\/"},"sameAs":["http:\/\/www.facebook.com\/proagrolab","https:\/\/www.instagram.com\/proagrolab\/","https:\/\/www.linkedin.com\/company\/laboratorio-proagro-s-a\/"]},{"@type":"Person","@id":"https:\/\/proagrolab.com.ar\/#\/schema\/person\/38003ff90bf80381f71c7d922d207444","name":"proagrolab"}]}},"_links":{"self":[{"href":"https:\/\/proagrolab.com.ar\/en\/wp-json\/wp\/v2\/posts\/6085","targetHints":{"allow":["GET"]}}],"collection":[{"href":"https:\/\/proagrolab.com.ar\/en\/wp-json\/wp\/v2\/posts"}],"about":[{"href":"https:\/\/proagrolab.com.ar\/en\/wp-json\/wp\/v2\/types\/post"}],"author":[{"embeddable":true,"href":"https:\/\/proagrolab.com.ar\/en\/wp-json\/wp\/v2\/users\/2"}],"replies":[{"embeddable":true,"href":"https:\/\/proagrolab.com.ar\/en\/wp-json\/wp\/v2\/comments?post=6085"}],"version-history":[{"count":1,"href":"https:\/\/proagrolab.com.ar\/en\/wp-json\/wp\/v2\/posts\/6085\/revisions"}],"predecessor-version":[{"id":14540,"href":"https:\/\/proagrolab.com.ar\/en\/wp-json\/wp\/v2\/posts\/6085\/revisions\/14540"}],"wp:featuredmedia":[{"embeddable":true,"href":"https:\/\/proagrolab.com.ar\/en\/wp-json\/wp\/v2\/media\/2572"}],"wp:attachment":[{"href":"https:\/\/proagrolab.com.ar\/en\/wp-json\/wp\/v2\/media?parent=6085"}],"wp:term":[{"taxonomy":"category","embeddable":true,"href":"https:\/\/proagrolab.com.ar\/en\/wp-json\/wp\/v2\/categories?post=6085"},{"taxonomy":"post_tag","embeddable":true,"href":"https:\/\/proagrolab.com.ar\/en\/wp-json\/wp\/v2\/tags?post=6085"}],"curies":[{"name":"wp","href":"https:\/\/api.w.org\/{rel}","templated":true}]}}