{"id":6081,"date":"2014-04-25T00:00:01","date_gmt":"2014-04-25T00:00:01","guid":{"rendered":"https:\/\/proagrolab.com.ar\/los-frigorificos-cada-vez-menos-%c2%93exportadores%c2%94\/"},"modified":"2020-07-01T19:52:51","modified_gmt":"2020-07-01T19:52:51","slug":"los-frigorificos-cada-vez-menos-%c2%93exportadores%c2%94","status":"publish","type":"post","link":"https:\/\/proagrolab.com.ar\/en\/los-frigorificos-cada-vez-menos-%c2%93exportadores%c2%94\/","title":{"rendered":"Los frigor\u00edficos, cada vez menos \u0093exportadores\u0094."},"content":{"rendered":"<p class=\"qtranxs-available-languages-message qtranxs-available-languages-message-en\"> <\/p><p>Por Ignacio Iriarte.<\/p>\n<p>Si se toma la faena por planta frigor\u00edfica correspondiente al a\u00f1o 2013, se observa que de las 20 plantas frigor\u00edficas con mayor faena, 11 son plantas \u0093exportadoras\u0094. Las cinco f\u00e1bricas m\u00e1s grandes del pa\u00eds son todas \u0093exportadoras\u0094.<\/p>\n<p>De las 20 plantas con mayor faena, solo dos son de capitales extranjeros (brasile\u00f1os), debi\u00e9ndose tener en cuenta que en los \u00faltimos cinco a\u00f1os el capital extranjero en la industria frigor\u00edfica exportadora vendi\u00f3, transfiri\u00f3 o cerr\u00f3 10 plantas, todas de gran tama\u00f1o. Puede calcularse que este a\u00f1o las plantas, propiedad de capitales extranjeros faenar\u00e1n unas 600 mil cabezas que, sobre una faena nacional de unas 12,8 millones, significa solo 5,8 por ciento del total.<\/p>\n<p>Si dentro de esas 20 plantas con m\u00e1s faena se toma la matanza de las 11 dedicadas (en el pasado) preferentemente a la exportaci\u00f3n, se observar\u00e1 que faenaron el a\u00f1o pasado unas 2,2 millones de cabezas, que con un peso medio de 240 kilos (promedio ponderado de vacas y novillos) dar\u00eda un volumen de carne del orden de las 519 mil toneladas.<\/p>\n<p>Si se considera que la exportaci\u00f3n fue en 2013 del orden de las 200 mil toneladas, y se estima en otras 100 mil toneladas la faena de frigor\u00edficos \u0093exportadores\u0094 que no entran en este ranking de las 20 plantas m\u00e1s grandes, se llegar\u00e1 a la conclusi\u00f3n que el sector \u0093exportador\u0094 faena unas 619 mil toneladas anuales, de las cuales 200 mil se exportan y 400 mil toneladas (68 por ciento) se vuelcan al consumo interno.<\/p>\n<p>Es decir, todas las plantas del pa\u00eds, dada la ca\u00edda dram\u00e1tica en el volumen exportado, son en la pr\u00e1ctica consumeras. Cuanto menos hacienda faenan y menos exportan estas plantas \u0093exportadoras\u0094, menos carne subsidiada (por las mismas empresas) se destina al consumo interno. Ante la \u00faltima suba del precio de la hacienda, el Gobierno recort\u00f3 la \u0093concesi\u00f3n\u0094 de permisos de exportaci\u00f3n, lo que trajo una baja en la faena.<\/p>\n<p><i>Indicadores<\/i><br \/>Asimilados ya por la demanda dom\u00e9stica, los efectos de la devaluaci\u00f3n y del golpe inflacionario que vino despu\u00e9s, el consumo conjunto de carnes sigue muy alto: 62 kilos de carne vacuna, 38-39 kilos de pollo y 11-12 kilos de cerdo suponen un total de unos 112 kilos, un kilo por debajo del m\u00e1ximo hist\u00f3rico logrado a mediados del a\u00f1o pasado. Si las exportaciones de carne vacuna siguen bajas, y para el segundo semestre se prev\u00e9 de acuerdo a la estacionalidad una suba en la faena del orden del nueve por ciento, es muy posible que para la primavera el consumo conjunto de carnes se ubique cerca de sus m\u00e1ximos hist\u00f3ricos.<\/p>\n<p>En los \u00faltimos 60 d\u00edas el valor de los principales insumos ganaderos creci\u00f3 entre dos y cinco por ciento; aunque en forma ponderada un \u00edndice de insumos arrojar\u00eda una ca\u00edda marginal, producto del retroceso del ma\u00edz y del hecho que todav\u00eda no se han registrado aumentos en los jornales rurales, cosa que suceder\u00e1 sin duda en el corto plazo. En forma ponderada, los principales insumos ganaderos (salarios, sanidad, pasturas, verdeos, ma\u00edz, alambre, gasoil y otros) crecieron 21 por ciento desde 1\u00ba de noviembre pasado y 40 por ciento con respecto al 1\u00ba de enero de 2013. <\/p>\n<p>Fuente: La Voz del Interior, 25 de abril.<br \/><\/p>","protected":false},"excerpt":{"rendered":"<p>Por Ignacio Iriarte. Si se toma la faena por planta frigor\u00edfica correspondiente al a\u00f1o 2013, se observa que de las 20 plantas frigor\u00edficas con mayor faena, 11 son plantas \u0093exportadoras\u0094. Las cinco f\u00e1bricas m\u00e1s grandes del pa\u00eds son todas \u0093exportadoras\u0094. De las 20 plantas con mayor faena, solo dos son de capitales extranjeros (brasile\u00f1os), debi\u00e9ndose tener en cuenta que en los \u00faltimos cinco a\u00f1os el capital extranjero en la industria frigor\u00edfica exportadora vendi\u00f3, transfiri\u00f3 o cerr\u00f3 10 plantas, todas de gran tama\u00f1o. Puede calcularse que este a\u00f1o las plantas, propiedad de capitales extranjeros faenar\u00e1n unas 600 mil cabezas que, sobre una faena nacional de unas 12,8 millones, significa solo 5,8 por ciento del total. Si dentro de esas 20 plantas con m\u00e1s faena se toma la matanza de las 11 dedicadas (en el pasado) preferentemente a la exportaci\u00f3n, se observar\u00e1 que faenaron el a\u00f1o pasado unas 2,2 millones de cabezas, que con un peso medio de 240 kilos (promedio ponderado de vacas y novillos) dar\u00eda un volumen de carne del orden de las 519 mil toneladas. Si se considera que la exportaci\u00f3n fue en 2013 del orden de las 200 mil toneladas, y se estima en otras 100 mil toneladas [&hellip;]<\/p>\n","protected":false},"author":2,"featured_media":2568,"comment_status":"closed","ping_status":"open","sticky":false,"template":"","format":"standard","meta":{"_acf_changed":false,"footnotes":""},"categories":[56],"tags":[],"class_list":["post-6081","post","type-post","status-publish","format-standard","has-post-thumbnail","hentry","category-infoganadero"],"acf":[],"yoast_head":"<!-- This site is optimized with the Yoast SEO plugin v27.4 - https:\/\/yoast.com\/product\/yoast-seo-wordpress\/ -->\n<title>Los frigor\u00edficos, cada vez menos \u0093exportadores\u0094. | Proagro<\/title>\n<meta name=\"robots\" content=\"index, follow, max-snippet:-1, max-image-preview:large, max-video-preview:-1\" \/>\n<link rel=\"canonical\" href=\"https:\/\/proagrolab.com.ar\/en\/los-frigorificos-cada-vez-menos-\u0093exportadores\u0094\/\" \/>\n<meta property=\"og:locale\" content=\"en_US\" \/>\n<meta property=\"og:type\" content=\"article\" \/>\n<meta property=\"og:title\" content=\"Los frigor\u00edficos, cada vez menos \u0093exportadores\u0094. | Proagro\" \/>\n<meta property=\"og:description\" content=\"Por Ignacio Iriarte. Si se toma la faena por planta frigor\u00edfica correspondiente al a\u00f1o 2013, se observa que de las 20 plantas frigor\u00edficas con mayor faena, 11 son plantas \u0093exportadoras\u0094. Las cinco f\u00e1bricas m\u00e1s grandes del pa\u00eds son todas \u0093exportadoras\u0094. De las 20 plantas con mayor faena, solo dos son de capitales extranjeros (brasile\u00f1os), debi\u00e9ndose tener en cuenta que en los \u00faltimos cinco a\u00f1os el capital extranjero en la industria frigor\u00edfica exportadora vendi\u00f3, transfiri\u00f3 o cerr\u00f3 10 plantas, todas de gran tama\u00f1o. Puede calcularse que este a\u00f1o las plantas, propiedad de capitales extranjeros faenar\u00e1n unas 600 mil cabezas que, sobre una faena nacional de unas 12,8 millones, significa solo 5,8 por ciento del total. Si dentro de esas 20 plantas con m\u00e1s faena se toma la matanza de las 11 dedicadas (en el pasado) preferentemente a la exportaci\u00f3n, se observar\u00e1 que faenaron el a\u00f1o pasado unas 2,2 millones de cabezas, que con un peso medio de 240 kilos (promedio ponderado de vacas y novillos) dar\u00eda un volumen de carne del orden de las 519 mil toneladas. Si se considera que la exportaci\u00f3n fue en 2013 del orden de las 200 mil toneladas, y se estima en otras 100 mil toneladas [&hellip;]\" \/>\n<meta property=\"og:url\" content=\"https:\/\/proagrolab.com.ar\/los-frigorificos-cada-vez-menos-\u0093exportadores\u0094\/\" \/>\n<meta property=\"og:site_name\" content=\"Proagro\" \/>\n<meta property=\"article:publisher\" content=\"http:\/\/www.facebook.com\/proagrolab\" \/>\n<meta property=\"article:published_time\" content=\"2014-04-25T00:00:01+00:00\" \/>\n<meta property=\"article:modified_time\" content=\"2020-07-01T19:52:51+00:00\" \/>\n<meta property=\"og:image\" content=\"https:\/\/proagrolab.com.ar\/wp-content\/uploads\/2015\/01\/g_gkd0ju0db__Frigorifico-5.jpg\" \/>\n\t<meta property=\"og:image:width\" content=\"450\" \/>\n\t<meta property=\"og:image:height\" content=\"208\" \/>\n\t<meta property=\"og:image:type\" content=\"image\/jpeg\" \/>\n<meta name=\"author\" content=\"proagrolab\" \/>\n<meta name=\"twitter:card\" content=\"summary_large_image\" \/>\n<meta name=\"twitter:label1\" content=\"Written by\" \/>\n\t<meta name=\"twitter:data1\" content=\"proagrolab\" \/>\n\t<meta name=\"twitter:label2\" content=\"Est. reading time\" \/>\n\t<meta name=\"twitter:data2\" content=\"3 minutes\" \/>\n<script type=\"application\/ld+json\" class=\"yoast-schema-graph\">{\"@context\":\"https:\\\/\\\/schema.org\",\"@graph\":[{\"@type\":\"Article\",\"@id\":\"https:\\\/\\\/proagrolab.com.ar\\\/los-frigorificos-cada-vez-menos-%c2%93exportadores%c2%94\\\/#article\",\"isPartOf\":{\"@id\":\"https:\\\/\\\/proagrolab.com.ar\\\/los-frigorificos-cada-vez-menos-%c2%93exportadores%c2%94\\\/\"},\"author\":{\"name\":\"proagrolab\",\"@id\":\"https:\\\/\\\/proagrolab.com.ar\\\/#\\\/schema\\\/person\\\/38003ff90bf80381f71c7d922d207444\"},\"headline\":\"Los frigor\u00edficos, cada vez menos \u0093exportadores\u0094.\",\"datePublished\":\"2014-04-25T00:00:01+00:00\",\"dateModified\":\"2020-07-01T19:52:51+00:00\",\"mainEntityOfPage\":{\"@id\":\"https:\\\/\\\/proagrolab.com.ar\\\/los-frigorificos-cada-vez-menos-%c2%93exportadores%c2%94\\\/\"},\"wordCount\":552,\"publisher\":{\"@id\":\"https:\\\/\\\/proagrolab.com.ar\\\/#organization\"},\"image\":{\"@id\":\"https:\\\/\\\/proagrolab.com.ar\\\/los-frigorificos-cada-vez-menos-%c2%93exportadores%c2%94\\\/#primaryimage\"},\"thumbnailUrl\":\"https:\\\/\\\/proagrolab.com.ar\\\/wp-content\\\/uploads\\\/2015\\\/01\\\/g_gkd0ju0db__Frigorifico-5.jpg\",\"articleSection\":[\"News\"],\"inLanguage\":\"en-US\"},{\"@type\":\"WebPage\",\"@id\":\"https:\\\/\\\/proagrolab.com.ar\\\/los-frigorificos-cada-vez-menos-%c2%93exportadores%c2%94\\\/\",\"url\":\"https:\\\/\\\/proagrolab.com.ar\\\/los-frigorificos-cada-vez-menos-%c2%93exportadores%c2%94\\\/\",\"name\":\"Los frigor\u00edficos, cada vez menos \u0093exportadores\u0094. | Proagro\",\"isPartOf\":{\"@id\":\"https:\\\/\\\/proagrolab.com.ar\\\/#website\"},\"primaryImageOfPage\":{\"@id\":\"https:\\\/\\\/proagrolab.com.ar\\\/los-frigorificos-cada-vez-menos-%c2%93exportadores%c2%94\\\/#primaryimage\"},\"image\":{\"@id\":\"https:\\\/\\\/proagrolab.com.ar\\\/los-frigorificos-cada-vez-menos-%c2%93exportadores%c2%94\\\/#primaryimage\"},\"thumbnailUrl\":\"https:\\\/\\\/proagrolab.com.ar\\\/wp-content\\\/uploads\\\/2015\\\/01\\\/g_gkd0ju0db__Frigorifico-5.jpg\",\"datePublished\":\"2014-04-25T00:00:01+00:00\",\"dateModified\":\"2020-07-01T19:52:51+00:00\",\"breadcrumb\":{\"@id\":\"https:\\\/\\\/proagrolab.com.ar\\\/los-frigorificos-cada-vez-menos-%c2%93exportadores%c2%94\\\/#breadcrumb\"},\"inLanguage\":\"en-US\",\"potentialAction\":[{\"@type\":\"ReadAction\",\"target\":[\"https:\\\/\\\/proagrolab.com.ar\\\/los-frigorificos-cada-vez-menos-%c2%93exportadores%c2%94\\\/\"]}]},{\"@type\":\"ImageObject\",\"inLanguage\":\"en-US\",\"@id\":\"https:\\\/\\\/proagrolab.com.ar\\\/los-frigorificos-cada-vez-menos-%c2%93exportadores%c2%94\\\/#primaryimage\",\"url\":\"https:\\\/\\\/proagrolab.com.ar\\\/wp-content\\\/uploads\\\/2015\\\/01\\\/g_gkd0ju0db__Frigorifico-5.jpg\",\"contentUrl\":\"https:\\\/\\\/proagrolab.com.ar\\\/wp-content\\\/uploads\\\/2015\\\/01\\\/g_gkd0ju0db__Frigorifico-5.jpg\",\"width\":450,\"height\":208},{\"@type\":\"BreadcrumbList\",\"@id\":\"https:\\\/\\\/proagrolab.com.ar\\\/los-frigorificos-cada-vez-menos-%c2%93exportadores%c2%94\\\/#breadcrumb\",\"itemListElement\":[{\"@type\":\"ListItem\",\"position\":1,\"name\":\"Portada\",\"item\":\"https:\\\/\\\/proagrolab.com.ar\\\/\"},{\"@type\":\"ListItem\",\"position\":2,\"name\":\"Los frigor\u00edficos, cada vez menos \u0093exportadores\u0094.\"}]},{\"@type\":\"WebSite\",\"@id\":\"https:\\\/\\\/proagrolab.com.ar\\\/#website\",\"url\":\"https:\\\/\\\/proagrolab.com.ar\\\/\",\"name\":\"Proagro Laboratorio Veterinario\",\"description\":\"Veterinary laboratory\",\"publisher\":{\"@id\":\"https:\\\/\\\/proagrolab.com.ar\\\/#organization\"},\"potentialAction\":[{\"@type\":\"SearchAction\",\"target\":{\"@type\":\"EntryPoint\",\"urlTemplate\":\"https:\\\/\\\/proagrolab.com.ar\\\/?s={search_term_string}\"},\"query-input\":{\"@type\":\"PropertyValueSpecification\",\"valueRequired\":true,\"valueName\":\"search_term_string\"}}],\"inLanguage\":\"en-US\"},{\"@type\":\"Organization\",\"@id\":\"https:\\\/\\\/proagrolab.com.ar\\\/#organization\",\"name\":\"Proagro\",\"url\":\"https:\\\/\\\/proagrolab.com.ar\\\/\",\"logo\":{\"@type\":\"ImageObject\",\"inLanguage\":\"en-US\",\"@id\":\"https:\\\/\\\/proagrolab.com.ar\\\/#\\\/schema\\\/logo\\\/image\\\/\",\"url\":\"https:\\\/\\\/proagrolab.com.ar\\\/wp-content\\\/uploads\\\/2020\\\/04\\\/logo-retina.png\",\"contentUrl\":\"https:\\\/\\\/proagrolab.com.ar\\\/wp-content\\\/uploads\\\/2020\\\/04\\\/logo-retina.png\",\"width\":478,\"height\":120,\"caption\":\"Proagro\"},\"image\":{\"@id\":\"https:\\\/\\\/proagrolab.com.ar\\\/#\\\/schema\\\/logo\\\/image\\\/\"},\"sameAs\":[\"http:\\\/\\\/www.facebook.com\\\/proagrolab\",\"https:\\\/\\\/www.instagram.com\\\/proagrolab\\\/\",\"https:\\\/\\\/www.linkedin.com\\\/company\\\/laboratorio-proagro-s-a\\\/\"]},{\"@type\":\"Person\",\"@id\":\"https:\\\/\\\/proagrolab.com.ar\\\/#\\\/schema\\\/person\\\/38003ff90bf80381f71c7d922d207444\",\"name\":\"proagrolab\"}]}<\/script>\n<!-- \/ Yoast SEO plugin. -->","yoast_head_json":{"title":"Los frigor\u00edficos, cada vez menos \u0093exportadores\u0094. | Proagro","robots":{"index":"index","follow":"follow","max-snippet":"max-snippet:-1","max-image-preview":"max-image-preview:large","max-video-preview":"max-video-preview:-1"},"canonical":"https:\/\/proagrolab.com.ar\/en\/los-frigorificos-cada-vez-menos-\u0093exportadores\u0094\/","og_locale":"en_US","og_type":"article","og_title":"Los frigor\u00edficos, cada vez menos \u0093exportadores\u0094. | Proagro","og_description":"Por Ignacio Iriarte. Si se toma la faena por planta frigor\u00edfica correspondiente al a\u00f1o 2013, se observa que de las 20 plantas frigor\u00edficas con mayor faena, 11 son plantas \u0093exportadoras\u0094. Las cinco f\u00e1bricas m\u00e1s grandes del pa\u00eds son todas \u0093exportadoras\u0094. De las 20 plantas con mayor faena, solo dos son de capitales extranjeros (brasile\u00f1os), debi\u00e9ndose tener en cuenta que en los \u00faltimos cinco a\u00f1os el capital extranjero en la industria frigor\u00edfica exportadora vendi\u00f3, transfiri\u00f3 o cerr\u00f3 10 plantas, todas de gran tama\u00f1o. Puede calcularse que este a\u00f1o las plantas, propiedad de capitales extranjeros faenar\u00e1n unas 600 mil cabezas que, sobre una faena nacional de unas 12,8 millones, significa solo 5,8 por ciento del total. Si dentro de esas 20 plantas con m\u00e1s faena se toma la matanza de las 11 dedicadas (en el pasado) preferentemente a la exportaci\u00f3n, se observar\u00e1 que faenaron el a\u00f1o pasado unas 2,2 millones de cabezas, que con un peso medio de 240 kilos (promedio ponderado de vacas y novillos) dar\u00eda un volumen de carne del orden de las 519 mil toneladas. Si se considera que la exportaci\u00f3n fue en 2013 del orden de las 200 mil toneladas, y se estima en otras 100 mil toneladas [&hellip;]","og_url":"https:\/\/proagrolab.com.ar\/los-frigorificos-cada-vez-menos-\u0093exportadores\u0094\/","og_site_name":"Proagro","article_publisher":"http:\/\/www.facebook.com\/proagrolab","article_published_time":"2014-04-25T00:00:01+00:00","article_modified_time":"2020-07-01T19:52:51+00:00","og_image":[{"width":450,"height":208,"url":"https:\/\/proagrolab.com.ar\/wp-content\/uploads\/2015\/01\/g_gkd0ju0db__Frigorifico-5.jpg","type":"image\/jpeg"}],"author":"proagrolab","twitter_card":"summary_large_image","twitter_misc":{"Written by":"proagrolab","Est. reading time":"3 minutes"},"schema":{"@context":"https:\/\/schema.org","@graph":[{"@type":"Article","@id":"https:\/\/proagrolab.com.ar\/los-frigorificos-cada-vez-menos-%c2%93exportadores%c2%94\/#article","isPartOf":{"@id":"https:\/\/proagrolab.com.ar\/los-frigorificos-cada-vez-menos-%c2%93exportadores%c2%94\/"},"author":{"name":"proagrolab","@id":"https:\/\/proagrolab.com.ar\/#\/schema\/person\/38003ff90bf80381f71c7d922d207444"},"headline":"Los frigor\u00edficos, cada vez menos \u0093exportadores\u0094.","datePublished":"2014-04-25T00:00:01+00:00","dateModified":"2020-07-01T19:52:51+00:00","mainEntityOfPage":{"@id":"https:\/\/proagrolab.com.ar\/los-frigorificos-cada-vez-menos-%c2%93exportadores%c2%94\/"},"wordCount":552,"publisher":{"@id":"https:\/\/proagrolab.com.ar\/#organization"},"image":{"@id":"https:\/\/proagrolab.com.ar\/los-frigorificos-cada-vez-menos-%c2%93exportadores%c2%94\/#primaryimage"},"thumbnailUrl":"https:\/\/proagrolab.com.ar\/wp-content\/uploads\/2015\/01\/g_gkd0ju0db__Frigorifico-5.jpg","articleSection":["News"],"inLanguage":"en-US"},{"@type":"WebPage","@id":"https:\/\/proagrolab.com.ar\/los-frigorificos-cada-vez-menos-%c2%93exportadores%c2%94\/","url":"https:\/\/proagrolab.com.ar\/los-frigorificos-cada-vez-menos-%c2%93exportadores%c2%94\/","name":"Los frigor\u00edficos, cada vez menos \u0093exportadores\u0094. | Proagro","isPartOf":{"@id":"https:\/\/proagrolab.com.ar\/#website"},"primaryImageOfPage":{"@id":"https:\/\/proagrolab.com.ar\/los-frigorificos-cada-vez-menos-%c2%93exportadores%c2%94\/#primaryimage"},"image":{"@id":"https:\/\/proagrolab.com.ar\/los-frigorificos-cada-vez-menos-%c2%93exportadores%c2%94\/#primaryimage"},"thumbnailUrl":"https:\/\/proagrolab.com.ar\/wp-content\/uploads\/2015\/01\/g_gkd0ju0db__Frigorifico-5.jpg","datePublished":"2014-04-25T00:00:01+00:00","dateModified":"2020-07-01T19:52:51+00:00","breadcrumb":{"@id":"https:\/\/proagrolab.com.ar\/los-frigorificos-cada-vez-menos-%c2%93exportadores%c2%94\/#breadcrumb"},"inLanguage":"en-US","potentialAction":[{"@type":"ReadAction","target":["https:\/\/proagrolab.com.ar\/los-frigorificos-cada-vez-menos-%c2%93exportadores%c2%94\/"]}]},{"@type":"ImageObject","inLanguage":"en-US","@id":"https:\/\/proagrolab.com.ar\/los-frigorificos-cada-vez-menos-%c2%93exportadores%c2%94\/#primaryimage","url":"https:\/\/proagrolab.com.ar\/wp-content\/uploads\/2015\/01\/g_gkd0ju0db__Frigorifico-5.jpg","contentUrl":"https:\/\/proagrolab.com.ar\/wp-content\/uploads\/2015\/01\/g_gkd0ju0db__Frigorifico-5.jpg","width":450,"height":208},{"@type":"BreadcrumbList","@id":"https:\/\/proagrolab.com.ar\/los-frigorificos-cada-vez-menos-%c2%93exportadores%c2%94\/#breadcrumb","itemListElement":[{"@type":"ListItem","position":1,"name":"Portada","item":"https:\/\/proagrolab.com.ar\/"},{"@type":"ListItem","position":2,"name":"Los frigor\u00edficos, cada vez menos \u0093exportadores\u0094."}]},{"@type":"WebSite","@id":"https:\/\/proagrolab.com.ar\/#website","url":"https:\/\/proagrolab.com.ar\/","name":"Proagro Laboratorio Veterinario","description":"Veterinary laboratory","publisher":{"@id":"https:\/\/proagrolab.com.ar\/#organization"},"potentialAction":[{"@type":"SearchAction","target":{"@type":"EntryPoint","urlTemplate":"https:\/\/proagrolab.com.ar\/?s={search_term_string}"},"query-input":{"@type":"PropertyValueSpecification","valueRequired":true,"valueName":"search_term_string"}}],"inLanguage":"en-US"},{"@type":"Organization","@id":"https:\/\/proagrolab.com.ar\/#organization","name":"Proagro","url":"https:\/\/proagrolab.com.ar\/","logo":{"@type":"ImageObject","inLanguage":"en-US","@id":"https:\/\/proagrolab.com.ar\/#\/schema\/logo\/image\/","url":"https:\/\/proagrolab.com.ar\/wp-content\/uploads\/2020\/04\/logo-retina.png","contentUrl":"https:\/\/proagrolab.com.ar\/wp-content\/uploads\/2020\/04\/logo-retina.png","width":478,"height":120,"caption":"Proagro"},"image":{"@id":"https:\/\/proagrolab.com.ar\/#\/schema\/logo\/image\/"},"sameAs":["http:\/\/www.facebook.com\/proagrolab","https:\/\/www.instagram.com\/proagrolab\/","https:\/\/www.linkedin.com\/company\/laboratorio-proagro-s-a\/"]},{"@type":"Person","@id":"https:\/\/proagrolab.com.ar\/#\/schema\/person\/38003ff90bf80381f71c7d922d207444","name":"proagrolab"}]}},"_links":{"self":[{"href":"https:\/\/proagrolab.com.ar\/en\/wp-json\/wp\/v2\/posts\/6081","targetHints":{"allow":["GET"]}}],"collection":[{"href":"https:\/\/proagrolab.com.ar\/en\/wp-json\/wp\/v2\/posts"}],"about":[{"href":"https:\/\/proagrolab.com.ar\/en\/wp-json\/wp\/v2\/types\/post"}],"author":[{"embeddable":true,"href":"https:\/\/proagrolab.com.ar\/en\/wp-json\/wp\/v2\/users\/2"}],"replies":[{"embeddable":true,"href":"https:\/\/proagrolab.com.ar\/en\/wp-json\/wp\/v2\/comments?post=6081"}],"version-history":[{"count":1,"href":"https:\/\/proagrolab.com.ar\/en\/wp-json\/wp\/v2\/posts\/6081\/revisions"}],"predecessor-version":[{"id":14544,"href":"https:\/\/proagrolab.com.ar\/en\/wp-json\/wp\/v2\/posts\/6081\/revisions\/14544"}],"wp:featuredmedia":[{"embeddable":true,"href":"https:\/\/proagrolab.com.ar\/en\/wp-json\/wp\/v2\/media\/2568"}],"wp:attachment":[{"href":"https:\/\/proagrolab.com.ar\/en\/wp-json\/wp\/v2\/media?parent=6081"}],"wp:term":[{"taxonomy":"category","embeddable":true,"href":"https:\/\/proagrolab.com.ar\/en\/wp-json\/wp\/v2\/categories?post=6081"},{"taxonomy":"post_tag","embeddable":true,"href":"https:\/\/proagrolab.com.ar\/en\/wp-json\/wp\/v2\/tags?post=6081"}],"curies":[{"name":"wp","href":"https:\/\/api.w.org\/{rel}","templated":true}]}}