{"id":6077,"date":"2014-04-23T00:00:01","date_gmt":"2014-04-23T00:00:01","guid":{"rendered":"https:\/\/proagrolab.com.ar\/la-faena-argentina-sigue-en-fase-de-equilibrio\/"},"modified":"2020-07-01T19:51:26","modified_gmt":"2020-07-01T19:51:26","slug":"la-faena-argentina-sigue-en-fase-de-equilibrio","status":"publish","type":"post","link":"https:\/\/proagrolab.com.ar\/en\/la-faena-argentina-sigue-en-fase-de-equilibrio\/","title":{"rendered":"La faena argentina sigue en fase de equilibrio."},"content":{"rendered":"<p class=\"qtranxs-available-languages-message qtranxs-available-languages-message-en\"> <\/p><p>Durante el primer trimestre del a\u00f1o, se mantuvieron los registros de igual per\u00edodo de 2013. En marzo, se proces\u00f3 un 3% m\u00e1s que en febrero aunque los machos crecieron mucho m\u00e1s que las hembras. De sostenerse esta situaci\u00f3n, se alejar\u00eda la posibilidad de entrar en liquidaci\u00f3n.<\/p>\n<p>En marzo se faenaron 1.023.000 cabezas de bovinos, 7% m\u00e1s que en febrero pasado y 3% m\u00e1s que en marzo de 2013.<\/p>\n<p>En el aumento con respecto al mes anterior, los machos contribuyeron con +9% mientras que las hembras lo hicieron con +4%. Este menor crecimiento de las hembras permiti\u00f3 bajar su participaci\u00f3n en el total, del 46,4% de febrero al 45,3% de marzo.<\/p>\n<p>En la comparaci\u00f3n interanual, las hembras aumentaron el 11% mientras que los machos cayeron 2%, por lo que la participaci\u00f3n de aqu\u00e9llas aument\u00f3 en relaci\u00f3n a marzo de 2013 en 3,3 puntos porcentuales.<\/p>\n<p><i>En perspectiva<\/i><br \/>En el primer trimestre, la faena ascendi\u00f3 a 3,06 millones de cabezas, igualando los registros del mismo per\u00edodo del a\u00f1o pasado. Sin embargo, la participaci\u00f3n de las hembras en la faena trimestral fue del 46%, 4 puntos m\u00e1s que hace un a\u00f1o.<\/p>\n<p>La faena de los \u00faltimos 12 meses, de 12,9 millones de cabezas, super\u00f3 en 9% al de un a\u00f1o atr\u00e1s (11,9 millones). El aumento interanual en la participaci\u00f3n de hembras fue, en este caso de 3 puntos, al pasar de 41 a 44%.<\/p>\n<p>Por su parte, es importante destacar que el crecimiento de la faena se sigue desacelerando. Mientras el incremento interanual para los \u00faltimos 12 meses fue, como se dijo, del 9%, la comparaci\u00f3n interanual para el trimestre marc\u00f3 igualdad. El per\u00edodo terminado en marzo 2014, es el cuarto consecutivo en que la variaci\u00f3n trimestral es menor que la anual, lo que muestra la mencionada desaceleraci\u00f3n.<\/p>\n<p>Esto sucede tras los 34 per\u00edodos -entre febrero 2011 y noviembre 2013- en que la faena se fue acelerando, seg\u00fan esta medici\u00f3n. De sostenerse esta situaci\u00f3n, ser\u00eda un indicador de que el ciclo ganadero se va alejando de la posibilidad de entrar en una fase de liquidaci\u00f3n.<\/p>\n<p>De todos modos, las variables no presentan una situaci\u00f3n clara. Por un lado hay signos de aumento del riesgo de liquidaci\u00f3n (porcentaje de hembras en la faena total) y por otro de lo contrario (desaceleraci\u00f3n de la faena). Se necesitar\u00eda mejor informaci\u00f3n sobre la composici\u00f3n de la faena por categor\u00eda, algo con lo que hoy no se cuenta, para avanzar en el an\u00e1lisis.<\/p>\n<p>Por lo tanto, desde Valor Carne, insistimos en caracterizar la coyuntura actual como de equilibrio inestable.<\/p>\n<p>El seguimiento cercano de estas evoluciones nos ir\u00e1 descubriendo el rumbo actual del ciclo ganadero, susceptible de giros bruscos en un contexto de variables macroecon\u00f3micas vol\u00e1tiles, como tasa de inflaci\u00f3n y tipo de cambio, entre otros.<\/p>\n<p>Fuente: Valor Carne, 22 de abril.<br \/><\/p>","protected":false},"excerpt":{"rendered":"<p>Durante el primer trimestre del a\u00f1o, se mantuvieron los registros de igual per\u00edodo de 2013. En marzo, se proces\u00f3 un 3% m\u00e1s que en febrero aunque los machos crecieron mucho m\u00e1s que las hembras. De sostenerse esta situaci\u00f3n, se alejar\u00eda la posibilidad de entrar en liquidaci\u00f3n. En marzo se faenaron 1.023.000 cabezas de bovinos, 7% m\u00e1s que en febrero pasado y 3% m\u00e1s que en marzo de 2013. En el aumento con respecto al mes anterior, los machos contribuyeron con +9% mientras que las hembras lo hicieron con +4%. Este menor crecimiento de las hembras permiti\u00f3 bajar su participaci\u00f3n en el total, del 46,4% de febrero al 45,3% de marzo. En la comparaci\u00f3n interanual, las hembras aumentaron el 11% mientras que los machos cayeron 2%, por lo que la participaci\u00f3n de aqu\u00e9llas aument\u00f3 en relaci\u00f3n a marzo de 2013 en 3,3 puntos porcentuales. En perspectivaEn el primer trimestre, la faena ascendi\u00f3 a 3,06 millones de cabezas, igualando los registros del mismo per\u00edodo del a\u00f1o pasado. Sin embargo, la participaci\u00f3n de las hembras en la faena trimestral fue del 46%, 4 puntos m\u00e1s que hace un a\u00f1o. La faena de los \u00faltimos 12 meses, de 12,9 millones de cabezas, super\u00f3 en [&hellip;]<\/p>\n","protected":false},"author":2,"featured_media":2564,"comment_status":"closed","ping_status":"open","sticky":false,"template":"","format":"standard","meta":{"_acf_changed":false,"footnotes":""},"categories":[56],"tags":[],"class_list":["post-6077","post","type-post","status-publish","format-standard","has-post-thumbnail","hentry","category-infoganadero"],"acf":[],"yoast_head":"<!-- This site is optimized with the Yoast SEO plugin v27.4 - https:\/\/yoast.com\/product\/yoast-seo-wordpress\/ -->\n<title>La faena argentina sigue en fase de equilibrio. | Proagro<\/title>\n<meta name=\"robots\" content=\"index, follow, max-snippet:-1, max-image-preview:large, max-video-preview:-1\" \/>\n<link rel=\"canonical\" href=\"https:\/\/proagrolab.com.ar\/en\/la-faena-argentina-sigue-en-fase-de-equilibrio\/\" \/>\n<meta property=\"og:locale\" content=\"en_US\" \/>\n<meta property=\"og:type\" content=\"article\" \/>\n<meta property=\"og:title\" content=\"La faena argentina sigue en fase de equilibrio. | Proagro\" \/>\n<meta property=\"og:description\" content=\"Durante el primer trimestre del a\u00f1o, se mantuvieron los registros de igual per\u00edodo de 2013. En marzo, se proces\u00f3 un 3% m\u00e1s que en febrero aunque los machos crecieron mucho m\u00e1s que las hembras. De sostenerse esta situaci\u00f3n, se alejar\u00eda la posibilidad de entrar en liquidaci\u00f3n. En marzo se faenaron 1.023.000 cabezas de bovinos, 7% m\u00e1s que en febrero pasado y 3% m\u00e1s que en marzo de 2013. En el aumento con respecto al mes anterior, los machos contribuyeron con +9% mientras que las hembras lo hicieron con +4%. Este menor crecimiento de las hembras permiti\u00f3 bajar su participaci\u00f3n en el total, del 46,4% de febrero al 45,3% de marzo. En la comparaci\u00f3n interanual, las hembras aumentaron el 11% mientras que los machos cayeron 2%, por lo que la participaci\u00f3n de aqu\u00e9llas aument\u00f3 en relaci\u00f3n a marzo de 2013 en 3,3 puntos porcentuales. En perspectivaEn el primer trimestre, la faena ascendi\u00f3 a 3,06 millones de cabezas, igualando los registros del mismo per\u00edodo del a\u00f1o pasado. Sin embargo, la participaci\u00f3n de las hembras en la faena trimestral fue del 46%, 4 puntos m\u00e1s que hace un a\u00f1o. La faena de los \u00faltimos 12 meses, de 12,9 millones de cabezas, super\u00f3 en [&hellip;]\" \/>\n<meta property=\"og:url\" content=\"https:\/\/proagrolab.com.ar\/la-faena-argentina-sigue-en-fase-de-equilibrio\/\" \/>\n<meta property=\"og:site_name\" content=\"Proagro\" \/>\n<meta property=\"article:publisher\" content=\"http:\/\/www.facebook.com\/proagrolab\" \/>\n<meta property=\"article:published_time\" content=\"2014-04-23T00:00:01+00:00\" \/>\n<meta property=\"article:modified_time\" content=\"2020-07-01T19:51:26+00:00\" \/>\n<meta property=\"og:image\" content=\"https:\/\/proagrolab.com.ar\/wp-content\/uploads\/2015\/01\/g_h11o08cig__Frigorifico-2.jpg\" \/>\n\t<meta property=\"og:image:width\" content=\"450\" \/>\n\t<meta property=\"og:image:height\" content=\"208\" \/>\n\t<meta property=\"og:image:type\" content=\"image\/jpeg\" \/>\n<meta name=\"author\" content=\"proagrolab\" \/>\n<meta name=\"twitter:card\" content=\"summary_large_image\" \/>\n<meta name=\"twitter:label1\" content=\"Written by\" \/>\n\t<meta name=\"twitter:data1\" content=\"proagrolab\" \/>\n\t<meta name=\"twitter:label2\" content=\"Est. reading time\" \/>\n\t<meta name=\"twitter:data2\" content=\"2 minutes\" \/>\n<script type=\"application\/ld+json\" class=\"yoast-schema-graph\">{\"@context\":\"https:\\\/\\\/schema.org\",\"@graph\":[{\"@type\":\"Article\",\"@id\":\"https:\\\/\\\/proagrolab.com.ar\\\/la-faena-argentina-sigue-en-fase-de-equilibrio\\\/#article\",\"isPartOf\":{\"@id\":\"https:\\\/\\\/proagrolab.com.ar\\\/la-faena-argentina-sigue-en-fase-de-equilibrio\\\/\"},\"author\":{\"name\":\"proagrolab\",\"@id\":\"https:\\\/\\\/proagrolab.com.ar\\\/#\\\/schema\\\/person\\\/38003ff90bf80381f71c7d922d207444\"},\"headline\":\"La faena argentina sigue en fase de equilibrio.\",\"datePublished\":\"2014-04-23T00:00:01+00:00\",\"dateModified\":\"2020-07-01T19:51:26+00:00\",\"mainEntityOfPage\":{\"@id\":\"https:\\\/\\\/proagrolab.com.ar\\\/la-faena-argentina-sigue-en-fase-de-equilibrio\\\/\"},\"wordCount\":483,\"publisher\":{\"@id\":\"https:\\\/\\\/proagrolab.com.ar\\\/#organization\"},\"image\":{\"@id\":\"https:\\\/\\\/proagrolab.com.ar\\\/la-faena-argentina-sigue-en-fase-de-equilibrio\\\/#primaryimage\"},\"thumbnailUrl\":\"https:\\\/\\\/proagrolab.com.ar\\\/wp-content\\\/uploads\\\/2015\\\/01\\\/g_h11o08cig__Frigorifico-2.jpg\",\"articleSection\":[\"News\"],\"inLanguage\":\"en-US\"},{\"@type\":\"WebPage\",\"@id\":\"https:\\\/\\\/proagrolab.com.ar\\\/la-faena-argentina-sigue-en-fase-de-equilibrio\\\/\",\"url\":\"https:\\\/\\\/proagrolab.com.ar\\\/la-faena-argentina-sigue-en-fase-de-equilibrio\\\/\",\"name\":\"La faena argentina sigue en fase de equilibrio. | Proagro\",\"isPartOf\":{\"@id\":\"https:\\\/\\\/proagrolab.com.ar\\\/#website\"},\"primaryImageOfPage\":{\"@id\":\"https:\\\/\\\/proagrolab.com.ar\\\/la-faena-argentina-sigue-en-fase-de-equilibrio\\\/#primaryimage\"},\"image\":{\"@id\":\"https:\\\/\\\/proagrolab.com.ar\\\/la-faena-argentina-sigue-en-fase-de-equilibrio\\\/#primaryimage\"},\"thumbnailUrl\":\"https:\\\/\\\/proagrolab.com.ar\\\/wp-content\\\/uploads\\\/2015\\\/01\\\/g_h11o08cig__Frigorifico-2.jpg\",\"datePublished\":\"2014-04-23T00:00:01+00:00\",\"dateModified\":\"2020-07-01T19:51:26+00:00\",\"breadcrumb\":{\"@id\":\"https:\\\/\\\/proagrolab.com.ar\\\/la-faena-argentina-sigue-en-fase-de-equilibrio\\\/#breadcrumb\"},\"inLanguage\":\"en-US\",\"potentialAction\":[{\"@type\":\"ReadAction\",\"target\":[\"https:\\\/\\\/proagrolab.com.ar\\\/la-faena-argentina-sigue-en-fase-de-equilibrio\\\/\"]}]},{\"@type\":\"ImageObject\",\"inLanguage\":\"en-US\",\"@id\":\"https:\\\/\\\/proagrolab.com.ar\\\/la-faena-argentina-sigue-en-fase-de-equilibrio\\\/#primaryimage\",\"url\":\"https:\\\/\\\/proagrolab.com.ar\\\/wp-content\\\/uploads\\\/2015\\\/01\\\/g_h11o08cig__Frigorifico-2.jpg\",\"contentUrl\":\"https:\\\/\\\/proagrolab.com.ar\\\/wp-content\\\/uploads\\\/2015\\\/01\\\/g_h11o08cig__Frigorifico-2.jpg\",\"width\":450,\"height\":208},{\"@type\":\"BreadcrumbList\",\"@id\":\"https:\\\/\\\/proagrolab.com.ar\\\/la-faena-argentina-sigue-en-fase-de-equilibrio\\\/#breadcrumb\",\"itemListElement\":[{\"@type\":\"ListItem\",\"position\":1,\"name\":\"Portada\",\"item\":\"https:\\\/\\\/proagrolab.com.ar\\\/\"},{\"@type\":\"ListItem\",\"position\":2,\"name\":\"La faena argentina sigue en fase de equilibrio.\"}]},{\"@type\":\"WebSite\",\"@id\":\"https:\\\/\\\/proagrolab.com.ar\\\/#website\",\"url\":\"https:\\\/\\\/proagrolab.com.ar\\\/\",\"name\":\"Proagro Laboratorio Veterinario\",\"description\":\"Veterinary laboratory\",\"publisher\":{\"@id\":\"https:\\\/\\\/proagrolab.com.ar\\\/#organization\"},\"potentialAction\":[{\"@type\":\"SearchAction\",\"target\":{\"@type\":\"EntryPoint\",\"urlTemplate\":\"https:\\\/\\\/proagrolab.com.ar\\\/?s={search_term_string}\"},\"query-input\":{\"@type\":\"PropertyValueSpecification\",\"valueRequired\":true,\"valueName\":\"search_term_string\"}}],\"inLanguage\":\"en-US\"},{\"@type\":\"Organization\",\"@id\":\"https:\\\/\\\/proagrolab.com.ar\\\/#organization\",\"name\":\"Proagro\",\"url\":\"https:\\\/\\\/proagrolab.com.ar\\\/\",\"logo\":{\"@type\":\"ImageObject\",\"inLanguage\":\"en-US\",\"@id\":\"https:\\\/\\\/proagrolab.com.ar\\\/#\\\/schema\\\/logo\\\/image\\\/\",\"url\":\"https:\\\/\\\/proagrolab.com.ar\\\/wp-content\\\/uploads\\\/2020\\\/04\\\/logo-retina.png\",\"contentUrl\":\"https:\\\/\\\/proagrolab.com.ar\\\/wp-content\\\/uploads\\\/2020\\\/04\\\/logo-retina.png\",\"width\":478,\"height\":120,\"caption\":\"Proagro\"},\"image\":{\"@id\":\"https:\\\/\\\/proagrolab.com.ar\\\/#\\\/schema\\\/logo\\\/image\\\/\"},\"sameAs\":[\"http:\\\/\\\/www.facebook.com\\\/proagrolab\",\"https:\\\/\\\/www.instagram.com\\\/proagrolab\\\/\",\"https:\\\/\\\/www.linkedin.com\\\/company\\\/laboratorio-proagro-s-a\\\/\"]},{\"@type\":\"Person\",\"@id\":\"https:\\\/\\\/proagrolab.com.ar\\\/#\\\/schema\\\/person\\\/38003ff90bf80381f71c7d922d207444\",\"name\":\"proagrolab\"}]}<\/script>\n<!-- \/ Yoast SEO plugin. -->","yoast_head_json":{"title":"La faena argentina sigue en fase de equilibrio. | Proagro","robots":{"index":"index","follow":"follow","max-snippet":"max-snippet:-1","max-image-preview":"max-image-preview:large","max-video-preview":"max-video-preview:-1"},"canonical":"https:\/\/proagrolab.com.ar\/en\/la-faena-argentina-sigue-en-fase-de-equilibrio\/","og_locale":"en_US","og_type":"article","og_title":"La faena argentina sigue en fase de equilibrio. | Proagro","og_description":"Durante el primer trimestre del a\u00f1o, se mantuvieron los registros de igual per\u00edodo de 2013. En marzo, se proces\u00f3 un 3% m\u00e1s que en febrero aunque los machos crecieron mucho m\u00e1s que las hembras. De sostenerse esta situaci\u00f3n, se alejar\u00eda la posibilidad de entrar en liquidaci\u00f3n. En marzo se faenaron 1.023.000 cabezas de bovinos, 7% m\u00e1s que en febrero pasado y 3% m\u00e1s que en marzo de 2013. En el aumento con respecto al mes anterior, los machos contribuyeron con +9% mientras que las hembras lo hicieron con +4%. Este menor crecimiento de las hembras permiti\u00f3 bajar su participaci\u00f3n en el total, del 46,4% de febrero al 45,3% de marzo. En la comparaci\u00f3n interanual, las hembras aumentaron el 11% mientras que los machos cayeron 2%, por lo que la participaci\u00f3n de aqu\u00e9llas aument\u00f3 en relaci\u00f3n a marzo de 2013 en 3,3 puntos porcentuales. En perspectivaEn el primer trimestre, la faena ascendi\u00f3 a 3,06 millones de cabezas, igualando los registros del mismo per\u00edodo del a\u00f1o pasado. Sin embargo, la participaci\u00f3n de las hembras en la faena trimestral fue del 46%, 4 puntos m\u00e1s que hace un a\u00f1o. La faena de los \u00faltimos 12 meses, de 12,9 millones de cabezas, super\u00f3 en [&hellip;]","og_url":"https:\/\/proagrolab.com.ar\/la-faena-argentina-sigue-en-fase-de-equilibrio\/","og_site_name":"Proagro","article_publisher":"http:\/\/www.facebook.com\/proagrolab","article_published_time":"2014-04-23T00:00:01+00:00","article_modified_time":"2020-07-01T19:51:26+00:00","og_image":[{"width":450,"height":208,"url":"https:\/\/proagrolab.com.ar\/wp-content\/uploads\/2015\/01\/g_h11o08cig__Frigorifico-2.jpg","type":"image\/jpeg"}],"author":"proagrolab","twitter_card":"summary_large_image","twitter_misc":{"Written by":"proagrolab","Est. reading time":"2 minutes"},"schema":{"@context":"https:\/\/schema.org","@graph":[{"@type":"Article","@id":"https:\/\/proagrolab.com.ar\/la-faena-argentina-sigue-en-fase-de-equilibrio\/#article","isPartOf":{"@id":"https:\/\/proagrolab.com.ar\/la-faena-argentina-sigue-en-fase-de-equilibrio\/"},"author":{"name":"proagrolab","@id":"https:\/\/proagrolab.com.ar\/#\/schema\/person\/38003ff90bf80381f71c7d922d207444"},"headline":"La faena argentina sigue en fase de equilibrio.","datePublished":"2014-04-23T00:00:01+00:00","dateModified":"2020-07-01T19:51:26+00:00","mainEntityOfPage":{"@id":"https:\/\/proagrolab.com.ar\/la-faena-argentina-sigue-en-fase-de-equilibrio\/"},"wordCount":483,"publisher":{"@id":"https:\/\/proagrolab.com.ar\/#organization"},"image":{"@id":"https:\/\/proagrolab.com.ar\/la-faena-argentina-sigue-en-fase-de-equilibrio\/#primaryimage"},"thumbnailUrl":"https:\/\/proagrolab.com.ar\/wp-content\/uploads\/2015\/01\/g_h11o08cig__Frigorifico-2.jpg","articleSection":["News"],"inLanguage":"en-US"},{"@type":"WebPage","@id":"https:\/\/proagrolab.com.ar\/la-faena-argentina-sigue-en-fase-de-equilibrio\/","url":"https:\/\/proagrolab.com.ar\/la-faena-argentina-sigue-en-fase-de-equilibrio\/","name":"La faena argentina sigue en fase de equilibrio. | Proagro","isPartOf":{"@id":"https:\/\/proagrolab.com.ar\/#website"},"primaryImageOfPage":{"@id":"https:\/\/proagrolab.com.ar\/la-faena-argentina-sigue-en-fase-de-equilibrio\/#primaryimage"},"image":{"@id":"https:\/\/proagrolab.com.ar\/la-faena-argentina-sigue-en-fase-de-equilibrio\/#primaryimage"},"thumbnailUrl":"https:\/\/proagrolab.com.ar\/wp-content\/uploads\/2015\/01\/g_h11o08cig__Frigorifico-2.jpg","datePublished":"2014-04-23T00:00:01+00:00","dateModified":"2020-07-01T19:51:26+00:00","breadcrumb":{"@id":"https:\/\/proagrolab.com.ar\/la-faena-argentina-sigue-en-fase-de-equilibrio\/#breadcrumb"},"inLanguage":"en-US","potentialAction":[{"@type":"ReadAction","target":["https:\/\/proagrolab.com.ar\/la-faena-argentina-sigue-en-fase-de-equilibrio\/"]}]},{"@type":"ImageObject","inLanguage":"en-US","@id":"https:\/\/proagrolab.com.ar\/la-faena-argentina-sigue-en-fase-de-equilibrio\/#primaryimage","url":"https:\/\/proagrolab.com.ar\/wp-content\/uploads\/2015\/01\/g_h11o08cig__Frigorifico-2.jpg","contentUrl":"https:\/\/proagrolab.com.ar\/wp-content\/uploads\/2015\/01\/g_h11o08cig__Frigorifico-2.jpg","width":450,"height":208},{"@type":"BreadcrumbList","@id":"https:\/\/proagrolab.com.ar\/la-faena-argentina-sigue-en-fase-de-equilibrio\/#breadcrumb","itemListElement":[{"@type":"ListItem","position":1,"name":"Portada","item":"https:\/\/proagrolab.com.ar\/"},{"@type":"ListItem","position":2,"name":"La faena argentina sigue en fase de equilibrio."}]},{"@type":"WebSite","@id":"https:\/\/proagrolab.com.ar\/#website","url":"https:\/\/proagrolab.com.ar\/","name":"Proagro Laboratorio Veterinario","description":"Veterinary laboratory","publisher":{"@id":"https:\/\/proagrolab.com.ar\/#organization"},"potentialAction":[{"@type":"SearchAction","target":{"@type":"EntryPoint","urlTemplate":"https:\/\/proagrolab.com.ar\/?s={search_term_string}"},"query-input":{"@type":"PropertyValueSpecification","valueRequired":true,"valueName":"search_term_string"}}],"inLanguage":"en-US"},{"@type":"Organization","@id":"https:\/\/proagrolab.com.ar\/#organization","name":"Proagro","url":"https:\/\/proagrolab.com.ar\/","logo":{"@type":"ImageObject","inLanguage":"en-US","@id":"https:\/\/proagrolab.com.ar\/#\/schema\/logo\/image\/","url":"https:\/\/proagrolab.com.ar\/wp-content\/uploads\/2020\/04\/logo-retina.png","contentUrl":"https:\/\/proagrolab.com.ar\/wp-content\/uploads\/2020\/04\/logo-retina.png","width":478,"height":120,"caption":"Proagro"},"image":{"@id":"https:\/\/proagrolab.com.ar\/#\/schema\/logo\/image\/"},"sameAs":["http:\/\/www.facebook.com\/proagrolab","https:\/\/www.instagram.com\/proagrolab\/","https:\/\/www.linkedin.com\/company\/laboratorio-proagro-s-a\/"]},{"@type":"Person","@id":"https:\/\/proagrolab.com.ar\/#\/schema\/person\/38003ff90bf80381f71c7d922d207444","name":"proagrolab"}]}},"_links":{"self":[{"href":"https:\/\/proagrolab.com.ar\/en\/wp-json\/wp\/v2\/posts\/6077","targetHints":{"allow":["GET"]}}],"collection":[{"href":"https:\/\/proagrolab.com.ar\/en\/wp-json\/wp\/v2\/posts"}],"about":[{"href":"https:\/\/proagrolab.com.ar\/en\/wp-json\/wp\/v2\/types\/post"}],"author":[{"embeddable":true,"href":"https:\/\/proagrolab.com.ar\/en\/wp-json\/wp\/v2\/users\/2"}],"replies":[{"embeddable":true,"href":"https:\/\/proagrolab.com.ar\/en\/wp-json\/wp\/v2\/comments?post=6077"}],"version-history":[{"count":1,"href":"https:\/\/proagrolab.com.ar\/en\/wp-json\/wp\/v2\/posts\/6077\/revisions"}],"predecessor-version":[{"id":14535,"href":"https:\/\/proagrolab.com.ar\/en\/wp-json\/wp\/v2\/posts\/6077\/revisions\/14535"}],"wp:featuredmedia":[{"embeddable":true,"href":"https:\/\/proagrolab.com.ar\/en\/wp-json\/wp\/v2\/media\/2564"}],"wp:attachment":[{"href":"https:\/\/proagrolab.com.ar\/en\/wp-json\/wp\/v2\/media?parent=6077"}],"wp:term":[{"taxonomy":"category","embeddable":true,"href":"https:\/\/proagrolab.com.ar\/en\/wp-json\/wp\/v2\/categories?post=6077"},{"taxonomy":"post_tag","embeddable":true,"href":"https:\/\/proagrolab.com.ar\/en\/wp-json\/wp\/v2\/tags?post=6077"}],"curies":[{"name":"wp","href":"https:\/\/api.w.org\/{rel}","templated":true}]}}