{"id":6073,"date":"2014-04-23T00:00:01","date_gmt":"2014-04-23T00:00:01","guid":{"rendered":"https:\/\/proagrolab.com.ar\/argentina-caida-de-produccion-y-precios-preocupan-a-la-lecheria\/"},"modified":"2020-07-01T19:51:44","modified_gmt":"2020-07-01T19:51:44","slug":"argentina-caida-de-produccion-y-precios-preocupan-a-la-lecheria","status":"publish","type":"post","link":"https:\/\/proagrolab.com.ar\/en\/argentina-caida-de-produccion-y-precios-preocupan-a-la-lecheria\/","title":{"rendered":"Argentina: Ca\u00edda de producci\u00f3n y precios preocupan a la lecher\u00eda."},"content":{"rendered":"<p class=\"qtranxs-available-languages-message qtranxs-available-languages-message-en\"> <\/p><p>Por Dami\u00e1n Morais.<\/p>\n<p>Como resultado de las lluvias la merma en la recepci\u00f3n de leche durante lo que va de abril es de un mill\u00f3n de litros diarios, por lo que las ventas al exterior pueden verse resentidas.<\/p>\n<p>C\u00f3rdoba y Santa Fe fueron las provincias m\u00e1s afectadas y las que m\u00e1s est\u00e1n sufriendo la actual coyuntura, las previsiones m\u00e1s optimistas sostienen que hasta junio ser\u00e1 dif\u00edcil que se normalicen las entregas, por lo que abril y mayo ser\u00e1n meses duros para exportar, hasta el momento se ven\u00edan manejando n\u00fameros similares a los del 2013, m\u00e1s que nada por las restricciones que afectan a la leche en polvo.<\/p>\n<p>Pero la coyuntura clim\u00e1tica es adem\u00e1s un golpe de gracia muy fuerte para los tamberos que reclaman ayudas urgentes para salir del barro y una recomposici\u00f3n de precios. Hoy en tranquera el litro de leche cruda se est\u00e1 pagando entre 2,75 y 2,85 para tamberos medianos y grandes, mientras que los pooles est\u00e1n obteniendo entre 2,95 y 3,05.<\/p>\n<p>Mientras tanto la atenci\u00f3n del gobierno est\u00e1 centrada en que no se calienten los precios en la g\u00f3ndola, ya que saben que si las empresas salen en auxilio de los productores tratar\u00e1n de trasladar un eventual aumento en tranquera a los consumidores. Pero esta ecuaci\u00f3n no es muy clara para todos, ya que la recesi\u00f3n se est\u00e1 notando, la desaceleraci\u00f3n inflacionaria del \u00faltimo mes estuvo m\u00e1s atada a una baja en la demanda que a cualquier otra variante, por lo que un aumento de precios en los supermercados podr\u00eda no ser convalidado por los consumidores.<\/p>\n<p>Fuente: Lecher\u00eda Latina, 22 de abril.<br \/><\/p>","protected":false},"excerpt":{"rendered":"<p>Por Dami\u00e1n Morais. Como resultado de las lluvias la merma en la recepci\u00f3n de leche durante lo que va de abril es de un mill\u00f3n de litros diarios, por lo que las ventas al exterior pueden verse resentidas. C\u00f3rdoba y Santa Fe fueron las provincias m\u00e1s afectadas y las que m\u00e1s est\u00e1n sufriendo la actual coyuntura, las previsiones m\u00e1s optimistas sostienen que hasta junio ser\u00e1 dif\u00edcil que se normalicen las entregas, por lo que abril y mayo ser\u00e1n meses duros para exportar, hasta el momento se ven\u00edan manejando n\u00fameros similares a los del 2013, m\u00e1s que nada por las restricciones que afectan a la leche en polvo. Pero la coyuntura clim\u00e1tica es adem\u00e1s un golpe de gracia muy fuerte para los tamberos que reclaman ayudas urgentes para salir del barro y una recomposici\u00f3n de precios. Hoy en tranquera el litro de leche cruda se est\u00e1 pagando entre 2,75 y 2,85 para tamberos medianos y grandes, mientras que los pooles est\u00e1n obteniendo entre 2,95 y 3,05. Mientras tanto la atenci\u00f3n del gobierno est\u00e1 centrada en que no se calienten los precios en la g\u00f3ndola, ya que saben que si las empresas salen en auxilio de los productores tratar\u00e1n de trasladar un [&hellip;]<\/p>\n","protected":false},"author":2,"featured_media":2560,"comment_status":"closed","ping_status":"open","sticky":false,"template":"","format":"standard","meta":{"_acf_changed":false,"footnotes":""},"categories":[56],"tags":[],"class_list":["post-6073","post","type-post","status-publish","format-standard","has-post-thumbnail","hentry","category-infoganadero"],"acf":[],"yoast_head":"<!-- This site is optimized with the Yoast SEO plugin v27.4 - https:\/\/yoast.com\/product\/yoast-seo-wordpress\/ -->\n<title>Argentina: Ca\u00edda de producci\u00f3n y precios preocupan a la lecher\u00eda. | Proagro<\/title>\n<meta name=\"robots\" content=\"index, follow, max-snippet:-1, max-image-preview:large, max-video-preview:-1\" \/>\n<link rel=\"canonical\" href=\"https:\/\/proagrolab.com.ar\/en\/argentina-caida-de-produccion-y-precios-preocupan-a-la-lecheria\/\" \/>\n<meta property=\"og:locale\" content=\"en_US\" \/>\n<meta property=\"og:type\" content=\"article\" \/>\n<meta property=\"og:title\" content=\"Argentina: Ca\u00edda de producci\u00f3n y precios preocupan a la lecher\u00eda. | Proagro\" \/>\n<meta property=\"og:description\" content=\"Por Dami\u00e1n Morais. Como resultado de las lluvias la merma en la recepci\u00f3n de leche durante lo que va de abril es de un mill\u00f3n de litros diarios, por lo que las ventas al exterior pueden verse resentidas. C\u00f3rdoba y Santa Fe fueron las provincias m\u00e1s afectadas y las que m\u00e1s est\u00e1n sufriendo la actual coyuntura, las previsiones m\u00e1s optimistas sostienen que hasta junio ser\u00e1 dif\u00edcil que se normalicen las entregas, por lo que abril y mayo ser\u00e1n meses duros para exportar, hasta el momento se ven\u00edan manejando n\u00fameros similares a los del 2013, m\u00e1s que nada por las restricciones que afectan a la leche en polvo. Pero la coyuntura clim\u00e1tica es adem\u00e1s un golpe de gracia muy fuerte para los tamberos que reclaman ayudas urgentes para salir del barro y una recomposici\u00f3n de precios. Hoy en tranquera el litro de leche cruda se est\u00e1 pagando entre 2,75 y 2,85 para tamberos medianos y grandes, mientras que los pooles est\u00e1n obteniendo entre 2,95 y 3,05. Mientras tanto la atenci\u00f3n del gobierno est\u00e1 centrada en que no se calienten los precios en la g\u00f3ndola, ya que saben que si las empresas salen en auxilio de los productores tratar\u00e1n de trasladar un [&hellip;]\" \/>\n<meta property=\"og:url\" content=\"https:\/\/proagrolab.com.ar\/argentina-caida-de-produccion-y-precios-preocupan-a-la-lecheria\/\" \/>\n<meta property=\"og:site_name\" content=\"Proagro\" \/>\n<meta property=\"article:publisher\" content=\"http:\/\/www.facebook.com\/proagrolab\" \/>\n<meta property=\"article:published_time\" content=\"2014-04-23T00:00:01+00:00\" \/>\n<meta property=\"article:modified_time\" content=\"2020-07-01T19:51:44+00:00\" \/>\n<meta property=\"og:image\" content=\"https:\/\/proagrolab.com.ar\/wp-content\/uploads\/2015\/01\/g_g9omwa63l__Inundadas.jpg\" \/>\n\t<meta property=\"og:image:width\" content=\"450\" \/>\n\t<meta property=\"og:image:height\" content=\"208\" \/>\n\t<meta property=\"og:image:type\" content=\"image\/jpeg\" \/>\n<meta name=\"author\" content=\"proagrolab\" \/>\n<meta name=\"twitter:card\" content=\"summary_large_image\" \/>\n<meta name=\"twitter:label1\" content=\"Written by\" \/>\n\t<meta name=\"twitter:data1\" content=\"proagrolab\" \/>\n\t<meta name=\"twitter:label2\" content=\"Est. reading time\" \/>\n\t<meta name=\"twitter:data2\" content=\"1 minute\" \/>\n<script type=\"application\/ld+json\" class=\"yoast-schema-graph\">{\"@context\":\"https:\\\/\\\/schema.org\",\"@graph\":[{\"@type\":\"Article\",\"@id\":\"https:\\\/\\\/proagrolab.com.ar\\\/argentina-caida-de-produccion-y-precios-preocupan-a-la-lecheria\\\/#article\",\"isPartOf\":{\"@id\":\"https:\\\/\\\/proagrolab.com.ar\\\/argentina-caida-de-produccion-y-precios-preocupan-a-la-lecheria\\\/\"},\"author\":{\"name\":\"proagrolab\",\"@id\":\"https:\\\/\\\/proagrolab.com.ar\\\/#\\\/schema\\\/person\\\/38003ff90bf80381f71c7d922d207444\"},\"headline\":\"Argentina: Ca\u00edda de producci\u00f3n y precios preocupan a la lecher\u00eda.\",\"datePublished\":\"2014-04-23T00:00:01+00:00\",\"dateModified\":\"2020-07-01T19:51:44+00:00\",\"mainEntityOfPage\":{\"@id\":\"https:\\\/\\\/proagrolab.com.ar\\\/argentina-caida-de-produccion-y-precios-preocupan-a-la-lecheria\\\/\"},\"wordCount\":299,\"publisher\":{\"@id\":\"https:\\\/\\\/proagrolab.com.ar\\\/#organization\"},\"image\":{\"@id\":\"https:\\\/\\\/proagrolab.com.ar\\\/argentina-caida-de-produccion-y-precios-preocupan-a-la-lecheria\\\/#primaryimage\"},\"thumbnailUrl\":\"https:\\\/\\\/proagrolab.com.ar\\\/wp-content\\\/uploads\\\/2015\\\/01\\\/g_g9omwa63l__Inundadas.jpg\",\"articleSection\":[\"News\"],\"inLanguage\":\"en-US\"},{\"@type\":\"WebPage\",\"@id\":\"https:\\\/\\\/proagrolab.com.ar\\\/argentina-caida-de-produccion-y-precios-preocupan-a-la-lecheria\\\/\",\"url\":\"https:\\\/\\\/proagrolab.com.ar\\\/argentina-caida-de-produccion-y-precios-preocupan-a-la-lecheria\\\/\",\"name\":\"Argentina: Ca\u00edda de producci\u00f3n y precios preocupan a la lecher\u00eda. | Proagro\",\"isPartOf\":{\"@id\":\"https:\\\/\\\/proagrolab.com.ar\\\/#website\"},\"primaryImageOfPage\":{\"@id\":\"https:\\\/\\\/proagrolab.com.ar\\\/argentina-caida-de-produccion-y-precios-preocupan-a-la-lecheria\\\/#primaryimage\"},\"image\":{\"@id\":\"https:\\\/\\\/proagrolab.com.ar\\\/argentina-caida-de-produccion-y-precios-preocupan-a-la-lecheria\\\/#primaryimage\"},\"thumbnailUrl\":\"https:\\\/\\\/proagrolab.com.ar\\\/wp-content\\\/uploads\\\/2015\\\/01\\\/g_g9omwa63l__Inundadas.jpg\",\"datePublished\":\"2014-04-23T00:00:01+00:00\",\"dateModified\":\"2020-07-01T19:51:44+00:00\",\"breadcrumb\":{\"@id\":\"https:\\\/\\\/proagrolab.com.ar\\\/argentina-caida-de-produccion-y-precios-preocupan-a-la-lecheria\\\/#breadcrumb\"},\"inLanguage\":\"en-US\",\"potentialAction\":[{\"@type\":\"ReadAction\",\"target\":[\"https:\\\/\\\/proagrolab.com.ar\\\/argentina-caida-de-produccion-y-precios-preocupan-a-la-lecheria\\\/\"]}]},{\"@type\":\"ImageObject\",\"inLanguage\":\"en-US\",\"@id\":\"https:\\\/\\\/proagrolab.com.ar\\\/argentina-caida-de-produccion-y-precios-preocupan-a-la-lecheria\\\/#primaryimage\",\"url\":\"https:\\\/\\\/proagrolab.com.ar\\\/wp-content\\\/uploads\\\/2015\\\/01\\\/g_g9omwa63l__Inundadas.jpg\",\"contentUrl\":\"https:\\\/\\\/proagrolab.com.ar\\\/wp-content\\\/uploads\\\/2015\\\/01\\\/g_g9omwa63l__Inundadas.jpg\",\"width\":450,\"height\":208},{\"@type\":\"BreadcrumbList\",\"@id\":\"https:\\\/\\\/proagrolab.com.ar\\\/argentina-caida-de-produccion-y-precios-preocupan-a-la-lecheria\\\/#breadcrumb\",\"itemListElement\":[{\"@type\":\"ListItem\",\"position\":1,\"name\":\"Portada\",\"item\":\"https:\\\/\\\/proagrolab.com.ar\\\/\"},{\"@type\":\"ListItem\",\"position\":2,\"name\":\"Argentina: Ca\u00edda de producci\u00f3n y precios preocupan a la lecher\u00eda.\"}]},{\"@type\":\"WebSite\",\"@id\":\"https:\\\/\\\/proagrolab.com.ar\\\/#website\",\"url\":\"https:\\\/\\\/proagrolab.com.ar\\\/\",\"name\":\"Proagro Laboratorio Veterinario\",\"description\":\"Veterinary laboratory\",\"publisher\":{\"@id\":\"https:\\\/\\\/proagrolab.com.ar\\\/#organization\"},\"potentialAction\":[{\"@type\":\"SearchAction\",\"target\":{\"@type\":\"EntryPoint\",\"urlTemplate\":\"https:\\\/\\\/proagrolab.com.ar\\\/?s={search_term_string}\"},\"query-input\":{\"@type\":\"PropertyValueSpecification\",\"valueRequired\":true,\"valueName\":\"search_term_string\"}}],\"inLanguage\":\"en-US\"},{\"@type\":\"Organization\",\"@id\":\"https:\\\/\\\/proagrolab.com.ar\\\/#organization\",\"name\":\"Proagro\",\"url\":\"https:\\\/\\\/proagrolab.com.ar\\\/\",\"logo\":{\"@type\":\"ImageObject\",\"inLanguage\":\"en-US\",\"@id\":\"https:\\\/\\\/proagrolab.com.ar\\\/#\\\/schema\\\/logo\\\/image\\\/\",\"url\":\"https:\\\/\\\/proagrolab.com.ar\\\/wp-content\\\/uploads\\\/2020\\\/04\\\/logo-retina.png\",\"contentUrl\":\"https:\\\/\\\/proagrolab.com.ar\\\/wp-content\\\/uploads\\\/2020\\\/04\\\/logo-retina.png\",\"width\":478,\"height\":120,\"caption\":\"Proagro\"},\"image\":{\"@id\":\"https:\\\/\\\/proagrolab.com.ar\\\/#\\\/schema\\\/logo\\\/image\\\/\"},\"sameAs\":[\"http:\\\/\\\/www.facebook.com\\\/proagrolab\",\"https:\\\/\\\/www.instagram.com\\\/proagrolab\\\/\",\"https:\\\/\\\/www.linkedin.com\\\/company\\\/laboratorio-proagro-s-a\\\/\"]},{\"@type\":\"Person\",\"@id\":\"https:\\\/\\\/proagrolab.com.ar\\\/#\\\/schema\\\/person\\\/38003ff90bf80381f71c7d922d207444\",\"name\":\"proagrolab\"}]}<\/script>\n<!-- \/ Yoast SEO plugin. -->","yoast_head_json":{"title":"Argentina: Ca\u00edda de producci\u00f3n y precios preocupan a la lecher\u00eda. | Proagro","robots":{"index":"index","follow":"follow","max-snippet":"max-snippet:-1","max-image-preview":"max-image-preview:large","max-video-preview":"max-video-preview:-1"},"canonical":"https:\/\/proagrolab.com.ar\/en\/argentina-caida-de-produccion-y-precios-preocupan-a-la-lecheria\/","og_locale":"en_US","og_type":"article","og_title":"Argentina: Ca\u00edda de producci\u00f3n y precios preocupan a la lecher\u00eda. | Proagro","og_description":"Por Dami\u00e1n Morais. Como resultado de las lluvias la merma en la recepci\u00f3n de leche durante lo que va de abril es de un mill\u00f3n de litros diarios, por lo que las ventas al exterior pueden verse resentidas. C\u00f3rdoba y Santa Fe fueron las provincias m\u00e1s afectadas y las que m\u00e1s est\u00e1n sufriendo la actual coyuntura, las previsiones m\u00e1s optimistas sostienen que hasta junio ser\u00e1 dif\u00edcil que se normalicen las entregas, por lo que abril y mayo ser\u00e1n meses duros para exportar, hasta el momento se ven\u00edan manejando n\u00fameros similares a los del 2013, m\u00e1s que nada por las restricciones que afectan a la leche en polvo. Pero la coyuntura clim\u00e1tica es adem\u00e1s un golpe de gracia muy fuerte para los tamberos que reclaman ayudas urgentes para salir del barro y una recomposici\u00f3n de precios. Hoy en tranquera el litro de leche cruda se est\u00e1 pagando entre 2,75 y 2,85 para tamberos medianos y grandes, mientras que los pooles est\u00e1n obteniendo entre 2,95 y 3,05. Mientras tanto la atenci\u00f3n del gobierno est\u00e1 centrada en que no se calienten los precios en la g\u00f3ndola, ya que saben que si las empresas salen en auxilio de los productores tratar\u00e1n de trasladar un [&hellip;]","og_url":"https:\/\/proagrolab.com.ar\/argentina-caida-de-produccion-y-precios-preocupan-a-la-lecheria\/","og_site_name":"Proagro","article_publisher":"http:\/\/www.facebook.com\/proagrolab","article_published_time":"2014-04-23T00:00:01+00:00","article_modified_time":"2020-07-01T19:51:44+00:00","og_image":[{"width":450,"height":208,"url":"https:\/\/proagrolab.com.ar\/wp-content\/uploads\/2015\/01\/g_g9omwa63l__Inundadas.jpg","type":"image\/jpeg"}],"author":"proagrolab","twitter_card":"summary_large_image","twitter_misc":{"Written by":"proagrolab","Est. reading time":"1 minute"},"schema":{"@context":"https:\/\/schema.org","@graph":[{"@type":"Article","@id":"https:\/\/proagrolab.com.ar\/argentina-caida-de-produccion-y-precios-preocupan-a-la-lecheria\/#article","isPartOf":{"@id":"https:\/\/proagrolab.com.ar\/argentina-caida-de-produccion-y-precios-preocupan-a-la-lecheria\/"},"author":{"name":"proagrolab","@id":"https:\/\/proagrolab.com.ar\/#\/schema\/person\/38003ff90bf80381f71c7d922d207444"},"headline":"Argentina: Ca\u00edda de producci\u00f3n y precios preocupan a la lecher\u00eda.","datePublished":"2014-04-23T00:00:01+00:00","dateModified":"2020-07-01T19:51:44+00:00","mainEntityOfPage":{"@id":"https:\/\/proagrolab.com.ar\/argentina-caida-de-produccion-y-precios-preocupan-a-la-lecheria\/"},"wordCount":299,"publisher":{"@id":"https:\/\/proagrolab.com.ar\/#organization"},"image":{"@id":"https:\/\/proagrolab.com.ar\/argentina-caida-de-produccion-y-precios-preocupan-a-la-lecheria\/#primaryimage"},"thumbnailUrl":"https:\/\/proagrolab.com.ar\/wp-content\/uploads\/2015\/01\/g_g9omwa63l__Inundadas.jpg","articleSection":["News"],"inLanguage":"en-US"},{"@type":"WebPage","@id":"https:\/\/proagrolab.com.ar\/argentina-caida-de-produccion-y-precios-preocupan-a-la-lecheria\/","url":"https:\/\/proagrolab.com.ar\/argentina-caida-de-produccion-y-precios-preocupan-a-la-lecheria\/","name":"Argentina: Ca\u00edda de producci\u00f3n y precios preocupan a la lecher\u00eda. | Proagro","isPartOf":{"@id":"https:\/\/proagrolab.com.ar\/#website"},"primaryImageOfPage":{"@id":"https:\/\/proagrolab.com.ar\/argentina-caida-de-produccion-y-precios-preocupan-a-la-lecheria\/#primaryimage"},"image":{"@id":"https:\/\/proagrolab.com.ar\/argentina-caida-de-produccion-y-precios-preocupan-a-la-lecheria\/#primaryimage"},"thumbnailUrl":"https:\/\/proagrolab.com.ar\/wp-content\/uploads\/2015\/01\/g_g9omwa63l__Inundadas.jpg","datePublished":"2014-04-23T00:00:01+00:00","dateModified":"2020-07-01T19:51:44+00:00","breadcrumb":{"@id":"https:\/\/proagrolab.com.ar\/argentina-caida-de-produccion-y-precios-preocupan-a-la-lecheria\/#breadcrumb"},"inLanguage":"en-US","potentialAction":[{"@type":"ReadAction","target":["https:\/\/proagrolab.com.ar\/argentina-caida-de-produccion-y-precios-preocupan-a-la-lecheria\/"]}]},{"@type":"ImageObject","inLanguage":"en-US","@id":"https:\/\/proagrolab.com.ar\/argentina-caida-de-produccion-y-precios-preocupan-a-la-lecheria\/#primaryimage","url":"https:\/\/proagrolab.com.ar\/wp-content\/uploads\/2015\/01\/g_g9omwa63l__Inundadas.jpg","contentUrl":"https:\/\/proagrolab.com.ar\/wp-content\/uploads\/2015\/01\/g_g9omwa63l__Inundadas.jpg","width":450,"height":208},{"@type":"BreadcrumbList","@id":"https:\/\/proagrolab.com.ar\/argentina-caida-de-produccion-y-precios-preocupan-a-la-lecheria\/#breadcrumb","itemListElement":[{"@type":"ListItem","position":1,"name":"Portada","item":"https:\/\/proagrolab.com.ar\/"},{"@type":"ListItem","position":2,"name":"Argentina: Ca\u00edda de producci\u00f3n y precios preocupan a la lecher\u00eda."}]},{"@type":"WebSite","@id":"https:\/\/proagrolab.com.ar\/#website","url":"https:\/\/proagrolab.com.ar\/","name":"Proagro Laboratorio Veterinario","description":"Veterinary laboratory","publisher":{"@id":"https:\/\/proagrolab.com.ar\/#organization"},"potentialAction":[{"@type":"SearchAction","target":{"@type":"EntryPoint","urlTemplate":"https:\/\/proagrolab.com.ar\/?s={search_term_string}"},"query-input":{"@type":"PropertyValueSpecification","valueRequired":true,"valueName":"search_term_string"}}],"inLanguage":"en-US"},{"@type":"Organization","@id":"https:\/\/proagrolab.com.ar\/#organization","name":"Proagro","url":"https:\/\/proagrolab.com.ar\/","logo":{"@type":"ImageObject","inLanguage":"en-US","@id":"https:\/\/proagrolab.com.ar\/#\/schema\/logo\/image\/","url":"https:\/\/proagrolab.com.ar\/wp-content\/uploads\/2020\/04\/logo-retina.png","contentUrl":"https:\/\/proagrolab.com.ar\/wp-content\/uploads\/2020\/04\/logo-retina.png","width":478,"height":120,"caption":"Proagro"},"image":{"@id":"https:\/\/proagrolab.com.ar\/#\/schema\/logo\/image\/"},"sameAs":["http:\/\/www.facebook.com\/proagrolab","https:\/\/www.instagram.com\/proagrolab\/","https:\/\/www.linkedin.com\/company\/laboratorio-proagro-s-a\/"]},{"@type":"Person","@id":"https:\/\/proagrolab.com.ar\/#\/schema\/person\/38003ff90bf80381f71c7d922d207444","name":"proagrolab"}]}},"_links":{"self":[{"href":"https:\/\/proagrolab.com.ar\/en\/wp-json\/wp\/v2\/posts\/6073","targetHints":{"allow":["GET"]}}],"collection":[{"href":"https:\/\/proagrolab.com.ar\/en\/wp-json\/wp\/v2\/posts"}],"about":[{"href":"https:\/\/proagrolab.com.ar\/en\/wp-json\/wp\/v2\/types\/post"}],"author":[{"embeddable":true,"href":"https:\/\/proagrolab.com.ar\/en\/wp-json\/wp\/v2\/users\/2"}],"replies":[{"embeddable":true,"href":"https:\/\/proagrolab.com.ar\/en\/wp-json\/wp\/v2\/comments?post=6073"}],"version-history":[{"count":1,"href":"https:\/\/proagrolab.com.ar\/en\/wp-json\/wp\/v2\/posts\/6073\/revisions"}],"predecessor-version":[{"id":14539,"href":"https:\/\/proagrolab.com.ar\/en\/wp-json\/wp\/v2\/posts\/6073\/revisions\/14539"}],"wp:featuredmedia":[{"embeddable":true,"href":"https:\/\/proagrolab.com.ar\/en\/wp-json\/wp\/v2\/media\/2560"}],"wp:attachment":[{"href":"https:\/\/proagrolab.com.ar\/en\/wp-json\/wp\/v2\/media?parent=6073"}],"wp:term":[{"taxonomy":"category","embeddable":true,"href":"https:\/\/proagrolab.com.ar\/en\/wp-json\/wp\/v2\/categories?post=6073"},{"taxonomy":"post_tag","embeddable":true,"href":"https:\/\/proagrolab.com.ar\/en\/wp-json\/wp\/v2\/tags?post=6073"}],"curies":[{"name":"wp","href":"https:\/\/api.w.org\/{rel}","templated":true}]}}