{"id":6072,"date":"2014-04-22T00:00:01","date_gmt":"2014-04-22T00:00:01","guid":{"rendered":"https:\/\/proagrolab.com.ar\/buenos-aires-santa-fe-y-cordoba-discuten-un-plan-de-auxilio-a-la-lecheria\/"},"modified":"2020-07-01T19:51:08","modified_gmt":"2020-07-01T19:51:08","slug":"buenos-aires-santa-fe-y-cordoba-discuten-un-plan-de-auxilio-a-la-lecheria","status":"publish","type":"post","link":"https:\/\/proagrolab.com.ar\/en\/buenos-aires-santa-fe-y-cordoba-discuten-un-plan-de-auxilio-a-la-lecheria\/","title":{"rendered":"Buenos Aires, Santa Fe y C\u00f3rdoba discuten un plan de auxilio a la lecher\u00eda."},"content":{"rendered":"<p class=\"qtranxs-available-languages-message qtranxs-available-languages-message-en\"> <\/p><p>Por Mat\u00edas Longoni.<\/p>\n<p>Las provincias coordinar\u00e1n pol\u00edticas de est\u00edmulo al campo.<\/p>\n<p>Las tres provincias que aportan el grueso de la producci\u00f3n agropecuaria argentina comenzar\u00e1n a elaborar propuestas conjuntas que aspiran a modificar la pol\u00edtica de destrato a la que someti\u00f3 el kirchnerismo al sector rural en los \u00faltimos a\u00f1os. Los ministros de Buenos Aires, Santa Fe y C\u00f3rdoba se ver\u00e1n las caras hoy, unas horas antes de la reuni\u00f3n del Consejo Federal Agropecuario (CFA). Su prioridad ser\u00e1 convencer al gobierno nacional de lanzar medidas en socorro de la lecher\u00eda.<\/p>\n<p>El CFA es el \u00e1mbito donde todas las provincias deber\u00edan acordar pol\u00edticas p\u00fablicas para el agro con el gobierno federal, cuya representatividad ejerce el ministro de Agricultura, Carlos Casamiquela. Como la pr\u00f3xima reuni\u00f3n de ese foro est\u00e1 agendada para ma\u00f1ana en la ciudad de Buenos Aires, hoy a las 17,30 se reunir\u00e1n en la casa porte\u00f1a de Santa Fe el cordob\u00e9s Juli\u00e1n Mar\u00eda L\u00f3pez, el santafesino Carlos Fascendini y el bonaerense Alejandro \u0093Topo\u0094 Rodr\u00edguez.<\/p>\n<p>El bloque de grandes provincias agropecuarias naci\u00f3 pocas semanas atr\u00e1s, en Expoagro 2014. All\u00ed los gobernadores de Santa Fe, Antonio Bonfatti; de Buenos Aires, Daniel Scioli; y de C\u00f3rdoba, Jos\u00e9 Manuel de la Sota, firmaron un acuerdo de cooperaci\u00f3n que ahora deber\u00eda empezar a dar frutos.<\/p>\n<p>En aquel momento llam\u00f3 mucho la atenci\u00f3n la posici\u00f3n de Scioli, quien a pesar de manifestar en p\u00fablico su lealtad a la gesti\u00f3n de Cristina Kirchner tambi\u00e9n viene marcando diferencias no tan sutiles. En materia agropecuaria, su ministro de Asuntos Agrarios incluso reclam\u00f3 que sean revisadas las retenciones al trigo, para fomentar la siembra. Como contraste, a aquel acuerdo agropecuario hab\u00eda sido invitada a participar tambi\u00e9n la provincia de Entre R\u00edos. Pero su gobernador, Sergio Urribarri, finalmente se neg\u00f3 para no esmerilar sus chances de convertirse en candidato presidencial del kirchnerismo m\u00e1s duro.<\/p>\n<p>\u0093La voluntad de nuestros gobernadores es que coordinemos pol\u00edticas. Eso es natural en un sistema federal y muy necesario por nuestra pertenencia regional\u0094, explic\u00f3 Rodr\u00edguez, quien mantiene un inusual despliegue de reuniones con dirigentes agropecuarios. El bonaerense y sus pares de C\u00f3rdoba y Santa Fe vienen de reunirse con la Mesa de Productores de Leche (MNPL). El dram\u00e1tico panorama que trazaron los tamberos (sobre todo porque los precios no se actualizan y el sector result\u00f3 muy castigado por las fuertes lluvias) los convenci\u00f3 de poner manos a la obra. Frente a ese escenario, en cambio, el kirchnerismo permanece casi imp\u00e1vidos, como si el cierre de los tambos chicos fuera un proceso natural e inevitable.<\/p>\n<p>Fascendini adelant\u00f3 que tambi\u00e9n pedir\u00e1n a Casamiquela (con quien tienen buena relaci\u00f3n aunque crean que hay temas de fondo no resueltos debido a la intransigencia de la Rosada), que ponga en marcha una regionalizaci\u00f3n del CFA. \u0093Nos parece muy buena la idea que tuvo el ministro, porque as\u00ed podremos trabajar en cuestiones comunes a nuestra regi\u00f3n\u0094, apunt\u00f3 el santafesino.<\/p>\n<p>Fuente: Clar\u00edn, 21 de abril.<br \/><\/p>","protected":false},"excerpt":{"rendered":"<p>Por Mat\u00edas Longoni. Las provincias coordinar\u00e1n pol\u00edticas de est\u00edmulo al campo. Las tres provincias que aportan el grueso de la producci\u00f3n agropecuaria argentina comenzar\u00e1n a elaborar propuestas conjuntas que aspiran a modificar la pol\u00edtica de destrato a la que someti\u00f3 el kirchnerismo al sector rural en los \u00faltimos a\u00f1os. Los ministros de Buenos Aires, Santa Fe y C\u00f3rdoba se ver\u00e1n las caras hoy, unas horas antes de la reuni\u00f3n del Consejo Federal Agropecuario (CFA). Su prioridad ser\u00e1 convencer al gobierno nacional de lanzar medidas en socorro de la lecher\u00eda. El CFA es el \u00e1mbito donde todas las provincias deber\u00edan acordar pol\u00edticas p\u00fablicas para el agro con el gobierno federal, cuya representatividad ejerce el ministro de Agricultura, Carlos Casamiquela. Como la pr\u00f3xima reuni\u00f3n de ese foro est\u00e1 agendada para ma\u00f1ana en la ciudad de Buenos Aires, hoy a las 17,30 se reunir\u00e1n en la casa porte\u00f1a de Santa Fe el cordob\u00e9s Juli\u00e1n Mar\u00eda L\u00f3pez, el santafesino Carlos Fascendini y el bonaerense Alejandro \u0093Topo\u0094 Rodr\u00edguez. El bloque de grandes provincias agropecuarias naci\u00f3 pocas semanas atr\u00e1s, en Expoagro 2014. All\u00ed los gobernadores de Santa Fe, Antonio Bonfatti; de Buenos Aires, Daniel Scioli; y de C\u00f3rdoba, Jos\u00e9 Manuel de la Sota, firmaron un acuerdo [&hellip;]<\/p>\n","protected":false},"author":2,"featured_media":2559,"comment_status":"closed","ping_status":"open","sticky":false,"template":"","format":"standard","meta":{"_acf_changed":false,"footnotes":""},"categories":[56],"tags":[],"class_list":["post-6072","post","type-post","status-publish","format-standard","has-post-thumbnail","hentry","category-infoganadero"],"acf":[],"yoast_head":"<!-- This site is optimized with the Yoast SEO plugin v27.4 - https:\/\/yoast.com\/product\/yoast-seo-wordpress\/ -->\n<title>Buenos Aires, Santa Fe y C\u00f3rdoba discuten un plan de auxilio a la lecher\u00eda. | Proagro<\/title>\n<meta name=\"robots\" content=\"index, follow, max-snippet:-1, max-image-preview:large, max-video-preview:-1\" \/>\n<link rel=\"canonical\" href=\"https:\/\/proagrolab.com.ar\/en\/buenos-aires-santa-fe-y-cordoba-discuten-un-plan-de-auxilio-a-la-lecheria\/\" \/>\n<meta property=\"og:locale\" content=\"en_US\" \/>\n<meta property=\"og:type\" content=\"article\" \/>\n<meta property=\"og:title\" content=\"Buenos Aires, Santa Fe y C\u00f3rdoba discuten un plan de auxilio a la lecher\u00eda. | Proagro\" \/>\n<meta property=\"og:description\" content=\"Por Mat\u00edas Longoni. Las provincias coordinar\u00e1n pol\u00edticas de est\u00edmulo al campo. Las tres provincias que aportan el grueso de la producci\u00f3n agropecuaria argentina comenzar\u00e1n a elaborar propuestas conjuntas que aspiran a modificar la pol\u00edtica de destrato a la que someti\u00f3 el kirchnerismo al sector rural en los \u00faltimos a\u00f1os. Los ministros de Buenos Aires, Santa Fe y C\u00f3rdoba se ver\u00e1n las caras hoy, unas horas antes de la reuni\u00f3n del Consejo Federal Agropecuario (CFA). Su prioridad ser\u00e1 convencer al gobierno nacional de lanzar medidas en socorro de la lecher\u00eda. El CFA es el \u00e1mbito donde todas las provincias deber\u00edan acordar pol\u00edticas p\u00fablicas para el agro con el gobierno federal, cuya representatividad ejerce el ministro de Agricultura, Carlos Casamiquela. Como la pr\u00f3xima reuni\u00f3n de ese foro est\u00e1 agendada para ma\u00f1ana en la ciudad de Buenos Aires, hoy a las 17,30 se reunir\u00e1n en la casa porte\u00f1a de Santa Fe el cordob\u00e9s Juli\u00e1n Mar\u00eda L\u00f3pez, el santafesino Carlos Fascendini y el bonaerense Alejandro \u0093Topo\u0094 Rodr\u00edguez. El bloque de grandes provincias agropecuarias naci\u00f3 pocas semanas atr\u00e1s, en Expoagro 2014. All\u00ed los gobernadores de Santa Fe, Antonio Bonfatti; de Buenos Aires, Daniel Scioli; y de C\u00f3rdoba, Jos\u00e9 Manuel de la Sota, firmaron un acuerdo [&hellip;]\" \/>\n<meta property=\"og:url\" content=\"https:\/\/proagrolab.com.ar\/buenos-aires-santa-fe-y-cordoba-discuten-un-plan-de-auxilio-a-la-lecheria\/\" \/>\n<meta property=\"og:site_name\" content=\"Proagro\" \/>\n<meta property=\"article:publisher\" content=\"http:\/\/www.facebook.com\/proagrolab\" \/>\n<meta property=\"article:published_time\" content=\"2014-04-22T00:00:01+00:00\" \/>\n<meta property=\"article:modified_time\" content=\"2020-07-01T19:51:08+00:00\" \/>\n<meta property=\"og:image\" content=\"https:\/\/proagrolab.com.ar\/wp-content\/uploads\/2015\/01\/g_hgs92jcfw__Comiendo.jpg\" \/>\n\t<meta property=\"og:image:width\" content=\"450\" \/>\n\t<meta property=\"og:image:height\" content=\"208\" \/>\n\t<meta property=\"og:image:type\" content=\"image\/jpeg\" \/>\n<meta name=\"author\" content=\"proagrolab\" \/>\n<meta name=\"twitter:card\" content=\"summary_large_image\" \/>\n<meta name=\"twitter:label1\" content=\"Written by\" \/>\n\t<meta name=\"twitter:data1\" content=\"proagrolab\" \/>\n\t<meta name=\"twitter:label2\" content=\"Est. reading time\" \/>\n\t<meta name=\"twitter:data2\" content=\"3 minutes\" \/>\n<script type=\"application\/ld+json\" class=\"yoast-schema-graph\">{\"@context\":\"https:\\\/\\\/schema.org\",\"@graph\":[{\"@type\":\"Article\",\"@id\":\"https:\\\/\\\/proagrolab.com.ar\\\/buenos-aires-santa-fe-y-cordoba-discuten-un-plan-de-auxilio-a-la-lecheria\\\/#article\",\"isPartOf\":{\"@id\":\"https:\\\/\\\/proagrolab.com.ar\\\/buenos-aires-santa-fe-y-cordoba-discuten-un-plan-de-auxilio-a-la-lecheria\\\/\"},\"author\":{\"name\":\"proagrolab\",\"@id\":\"https:\\\/\\\/proagrolab.com.ar\\\/#\\\/schema\\\/person\\\/38003ff90bf80381f71c7d922d207444\"},\"headline\":\"Buenos Aires, Santa Fe y C\u00f3rdoba discuten un plan de auxilio a la lecher\u00eda.\",\"datePublished\":\"2014-04-22T00:00:01+00:00\",\"dateModified\":\"2020-07-01T19:51:08+00:00\",\"mainEntityOfPage\":{\"@id\":\"https:\\\/\\\/proagrolab.com.ar\\\/buenos-aires-santa-fe-y-cordoba-discuten-un-plan-de-auxilio-a-la-lecheria\\\/\"},\"wordCount\":542,\"publisher\":{\"@id\":\"https:\\\/\\\/proagrolab.com.ar\\\/#organization\"},\"image\":{\"@id\":\"https:\\\/\\\/proagrolab.com.ar\\\/buenos-aires-santa-fe-y-cordoba-discuten-un-plan-de-auxilio-a-la-lecheria\\\/#primaryimage\"},\"thumbnailUrl\":\"https:\\\/\\\/proagrolab.com.ar\\\/wp-content\\\/uploads\\\/2015\\\/01\\\/g_hgs92jcfw__Comiendo.jpg\",\"articleSection\":[\"News\"],\"inLanguage\":\"en-US\"},{\"@type\":\"WebPage\",\"@id\":\"https:\\\/\\\/proagrolab.com.ar\\\/buenos-aires-santa-fe-y-cordoba-discuten-un-plan-de-auxilio-a-la-lecheria\\\/\",\"url\":\"https:\\\/\\\/proagrolab.com.ar\\\/buenos-aires-santa-fe-y-cordoba-discuten-un-plan-de-auxilio-a-la-lecheria\\\/\",\"name\":\"Buenos Aires, Santa Fe y C\u00f3rdoba discuten un plan de auxilio a la lecher\u00eda. | Proagro\",\"isPartOf\":{\"@id\":\"https:\\\/\\\/proagrolab.com.ar\\\/#website\"},\"primaryImageOfPage\":{\"@id\":\"https:\\\/\\\/proagrolab.com.ar\\\/buenos-aires-santa-fe-y-cordoba-discuten-un-plan-de-auxilio-a-la-lecheria\\\/#primaryimage\"},\"image\":{\"@id\":\"https:\\\/\\\/proagrolab.com.ar\\\/buenos-aires-santa-fe-y-cordoba-discuten-un-plan-de-auxilio-a-la-lecheria\\\/#primaryimage\"},\"thumbnailUrl\":\"https:\\\/\\\/proagrolab.com.ar\\\/wp-content\\\/uploads\\\/2015\\\/01\\\/g_hgs92jcfw__Comiendo.jpg\",\"datePublished\":\"2014-04-22T00:00:01+00:00\",\"dateModified\":\"2020-07-01T19:51:08+00:00\",\"breadcrumb\":{\"@id\":\"https:\\\/\\\/proagrolab.com.ar\\\/buenos-aires-santa-fe-y-cordoba-discuten-un-plan-de-auxilio-a-la-lecheria\\\/#breadcrumb\"},\"inLanguage\":\"en-US\",\"potentialAction\":[{\"@type\":\"ReadAction\",\"target\":[\"https:\\\/\\\/proagrolab.com.ar\\\/buenos-aires-santa-fe-y-cordoba-discuten-un-plan-de-auxilio-a-la-lecheria\\\/\"]}]},{\"@type\":\"ImageObject\",\"inLanguage\":\"en-US\",\"@id\":\"https:\\\/\\\/proagrolab.com.ar\\\/buenos-aires-santa-fe-y-cordoba-discuten-un-plan-de-auxilio-a-la-lecheria\\\/#primaryimage\",\"url\":\"https:\\\/\\\/proagrolab.com.ar\\\/wp-content\\\/uploads\\\/2015\\\/01\\\/g_hgs92jcfw__Comiendo.jpg\",\"contentUrl\":\"https:\\\/\\\/proagrolab.com.ar\\\/wp-content\\\/uploads\\\/2015\\\/01\\\/g_hgs92jcfw__Comiendo.jpg\",\"width\":450,\"height\":208},{\"@type\":\"BreadcrumbList\",\"@id\":\"https:\\\/\\\/proagrolab.com.ar\\\/buenos-aires-santa-fe-y-cordoba-discuten-un-plan-de-auxilio-a-la-lecheria\\\/#breadcrumb\",\"itemListElement\":[{\"@type\":\"ListItem\",\"position\":1,\"name\":\"Portada\",\"item\":\"https:\\\/\\\/proagrolab.com.ar\\\/\"},{\"@type\":\"ListItem\",\"position\":2,\"name\":\"Buenos Aires, Santa Fe y C\u00f3rdoba discuten un plan de auxilio a la lecher\u00eda.\"}]},{\"@type\":\"WebSite\",\"@id\":\"https:\\\/\\\/proagrolab.com.ar\\\/#website\",\"url\":\"https:\\\/\\\/proagrolab.com.ar\\\/\",\"name\":\"Proagro Laboratorio Veterinario\",\"description\":\"Veterinary laboratory\",\"publisher\":{\"@id\":\"https:\\\/\\\/proagrolab.com.ar\\\/#organization\"},\"potentialAction\":[{\"@type\":\"SearchAction\",\"target\":{\"@type\":\"EntryPoint\",\"urlTemplate\":\"https:\\\/\\\/proagrolab.com.ar\\\/?s={search_term_string}\"},\"query-input\":{\"@type\":\"PropertyValueSpecification\",\"valueRequired\":true,\"valueName\":\"search_term_string\"}}],\"inLanguage\":\"en-US\"},{\"@type\":\"Organization\",\"@id\":\"https:\\\/\\\/proagrolab.com.ar\\\/#organization\",\"name\":\"Proagro\",\"url\":\"https:\\\/\\\/proagrolab.com.ar\\\/\",\"logo\":{\"@type\":\"ImageObject\",\"inLanguage\":\"en-US\",\"@id\":\"https:\\\/\\\/proagrolab.com.ar\\\/#\\\/schema\\\/logo\\\/image\\\/\",\"url\":\"https:\\\/\\\/proagrolab.com.ar\\\/wp-content\\\/uploads\\\/2020\\\/04\\\/logo-retina.png\",\"contentUrl\":\"https:\\\/\\\/proagrolab.com.ar\\\/wp-content\\\/uploads\\\/2020\\\/04\\\/logo-retina.png\",\"width\":478,\"height\":120,\"caption\":\"Proagro\"},\"image\":{\"@id\":\"https:\\\/\\\/proagrolab.com.ar\\\/#\\\/schema\\\/logo\\\/image\\\/\"},\"sameAs\":[\"http:\\\/\\\/www.facebook.com\\\/proagrolab\",\"https:\\\/\\\/www.instagram.com\\\/proagrolab\\\/\",\"https:\\\/\\\/www.linkedin.com\\\/company\\\/laboratorio-proagro-s-a\\\/\"]},{\"@type\":\"Person\",\"@id\":\"https:\\\/\\\/proagrolab.com.ar\\\/#\\\/schema\\\/person\\\/38003ff90bf80381f71c7d922d207444\",\"name\":\"proagrolab\"}]}<\/script>\n<!-- \/ Yoast SEO plugin. -->","yoast_head_json":{"title":"Buenos Aires, Santa Fe y C\u00f3rdoba discuten un plan de auxilio a la lecher\u00eda. | Proagro","robots":{"index":"index","follow":"follow","max-snippet":"max-snippet:-1","max-image-preview":"max-image-preview:large","max-video-preview":"max-video-preview:-1"},"canonical":"https:\/\/proagrolab.com.ar\/en\/buenos-aires-santa-fe-y-cordoba-discuten-un-plan-de-auxilio-a-la-lecheria\/","og_locale":"en_US","og_type":"article","og_title":"Buenos Aires, Santa Fe y C\u00f3rdoba discuten un plan de auxilio a la lecher\u00eda. | Proagro","og_description":"Por Mat\u00edas Longoni. Las provincias coordinar\u00e1n pol\u00edticas de est\u00edmulo al campo. Las tres provincias que aportan el grueso de la producci\u00f3n agropecuaria argentina comenzar\u00e1n a elaborar propuestas conjuntas que aspiran a modificar la pol\u00edtica de destrato a la que someti\u00f3 el kirchnerismo al sector rural en los \u00faltimos a\u00f1os. Los ministros de Buenos Aires, Santa Fe y C\u00f3rdoba se ver\u00e1n las caras hoy, unas horas antes de la reuni\u00f3n del Consejo Federal Agropecuario (CFA). Su prioridad ser\u00e1 convencer al gobierno nacional de lanzar medidas en socorro de la lecher\u00eda. El CFA es el \u00e1mbito donde todas las provincias deber\u00edan acordar pol\u00edticas p\u00fablicas para el agro con el gobierno federal, cuya representatividad ejerce el ministro de Agricultura, Carlos Casamiquela. Como la pr\u00f3xima reuni\u00f3n de ese foro est\u00e1 agendada para ma\u00f1ana en la ciudad de Buenos Aires, hoy a las 17,30 se reunir\u00e1n en la casa porte\u00f1a de Santa Fe el cordob\u00e9s Juli\u00e1n Mar\u00eda L\u00f3pez, el santafesino Carlos Fascendini y el bonaerense Alejandro \u0093Topo\u0094 Rodr\u00edguez. El bloque de grandes provincias agropecuarias naci\u00f3 pocas semanas atr\u00e1s, en Expoagro 2014. All\u00ed los gobernadores de Santa Fe, Antonio Bonfatti; de Buenos Aires, Daniel Scioli; y de C\u00f3rdoba, Jos\u00e9 Manuel de la Sota, firmaron un acuerdo [&hellip;]","og_url":"https:\/\/proagrolab.com.ar\/buenos-aires-santa-fe-y-cordoba-discuten-un-plan-de-auxilio-a-la-lecheria\/","og_site_name":"Proagro","article_publisher":"http:\/\/www.facebook.com\/proagrolab","article_published_time":"2014-04-22T00:00:01+00:00","article_modified_time":"2020-07-01T19:51:08+00:00","og_image":[{"width":450,"height":208,"url":"https:\/\/proagrolab.com.ar\/wp-content\/uploads\/2015\/01\/g_hgs92jcfw__Comiendo.jpg","type":"image\/jpeg"}],"author":"proagrolab","twitter_card":"summary_large_image","twitter_misc":{"Written by":"proagrolab","Est. reading time":"3 minutes"},"schema":{"@context":"https:\/\/schema.org","@graph":[{"@type":"Article","@id":"https:\/\/proagrolab.com.ar\/buenos-aires-santa-fe-y-cordoba-discuten-un-plan-de-auxilio-a-la-lecheria\/#article","isPartOf":{"@id":"https:\/\/proagrolab.com.ar\/buenos-aires-santa-fe-y-cordoba-discuten-un-plan-de-auxilio-a-la-lecheria\/"},"author":{"name":"proagrolab","@id":"https:\/\/proagrolab.com.ar\/#\/schema\/person\/38003ff90bf80381f71c7d922d207444"},"headline":"Buenos Aires, Santa Fe y C\u00f3rdoba discuten un plan de auxilio a la lecher\u00eda.","datePublished":"2014-04-22T00:00:01+00:00","dateModified":"2020-07-01T19:51:08+00:00","mainEntityOfPage":{"@id":"https:\/\/proagrolab.com.ar\/buenos-aires-santa-fe-y-cordoba-discuten-un-plan-de-auxilio-a-la-lecheria\/"},"wordCount":542,"publisher":{"@id":"https:\/\/proagrolab.com.ar\/#organization"},"image":{"@id":"https:\/\/proagrolab.com.ar\/buenos-aires-santa-fe-y-cordoba-discuten-un-plan-de-auxilio-a-la-lecheria\/#primaryimage"},"thumbnailUrl":"https:\/\/proagrolab.com.ar\/wp-content\/uploads\/2015\/01\/g_hgs92jcfw__Comiendo.jpg","articleSection":["News"],"inLanguage":"en-US"},{"@type":"WebPage","@id":"https:\/\/proagrolab.com.ar\/buenos-aires-santa-fe-y-cordoba-discuten-un-plan-de-auxilio-a-la-lecheria\/","url":"https:\/\/proagrolab.com.ar\/buenos-aires-santa-fe-y-cordoba-discuten-un-plan-de-auxilio-a-la-lecheria\/","name":"Buenos Aires, Santa Fe y C\u00f3rdoba discuten un plan de auxilio a la lecher\u00eda. | Proagro","isPartOf":{"@id":"https:\/\/proagrolab.com.ar\/#website"},"primaryImageOfPage":{"@id":"https:\/\/proagrolab.com.ar\/buenos-aires-santa-fe-y-cordoba-discuten-un-plan-de-auxilio-a-la-lecheria\/#primaryimage"},"image":{"@id":"https:\/\/proagrolab.com.ar\/buenos-aires-santa-fe-y-cordoba-discuten-un-plan-de-auxilio-a-la-lecheria\/#primaryimage"},"thumbnailUrl":"https:\/\/proagrolab.com.ar\/wp-content\/uploads\/2015\/01\/g_hgs92jcfw__Comiendo.jpg","datePublished":"2014-04-22T00:00:01+00:00","dateModified":"2020-07-01T19:51:08+00:00","breadcrumb":{"@id":"https:\/\/proagrolab.com.ar\/buenos-aires-santa-fe-y-cordoba-discuten-un-plan-de-auxilio-a-la-lecheria\/#breadcrumb"},"inLanguage":"en-US","potentialAction":[{"@type":"ReadAction","target":["https:\/\/proagrolab.com.ar\/buenos-aires-santa-fe-y-cordoba-discuten-un-plan-de-auxilio-a-la-lecheria\/"]}]},{"@type":"ImageObject","inLanguage":"en-US","@id":"https:\/\/proagrolab.com.ar\/buenos-aires-santa-fe-y-cordoba-discuten-un-plan-de-auxilio-a-la-lecheria\/#primaryimage","url":"https:\/\/proagrolab.com.ar\/wp-content\/uploads\/2015\/01\/g_hgs92jcfw__Comiendo.jpg","contentUrl":"https:\/\/proagrolab.com.ar\/wp-content\/uploads\/2015\/01\/g_hgs92jcfw__Comiendo.jpg","width":450,"height":208},{"@type":"BreadcrumbList","@id":"https:\/\/proagrolab.com.ar\/buenos-aires-santa-fe-y-cordoba-discuten-un-plan-de-auxilio-a-la-lecheria\/#breadcrumb","itemListElement":[{"@type":"ListItem","position":1,"name":"Portada","item":"https:\/\/proagrolab.com.ar\/"},{"@type":"ListItem","position":2,"name":"Buenos Aires, Santa Fe y C\u00f3rdoba discuten un plan de auxilio a la lecher\u00eda."}]},{"@type":"WebSite","@id":"https:\/\/proagrolab.com.ar\/#website","url":"https:\/\/proagrolab.com.ar\/","name":"Proagro Laboratorio Veterinario","description":"Veterinary laboratory","publisher":{"@id":"https:\/\/proagrolab.com.ar\/#organization"},"potentialAction":[{"@type":"SearchAction","target":{"@type":"EntryPoint","urlTemplate":"https:\/\/proagrolab.com.ar\/?s={search_term_string}"},"query-input":{"@type":"PropertyValueSpecification","valueRequired":true,"valueName":"search_term_string"}}],"inLanguage":"en-US"},{"@type":"Organization","@id":"https:\/\/proagrolab.com.ar\/#organization","name":"Proagro","url":"https:\/\/proagrolab.com.ar\/","logo":{"@type":"ImageObject","inLanguage":"en-US","@id":"https:\/\/proagrolab.com.ar\/#\/schema\/logo\/image\/","url":"https:\/\/proagrolab.com.ar\/wp-content\/uploads\/2020\/04\/logo-retina.png","contentUrl":"https:\/\/proagrolab.com.ar\/wp-content\/uploads\/2020\/04\/logo-retina.png","width":478,"height":120,"caption":"Proagro"},"image":{"@id":"https:\/\/proagrolab.com.ar\/#\/schema\/logo\/image\/"},"sameAs":["http:\/\/www.facebook.com\/proagrolab","https:\/\/www.instagram.com\/proagrolab\/","https:\/\/www.linkedin.com\/company\/laboratorio-proagro-s-a\/"]},{"@type":"Person","@id":"https:\/\/proagrolab.com.ar\/#\/schema\/person\/38003ff90bf80381f71c7d922d207444","name":"proagrolab"}]}},"_links":{"self":[{"href":"https:\/\/proagrolab.com.ar\/en\/wp-json\/wp\/v2\/posts\/6072","targetHints":{"allow":["GET"]}}],"collection":[{"href":"https:\/\/proagrolab.com.ar\/en\/wp-json\/wp\/v2\/posts"}],"about":[{"href":"https:\/\/proagrolab.com.ar\/en\/wp-json\/wp\/v2\/types\/post"}],"author":[{"embeddable":true,"href":"https:\/\/proagrolab.com.ar\/en\/wp-json\/wp\/v2\/users\/2"}],"replies":[{"embeddable":true,"href":"https:\/\/proagrolab.com.ar\/en\/wp-json\/wp\/v2\/comments?post=6072"}],"version-history":[{"count":1,"href":"https:\/\/proagrolab.com.ar\/en\/wp-json\/wp\/v2\/posts\/6072\/revisions"}],"predecessor-version":[{"id":14532,"href":"https:\/\/proagrolab.com.ar\/en\/wp-json\/wp\/v2\/posts\/6072\/revisions\/14532"}],"wp:featuredmedia":[{"embeddable":true,"href":"https:\/\/proagrolab.com.ar\/en\/wp-json\/wp\/v2\/media\/2559"}],"wp:attachment":[{"href":"https:\/\/proagrolab.com.ar\/en\/wp-json\/wp\/v2\/media?parent=6072"}],"wp:term":[{"taxonomy":"category","embeddable":true,"href":"https:\/\/proagrolab.com.ar\/en\/wp-json\/wp\/v2\/categories?post=6072"},{"taxonomy":"post_tag","embeddable":true,"href":"https:\/\/proagrolab.com.ar\/en\/wp-json\/wp\/v2\/tags?post=6072"}],"curies":[{"name":"wp","href":"https:\/\/api.w.org\/{rel}","templated":true}]}}