{"id":6068,"date":"2014-04-17T00:00:01","date_gmt":"2014-04-17T00:00:01","guid":{"rendered":"https:\/\/proagrolab.com.ar\/cayo-33-el-consumo-de-carne-por-menor-oferta-y-subas-en-el-mostrador\/"},"modified":"2020-07-02T12:30:34","modified_gmt":"2020-07-02T12:30:34","slug":"cayo-33-el-consumo-de-carne-por-menor-oferta-y-subas-en-el-mostrador","status":"publish","type":"post","link":"https:\/\/proagrolab.com.ar\/en\/cayo-33-el-consumo-de-carne-por-menor-oferta-y-subas-en-el-mostrador\/","title":{"rendered":"Cay\u00f3 3,3% el consumo de carne, por menor oferta y subas en el mostrador."},"content":{"rendered":"<p class=\"qtranxs-available-languages-message qtranxs-available-languages-message-en\"> <\/p><p>El consumo por habitante de carne vacuna retrocedi\u00f3 3,3% interanual durante el primer trimestre del a\u00f1o, en medio de una oferta restringida de hacienda, que limit\u00f3 la producci\u00f3n, y deriv\u00f3 en un alza de los valores de la hacienda y, por consiguiente, de los precios al consumidor.<\/p>\n<p>Si bien el Indec admiti\u00f3 una alza de los precios de la carne de 2,3% para marzo, relevamientos privados ubican el alza de los bifes entre el 5% y el 16%, solo para el tercer mes del a\u00f1o.<\/p>\n<p>De acuerdo con el informe mensual de la C\u00e1mara de la Industria de la Carne (Ciccra), que dirige Miguel Schiariti, el consumo por habitante qued\u00f3 en un promedio de 58,8 kilogramos por a\u00f1o entre enero y marzo \u00faltimos, contra los 60,8 del primer trimestre de 2013.<\/p>\n<p>Las razones para la baja en el consumo deben buscarse en la menor oferta bovina de los primeros meses de este 2014. Seg\u00fan datos oficiales, en marzo, la faena de ganado fue 5,2% superior a la del mismo mes de 2013, pero la producci\u00f3n fue apenas 0,9% superior en la comparaci\u00f3n interanual. Eso, indic\u00f3 Ciccra, se debe a que con \u00ednfimas exportaciones se mandan al matadero animales m\u00e1s livianos. Las ventas al mundo de carne vacuna fueron m\u00e1s que bajas: cayeron casi 23% interanual y totalizaron 24.080 toneladas de res con hueso. Representan 1 bife, de 170 gramos, por argentino, grafic\u00f3 Schiariti a El Cronista.<\/p>\n<p>En el primer trimestre, la faena estuvo 0,3%, o solo 10.000 cabezas m\u00e1s, encima de igual per\u00edodo del a\u00f1o pasado, mientras la producci\u00f3n de res con hueso fue 3,2% menor a la del mismo lapso de 2013. Algunos analistas creen que la situaci\u00f3n es m\u00e1s cr\u00edtica que la revelan de los n\u00fameros oficiales y que tanto la faena como la producci\u00f3n cayeron m\u00e1s en los primeros meses de 2014.<\/p>\n<p>La oferta limitada de hacienda durante el arranque del a\u00f1o se combin\u00f3 con factores clim\u00e1ticos y el efecto devaluaci\u00f3n del peso, que permitieron mejoras de hasta 14% promedio en los valores del ganado en pie. No obstante, remarc\u00f3 Schiariti, el alza de precios de la hacienda no termina de cubrir los costos de los ganaderos, que siguieron enviando m\u00e1s cantidad de vacas a faena. En marzo, las hembras representaron el 45,3% del total de hacienda vacuna faenada, el registro m\u00e1s alto para el mes desde 2010 (cuando fueron el 48,2%).<\/p>\n<p>Fuente: El Cronista, 16 de abril.<br \/><\/p>","protected":false},"excerpt":{"rendered":"<p>El consumo por habitante de carne vacuna retrocedi\u00f3 3,3% interanual durante el primer trimestre del a\u00f1o, en medio de una oferta restringida de hacienda, que limit\u00f3 la producci\u00f3n, y deriv\u00f3 en un alza de los valores de la hacienda y, por consiguiente, de los precios al consumidor. Si bien el Indec admiti\u00f3 una alza de los precios de la carne de 2,3% para marzo, relevamientos privados ubican el alza de los bifes entre el 5% y el 16%, solo para el tercer mes del a\u00f1o. De acuerdo con el informe mensual de la C\u00e1mara de la Industria de la Carne (Ciccra), que dirige Miguel Schiariti, el consumo por habitante qued\u00f3 en un promedio de 58,8 kilogramos por a\u00f1o entre enero y marzo \u00faltimos, contra los 60,8 del primer trimestre de 2013. Las razones para la baja en el consumo deben buscarse en la menor oferta bovina de los primeros meses de este 2014. Seg\u00fan datos oficiales, en marzo, la faena de ganado fue 5,2% superior a la del mismo mes de 2013, pero la producci\u00f3n fue apenas 0,9% superior en la comparaci\u00f3n interanual. Eso, indic\u00f3 Ciccra, se debe a que con \u00ednfimas exportaciones se mandan al matadero animales m\u00e1s livianos. [&hellip;]<\/p>\n","protected":false},"author":2,"featured_media":2555,"comment_status":"closed","ping_status":"open","sticky":false,"template":"","format":"standard","meta":{"_acf_changed":false,"footnotes":""},"categories":[56],"tags":[],"class_list":["post-6068","post","type-post","status-publish","format-standard","has-post-thumbnail","hentry","category-infoganadero"],"acf":[],"yoast_head":"<!-- This site is optimized with the Yoast SEO plugin v27.4 - https:\/\/yoast.com\/product\/yoast-seo-wordpress\/ -->\n<title>Cay\u00f3 3,3% el consumo de carne, por menor oferta y subas en el mostrador. | Proagro<\/title>\n<meta name=\"robots\" content=\"index, follow, max-snippet:-1, max-image-preview:large, max-video-preview:-1\" \/>\n<link rel=\"canonical\" href=\"https:\/\/proagrolab.com.ar\/en\/cayo-33-el-consumo-de-carne-por-menor-oferta-y-subas-en-el-mostrador\/\" \/>\n<meta property=\"og:locale\" content=\"en_US\" \/>\n<meta property=\"og:type\" content=\"article\" \/>\n<meta property=\"og:title\" content=\"Cay\u00f3 3,3% el consumo de carne, por menor oferta y subas en el mostrador. | Proagro\" \/>\n<meta property=\"og:description\" content=\"El consumo por habitante de carne vacuna retrocedi\u00f3 3,3% interanual durante el primer trimestre del a\u00f1o, en medio de una oferta restringida de hacienda, que limit\u00f3 la producci\u00f3n, y deriv\u00f3 en un alza de los valores de la hacienda y, por consiguiente, de los precios al consumidor. Si bien el Indec admiti\u00f3 una alza de los precios de la carne de 2,3% para marzo, relevamientos privados ubican el alza de los bifes entre el 5% y el 16%, solo para el tercer mes del a\u00f1o. De acuerdo con el informe mensual de la C\u00e1mara de la Industria de la Carne (Ciccra), que dirige Miguel Schiariti, el consumo por habitante qued\u00f3 en un promedio de 58,8 kilogramos por a\u00f1o entre enero y marzo \u00faltimos, contra los 60,8 del primer trimestre de 2013. Las razones para la baja en el consumo deben buscarse en la menor oferta bovina de los primeros meses de este 2014. Seg\u00fan datos oficiales, en marzo, la faena de ganado fue 5,2% superior a la del mismo mes de 2013, pero la producci\u00f3n fue apenas 0,9% superior en la comparaci\u00f3n interanual. Eso, indic\u00f3 Ciccra, se debe a que con \u00ednfimas exportaciones se mandan al matadero animales m\u00e1s livianos. [&hellip;]\" \/>\n<meta property=\"og:url\" content=\"https:\/\/proagrolab.com.ar\/cayo-33-el-consumo-de-carne-por-menor-oferta-y-subas-en-el-mostrador\/\" \/>\n<meta property=\"og:site_name\" content=\"Proagro\" \/>\n<meta property=\"article:publisher\" content=\"http:\/\/www.facebook.com\/proagrolab\" \/>\n<meta property=\"article:published_time\" content=\"2014-04-17T00:00:01+00:00\" \/>\n<meta property=\"article:modified_time\" content=\"2020-07-02T12:30:34+00:00\" \/>\n<meta property=\"og:image\" content=\"https:\/\/proagrolab.com.ar\/wp-content\/uploads\/2015\/01\/g_qymdpgjr8__Consumo.jpg\" \/>\n\t<meta property=\"og:image:width\" content=\"450\" \/>\n\t<meta property=\"og:image:height\" content=\"208\" \/>\n\t<meta property=\"og:image:type\" content=\"image\/jpeg\" \/>\n<meta name=\"author\" content=\"proagrolab\" \/>\n<meta name=\"twitter:card\" content=\"summary_large_image\" \/>\n<meta name=\"twitter:label1\" content=\"Written by\" \/>\n\t<meta name=\"twitter:data1\" content=\"proagrolab\" \/>\n\t<meta name=\"twitter:label2\" content=\"Est. reading time\" \/>\n\t<meta name=\"twitter:data2\" content=\"2 minutes\" \/>\n<script type=\"application\/ld+json\" class=\"yoast-schema-graph\">{\"@context\":\"https:\\\/\\\/schema.org\",\"@graph\":[{\"@type\":\"Article\",\"@id\":\"https:\\\/\\\/proagrolab.com.ar\\\/cayo-33-el-consumo-de-carne-por-menor-oferta-y-subas-en-el-mostrador\\\/#article\",\"isPartOf\":{\"@id\":\"https:\\\/\\\/proagrolab.com.ar\\\/cayo-33-el-consumo-de-carne-por-menor-oferta-y-subas-en-el-mostrador\\\/\"},\"author\":{\"name\":\"proagrolab\",\"@id\":\"https:\\\/\\\/proagrolab.com.ar\\\/#\\\/schema\\\/person\\\/38003ff90bf80381f71c7d922d207444\"},\"headline\":\"Cay\u00f3 3,3% el consumo de carne, por menor oferta y subas en el mostrador.\",\"datePublished\":\"2014-04-17T00:00:01+00:00\",\"dateModified\":\"2020-07-02T12:30:34+00:00\",\"mainEntityOfPage\":{\"@id\":\"https:\\\/\\\/proagrolab.com.ar\\\/cayo-33-el-consumo-de-carne-por-menor-oferta-y-subas-en-el-mostrador\\\/\"},\"wordCount\":414,\"publisher\":{\"@id\":\"https:\\\/\\\/proagrolab.com.ar\\\/#organization\"},\"image\":{\"@id\":\"https:\\\/\\\/proagrolab.com.ar\\\/cayo-33-el-consumo-de-carne-por-menor-oferta-y-subas-en-el-mostrador\\\/#primaryimage\"},\"thumbnailUrl\":\"https:\\\/\\\/proagrolab.com.ar\\\/wp-content\\\/uploads\\\/2015\\\/01\\\/g_qymdpgjr8__Consumo.jpg\",\"articleSection\":[\"News\"],\"inLanguage\":\"en-US\"},{\"@type\":\"WebPage\",\"@id\":\"https:\\\/\\\/proagrolab.com.ar\\\/cayo-33-el-consumo-de-carne-por-menor-oferta-y-subas-en-el-mostrador\\\/\",\"url\":\"https:\\\/\\\/proagrolab.com.ar\\\/cayo-33-el-consumo-de-carne-por-menor-oferta-y-subas-en-el-mostrador\\\/\",\"name\":\"Cay\u00f3 3,3% el consumo de carne, por menor oferta y subas en el mostrador. | Proagro\",\"isPartOf\":{\"@id\":\"https:\\\/\\\/proagrolab.com.ar\\\/#website\"},\"primaryImageOfPage\":{\"@id\":\"https:\\\/\\\/proagrolab.com.ar\\\/cayo-33-el-consumo-de-carne-por-menor-oferta-y-subas-en-el-mostrador\\\/#primaryimage\"},\"image\":{\"@id\":\"https:\\\/\\\/proagrolab.com.ar\\\/cayo-33-el-consumo-de-carne-por-menor-oferta-y-subas-en-el-mostrador\\\/#primaryimage\"},\"thumbnailUrl\":\"https:\\\/\\\/proagrolab.com.ar\\\/wp-content\\\/uploads\\\/2015\\\/01\\\/g_qymdpgjr8__Consumo.jpg\",\"datePublished\":\"2014-04-17T00:00:01+00:00\",\"dateModified\":\"2020-07-02T12:30:34+00:00\",\"breadcrumb\":{\"@id\":\"https:\\\/\\\/proagrolab.com.ar\\\/cayo-33-el-consumo-de-carne-por-menor-oferta-y-subas-en-el-mostrador\\\/#breadcrumb\"},\"inLanguage\":\"en-US\",\"potentialAction\":[{\"@type\":\"ReadAction\",\"target\":[\"https:\\\/\\\/proagrolab.com.ar\\\/cayo-33-el-consumo-de-carne-por-menor-oferta-y-subas-en-el-mostrador\\\/\"]}]},{\"@type\":\"ImageObject\",\"inLanguage\":\"en-US\",\"@id\":\"https:\\\/\\\/proagrolab.com.ar\\\/cayo-33-el-consumo-de-carne-por-menor-oferta-y-subas-en-el-mostrador\\\/#primaryimage\",\"url\":\"https:\\\/\\\/proagrolab.com.ar\\\/wp-content\\\/uploads\\\/2015\\\/01\\\/g_qymdpgjr8__Consumo.jpg\",\"contentUrl\":\"https:\\\/\\\/proagrolab.com.ar\\\/wp-content\\\/uploads\\\/2015\\\/01\\\/g_qymdpgjr8__Consumo.jpg\",\"width\":450,\"height\":208},{\"@type\":\"BreadcrumbList\",\"@id\":\"https:\\\/\\\/proagrolab.com.ar\\\/cayo-33-el-consumo-de-carne-por-menor-oferta-y-subas-en-el-mostrador\\\/#breadcrumb\",\"itemListElement\":[{\"@type\":\"ListItem\",\"position\":1,\"name\":\"Portada\",\"item\":\"https:\\\/\\\/proagrolab.com.ar\\\/\"},{\"@type\":\"ListItem\",\"position\":2,\"name\":\"Cay\u00f3 3,3% el consumo de carne, por menor oferta y subas en el mostrador.\"}]},{\"@type\":\"WebSite\",\"@id\":\"https:\\\/\\\/proagrolab.com.ar\\\/#website\",\"url\":\"https:\\\/\\\/proagrolab.com.ar\\\/\",\"name\":\"Proagro Laboratorio Veterinario\",\"description\":\"Veterinary laboratory\",\"publisher\":{\"@id\":\"https:\\\/\\\/proagrolab.com.ar\\\/#organization\"},\"potentialAction\":[{\"@type\":\"SearchAction\",\"target\":{\"@type\":\"EntryPoint\",\"urlTemplate\":\"https:\\\/\\\/proagrolab.com.ar\\\/?s={search_term_string}\"},\"query-input\":{\"@type\":\"PropertyValueSpecification\",\"valueRequired\":true,\"valueName\":\"search_term_string\"}}],\"inLanguage\":\"en-US\"},{\"@type\":\"Organization\",\"@id\":\"https:\\\/\\\/proagrolab.com.ar\\\/#organization\",\"name\":\"Proagro\",\"url\":\"https:\\\/\\\/proagrolab.com.ar\\\/\",\"logo\":{\"@type\":\"ImageObject\",\"inLanguage\":\"en-US\",\"@id\":\"https:\\\/\\\/proagrolab.com.ar\\\/#\\\/schema\\\/logo\\\/image\\\/\",\"url\":\"https:\\\/\\\/proagrolab.com.ar\\\/wp-content\\\/uploads\\\/2020\\\/04\\\/logo-retina.png\",\"contentUrl\":\"https:\\\/\\\/proagrolab.com.ar\\\/wp-content\\\/uploads\\\/2020\\\/04\\\/logo-retina.png\",\"width\":478,\"height\":120,\"caption\":\"Proagro\"},\"image\":{\"@id\":\"https:\\\/\\\/proagrolab.com.ar\\\/#\\\/schema\\\/logo\\\/image\\\/\"},\"sameAs\":[\"http:\\\/\\\/www.facebook.com\\\/proagrolab\",\"https:\\\/\\\/www.instagram.com\\\/proagrolab\\\/\",\"https:\\\/\\\/www.linkedin.com\\\/company\\\/laboratorio-proagro-s-a\\\/\"]},{\"@type\":\"Person\",\"@id\":\"https:\\\/\\\/proagrolab.com.ar\\\/#\\\/schema\\\/person\\\/38003ff90bf80381f71c7d922d207444\",\"name\":\"proagrolab\"}]}<\/script>\n<!-- \/ Yoast SEO plugin. -->","yoast_head_json":{"title":"Cay\u00f3 3,3% el consumo de carne, por menor oferta y subas en el mostrador. | Proagro","robots":{"index":"index","follow":"follow","max-snippet":"max-snippet:-1","max-image-preview":"max-image-preview:large","max-video-preview":"max-video-preview:-1"},"canonical":"https:\/\/proagrolab.com.ar\/en\/cayo-33-el-consumo-de-carne-por-menor-oferta-y-subas-en-el-mostrador\/","og_locale":"en_US","og_type":"article","og_title":"Cay\u00f3 3,3% el consumo de carne, por menor oferta y subas en el mostrador. | Proagro","og_description":"El consumo por habitante de carne vacuna retrocedi\u00f3 3,3% interanual durante el primer trimestre del a\u00f1o, en medio de una oferta restringida de hacienda, que limit\u00f3 la producci\u00f3n, y deriv\u00f3 en un alza de los valores de la hacienda y, por consiguiente, de los precios al consumidor. Si bien el Indec admiti\u00f3 una alza de los precios de la carne de 2,3% para marzo, relevamientos privados ubican el alza de los bifes entre el 5% y el 16%, solo para el tercer mes del a\u00f1o. De acuerdo con el informe mensual de la C\u00e1mara de la Industria de la Carne (Ciccra), que dirige Miguel Schiariti, el consumo por habitante qued\u00f3 en un promedio de 58,8 kilogramos por a\u00f1o entre enero y marzo \u00faltimos, contra los 60,8 del primer trimestre de 2013. Las razones para la baja en el consumo deben buscarse en la menor oferta bovina de los primeros meses de este 2014. Seg\u00fan datos oficiales, en marzo, la faena de ganado fue 5,2% superior a la del mismo mes de 2013, pero la producci\u00f3n fue apenas 0,9% superior en la comparaci\u00f3n interanual. Eso, indic\u00f3 Ciccra, se debe a que con \u00ednfimas exportaciones se mandan al matadero animales m\u00e1s livianos. [&hellip;]","og_url":"https:\/\/proagrolab.com.ar\/cayo-33-el-consumo-de-carne-por-menor-oferta-y-subas-en-el-mostrador\/","og_site_name":"Proagro","article_publisher":"http:\/\/www.facebook.com\/proagrolab","article_published_time":"2014-04-17T00:00:01+00:00","article_modified_time":"2020-07-02T12:30:34+00:00","og_image":[{"width":450,"height":208,"url":"https:\/\/proagrolab.com.ar\/wp-content\/uploads\/2015\/01\/g_qymdpgjr8__Consumo.jpg","type":"image\/jpeg"}],"author":"proagrolab","twitter_card":"summary_large_image","twitter_misc":{"Written by":"proagrolab","Est. reading time":"2 minutes"},"schema":{"@context":"https:\/\/schema.org","@graph":[{"@type":"Article","@id":"https:\/\/proagrolab.com.ar\/cayo-33-el-consumo-de-carne-por-menor-oferta-y-subas-en-el-mostrador\/#article","isPartOf":{"@id":"https:\/\/proagrolab.com.ar\/cayo-33-el-consumo-de-carne-por-menor-oferta-y-subas-en-el-mostrador\/"},"author":{"name":"proagrolab","@id":"https:\/\/proagrolab.com.ar\/#\/schema\/person\/38003ff90bf80381f71c7d922d207444"},"headline":"Cay\u00f3 3,3% el consumo de carne, por menor oferta y subas en el mostrador.","datePublished":"2014-04-17T00:00:01+00:00","dateModified":"2020-07-02T12:30:34+00:00","mainEntityOfPage":{"@id":"https:\/\/proagrolab.com.ar\/cayo-33-el-consumo-de-carne-por-menor-oferta-y-subas-en-el-mostrador\/"},"wordCount":414,"publisher":{"@id":"https:\/\/proagrolab.com.ar\/#organization"},"image":{"@id":"https:\/\/proagrolab.com.ar\/cayo-33-el-consumo-de-carne-por-menor-oferta-y-subas-en-el-mostrador\/#primaryimage"},"thumbnailUrl":"https:\/\/proagrolab.com.ar\/wp-content\/uploads\/2015\/01\/g_qymdpgjr8__Consumo.jpg","articleSection":["News"],"inLanguage":"en-US"},{"@type":"WebPage","@id":"https:\/\/proagrolab.com.ar\/cayo-33-el-consumo-de-carne-por-menor-oferta-y-subas-en-el-mostrador\/","url":"https:\/\/proagrolab.com.ar\/cayo-33-el-consumo-de-carne-por-menor-oferta-y-subas-en-el-mostrador\/","name":"Cay\u00f3 3,3% el consumo de carne, por menor oferta y subas en el mostrador. | Proagro","isPartOf":{"@id":"https:\/\/proagrolab.com.ar\/#website"},"primaryImageOfPage":{"@id":"https:\/\/proagrolab.com.ar\/cayo-33-el-consumo-de-carne-por-menor-oferta-y-subas-en-el-mostrador\/#primaryimage"},"image":{"@id":"https:\/\/proagrolab.com.ar\/cayo-33-el-consumo-de-carne-por-menor-oferta-y-subas-en-el-mostrador\/#primaryimage"},"thumbnailUrl":"https:\/\/proagrolab.com.ar\/wp-content\/uploads\/2015\/01\/g_qymdpgjr8__Consumo.jpg","datePublished":"2014-04-17T00:00:01+00:00","dateModified":"2020-07-02T12:30:34+00:00","breadcrumb":{"@id":"https:\/\/proagrolab.com.ar\/cayo-33-el-consumo-de-carne-por-menor-oferta-y-subas-en-el-mostrador\/#breadcrumb"},"inLanguage":"en-US","potentialAction":[{"@type":"ReadAction","target":["https:\/\/proagrolab.com.ar\/cayo-33-el-consumo-de-carne-por-menor-oferta-y-subas-en-el-mostrador\/"]}]},{"@type":"ImageObject","inLanguage":"en-US","@id":"https:\/\/proagrolab.com.ar\/cayo-33-el-consumo-de-carne-por-menor-oferta-y-subas-en-el-mostrador\/#primaryimage","url":"https:\/\/proagrolab.com.ar\/wp-content\/uploads\/2015\/01\/g_qymdpgjr8__Consumo.jpg","contentUrl":"https:\/\/proagrolab.com.ar\/wp-content\/uploads\/2015\/01\/g_qymdpgjr8__Consumo.jpg","width":450,"height":208},{"@type":"BreadcrumbList","@id":"https:\/\/proagrolab.com.ar\/cayo-33-el-consumo-de-carne-por-menor-oferta-y-subas-en-el-mostrador\/#breadcrumb","itemListElement":[{"@type":"ListItem","position":1,"name":"Portada","item":"https:\/\/proagrolab.com.ar\/"},{"@type":"ListItem","position":2,"name":"Cay\u00f3 3,3% el consumo de carne, por menor oferta y subas en el mostrador."}]},{"@type":"WebSite","@id":"https:\/\/proagrolab.com.ar\/#website","url":"https:\/\/proagrolab.com.ar\/","name":"Proagro Laboratorio Veterinario","description":"Veterinary laboratory","publisher":{"@id":"https:\/\/proagrolab.com.ar\/#organization"},"potentialAction":[{"@type":"SearchAction","target":{"@type":"EntryPoint","urlTemplate":"https:\/\/proagrolab.com.ar\/?s={search_term_string}"},"query-input":{"@type":"PropertyValueSpecification","valueRequired":true,"valueName":"search_term_string"}}],"inLanguage":"en-US"},{"@type":"Organization","@id":"https:\/\/proagrolab.com.ar\/#organization","name":"Proagro","url":"https:\/\/proagrolab.com.ar\/","logo":{"@type":"ImageObject","inLanguage":"en-US","@id":"https:\/\/proagrolab.com.ar\/#\/schema\/logo\/image\/","url":"https:\/\/proagrolab.com.ar\/wp-content\/uploads\/2020\/04\/logo-retina.png","contentUrl":"https:\/\/proagrolab.com.ar\/wp-content\/uploads\/2020\/04\/logo-retina.png","width":478,"height":120,"caption":"Proagro"},"image":{"@id":"https:\/\/proagrolab.com.ar\/#\/schema\/logo\/image\/"},"sameAs":["http:\/\/www.facebook.com\/proagrolab","https:\/\/www.instagram.com\/proagrolab\/","https:\/\/www.linkedin.com\/company\/laboratorio-proagro-s-a\/"]},{"@type":"Person","@id":"https:\/\/proagrolab.com.ar\/#\/schema\/person\/38003ff90bf80381f71c7d922d207444","name":"proagrolab"}]}},"_links":{"self":[{"href":"https:\/\/proagrolab.com.ar\/en\/wp-json\/wp\/v2\/posts\/6068","targetHints":{"allow":["GET"]}}],"collection":[{"href":"https:\/\/proagrolab.com.ar\/en\/wp-json\/wp\/v2\/posts"}],"about":[{"href":"https:\/\/proagrolab.com.ar\/en\/wp-json\/wp\/v2\/types\/post"}],"author":[{"embeddable":true,"href":"https:\/\/proagrolab.com.ar\/en\/wp-json\/wp\/v2\/users\/2"}],"replies":[{"embeddable":true,"href":"https:\/\/proagrolab.com.ar\/en\/wp-json\/wp\/v2\/comments?post=6068"}],"version-history":[{"count":1,"href":"https:\/\/proagrolab.com.ar\/en\/wp-json\/wp\/v2\/posts\/6068\/revisions"}],"predecessor-version":[{"id":14577,"href":"https:\/\/proagrolab.com.ar\/en\/wp-json\/wp\/v2\/posts\/6068\/revisions\/14577"}],"wp:featuredmedia":[{"embeddable":true,"href":"https:\/\/proagrolab.com.ar\/en\/wp-json\/wp\/v2\/media\/2555"}],"wp:attachment":[{"href":"https:\/\/proagrolab.com.ar\/en\/wp-json\/wp\/v2\/media?parent=6068"}],"wp:term":[{"taxonomy":"category","embeddable":true,"href":"https:\/\/proagrolab.com.ar\/en\/wp-json\/wp\/v2\/categories?post=6068"},{"taxonomy":"post_tag","embeddable":true,"href":"https:\/\/proagrolab.com.ar\/en\/wp-json\/wp\/v2\/tags?post=6068"}],"curies":[{"name":"wp","href":"https:\/\/api.w.org\/{rel}","templated":true}]}}