{"id":6065,"date":"2014-04-17T00:00:01","date_gmt":"2014-04-17T00:00:01","guid":{"rendered":"https:\/\/proagrolab.com.ar\/santa-fe-decreto-la-emergencia-agropecuaria-en-las-localidades-afectadas-por-las-lluvias\/"},"modified":"2020-07-02T12:29:52","modified_gmt":"2020-07-02T12:29:52","slug":"santa-fe-decreto-la-emergencia-agropecuaria-en-las-localidades-afectadas-por-las-lluvias","status":"publish","type":"post","link":"https:\/\/proagrolab.com.ar\/en\/santa-fe-decreto-la-emergencia-agropecuaria-en-las-localidades-afectadas-por-las-lluvias\/","title":{"rendered":"Santa Fe decret\u00f3 la emergencia agropecuaria en las localidades afectadas por las lluvias."},"content":{"rendered":"<p class=\"qtranxs-available-languages-message qtranxs-available-languages-message-en\"> <\/p><p>La medida rige desde el 1\u00b0 de marzo de 2014 hasta el 30 de agosto del corriente a\u00f1o y alcanza a diferentes distritos de 14 departamentos. \u00bfQu\u00e9 deben hacer los productores damnificados?<\/p>\n<p>El vicegobernador de Santa Fe Jorge Henn, a cargo del Poder Ejecutivo, firm\u00f3 el decreto N\u00ba 913, que declara en emergencia a las explotaciones agropecuarias y ap\u00edcolas afectadas por el exceso de precipitaciones y anegamientos temporarios en localidades de diferentes partes de la provincia, desde el 1\u00b0 de marzo de 2014 hasta el 30 de agosto del corriente a\u00f1o.<\/p>\n<p>El decreto comprende a la totalidad de los departamentos Las Colonias, San Jer\u00f3nimo, San Crist\u00f3bal, San Justo, San Mart\u00edn, Garay, General L\u00f3pez,&nbsp; Vera, Castellanos, y los distritos de Gato Colorado, Gregoria P\u00e9rez de Denis (departamento 9 de Julio), Romang (departamento San Javier), Godeken (departamento Caseros), Emilia, Llambi Campbell, Cabal, Laguna Paiva, Campo Andino, Nelson, Recreo, Monte Vera, Santo Tom\u00e9 y Sauce Viejo (departamento La Capital).<\/p>\n<p>Asimismo, se considera tambi\u00e9n a las explotaciones hort\u00edcolas afectadas en las localidades de Alvear, Arroyo Seco, Fighiera, General Lagos, Ibarlucea, P\u00e9rez, Pueblo Esther, Rosario, Soldino y Villa Gobernador G\u00e1lvez, del departamento Rosario, y al cintur\u00f3n hort\u00edcola de La Capital.<\/p>\n<p>Los productores comprendidos deber\u00e1n completar un formulario de declaraci\u00f3n jurada, que ser\u00e1 tomado como base para la emisi\u00f3n del certificado extendido por el Ministerio de la Producci\u00f3n, y a trav\u00e9s del cual acreditar\u00e1n su situaci\u00f3n. Quienes posean la documentaci\u00f3n se ver\u00e1n beneficiados con la postergaci\u00f3n de los vencimientos del Impuesto Inmobiliario Rural 2014, que finalizar\u00e1n de pagar en febrero de 2015, entre otros \u00edtems.<\/p>\n<p>Adem\u00e1s se detalla que los productores contar\u00e1n con la asistencia prevista en la ley N\u00b0 11.297, que comprende los impuestos devengados hasta la fecha de finalizaci\u00f3n de dicha situaci\u00f3n, y se suspenden juicios y acciones administrativas iniciadas por el cobro de impuestos.<\/p>\n<p>\u0093Es necesario que acompa\u00f1emos a sector productivo, ya que es un eje fundamental en la econom\u00eda de nuestra provincia. Las lluvias que se registran desde febrero han da\u00f1ado seriamente los cultivos de soja, girasol, sorgo y ma\u00edz como tambi\u00e9n a la producci\u00f3n hort\u00edcola que ha perdido entre 50 y 70 % de los lotes de cultivo. Tambi\u00e9n el sector ganadero se vio seriamente afectado. Las p\u00e9rdidas que se registran son cuantiosas, por esto debemos articular los mecanismos necesarios para poder acercarles paliativos para enfrentar la&nbsp; situaci\u00f3n vivida\u0094, afirm\u00f3 Henn.<\/p>\n<p>Fuente: Nuestro Agro, 17 de abril.<br \/><\/p>","protected":false},"excerpt":{"rendered":"<p>La medida rige desde el 1\u00b0 de marzo de 2014 hasta el 30 de agosto del corriente a\u00f1o y alcanza a diferentes distritos de 14 departamentos. \u00bfQu\u00e9 deben hacer los productores damnificados? El vicegobernador de Santa Fe Jorge Henn, a cargo del Poder Ejecutivo, firm\u00f3 el decreto N\u00ba 913, que declara en emergencia a las explotaciones agropecuarias y ap\u00edcolas afectadas por el exceso de precipitaciones y anegamientos temporarios en localidades de diferentes partes de la provincia, desde el 1\u00b0 de marzo de 2014 hasta el 30 de agosto del corriente a\u00f1o. El decreto comprende a la totalidad de los departamentos Las Colonias, San Jer\u00f3nimo, San Crist\u00f3bal, San Justo, San Mart\u00edn, Garay, General L\u00f3pez,&nbsp; Vera, Castellanos, y los distritos de Gato Colorado, Gregoria P\u00e9rez de Denis (departamento 9 de Julio), Romang (departamento San Javier), Godeken (departamento Caseros), Emilia, Llambi Campbell, Cabal, Laguna Paiva, Campo Andino, Nelson, Recreo, Monte Vera, Santo Tom\u00e9 y Sauce Viejo (departamento La Capital). Asimismo, se considera tambi\u00e9n a las explotaciones hort\u00edcolas afectadas en las localidades de Alvear, Arroyo Seco, Fighiera, General Lagos, Ibarlucea, P\u00e9rez, Pueblo Esther, Rosario, Soldino y Villa Gobernador G\u00e1lvez, del departamento Rosario, y al cintur\u00f3n hort\u00edcola de La Capital. Los productores comprendidos deber\u00e1n completar [&hellip;]<\/p>\n","protected":false},"author":2,"featured_media":2552,"comment_status":"closed","ping_status":"open","sticky":false,"template":"","format":"standard","meta":{"_acf_changed":false,"footnotes":""},"categories":[56],"tags":[],"class_list":["post-6065","post","type-post","status-publish","format-standard","has-post-thumbnail","hentry","category-infoganadero"],"acf":[],"yoast_head":"<!-- This site is optimized with the Yoast SEO plugin v27.4 - https:\/\/yoast.com\/product\/yoast-seo-wordpress\/ -->\n<title>Santa Fe decret\u00f3 la emergencia agropecuaria en las localidades afectadas por las lluvias. | Proagro<\/title>\n<meta name=\"robots\" content=\"index, follow, max-snippet:-1, max-image-preview:large, max-video-preview:-1\" \/>\n<link rel=\"canonical\" href=\"https:\/\/proagrolab.com.ar\/en\/santa-fe-decreto-la-emergencia-agropecuaria-en-las-localidades-afectadas-por-las-lluvias\/\" \/>\n<meta property=\"og:locale\" content=\"en_US\" \/>\n<meta property=\"og:type\" content=\"article\" \/>\n<meta property=\"og:title\" content=\"Santa Fe decret\u00f3 la emergencia agropecuaria en las localidades afectadas por las lluvias. | Proagro\" \/>\n<meta property=\"og:description\" content=\"La medida rige desde el 1\u00b0 de marzo de 2014 hasta el 30 de agosto del corriente a\u00f1o y alcanza a diferentes distritos de 14 departamentos. \u00bfQu\u00e9 deben hacer los productores damnificados? El vicegobernador de Santa Fe Jorge Henn, a cargo del Poder Ejecutivo, firm\u00f3 el decreto N\u00ba 913, que declara en emergencia a las explotaciones agropecuarias y ap\u00edcolas afectadas por el exceso de precipitaciones y anegamientos temporarios en localidades de diferentes partes de la provincia, desde el 1\u00b0 de marzo de 2014 hasta el 30 de agosto del corriente a\u00f1o. El decreto comprende a la totalidad de los departamentos Las Colonias, San Jer\u00f3nimo, San Crist\u00f3bal, San Justo, San Mart\u00edn, Garay, General L\u00f3pez,&nbsp; Vera, Castellanos, y los distritos de Gato Colorado, Gregoria P\u00e9rez de Denis (departamento 9 de Julio), Romang (departamento San Javier), Godeken (departamento Caseros), Emilia, Llambi Campbell, Cabal, Laguna Paiva, Campo Andino, Nelson, Recreo, Monte Vera, Santo Tom\u00e9 y Sauce Viejo (departamento La Capital). Asimismo, se considera tambi\u00e9n a las explotaciones hort\u00edcolas afectadas en las localidades de Alvear, Arroyo Seco, Fighiera, General Lagos, Ibarlucea, P\u00e9rez, Pueblo Esther, Rosario, Soldino y Villa Gobernador G\u00e1lvez, del departamento Rosario, y al cintur\u00f3n hort\u00edcola de La Capital. Los productores comprendidos deber\u00e1n completar [&hellip;]\" \/>\n<meta property=\"og:url\" content=\"https:\/\/proagrolab.com.ar\/santa-fe-decreto-la-emergencia-agropecuaria-en-las-localidades-afectadas-por-las-lluvias\/\" \/>\n<meta property=\"og:site_name\" content=\"Proagro\" \/>\n<meta property=\"article:publisher\" content=\"http:\/\/www.facebook.com\/proagrolab\" \/>\n<meta property=\"article:published_time\" content=\"2014-04-17T00:00:01+00:00\" \/>\n<meta property=\"article:modified_time\" content=\"2020-07-02T12:29:52+00:00\" \/>\n<meta property=\"og:image\" content=\"https:\/\/proagrolab.com.ar\/wp-content\/uploads\/2015\/01\/g_6v4rbb4nr__Inundadas.jpg\" \/>\n\t<meta property=\"og:image:width\" content=\"450\" \/>\n\t<meta property=\"og:image:height\" content=\"208\" \/>\n\t<meta property=\"og:image:type\" content=\"image\/jpeg\" \/>\n<meta name=\"author\" content=\"proagrolab\" \/>\n<meta name=\"twitter:card\" content=\"summary_large_image\" \/>\n<meta name=\"twitter:label1\" content=\"Written by\" \/>\n\t<meta name=\"twitter:data1\" content=\"proagrolab\" \/>\n\t<meta name=\"twitter:label2\" content=\"Est. reading time\" \/>\n\t<meta name=\"twitter:data2\" content=\"2 minutes\" \/>\n<script type=\"application\/ld+json\" class=\"yoast-schema-graph\">{\"@context\":\"https:\\\/\\\/schema.org\",\"@graph\":[{\"@type\":\"Article\",\"@id\":\"https:\\\/\\\/proagrolab.com.ar\\\/santa-fe-decreto-la-emergencia-agropecuaria-en-las-localidades-afectadas-por-las-lluvias\\\/#article\",\"isPartOf\":{\"@id\":\"https:\\\/\\\/proagrolab.com.ar\\\/santa-fe-decreto-la-emergencia-agropecuaria-en-las-localidades-afectadas-por-las-lluvias\\\/\"},\"author\":{\"name\":\"proagrolab\",\"@id\":\"https:\\\/\\\/proagrolab.com.ar\\\/#\\\/schema\\\/person\\\/38003ff90bf80381f71c7d922d207444\"},\"headline\":\"Santa Fe decret\u00f3 la emergencia agropecuaria en las localidades afectadas por las lluvias.\",\"datePublished\":\"2014-04-17T00:00:01+00:00\",\"dateModified\":\"2020-07-02T12:29:52+00:00\",\"mainEntityOfPage\":{\"@id\":\"https:\\\/\\\/proagrolab.com.ar\\\/santa-fe-decreto-la-emergencia-agropecuaria-en-las-localidades-afectadas-por-las-lluvias\\\/\"},\"wordCount\":434,\"publisher\":{\"@id\":\"https:\\\/\\\/proagrolab.com.ar\\\/#organization\"},\"image\":{\"@id\":\"https:\\\/\\\/proagrolab.com.ar\\\/santa-fe-decreto-la-emergencia-agropecuaria-en-las-localidades-afectadas-por-las-lluvias\\\/#primaryimage\"},\"thumbnailUrl\":\"https:\\\/\\\/proagrolab.com.ar\\\/wp-content\\\/uploads\\\/2015\\\/01\\\/g_6v4rbb4nr__Inundadas.jpg\",\"articleSection\":[\"News\"],\"inLanguage\":\"en-US\"},{\"@type\":\"WebPage\",\"@id\":\"https:\\\/\\\/proagrolab.com.ar\\\/santa-fe-decreto-la-emergencia-agropecuaria-en-las-localidades-afectadas-por-las-lluvias\\\/\",\"url\":\"https:\\\/\\\/proagrolab.com.ar\\\/santa-fe-decreto-la-emergencia-agropecuaria-en-las-localidades-afectadas-por-las-lluvias\\\/\",\"name\":\"Santa Fe decret\u00f3 la emergencia agropecuaria en las localidades afectadas por las lluvias. | Proagro\",\"isPartOf\":{\"@id\":\"https:\\\/\\\/proagrolab.com.ar\\\/#website\"},\"primaryImageOfPage\":{\"@id\":\"https:\\\/\\\/proagrolab.com.ar\\\/santa-fe-decreto-la-emergencia-agropecuaria-en-las-localidades-afectadas-por-las-lluvias\\\/#primaryimage\"},\"image\":{\"@id\":\"https:\\\/\\\/proagrolab.com.ar\\\/santa-fe-decreto-la-emergencia-agropecuaria-en-las-localidades-afectadas-por-las-lluvias\\\/#primaryimage\"},\"thumbnailUrl\":\"https:\\\/\\\/proagrolab.com.ar\\\/wp-content\\\/uploads\\\/2015\\\/01\\\/g_6v4rbb4nr__Inundadas.jpg\",\"datePublished\":\"2014-04-17T00:00:01+00:00\",\"dateModified\":\"2020-07-02T12:29:52+00:00\",\"breadcrumb\":{\"@id\":\"https:\\\/\\\/proagrolab.com.ar\\\/santa-fe-decreto-la-emergencia-agropecuaria-en-las-localidades-afectadas-por-las-lluvias\\\/#breadcrumb\"},\"inLanguage\":\"en-US\",\"potentialAction\":[{\"@type\":\"ReadAction\",\"target\":[\"https:\\\/\\\/proagrolab.com.ar\\\/santa-fe-decreto-la-emergencia-agropecuaria-en-las-localidades-afectadas-por-las-lluvias\\\/\"]}]},{\"@type\":\"ImageObject\",\"inLanguage\":\"en-US\",\"@id\":\"https:\\\/\\\/proagrolab.com.ar\\\/santa-fe-decreto-la-emergencia-agropecuaria-en-las-localidades-afectadas-por-las-lluvias\\\/#primaryimage\",\"url\":\"https:\\\/\\\/proagrolab.com.ar\\\/wp-content\\\/uploads\\\/2015\\\/01\\\/g_6v4rbb4nr__Inundadas.jpg\",\"contentUrl\":\"https:\\\/\\\/proagrolab.com.ar\\\/wp-content\\\/uploads\\\/2015\\\/01\\\/g_6v4rbb4nr__Inundadas.jpg\",\"width\":450,\"height\":208},{\"@type\":\"BreadcrumbList\",\"@id\":\"https:\\\/\\\/proagrolab.com.ar\\\/santa-fe-decreto-la-emergencia-agropecuaria-en-las-localidades-afectadas-por-las-lluvias\\\/#breadcrumb\",\"itemListElement\":[{\"@type\":\"ListItem\",\"position\":1,\"name\":\"Portada\",\"item\":\"https:\\\/\\\/proagrolab.com.ar\\\/\"},{\"@type\":\"ListItem\",\"position\":2,\"name\":\"Santa Fe decret\u00f3 la emergencia agropecuaria en las localidades afectadas por las lluvias.\"}]},{\"@type\":\"WebSite\",\"@id\":\"https:\\\/\\\/proagrolab.com.ar\\\/#website\",\"url\":\"https:\\\/\\\/proagrolab.com.ar\\\/\",\"name\":\"Proagro Laboratorio Veterinario\",\"description\":\"Veterinary laboratory\",\"publisher\":{\"@id\":\"https:\\\/\\\/proagrolab.com.ar\\\/#organization\"},\"potentialAction\":[{\"@type\":\"SearchAction\",\"target\":{\"@type\":\"EntryPoint\",\"urlTemplate\":\"https:\\\/\\\/proagrolab.com.ar\\\/?s={search_term_string}\"},\"query-input\":{\"@type\":\"PropertyValueSpecification\",\"valueRequired\":true,\"valueName\":\"search_term_string\"}}],\"inLanguage\":\"en-US\"},{\"@type\":\"Organization\",\"@id\":\"https:\\\/\\\/proagrolab.com.ar\\\/#organization\",\"name\":\"Proagro\",\"url\":\"https:\\\/\\\/proagrolab.com.ar\\\/\",\"logo\":{\"@type\":\"ImageObject\",\"inLanguage\":\"en-US\",\"@id\":\"https:\\\/\\\/proagrolab.com.ar\\\/#\\\/schema\\\/logo\\\/image\\\/\",\"url\":\"https:\\\/\\\/proagrolab.com.ar\\\/wp-content\\\/uploads\\\/2020\\\/04\\\/logo-retina.png\",\"contentUrl\":\"https:\\\/\\\/proagrolab.com.ar\\\/wp-content\\\/uploads\\\/2020\\\/04\\\/logo-retina.png\",\"width\":478,\"height\":120,\"caption\":\"Proagro\"},\"image\":{\"@id\":\"https:\\\/\\\/proagrolab.com.ar\\\/#\\\/schema\\\/logo\\\/image\\\/\"},\"sameAs\":[\"http:\\\/\\\/www.facebook.com\\\/proagrolab\",\"https:\\\/\\\/www.instagram.com\\\/proagrolab\\\/\",\"https:\\\/\\\/www.linkedin.com\\\/company\\\/laboratorio-proagro-s-a\\\/\"]},{\"@type\":\"Person\",\"@id\":\"https:\\\/\\\/proagrolab.com.ar\\\/#\\\/schema\\\/person\\\/38003ff90bf80381f71c7d922d207444\",\"name\":\"proagrolab\"}]}<\/script>\n<!-- \/ Yoast SEO plugin. -->","yoast_head_json":{"title":"Santa Fe decret\u00f3 la emergencia agropecuaria en las localidades afectadas por las lluvias. | Proagro","robots":{"index":"index","follow":"follow","max-snippet":"max-snippet:-1","max-image-preview":"max-image-preview:large","max-video-preview":"max-video-preview:-1"},"canonical":"https:\/\/proagrolab.com.ar\/en\/santa-fe-decreto-la-emergencia-agropecuaria-en-las-localidades-afectadas-por-las-lluvias\/","og_locale":"en_US","og_type":"article","og_title":"Santa Fe decret\u00f3 la emergencia agropecuaria en las localidades afectadas por las lluvias. | Proagro","og_description":"La medida rige desde el 1\u00b0 de marzo de 2014 hasta el 30 de agosto del corriente a\u00f1o y alcanza a diferentes distritos de 14 departamentos. \u00bfQu\u00e9 deben hacer los productores damnificados? El vicegobernador de Santa Fe Jorge Henn, a cargo del Poder Ejecutivo, firm\u00f3 el decreto N\u00ba 913, que declara en emergencia a las explotaciones agropecuarias y ap\u00edcolas afectadas por el exceso de precipitaciones y anegamientos temporarios en localidades de diferentes partes de la provincia, desde el 1\u00b0 de marzo de 2014 hasta el 30 de agosto del corriente a\u00f1o. El decreto comprende a la totalidad de los departamentos Las Colonias, San Jer\u00f3nimo, San Crist\u00f3bal, San Justo, San Mart\u00edn, Garay, General L\u00f3pez,&nbsp; Vera, Castellanos, y los distritos de Gato Colorado, Gregoria P\u00e9rez de Denis (departamento 9 de Julio), Romang (departamento San Javier), Godeken (departamento Caseros), Emilia, Llambi Campbell, Cabal, Laguna Paiva, Campo Andino, Nelson, Recreo, Monte Vera, Santo Tom\u00e9 y Sauce Viejo (departamento La Capital). Asimismo, se considera tambi\u00e9n a las explotaciones hort\u00edcolas afectadas en las localidades de Alvear, Arroyo Seco, Fighiera, General Lagos, Ibarlucea, P\u00e9rez, Pueblo Esther, Rosario, Soldino y Villa Gobernador G\u00e1lvez, del departamento Rosario, y al cintur\u00f3n hort\u00edcola de La Capital. Los productores comprendidos deber\u00e1n completar [&hellip;]","og_url":"https:\/\/proagrolab.com.ar\/santa-fe-decreto-la-emergencia-agropecuaria-en-las-localidades-afectadas-por-las-lluvias\/","og_site_name":"Proagro","article_publisher":"http:\/\/www.facebook.com\/proagrolab","article_published_time":"2014-04-17T00:00:01+00:00","article_modified_time":"2020-07-02T12:29:52+00:00","og_image":[{"width":450,"height":208,"url":"https:\/\/proagrolab.com.ar\/wp-content\/uploads\/2015\/01\/g_6v4rbb4nr__Inundadas.jpg","type":"image\/jpeg"}],"author":"proagrolab","twitter_card":"summary_large_image","twitter_misc":{"Written by":"proagrolab","Est. reading time":"2 minutes"},"schema":{"@context":"https:\/\/schema.org","@graph":[{"@type":"Article","@id":"https:\/\/proagrolab.com.ar\/santa-fe-decreto-la-emergencia-agropecuaria-en-las-localidades-afectadas-por-las-lluvias\/#article","isPartOf":{"@id":"https:\/\/proagrolab.com.ar\/santa-fe-decreto-la-emergencia-agropecuaria-en-las-localidades-afectadas-por-las-lluvias\/"},"author":{"name":"proagrolab","@id":"https:\/\/proagrolab.com.ar\/#\/schema\/person\/38003ff90bf80381f71c7d922d207444"},"headline":"Santa Fe decret\u00f3 la emergencia agropecuaria en las localidades afectadas por las lluvias.","datePublished":"2014-04-17T00:00:01+00:00","dateModified":"2020-07-02T12:29:52+00:00","mainEntityOfPage":{"@id":"https:\/\/proagrolab.com.ar\/santa-fe-decreto-la-emergencia-agropecuaria-en-las-localidades-afectadas-por-las-lluvias\/"},"wordCount":434,"publisher":{"@id":"https:\/\/proagrolab.com.ar\/#organization"},"image":{"@id":"https:\/\/proagrolab.com.ar\/santa-fe-decreto-la-emergencia-agropecuaria-en-las-localidades-afectadas-por-las-lluvias\/#primaryimage"},"thumbnailUrl":"https:\/\/proagrolab.com.ar\/wp-content\/uploads\/2015\/01\/g_6v4rbb4nr__Inundadas.jpg","articleSection":["News"],"inLanguage":"en-US"},{"@type":"WebPage","@id":"https:\/\/proagrolab.com.ar\/santa-fe-decreto-la-emergencia-agropecuaria-en-las-localidades-afectadas-por-las-lluvias\/","url":"https:\/\/proagrolab.com.ar\/santa-fe-decreto-la-emergencia-agropecuaria-en-las-localidades-afectadas-por-las-lluvias\/","name":"Santa Fe decret\u00f3 la emergencia agropecuaria en las localidades afectadas por las lluvias. | Proagro","isPartOf":{"@id":"https:\/\/proagrolab.com.ar\/#website"},"primaryImageOfPage":{"@id":"https:\/\/proagrolab.com.ar\/santa-fe-decreto-la-emergencia-agropecuaria-en-las-localidades-afectadas-por-las-lluvias\/#primaryimage"},"image":{"@id":"https:\/\/proagrolab.com.ar\/santa-fe-decreto-la-emergencia-agropecuaria-en-las-localidades-afectadas-por-las-lluvias\/#primaryimage"},"thumbnailUrl":"https:\/\/proagrolab.com.ar\/wp-content\/uploads\/2015\/01\/g_6v4rbb4nr__Inundadas.jpg","datePublished":"2014-04-17T00:00:01+00:00","dateModified":"2020-07-02T12:29:52+00:00","breadcrumb":{"@id":"https:\/\/proagrolab.com.ar\/santa-fe-decreto-la-emergencia-agropecuaria-en-las-localidades-afectadas-por-las-lluvias\/#breadcrumb"},"inLanguage":"en-US","potentialAction":[{"@type":"ReadAction","target":["https:\/\/proagrolab.com.ar\/santa-fe-decreto-la-emergencia-agropecuaria-en-las-localidades-afectadas-por-las-lluvias\/"]}]},{"@type":"ImageObject","inLanguage":"en-US","@id":"https:\/\/proagrolab.com.ar\/santa-fe-decreto-la-emergencia-agropecuaria-en-las-localidades-afectadas-por-las-lluvias\/#primaryimage","url":"https:\/\/proagrolab.com.ar\/wp-content\/uploads\/2015\/01\/g_6v4rbb4nr__Inundadas.jpg","contentUrl":"https:\/\/proagrolab.com.ar\/wp-content\/uploads\/2015\/01\/g_6v4rbb4nr__Inundadas.jpg","width":450,"height":208},{"@type":"BreadcrumbList","@id":"https:\/\/proagrolab.com.ar\/santa-fe-decreto-la-emergencia-agropecuaria-en-las-localidades-afectadas-por-las-lluvias\/#breadcrumb","itemListElement":[{"@type":"ListItem","position":1,"name":"Portada","item":"https:\/\/proagrolab.com.ar\/"},{"@type":"ListItem","position":2,"name":"Santa Fe decret\u00f3 la emergencia agropecuaria en las localidades afectadas por las lluvias."}]},{"@type":"WebSite","@id":"https:\/\/proagrolab.com.ar\/#website","url":"https:\/\/proagrolab.com.ar\/","name":"Proagro Laboratorio Veterinario","description":"Veterinary laboratory","publisher":{"@id":"https:\/\/proagrolab.com.ar\/#organization"},"potentialAction":[{"@type":"SearchAction","target":{"@type":"EntryPoint","urlTemplate":"https:\/\/proagrolab.com.ar\/?s={search_term_string}"},"query-input":{"@type":"PropertyValueSpecification","valueRequired":true,"valueName":"search_term_string"}}],"inLanguage":"en-US"},{"@type":"Organization","@id":"https:\/\/proagrolab.com.ar\/#organization","name":"Proagro","url":"https:\/\/proagrolab.com.ar\/","logo":{"@type":"ImageObject","inLanguage":"en-US","@id":"https:\/\/proagrolab.com.ar\/#\/schema\/logo\/image\/","url":"https:\/\/proagrolab.com.ar\/wp-content\/uploads\/2020\/04\/logo-retina.png","contentUrl":"https:\/\/proagrolab.com.ar\/wp-content\/uploads\/2020\/04\/logo-retina.png","width":478,"height":120,"caption":"Proagro"},"image":{"@id":"https:\/\/proagrolab.com.ar\/#\/schema\/logo\/image\/"},"sameAs":["http:\/\/www.facebook.com\/proagrolab","https:\/\/www.instagram.com\/proagrolab\/","https:\/\/www.linkedin.com\/company\/laboratorio-proagro-s-a\/"]},{"@type":"Person","@id":"https:\/\/proagrolab.com.ar\/#\/schema\/person\/38003ff90bf80381f71c7d922d207444","name":"proagrolab"}]}},"_links":{"self":[{"href":"https:\/\/proagrolab.com.ar\/en\/wp-json\/wp\/v2\/posts\/6065","targetHints":{"allow":["GET"]}}],"collection":[{"href":"https:\/\/proagrolab.com.ar\/en\/wp-json\/wp\/v2\/posts"}],"about":[{"href":"https:\/\/proagrolab.com.ar\/en\/wp-json\/wp\/v2\/types\/post"}],"author":[{"embeddable":true,"href":"https:\/\/proagrolab.com.ar\/en\/wp-json\/wp\/v2\/users\/2"}],"replies":[{"embeddable":true,"href":"https:\/\/proagrolab.com.ar\/en\/wp-json\/wp\/v2\/comments?post=6065"}],"version-history":[{"count":1,"href":"https:\/\/proagrolab.com.ar\/en\/wp-json\/wp\/v2\/posts\/6065\/revisions"}],"predecessor-version":[{"id":14570,"href":"https:\/\/proagrolab.com.ar\/en\/wp-json\/wp\/v2\/posts\/6065\/revisions\/14570"}],"wp:featuredmedia":[{"embeddable":true,"href":"https:\/\/proagrolab.com.ar\/en\/wp-json\/wp\/v2\/media\/2552"}],"wp:attachment":[{"href":"https:\/\/proagrolab.com.ar\/en\/wp-json\/wp\/v2\/media?parent=6065"}],"wp:term":[{"taxonomy":"category","embeddable":true,"href":"https:\/\/proagrolab.com.ar\/en\/wp-json\/wp\/v2\/categories?post=6065"},{"taxonomy":"post_tag","embeddable":true,"href":"https:\/\/proagrolab.com.ar\/en\/wp-json\/wp\/v2\/tags?post=6065"}],"curies":[{"name":"wp","href":"https:\/\/api.w.org\/{rel}","templated":true}]}}