{"id":6064,"date":"2014-04-17T00:00:01","date_gmt":"2014-04-17T00:00:01","guid":{"rendered":"https:\/\/proagrolab.com.ar\/europa-preve-reabrir-su-mercado-a-la-carne-bovina-paraguaya\/"},"modified":"2020-07-02T12:29:56","modified_gmt":"2020-07-02T12:29:56","slug":"europa-preve-reabrir-su-mercado-a-la-carne-bovina-paraguaya","status":"publish","type":"post","link":"https:\/\/proagrolab.com.ar\/en\/europa-preve-reabrir-su-mercado-a-la-carne-bovina-paraguaya\/","title":{"rendered":"Europa prev\u00e9 reabrir su mercado a la carne bovina paraguaya."},"content":{"rendered":"<p class=\"qtranxs-available-languages-message qtranxs-available-languages-message-en\"> <\/p><p>Europa prepara la reapertura de su mercado a la carne paraguaya, que lo cerr\u00f3 por un brote de fiebre aftosa en 2011, seg\u00fan indic\u00f3 a EFE una fuente diplom\u00e1tica europea al final de una visita de t\u00e9cnicos de Bruselas que verificaron el proceso de producci\u00f3n en ese pa\u00eds.<\/p>\n<p>&#8220;Hay una perspectiva de que se abra el mercado&#8221;, dijo la fuente, quien indic\u00f3 que la decisi\u00f3n de eliminar la restricci\u00f3n podr\u00eda llegar en la segunda mitad del a\u00f1o.<\/p>\n<p>El equipo de t\u00e9cnicos termin\u00f3 la semana pasada su visita al pa\u00eds para constatar el proceso de producci\u00f3n agropecuaria, donde se reunieron con representantes del Servicio Nacional de Calidad y Salud Animal (Senacsa) de Paraguay.<\/p>\n<p>El pa\u00eds sufri\u00f3 un brote de fiebre de aftosa a finales de 2011, el cual cerr\u00f3 las puertas a las ventas de carne en el exterior.<\/p>\n<p>Sin embargo, la Organizaci\u00f3n Mundial de Sanidad Animal (OIE) le devolvi\u00f3 este a\u00f1o el estatus sanitario como pa\u00eds libre de aftosa, con vacunaci\u00f3n.<\/p>\n<p>Gracias a ello, en 2013 Paraguay export\u00f3 307 mil toneladas de carne y subproductos por valor de m\u00e1s de 1 mil 300 millones de d\u00f3lares, seg\u00fan la Asociaci\u00f3n Rural del Paraguay (ARP).<\/p>\n<p>Esa cantidad coloc\u00f3 al pa\u00eds guaran\u00ed como el s\u00e9ptimo mayor exportador de carne bovina del mundo, una lista encabezada por Brasil, con env\u00edos que se dirigen principalmente a Rusia, Chile, Brasil y Hong Kong, seg\u00fan la ARP.<\/p>\n<p>La fuente de la delegaci\u00f3n europea tambi\u00e9n confirm\u00f3 que la Uni\u00f3n Europea destinar\u00e1 236 millones de d\u00f3lares a programas de cooperaci\u00f3n en Paraguay hasta 2020, frente a los 130 millones de los seis a\u00f1os anteriores, lo que supone un aumento de casi el 31%.<\/p>\n<p>Fuente: Carnetec, 14 de abril.<br \/><\/p>","protected":false},"excerpt":{"rendered":"<p>Europa prepara la reapertura de su mercado a la carne paraguaya, que lo cerr\u00f3 por un brote de fiebre aftosa en 2011, seg\u00fan indic\u00f3 a EFE una fuente diplom\u00e1tica europea al final de una visita de t\u00e9cnicos de Bruselas que verificaron el proceso de producci\u00f3n en ese pa\u00eds. &#8220;Hay una perspectiva de que se abra el mercado&#8221;, dijo la fuente, quien indic\u00f3 que la decisi\u00f3n de eliminar la restricci\u00f3n podr\u00eda llegar en la segunda mitad del a\u00f1o. El equipo de t\u00e9cnicos termin\u00f3 la semana pasada su visita al pa\u00eds para constatar el proceso de producci\u00f3n agropecuaria, donde se reunieron con representantes del Servicio Nacional de Calidad y Salud Animal (Senacsa) de Paraguay. El pa\u00eds sufri\u00f3 un brote de fiebre de aftosa a finales de 2011, el cual cerr\u00f3 las puertas a las ventas de carne en el exterior. Sin embargo, la Organizaci\u00f3n Mundial de Sanidad Animal (OIE) le devolvi\u00f3 este a\u00f1o el estatus sanitario como pa\u00eds libre de aftosa, con vacunaci\u00f3n. Gracias a ello, en 2013 Paraguay export\u00f3 307 mil toneladas de carne y subproductos por valor de m\u00e1s de 1 mil 300 millones de d\u00f3lares, seg\u00fan la Asociaci\u00f3n Rural del Paraguay (ARP). Esa cantidad coloc\u00f3 al pa\u00eds guaran\u00ed como [&hellip;]<\/p>\n","protected":false},"author":2,"featured_media":2551,"comment_status":"closed","ping_status":"open","sticky":false,"template":"","format":"standard","meta":{"_acf_changed":false,"footnotes":""},"categories":[56],"tags":[],"class_list":["post-6064","post","type-post","status-publish","format-standard","has-post-thumbnail","hentry","category-infoganadero"],"acf":[],"yoast_head":"<!-- This site is optimized with the Yoast SEO plugin v27.4 - https:\/\/yoast.com\/product\/yoast-seo-wordpress\/ -->\n<title>Europa prev\u00e9 reabrir su mercado a la carne bovina paraguaya. | Proagro<\/title>\n<meta name=\"robots\" content=\"index, follow, max-snippet:-1, max-image-preview:large, max-video-preview:-1\" \/>\n<link rel=\"canonical\" href=\"https:\/\/proagrolab.com.ar\/en\/europa-preve-reabrir-su-mercado-a-la-carne-bovina-paraguaya\/\" \/>\n<meta property=\"og:locale\" content=\"en_US\" \/>\n<meta property=\"og:type\" content=\"article\" \/>\n<meta property=\"og:title\" content=\"Europa prev\u00e9 reabrir su mercado a la carne bovina paraguaya. | Proagro\" \/>\n<meta property=\"og:description\" content=\"Europa prepara la reapertura de su mercado a la carne paraguaya, que lo cerr\u00f3 por un brote de fiebre aftosa en 2011, seg\u00fan indic\u00f3 a EFE una fuente diplom\u00e1tica europea al final de una visita de t\u00e9cnicos de Bruselas que verificaron el proceso de producci\u00f3n en ese pa\u00eds. &#8220;Hay una perspectiva de que se abra el mercado&#8221;, dijo la fuente, quien indic\u00f3 que la decisi\u00f3n de eliminar la restricci\u00f3n podr\u00eda llegar en la segunda mitad del a\u00f1o. El equipo de t\u00e9cnicos termin\u00f3 la semana pasada su visita al pa\u00eds para constatar el proceso de producci\u00f3n agropecuaria, donde se reunieron con representantes del Servicio Nacional de Calidad y Salud Animal (Senacsa) de Paraguay. El pa\u00eds sufri\u00f3 un brote de fiebre de aftosa a finales de 2011, el cual cerr\u00f3 las puertas a las ventas de carne en el exterior. Sin embargo, la Organizaci\u00f3n Mundial de Sanidad Animal (OIE) le devolvi\u00f3 este a\u00f1o el estatus sanitario como pa\u00eds libre de aftosa, con vacunaci\u00f3n. Gracias a ello, en 2013 Paraguay export\u00f3 307 mil toneladas de carne y subproductos por valor de m\u00e1s de 1 mil 300 millones de d\u00f3lares, seg\u00fan la Asociaci\u00f3n Rural del Paraguay (ARP). Esa cantidad coloc\u00f3 al pa\u00eds guaran\u00ed como [&hellip;]\" \/>\n<meta property=\"og:url\" content=\"https:\/\/proagrolab.com.ar\/europa-preve-reabrir-su-mercado-a-la-carne-bovina-paraguaya\/\" \/>\n<meta property=\"og:site_name\" content=\"Proagro\" \/>\n<meta property=\"article:publisher\" content=\"http:\/\/www.facebook.com\/proagrolab\" \/>\n<meta property=\"article:published_time\" content=\"2014-04-17T00:00:01+00:00\" \/>\n<meta property=\"article:modified_time\" content=\"2020-07-02T12:29:56+00:00\" \/>\n<meta property=\"og:image\" content=\"https:\/\/proagrolab.com.ar\/wp-content\/uploads\/2015\/01\/g_bjikjdagv__Frigorifico-3.jpg\" \/>\n\t<meta property=\"og:image:width\" content=\"450\" \/>\n\t<meta property=\"og:image:height\" content=\"208\" \/>\n\t<meta property=\"og:image:type\" content=\"image\/jpeg\" \/>\n<meta name=\"author\" content=\"proagrolab\" \/>\n<meta name=\"twitter:card\" content=\"summary_large_image\" \/>\n<meta name=\"twitter:label1\" content=\"Written by\" \/>\n\t<meta name=\"twitter:data1\" content=\"proagrolab\" \/>\n\t<meta name=\"twitter:label2\" content=\"Est. reading time\" \/>\n\t<meta name=\"twitter:data2\" content=\"1 minute\" \/>\n<script type=\"application\/ld+json\" class=\"yoast-schema-graph\">{\"@context\":\"https:\\\/\\\/schema.org\",\"@graph\":[{\"@type\":\"Article\",\"@id\":\"https:\\\/\\\/proagrolab.com.ar\\\/europa-preve-reabrir-su-mercado-a-la-carne-bovina-paraguaya\\\/#article\",\"isPartOf\":{\"@id\":\"https:\\\/\\\/proagrolab.com.ar\\\/europa-preve-reabrir-su-mercado-a-la-carne-bovina-paraguaya\\\/\"},\"author\":{\"name\":\"proagrolab\",\"@id\":\"https:\\\/\\\/proagrolab.com.ar\\\/#\\\/schema\\\/person\\\/38003ff90bf80381f71c7d922d207444\"},\"headline\":\"Europa prev\u00e9 reabrir su mercado a la carne bovina paraguaya.\",\"datePublished\":\"2014-04-17T00:00:01+00:00\",\"dateModified\":\"2020-07-02T12:29:56+00:00\",\"mainEntityOfPage\":{\"@id\":\"https:\\\/\\\/proagrolab.com.ar\\\/europa-preve-reabrir-su-mercado-a-la-carne-bovina-paraguaya\\\/\"},\"wordCount\":309,\"publisher\":{\"@id\":\"https:\\\/\\\/proagrolab.com.ar\\\/#organization\"},\"image\":{\"@id\":\"https:\\\/\\\/proagrolab.com.ar\\\/europa-preve-reabrir-su-mercado-a-la-carne-bovina-paraguaya\\\/#primaryimage\"},\"thumbnailUrl\":\"https:\\\/\\\/proagrolab.com.ar\\\/wp-content\\\/uploads\\\/2015\\\/01\\\/g_bjikjdagv__Frigorifico-3.jpg\",\"articleSection\":[\"News\"],\"inLanguage\":\"en-US\"},{\"@type\":\"WebPage\",\"@id\":\"https:\\\/\\\/proagrolab.com.ar\\\/europa-preve-reabrir-su-mercado-a-la-carne-bovina-paraguaya\\\/\",\"url\":\"https:\\\/\\\/proagrolab.com.ar\\\/europa-preve-reabrir-su-mercado-a-la-carne-bovina-paraguaya\\\/\",\"name\":\"Europa prev\u00e9 reabrir su mercado a la carne bovina paraguaya. | Proagro\",\"isPartOf\":{\"@id\":\"https:\\\/\\\/proagrolab.com.ar\\\/#website\"},\"primaryImageOfPage\":{\"@id\":\"https:\\\/\\\/proagrolab.com.ar\\\/europa-preve-reabrir-su-mercado-a-la-carne-bovina-paraguaya\\\/#primaryimage\"},\"image\":{\"@id\":\"https:\\\/\\\/proagrolab.com.ar\\\/europa-preve-reabrir-su-mercado-a-la-carne-bovina-paraguaya\\\/#primaryimage\"},\"thumbnailUrl\":\"https:\\\/\\\/proagrolab.com.ar\\\/wp-content\\\/uploads\\\/2015\\\/01\\\/g_bjikjdagv__Frigorifico-3.jpg\",\"datePublished\":\"2014-04-17T00:00:01+00:00\",\"dateModified\":\"2020-07-02T12:29:56+00:00\",\"breadcrumb\":{\"@id\":\"https:\\\/\\\/proagrolab.com.ar\\\/europa-preve-reabrir-su-mercado-a-la-carne-bovina-paraguaya\\\/#breadcrumb\"},\"inLanguage\":\"en-US\",\"potentialAction\":[{\"@type\":\"ReadAction\",\"target\":[\"https:\\\/\\\/proagrolab.com.ar\\\/europa-preve-reabrir-su-mercado-a-la-carne-bovina-paraguaya\\\/\"]}]},{\"@type\":\"ImageObject\",\"inLanguage\":\"en-US\",\"@id\":\"https:\\\/\\\/proagrolab.com.ar\\\/europa-preve-reabrir-su-mercado-a-la-carne-bovina-paraguaya\\\/#primaryimage\",\"url\":\"https:\\\/\\\/proagrolab.com.ar\\\/wp-content\\\/uploads\\\/2015\\\/01\\\/g_bjikjdagv__Frigorifico-3.jpg\",\"contentUrl\":\"https:\\\/\\\/proagrolab.com.ar\\\/wp-content\\\/uploads\\\/2015\\\/01\\\/g_bjikjdagv__Frigorifico-3.jpg\",\"width\":450,\"height\":208},{\"@type\":\"BreadcrumbList\",\"@id\":\"https:\\\/\\\/proagrolab.com.ar\\\/europa-preve-reabrir-su-mercado-a-la-carne-bovina-paraguaya\\\/#breadcrumb\",\"itemListElement\":[{\"@type\":\"ListItem\",\"position\":1,\"name\":\"Portada\",\"item\":\"https:\\\/\\\/proagrolab.com.ar\\\/\"},{\"@type\":\"ListItem\",\"position\":2,\"name\":\"Europa prev\u00e9 reabrir su mercado a la carne bovina paraguaya.\"}]},{\"@type\":\"WebSite\",\"@id\":\"https:\\\/\\\/proagrolab.com.ar\\\/#website\",\"url\":\"https:\\\/\\\/proagrolab.com.ar\\\/\",\"name\":\"Proagro Laboratorio Veterinario\",\"description\":\"Veterinary laboratory\",\"publisher\":{\"@id\":\"https:\\\/\\\/proagrolab.com.ar\\\/#organization\"},\"potentialAction\":[{\"@type\":\"SearchAction\",\"target\":{\"@type\":\"EntryPoint\",\"urlTemplate\":\"https:\\\/\\\/proagrolab.com.ar\\\/?s={search_term_string}\"},\"query-input\":{\"@type\":\"PropertyValueSpecification\",\"valueRequired\":true,\"valueName\":\"search_term_string\"}}],\"inLanguage\":\"en-US\"},{\"@type\":\"Organization\",\"@id\":\"https:\\\/\\\/proagrolab.com.ar\\\/#organization\",\"name\":\"Proagro\",\"url\":\"https:\\\/\\\/proagrolab.com.ar\\\/\",\"logo\":{\"@type\":\"ImageObject\",\"inLanguage\":\"en-US\",\"@id\":\"https:\\\/\\\/proagrolab.com.ar\\\/#\\\/schema\\\/logo\\\/image\\\/\",\"url\":\"https:\\\/\\\/proagrolab.com.ar\\\/wp-content\\\/uploads\\\/2020\\\/04\\\/logo-retina.png\",\"contentUrl\":\"https:\\\/\\\/proagrolab.com.ar\\\/wp-content\\\/uploads\\\/2020\\\/04\\\/logo-retina.png\",\"width\":478,\"height\":120,\"caption\":\"Proagro\"},\"image\":{\"@id\":\"https:\\\/\\\/proagrolab.com.ar\\\/#\\\/schema\\\/logo\\\/image\\\/\"},\"sameAs\":[\"http:\\\/\\\/www.facebook.com\\\/proagrolab\",\"https:\\\/\\\/www.instagram.com\\\/proagrolab\\\/\",\"https:\\\/\\\/www.linkedin.com\\\/company\\\/laboratorio-proagro-s-a\\\/\"]},{\"@type\":\"Person\",\"@id\":\"https:\\\/\\\/proagrolab.com.ar\\\/#\\\/schema\\\/person\\\/38003ff90bf80381f71c7d922d207444\",\"name\":\"proagrolab\"}]}<\/script>\n<!-- \/ Yoast SEO plugin. -->","yoast_head_json":{"title":"Europa prev\u00e9 reabrir su mercado a la carne bovina paraguaya. | Proagro","robots":{"index":"index","follow":"follow","max-snippet":"max-snippet:-1","max-image-preview":"max-image-preview:large","max-video-preview":"max-video-preview:-1"},"canonical":"https:\/\/proagrolab.com.ar\/en\/europa-preve-reabrir-su-mercado-a-la-carne-bovina-paraguaya\/","og_locale":"en_US","og_type":"article","og_title":"Europa prev\u00e9 reabrir su mercado a la carne bovina paraguaya. | Proagro","og_description":"Europa prepara la reapertura de su mercado a la carne paraguaya, que lo cerr\u00f3 por un brote de fiebre aftosa en 2011, seg\u00fan indic\u00f3 a EFE una fuente diplom\u00e1tica europea al final de una visita de t\u00e9cnicos de Bruselas que verificaron el proceso de producci\u00f3n en ese pa\u00eds. &#8220;Hay una perspectiva de que se abra el mercado&#8221;, dijo la fuente, quien indic\u00f3 que la decisi\u00f3n de eliminar la restricci\u00f3n podr\u00eda llegar en la segunda mitad del a\u00f1o. El equipo de t\u00e9cnicos termin\u00f3 la semana pasada su visita al pa\u00eds para constatar el proceso de producci\u00f3n agropecuaria, donde se reunieron con representantes del Servicio Nacional de Calidad y Salud Animal (Senacsa) de Paraguay. El pa\u00eds sufri\u00f3 un brote de fiebre de aftosa a finales de 2011, el cual cerr\u00f3 las puertas a las ventas de carne en el exterior. Sin embargo, la Organizaci\u00f3n Mundial de Sanidad Animal (OIE) le devolvi\u00f3 este a\u00f1o el estatus sanitario como pa\u00eds libre de aftosa, con vacunaci\u00f3n. Gracias a ello, en 2013 Paraguay export\u00f3 307 mil toneladas de carne y subproductos por valor de m\u00e1s de 1 mil 300 millones de d\u00f3lares, seg\u00fan la Asociaci\u00f3n Rural del Paraguay (ARP). Esa cantidad coloc\u00f3 al pa\u00eds guaran\u00ed como [&hellip;]","og_url":"https:\/\/proagrolab.com.ar\/europa-preve-reabrir-su-mercado-a-la-carne-bovina-paraguaya\/","og_site_name":"Proagro","article_publisher":"http:\/\/www.facebook.com\/proagrolab","article_published_time":"2014-04-17T00:00:01+00:00","article_modified_time":"2020-07-02T12:29:56+00:00","og_image":[{"width":450,"height":208,"url":"https:\/\/proagrolab.com.ar\/wp-content\/uploads\/2015\/01\/g_bjikjdagv__Frigorifico-3.jpg","type":"image\/jpeg"}],"author":"proagrolab","twitter_card":"summary_large_image","twitter_misc":{"Written by":"proagrolab","Est. reading time":"1 minute"},"schema":{"@context":"https:\/\/schema.org","@graph":[{"@type":"Article","@id":"https:\/\/proagrolab.com.ar\/europa-preve-reabrir-su-mercado-a-la-carne-bovina-paraguaya\/#article","isPartOf":{"@id":"https:\/\/proagrolab.com.ar\/europa-preve-reabrir-su-mercado-a-la-carne-bovina-paraguaya\/"},"author":{"name":"proagrolab","@id":"https:\/\/proagrolab.com.ar\/#\/schema\/person\/38003ff90bf80381f71c7d922d207444"},"headline":"Europa prev\u00e9 reabrir su mercado a la carne bovina paraguaya.","datePublished":"2014-04-17T00:00:01+00:00","dateModified":"2020-07-02T12:29:56+00:00","mainEntityOfPage":{"@id":"https:\/\/proagrolab.com.ar\/europa-preve-reabrir-su-mercado-a-la-carne-bovina-paraguaya\/"},"wordCount":309,"publisher":{"@id":"https:\/\/proagrolab.com.ar\/#organization"},"image":{"@id":"https:\/\/proagrolab.com.ar\/europa-preve-reabrir-su-mercado-a-la-carne-bovina-paraguaya\/#primaryimage"},"thumbnailUrl":"https:\/\/proagrolab.com.ar\/wp-content\/uploads\/2015\/01\/g_bjikjdagv__Frigorifico-3.jpg","articleSection":["News"],"inLanguage":"en-US"},{"@type":"WebPage","@id":"https:\/\/proagrolab.com.ar\/europa-preve-reabrir-su-mercado-a-la-carne-bovina-paraguaya\/","url":"https:\/\/proagrolab.com.ar\/europa-preve-reabrir-su-mercado-a-la-carne-bovina-paraguaya\/","name":"Europa prev\u00e9 reabrir su mercado a la carne bovina paraguaya. | Proagro","isPartOf":{"@id":"https:\/\/proagrolab.com.ar\/#website"},"primaryImageOfPage":{"@id":"https:\/\/proagrolab.com.ar\/europa-preve-reabrir-su-mercado-a-la-carne-bovina-paraguaya\/#primaryimage"},"image":{"@id":"https:\/\/proagrolab.com.ar\/europa-preve-reabrir-su-mercado-a-la-carne-bovina-paraguaya\/#primaryimage"},"thumbnailUrl":"https:\/\/proagrolab.com.ar\/wp-content\/uploads\/2015\/01\/g_bjikjdagv__Frigorifico-3.jpg","datePublished":"2014-04-17T00:00:01+00:00","dateModified":"2020-07-02T12:29:56+00:00","breadcrumb":{"@id":"https:\/\/proagrolab.com.ar\/europa-preve-reabrir-su-mercado-a-la-carne-bovina-paraguaya\/#breadcrumb"},"inLanguage":"en-US","potentialAction":[{"@type":"ReadAction","target":["https:\/\/proagrolab.com.ar\/europa-preve-reabrir-su-mercado-a-la-carne-bovina-paraguaya\/"]}]},{"@type":"ImageObject","inLanguage":"en-US","@id":"https:\/\/proagrolab.com.ar\/europa-preve-reabrir-su-mercado-a-la-carne-bovina-paraguaya\/#primaryimage","url":"https:\/\/proagrolab.com.ar\/wp-content\/uploads\/2015\/01\/g_bjikjdagv__Frigorifico-3.jpg","contentUrl":"https:\/\/proagrolab.com.ar\/wp-content\/uploads\/2015\/01\/g_bjikjdagv__Frigorifico-3.jpg","width":450,"height":208},{"@type":"BreadcrumbList","@id":"https:\/\/proagrolab.com.ar\/europa-preve-reabrir-su-mercado-a-la-carne-bovina-paraguaya\/#breadcrumb","itemListElement":[{"@type":"ListItem","position":1,"name":"Portada","item":"https:\/\/proagrolab.com.ar\/"},{"@type":"ListItem","position":2,"name":"Europa prev\u00e9 reabrir su mercado a la carne bovina paraguaya."}]},{"@type":"WebSite","@id":"https:\/\/proagrolab.com.ar\/#website","url":"https:\/\/proagrolab.com.ar\/","name":"Proagro Laboratorio Veterinario","description":"Veterinary laboratory","publisher":{"@id":"https:\/\/proagrolab.com.ar\/#organization"},"potentialAction":[{"@type":"SearchAction","target":{"@type":"EntryPoint","urlTemplate":"https:\/\/proagrolab.com.ar\/?s={search_term_string}"},"query-input":{"@type":"PropertyValueSpecification","valueRequired":true,"valueName":"search_term_string"}}],"inLanguage":"en-US"},{"@type":"Organization","@id":"https:\/\/proagrolab.com.ar\/#organization","name":"Proagro","url":"https:\/\/proagrolab.com.ar\/","logo":{"@type":"ImageObject","inLanguage":"en-US","@id":"https:\/\/proagrolab.com.ar\/#\/schema\/logo\/image\/","url":"https:\/\/proagrolab.com.ar\/wp-content\/uploads\/2020\/04\/logo-retina.png","contentUrl":"https:\/\/proagrolab.com.ar\/wp-content\/uploads\/2020\/04\/logo-retina.png","width":478,"height":120,"caption":"Proagro"},"image":{"@id":"https:\/\/proagrolab.com.ar\/#\/schema\/logo\/image\/"},"sameAs":["http:\/\/www.facebook.com\/proagrolab","https:\/\/www.instagram.com\/proagrolab\/","https:\/\/www.linkedin.com\/company\/laboratorio-proagro-s-a\/"]},{"@type":"Person","@id":"https:\/\/proagrolab.com.ar\/#\/schema\/person\/38003ff90bf80381f71c7d922d207444","name":"proagrolab"}]}},"_links":{"self":[{"href":"https:\/\/proagrolab.com.ar\/en\/wp-json\/wp\/v2\/posts\/6064","targetHints":{"allow":["GET"]}}],"collection":[{"href":"https:\/\/proagrolab.com.ar\/en\/wp-json\/wp\/v2\/posts"}],"about":[{"href":"https:\/\/proagrolab.com.ar\/en\/wp-json\/wp\/v2\/types\/post"}],"author":[{"embeddable":true,"href":"https:\/\/proagrolab.com.ar\/en\/wp-json\/wp\/v2\/users\/2"}],"replies":[{"embeddable":true,"href":"https:\/\/proagrolab.com.ar\/en\/wp-json\/wp\/v2\/comments?post=6064"}],"version-history":[{"count":1,"href":"https:\/\/proagrolab.com.ar\/en\/wp-json\/wp\/v2\/posts\/6064\/revisions"}],"predecessor-version":[{"id":14571,"href":"https:\/\/proagrolab.com.ar\/en\/wp-json\/wp\/v2\/posts\/6064\/revisions\/14571"}],"wp:featuredmedia":[{"embeddable":true,"href":"https:\/\/proagrolab.com.ar\/en\/wp-json\/wp\/v2\/media\/2551"}],"wp:attachment":[{"href":"https:\/\/proagrolab.com.ar\/en\/wp-json\/wp\/v2\/media?parent=6064"}],"wp:term":[{"taxonomy":"category","embeddable":true,"href":"https:\/\/proagrolab.com.ar\/en\/wp-json\/wp\/v2\/categories?post=6064"},{"taxonomy":"post_tag","embeddable":true,"href":"https:\/\/proagrolab.com.ar\/en\/wp-json\/wp\/v2\/tags?post=6064"}],"curies":[{"name":"wp","href":"https:\/\/api.w.org\/{rel}","templated":true}]}}