{"id":6060,"date":"2014-04-15T00:00:01","date_gmt":"2014-04-15T00:00:01","guid":{"rendered":"https:\/\/proagrolab.com.ar\/%c2%93las-perdidas-en-el-sector-tambero-llegan-a-los-1-000-millones-de-pesos%c2%94-admitio-fascendini\/"},"modified":"2020-07-02T12:29:34","modified_gmt":"2020-07-02T12:29:34","slug":"%c2%93las-perdidas-en-el-sector-tambero-llegan-a-los-1-000-millones-de-pesos%c2%94-admitio-fascendini","status":"publish","type":"post","link":"https:\/\/proagrolab.com.ar\/en\/%c2%93las-perdidas-en-el-sector-tambero-llegan-a-los-1-000-millones-de-pesos%c2%94-admitio-fascendini\/","title":{"rendered":"\u0093Las p\u00e9rdidas en el sector tambero llegan a los 1.000 millones de pesos\u0094, admiti\u00f3 Fascendini."},"content":{"rendered":"<p class=\"qtranxs-available-languages-message qtranxs-available-languages-message-en\"> <\/p><p>El Ministro de la Producci\u00f3n, Carlos Fascendini pas\u00f3 por el Depto. San Crist\u00f3bal para interiorizarse sobre la situaci\u00f3n h\u00eddrica luego de las grandes lluvias del fin de semana pasado. El funcionario afirm\u00f3 que los departamentos afectados por la inundaci\u00f3n estar\u00e1n incluidos en la emergencia agropecuaria, \u0093lo que nos permitir\u00e1 gestionar ante el Gobierno nacional el pedido de asistencia financiera\u0094. Al mismo tiempo, reconoci\u00f3: \u0093toda inundaci\u00f3n tiene un efecto importante y eso est\u00e1 demostrado en que habr\u00eda unos 1000 millones de pesos en p\u00e9rdidas s\u00f3lo en el sector tambero\u0094. Por otra parte, deslind\u00f3 responsabilidades en la realizaci\u00f3n de obras en caminos y canales al manifestar que est\u00e1n las \u00e1reas espec\u00edficas en los Ministerios de Obras y de Aguas.<\/p>\n<p>Fascendini coment\u00f3 se otorgar\u00edan pr\u00f3rrogas para el pago de impuestos o condonaci\u00f3n en caso de ser zona de desastre, adem\u00e1s de nuevos cr\u00e9ditos con tasas preferenciales y la pr\u00f3rroga de aquellos ya otorgados y que est\u00e1n cerca del vencimiento. En tanto, no descart\u00f3 la implementaci\u00f3n de ayudas a trav\u00e9s del agente financiero de la provincia que es el Nuevo Banco de Santa Fe.<\/p>\n<p>Al ser consultado sobre los fuertes pedidos de los productores para que se mejore el precio de la leche, Fascendini respondi\u00f3 que \u0093la pol\u00edtica econ\u00f3mica no depende de nosotros pero seguiremos insistiendo ante la Naci\u00f3n para que se fomenten las exportaciones con el objetivo de hacer crecer la producci\u00f3n. La pol\u00edtica de cuidar precios internos ha fracasado y eso est\u00e1 demostrado en el caso de la carne donde se cerraron las ventas al exterior pero a nivel interno el precio subi\u00f3 muy fuerte\u0094.<\/p>\n<p>Por \u00faltimo, se\u00f1al\u00f3 que para el Gobierno de Santa Fe \u0093la lecher\u00eda es una producci\u00f3n estrat\u00e9gica\u0094 y solicit\u00f3 la unidad de los productores porque la divisi\u00f3n no ayuda a la unificaci\u00f3n de reclamos.<\/p>\n<p>Fuente: Nuestro agro, 14 de abril.<br \/><\/p>","protected":false},"excerpt":{"rendered":"<p>El Ministro de la Producci\u00f3n, Carlos Fascendini pas\u00f3 por el Depto. San Crist\u00f3bal para interiorizarse sobre la situaci\u00f3n h\u00eddrica luego de las grandes lluvias del fin de semana pasado. El funcionario afirm\u00f3 que los departamentos afectados por la inundaci\u00f3n estar\u00e1n incluidos en la emergencia agropecuaria, \u0093lo que nos permitir\u00e1 gestionar ante el Gobierno nacional el pedido de asistencia financiera\u0094. Al mismo tiempo, reconoci\u00f3: \u0093toda inundaci\u00f3n tiene un efecto importante y eso est\u00e1 demostrado en que habr\u00eda unos 1000 millones de pesos en p\u00e9rdidas s\u00f3lo en el sector tambero\u0094. Por otra parte, deslind\u00f3 responsabilidades en la realizaci\u00f3n de obras en caminos y canales al manifestar que est\u00e1n las \u00e1reas espec\u00edficas en los Ministerios de Obras y de Aguas. Fascendini coment\u00f3 se otorgar\u00edan pr\u00f3rrogas para el pago de impuestos o condonaci\u00f3n en caso de ser zona de desastre, adem\u00e1s de nuevos cr\u00e9ditos con tasas preferenciales y la pr\u00f3rroga de aquellos ya otorgados y que est\u00e1n cerca del vencimiento. En tanto, no descart\u00f3 la implementaci\u00f3n de ayudas a trav\u00e9s del agente financiero de la provincia que es el Nuevo Banco de Santa Fe. Al ser consultado sobre los fuertes pedidos de los productores para que se mejore el precio de la leche, Fascendini [&hellip;]<\/p>\n","protected":false},"author":2,"featured_media":2547,"comment_status":"closed","ping_status":"open","sticky":false,"template":"","format":"standard","meta":{"_acf_changed":false,"footnotes":""},"categories":[56],"tags":[],"class_list":["post-6060","post","type-post","status-publish","format-standard","has-post-thumbnail","hentry","category-infoganadero"],"acf":[],"yoast_head":"<!-- This site is optimized with the Yoast SEO plugin v27.4 - https:\/\/yoast.com\/product\/yoast-seo-wordpress\/ -->\n<title>\u0093Las p\u00e9rdidas en el sector tambero llegan a los 1.000 millones de pesos\u0094, admiti\u00f3 Fascendini. | Proagro<\/title>\n<meta name=\"robots\" content=\"index, follow, max-snippet:-1, max-image-preview:large, max-video-preview:-1\" \/>\n<link rel=\"canonical\" href=\"https:\/\/proagrolab.com.ar\/en\/\u0093las-perdidas-en-el-sector-tambero-llegan-a-los-1-000-millones-de-pesos\u0094-admitio-fascendini\/\" \/>\n<meta property=\"og:locale\" content=\"en_US\" \/>\n<meta property=\"og:type\" content=\"article\" \/>\n<meta property=\"og:title\" content=\"\u0093Las p\u00e9rdidas en el sector tambero llegan a los 1.000 millones de pesos\u0094, admiti\u00f3 Fascendini. | Proagro\" \/>\n<meta property=\"og:description\" content=\"El Ministro de la Producci\u00f3n, Carlos Fascendini pas\u00f3 por el Depto. San Crist\u00f3bal para interiorizarse sobre la situaci\u00f3n h\u00eddrica luego de las grandes lluvias del fin de semana pasado. El funcionario afirm\u00f3 que los departamentos afectados por la inundaci\u00f3n estar\u00e1n incluidos en la emergencia agropecuaria, \u0093lo que nos permitir\u00e1 gestionar ante el Gobierno nacional el pedido de asistencia financiera\u0094. Al mismo tiempo, reconoci\u00f3: \u0093toda inundaci\u00f3n tiene un efecto importante y eso est\u00e1 demostrado en que habr\u00eda unos 1000 millones de pesos en p\u00e9rdidas s\u00f3lo en el sector tambero\u0094. Por otra parte, deslind\u00f3 responsabilidades en la realizaci\u00f3n de obras en caminos y canales al manifestar que est\u00e1n las \u00e1reas espec\u00edficas en los Ministerios de Obras y de Aguas. Fascendini coment\u00f3 se otorgar\u00edan pr\u00f3rrogas para el pago de impuestos o condonaci\u00f3n en caso de ser zona de desastre, adem\u00e1s de nuevos cr\u00e9ditos con tasas preferenciales y la pr\u00f3rroga de aquellos ya otorgados y que est\u00e1n cerca del vencimiento. En tanto, no descart\u00f3 la implementaci\u00f3n de ayudas a trav\u00e9s del agente financiero de la provincia que es el Nuevo Banco de Santa Fe. Al ser consultado sobre los fuertes pedidos de los productores para que se mejore el precio de la leche, Fascendini [&hellip;]\" \/>\n<meta property=\"og:url\" content=\"https:\/\/proagrolab.com.ar\/\u0093las-perdidas-en-el-sector-tambero-llegan-a-los-1-000-millones-de-pesos\u0094-admitio-fascendini\/\" \/>\n<meta property=\"og:site_name\" content=\"Proagro\" \/>\n<meta property=\"article:publisher\" content=\"http:\/\/www.facebook.com\/proagrolab\" \/>\n<meta property=\"article:published_time\" content=\"2014-04-15T00:00:01+00:00\" \/>\n<meta property=\"article:modified_time\" content=\"2020-07-02T12:29:34+00:00\" \/>\n<meta property=\"og:image\" content=\"https:\/\/proagrolab.com.ar\/wp-content\/uploads\/2015\/01\/g_12nlxkllo__Inundadas.jpg\" \/>\n\t<meta property=\"og:image:width\" content=\"450\" \/>\n\t<meta property=\"og:image:height\" content=\"208\" \/>\n\t<meta property=\"og:image:type\" content=\"image\/jpeg\" \/>\n<meta name=\"author\" content=\"proagrolab\" \/>\n<meta name=\"twitter:card\" content=\"summary_large_image\" \/>\n<meta name=\"twitter:label1\" content=\"Written by\" \/>\n\t<meta name=\"twitter:data1\" content=\"proagrolab\" \/>\n\t<meta name=\"twitter:label2\" content=\"Est. reading time\" \/>\n\t<meta name=\"twitter:data2\" content=\"2 minutes\" \/>\n<script type=\"application\/ld+json\" class=\"yoast-schema-graph\">{\"@context\":\"https:\\\/\\\/schema.org\",\"@graph\":[{\"@type\":\"Article\",\"@id\":\"https:\\\/\\\/proagrolab.com.ar\\\/%c2%93las-perdidas-en-el-sector-tambero-llegan-a-los-1-000-millones-de-pesos%c2%94-admitio-fascendini\\\/#article\",\"isPartOf\":{\"@id\":\"https:\\\/\\\/proagrolab.com.ar\\\/%c2%93las-perdidas-en-el-sector-tambero-llegan-a-los-1-000-millones-de-pesos%c2%94-admitio-fascendini\\\/\"},\"author\":{\"name\":\"proagrolab\",\"@id\":\"https:\\\/\\\/proagrolab.com.ar\\\/#\\\/schema\\\/person\\\/38003ff90bf80381f71c7d922d207444\"},\"headline\":\"\u0093Las p\u00e9rdidas en el sector tambero llegan a los 1.000 millones de pesos\u0094, admiti\u00f3 Fascendini.\",\"datePublished\":\"2014-04-15T00:00:01+00:00\",\"dateModified\":\"2020-07-02T12:29:34+00:00\",\"mainEntityOfPage\":{\"@id\":\"https:\\\/\\\/proagrolab.com.ar\\\/%c2%93las-perdidas-en-el-sector-tambero-llegan-a-los-1-000-millones-de-pesos%c2%94-admitio-fascendini\\\/\"},\"wordCount\":348,\"publisher\":{\"@id\":\"https:\\\/\\\/proagrolab.com.ar\\\/#organization\"},\"image\":{\"@id\":\"https:\\\/\\\/proagrolab.com.ar\\\/%c2%93las-perdidas-en-el-sector-tambero-llegan-a-los-1-000-millones-de-pesos%c2%94-admitio-fascendini\\\/#primaryimage\"},\"thumbnailUrl\":\"https:\\\/\\\/proagrolab.com.ar\\\/wp-content\\\/uploads\\\/2015\\\/01\\\/g_12nlxkllo__Inundadas.jpg\",\"articleSection\":[\"News\"],\"inLanguage\":\"en-US\"},{\"@type\":\"WebPage\",\"@id\":\"https:\\\/\\\/proagrolab.com.ar\\\/%c2%93las-perdidas-en-el-sector-tambero-llegan-a-los-1-000-millones-de-pesos%c2%94-admitio-fascendini\\\/\",\"url\":\"https:\\\/\\\/proagrolab.com.ar\\\/%c2%93las-perdidas-en-el-sector-tambero-llegan-a-los-1-000-millones-de-pesos%c2%94-admitio-fascendini\\\/\",\"name\":\"\u0093Las p\u00e9rdidas en el sector tambero llegan a los 1.000 millones de pesos\u0094, admiti\u00f3 Fascendini. | Proagro\",\"isPartOf\":{\"@id\":\"https:\\\/\\\/proagrolab.com.ar\\\/#website\"},\"primaryImageOfPage\":{\"@id\":\"https:\\\/\\\/proagrolab.com.ar\\\/%c2%93las-perdidas-en-el-sector-tambero-llegan-a-los-1-000-millones-de-pesos%c2%94-admitio-fascendini\\\/#primaryimage\"},\"image\":{\"@id\":\"https:\\\/\\\/proagrolab.com.ar\\\/%c2%93las-perdidas-en-el-sector-tambero-llegan-a-los-1-000-millones-de-pesos%c2%94-admitio-fascendini\\\/#primaryimage\"},\"thumbnailUrl\":\"https:\\\/\\\/proagrolab.com.ar\\\/wp-content\\\/uploads\\\/2015\\\/01\\\/g_12nlxkllo__Inundadas.jpg\",\"datePublished\":\"2014-04-15T00:00:01+00:00\",\"dateModified\":\"2020-07-02T12:29:34+00:00\",\"breadcrumb\":{\"@id\":\"https:\\\/\\\/proagrolab.com.ar\\\/%c2%93las-perdidas-en-el-sector-tambero-llegan-a-los-1-000-millones-de-pesos%c2%94-admitio-fascendini\\\/#breadcrumb\"},\"inLanguage\":\"en-US\",\"potentialAction\":[{\"@type\":\"ReadAction\",\"target\":[\"https:\\\/\\\/proagrolab.com.ar\\\/%c2%93las-perdidas-en-el-sector-tambero-llegan-a-los-1-000-millones-de-pesos%c2%94-admitio-fascendini\\\/\"]}]},{\"@type\":\"ImageObject\",\"inLanguage\":\"en-US\",\"@id\":\"https:\\\/\\\/proagrolab.com.ar\\\/%c2%93las-perdidas-en-el-sector-tambero-llegan-a-los-1-000-millones-de-pesos%c2%94-admitio-fascendini\\\/#primaryimage\",\"url\":\"https:\\\/\\\/proagrolab.com.ar\\\/wp-content\\\/uploads\\\/2015\\\/01\\\/g_12nlxkllo__Inundadas.jpg\",\"contentUrl\":\"https:\\\/\\\/proagrolab.com.ar\\\/wp-content\\\/uploads\\\/2015\\\/01\\\/g_12nlxkllo__Inundadas.jpg\",\"width\":450,\"height\":208},{\"@type\":\"BreadcrumbList\",\"@id\":\"https:\\\/\\\/proagrolab.com.ar\\\/%c2%93las-perdidas-en-el-sector-tambero-llegan-a-los-1-000-millones-de-pesos%c2%94-admitio-fascendini\\\/#breadcrumb\",\"itemListElement\":[{\"@type\":\"ListItem\",\"position\":1,\"name\":\"Portada\",\"item\":\"https:\\\/\\\/proagrolab.com.ar\\\/\"},{\"@type\":\"ListItem\",\"position\":2,\"name\":\"\u0093Las p\u00e9rdidas en el sector tambero llegan a los 1.000 millones de pesos\u0094, admiti\u00f3 Fascendini.\"}]},{\"@type\":\"WebSite\",\"@id\":\"https:\\\/\\\/proagrolab.com.ar\\\/#website\",\"url\":\"https:\\\/\\\/proagrolab.com.ar\\\/\",\"name\":\"Proagro Laboratorio Veterinario\",\"description\":\"Veterinary laboratory\",\"publisher\":{\"@id\":\"https:\\\/\\\/proagrolab.com.ar\\\/#organization\"},\"potentialAction\":[{\"@type\":\"SearchAction\",\"target\":{\"@type\":\"EntryPoint\",\"urlTemplate\":\"https:\\\/\\\/proagrolab.com.ar\\\/?s={search_term_string}\"},\"query-input\":{\"@type\":\"PropertyValueSpecification\",\"valueRequired\":true,\"valueName\":\"search_term_string\"}}],\"inLanguage\":\"en-US\"},{\"@type\":\"Organization\",\"@id\":\"https:\\\/\\\/proagrolab.com.ar\\\/#organization\",\"name\":\"Proagro\",\"url\":\"https:\\\/\\\/proagrolab.com.ar\\\/\",\"logo\":{\"@type\":\"ImageObject\",\"inLanguage\":\"en-US\",\"@id\":\"https:\\\/\\\/proagrolab.com.ar\\\/#\\\/schema\\\/logo\\\/image\\\/\",\"url\":\"https:\\\/\\\/proagrolab.com.ar\\\/wp-content\\\/uploads\\\/2020\\\/04\\\/logo-retina.png\",\"contentUrl\":\"https:\\\/\\\/proagrolab.com.ar\\\/wp-content\\\/uploads\\\/2020\\\/04\\\/logo-retina.png\",\"width\":478,\"height\":120,\"caption\":\"Proagro\"},\"image\":{\"@id\":\"https:\\\/\\\/proagrolab.com.ar\\\/#\\\/schema\\\/logo\\\/image\\\/\"},\"sameAs\":[\"http:\\\/\\\/www.facebook.com\\\/proagrolab\",\"https:\\\/\\\/www.instagram.com\\\/proagrolab\\\/\",\"https:\\\/\\\/www.linkedin.com\\\/company\\\/laboratorio-proagro-s-a\\\/\"]},{\"@type\":\"Person\",\"@id\":\"https:\\\/\\\/proagrolab.com.ar\\\/#\\\/schema\\\/person\\\/38003ff90bf80381f71c7d922d207444\",\"name\":\"proagrolab\"}]}<\/script>\n<!-- \/ Yoast SEO plugin. -->","yoast_head_json":{"title":"\u0093Las p\u00e9rdidas en el sector tambero llegan a los 1.000 millones de pesos\u0094, admiti\u00f3 Fascendini. | Proagro","robots":{"index":"index","follow":"follow","max-snippet":"max-snippet:-1","max-image-preview":"max-image-preview:large","max-video-preview":"max-video-preview:-1"},"canonical":"https:\/\/proagrolab.com.ar\/en\/\u0093las-perdidas-en-el-sector-tambero-llegan-a-los-1-000-millones-de-pesos\u0094-admitio-fascendini\/","og_locale":"en_US","og_type":"article","og_title":"\u0093Las p\u00e9rdidas en el sector tambero llegan a los 1.000 millones de pesos\u0094, admiti\u00f3 Fascendini. | Proagro","og_description":"El Ministro de la Producci\u00f3n, Carlos Fascendini pas\u00f3 por el Depto. San Crist\u00f3bal para interiorizarse sobre la situaci\u00f3n h\u00eddrica luego de las grandes lluvias del fin de semana pasado. El funcionario afirm\u00f3 que los departamentos afectados por la inundaci\u00f3n estar\u00e1n incluidos en la emergencia agropecuaria, \u0093lo que nos permitir\u00e1 gestionar ante el Gobierno nacional el pedido de asistencia financiera\u0094. Al mismo tiempo, reconoci\u00f3: \u0093toda inundaci\u00f3n tiene un efecto importante y eso est\u00e1 demostrado en que habr\u00eda unos 1000 millones de pesos en p\u00e9rdidas s\u00f3lo en el sector tambero\u0094. Por otra parte, deslind\u00f3 responsabilidades en la realizaci\u00f3n de obras en caminos y canales al manifestar que est\u00e1n las \u00e1reas espec\u00edficas en los Ministerios de Obras y de Aguas. Fascendini coment\u00f3 se otorgar\u00edan pr\u00f3rrogas para el pago de impuestos o condonaci\u00f3n en caso de ser zona de desastre, adem\u00e1s de nuevos cr\u00e9ditos con tasas preferenciales y la pr\u00f3rroga de aquellos ya otorgados y que est\u00e1n cerca del vencimiento. En tanto, no descart\u00f3 la implementaci\u00f3n de ayudas a trav\u00e9s del agente financiero de la provincia que es el Nuevo Banco de Santa Fe. Al ser consultado sobre los fuertes pedidos de los productores para que se mejore el precio de la leche, Fascendini [&hellip;]","og_url":"https:\/\/proagrolab.com.ar\/\u0093las-perdidas-en-el-sector-tambero-llegan-a-los-1-000-millones-de-pesos\u0094-admitio-fascendini\/","og_site_name":"Proagro","article_publisher":"http:\/\/www.facebook.com\/proagrolab","article_published_time":"2014-04-15T00:00:01+00:00","article_modified_time":"2020-07-02T12:29:34+00:00","og_image":[{"width":450,"height":208,"url":"https:\/\/proagrolab.com.ar\/wp-content\/uploads\/2015\/01\/g_12nlxkllo__Inundadas.jpg","type":"image\/jpeg"}],"author":"proagrolab","twitter_card":"summary_large_image","twitter_misc":{"Written by":"proagrolab","Est. reading time":"2 minutes"},"schema":{"@context":"https:\/\/schema.org","@graph":[{"@type":"Article","@id":"https:\/\/proagrolab.com.ar\/%c2%93las-perdidas-en-el-sector-tambero-llegan-a-los-1-000-millones-de-pesos%c2%94-admitio-fascendini\/#article","isPartOf":{"@id":"https:\/\/proagrolab.com.ar\/%c2%93las-perdidas-en-el-sector-tambero-llegan-a-los-1-000-millones-de-pesos%c2%94-admitio-fascendini\/"},"author":{"name":"proagrolab","@id":"https:\/\/proagrolab.com.ar\/#\/schema\/person\/38003ff90bf80381f71c7d922d207444"},"headline":"\u0093Las p\u00e9rdidas en el sector tambero llegan a los 1.000 millones de pesos\u0094, admiti\u00f3 Fascendini.","datePublished":"2014-04-15T00:00:01+00:00","dateModified":"2020-07-02T12:29:34+00:00","mainEntityOfPage":{"@id":"https:\/\/proagrolab.com.ar\/%c2%93las-perdidas-en-el-sector-tambero-llegan-a-los-1-000-millones-de-pesos%c2%94-admitio-fascendini\/"},"wordCount":348,"publisher":{"@id":"https:\/\/proagrolab.com.ar\/#organization"},"image":{"@id":"https:\/\/proagrolab.com.ar\/%c2%93las-perdidas-en-el-sector-tambero-llegan-a-los-1-000-millones-de-pesos%c2%94-admitio-fascendini\/#primaryimage"},"thumbnailUrl":"https:\/\/proagrolab.com.ar\/wp-content\/uploads\/2015\/01\/g_12nlxkllo__Inundadas.jpg","articleSection":["News"],"inLanguage":"en-US"},{"@type":"WebPage","@id":"https:\/\/proagrolab.com.ar\/%c2%93las-perdidas-en-el-sector-tambero-llegan-a-los-1-000-millones-de-pesos%c2%94-admitio-fascendini\/","url":"https:\/\/proagrolab.com.ar\/%c2%93las-perdidas-en-el-sector-tambero-llegan-a-los-1-000-millones-de-pesos%c2%94-admitio-fascendini\/","name":"\u0093Las p\u00e9rdidas en el sector tambero llegan a los 1.000 millones de pesos\u0094, admiti\u00f3 Fascendini. | Proagro","isPartOf":{"@id":"https:\/\/proagrolab.com.ar\/#website"},"primaryImageOfPage":{"@id":"https:\/\/proagrolab.com.ar\/%c2%93las-perdidas-en-el-sector-tambero-llegan-a-los-1-000-millones-de-pesos%c2%94-admitio-fascendini\/#primaryimage"},"image":{"@id":"https:\/\/proagrolab.com.ar\/%c2%93las-perdidas-en-el-sector-tambero-llegan-a-los-1-000-millones-de-pesos%c2%94-admitio-fascendini\/#primaryimage"},"thumbnailUrl":"https:\/\/proagrolab.com.ar\/wp-content\/uploads\/2015\/01\/g_12nlxkllo__Inundadas.jpg","datePublished":"2014-04-15T00:00:01+00:00","dateModified":"2020-07-02T12:29:34+00:00","breadcrumb":{"@id":"https:\/\/proagrolab.com.ar\/%c2%93las-perdidas-en-el-sector-tambero-llegan-a-los-1-000-millones-de-pesos%c2%94-admitio-fascendini\/#breadcrumb"},"inLanguage":"en-US","potentialAction":[{"@type":"ReadAction","target":["https:\/\/proagrolab.com.ar\/%c2%93las-perdidas-en-el-sector-tambero-llegan-a-los-1-000-millones-de-pesos%c2%94-admitio-fascendini\/"]}]},{"@type":"ImageObject","inLanguage":"en-US","@id":"https:\/\/proagrolab.com.ar\/%c2%93las-perdidas-en-el-sector-tambero-llegan-a-los-1-000-millones-de-pesos%c2%94-admitio-fascendini\/#primaryimage","url":"https:\/\/proagrolab.com.ar\/wp-content\/uploads\/2015\/01\/g_12nlxkllo__Inundadas.jpg","contentUrl":"https:\/\/proagrolab.com.ar\/wp-content\/uploads\/2015\/01\/g_12nlxkllo__Inundadas.jpg","width":450,"height":208},{"@type":"BreadcrumbList","@id":"https:\/\/proagrolab.com.ar\/%c2%93las-perdidas-en-el-sector-tambero-llegan-a-los-1-000-millones-de-pesos%c2%94-admitio-fascendini\/#breadcrumb","itemListElement":[{"@type":"ListItem","position":1,"name":"Portada","item":"https:\/\/proagrolab.com.ar\/"},{"@type":"ListItem","position":2,"name":"\u0093Las p\u00e9rdidas en el sector tambero llegan a los 1.000 millones de pesos\u0094, admiti\u00f3 Fascendini."}]},{"@type":"WebSite","@id":"https:\/\/proagrolab.com.ar\/#website","url":"https:\/\/proagrolab.com.ar\/","name":"Proagro Laboratorio Veterinario","description":"Veterinary laboratory","publisher":{"@id":"https:\/\/proagrolab.com.ar\/#organization"},"potentialAction":[{"@type":"SearchAction","target":{"@type":"EntryPoint","urlTemplate":"https:\/\/proagrolab.com.ar\/?s={search_term_string}"},"query-input":{"@type":"PropertyValueSpecification","valueRequired":true,"valueName":"search_term_string"}}],"inLanguage":"en-US"},{"@type":"Organization","@id":"https:\/\/proagrolab.com.ar\/#organization","name":"Proagro","url":"https:\/\/proagrolab.com.ar\/","logo":{"@type":"ImageObject","inLanguage":"en-US","@id":"https:\/\/proagrolab.com.ar\/#\/schema\/logo\/image\/","url":"https:\/\/proagrolab.com.ar\/wp-content\/uploads\/2020\/04\/logo-retina.png","contentUrl":"https:\/\/proagrolab.com.ar\/wp-content\/uploads\/2020\/04\/logo-retina.png","width":478,"height":120,"caption":"Proagro"},"image":{"@id":"https:\/\/proagrolab.com.ar\/#\/schema\/logo\/image\/"},"sameAs":["http:\/\/www.facebook.com\/proagrolab","https:\/\/www.instagram.com\/proagrolab\/","https:\/\/www.linkedin.com\/company\/laboratorio-proagro-s-a\/"]},{"@type":"Person","@id":"https:\/\/proagrolab.com.ar\/#\/schema\/person\/38003ff90bf80381f71c7d922d207444","name":"proagrolab"}]}},"_links":{"self":[{"href":"https:\/\/proagrolab.com.ar\/en\/wp-json\/wp\/v2\/posts\/6060","targetHints":{"allow":["GET"]}}],"collection":[{"href":"https:\/\/proagrolab.com.ar\/en\/wp-json\/wp\/v2\/posts"}],"about":[{"href":"https:\/\/proagrolab.com.ar\/en\/wp-json\/wp\/v2\/types\/post"}],"author":[{"embeddable":true,"href":"https:\/\/proagrolab.com.ar\/en\/wp-json\/wp\/v2\/users\/2"}],"replies":[{"embeddable":true,"href":"https:\/\/proagrolab.com.ar\/en\/wp-json\/wp\/v2\/comments?post=6060"}],"version-history":[{"count":1,"href":"https:\/\/proagrolab.com.ar\/en\/wp-json\/wp\/v2\/posts\/6060\/revisions"}],"predecessor-version":[{"id":14567,"href":"https:\/\/proagrolab.com.ar\/en\/wp-json\/wp\/v2\/posts\/6060\/revisions\/14567"}],"wp:featuredmedia":[{"embeddable":true,"href":"https:\/\/proagrolab.com.ar\/en\/wp-json\/wp\/v2\/media\/2547"}],"wp:attachment":[{"href":"https:\/\/proagrolab.com.ar\/en\/wp-json\/wp\/v2\/media?parent=6060"}],"wp:term":[{"taxonomy":"category","embeddable":true,"href":"https:\/\/proagrolab.com.ar\/en\/wp-json\/wp\/v2\/categories?post=6060"},{"taxonomy":"post_tag","embeddable":true,"href":"https:\/\/proagrolab.com.ar\/en\/wp-json\/wp\/v2\/tags?post=6060"}],"curies":[{"name":"wp","href":"https:\/\/api.w.org\/{rel}","templated":true}]}}