{"id":6059,"date":"2014-04-15T00:00:01","date_gmt":"2014-04-15T00:00:01","guid":{"rendered":"https:\/\/proagrolab.com.ar\/por-las-inundaciones-preven-un-descenso-en-la-produccion-de-leche\/"},"modified":"2020-07-02T12:29:40","modified_gmt":"2020-07-02T12:29:40","slug":"por-las-inundaciones-preven-un-descenso-en-la-produccion-de-leche","status":"publish","type":"post","link":"https:\/\/proagrolab.com.ar\/en\/por-las-inundaciones-preven-un-descenso-en-la-produccion-de-leche\/","title":{"rendered":"Por las inundaciones, prev\u00e9n un descenso en la producci\u00f3n de leche."},"content":{"rendered":"<p class=\"qtranxs-available-languages-message qtranxs-available-languages-message-en\"> <\/p><p>En lo que va de abril, la recepci\u00f3n en las industrias baj\u00f3 entre 5 y 6%; tambi\u00e9n caer\u00e1n las exportaciones.<\/p>\n<p>Por Fernando Bertello.<\/p>\n<p>Por las inundaciones en las principales cuencas lecheras de Santa Fe y C\u00f3rdoba y complicaciones por excesos h\u00eddricos en Buenos Aires, la recepci\u00f3n de leche de las industrias cay\u00f3 en las dos primeras semanas de abril entre un 5 y un 6% frente al mismo per\u00edodo de 2013. Las principales empresas del sector est\u00e1n recibiendo un mill\u00f3n de litros por d\u00eda menos de los tambos. Para los empresarios, la reducci\u00f3n no compromete el abastecimiento en el mercado interno, pero s\u00ed har\u00e1 que se reduzcan las exportaciones.<\/p>\n<p>&#8220;En el nivel general, en estas dos primeras semanas de abril estamos abajo en un 5 a 6 por ciento versus el a\u00f1o pasado&#8221;, se\u00f1al\u00f3 Miguel Paul\u00f3n, presidente del Centro de la Industria Lechera (CIL).<\/p>\n<p>Esa c\u00e1mara agrupa a 22 compa\u00f1\u00edas que procesan el 65% de la producci\u00f3n diaria de leche. Por esas firmas pasan habitualmente, en promedio, de 17 a 18 millones de litros diarios que aportan los tambos.<\/p>\n<p>Paul\u00f3n calcul\u00f3 que en volumen lo que se dej\u00f3 de recibir oscila en alrededor de un mill\u00f3n de litros diarios a nivel pa\u00eds. Algunas empresas en particular exhiben mermas m\u00e1s pronunciadas. Por ejemplo, firmas que compran en la zona del centro oeste de Santa Fe y en el este de C\u00f3rdoba tuvieron reducciones del 25 por ciento.<\/p>\n<p>Las mayores complicaciones vienen por el lado de que los camiones recolectores no pueden acceder a los campos con caminos intransitables.<\/p>\n<p>Para el presidente del Centro de la Industria Lechera, &#8220;no va a haber problemas&#8221; con el abastecimiento en el mercado interno. No obstante, admiti\u00f3 un impacto sobre el comercio exterior. &#8220;Se van a reducir las exportaciones&#8221;, precis\u00f3 Paul\u00f3n.<\/p>\n<p>Seg\u00fan el Ministerio de Agricultura, en el primer trimestre de este a\u00f1o las exportaciones de productos l\u00e1cteos tuvieron en volumen un incremento del 20% respecto del mismo per\u00edodo de 2013. Fueron 89.876 toneladas en el primer trimestre de 2014, frente a 75.480 toneladas en igual lapso de 2013.<\/p>\n<p><i>Menos ventas<\/i><br \/>Al margen de ese dato de la cartera agr\u00edcola, en marzo pasado trascendi\u00f3 un freno a las exportaciones. De hecho, aunque no tiene a\u00fan publicado el dato de marzo, de la estad\u00edstica del Servicio Nacional de Sanidad y Calidad Agroalimentaria (Senasa) se desprende que ya en el primer bimestre de este a\u00f1o, en volumen, se dio una baja. De 68.275 toneladas de enero\/febrero de 2013 se redujo en enero\/febrero de 2014 a 60.961 toneladas.<\/p>\n<p>Mientras tanto, en los tambos, que abastecen de la materia prima a las industrias, la situaci\u00f3n es cr\u00edtica. En el centro de Santa Fe se ha informado de ca\u00eddas de hasta el 40% en la producci\u00f3n de los establecimientos. En este sentido, el ministro de la Producci\u00f3n de esa provincia, Carlos Fascendini, calcul\u00f3 que en el sector tambero las p\u00e9rdidas ya rondan los $ 1000 millones.<\/p>\n<p>Hoy las vacas est\u00e1n en medio del barro y con dificultades para acceder a una alimentaci\u00f3n normal. Por eso resienten su producci\u00f3n.<\/p>\n<p>Rodolfo Tkachuk, coordinador de la zona Santa Fe Centro de los Consorcios Regionales de Experimentaci\u00f3n Agr\u00edcola (CREA), cont\u00f3 que, despu\u00e9s del temporal, tambos CREA est\u00e1n &#8220;repuntando&#8221; la producci\u00f3n, pero que la situaci\u00f3n es distinta en el resto de los establecimientos de la cuenca, con &#8220;muchos tambos chicos muy afectados&#8221; e industrias que llegaron a reportar 40% de baja en la recepci\u00f3n.<\/p>\n<p>Para los productores, las dificultades con el clima se suman a un escenario econ\u00f3mico delicado, con ingresos que no cubren los costos. Los tamberos reclaman una suba en el precio que cobran. Reciben un promedio de 2,70 a 2,75 pesos el litro, pero sus costos superan los $ 3, advierten.<\/p>\n<p>Adem\u00e1s de hablar del impacto de las lluvias sobre los tambos en Santa Fe, la Mesa Nacional de Productores de Leche, que viene cumpliendo una agenda de reuniones con autoridades provinciales, ayer abord\u00f3 tambi\u00e9n con Fascendini el reclamo por la actualizaci\u00f3n de los precios.<\/p>\n<p>Fuente: La Naci\u00f3n, 15 de abril.<br \/><\/p>","protected":false},"excerpt":{"rendered":"<p>En lo que va de abril, la recepci\u00f3n en las industrias baj\u00f3 entre 5 y 6%; tambi\u00e9n caer\u00e1n las exportaciones. Por Fernando Bertello. Por las inundaciones en las principales cuencas lecheras de Santa Fe y C\u00f3rdoba y complicaciones por excesos h\u00eddricos en Buenos Aires, la recepci\u00f3n de leche de las industrias cay\u00f3 en las dos primeras semanas de abril entre un 5 y un 6% frente al mismo per\u00edodo de 2013. Las principales empresas del sector est\u00e1n recibiendo un mill\u00f3n de litros por d\u00eda menos de los tambos. Para los empresarios, la reducci\u00f3n no compromete el abastecimiento en el mercado interno, pero s\u00ed har\u00e1 que se reduzcan las exportaciones. &#8220;En el nivel general, en estas dos primeras semanas de abril estamos abajo en un 5 a 6 por ciento versus el a\u00f1o pasado&#8221;, se\u00f1al\u00f3 Miguel Paul\u00f3n, presidente del Centro de la Industria Lechera (CIL). Esa c\u00e1mara agrupa a 22 compa\u00f1\u00edas que procesan el 65% de la producci\u00f3n diaria de leche. Por esas firmas pasan habitualmente, en promedio, de 17 a 18 millones de litros diarios que aportan los tambos. Paul\u00f3n calcul\u00f3 que en volumen lo que se dej\u00f3 de recibir oscila en alrededor de un mill\u00f3n de litros diarios a [&hellip;]<\/p>\n","protected":false},"author":2,"featured_media":2546,"comment_status":"closed","ping_status":"open","sticky":false,"template":"","format":"standard","meta":{"_acf_changed":false,"footnotes":""},"categories":[56],"tags":[],"class_list":["post-6059","post","type-post","status-publish","format-standard","has-post-thumbnail","hentry","category-infoganadero"],"acf":[],"yoast_head":"<!-- This site is optimized with the Yoast SEO plugin v27.4 - https:\/\/yoast.com\/product\/yoast-seo-wordpress\/ -->\n<title>Por las inundaciones, prev\u00e9n un descenso en la producci\u00f3n de leche. | Proagro<\/title>\n<meta name=\"robots\" content=\"index, follow, max-snippet:-1, max-image-preview:large, max-video-preview:-1\" \/>\n<link rel=\"canonical\" href=\"https:\/\/proagrolab.com.ar\/en\/por-las-inundaciones-preven-un-descenso-en-la-produccion-de-leche\/\" \/>\n<meta property=\"og:locale\" content=\"en_US\" \/>\n<meta property=\"og:type\" content=\"article\" \/>\n<meta property=\"og:title\" content=\"Por las inundaciones, prev\u00e9n un descenso en la producci\u00f3n de leche. | Proagro\" \/>\n<meta property=\"og:description\" content=\"En lo que va de abril, la recepci\u00f3n en las industrias baj\u00f3 entre 5 y 6%; tambi\u00e9n caer\u00e1n las exportaciones. Por Fernando Bertello. Por las inundaciones en las principales cuencas lecheras de Santa Fe y C\u00f3rdoba y complicaciones por excesos h\u00eddricos en Buenos Aires, la recepci\u00f3n de leche de las industrias cay\u00f3 en las dos primeras semanas de abril entre un 5 y un 6% frente al mismo per\u00edodo de 2013. Las principales empresas del sector est\u00e1n recibiendo un mill\u00f3n de litros por d\u00eda menos de los tambos. Para los empresarios, la reducci\u00f3n no compromete el abastecimiento en el mercado interno, pero s\u00ed har\u00e1 que se reduzcan las exportaciones. &#8220;En el nivel general, en estas dos primeras semanas de abril estamos abajo en un 5 a 6 por ciento versus el a\u00f1o pasado&#8221;, se\u00f1al\u00f3 Miguel Paul\u00f3n, presidente del Centro de la Industria Lechera (CIL). Esa c\u00e1mara agrupa a 22 compa\u00f1\u00edas que procesan el 65% de la producci\u00f3n diaria de leche. Por esas firmas pasan habitualmente, en promedio, de 17 a 18 millones de litros diarios que aportan los tambos. Paul\u00f3n calcul\u00f3 que en volumen lo que se dej\u00f3 de recibir oscila en alrededor de un mill\u00f3n de litros diarios a [&hellip;]\" \/>\n<meta property=\"og:url\" content=\"https:\/\/proagrolab.com.ar\/por-las-inundaciones-preven-un-descenso-en-la-produccion-de-leche\/\" \/>\n<meta property=\"og:site_name\" content=\"Proagro\" \/>\n<meta property=\"article:publisher\" content=\"http:\/\/www.facebook.com\/proagrolab\" \/>\n<meta property=\"article:published_time\" content=\"2014-04-15T00:00:01+00:00\" \/>\n<meta property=\"article:modified_time\" content=\"2020-07-02T12:29:40+00:00\" \/>\n<meta property=\"og:image\" content=\"https:\/\/proagrolab.com.ar\/wp-content\/uploads\/2015\/01\/g_6168le7po__Inundadas.jpg\" \/>\n\t<meta property=\"og:image:width\" content=\"450\" \/>\n\t<meta property=\"og:image:height\" content=\"208\" \/>\n\t<meta property=\"og:image:type\" content=\"image\/jpeg\" \/>\n<meta name=\"author\" content=\"proagrolab\" \/>\n<meta name=\"twitter:card\" content=\"summary_large_image\" \/>\n<meta name=\"twitter:label1\" content=\"Written by\" \/>\n\t<meta name=\"twitter:data1\" content=\"proagrolab\" \/>\n\t<meta name=\"twitter:label2\" content=\"Est. reading time\" \/>\n\t<meta name=\"twitter:data2\" content=\"3 minutes\" \/>\n<script type=\"application\/ld+json\" class=\"yoast-schema-graph\">{\"@context\":\"https:\\\/\\\/schema.org\",\"@graph\":[{\"@type\":\"Article\",\"@id\":\"https:\\\/\\\/proagrolab.com.ar\\\/por-las-inundaciones-preven-un-descenso-en-la-produccion-de-leche\\\/#article\",\"isPartOf\":{\"@id\":\"https:\\\/\\\/proagrolab.com.ar\\\/por-las-inundaciones-preven-un-descenso-en-la-produccion-de-leche\\\/\"},\"author\":{\"name\":\"proagrolab\",\"@id\":\"https:\\\/\\\/proagrolab.com.ar\\\/#\\\/schema\\\/person\\\/38003ff90bf80381f71c7d922d207444\"},\"headline\":\"Por las inundaciones, prev\u00e9n un descenso en la producci\u00f3n de leche.\",\"datePublished\":\"2014-04-15T00:00:01+00:00\",\"dateModified\":\"2020-07-02T12:29:40+00:00\",\"mainEntityOfPage\":{\"@id\":\"https:\\\/\\\/proagrolab.com.ar\\\/por-las-inundaciones-preven-un-descenso-en-la-produccion-de-leche\\\/\"},\"wordCount\":704,\"publisher\":{\"@id\":\"https:\\\/\\\/proagrolab.com.ar\\\/#organization\"},\"image\":{\"@id\":\"https:\\\/\\\/proagrolab.com.ar\\\/por-las-inundaciones-preven-un-descenso-en-la-produccion-de-leche\\\/#primaryimage\"},\"thumbnailUrl\":\"https:\\\/\\\/proagrolab.com.ar\\\/wp-content\\\/uploads\\\/2015\\\/01\\\/g_6168le7po__Inundadas.jpg\",\"articleSection\":[\"News\"],\"inLanguage\":\"en-US\"},{\"@type\":\"WebPage\",\"@id\":\"https:\\\/\\\/proagrolab.com.ar\\\/por-las-inundaciones-preven-un-descenso-en-la-produccion-de-leche\\\/\",\"url\":\"https:\\\/\\\/proagrolab.com.ar\\\/por-las-inundaciones-preven-un-descenso-en-la-produccion-de-leche\\\/\",\"name\":\"Por las inundaciones, prev\u00e9n un descenso en la producci\u00f3n de leche. | Proagro\",\"isPartOf\":{\"@id\":\"https:\\\/\\\/proagrolab.com.ar\\\/#website\"},\"primaryImageOfPage\":{\"@id\":\"https:\\\/\\\/proagrolab.com.ar\\\/por-las-inundaciones-preven-un-descenso-en-la-produccion-de-leche\\\/#primaryimage\"},\"image\":{\"@id\":\"https:\\\/\\\/proagrolab.com.ar\\\/por-las-inundaciones-preven-un-descenso-en-la-produccion-de-leche\\\/#primaryimage\"},\"thumbnailUrl\":\"https:\\\/\\\/proagrolab.com.ar\\\/wp-content\\\/uploads\\\/2015\\\/01\\\/g_6168le7po__Inundadas.jpg\",\"datePublished\":\"2014-04-15T00:00:01+00:00\",\"dateModified\":\"2020-07-02T12:29:40+00:00\",\"breadcrumb\":{\"@id\":\"https:\\\/\\\/proagrolab.com.ar\\\/por-las-inundaciones-preven-un-descenso-en-la-produccion-de-leche\\\/#breadcrumb\"},\"inLanguage\":\"en-US\",\"potentialAction\":[{\"@type\":\"ReadAction\",\"target\":[\"https:\\\/\\\/proagrolab.com.ar\\\/por-las-inundaciones-preven-un-descenso-en-la-produccion-de-leche\\\/\"]}]},{\"@type\":\"ImageObject\",\"inLanguage\":\"en-US\",\"@id\":\"https:\\\/\\\/proagrolab.com.ar\\\/por-las-inundaciones-preven-un-descenso-en-la-produccion-de-leche\\\/#primaryimage\",\"url\":\"https:\\\/\\\/proagrolab.com.ar\\\/wp-content\\\/uploads\\\/2015\\\/01\\\/g_6168le7po__Inundadas.jpg\",\"contentUrl\":\"https:\\\/\\\/proagrolab.com.ar\\\/wp-content\\\/uploads\\\/2015\\\/01\\\/g_6168le7po__Inundadas.jpg\",\"width\":450,\"height\":208},{\"@type\":\"BreadcrumbList\",\"@id\":\"https:\\\/\\\/proagrolab.com.ar\\\/por-las-inundaciones-preven-un-descenso-en-la-produccion-de-leche\\\/#breadcrumb\",\"itemListElement\":[{\"@type\":\"ListItem\",\"position\":1,\"name\":\"Portada\",\"item\":\"https:\\\/\\\/proagrolab.com.ar\\\/\"},{\"@type\":\"ListItem\",\"position\":2,\"name\":\"Por las inundaciones, prev\u00e9n un descenso en la producci\u00f3n de leche.\"}]},{\"@type\":\"WebSite\",\"@id\":\"https:\\\/\\\/proagrolab.com.ar\\\/#website\",\"url\":\"https:\\\/\\\/proagrolab.com.ar\\\/\",\"name\":\"Proagro Laboratorio Veterinario\",\"description\":\"Veterinary laboratory\",\"publisher\":{\"@id\":\"https:\\\/\\\/proagrolab.com.ar\\\/#organization\"},\"potentialAction\":[{\"@type\":\"SearchAction\",\"target\":{\"@type\":\"EntryPoint\",\"urlTemplate\":\"https:\\\/\\\/proagrolab.com.ar\\\/?s={search_term_string}\"},\"query-input\":{\"@type\":\"PropertyValueSpecification\",\"valueRequired\":true,\"valueName\":\"search_term_string\"}}],\"inLanguage\":\"en-US\"},{\"@type\":\"Organization\",\"@id\":\"https:\\\/\\\/proagrolab.com.ar\\\/#organization\",\"name\":\"Proagro\",\"url\":\"https:\\\/\\\/proagrolab.com.ar\\\/\",\"logo\":{\"@type\":\"ImageObject\",\"inLanguage\":\"en-US\",\"@id\":\"https:\\\/\\\/proagrolab.com.ar\\\/#\\\/schema\\\/logo\\\/image\\\/\",\"url\":\"https:\\\/\\\/proagrolab.com.ar\\\/wp-content\\\/uploads\\\/2020\\\/04\\\/logo-retina.png\",\"contentUrl\":\"https:\\\/\\\/proagrolab.com.ar\\\/wp-content\\\/uploads\\\/2020\\\/04\\\/logo-retina.png\",\"width\":478,\"height\":120,\"caption\":\"Proagro\"},\"image\":{\"@id\":\"https:\\\/\\\/proagrolab.com.ar\\\/#\\\/schema\\\/logo\\\/image\\\/\"},\"sameAs\":[\"http:\\\/\\\/www.facebook.com\\\/proagrolab\",\"https:\\\/\\\/www.instagram.com\\\/proagrolab\\\/\",\"https:\\\/\\\/www.linkedin.com\\\/company\\\/laboratorio-proagro-s-a\\\/\"]},{\"@type\":\"Person\",\"@id\":\"https:\\\/\\\/proagrolab.com.ar\\\/#\\\/schema\\\/person\\\/38003ff90bf80381f71c7d922d207444\",\"name\":\"proagrolab\"}]}<\/script>\n<!-- \/ Yoast SEO plugin. -->","yoast_head_json":{"title":"Por las inundaciones, prev\u00e9n un descenso en la producci\u00f3n de leche. | Proagro","robots":{"index":"index","follow":"follow","max-snippet":"max-snippet:-1","max-image-preview":"max-image-preview:large","max-video-preview":"max-video-preview:-1"},"canonical":"https:\/\/proagrolab.com.ar\/en\/por-las-inundaciones-preven-un-descenso-en-la-produccion-de-leche\/","og_locale":"en_US","og_type":"article","og_title":"Por las inundaciones, prev\u00e9n un descenso en la producci\u00f3n de leche. | Proagro","og_description":"En lo que va de abril, la recepci\u00f3n en las industrias baj\u00f3 entre 5 y 6%; tambi\u00e9n caer\u00e1n las exportaciones. Por Fernando Bertello. Por las inundaciones en las principales cuencas lecheras de Santa Fe y C\u00f3rdoba y complicaciones por excesos h\u00eddricos en Buenos Aires, la recepci\u00f3n de leche de las industrias cay\u00f3 en las dos primeras semanas de abril entre un 5 y un 6% frente al mismo per\u00edodo de 2013. Las principales empresas del sector est\u00e1n recibiendo un mill\u00f3n de litros por d\u00eda menos de los tambos. Para los empresarios, la reducci\u00f3n no compromete el abastecimiento en el mercado interno, pero s\u00ed har\u00e1 que se reduzcan las exportaciones. &#8220;En el nivel general, en estas dos primeras semanas de abril estamos abajo en un 5 a 6 por ciento versus el a\u00f1o pasado&#8221;, se\u00f1al\u00f3 Miguel Paul\u00f3n, presidente del Centro de la Industria Lechera (CIL). Esa c\u00e1mara agrupa a 22 compa\u00f1\u00edas que procesan el 65% de la producci\u00f3n diaria de leche. Por esas firmas pasan habitualmente, en promedio, de 17 a 18 millones de litros diarios que aportan los tambos. Paul\u00f3n calcul\u00f3 que en volumen lo que se dej\u00f3 de recibir oscila en alrededor de un mill\u00f3n de litros diarios a [&hellip;]","og_url":"https:\/\/proagrolab.com.ar\/por-las-inundaciones-preven-un-descenso-en-la-produccion-de-leche\/","og_site_name":"Proagro","article_publisher":"http:\/\/www.facebook.com\/proagrolab","article_published_time":"2014-04-15T00:00:01+00:00","article_modified_time":"2020-07-02T12:29:40+00:00","og_image":[{"width":450,"height":208,"url":"https:\/\/proagrolab.com.ar\/wp-content\/uploads\/2015\/01\/g_6168le7po__Inundadas.jpg","type":"image\/jpeg"}],"author":"proagrolab","twitter_card":"summary_large_image","twitter_misc":{"Written by":"proagrolab","Est. reading time":"3 minutes"},"schema":{"@context":"https:\/\/schema.org","@graph":[{"@type":"Article","@id":"https:\/\/proagrolab.com.ar\/por-las-inundaciones-preven-un-descenso-en-la-produccion-de-leche\/#article","isPartOf":{"@id":"https:\/\/proagrolab.com.ar\/por-las-inundaciones-preven-un-descenso-en-la-produccion-de-leche\/"},"author":{"name":"proagrolab","@id":"https:\/\/proagrolab.com.ar\/#\/schema\/person\/38003ff90bf80381f71c7d922d207444"},"headline":"Por las inundaciones, prev\u00e9n un descenso en la producci\u00f3n de leche.","datePublished":"2014-04-15T00:00:01+00:00","dateModified":"2020-07-02T12:29:40+00:00","mainEntityOfPage":{"@id":"https:\/\/proagrolab.com.ar\/por-las-inundaciones-preven-un-descenso-en-la-produccion-de-leche\/"},"wordCount":704,"publisher":{"@id":"https:\/\/proagrolab.com.ar\/#organization"},"image":{"@id":"https:\/\/proagrolab.com.ar\/por-las-inundaciones-preven-un-descenso-en-la-produccion-de-leche\/#primaryimage"},"thumbnailUrl":"https:\/\/proagrolab.com.ar\/wp-content\/uploads\/2015\/01\/g_6168le7po__Inundadas.jpg","articleSection":["News"],"inLanguage":"en-US"},{"@type":"WebPage","@id":"https:\/\/proagrolab.com.ar\/por-las-inundaciones-preven-un-descenso-en-la-produccion-de-leche\/","url":"https:\/\/proagrolab.com.ar\/por-las-inundaciones-preven-un-descenso-en-la-produccion-de-leche\/","name":"Por las inundaciones, prev\u00e9n un descenso en la producci\u00f3n de leche. | Proagro","isPartOf":{"@id":"https:\/\/proagrolab.com.ar\/#website"},"primaryImageOfPage":{"@id":"https:\/\/proagrolab.com.ar\/por-las-inundaciones-preven-un-descenso-en-la-produccion-de-leche\/#primaryimage"},"image":{"@id":"https:\/\/proagrolab.com.ar\/por-las-inundaciones-preven-un-descenso-en-la-produccion-de-leche\/#primaryimage"},"thumbnailUrl":"https:\/\/proagrolab.com.ar\/wp-content\/uploads\/2015\/01\/g_6168le7po__Inundadas.jpg","datePublished":"2014-04-15T00:00:01+00:00","dateModified":"2020-07-02T12:29:40+00:00","breadcrumb":{"@id":"https:\/\/proagrolab.com.ar\/por-las-inundaciones-preven-un-descenso-en-la-produccion-de-leche\/#breadcrumb"},"inLanguage":"en-US","potentialAction":[{"@type":"ReadAction","target":["https:\/\/proagrolab.com.ar\/por-las-inundaciones-preven-un-descenso-en-la-produccion-de-leche\/"]}]},{"@type":"ImageObject","inLanguage":"en-US","@id":"https:\/\/proagrolab.com.ar\/por-las-inundaciones-preven-un-descenso-en-la-produccion-de-leche\/#primaryimage","url":"https:\/\/proagrolab.com.ar\/wp-content\/uploads\/2015\/01\/g_6168le7po__Inundadas.jpg","contentUrl":"https:\/\/proagrolab.com.ar\/wp-content\/uploads\/2015\/01\/g_6168le7po__Inundadas.jpg","width":450,"height":208},{"@type":"BreadcrumbList","@id":"https:\/\/proagrolab.com.ar\/por-las-inundaciones-preven-un-descenso-en-la-produccion-de-leche\/#breadcrumb","itemListElement":[{"@type":"ListItem","position":1,"name":"Portada","item":"https:\/\/proagrolab.com.ar\/"},{"@type":"ListItem","position":2,"name":"Por las inundaciones, prev\u00e9n un descenso en la producci\u00f3n de leche."}]},{"@type":"WebSite","@id":"https:\/\/proagrolab.com.ar\/#website","url":"https:\/\/proagrolab.com.ar\/","name":"Proagro Laboratorio Veterinario","description":"Veterinary laboratory","publisher":{"@id":"https:\/\/proagrolab.com.ar\/#organization"},"potentialAction":[{"@type":"SearchAction","target":{"@type":"EntryPoint","urlTemplate":"https:\/\/proagrolab.com.ar\/?s={search_term_string}"},"query-input":{"@type":"PropertyValueSpecification","valueRequired":true,"valueName":"search_term_string"}}],"inLanguage":"en-US"},{"@type":"Organization","@id":"https:\/\/proagrolab.com.ar\/#organization","name":"Proagro","url":"https:\/\/proagrolab.com.ar\/","logo":{"@type":"ImageObject","inLanguage":"en-US","@id":"https:\/\/proagrolab.com.ar\/#\/schema\/logo\/image\/","url":"https:\/\/proagrolab.com.ar\/wp-content\/uploads\/2020\/04\/logo-retina.png","contentUrl":"https:\/\/proagrolab.com.ar\/wp-content\/uploads\/2020\/04\/logo-retina.png","width":478,"height":120,"caption":"Proagro"},"image":{"@id":"https:\/\/proagrolab.com.ar\/#\/schema\/logo\/image\/"},"sameAs":["http:\/\/www.facebook.com\/proagrolab","https:\/\/www.instagram.com\/proagrolab\/","https:\/\/www.linkedin.com\/company\/laboratorio-proagro-s-a\/"]},{"@type":"Person","@id":"https:\/\/proagrolab.com.ar\/#\/schema\/person\/38003ff90bf80381f71c7d922d207444","name":"proagrolab"}]}},"_links":{"self":[{"href":"https:\/\/proagrolab.com.ar\/en\/wp-json\/wp\/v2\/posts\/6059","targetHints":{"allow":["GET"]}}],"collection":[{"href":"https:\/\/proagrolab.com.ar\/en\/wp-json\/wp\/v2\/posts"}],"about":[{"href":"https:\/\/proagrolab.com.ar\/en\/wp-json\/wp\/v2\/types\/post"}],"author":[{"embeddable":true,"href":"https:\/\/proagrolab.com.ar\/en\/wp-json\/wp\/v2\/users\/2"}],"replies":[{"embeddable":true,"href":"https:\/\/proagrolab.com.ar\/en\/wp-json\/wp\/v2\/comments?post=6059"}],"version-history":[{"count":1,"href":"https:\/\/proagrolab.com.ar\/en\/wp-json\/wp\/v2\/posts\/6059\/revisions"}],"predecessor-version":[{"id":14568,"href":"https:\/\/proagrolab.com.ar\/en\/wp-json\/wp\/v2\/posts\/6059\/revisions\/14568"}],"wp:featuredmedia":[{"embeddable":true,"href":"https:\/\/proagrolab.com.ar\/en\/wp-json\/wp\/v2\/media\/2546"}],"wp:attachment":[{"href":"https:\/\/proagrolab.com.ar\/en\/wp-json\/wp\/v2\/media?parent=6059"}],"wp:term":[{"taxonomy":"category","embeddable":true,"href":"https:\/\/proagrolab.com.ar\/en\/wp-json\/wp\/v2\/categories?post=6059"},{"taxonomy":"post_tag","embeddable":true,"href":"https:\/\/proagrolab.com.ar\/en\/wp-json\/wp\/v2\/tags?post=6059"}],"curies":[{"name":"wp","href":"https:\/\/api.w.org\/{rel}","templated":true}]}}