{"id":6050,"date":"2014-04-11T00:00:01","date_gmt":"2014-04-11T00:00:01","guid":{"rendered":"https:\/\/proagrolab.com.ar\/argentina-ministerio-de-agricultura-busca-potenciar-el-crecimiento-del-sector-porcino\/"},"modified":"2020-07-02T12:32:51","modified_gmt":"2020-07-02T12:32:51","slug":"argentina-ministerio-de-agricultura-busca-potenciar-el-crecimiento-del-sector-porcino","status":"publish","type":"post","link":"https:\/\/proagrolab.com.ar\/en\/argentina-ministerio-de-agricultura-busca-potenciar-el-crecimiento-del-sector-porcino\/","title":{"rendered":"Argentina: Ministerio de Agricultura busca potenciar el crecimiento del sector porcino."},"content":{"rendered":"<p class=\"qtranxs-available-languages-message qtranxs-available-languages-message-en\"> <\/p><p>El ministro argentina de Agricultura, Ganader\u00eda y Pesca de la Naci\u00f3n, Carlos Casamiquela, recibi\u00f3 a representantes de la Asociaci\u00f3n Argentina de Productores Porcinos (A.A.P.P), quienes presentaron su perspectiva de la cadena porcina argentina y como continuar el crecimiento que viene sosteniendo el sector en los \u00faltimos 10 a\u00f1os.<\/p>\n<p>Desde 2003, la cadena porcina consolid\u00f3 su perfil productivo y su inserci\u00f3n en el consumo de los argentinos. Anteriormente, apenas superaba los 5 kilos por habitante y en 2014 ya est\u00e1 en 13 kilos, aproximadamente.<\/p>\n<p>Esta actividad cuenta con m\u00e1s de 30 mil trabajadores y que, gracias a los incentivos para la formalizaci\u00f3n de los empleos, se buscar\u00e1 incorporar 1.000 nuevos trabajadores por a\u00f1o y, en un corto plazo, llegar a 500 mil toneladas de producci\u00f3n.<\/p>\n<p>En este sentido, el presidente de la A.A.P.P, Juan Luis Uccelli, sostuvo que &#8220;el sector porcino est\u00e1 creciendo a raz\u00f3n del 20% anual, con una proyecci\u00f3n m\u00e1s que interesante&#8221;.<\/p>\n<p>&#8220;El Gobierno nacional nos acompa\u00f1a en el tema de la promoci\u00f3n, por eso tambi\u00e9n se est\u00e1 comiendo m\u00e1s carne de cerdo&#8221;, remarc\u00f3.<\/p>\n<p>Con respecto a la erradicaci\u00f3n de enfermedades, el dijo que &#8220;Argentina es un pa\u00eds que tiene uno de los mejores status sanitarios del mundo en cuanto al sector porcino se refiere&#8221;.<\/p>\n<p>El destac\u00f3 que &#8220;vislumbramos un futuro interesante para el sector. La idea es duplicar, como m\u00ednimo, lo que se hizo en estos \u00faltimos 10 a\u00f1os, siempre trabajando de manera conjunta&#8221;.<\/p>\n<p>Fuente: Carnetec, 10 de abril.<br \/><\/p>","protected":false},"excerpt":{"rendered":"<p>El ministro argentina de Agricultura, Ganader\u00eda y Pesca de la Naci\u00f3n, Carlos Casamiquela, recibi\u00f3 a representantes de la Asociaci\u00f3n Argentina de Productores Porcinos (A.A.P.P), quienes presentaron su perspectiva de la cadena porcina argentina y como continuar el crecimiento que viene sosteniendo el sector en los \u00faltimos 10 a\u00f1os. Desde 2003, la cadena porcina consolid\u00f3 su perfil productivo y su inserci\u00f3n en el consumo de los argentinos. Anteriormente, apenas superaba los 5 kilos por habitante y en 2014 ya est\u00e1 en 13 kilos, aproximadamente. Esta actividad cuenta con m\u00e1s de 30 mil trabajadores y que, gracias a los incentivos para la formalizaci\u00f3n de los empleos, se buscar\u00e1 incorporar 1.000 nuevos trabajadores por a\u00f1o y, en un corto plazo, llegar a 500 mil toneladas de producci\u00f3n. En este sentido, el presidente de la A.A.P.P, Juan Luis Uccelli, sostuvo que &#8220;el sector porcino est\u00e1 creciendo a raz\u00f3n del 20% anual, con una proyecci\u00f3n m\u00e1s que interesante&#8221;. &#8220;El Gobierno nacional nos acompa\u00f1a en el tema de la promoci\u00f3n, por eso tambi\u00e9n se est\u00e1 comiendo m\u00e1s carne de cerdo&#8221;, remarc\u00f3. Con respecto a la erradicaci\u00f3n de enfermedades, el dijo que &#8220;Argentina es un pa\u00eds que tiene uno de los mejores status sanitarios del mundo en [&hellip;]<\/p>\n","protected":false},"author":2,"featured_media":2537,"comment_status":"closed","ping_status":"open","sticky":false,"template":"","format":"standard","meta":{"_acf_changed":false,"footnotes":""},"categories":[56],"tags":[],"class_list":["post-6050","post","type-post","status-publish","format-standard","has-post-thumbnail","hentry","category-infoganadero"],"acf":[],"yoast_head":"<!-- This site is optimized with the Yoast SEO plugin v27.4 - https:\/\/yoast.com\/product\/yoast-seo-wordpress\/ -->\n<title>Argentina: Ministerio de Agricultura busca potenciar el crecimiento del sector porcino. | Proagro<\/title>\n<meta name=\"robots\" content=\"index, follow, max-snippet:-1, max-image-preview:large, max-video-preview:-1\" \/>\n<link rel=\"canonical\" href=\"https:\/\/proagrolab.com.ar\/en\/argentina-ministerio-de-agricultura-busca-potenciar-el-crecimiento-del-sector-porcino\/\" \/>\n<meta property=\"og:locale\" content=\"en_US\" \/>\n<meta property=\"og:type\" content=\"article\" \/>\n<meta property=\"og:title\" content=\"Argentina: Ministerio de Agricultura busca potenciar el crecimiento del sector porcino. | Proagro\" \/>\n<meta property=\"og:description\" content=\"El ministro argentina de Agricultura, Ganader\u00eda y Pesca de la Naci\u00f3n, Carlos Casamiquela, recibi\u00f3 a representantes de la Asociaci\u00f3n Argentina de Productores Porcinos (A.A.P.P), quienes presentaron su perspectiva de la cadena porcina argentina y como continuar el crecimiento que viene sosteniendo el sector en los \u00faltimos 10 a\u00f1os. Desde 2003, la cadena porcina consolid\u00f3 su perfil productivo y su inserci\u00f3n en el consumo de los argentinos. Anteriormente, apenas superaba los 5 kilos por habitante y en 2014 ya est\u00e1 en 13 kilos, aproximadamente. Esta actividad cuenta con m\u00e1s de 30 mil trabajadores y que, gracias a los incentivos para la formalizaci\u00f3n de los empleos, se buscar\u00e1 incorporar 1.000 nuevos trabajadores por a\u00f1o y, en un corto plazo, llegar a 500 mil toneladas de producci\u00f3n. En este sentido, el presidente de la A.A.P.P, Juan Luis Uccelli, sostuvo que &#8220;el sector porcino est\u00e1 creciendo a raz\u00f3n del 20% anual, con una proyecci\u00f3n m\u00e1s que interesante&#8221;. &#8220;El Gobierno nacional nos acompa\u00f1a en el tema de la promoci\u00f3n, por eso tambi\u00e9n se est\u00e1 comiendo m\u00e1s carne de cerdo&#8221;, remarc\u00f3. Con respecto a la erradicaci\u00f3n de enfermedades, el dijo que &#8220;Argentina es un pa\u00eds que tiene uno de los mejores status sanitarios del mundo en [&hellip;]\" \/>\n<meta property=\"og:url\" content=\"https:\/\/proagrolab.com.ar\/argentina-ministerio-de-agricultura-busca-potenciar-el-crecimiento-del-sector-porcino\/\" \/>\n<meta property=\"og:site_name\" content=\"Proagro\" \/>\n<meta property=\"article:publisher\" content=\"http:\/\/www.facebook.com\/proagrolab\" \/>\n<meta property=\"article:published_time\" content=\"2014-04-11T00:00:01+00:00\" \/>\n<meta property=\"article:modified_time\" content=\"2020-07-02T12:32:51+00:00\" \/>\n<meta property=\"og:image\" content=\"https:\/\/proagrolab.com.ar\/wp-content\/uploads\/2015\/01\/g_zt4193pat__Porcinos-4.jpg\" \/>\n\t<meta property=\"og:image:width\" content=\"450\" \/>\n\t<meta property=\"og:image:height\" content=\"208\" \/>\n\t<meta property=\"og:image:type\" content=\"image\/jpeg\" \/>\n<meta name=\"author\" content=\"proagrolab\" \/>\n<meta name=\"twitter:card\" content=\"summary_large_image\" \/>\n<meta name=\"twitter:label1\" content=\"Written by\" \/>\n\t<meta name=\"twitter:data1\" content=\"proagrolab\" \/>\n\t<meta name=\"twitter:label2\" content=\"Est. reading time\" \/>\n\t<meta name=\"twitter:data2\" content=\"1 minute\" \/>\n<script type=\"application\/ld+json\" class=\"yoast-schema-graph\">{\"@context\":\"https:\\\/\\\/schema.org\",\"@graph\":[{\"@type\":\"Article\",\"@id\":\"https:\\\/\\\/proagrolab.com.ar\\\/argentina-ministerio-de-agricultura-busca-potenciar-el-crecimiento-del-sector-porcino\\\/#article\",\"isPartOf\":{\"@id\":\"https:\\\/\\\/proagrolab.com.ar\\\/argentina-ministerio-de-agricultura-busca-potenciar-el-crecimiento-del-sector-porcino\\\/\"},\"author\":{\"name\":\"proagrolab\",\"@id\":\"https:\\\/\\\/proagrolab.com.ar\\\/#\\\/schema\\\/person\\\/38003ff90bf80381f71c7d922d207444\"},\"headline\":\"Argentina: Ministerio de Agricultura busca potenciar el crecimiento del sector porcino.\",\"datePublished\":\"2014-04-11T00:00:01+00:00\",\"dateModified\":\"2020-07-02T12:32:51+00:00\",\"mainEntityOfPage\":{\"@id\":\"https:\\\/\\\/proagrolab.com.ar\\\/argentina-ministerio-de-agricultura-busca-potenciar-el-crecimiento-del-sector-porcino\\\/\"},\"wordCount\":267,\"publisher\":{\"@id\":\"https:\\\/\\\/proagrolab.com.ar\\\/#organization\"},\"image\":{\"@id\":\"https:\\\/\\\/proagrolab.com.ar\\\/argentina-ministerio-de-agricultura-busca-potenciar-el-crecimiento-del-sector-porcino\\\/#primaryimage\"},\"thumbnailUrl\":\"https:\\\/\\\/proagrolab.com.ar\\\/wp-content\\\/uploads\\\/2015\\\/01\\\/g_zt4193pat__Porcinos-4.jpg\",\"articleSection\":[\"News\"],\"inLanguage\":\"en-US\"},{\"@type\":\"WebPage\",\"@id\":\"https:\\\/\\\/proagrolab.com.ar\\\/argentina-ministerio-de-agricultura-busca-potenciar-el-crecimiento-del-sector-porcino\\\/\",\"url\":\"https:\\\/\\\/proagrolab.com.ar\\\/argentina-ministerio-de-agricultura-busca-potenciar-el-crecimiento-del-sector-porcino\\\/\",\"name\":\"Argentina: Ministerio de Agricultura busca potenciar el crecimiento del sector porcino. | Proagro\",\"isPartOf\":{\"@id\":\"https:\\\/\\\/proagrolab.com.ar\\\/#website\"},\"primaryImageOfPage\":{\"@id\":\"https:\\\/\\\/proagrolab.com.ar\\\/argentina-ministerio-de-agricultura-busca-potenciar-el-crecimiento-del-sector-porcino\\\/#primaryimage\"},\"image\":{\"@id\":\"https:\\\/\\\/proagrolab.com.ar\\\/argentina-ministerio-de-agricultura-busca-potenciar-el-crecimiento-del-sector-porcino\\\/#primaryimage\"},\"thumbnailUrl\":\"https:\\\/\\\/proagrolab.com.ar\\\/wp-content\\\/uploads\\\/2015\\\/01\\\/g_zt4193pat__Porcinos-4.jpg\",\"datePublished\":\"2014-04-11T00:00:01+00:00\",\"dateModified\":\"2020-07-02T12:32:51+00:00\",\"breadcrumb\":{\"@id\":\"https:\\\/\\\/proagrolab.com.ar\\\/argentina-ministerio-de-agricultura-busca-potenciar-el-crecimiento-del-sector-porcino\\\/#breadcrumb\"},\"inLanguage\":\"en-US\",\"potentialAction\":[{\"@type\":\"ReadAction\",\"target\":[\"https:\\\/\\\/proagrolab.com.ar\\\/argentina-ministerio-de-agricultura-busca-potenciar-el-crecimiento-del-sector-porcino\\\/\"]}]},{\"@type\":\"ImageObject\",\"inLanguage\":\"en-US\",\"@id\":\"https:\\\/\\\/proagrolab.com.ar\\\/argentina-ministerio-de-agricultura-busca-potenciar-el-crecimiento-del-sector-porcino\\\/#primaryimage\",\"url\":\"https:\\\/\\\/proagrolab.com.ar\\\/wp-content\\\/uploads\\\/2015\\\/01\\\/g_zt4193pat__Porcinos-4.jpg\",\"contentUrl\":\"https:\\\/\\\/proagrolab.com.ar\\\/wp-content\\\/uploads\\\/2015\\\/01\\\/g_zt4193pat__Porcinos-4.jpg\",\"width\":450,\"height\":208},{\"@type\":\"BreadcrumbList\",\"@id\":\"https:\\\/\\\/proagrolab.com.ar\\\/argentina-ministerio-de-agricultura-busca-potenciar-el-crecimiento-del-sector-porcino\\\/#breadcrumb\",\"itemListElement\":[{\"@type\":\"ListItem\",\"position\":1,\"name\":\"Portada\",\"item\":\"https:\\\/\\\/proagrolab.com.ar\\\/\"},{\"@type\":\"ListItem\",\"position\":2,\"name\":\"Argentina: Ministerio de Agricultura busca potenciar el crecimiento del sector porcino.\"}]},{\"@type\":\"WebSite\",\"@id\":\"https:\\\/\\\/proagrolab.com.ar\\\/#website\",\"url\":\"https:\\\/\\\/proagrolab.com.ar\\\/\",\"name\":\"Proagro Laboratorio Veterinario\",\"description\":\"Veterinary laboratory\",\"publisher\":{\"@id\":\"https:\\\/\\\/proagrolab.com.ar\\\/#organization\"},\"potentialAction\":[{\"@type\":\"SearchAction\",\"target\":{\"@type\":\"EntryPoint\",\"urlTemplate\":\"https:\\\/\\\/proagrolab.com.ar\\\/?s={search_term_string}\"},\"query-input\":{\"@type\":\"PropertyValueSpecification\",\"valueRequired\":true,\"valueName\":\"search_term_string\"}}],\"inLanguage\":\"en-US\"},{\"@type\":\"Organization\",\"@id\":\"https:\\\/\\\/proagrolab.com.ar\\\/#organization\",\"name\":\"Proagro\",\"url\":\"https:\\\/\\\/proagrolab.com.ar\\\/\",\"logo\":{\"@type\":\"ImageObject\",\"inLanguage\":\"en-US\",\"@id\":\"https:\\\/\\\/proagrolab.com.ar\\\/#\\\/schema\\\/logo\\\/image\\\/\",\"url\":\"https:\\\/\\\/proagrolab.com.ar\\\/wp-content\\\/uploads\\\/2020\\\/04\\\/logo-retina.png\",\"contentUrl\":\"https:\\\/\\\/proagrolab.com.ar\\\/wp-content\\\/uploads\\\/2020\\\/04\\\/logo-retina.png\",\"width\":478,\"height\":120,\"caption\":\"Proagro\"},\"image\":{\"@id\":\"https:\\\/\\\/proagrolab.com.ar\\\/#\\\/schema\\\/logo\\\/image\\\/\"},\"sameAs\":[\"http:\\\/\\\/www.facebook.com\\\/proagrolab\",\"https:\\\/\\\/www.instagram.com\\\/proagrolab\\\/\",\"https:\\\/\\\/www.linkedin.com\\\/company\\\/laboratorio-proagro-s-a\\\/\"]},{\"@type\":\"Person\",\"@id\":\"https:\\\/\\\/proagrolab.com.ar\\\/#\\\/schema\\\/person\\\/38003ff90bf80381f71c7d922d207444\",\"name\":\"proagrolab\"}]}<\/script>\n<!-- \/ Yoast SEO plugin. -->","yoast_head_json":{"title":"Argentina: Ministerio de Agricultura busca potenciar el crecimiento del sector porcino. | Proagro","robots":{"index":"index","follow":"follow","max-snippet":"max-snippet:-1","max-image-preview":"max-image-preview:large","max-video-preview":"max-video-preview:-1"},"canonical":"https:\/\/proagrolab.com.ar\/en\/argentina-ministerio-de-agricultura-busca-potenciar-el-crecimiento-del-sector-porcino\/","og_locale":"en_US","og_type":"article","og_title":"Argentina: Ministerio de Agricultura busca potenciar el crecimiento del sector porcino. | Proagro","og_description":"El ministro argentina de Agricultura, Ganader\u00eda y Pesca de la Naci\u00f3n, Carlos Casamiquela, recibi\u00f3 a representantes de la Asociaci\u00f3n Argentina de Productores Porcinos (A.A.P.P), quienes presentaron su perspectiva de la cadena porcina argentina y como continuar el crecimiento que viene sosteniendo el sector en los \u00faltimos 10 a\u00f1os. Desde 2003, la cadena porcina consolid\u00f3 su perfil productivo y su inserci\u00f3n en el consumo de los argentinos. Anteriormente, apenas superaba los 5 kilos por habitante y en 2014 ya est\u00e1 en 13 kilos, aproximadamente. Esta actividad cuenta con m\u00e1s de 30 mil trabajadores y que, gracias a los incentivos para la formalizaci\u00f3n de los empleos, se buscar\u00e1 incorporar 1.000 nuevos trabajadores por a\u00f1o y, en un corto plazo, llegar a 500 mil toneladas de producci\u00f3n. En este sentido, el presidente de la A.A.P.P, Juan Luis Uccelli, sostuvo que &#8220;el sector porcino est\u00e1 creciendo a raz\u00f3n del 20% anual, con una proyecci\u00f3n m\u00e1s que interesante&#8221;. &#8220;El Gobierno nacional nos acompa\u00f1a en el tema de la promoci\u00f3n, por eso tambi\u00e9n se est\u00e1 comiendo m\u00e1s carne de cerdo&#8221;, remarc\u00f3. Con respecto a la erradicaci\u00f3n de enfermedades, el dijo que &#8220;Argentina es un pa\u00eds que tiene uno de los mejores status sanitarios del mundo en [&hellip;]","og_url":"https:\/\/proagrolab.com.ar\/argentina-ministerio-de-agricultura-busca-potenciar-el-crecimiento-del-sector-porcino\/","og_site_name":"Proagro","article_publisher":"http:\/\/www.facebook.com\/proagrolab","article_published_time":"2014-04-11T00:00:01+00:00","article_modified_time":"2020-07-02T12:32:51+00:00","og_image":[{"width":450,"height":208,"url":"https:\/\/proagrolab.com.ar\/wp-content\/uploads\/2015\/01\/g_zt4193pat__Porcinos-4.jpg","type":"image\/jpeg"}],"author":"proagrolab","twitter_card":"summary_large_image","twitter_misc":{"Written by":"proagrolab","Est. reading time":"1 minute"},"schema":{"@context":"https:\/\/schema.org","@graph":[{"@type":"Article","@id":"https:\/\/proagrolab.com.ar\/argentina-ministerio-de-agricultura-busca-potenciar-el-crecimiento-del-sector-porcino\/#article","isPartOf":{"@id":"https:\/\/proagrolab.com.ar\/argentina-ministerio-de-agricultura-busca-potenciar-el-crecimiento-del-sector-porcino\/"},"author":{"name":"proagrolab","@id":"https:\/\/proagrolab.com.ar\/#\/schema\/person\/38003ff90bf80381f71c7d922d207444"},"headline":"Argentina: Ministerio de Agricultura busca potenciar el crecimiento del sector porcino.","datePublished":"2014-04-11T00:00:01+00:00","dateModified":"2020-07-02T12:32:51+00:00","mainEntityOfPage":{"@id":"https:\/\/proagrolab.com.ar\/argentina-ministerio-de-agricultura-busca-potenciar-el-crecimiento-del-sector-porcino\/"},"wordCount":267,"publisher":{"@id":"https:\/\/proagrolab.com.ar\/#organization"},"image":{"@id":"https:\/\/proagrolab.com.ar\/argentina-ministerio-de-agricultura-busca-potenciar-el-crecimiento-del-sector-porcino\/#primaryimage"},"thumbnailUrl":"https:\/\/proagrolab.com.ar\/wp-content\/uploads\/2015\/01\/g_zt4193pat__Porcinos-4.jpg","articleSection":["News"],"inLanguage":"en-US"},{"@type":"WebPage","@id":"https:\/\/proagrolab.com.ar\/argentina-ministerio-de-agricultura-busca-potenciar-el-crecimiento-del-sector-porcino\/","url":"https:\/\/proagrolab.com.ar\/argentina-ministerio-de-agricultura-busca-potenciar-el-crecimiento-del-sector-porcino\/","name":"Argentina: Ministerio de Agricultura busca potenciar el crecimiento del sector porcino. | Proagro","isPartOf":{"@id":"https:\/\/proagrolab.com.ar\/#website"},"primaryImageOfPage":{"@id":"https:\/\/proagrolab.com.ar\/argentina-ministerio-de-agricultura-busca-potenciar-el-crecimiento-del-sector-porcino\/#primaryimage"},"image":{"@id":"https:\/\/proagrolab.com.ar\/argentina-ministerio-de-agricultura-busca-potenciar-el-crecimiento-del-sector-porcino\/#primaryimage"},"thumbnailUrl":"https:\/\/proagrolab.com.ar\/wp-content\/uploads\/2015\/01\/g_zt4193pat__Porcinos-4.jpg","datePublished":"2014-04-11T00:00:01+00:00","dateModified":"2020-07-02T12:32:51+00:00","breadcrumb":{"@id":"https:\/\/proagrolab.com.ar\/argentina-ministerio-de-agricultura-busca-potenciar-el-crecimiento-del-sector-porcino\/#breadcrumb"},"inLanguage":"en-US","potentialAction":[{"@type":"ReadAction","target":["https:\/\/proagrolab.com.ar\/argentina-ministerio-de-agricultura-busca-potenciar-el-crecimiento-del-sector-porcino\/"]}]},{"@type":"ImageObject","inLanguage":"en-US","@id":"https:\/\/proagrolab.com.ar\/argentina-ministerio-de-agricultura-busca-potenciar-el-crecimiento-del-sector-porcino\/#primaryimage","url":"https:\/\/proagrolab.com.ar\/wp-content\/uploads\/2015\/01\/g_zt4193pat__Porcinos-4.jpg","contentUrl":"https:\/\/proagrolab.com.ar\/wp-content\/uploads\/2015\/01\/g_zt4193pat__Porcinos-4.jpg","width":450,"height":208},{"@type":"BreadcrumbList","@id":"https:\/\/proagrolab.com.ar\/argentina-ministerio-de-agricultura-busca-potenciar-el-crecimiento-del-sector-porcino\/#breadcrumb","itemListElement":[{"@type":"ListItem","position":1,"name":"Portada","item":"https:\/\/proagrolab.com.ar\/"},{"@type":"ListItem","position":2,"name":"Argentina: Ministerio de Agricultura busca potenciar el crecimiento del sector porcino."}]},{"@type":"WebSite","@id":"https:\/\/proagrolab.com.ar\/#website","url":"https:\/\/proagrolab.com.ar\/","name":"Proagro Laboratorio Veterinario","description":"Veterinary laboratory","publisher":{"@id":"https:\/\/proagrolab.com.ar\/#organization"},"potentialAction":[{"@type":"SearchAction","target":{"@type":"EntryPoint","urlTemplate":"https:\/\/proagrolab.com.ar\/?s={search_term_string}"},"query-input":{"@type":"PropertyValueSpecification","valueRequired":true,"valueName":"search_term_string"}}],"inLanguage":"en-US"},{"@type":"Organization","@id":"https:\/\/proagrolab.com.ar\/#organization","name":"Proagro","url":"https:\/\/proagrolab.com.ar\/","logo":{"@type":"ImageObject","inLanguage":"en-US","@id":"https:\/\/proagrolab.com.ar\/#\/schema\/logo\/image\/","url":"https:\/\/proagrolab.com.ar\/wp-content\/uploads\/2020\/04\/logo-retina.png","contentUrl":"https:\/\/proagrolab.com.ar\/wp-content\/uploads\/2020\/04\/logo-retina.png","width":478,"height":120,"caption":"Proagro"},"image":{"@id":"https:\/\/proagrolab.com.ar\/#\/schema\/logo\/image\/"},"sameAs":["http:\/\/www.facebook.com\/proagrolab","https:\/\/www.instagram.com\/proagrolab\/","https:\/\/www.linkedin.com\/company\/laboratorio-proagro-s-a\/"]},{"@type":"Person","@id":"https:\/\/proagrolab.com.ar\/#\/schema\/person\/38003ff90bf80381f71c7d922d207444","name":"proagrolab"}]}},"_links":{"self":[{"href":"https:\/\/proagrolab.com.ar\/en\/wp-json\/wp\/v2\/posts\/6050","targetHints":{"allow":["GET"]}}],"collection":[{"href":"https:\/\/proagrolab.com.ar\/en\/wp-json\/wp\/v2\/posts"}],"about":[{"href":"https:\/\/proagrolab.com.ar\/en\/wp-json\/wp\/v2\/types\/post"}],"author":[{"embeddable":true,"href":"https:\/\/proagrolab.com.ar\/en\/wp-json\/wp\/v2\/users\/2"}],"replies":[{"embeddable":true,"href":"https:\/\/proagrolab.com.ar\/en\/wp-json\/wp\/v2\/comments?post=6050"}],"version-history":[{"count":1,"href":"https:\/\/proagrolab.com.ar\/en\/wp-json\/wp\/v2\/posts\/6050\/revisions"}],"predecessor-version":[{"id":14597,"href":"https:\/\/proagrolab.com.ar\/en\/wp-json\/wp\/v2\/posts\/6050\/revisions\/14597"}],"wp:featuredmedia":[{"embeddable":true,"href":"https:\/\/proagrolab.com.ar\/en\/wp-json\/wp\/v2\/media\/2537"}],"wp:attachment":[{"href":"https:\/\/proagrolab.com.ar\/en\/wp-json\/wp\/v2\/media?parent=6050"}],"wp:term":[{"taxonomy":"category","embeddable":true,"href":"https:\/\/proagrolab.com.ar\/en\/wp-json\/wp\/v2\/categories?post=6050"},{"taxonomy":"post_tag","embeddable":true,"href":"https:\/\/proagrolab.com.ar\/en\/wp-json\/wp\/v2\/tags?post=6050"}],"curies":[{"name":"wp","href":"https:\/\/api.w.org\/{rel}","templated":true}]}}