{"id":6047,"date":"2014-04-09T00:00:01","date_gmt":"2014-04-09T00:00:01","guid":{"rendered":"https:\/\/proagrolab.com.ar\/%c2%93el-problema-de-la-ganaderia-es-que-esta-orientada-al-mercado-interno%c2%94\/"},"modified":"2020-07-02T12:32:10","modified_gmt":"2020-07-02T12:32:10","slug":"%c2%93el-problema-de-la-ganaderia-es-que-esta-orientada-al-mercado-interno%c2%94","status":"publish","type":"post","link":"https:\/\/proagrolab.com.ar\/en\/%c2%93el-problema-de-la-ganaderia-es-que-esta-orientada-al-mercado-interno%c2%94\/","title":{"rendered":"\u0093El problema de la ganader\u00eda es que est\u00e1 orientada al mercado interno\u0094."},"content":{"rendered":"<p class=\"qtranxs-available-languages-message qtranxs-available-languages-message-en\"> <\/p><p>Lo dijo Fernando Botta, vice del RosGan. Cu\u00e1les son las metas que se fij\u00f3 este mercado.<\/p>\n<p>Este mi\u00e9rcoles, comienza el remate de abril de Rosgan, el mercado ganadero televisado de la Bolsa de Comercio de Rosario. En plena zafra 2014, se pondr\u00e1n a la venta, desde las 10.00 hs., 31.620 cabezas. Ser\u00e1 en vivo por Canal Rural desde la instituci\u00f3n burs\u00e1til.<br \/>&nbsp;<br \/>\u0093Estamos con una gran oferta y con el firme convencimiento de que transitaremos, junto a la compa\u00f1\u00eda de todos nuestros operadores representantes de la oferta y la demanda, un excepcional remate ganadero con gran calidad gen\u00e9tica y volumen de oferta\u0094, dijo el presidente de Rosgan, Eduardo Romagnoli.<\/p>\n<p>Las palabras de Romagnoli son auspiciosas y es que Rosgan, fundado hace nada m\u00e1s que cinco a\u00f1os, se presenta este a\u00f1o con \u0093buenos precios\u0094 y en pleno desarrollo, apunt\u00f3, por su parte, su vicepresidente, Fernando Botta, en di\u00e1logo con ON24. \u0093Los operadores est\u00e1n contentos\u0094, agreg\u00f3. <\/p>\n<p>Aprovechando esta situaci\u00f3n de empuje, Botta resalt\u00f3 que el objetivo de Rosgan \u0093convertirse en un gran mercado de referencia regional, primero, y nacional, despu\u00e9s\u0094. En ese sentido, se\u00f1al\u00f3 que se encuentran en una etapa de an\u00e1lisis, por lo que indic\u00f3 que \u0093se est\u00e1n armando los lineamientos y evaluando toda la parte de crecimiento en el mercado e incorporaci\u00f3n de nuevos actores\u0094. <\/p>\n<p>Si bien el ingeniero agr\u00f3nomo explic\u00f3 que est\u00e1n dadas las condiciones para alcanzar dicha meta, destac\u00f3 que ser\u00eda importante \u0093destrabar la negociaci\u00f3n a nivel nacional del mercado de carnes\u0094 para permitir \u0093mayor demanda del mercado internacional\u0094. \u0093El problema eterno de la ganader\u00eda es que est\u00e1 orientada al mercado interno\u0094, sostuvo Botta. <\/p>\n<p>Fuente: On24, 8 de abril.<br \/><\/p>","protected":false},"excerpt":{"rendered":"<p>Lo dijo Fernando Botta, vice del RosGan. Cu\u00e1les son las metas que se fij\u00f3 este mercado. Este mi\u00e9rcoles, comienza el remate de abril de Rosgan, el mercado ganadero televisado de la Bolsa de Comercio de Rosario. En plena zafra 2014, se pondr\u00e1n a la venta, desde las 10.00 hs., 31.620 cabezas. Ser\u00e1 en vivo por Canal Rural desde la instituci\u00f3n burs\u00e1til.&nbsp;\u0093Estamos con una gran oferta y con el firme convencimiento de que transitaremos, junto a la compa\u00f1\u00eda de todos nuestros operadores representantes de la oferta y la demanda, un excepcional remate ganadero con gran calidad gen\u00e9tica y volumen de oferta\u0094, dijo el presidente de Rosgan, Eduardo Romagnoli. Las palabras de Romagnoli son auspiciosas y es que Rosgan, fundado hace nada m\u00e1s que cinco a\u00f1os, se presenta este a\u00f1o con \u0093buenos precios\u0094 y en pleno desarrollo, apunt\u00f3, por su parte, su vicepresidente, Fernando Botta, en di\u00e1logo con ON24. \u0093Los operadores est\u00e1n contentos\u0094, agreg\u00f3. Aprovechando esta situaci\u00f3n de empuje, Botta resalt\u00f3 que el objetivo de Rosgan \u0093convertirse en un gran mercado de referencia regional, primero, y nacional, despu\u00e9s\u0094. En ese sentido, se\u00f1al\u00f3 que se encuentran en una etapa de an\u00e1lisis, por lo que indic\u00f3 que \u0093se est\u00e1n armando los lineamientos y evaluando [&hellip;]<\/p>\n","protected":false},"author":2,"featured_media":2534,"comment_status":"closed","ping_status":"open","sticky":false,"template":"","format":"standard","meta":{"_acf_changed":false,"footnotes":""},"categories":[56],"tags":[],"class_list":["post-6047","post","type-post","status-publish","format-standard","has-post-thumbnail","hentry","category-infoganadero"],"acf":[],"yoast_head":"<!-- This site is optimized with the Yoast SEO plugin v27.4 - https:\/\/yoast.com\/product\/yoast-seo-wordpress\/ -->\n<title>\u0093El problema de la ganader\u00eda es que est\u00e1 orientada al mercado interno\u0094. | Proagro<\/title>\n<meta name=\"robots\" content=\"index, follow, max-snippet:-1, max-image-preview:large, max-video-preview:-1\" \/>\n<link rel=\"canonical\" href=\"https:\/\/proagrolab.com.ar\/en\/\u0093el-problema-de-la-ganaderia-es-que-esta-orientada-al-mercado-interno\u0094\/\" \/>\n<meta property=\"og:locale\" content=\"en_US\" \/>\n<meta property=\"og:type\" content=\"article\" \/>\n<meta property=\"og:title\" content=\"\u0093El problema de la ganader\u00eda es que est\u00e1 orientada al mercado interno\u0094. | Proagro\" \/>\n<meta property=\"og:description\" content=\"Lo dijo Fernando Botta, vice del RosGan. Cu\u00e1les son las metas que se fij\u00f3 este mercado. Este mi\u00e9rcoles, comienza el remate de abril de Rosgan, el mercado ganadero televisado de la Bolsa de Comercio de Rosario. En plena zafra 2014, se pondr\u00e1n a la venta, desde las 10.00 hs., 31.620 cabezas. Ser\u00e1 en vivo por Canal Rural desde la instituci\u00f3n burs\u00e1til.&nbsp;\u0093Estamos con una gran oferta y con el firme convencimiento de que transitaremos, junto a la compa\u00f1\u00eda de todos nuestros operadores representantes de la oferta y la demanda, un excepcional remate ganadero con gran calidad gen\u00e9tica y volumen de oferta\u0094, dijo el presidente de Rosgan, Eduardo Romagnoli. Las palabras de Romagnoli son auspiciosas y es que Rosgan, fundado hace nada m\u00e1s que cinco a\u00f1os, se presenta este a\u00f1o con \u0093buenos precios\u0094 y en pleno desarrollo, apunt\u00f3, por su parte, su vicepresidente, Fernando Botta, en di\u00e1logo con ON24. \u0093Los operadores est\u00e1n contentos\u0094, agreg\u00f3. Aprovechando esta situaci\u00f3n de empuje, Botta resalt\u00f3 que el objetivo de Rosgan \u0093convertirse en un gran mercado de referencia regional, primero, y nacional, despu\u00e9s\u0094. En ese sentido, se\u00f1al\u00f3 que se encuentran en una etapa de an\u00e1lisis, por lo que indic\u00f3 que \u0093se est\u00e1n armando los lineamientos y evaluando [&hellip;]\" \/>\n<meta property=\"og:url\" content=\"https:\/\/proagrolab.com.ar\/\u0093el-problema-de-la-ganaderia-es-que-esta-orientada-al-mercado-interno\u0094\/\" \/>\n<meta property=\"og:site_name\" content=\"Proagro\" \/>\n<meta property=\"article:publisher\" content=\"http:\/\/www.facebook.com\/proagrolab\" \/>\n<meta property=\"article:published_time\" content=\"2014-04-09T00:00:01+00:00\" \/>\n<meta property=\"article:modified_time\" content=\"2020-07-02T12:32:10+00:00\" \/>\n<meta property=\"og:image\" content=\"https:\/\/proagrolab.com.ar\/wp-content\/uploads\/2015\/01\/g_fk4t9r9nx__Rosgan-3.jpg\" \/>\n\t<meta property=\"og:image:width\" content=\"450\" \/>\n\t<meta property=\"og:image:height\" content=\"208\" \/>\n\t<meta property=\"og:image:type\" content=\"image\/jpeg\" \/>\n<meta name=\"author\" content=\"proagrolab\" \/>\n<meta name=\"twitter:card\" content=\"summary_large_image\" \/>\n<meta name=\"twitter:label1\" content=\"Written by\" \/>\n\t<meta name=\"twitter:data1\" content=\"proagrolab\" \/>\n\t<meta name=\"twitter:label2\" content=\"Est. reading time\" \/>\n\t<meta name=\"twitter:data2\" content=\"1 minute\" \/>\n<script type=\"application\/ld+json\" class=\"yoast-schema-graph\">{\"@context\":\"https:\\\/\\\/schema.org\",\"@graph\":[{\"@type\":\"Article\",\"@id\":\"https:\\\/\\\/proagrolab.com.ar\\\/%c2%93el-problema-de-la-ganaderia-es-que-esta-orientada-al-mercado-interno%c2%94\\\/#article\",\"isPartOf\":{\"@id\":\"https:\\\/\\\/proagrolab.com.ar\\\/%c2%93el-problema-de-la-ganaderia-es-que-esta-orientada-al-mercado-interno%c2%94\\\/\"},\"author\":{\"name\":\"proagrolab\",\"@id\":\"https:\\\/\\\/proagrolab.com.ar\\\/#\\\/schema\\\/person\\\/38003ff90bf80381f71c7d922d207444\"},\"headline\":\"\u0093El problema de la ganader\u00eda es que est\u00e1 orientada al mercado interno\u0094.\",\"datePublished\":\"2014-04-09T00:00:01+00:00\",\"dateModified\":\"2020-07-02T12:32:10+00:00\",\"mainEntityOfPage\":{\"@id\":\"https:\\\/\\\/proagrolab.com.ar\\\/%c2%93el-problema-de-la-ganaderia-es-que-esta-orientada-al-mercado-interno%c2%94\\\/\"},\"wordCount\":303,\"publisher\":{\"@id\":\"https:\\\/\\\/proagrolab.com.ar\\\/#organization\"},\"image\":{\"@id\":\"https:\\\/\\\/proagrolab.com.ar\\\/%c2%93el-problema-de-la-ganaderia-es-que-esta-orientada-al-mercado-interno%c2%94\\\/#primaryimage\"},\"thumbnailUrl\":\"https:\\\/\\\/proagrolab.com.ar\\\/wp-content\\\/uploads\\\/2015\\\/01\\\/g_fk4t9r9nx__Rosgan-3.jpg\",\"articleSection\":[\"News\"],\"inLanguage\":\"en-US\"},{\"@type\":\"WebPage\",\"@id\":\"https:\\\/\\\/proagrolab.com.ar\\\/%c2%93el-problema-de-la-ganaderia-es-que-esta-orientada-al-mercado-interno%c2%94\\\/\",\"url\":\"https:\\\/\\\/proagrolab.com.ar\\\/%c2%93el-problema-de-la-ganaderia-es-que-esta-orientada-al-mercado-interno%c2%94\\\/\",\"name\":\"\u0093El problema de la ganader\u00eda es que est\u00e1 orientada al mercado interno\u0094. | Proagro\",\"isPartOf\":{\"@id\":\"https:\\\/\\\/proagrolab.com.ar\\\/#website\"},\"primaryImageOfPage\":{\"@id\":\"https:\\\/\\\/proagrolab.com.ar\\\/%c2%93el-problema-de-la-ganaderia-es-que-esta-orientada-al-mercado-interno%c2%94\\\/#primaryimage\"},\"image\":{\"@id\":\"https:\\\/\\\/proagrolab.com.ar\\\/%c2%93el-problema-de-la-ganaderia-es-que-esta-orientada-al-mercado-interno%c2%94\\\/#primaryimage\"},\"thumbnailUrl\":\"https:\\\/\\\/proagrolab.com.ar\\\/wp-content\\\/uploads\\\/2015\\\/01\\\/g_fk4t9r9nx__Rosgan-3.jpg\",\"datePublished\":\"2014-04-09T00:00:01+00:00\",\"dateModified\":\"2020-07-02T12:32:10+00:00\",\"breadcrumb\":{\"@id\":\"https:\\\/\\\/proagrolab.com.ar\\\/%c2%93el-problema-de-la-ganaderia-es-que-esta-orientada-al-mercado-interno%c2%94\\\/#breadcrumb\"},\"inLanguage\":\"en-US\",\"potentialAction\":[{\"@type\":\"ReadAction\",\"target\":[\"https:\\\/\\\/proagrolab.com.ar\\\/%c2%93el-problema-de-la-ganaderia-es-que-esta-orientada-al-mercado-interno%c2%94\\\/\"]}]},{\"@type\":\"ImageObject\",\"inLanguage\":\"en-US\",\"@id\":\"https:\\\/\\\/proagrolab.com.ar\\\/%c2%93el-problema-de-la-ganaderia-es-que-esta-orientada-al-mercado-interno%c2%94\\\/#primaryimage\",\"url\":\"https:\\\/\\\/proagrolab.com.ar\\\/wp-content\\\/uploads\\\/2015\\\/01\\\/g_fk4t9r9nx__Rosgan-3.jpg\",\"contentUrl\":\"https:\\\/\\\/proagrolab.com.ar\\\/wp-content\\\/uploads\\\/2015\\\/01\\\/g_fk4t9r9nx__Rosgan-3.jpg\",\"width\":450,\"height\":208},{\"@type\":\"BreadcrumbList\",\"@id\":\"https:\\\/\\\/proagrolab.com.ar\\\/%c2%93el-problema-de-la-ganaderia-es-que-esta-orientada-al-mercado-interno%c2%94\\\/#breadcrumb\",\"itemListElement\":[{\"@type\":\"ListItem\",\"position\":1,\"name\":\"Portada\",\"item\":\"https:\\\/\\\/proagrolab.com.ar\\\/\"},{\"@type\":\"ListItem\",\"position\":2,\"name\":\"\u0093El problema de la ganader\u00eda es que est\u00e1 orientada al mercado interno\u0094.\"}]},{\"@type\":\"WebSite\",\"@id\":\"https:\\\/\\\/proagrolab.com.ar\\\/#website\",\"url\":\"https:\\\/\\\/proagrolab.com.ar\\\/\",\"name\":\"Proagro Laboratorio Veterinario\",\"description\":\"Veterinary laboratory\",\"publisher\":{\"@id\":\"https:\\\/\\\/proagrolab.com.ar\\\/#organization\"},\"potentialAction\":[{\"@type\":\"SearchAction\",\"target\":{\"@type\":\"EntryPoint\",\"urlTemplate\":\"https:\\\/\\\/proagrolab.com.ar\\\/?s={search_term_string}\"},\"query-input\":{\"@type\":\"PropertyValueSpecification\",\"valueRequired\":true,\"valueName\":\"search_term_string\"}}],\"inLanguage\":\"en-US\"},{\"@type\":\"Organization\",\"@id\":\"https:\\\/\\\/proagrolab.com.ar\\\/#organization\",\"name\":\"Proagro\",\"url\":\"https:\\\/\\\/proagrolab.com.ar\\\/\",\"logo\":{\"@type\":\"ImageObject\",\"inLanguage\":\"en-US\",\"@id\":\"https:\\\/\\\/proagrolab.com.ar\\\/#\\\/schema\\\/logo\\\/image\\\/\",\"url\":\"https:\\\/\\\/proagrolab.com.ar\\\/wp-content\\\/uploads\\\/2020\\\/04\\\/logo-retina.png\",\"contentUrl\":\"https:\\\/\\\/proagrolab.com.ar\\\/wp-content\\\/uploads\\\/2020\\\/04\\\/logo-retina.png\",\"width\":478,\"height\":120,\"caption\":\"Proagro\"},\"image\":{\"@id\":\"https:\\\/\\\/proagrolab.com.ar\\\/#\\\/schema\\\/logo\\\/image\\\/\"},\"sameAs\":[\"http:\\\/\\\/www.facebook.com\\\/proagrolab\",\"https:\\\/\\\/www.instagram.com\\\/proagrolab\\\/\",\"https:\\\/\\\/www.linkedin.com\\\/company\\\/laboratorio-proagro-s-a\\\/\"]},{\"@type\":\"Person\",\"@id\":\"https:\\\/\\\/proagrolab.com.ar\\\/#\\\/schema\\\/person\\\/38003ff90bf80381f71c7d922d207444\",\"name\":\"proagrolab\"}]}<\/script>\n<!-- \/ Yoast SEO plugin. -->","yoast_head_json":{"title":"\u0093El problema de la ganader\u00eda es que est\u00e1 orientada al mercado interno\u0094. | Proagro","robots":{"index":"index","follow":"follow","max-snippet":"max-snippet:-1","max-image-preview":"max-image-preview:large","max-video-preview":"max-video-preview:-1"},"canonical":"https:\/\/proagrolab.com.ar\/en\/\u0093el-problema-de-la-ganaderia-es-que-esta-orientada-al-mercado-interno\u0094\/","og_locale":"en_US","og_type":"article","og_title":"\u0093El problema de la ganader\u00eda es que est\u00e1 orientada al mercado interno\u0094. | Proagro","og_description":"Lo dijo Fernando Botta, vice del RosGan. Cu\u00e1les son las metas que se fij\u00f3 este mercado. Este mi\u00e9rcoles, comienza el remate de abril de Rosgan, el mercado ganadero televisado de la Bolsa de Comercio de Rosario. En plena zafra 2014, se pondr\u00e1n a la venta, desde las 10.00 hs., 31.620 cabezas. Ser\u00e1 en vivo por Canal Rural desde la instituci\u00f3n burs\u00e1til.&nbsp;\u0093Estamos con una gran oferta y con el firme convencimiento de que transitaremos, junto a la compa\u00f1\u00eda de todos nuestros operadores representantes de la oferta y la demanda, un excepcional remate ganadero con gran calidad gen\u00e9tica y volumen de oferta\u0094, dijo el presidente de Rosgan, Eduardo Romagnoli. Las palabras de Romagnoli son auspiciosas y es que Rosgan, fundado hace nada m\u00e1s que cinco a\u00f1os, se presenta este a\u00f1o con \u0093buenos precios\u0094 y en pleno desarrollo, apunt\u00f3, por su parte, su vicepresidente, Fernando Botta, en di\u00e1logo con ON24. \u0093Los operadores est\u00e1n contentos\u0094, agreg\u00f3. Aprovechando esta situaci\u00f3n de empuje, Botta resalt\u00f3 que el objetivo de Rosgan \u0093convertirse en un gran mercado de referencia regional, primero, y nacional, despu\u00e9s\u0094. En ese sentido, se\u00f1al\u00f3 que se encuentran en una etapa de an\u00e1lisis, por lo que indic\u00f3 que \u0093se est\u00e1n armando los lineamientos y evaluando [&hellip;]","og_url":"https:\/\/proagrolab.com.ar\/\u0093el-problema-de-la-ganaderia-es-que-esta-orientada-al-mercado-interno\u0094\/","og_site_name":"Proagro","article_publisher":"http:\/\/www.facebook.com\/proagrolab","article_published_time":"2014-04-09T00:00:01+00:00","article_modified_time":"2020-07-02T12:32:10+00:00","og_image":[{"width":450,"height":208,"url":"https:\/\/proagrolab.com.ar\/wp-content\/uploads\/2015\/01\/g_fk4t9r9nx__Rosgan-3.jpg","type":"image\/jpeg"}],"author":"proagrolab","twitter_card":"summary_large_image","twitter_misc":{"Written by":"proagrolab","Est. reading time":"1 minute"},"schema":{"@context":"https:\/\/schema.org","@graph":[{"@type":"Article","@id":"https:\/\/proagrolab.com.ar\/%c2%93el-problema-de-la-ganaderia-es-que-esta-orientada-al-mercado-interno%c2%94\/#article","isPartOf":{"@id":"https:\/\/proagrolab.com.ar\/%c2%93el-problema-de-la-ganaderia-es-que-esta-orientada-al-mercado-interno%c2%94\/"},"author":{"name":"proagrolab","@id":"https:\/\/proagrolab.com.ar\/#\/schema\/person\/38003ff90bf80381f71c7d922d207444"},"headline":"\u0093El problema de la ganader\u00eda es que est\u00e1 orientada al mercado interno\u0094.","datePublished":"2014-04-09T00:00:01+00:00","dateModified":"2020-07-02T12:32:10+00:00","mainEntityOfPage":{"@id":"https:\/\/proagrolab.com.ar\/%c2%93el-problema-de-la-ganaderia-es-que-esta-orientada-al-mercado-interno%c2%94\/"},"wordCount":303,"publisher":{"@id":"https:\/\/proagrolab.com.ar\/#organization"},"image":{"@id":"https:\/\/proagrolab.com.ar\/%c2%93el-problema-de-la-ganaderia-es-que-esta-orientada-al-mercado-interno%c2%94\/#primaryimage"},"thumbnailUrl":"https:\/\/proagrolab.com.ar\/wp-content\/uploads\/2015\/01\/g_fk4t9r9nx__Rosgan-3.jpg","articleSection":["News"],"inLanguage":"en-US"},{"@type":"WebPage","@id":"https:\/\/proagrolab.com.ar\/%c2%93el-problema-de-la-ganaderia-es-que-esta-orientada-al-mercado-interno%c2%94\/","url":"https:\/\/proagrolab.com.ar\/%c2%93el-problema-de-la-ganaderia-es-que-esta-orientada-al-mercado-interno%c2%94\/","name":"\u0093El problema de la ganader\u00eda es que est\u00e1 orientada al mercado interno\u0094. | Proagro","isPartOf":{"@id":"https:\/\/proagrolab.com.ar\/#website"},"primaryImageOfPage":{"@id":"https:\/\/proagrolab.com.ar\/%c2%93el-problema-de-la-ganaderia-es-que-esta-orientada-al-mercado-interno%c2%94\/#primaryimage"},"image":{"@id":"https:\/\/proagrolab.com.ar\/%c2%93el-problema-de-la-ganaderia-es-que-esta-orientada-al-mercado-interno%c2%94\/#primaryimage"},"thumbnailUrl":"https:\/\/proagrolab.com.ar\/wp-content\/uploads\/2015\/01\/g_fk4t9r9nx__Rosgan-3.jpg","datePublished":"2014-04-09T00:00:01+00:00","dateModified":"2020-07-02T12:32:10+00:00","breadcrumb":{"@id":"https:\/\/proagrolab.com.ar\/%c2%93el-problema-de-la-ganaderia-es-que-esta-orientada-al-mercado-interno%c2%94\/#breadcrumb"},"inLanguage":"en-US","potentialAction":[{"@type":"ReadAction","target":["https:\/\/proagrolab.com.ar\/%c2%93el-problema-de-la-ganaderia-es-que-esta-orientada-al-mercado-interno%c2%94\/"]}]},{"@type":"ImageObject","inLanguage":"en-US","@id":"https:\/\/proagrolab.com.ar\/%c2%93el-problema-de-la-ganaderia-es-que-esta-orientada-al-mercado-interno%c2%94\/#primaryimage","url":"https:\/\/proagrolab.com.ar\/wp-content\/uploads\/2015\/01\/g_fk4t9r9nx__Rosgan-3.jpg","contentUrl":"https:\/\/proagrolab.com.ar\/wp-content\/uploads\/2015\/01\/g_fk4t9r9nx__Rosgan-3.jpg","width":450,"height":208},{"@type":"BreadcrumbList","@id":"https:\/\/proagrolab.com.ar\/%c2%93el-problema-de-la-ganaderia-es-que-esta-orientada-al-mercado-interno%c2%94\/#breadcrumb","itemListElement":[{"@type":"ListItem","position":1,"name":"Portada","item":"https:\/\/proagrolab.com.ar\/"},{"@type":"ListItem","position":2,"name":"\u0093El problema de la ganader\u00eda es que est\u00e1 orientada al mercado interno\u0094."}]},{"@type":"WebSite","@id":"https:\/\/proagrolab.com.ar\/#website","url":"https:\/\/proagrolab.com.ar\/","name":"Proagro Laboratorio Veterinario","description":"Veterinary laboratory","publisher":{"@id":"https:\/\/proagrolab.com.ar\/#organization"},"potentialAction":[{"@type":"SearchAction","target":{"@type":"EntryPoint","urlTemplate":"https:\/\/proagrolab.com.ar\/?s={search_term_string}"},"query-input":{"@type":"PropertyValueSpecification","valueRequired":true,"valueName":"search_term_string"}}],"inLanguage":"en-US"},{"@type":"Organization","@id":"https:\/\/proagrolab.com.ar\/#organization","name":"Proagro","url":"https:\/\/proagrolab.com.ar\/","logo":{"@type":"ImageObject","inLanguage":"en-US","@id":"https:\/\/proagrolab.com.ar\/#\/schema\/logo\/image\/","url":"https:\/\/proagrolab.com.ar\/wp-content\/uploads\/2020\/04\/logo-retina.png","contentUrl":"https:\/\/proagrolab.com.ar\/wp-content\/uploads\/2020\/04\/logo-retina.png","width":478,"height":120,"caption":"Proagro"},"image":{"@id":"https:\/\/proagrolab.com.ar\/#\/schema\/logo\/image\/"},"sameAs":["http:\/\/www.facebook.com\/proagrolab","https:\/\/www.instagram.com\/proagrolab\/","https:\/\/www.linkedin.com\/company\/laboratorio-proagro-s-a\/"]},{"@type":"Person","@id":"https:\/\/proagrolab.com.ar\/#\/schema\/person\/38003ff90bf80381f71c7d922d207444","name":"proagrolab"}]}},"_links":{"self":[{"href":"https:\/\/proagrolab.com.ar\/en\/wp-json\/wp\/v2\/posts\/6047","targetHints":{"allow":["GET"]}}],"collection":[{"href":"https:\/\/proagrolab.com.ar\/en\/wp-json\/wp\/v2\/posts"}],"about":[{"href":"https:\/\/proagrolab.com.ar\/en\/wp-json\/wp\/v2\/types\/post"}],"author":[{"embeddable":true,"href":"https:\/\/proagrolab.com.ar\/en\/wp-json\/wp\/v2\/users\/2"}],"replies":[{"embeddable":true,"href":"https:\/\/proagrolab.com.ar\/en\/wp-json\/wp\/v2\/comments?post=6047"}],"version-history":[{"count":1,"href":"https:\/\/proagrolab.com.ar\/en\/wp-json\/wp\/v2\/posts\/6047\/revisions"}],"predecessor-version":[{"id":14590,"href":"https:\/\/proagrolab.com.ar\/en\/wp-json\/wp\/v2\/posts\/6047\/revisions\/14590"}],"wp:featuredmedia":[{"embeddable":true,"href":"https:\/\/proagrolab.com.ar\/en\/wp-json\/wp\/v2\/media\/2534"}],"wp:attachment":[{"href":"https:\/\/proagrolab.com.ar\/en\/wp-json\/wp\/v2\/media?parent=6047"}],"wp:term":[{"taxonomy":"category","embeddable":true,"href":"https:\/\/proagrolab.com.ar\/en\/wp-json\/wp\/v2\/categories?post=6047"},{"taxonomy":"post_tag","embeddable":true,"href":"https:\/\/proagrolab.com.ar\/en\/wp-json\/wp\/v2\/tags?post=6047"}],"curies":[{"name":"wp","href":"https:\/\/api.w.org\/{rel}","templated":true}]}}