{"id":6046,"date":"2014-04-09T00:00:01","date_gmt":"2014-04-09T00:00:01","guid":{"rendered":"https:\/\/proagrolab.com.ar\/hay-que-aumentar-la-produccion-carnica-cuidando-al-medio-ambiente-dice-especialista\/"},"modified":"2020-07-02T12:32:16","modified_gmt":"2020-07-02T12:32:16","slug":"hay-que-aumentar-la-produccion-carnica-cuidando-al-medio-ambiente-dice-especialista","status":"publish","type":"post","link":"https:\/\/proagrolab.com.ar\/en\/hay-que-aumentar-la-produccion-carnica-cuidando-al-medio-ambiente-dice-especialista\/","title":{"rendered":"Hay que aumentar la producci\u00f3n c\u00e1rnica cuidando al medio ambiente, dice especialista."},"content":{"rendered":"<p class=\"qtranxs-available-languages-message qtranxs-available-languages-message-en\"> <\/p><p>Se prev\u00e9 que para 2050 habr\u00e1 9,2 billones de personas en el mundo, y que a su vez tendr\u00e1 mejor nivel de ingresos y por tanto aumentar\u00e1 el consumo de carne roja.<\/p>\n<p>&#8220;Para alimentar a toda esa gente necesitamos producir 70% m\u00e1s de lo que producimos hoy. Pero debemos producir esa mayor cantidad de carne&#8230;bajando los gases de efecto invernadero y el calentamiento global&#8221;, dijo el Dr. Donagh Berry, integrante de Teagasc (the Agriculture and Food Development Authority), de Irlanda en el marco de la Expo Melilla.<\/p>\n<p>El Dr. Donagh Berry dijo que se apunta al mejoramiento porque la selecci\u00f3n gen\u00e9tica es permanente en el tiempo. &#8220;Las vacas que ten\u00edamos hace 10 a\u00f1os son peores que las que tenemos hoy. Cuando se hace mejoramiento gen\u00e9tico a\u00f1o a a\u00f1o se va mejorando, escalando&#8221;.<\/p>\n<p>El agreg\u00f3 que la selecci\u00f3n &#8220;ahora va por el lado de aumentar la producci\u00f3n de carne, crecimiento y de leche, pero reduciendo el impacto ambiental&#8221;.<\/p>\n<p>&#8220;El 20% superior de animales, comparado con el 20% inferior, son faenados 64 d\u00edas antes, comen 64 d\u00edas menos, eructan y hacen deposiciones por 64 d\u00edas menos y a su vez comen medio kilo menos por d\u00eda&#8221;.<\/p>\n<p>Lo interesante es que esos animales, &#8220;pueden tener la misma performance, la misma producci\u00f3n, pero con mucho menos impacto ambiental&#8221;.<\/p>\n<p>Fuente: Carnetec, 7 de abril.<br \/><\/p>","protected":false},"excerpt":{"rendered":"<p>Se prev\u00e9 que para 2050 habr\u00e1 9,2 billones de personas en el mundo, y que a su vez tendr\u00e1 mejor nivel de ingresos y por tanto aumentar\u00e1 el consumo de carne roja. &#8220;Para alimentar a toda esa gente necesitamos producir 70% m\u00e1s de lo que producimos hoy. Pero debemos producir esa mayor cantidad de carne&#8230;bajando los gases de efecto invernadero y el calentamiento global&#8221;, dijo el Dr. Donagh Berry, integrante de Teagasc (the Agriculture and Food Development Authority), de Irlanda en el marco de la Expo Melilla. El Dr. Donagh Berry dijo que se apunta al mejoramiento porque la selecci\u00f3n gen\u00e9tica es permanente en el tiempo. &#8220;Las vacas que ten\u00edamos hace 10 a\u00f1os son peores que las que tenemos hoy. Cuando se hace mejoramiento gen\u00e9tico a\u00f1o a a\u00f1o se va mejorando, escalando&#8221;. El agreg\u00f3 que la selecci\u00f3n &#8220;ahora va por el lado de aumentar la producci\u00f3n de carne, crecimiento y de leche, pero reduciendo el impacto ambiental&#8221;. &#8220;El 20% superior de animales, comparado con el 20% inferior, son faenados 64 d\u00edas antes, comen 64 d\u00edas menos, eructan y hacen deposiciones por 64 d\u00edas menos y a su vez comen medio kilo menos por d\u00eda&#8221;. Lo interesante es que esos animales, [&hellip;]<\/p>\n","protected":false},"author":2,"featured_media":2533,"comment_status":"closed","ping_status":"open","sticky":false,"template":"","format":"standard","meta":{"_acf_changed":false,"footnotes":""},"categories":[56],"tags":[],"class_list":["post-6046","post","type-post","status-publish","format-standard","has-post-thumbnail","hentry","category-infoganadero"],"acf":[],"yoast_head":"<!-- This site is optimized with the Yoast SEO plugin v27.4 - https:\/\/yoast.com\/product\/yoast-seo-wordpress\/ -->\n<title>Hay que aumentar la producci\u00f3n c\u00e1rnica cuidando al medio ambiente, dice especialista. | Proagro<\/title>\n<meta name=\"robots\" content=\"index, follow, max-snippet:-1, max-image-preview:large, max-video-preview:-1\" \/>\n<link rel=\"canonical\" href=\"https:\/\/proagrolab.com.ar\/en\/hay-que-aumentar-la-produccion-carnica-cuidando-al-medio-ambiente-dice-especialista\/\" \/>\n<meta property=\"og:locale\" content=\"en_US\" \/>\n<meta property=\"og:type\" content=\"article\" \/>\n<meta property=\"og:title\" content=\"Hay que aumentar la producci\u00f3n c\u00e1rnica cuidando al medio ambiente, dice especialista. | Proagro\" \/>\n<meta property=\"og:description\" content=\"Se prev\u00e9 que para 2050 habr\u00e1 9,2 billones de personas en el mundo, y que a su vez tendr\u00e1 mejor nivel de ingresos y por tanto aumentar\u00e1 el consumo de carne roja. &#8220;Para alimentar a toda esa gente necesitamos producir 70% m\u00e1s de lo que producimos hoy. Pero debemos producir esa mayor cantidad de carne&#8230;bajando los gases de efecto invernadero y el calentamiento global&#8221;, dijo el Dr. Donagh Berry, integrante de Teagasc (the Agriculture and Food Development Authority), de Irlanda en el marco de la Expo Melilla. El Dr. Donagh Berry dijo que se apunta al mejoramiento porque la selecci\u00f3n gen\u00e9tica es permanente en el tiempo. &#8220;Las vacas que ten\u00edamos hace 10 a\u00f1os son peores que las que tenemos hoy. Cuando se hace mejoramiento gen\u00e9tico a\u00f1o a a\u00f1o se va mejorando, escalando&#8221;. El agreg\u00f3 que la selecci\u00f3n &#8220;ahora va por el lado de aumentar la producci\u00f3n de carne, crecimiento y de leche, pero reduciendo el impacto ambiental&#8221;. &#8220;El 20% superior de animales, comparado con el 20% inferior, son faenados 64 d\u00edas antes, comen 64 d\u00edas menos, eructan y hacen deposiciones por 64 d\u00edas menos y a su vez comen medio kilo menos por d\u00eda&#8221;. Lo interesante es que esos animales, [&hellip;]\" \/>\n<meta property=\"og:url\" content=\"https:\/\/proagrolab.com.ar\/hay-que-aumentar-la-produccion-carnica-cuidando-al-medio-ambiente-dice-especialista\/\" \/>\n<meta property=\"og:site_name\" content=\"Proagro\" \/>\n<meta property=\"article:publisher\" content=\"http:\/\/www.facebook.com\/proagrolab\" \/>\n<meta property=\"article:published_time\" content=\"2014-04-09T00:00:01+00:00\" \/>\n<meta property=\"article:modified_time\" content=\"2020-07-02T12:32:16+00:00\" \/>\n<meta property=\"og:image\" content=\"https:\/\/proagrolab.com.ar\/wp-content\/uploads\/2015\/01\/g_9fhdwfxd7__Bovinos-pastando.jpg\" \/>\n\t<meta property=\"og:image:width\" content=\"450\" \/>\n\t<meta property=\"og:image:height\" content=\"208\" \/>\n\t<meta property=\"og:image:type\" content=\"image\/jpeg\" \/>\n<meta name=\"author\" content=\"proagrolab\" \/>\n<meta name=\"twitter:card\" content=\"summary_large_image\" \/>\n<meta name=\"twitter:label1\" content=\"Written by\" \/>\n\t<meta name=\"twitter:data1\" content=\"proagrolab\" \/>\n\t<meta name=\"twitter:label2\" content=\"Est. reading time\" \/>\n\t<meta name=\"twitter:data2\" content=\"1 minute\" \/>\n<script type=\"application\/ld+json\" class=\"yoast-schema-graph\">{\"@context\":\"https:\\\/\\\/schema.org\",\"@graph\":[{\"@type\":\"Article\",\"@id\":\"https:\\\/\\\/proagrolab.com.ar\\\/hay-que-aumentar-la-produccion-carnica-cuidando-al-medio-ambiente-dice-especialista\\\/#article\",\"isPartOf\":{\"@id\":\"https:\\\/\\\/proagrolab.com.ar\\\/hay-que-aumentar-la-produccion-carnica-cuidando-al-medio-ambiente-dice-especialista\\\/\"},\"author\":{\"name\":\"proagrolab\",\"@id\":\"https:\\\/\\\/proagrolab.com.ar\\\/#\\\/schema\\\/person\\\/38003ff90bf80381f71c7d922d207444\"},\"headline\":\"Hay que aumentar la producci\u00f3n c\u00e1rnica cuidando al medio ambiente, dice especialista.\",\"datePublished\":\"2014-04-09T00:00:01+00:00\",\"dateModified\":\"2020-07-02T12:32:16+00:00\",\"mainEntityOfPage\":{\"@id\":\"https:\\\/\\\/proagrolab.com.ar\\\/hay-que-aumentar-la-produccion-carnica-cuidando-al-medio-ambiente-dice-especialista\\\/\"},\"wordCount\":239,\"publisher\":{\"@id\":\"https:\\\/\\\/proagrolab.com.ar\\\/#organization\"},\"image\":{\"@id\":\"https:\\\/\\\/proagrolab.com.ar\\\/hay-que-aumentar-la-produccion-carnica-cuidando-al-medio-ambiente-dice-especialista\\\/#primaryimage\"},\"thumbnailUrl\":\"https:\\\/\\\/proagrolab.com.ar\\\/wp-content\\\/uploads\\\/2015\\\/01\\\/g_9fhdwfxd7__Bovinos-pastando.jpg\",\"articleSection\":[\"News\"],\"inLanguage\":\"en-US\"},{\"@type\":\"WebPage\",\"@id\":\"https:\\\/\\\/proagrolab.com.ar\\\/hay-que-aumentar-la-produccion-carnica-cuidando-al-medio-ambiente-dice-especialista\\\/\",\"url\":\"https:\\\/\\\/proagrolab.com.ar\\\/hay-que-aumentar-la-produccion-carnica-cuidando-al-medio-ambiente-dice-especialista\\\/\",\"name\":\"Hay que aumentar la producci\u00f3n c\u00e1rnica cuidando al medio ambiente, dice especialista. | Proagro\",\"isPartOf\":{\"@id\":\"https:\\\/\\\/proagrolab.com.ar\\\/#website\"},\"primaryImageOfPage\":{\"@id\":\"https:\\\/\\\/proagrolab.com.ar\\\/hay-que-aumentar-la-produccion-carnica-cuidando-al-medio-ambiente-dice-especialista\\\/#primaryimage\"},\"image\":{\"@id\":\"https:\\\/\\\/proagrolab.com.ar\\\/hay-que-aumentar-la-produccion-carnica-cuidando-al-medio-ambiente-dice-especialista\\\/#primaryimage\"},\"thumbnailUrl\":\"https:\\\/\\\/proagrolab.com.ar\\\/wp-content\\\/uploads\\\/2015\\\/01\\\/g_9fhdwfxd7__Bovinos-pastando.jpg\",\"datePublished\":\"2014-04-09T00:00:01+00:00\",\"dateModified\":\"2020-07-02T12:32:16+00:00\",\"breadcrumb\":{\"@id\":\"https:\\\/\\\/proagrolab.com.ar\\\/hay-que-aumentar-la-produccion-carnica-cuidando-al-medio-ambiente-dice-especialista\\\/#breadcrumb\"},\"inLanguage\":\"en-US\",\"potentialAction\":[{\"@type\":\"ReadAction\",\"target\":[\"https:\\\/\\\/proagrolab.com.ar\\\/hay-que-aumentar-la-produccion-carnica-cuidando-al-medio-ambiente-dice-especialista\\\/\"]}]},{\"@type\":\"ImageObject\",\"inLanguage\":\"en-US\",\"@id\":\"https:\\\/\\\/proagrolab.com.ar\\\/hay-que-aumentar-la-produccion-carnica-cuidando-al-medio-ambiente-dice-especialista\\\/#primaryimage\",\"url\":\"https:\\\/\\\/proagrolab.com.ar\\\/wp-content\\\/uploads\\\/2015\\\/01\\\/g_9fhdwfxd7__Bovinos-pastando.jpg\",\"contentUrl\":\"https:\\\/\\\/proagrolab.com.ar\\\/wp-content\\\/uploads\\\/2015\\\/01\\\/g_9fhdwfxd7__Bovinos-pastando.jpg\",\"width\":450,\"height\":208},{\"@type\":\"BreadcrumbList\",\"@id\":\"https:\\\/\\\/proagrolab.com.ar\\\/hay-que-aumentar-la-produccion-carnica-cuidando-al-medio-ambiente-dice-especialista\\\/#breadcrumb\",\"itemListElement\":[{\"@type\":\"ListItem\",\"position\":1,\"name\":\"Portada\",\"item\":\"https:\\\/\\\/proagrolab.com.ar\\\/\"},{\"@type\":\"ListItem\",\"position\":2,\"name\":\"Hay que aumentar la producci\u00f3n c\u00e1rnica cuidando al medio ambiente, dice especialista.\"}]},{\"@type\":\"WebSite\",\"@id\":\"https:\\\/\\\/proagrolab.com.ar\\\/#website\",\"url\":\"https:\\\/\\\/proagrolab.com.ar\\\/\",\"name\":\"Proagro Laboratorio Veterinario\",\"description\":\"Veterinary laboratory\",\"publisher\":{\"@id\":\"https:\\\/\\\/proagrolab.com.ar\\\/#organization\"},\"potentialAction\":[{\"@type\":\"SearchAction\",\"target\":{\"@type\":\"EntryPoint\",\"urlTemplate\":\"https:\\\/\\\/proagrolab.com.ar\\\/?s={search_term_string}\"},\"query-input\":{\"@type\":\"PropertyValueSpecification\",\"valueRequired\":true,\"valueName\":\"search_term_string\"}}],\"inLanguage\":\"en-US\"},{\"@type\":\"Organization\",\"@id\":\"https:\\\/\\\/proagrolab.com.ar\\\/#organization\",\"name\":\"Proagro\",\"url\":\"https:\\\/\\\/proagrolab.com.ar\\\/\",\"logo\":{\"@type\":\"ImageObject\",\"inLanguage\":\"en-US\",\"@id\":\"https:\\\/\\\/proagrolab.com.ar\\\/#\\\/schema\\\/logo\\\/image\\\/\",\"url\":\"https:\\\/\\\/proagrolab.com.ar\\\/wp-content\\\/uploads\\\/2020\\\/04\\\/logo-retina.png\",\"contentUrl\":\"https:\\\/\\\/proagrolab.com.ar\\\/wp-content\\\/uploads\\\/2020\\\/04\\\/logo-retina.png\",\"width\":478,\"height\":120,\"caption\":\"Proagro\"},\"image\":{\"@id\":\"https:\\\/\\\/proagrolab.com.ar\\\/#\\\/schema\\\/logo\\\/image\\\/\"},\"sameAs\":[\"http:\\\/\\\/www.facebook.com\\\/proagrolab\",\"https:\\\/\\\/www.instagram.com\\\/proagrolab\\\/\",\"https:\\\/\\\/www.linkedin.com\\\/company\\\/laboratorio-proagro-s-a\\\/\"]},{\"@type\":\"Person\",\"@id\":\"https:\\\/\\\/proagrolab.com.ar\\\/#\\\/schema\\\/person\\\/38003ff90bf80381f71c7d922d207444\",\"name\":\"proagrolab\"}]}<\/script>\n<!-- \/ Yoast SEO plugin. -->","yoast_head_json":{"title":"Hay que aumentar la producci\u00f3n c\u00e1rnica cuidando al medio ambiente, dice especialista. | Proagro","robots":{"index":"index","follow":"follow","max-snippet":"max-snippet:-1","max-image-preview":"max-image-preview:large","max-video-preview":"max-video-preview:-1"},"canonical":"https:\/\/proagrolab.com.ar\/en\/hay-que-aumentar-la-produccion-carnica-cuidando-al-medio-ambiente-dice-especialista\/","og_locale":"en_US","og_type":"article","og_title":"Hay que aumentar la producci\u00f3n c\u00e1rnica cuidando al medio ambiente, dice especialista. | Proagro","og_description":"Se prev\u00e9 que para 2050 habr\u00e1 9,2 billones de personas en el mundo, y que a su vez tendr\u00e1 mejor nivel de ingresos y por tanto aumentar\u00e1 el consumo de carne roja. &#8220;Para alimentar a toda esa gente necesitamos producir 70% m\u00e1s de lo que producimos hoy. Pero debemos producir esa mayor cantidad de carne&#8230;bajando los gases de efecto invernadero y el calentamiento global&#8221;, dijo el Dr. Donagh Berry, integrante de Teagasc (the Agriculture and Food Development Authority), de Irlanda en el marco de la Expo Melilla. El Dr. Donagh Berry dijo que se apunta al mejoramiento porque la selecci\u00f3n gen\u00e9tica es permanente en el tiempo. &#8220;Las vacas que ten\u00edamos hace 10 a\u00f1os son peores que las que tenemos hoy. Cuando se hace mejoramiento gen\u00e9tico a\u00f1o a a\u00f1o se va mejorando, escalando&#8221;. El agreg\u00f3 que la selecci\u00f3n &#8220;ahora va por el lado de aumentar la producci\u00f3n de carne, crecimiento y de leche, pero reduciendo el impacto ambiental&#8221;. &#8220;El 20% superior de animales, comparado con el 20% inferior, son faenados 64 d\u00edas antes, comen 64 d\u00edas menos, eructan y hacen deposiciones por 64 d\u00edas menos y a su vez comen medio kilo menos por d\u00eda&#8221;. Lo interesante es que esos animales, [&hellip;]","og_url":"https:\/\/proagrolab.com.ar\/hay-que-aumentar-la-produccion-carnica-cuidando-al-medio-ambiente-dice-especialista\/","og_site_name":"Proagro","article_publisher":"http:\/\/www.facebook.com\/proagrolab","article_published_time":"2014-04-09T00:00:01+00:00","article_modified_time":"2020-07-02T12:32:16+00:00","og_image":[{"width":450,"height":208,"url":"https:\/\/proagrolab.com.ar\/wp-content\/uploads\/2015\/01\/g_9fhdwfxd7__Bovinos-pastando.jpg","type":"image\/jpeg"}],"author":"proagrolab","twitter_card":"summary_large_image","twitter_misc":{"Written by":"proagrolab","Est. reading time":"1 minute"},"schema":{"@context":"https:\/\/schema.org","@graph":[{"@type":"Article","@id":"https:\/\/proagrolab.com.ar\/hay-que-aumentar-la-produccion-carnica-cuidando-al-medio-ambiente-dice-especialista\/#article","isPartOf":{"@id":"https:\/\/proagrolab.com.ar\/hay-que-aumentar-la-produccion-carnica-cuidando-al-medio-ambiente-dice-especialista\/"},"author":{"name":"proagrolab","@id":"https:\/\/proagrolab.com.ar\/#\/schema\/person\/38003ff90bf80381f71c7d922d207444"},"headline":"Hay que aumentar la producci\u00f3n c\u00e1rnica cuidando al medio ambiente, dice especialista.","datePublished":"2014-04-09T00:00:01+00:00","dateModified":"2020-07-02T12:32:16+00:00","mainEntityOfPage":{"@id":"https:\/\/proagrolab.com.ar\/hay-que-aumentar-la-produccion-carnica-cuidando-al-medio-ambiente-dice-especialista\/"},"wordCount":239,"publisher":{"@id":"https:\/\/proagrolab.com.ar\/#organization"},"image":{"@id":"https:\/\/proagrolab.com.ar\/hay-que-aumentar-la-produccion-carnica-cuidando-al-medio-ambiente-dice-especialista\/#primaryimage"},"thumbnailUrl":"https:\/\/proagrolab.com.ar\/wp-content\/uploads\/2015\/01\/g_9fhdwfxd7__Bovinos-pastando.jpg","articleSection":["News"],"inLanguage":"en-US"},{"@type":"WebPage","@id":"https:\/\/proagrolab.com.ar\/hay-que-aumentar-la-produccion-carnica-cuidando-al-medio-ambiente-dice-especialista\/","url":"https:\/\/proagrolab.com.ar\/hay-que-aumentar-la-produccion-carnica-cuidando-al-medio-ambiente-dice-especialista\/","name":"Hay que aumentar la producci\u00f3n c\u00e1rnica cuidando al medio ambiente, dice especialista. | Proagro","isPartOf":{"@id":"https:\/\/proagrolab.com.ar\/#website"},"primaryImageOfPage":{"@id":"https:\/\/proagrolab.com.ar\/hay-que-aumentar-la-produccion-carnica-cuidando-al-medio-ambiente-dice-especialista\/#primaryimage"},"image":{"@id":"https:\/\/proagrolab.com.ar\/hay-que-aumentar-la-produccion-carnica-cuidando-al-medio-ambiente-dice-especialista\/#primaryimage"},"thumbnailUrl":"https:\/\/proagrolab.com.ar\/wp-content\/uploads\/2015\/01\/g_9fhdwfxd7__Bovinos-pastando.jpg","datePublished":"2014-04-09T00:00:01+00:00","dateModified":"2020-07-02T12:32:16+00:00","breadcrumb":{"@id":"https:\/\/proagrolab.com.ar\/hay-que-aumentar-la-produccion-carnica-cuidando-al-medio-ambiente-dice-especialista\/#breadcrumb"},"inLanguage":"en-US","potentialAction":[{"@type":"ReadAction","target":["https:\/\/proagrolab.com.ar\/hay-que-aumentar-la-produccion-carnica-cuidando-al-medio-ambiente-dice-especialista\/"]}]},{"@type":"ImageObject","inLanguage":"en-US","@id":"https:\/\/proagrolab.com.ar\/hay-que-aumentar-la-produccion-carnica-cuidando-al-medio-ambiente-dice-especialista\/#primaryimage","url":"https:\/\/proagrolab.com.ar\/wp-content\/uploads\/2015\/01\/g_9fhdwfxd7__Bovinos-pastando.jpg","contentUrl":"https:\/\/proagrolab.com.ar\/wp-content\/uploads\/2015\/01\/g_9fhdwfxd7__Bovinos-pastando.jpg","width":450,"height":208},{"@type":"BreadcrumbList","@id":"https:\/\/proagrolab.com.ar\/hay-que-aumentar-la-produccion-carnica-cuidando-al-medio-ambiente-dice-especialista\/#breadcrumb","itemListElement":[{"@type":"ListItem","position":1,"name":"Portada","item":"https:\/\/proagrolab.com.ar\/"},{"@type":"ListItem","position":2,"name":"Hay que aumentar la producci\u00f3n c\u00e1rnica cuidando al medio ambiente, dice especialista."}]},{"@type":"WebSite","@id":"https:\/\/proagrolab.com.ar\/#website","url":"https:\/\/proagrolab.com.ar\/","name":"Proagro Laboratorio Veterinario","description":"Veterinary laboratory","publisher":{"@id":"https:\/\/proagrolab.com.ar\/#organization"},"potentialAction":[{"@type":"SearchAction","target":{"@type":"EntryPoint","urlTemplate":"https:\/\/proagrolab.com.ar\/?s={search_term_string}"},"query-input":{"@type":"PropertyValueSpecification","valueRequired":true,"valueName":"search_term_string"}}],"inLanguage":"en-US"},{"@type":"Organization","@id":"https:\/\/proagrolab.com.ar\/#organization","name":"Proagro","url":"https:\/\/proagrolab.com.ar\/","logo":{"@type":"ImageObject","inLanguage":"en-US","@id":"https:\/\/proagrolab.com.ar\/#\/schema\/logo\/image\/","url":"https:\/\/proagrolab.com.ar\/wp-content\/uploads\/2020\/04\/logo-retina.png","contentUrl":"https:\/\/proagrolab.com.ar\/wp-content\/uploads\/2020\/04\/logo-retina.png","width":478,"height":120,"caption":"Proagro"},"image":{"@id":"https:\/\/proagrolab.com.ar\/#\/schema\/logo\/image\/"},"sameAs":["http:\/\/www.facebook.com\/proagrolab","https:\/\/www.instagram.com\/proagrolab\/","https:\/\/www.linkedin.com\/company\/laboratorio-proagro-s-a\/"]},{"@type":"Person","@id":"https:\/\/proagrolab.com.ar\/#\/schema\/person\/38003ff90bf80381f71c7d922d207444","name":"proagrolab"}]}},"_links":{"self":[{"href":"https:\/\/proagrolab.com.ar\/en\/wp-json\/wp\/v2\/posts\/6046","targetHints":{"allow":["GET"]}}],"collection":[{"href":"https:\/\/proagrolab.com.ar\/en\/wp-json\/wp\/v2\/posts"}],"about":[{"href":"https:\/\/proagrolab.com.ar\/en\/wp-json\/wp\/v2\/types\/post"}],"author":[{"embeddable":true,"href":"https:\/\/proagrolab.com.ar\/en\/wp-json\/wp\/v2\/users\/2"}],"replies":[{"embeddable":true,"href":"https:\/\/proagrolab.com.ar\/en\/wp-json\/wp\/v2\/comments?post=6046"}],"version-history":[{"count":1,"href":"https:\/\/proagrolab.com.ar\/en\/wp-json\/wp\/v2\/posts\/6046\/revisions"}],"predecessor-version":[{"id":14591,"href":"https:\/\/proagrolab.com.ar\/en\/wp-json\/wp\/v2\/posts\/6046\/revisions\/14591"}],"wp:featuredmedia":[{"embeddable":true,"href":"https:\/\/proagrolab.com.ar\/en\/wp-json\/wp\/v2\/media\/2533"}],"wp:attachment":[{"href":"https:\/\/proagrolab.com.ar\/en\/wp-json\/wp\/v2\/media?parent=6046"}],"wp:term":[{"taxonomy":"category","embeddable":true,"href":"https:\/\/proagrolab.com.ar\/en\/wp-json\/wp\/v2\/categories?post=6046"},{"taxonomy":"post_tag","embeddable":true,"href":"https:\/\/proagrolab.com.ar\/en\/wp-json\/wp\/v2\/tags?post=6046"}],"curies":[{"name":"wp","href":"https:\/\/api.w.org\/{rel}","templated":true}]}}