{"id":6045,"date":"2014-04-09T00:00:01","date_gmt":"2014-04-09T00:00:01","guid":{"rendered":"https:\/\/proagrolab.com.ar\/uruguay-exportara-carne-ovina-con-hueso-a-eeuu-y-mexico-en-dos-anos\/"},"modified":"2020-07-02T12:32:21","modified_gmt":"2020-07-02T12:32:21","slug":"uruguay-exportara-carne-ovina-con-hueso-a-eeuu-y-mexico-en-dos-anos","status":"publish","type":"post","link":"https:\/\/proagrolab.com.ar\/en\/uruguay-exportara-carne-ovina-con-hueso-a-eeuu-y-mexico-en-dos-anos\/","title":{"rendered":"Uruguay exportar\u00e1 carne ovina con hueso a EEUU y M\u00e9xico en dos a\u00f1os."},"content":{"rendered":"<p class=\"qtranxs-available-languages-message qtranxs-available-languages-message-en\"> <\/p><p>La habilitaci\u00f3n de los mercados de Estados Unidos y M\u00e9xico para exportar carne ovina con hueso ocurrir\u00e1 en un plazo no mayor a dos a\u00f1os, vaticin\u00f3 Gast\u00f3n Scayola, vicepresidente del frigor\u00edfico San Jacinto, en el marco de una conferencia que brind\u00f3 en la 3\u00aa Expo Melilla.<\/p>\n<p>Scayola se\u00f1al\u00f3 su confianza en que el sector ovino logre despegar definitivamente durante este a\u00f1o y en 2015. \u0093La realidad va a cambiar radicalmente\u0094, expres\u00f3.<\/p>\n<p>Cit\u00f3 como indicadores que el precio del cordero se sostiene por encima del novillo, que se concret\u00f3 el ingreso de carne ovina sin hueso a Estados Unidos y que se inici\u00f3 la experiencia del compartimento en una actividad promovida por el Secretariado Uruguayo de la Lana (SUL) y el Ministerio de Ganader\u00eda, Agricultura y Pesca (MGAP).<\/p>\n<p>Dijo que es beneficioso sobre todo para el productor chico, teniendo en cuenta que este negocio, de ciclo m\u00e1s corto que el vacuno por ejemplo, da lugar a un giro de dinero m\u00e1s r\u00e1pido.<\/p>\n<p>Martinicorena, presidente del SUL, a\u00f1adi\u00f3 que el acceso a los mercados m\u00e1s exigentes permitir\u00e1 colocar el corte french rack, por ejemplo, a US$ 16 o US$ 17 el kilo.<\/p>\n<p>Fuente: Carnetec, 7 de abril.<br \/><\/p>","protected":false},"excerpt":{"rendered":"<p>La habilitaci\u00f3n de los mercados de Estados Unidos y M\u00e9xico para exportar carne ovina con hueso ocurrir\u00e1 en un plazo no mayor a dos a\u00f1os, vaticin\u00f3 Gast\u00f3n Scayola, vicepresidente del frigor\u00edfico San Jacinto, en el marco de una conferencia que brind\u00f3 en la 3\u00aa Expo Melilla. Scayola se\u00f1al\u00f3 su confianza en que el sector ovino logre despegar definitivamente durante este a\u00f1o y en 2015. \u0093La realidad va a cambiar radicalmente\u0094, expres\u00f3. Cit\u00f3 como indicadores que el precio del cordero se sostiene por encima del novillo, que se concret\u00f3 el ingreso de carne ovina sin hueso a Estados Unidos y que se inici\u00f3 la experiencia del compartimento en una actividad promovida por el Secretariado Uruguayo de la Lana (SUL) y el Ministerio de Ganader\u00eda, Agricultura y Pesca (MGAP). Dijo que es beneficioso sobre todo para el productor chico, teniendo en cuenta que este negocio, de ciclo m\u00e1s corto que el vacuno por ejemplo, da lugar a un giro de dinero m\u00e1s r\u00e1pido. Martinicorena, presidente del SUL, a\u00f1adi\u00f3 que el acceso a los mercados m\u00e1s exigentes permitir\u00e1 colocar el corte french rack, por ejemplo, a US$ 16 o US$ 17 el kilo. Fuente: Carnetec, 7 de abril.<\/p>\n","protected":false},"author":2,"featured_media":2532,"comment_status":"closed","ping_status":"open","sticky":false,"template":"","format":"standard","meta":{"_acf_changed":false,"footnotes":""},"categories":[56],"tags":[],"class_list":["post-6045","post","type-post","status-publish","format-standard","has-post-thumbnail","hentry","category-infoganadero"],"acf":[],"yoast_head":"<!-- This site is optimized with the Yoast SEO plugin v27.4 - https:\/\/yoast.com\/product\/yoast-seo-wordpress\/ -->\n<title>Uruguay exportar\u00e1 carne ovina con hueso a EEUU y M\u00e9xico en dos a\u00f1os. | Proagro<\/title>\n<meta name=\"robots\" content=\"index, follow, max-snippet:-1, max-image-preview:large, max-video-preview:-1\" \/>\n<link rel=\"canonical\" href=\"https:\/\/proagrolab.com.ar\/en\/uruguay-exportara-carne-ovina-con-hueso-a-eeuu-y-mexico-en-dos-anos\/\" \/>\n<meta property=\"og:locale\" content=\"en_US\" \/>\n<meta property=\"og:type\" content=\"article\" \/>\n<meta property=\"og:title\" content=\"Uruguay exportar\u00e1 carne ovina con hueso a EEUU y M\u00e9xico en dos a\u00f1os. | Proagro\" \/>\n<meta property=\"og:description\" content=\"La habilitaci\u00f3n de los mercados de Estados Unidos y M\u00e9xico para exportar carne ovina con hueso ocurrir\u00e1 en un plazo no mayor a dos a\u00f1os, vaticin\u00f3 Gast\u00f3n Scayola, vicepresidente del frigor\u00edfico San Jacinto, en el marco de una conferencia que brind\u00f3 en la 3\u00aa Expo Melilla. Scayola se\u00f1al\u00f3 su confianza en que el sector ovino logre despegar definitivamente durante este a\u00f1o y en 2015. \u0093La realidad va a cambiar radicalmente\u0094, expres\u00f3. Cit\u00f3 como indicadores que el precio del cordero se sostiene por encima del novillo, que se concret\u00f3 el ingreso de carne ovina sin hueso a Estados Unidos y que se inici\u00f3 la experiencia del compartimento en una actividad promovida por el Secretariado Uruguayo de la Lana (SUL) y el Ministerio de Ganader\u00eda, Agricultura y Pesca (MGAP). Dijo que es beneficioso sobre todo para el productor chico, teniendo en cuenta que este negocio, de ciclo m\u00e1s corto que el vacuno por ejemplo, da lugar a un giro de dinero m\u00e1s r\u00e1pido. Martinicorena, presidente del SUL, a\u00f1adi\u00f3 que el acceso a los mercados m\u00e1s exigentes permitir\u00e1 colocar el corte french rack, por ejemplo, a US$ 16 o US$ 17 el kilo. Fuente: Carnetec, 7 de abril.\" \/>\n<meta property=\"og:url\" content=\"https:\/\/proagrolab.com.ar\/uruguay-exportara-carne-ovina-con-hueso-a-eeuu-y-mexico-en-dos-anos\/\" \/>\n<meta property=\"og:site_name\" content=\"Proagro\" \/>\n<meta property=\"article:publisher\" content=\"http:\/\/www.facebook.com\/proagrolab\" \/>\n<meta property=\"article:published_time\" content=\"2014-04-09T00:00:01+00:00\" \/>\n<meta property=\"article:modified_time\" content=\"2020-07-02T12:32:21+00:00\" \/>\n<meta property=\"og:image\" content=\"https:\/\/proagrolab.com.ar\/wp-content\/uploads\/2015\/01\/g_0trlbj0no__Ovejas-5.jpg\" \/>\n\t<meta property=\"og:image:width\" content=\"450\" \/>\n\t<meta property=\"og:image:height\" content=\"208\" \/>\n\t<meta property=\"og:image:type\" content=\"image\/jpeg\" \/>\n<meta name=\"author\" content=\"proagrolab\" \/>\n<meta name=\"twitter:card\" content=\"summary_large_image\" \/>\n<meta name=\"twitter:label1\" content=\"Written by\" \/>\n\t<meta name=\"twitter:data1\" content=\"proagrolab\" \/>\n\t<meta name=\"twitter:label2\" content=\"Est. reading time\" \/>\n\t<meta name=\"twitter:data2\" content=\"1 minute\" \/>\n<script type=\"application\/ld+json\" class=\"yoast-schema-graph\">{\"@context\":\"https:\\\/\\\/schema.org\",\"@graph\":[{\"@type\":\"Article\",\"@id\":\"https:\\\/\\\/proagrolab.com.ar\\\/uruguay-exportara-carne-ovina-con-hueso-a-eeuu-y-mexico-en-dos-anos\\\/#article\",\"isPartOf\":{\"@id\":\"https:\\\/\\\/proagrolab.com.ar\\\/uruguay-exportara-carne-ovina-con-hueso-a-eeuu-y-mexico-en-dos-anos\\\/\"},\"author\":{\"name\":\"proagrolab\",\"@id\":\"https:\\\/\\\/proagrolab.com.ar\\\/#\\\/schema\\\/person\\\/38003ff90bf80381f71c7d922d207444\"},\"headline\":\"Uruguay exportar\u00e1 carne ovina con hueso a EEUU y M\u00e9xico en dos a\u00f1os.\",\"datePublished\":\"2014-04-09T00:00:01+00:00\",\"dateModified\":\"2020-07-02T12:32:21+00:00\",\"mainEntityOfPage\":{\"@id\":\"https:\\\/\\\/proagrolab.com.ar\\\/uruguay-exportara-carne-ovina-con-hueso-a-eeuu-y-mexico-en-dos-anos\\\/\"},\"wordCount\":218,\"publisher\":{\"@id\":\"https:\\\/\\\/proagrolab.com.ar\\\/#organization\"},\"image\":{\"@id\":\"https:\\\/\\\/proagrolab.com.ar\\\/uruguay-exportara-carne-ovina-con-hueso-a-eeuu-y-mexico-en-dos-anos\\\/#primaryimage\"},\"thumbnailUrl\":\"https:\\\/\\\/proagrolab.com.ar\\\/wp-content\\\/uploads\\\/2015\\\/01\\\/g_0trlbj0no__Ovejas-5.jpg\",\"articleSection\":[\"News\"],\"inLanguage\":\"en-US\"},{\"@type\":\"WebPage\",\"@id\":\"https:\\\/\\\/proagrolab.com.ar\\\/uruguay-exportara-carne-ovina-con-hueso-a-eeuu-y-mexico-en-dos-anos\\\/\",\"url\":\"https:\\\/\\\/proagrolab.com.ar\\\/uruguay-exportara-carne-ovina-con-hueso-a-eeuu-y-mexico-en-dos-anos\\\/\",\"name\":\"Uruguay exportar\u00e1 carne ovina con hueso a EEUU y M\u00e9xico en dos a\u00f1os. | Proagro\",\"isPartOf\":{\"@id\":\"https:\\\/\\\/proagrolab.com.ar\\\/#website\"},\"primaryImageOfPage\":{\"@id\":\"https:\\\/\\\/proagrolab.com.ar\\\/uruguay-exportara-carne-ovina-con-hueso-a-eeuu-y-mexico-en-dos-anos\\\/#primaryimage\"},\"image\":{\"@id\":\"https:\\\/\\\/proagrolab.com.ar\\\/uruguay-exportara-carne-ovina-con-hueso-a-eeuu-y-mexico-en-dos-anos\\\/#primaryimage\"},\"thumbnailUrl\":\"https:\\\/\\\/proagrolab.com.ar\\\/wp-content\\\/uploads\\\/2015\\\/01\\\/g_0trlbj0no__Ovejas-5.jpg\",\"datePublished\":\"2014-04-09T00:00:01+00:00\",\"dateModified\":\"2020-07-02T12:32:21+00:00\",\"breadcrumb\":{\"@id\":\"https:\\\/\\\/proagrolab.com.ar\\\/uruguay-exportara-carne-ovina-con-hueso-a-eeuu-y-mexico-en-dos-anos\\\/#breadcrumb\"},\"inLanguage\":\"en-US\",\"potentialAction\":[{\"@type\":\"ReadAction\",\"target\":[\"https:\\\/\\\/proagrolab.com.ar\\\/uruguay-exportara-carne-ovina-con-hueso-a-eeuu-y-mexico-en-dos-anos\\\/\"]}]},{\"@type\":\"ImageObject\",\"inLanguage\":\"en-US\",\"@id\":\"https:\\\/\\\/proagrolab.com.ar\\\/uruguay-exportara-carne-ovina-con-hueso-a-eeuu-y-mexico-en-dos-anos\\\/#primaryimage\",\"url\":\"https:\\\/\\\/proagrolab.com.ar\\\/wp-content\\\/uploads\\\/2015\\\/01\\\/g_0trlbj0no__Ovejas-5.jpg\",\"contentUrl\":\"https:\\\/\\\/proagrolab.com.ar\\\/wp-content\\\/uploads\\\/2015\\\/01\\\/g_0trlbj0no__Ovejas-5.jpg\",\"width\":450,\"height\":208},{\"@type\":\"BreadcrumbList\",\"@id\":\"https:\\\/\\\/proagrolab.com.ar\\\/uruguay-exportara-carne-ovina-con-hueso-a-eeuu-y-mexico-en-dos-anos\\\/#breadcrumb\",\"itemListElement\":[{\"@type\":\"ListItem\",\"position\":1,\"name\":\"Portada\",\"item\":\"https:\\\/\\\/proagrolab.com.ar\\\/\"},{\"@type\":\"ListItem\",\"position\":2,\"name\":\"Uruguay exportar\u00e1 carne ovina con hueso a EEUU y M\u00e9xico en dos a\u00f1os.\"}]},{\"@type\":\"WebSite\",\"@id\":\"https:\\\/\\\/proagrolab.com.ar\\\/#website\",\"url\":\"https:\\\/\\\/proagrolab.com.ar\\\/\",\"name\":\"Proagro Laboratorio Veterinario\",\"description\":\"Veterinary laboratory\",\"publisher\":{\"@id\":\"https:\\\/\\\/proagrolab.com.ar\\\/#organization\"},\"potentialAction\":[{\"@type\":\"SearchAction\",\"target\":{\"@type\":\"EntryPoint\",\"urlTemplate\":\"https:\\\/\\\/proagrolab.com.ar\\\/?s={search_term_string}\"},\"query-input\":{\"@type\":\"PropertyValueSpecification\",\"valueRequired\":true,\"valueName\":\"search_term_string\"}}],\"inLanguage\":\"en-US\"},{\"@type\":\"Organization\",\"@id\":\"https:\\\/\\\/proagrolab.com.ar\\\/#organization\",\"name\":\"Proagro\",\"url\":\"https:\\\/\\\/proagrolab.com.ar\\\/\",\"logo\":{\"@type\":\"ImageObject\",\"inLanguage\":\"en-US\",\"@id\":\"https:\\\/\\\/proagrolab.com.ar\\\/#\\\/schema\\\/logo\\\/image\\\/\",\"url\":\"https:\\\/\\\/proagrolab.com.ar\\\/wp-content\\\/uploads\\\/2020\\\/04\\\/logo-retina.png\",\"contentUrl\":\"https:\\\/\\\/proagrolab.com.ar\\\/wp-content\\\/uploads\\\/2020\\\/04\\\/logo-retina.png\",\"width\":478,\"height\":120,\"caption\":\"Proagro\"},\"image\":{\"@id\":\"https:\\\/\\\/proagrolab.com.ar\\\/#\\\/schema\\\/logo\\\/image\\\/\"},\"sameAs\":[\"http:\\\/\\\/www.facebook.com\\\/proagrolab\",\"https:\\\/\\\/www.instagram.com\\\/proagrolab\\\/\",\"https:\\\/\\\/www.linkedin.com\\\/company\\\/laboratorio-proagro-s-a\\\/\"]},{\"@type\":\"Person\",\"@id\":\"https:\\\/\\\/proagrolab.com.ar\\\/#\\\/schema\\\/person\\\/38003ff90bf80381f71c7d922d207444\",\"name\":\"proagrolab\"}]}<\/script>\n<!-- \/ Yoast SEO plugin. -->","yoast_head_json":{"title":"Uruguay exportar\u00e1 carne ovina con hueso a EEUU y M\u00e9xico en dos a\u00f1os. | Proagro","robots":{"index":"index","follow":"follow","max-snippet":"max-snippet:-1","max-image-preview":"max-image-preview:large","max-video-preview":"max-video-preview:-1"},"canonical":"https:\/\/proagrolab.com.ar\/en\/uruguay-exportara-carne-ovina-con-hueso-a-eeuu-y-mexico-en-dos-anos\/","og_locale":"en_US","og_type":"article","og_title":"Uruguay exportar\u00e1 carne ovina con hueso a EEUU y M\u00e9xico en dos a\u00f1os. | Proagro","og_description":"La habilitaci\u00f3n de los mercados de Estados Unidos y M\u00e9xico para exportar carne ovina con hueso ocurrir\u00e1 en un plazo no mayor a dos a\u00f1os, vaticin\u00f3 Gast\u00f3n Scayola, vicepresidente del frigor\u00edfico San Jacinto, en el marco de una conferencia que brind\u00f3 en la 3\u00aa Expo Melilla. Scayola se\u00f1al\u00f3 su confianza en que el sector ovino logre despegar definitivamente durante este a\u00f1o y en 2015. \u0093La realidad va a cambiar radicalmente\u0094, expres\u00f3. Cit\u00f3 como indicadores que el precio del cordero se sostiene por encima del novillo, que se concret\u00f3 el ingreso de carne ovina sin hueso a Estados Unidos y que se inici\u00f3 la experiencia del compartimento en una actividad promovida por el Secretariado Uruguayo de la Lana (SUL) y el Ministerio de Ganader\u00eda, Agricultura y Pesca (MGAP). Dijo que es beneficioso sobre todo para el productor chico, teniendo en cuenta que este negocio, de ciclo m\u00e1s corto que el vacuno por ejemplo, da lugar a un giro de dinero m\u00e1s r\u00e1pido. Martinicorena, presidente del SUL, a\u00f1adi\u00f3 que el acceso a los mercados m\u00e1s exigentes permitir\u00e1 colocar el corte french rack, por ejemplo, a US$ 16 o US$ 17 el kilo. Fuente: Carnetec, 7 de abril.","og_url":"https:\/\/proagrolab.com.ar\/uruguay-exportara-carne-ovina-con-hueso-a-eeuu-y-mexico-en-dos-anos\/","og_site_name":"Proagro","article_publisher":"http:\/\/www.facebook.com\/proagrolab","article_published_time":"2014-04-09T00:00:01+00:00","article_modified_time":"2020-07-02T12:32:21+00:00","og_image":[{"width":450,"height":208,"url":"https:\/\/proagrolab.com.ar\/wp-content\/uploads\/2015\/01\/g_0trlbj0no__Ovejas-5.jpg","type":"image\/jpeg"}],"author":"proagrolab","twitter_card":"summary_large_image","twitter_misc":{"Written by":"proagrolab","Est. reading time":"1 minute"},"schema":{"@context":"https:\/\/schema.org","@graph":[{"@type":"Article","@id":"https:\/\/proagrolab.com.ar\/uruguay-exportara-carne-ovina-con-hueso-a-eeuu-y-mexico-en-dos-anos\/#article","isPartOf":{"@id":"https:\/\/proagrolab.com.ar\/uruguay-exportara-carne-ovina-con-hueso-a-eeuu-y-mexico-en-dos-anos\/"},"author":{"name":"proagrolab","@id":"https:\/\/proagrolab.com.ar\/#\/schema\/person\/38003ff90bf80381f71c7d922d207444"},"headline":"Uruguay exportar\u00e1 carne ovina con hueso a EEUU y M\u00e9xico en dos a\u00f1os.","datePublished":"2014-04-09T00:00:01+00:00","dateModified":"2020-07-02T12:32:21+00:00","mainEntityOfPage":{"@id":"https:\/\/proagrolab.com.ar\/uruguay-exportara-carne-ovina-con-hueso-a-eeuu-y-mexico-en-dos-anos\/"},"wordCount":218,"publisher":{"@id":"https:\/\/proagrolab.com.ar\/#organization"},"image":{"@id":"https:\/\/proagrolab.com.ar\/uruguay-exportara-carne-ovina-con-hueso-a-eeuu-y-mexico-en-dos-anos\/#primaryimage"},"thumbnailUrl":"https:\/\/proagrolab.com.ar\/wp-content\/uploads\/2015\/01\/g_0trlbj0no__Ovejas-5.jpg","articleSection":["News"],"inLanguage":"en-US"},{"@type":"WebPage","@id":"https:\/\/proagrolab.com.ar\/uruguay-exportara-carne-ovina-con-hueso-a-eeuu-y-mexico-en-dos-anos\/","url":"https:\/\/proagrolab.com.ar\/uruguay-exportara-carne-ovina-con-hueso-a-eeuu-y-mexico-en-dos-anos\/","name":"Uruguay exportar\u00e1 carne ovina con hueso a EEUU y M\u00e9xico en dos a\u00f1os. | Proagro","isPartOf":{"@id":"https:\/\/proagrolab.com.ar\/#website"},"primaryImageOfPage":{"@id":"https:\/\/proagrolab.com.ar\/uruguay-exportara-carne-ovina-con-hueso-a-eeuu-y-mexico-en-dos-anos\/#primaryimage"},"image":{"@id":"https:\/\/proagrolab.com.ar\/uruguay-exportara-carne-ovina-con-hueso-a-eeuu-y-mexico-en-dos-anos\/#primaryimage"},"thumbnailUrl":"https:\/\/proagrolab.com.ar\/wp-content\/uploads\/2015\/01\/g_0trlbj0no__Ovejas-5.jpg","datePublished":"2014-04-09T00:00:01+00:00","dateModified":"2020-07-02T12:32:21+00:00","breadcrumb":{"@id":"https:\/\/proagrolab.com.ar\/uruguay-exportara-carne-ovina-con-hueso-a-eeuu-y-mexico-en-dos-anos\/#breadcrumb"},"inLanguage":"en-US","potentialAction":[{"@type":"ReadAction","target":["https:\/\/proagrolab.com.ar\/uruguay-exportara-carne-ovina-con-hueso-a-eeuu-y-mexico-en-dos-anos\/"]}]},{"@type":"ImageObject","inLanguage":"en-US","@id":"https:\/\/proagrolab.com.ar\/uruguay-exportara-carne-ovina-con-hueso-a-eeuu-y-mexico-en-dos-anos\/#primaryimage","url":"https:\/\/proagrolab.com.ar\/wp-content\/uploads\/2015\/01\/g_0trlbj0no__Ovejas-5.jpg","contentUrl":"https:\/\/proagrolab.com.ar\/wp-content\/uploads\/2015\/01\/g_0trlbj0no__Ovejas-5.jpg","width":450,"height":208},{"@type":"BreadcrumbList","@id":"https:\/\/proagrolab.com.ar\/uruguay-exportara-carne-ovina-con-hueso-a-eeuu-y-mexico-en-dos-anos\/#breadcrumb","itemListElement":[{"@type":"ListItem","position":1,"name":"Portada","item":"https:\/\/proagrolab.com.ar\/"},{"@type":"ListItem","position":2,"name":"Uruguay exportar\u00e1 carne ovina con hueso a EEUU y M\u00e9xico en dos a\u00f1os."}]},{"@type":"WebSite","@id":"https:\/\/proagrolab.com.ar\/#website","url":"https:\/\/proagrolab.com.ar\/","name":"Proagro Laboratorio Veterinario","description":"Veterinary laboratory","publisher":{"@id":"https:\/\/proagrolab.com.ar\/#organization"},"potentialAction":[{"@type":"SearchAction","target":{"@type":"EntryPoint","urlTemplate":"https:\/\/proagrolab.com.ar\/?s={search_term_string}"},"query-input":{"@type":"PropertyValueSpecification","valueRequired":true,"valueName":"search_term_string"}}],"inLanguage":"en-US"},{"@type":"Organization","@id":"https:\/\/proagrolab.com.ar\/#organization","name":"Proagro","url":"https:\/\/proagrolab.com.ar\/","logo":{"@type":"ImageObject","inLanguage":"en-US","@id":"https:\/\/proagrolab.com.ar\/#\/schema\/logo\/image\/","url":"https:\/\/proagrolab.com.ar\/wp-content\/uploads\/2020\/04\/logo-retina.png","contentUrl":"https:\/\/proagrolab.com.ar\/wp-content\/uploads\/2020\/04\/logo-retina.png","width":478,"height":120,"caption":"Proagro"},"image":{"@id":"https:\/\/proagrolab.com.ar\/#\/schema\/logo\/image\/"},"sameAs":["http:\/\/www.facebook.com\/proagrolab","https:\/\/www.instagram.com\/proagrolab\/","https:\/\/www.linkedin.com\/company\/laboratorio-proagro-s-a\/"]},{"@type":"Person","@id":"https:\/\/proagrolab.com.ar\/#\/schema\/person\/38003ff90bf80381f71c7d922d207444","name":"proagrolab"}]}},"_links":{"self":[{"href":"https:\/\/proagrolab.com.ar\/en\/wp-json\/wp\/v2\/posts\/6045","targetHints":{"allow":["GET"]}}],"collection":[{"href":"https:\/\/proagrolab.com.ar\/en\/wp-json\/wp\/v2\/posts"}],"about":[{"href":"https:\/\/proagrolab.com.ar\/en\/wp-json\/wp\/v2\/types\/post"}],"author":[{"embeddable":true,"href":"https:\/\/proagrolab.com.ar\/en\/wp-json\/wp\/v2\/users\/2"}],"replies":[{"embeddable":true,"href":"https:\/\/proagrolab.com.ar\/en\/wp-json\/wp\/v2\/comments?post=6045"}],"version-history":[{"count":1,"href":"https:\/\/proagrolab.com.ar\/en\/wp-json\/wp\/v2\/posts\/6045\/revisions"}],"predecessor-version":[{"id":14592,"href":"https:\/\/proagrolab.com.ar\/en\/wp-json\/wp\/v2\/posts\/6045\/revisions\/14592"}],"wp:featuredmedia":[{"embeddable":true,"href":"https:\/\/proagrolab.com.ar\/en\/wp-json\/wp\/v2\/media\/2532"}],"wp:attachment":[{"href":"https:\/\/proagrolab.com.ar\/en\/wp-json\/wp\/v2\/media?parent=6045"}],"wp:term":[{"taxonomy":"category","embeddable":true,"href":"https:\/\/proagrolab.com.ar\/en\/wp-json\/wp\/v2\/categories?post=6045"},{"taxonomy":"post_tag","embeddable":true,"href":"https:\/\/proagrolab.com.ar\/en\/wp-json\/wp\/v2\/tags?post=6045"}],"curies":[{"name":"wp","href":"https:\/\/api.w.org\/{rel}","templated":true}]}}