{"id":6042,"date":"2014-04-09T00:00:01","date_gmt":"2014-04-09T00:00:01","guid":{"rendered":"https:\/\/proagrolab.com.ar\/macri-le-prometio-al-campo-eliminar-las-retenciones\/"},"modified":"2020-07-02T12:32:42","modified_gmt":"2020-07-02T12:32:42","slug":"macri-le-prometio-al-campo-eliminar-las-retenciones","status":"publish","type":"post","link":"https:\/\/proagrolab.com.ar\/en\/macri-le-prometio-al-campo-eliminar-las-retenciones\/","title":{"rendered":"Macri le prometi\u00f3 al campo eliminar las retenciones."},"content":{"rendered":"<p class=\"qtranxs-available-languages-message qtranxs-available-languages-message-en\"> <\/p><p>Pro le present\u00f3 a la Mesa de Enlace su programa de medidas para la actividad; hubo conformidad de los ruralistas.<\/p>\n<p>Por Jaime Rosemberg .<\/p>\n<p>&#8220;La mayor\u00eda del campo est\u00e1 con el cambio , as\u00ed que ya sabemos de qu\u00e9 lado est\u00e1n ustedes&#8221;, brome\u00f3 Mauricio Macri , y arranc\u00f3 sonrisas en el auditorio. La ir\u00f3nica frase del jefe de gobierno porte\u00f1o cerr\u00f3 su encuentro con la Mesa de Enlace agropecuario , que de este modo complet\u00f3 una serie de reuniones con fuerzas pol\u00edticas opositoras que incluy\u00f3 al massismo, la UCR y UNEN.<\/p>\n<p>Reunidos por unos 45 minutos en el sal\u00f3n blanco de la Jefatura de Gobierno porte\u00f1o, y como intento de mostrar que su proyecto presidencial va en serio, Macri present\u00f3 a los ruralistas -a trav\u00e9s de los especialistas de la Fundaci\u00f3n Pensar- su plan de medidas para el agro, a instrumentar &#8220;desde el 10 de diciembre de 2015, cuando lleguemos al gobierno&#8221;, seg\u00fan expres\u00f3 el l\u00edder de Pro.<\/p>\n<p>La apertura de las exportaciones y eliminaci\u00f3n de los registros de operaciones de exportaciones (ROE) puestos en marcha por N\u00e9stor Kirchner; una pol\u00edtica de &#8220;recuperaci\u00f3n de mercados internacionales&#8221;, y una mayor transparencia en el mercado interno que incluye el &#8220;fin de las trabas a la comercializaci\u00f3n&#8221; fueron los principales puntos de la propuesta que Macri desarroll\u00f3 ante los representantes de las entidades del agro. Propuestas para la carne y la lecher\u00eda, la recuperaci\u00f3n del Renatre y la creaci\u00f3n del Ministerio de Agroindustria tambi\u00e9n formaron parte del paquete de 13 &#8220;compromisos de pol\u00edtica p\u00fablica&#8221; que esboz\u00f3 ante los ruralistas.<\/p>\n<p>Sobre las retenciones a las exportaciones, el punto que quebr\u00f3 la relaci\u00f3n con el gobierno nacional durante la crisis de 2008, Macri fue directo en el encuentro posterior con la prensa.<\/p>\n<p>&#8220;Nuestra idea es eliminar todas las retenciones a las exportaciones salvo a la soja, que bajar\u00edamos de a cinco puntos por a\u00f1o&#8221;, afirm\u00f3, y endulz\u00f3 los o\u00eddos de sus interlocutores al prometer eliminar &#8220;cualquier resabio antiexportador&#8221; de las pol\u00edticas p\u00fablicas. Lo escuchaban Luis Miguel Etchevehere (Sociedad Rural Argentina), Rub\u00e9n Ferrero (Confederaciones Rurales Argentinas), Carlos Garetto (Coninagro) y Eduardo Buzzi (Federaci\u00f3n Agraria). Por Pro, participaron de la reuni\u00f3n los ministros Francisco Cabrera (tambi\u00e9n titular de la Fundaci\u00f3n Pensar) y Esteban Bullrich, adem\u00e1s de legisladores y representantes de los equipos de agro.<\/p>\n<p>Los dirigentes del agro fueron duros con la Casa Rosada y esc\u00e9pticos sobre los pr\u00f3ximos meses. &#8220;Propiciamos el di\u00e1logo con todos los sectores, pero no hemos encontrado en el Gobierno las puertas abiertas para sentarnos a buscar soluciones que reclama el sector&#8221;, afirm\u00f3 Garetto ante una pregunta de LA NACION. &#8220;El ajuste, el relato, la mentira, la visi\u00f3n de amigo-enemigo, el avasallamiento de la Justicia. Son todas cosas que no nos gustan, y por eso somos muchos los que pensamos que hay que juntarse&#8221;, dijo Buzzi en claro tono de clave electoral.<\/p>\n<p>La reacci\u00f3n a la propuesta de Pro, a juzgar por las declaraciones p\u00fablicas, fue positiva. &#8220;La propuesta es muy buena&#8221;, le dijo Etchevehere a la senadora Gabriela Michetti, con LA NACION como testigo, luego de la conferencia de prensa. Un rato antes, seg\u00fan fuentes del macrismo, Buzzi hab\u00eda dicho en la reuni\u00f3n a puertas cerradas: &#8220;Massa respondi\u00f3 s\u00f3lo con soluciones a las retenciones, la UCR s\u00f3lo trajo compromisos de palabra, ustedes tienen un plan integral&#8221;.<\/p>\n<p>De todos modos, cuando le preguntaron por una eventual confluencia con el macrismo, Buzzi fue diplom\u00e1tico: dijo que &#8220;el proceso electoral est\u00e1 en pa\u00f1ales&#8221; y que ver\u00e1n &#8220;cu\u00e1l es la fuerza que mejor nos representa&#8221; en las elecciones del a\u00f1o pr\u00f3ximo.<\/p>\n<p>Fuente: La naci\u00f3n, 9 de abril.<br \/><\/p>","protected":false},"excerpt":{"rendered":"<p>Pro le present\u00f3 a la Mesa de Enlace su programa de medidas para la actividad; hubo conformidad de los ruralistas. Por Jaime Rosemberg . &#8220;La mayor\u00eda del campo est\u00e1 con el cambio , as\u00ed que ya sabemos de qu\u00e9 lado est\u00e1n ustedes&#8221;, brome\u00f3 Mauricio Macri , y arranc\u00f3 sonrisas en el auditorio. La ir\u00f3nica frase del jefe de gobierno porte\u00f1o cerr\u00f3 su encuentro con la Mesa de Enlace agropecuario , que de este modo complet\u00f3 una serie de reuniones con fuerzas pol\u00edticas opositoras que incluy\u00f3 al massismo, la UCR y UNEN. Reunidos por unos 45 minutos en el sal\u00f3n blanco de la Jefatura de Gobierno porte\u00f1o, y como intento de mostrar que su proyecto presidencial va en serio, Macri present\u00f3 a los ruralistas -a trav\u00e9s de los especialistas de la Fundaci\u00f3n Pensar- su plan de medidas para el agro, a instrumentar &#8220;desde el 10 de diciembre de 2015, cuando lleguemos al gobierno&#8221;, seg\u00fan expres\u00f3 el l\u00edder de Pro. La apertura de las exportaciones y eliminaci\u00f3n de los registros de operaciones de exportaciones (ROE) puestos en marcha por N\u00e9stor Kirchner; una pol\u00edtica de &#8220;recuperaci\u00f3n de mercados internacionales&#8221;, y una mayor transparencia en el mercado interno que incluye el &#8220;fin de las [&hellip;]<\/p>\n","protected":false},"author":2,"featured_media":2529,"comment_status":"closed","ping_status":"open","sticky":false,"template":"","format":"standard","meta":{"_acf_changed":false,"footnotes":""},"categories":[56],"tags":[],"class_list":["post-6042","post","type-post","status-publish","format-standard","has-post-thumbnail","hentry","category-infoganadero"],"acf":[],"yoast_head":"<!-- This site is optimized with the Yoast SEO plugin v27.4 - https:\/\/yoast.com\/product\/yoast-seo-wordpress\/ -->\n<title>Macri le prometi\u00f3 al campo eliminar las retenciones. | Proagro<\/title>\n<meta name=\"robots\" content=\"index, follow, max-snippet:-1, max-image-preview:large, max-video-preview:-1\" \/>\n<link rel=\"canonical\" href=\"https:\/\/proagrolab.com.ar\/en\/macri-le-prometio-al-campo-eliminar-las-retenciones\/\" \/>\n<meta property=\"og:locale\" content=\"en_US\" \/>\n<meta property=\"og:type\" content=\"article\" \/>\n<meta property=\"og:title\" content=\"Macri le prometi\u00f3 al campo eliminar las retenciones. | Proagro\" \/>\n<meta property=\"og:description\" content=\"Pro le present\u00f3 a la Mesa de Enlace su programa de medidas para la actividad; hubo conformidad de los ruralistas. Por Jaime Rosemberg . &#8220;La mayor\u00eda del campo est\u00e1 con el cambio , as\u00ed que ya sabemos de qu\u00e9 lado est\u00e1n ustedes&#8221;, brome\u00f3 Mauricio Macri , y arranc\u00f3 sonrisas en el auditorio. La ir\u00f3nica frase del jefe de gobierno porte\u00f1o cerr\u00f3 su encuentro con la Mesa de Enlace agropecuario , que de este modo complet\u00f3 una serie de reuniones con fuerzas pol\u00edticas opositoras que incluy\u00f3 al massismo, la UCR y UNEN. Reunidos por unos 45 minutos en el sal\u00f3n blanco de la Jefatura de Gobierno porte\u00f1o, y como intento de mostrar que su proyecto presidencial va en serio, Macri present\u00f3 a los ruralistas -a trav\u00e9s de los especialistas de la Fundaci\u00f3n Pensar- su plan de medidas para el agro, a instrumentar &#8220;desde el 10 de diciembre de 2015, cuando lleguemos al gobierno&#8221;, seg\u00fan expres\u00f3 el l\u00edder de Pro. La apertura de las exportaciones y eliminaci\u00f3n de los registros de operaciones de exportaciones (ROE) puestos en marcha por N\u00e9stor Kirchner; una pol\u00edtica de &#8220;recuperaci\u00f3n de mercados internacionales&#8221;, y una mayor transparencia en el mercado interno que incluye el &#8220;fin de las [&hellip;]\" \/>\n<meta property=\"og:url\" content=\"https:\/\/proagrolab.com.ar\/macri-le-prometio-al-campo-eliminar-las-retenciones\/\" \/>\n<meta property=\"og:site_name\" content=\"Proagro\" \/>\n<meta property=\"article:publisher\" content=\"http:\/\/www.facebook.com\/proagrolab\" \/>\n<meta property=\"article:published_time\" content=\"2014-04-09T00:00:01+00:00\" \/>\n<meta property=\"article:modified_time\" content=\"2020-07-02T12:32:42+00:00\" \/>\n<meta property=\"og:image\" content=\"https:\/\/proagrolab.com.ar\/wp-content\/uploads\/2015\/01\/g_spopggrge__Mesa-de-enlace-2-2013.jpg\" \/>\n\t<meta property=\"og:image:width\" content=\"450\" \/>\n\t<meta property=\"og:image:height\" content=\"208\" \/>\n\t<meta property=\"og:image:type\" content=\"image\/jpeg\" \/>\n<meta name=\"author\" content=\"proagrolab\" \/>\n<meta name=\"twitter:card\" content=\"summary_large_image\" \/>\n<meta name=\"twitter:label1\" content=\"Written by\" \/>\n\t<meta name=\"twitter:data1\" content=\"proagrolab\" \/>\n\t<meta name=\"twitter:label2\" content=\"Est. reading time\" \/>\n\t<meta name=\"twitter:data2\" content=\"3 minutes\" \/>\n<script type=\"application\/ld+json\" class=\"yoast-schema-graph\">{\"@context\":\"https:\\\/\\\/schema.org\",\"@graph\":[{\"@type\":\"Article\",\"@id\":\"https:\\\/\\\/proagrolab.com.ar\\\/macri-le-prometio-al-campo-eliminar-las-retenciones\\\/#article\",\"isPartOf\":{\"@id\":\"https:\\\/\\\/proagrolab.com.ar\\\/macri-le-prometio-al-campo-eliminar-las-retenciones\\\/\"},\"author\":{\"name\":\"proagrolab\",\"@id\":\"https:\\\/\\\/proagrolab.com.ar\\\/#\\\/schema\\\/person\\\/38003ff90bf80381f71c7d922d207444\"},\"headline\":\"Macri le prometi\u00f3 al campo eliminar las retenciones.\",\"datePublished\":\"2014-04-09T00:00:01+00:00\",\"dateModified\":\"2020-07-02T12:32:42+00:00\",\"mainEntityOfPage\":{\"@id\":\"https:\\\/\\\/proagrolab.com.ar\\\/macri-le-prometio-al-campo-eliminar-las-retenciones\\\/\"},\"wordCount\":641,\"publisher\":{\"@id\":\"https:\\\/\\\/proagrolab.com.ar\\\/#organization\"},\"image\":{\"@id\":\"https:\\\/\\\/proagrolab.com.ar\\\/macri-le-prometio-al-campo-eliminar-las-retenciones\\\/#primaryimage\"},\"thumbnailUrl\":\"https:\\\/\\\/proagrolab.com.ar\\\/wp-content\\\/uploads\\\/2015\\\/01\\\/g_spopggrge__Mesa-de-enlace-2-2013.jpg\",\"articleSection\":[\"News\"],\"inLanguage\":\"en-US\"},{\"@type\":\"WebPage\",\"@id\":\"https:\\\/\\\/proagrolab.com.ar\\\/macri-le-prometio-al-campo-eliminar-las-retenciones\\\/\",\"url\":\"https:\\\/\\\/proagrolab.com.ar\\\/macri-le-prometio-al-campo-eliminar-las-retenciones\\\/\",\"name\":\"Macri le prometi\u00f3 al campo eliminar las retenciones. | Proagro\",\"isPartOf\":{\"@id\":\"https:\\\/\\\/proagrolab.com.ar\\\/#website\"},\"primaryImageOfPage\":{\"@id\":\"https:\\\/\\\/proagrolab.com.ar\\\/macri-le-prometio-al-campo-eliminar-las-retenciones\\\/#primaryimage\"},\"image\":{\"@id\":\"https:\\\/\\\/proagrolab.com.ar\\\/macri-le-prometio-al-campo-eliminar-las-retenciones\\\/#primaryimage\"},\"thumbnailUrl\":\"https:\\\/\\\/proagrolab.com.ar\\\/wp-content\\\/uploads\\\/2015\\\/01\\\/g_spopggrge__Mesa-de-enlace-2-2013.jpg\",\"datePublished\":\"2014-04-09T00:00:01+00:00\",\"dateModified\":\"2020-07-02T12:32:42+00:00\",\"breadcrumb\":{\"@id\":\"https:\\\/\\\/proagrolab.com.ar\\\/macri-le-prometio-al-campo-eliminar-las-retenciones\\\/#breadcrumb\"},\"inLanguage\":\"en-US\",\"potentialAction\":[{\"@type\":\"ReadAction\",\"target\":[\"https:\\\/\\\/proagrolab.com.ar\\\/macri-le-prometio-al-campo-eliminar-las-retenciones\\\/\"]}]},{\"@type\":\"ImageObject\",\"inLanguage\":\"en-US\",\"@id\":\"https:\\\/\\\/proagrolab.com.ar\\\/macri-le-prometio-al-campo-eliminar-las-retenciones\\\/#primaryimage\",\"url\":\"https:\\\/\\\/proagrolab.com.ar\\\/wp-content\\\/uploads\\\/2015\\\/01\\\/g_spopggrge__Mesa-de-enlace-2-2013.jpg\",\"contentUrl\":\"https:\\\/\\\/proagrolab.com.ar\\\/wp-content\\\/uploads\\\/2015\\\/01\\\/g_spopggrge__Mesa-de-enlace-2-2013.jpg\",\"width\":450,\"height\":208},{\"@type\":\"BreadcrumbList\",\"@id\":\"https:\\\/\\\/proagrolab.com.ar\\\/macri-le-prometio-al-campo-eliminar-las-retenciones\\\/#breadcrumb\",\"itemListElement\":[{\"@type\":\"ListItem\",\"position\":1,\"name\":\"Portada\",\"item\":\"https:\\\/\\\/proagrolab.com.ar\\\/\"},{\"@type\":\"ListItem\",\"position\":2,\"name\":\"Macri le prometi\u00f3 al campo eliminar las retenciones.\"}]},{\"@type\":\"WebSite\",\"@id\":\"https:\\\/\\\/proagrolab.com.ar\\\/#website\",\"url\":\"https:\\\/\\\/proagrolab.com.ar\\\/\",\"name\":\"Proagro Laboratorio Veterinario\",\"description\":\"Veterinary laboratory\",\"publisher\":{\"@id\":\"https:\\\/\\\/proagrolab.com.ar\\\/#organization\"},\"potentialAction\":[{\"@type\":\"SearchAction\",\"target\":{\"@type\":\"EntryPoint\",\"urlTemplate\":\"https:\\\/\\\/proagrolab.com.ar\\\/?s={search_term_string}\"},\"query-input\":{\"@type\":\"PropertyValueSpecification\",\"valueRequired\":true,\"valueName\":\"search_term_string\"}}],\"inLanguage\":\"en-US\"},{\"@type\":\"Organization\",\"@id\":\"https:\\\/\\\/proagrolab.com.ar\\\/#organization\",\"name\":\"Proagro\",\"url\":\"https:\\\/\\\/proagrolab.com.ar\\\/\",\"logo\":{\"@type\":\"ImageObject\",\"inLanguage\":\"en-US\",\"@id\":\"https:\\\/\\\/proagrolab.com.ar\\\/#\\\/schema\\\/logo\\\/image\\\/\",\"url\":\"https:\\\/\\\/proagrolab.com.ar\\\/wp-content\\\/uploads\\\/2020\\\/04\\\/logo-retina.png\",\"contentUrl\":\"https:\\\/\\\/proagrolab.com.ar\\\/wp-content\\\/uploads\\\/2020\\\/04\\\/logo-retina.png\",\"width\":478,\"height\":120,\"caption\":\"Proagro\"},\"image\":{\"@id\":\"https:\\\/\\\/proagrolab.com.ar\\\/#\\\/schema\\\/logo\\\/image\\\/\"},\"sameAs\":[\"http:\\\/\\\/www.facebook.com\\\/proagrolab\",\"https:\\\/\\\/www.instagram.com\\\/proagrolab\\\/\",\"https:\\\/\\\/www.linkedin.com\\\/company\\\/laboratorio-proagro-s-a\\\/\"]},{\"@type\":\"Person\",\"@id\":\"https:\\\/\\\/proagrolab.com.ar\\\/#\\\/schema\\\/person\\\/38003ff90bf80381f71c7d922d207444\",\"name\":\"proagrolab\"}]}<\/script>\n<!-- \/ Yoast SEO plugin. -->","yoast_head_json":{"title":"Macri le prometi\u00f3 al campo eliminar las retenciones. | Proagro","robots":{"index":"index","follow":"follow","max-snippet":"max-snippet:-1","max-image-preview":"max-image-preview:large","max-video-preview":"max-video-preview:-1"},"canonical":"https:\/\/proagrolab.com.ar\/en\/macri-le-prometio-al-campo-eliminar-las-retenciones\/","og_locale":"en_US","og_type":"article","og_title":"Macri le prometi\u00f3 al campo eliminar las retenciones. | Proagro","og_description":"Pro le present\u00f3 a la Mesa de Enlace su programa de medidas para la actividad; hubo conformidad de los ruralistas. Por Jaime Rosemberg . &#8220;La mayor\u00eda del campo est\u00e1 con el cambio , as\u00ed que ya sabemos de qu\u00e9 lado est\u00e1n ustedes&#8221;, brome\u00f3 Mauricio Macri , y arranc\u00f3 sonrisas en el auditorio. La ir\u00f3nica frase del jefe de gobierno porte\u00f1o cerr\u00f3 su encuentro con la Mesa de Enlace agropecuario , que de este modo complet\u00f3 una serie de reuniones con fuerzas pol\u00edticas opositoras que incluy\u00f3 al massismo, la UCR y UNEN. Reunidos por unos 45 minutos en el sal\u00f3n blanco de la Jefatura de Gobierno porte\u00f1o, y como intento de mostrar que su proyecto presidencial va en serio, Macri present\u00f3 a los ruralistas -a trav\u00e9s de los especialistas de la Fundaci\u00f3n Pensar- su plan de medidas para el agro, a instrumentar &#8220;desde el 10 de diciembre de 2015, cuando lleguemos al gobierno&#8221;, seg\u00fan expres\u00f3 el l\u00edder de Pro. La apertura de las exportaciones y eliminaci\u00f3n de los registros de operaciones de exportaciones (ROE) puestos en marcha por N\u00e9stor Kirchner; una pol\u00edtica de &#8220;recuperaci\u00f3n de mercados internacionales&#8221;, y una mayor transparencia en el mercado interno que incluye el &#8220;fin de las [&hellip;]","og_url":"https:\/\/proagrolab.com.ar\/macri-le-prometio-al-campo-eliminar-las-retenciones\/","og_site_name":"Proagro","article_publisher":"http:\/\/www.facebook.com\/proagrolab","article_published_time":"2014-04-09T00:00:01+00:00","article_modified_time":"2020-07-02T12:32:42+00:00","og_image":[{"width":450,"height":208,"url":"https:\/\/proagrolab.com.ar\/wp-content\/uploads\/2015\/01\/g_spopggrge__Mesa-de-enlace-2-2013.jpg","type":"image\/jpeg"}],"author":"proagrolab","twitter_card":"summary_large_image","twitter_misc":{"Written by":"proagrolab","Est. reading time":"3 minutes"},"schema":{"@context":"https:\/\/schema.org","@graph":[{"@type":"Article","@id":"https:\/\/proagrolab.com.ar\/macri-le-prometio-al-campo-eliminar-las-retenciones\/#article","isPartOf":{"@id":"https:\/\/proagrolab.com.ar\/macri-le-prometio-al-campo-eliminar-las-retenciones\/"},"author":{"name":"proagrolab","@id":"https:\/\/proagrolab.com.ar\/#\/schema\/person\/38003ff90bf80381f71c7d922d207444"},"headline":"Macri le prometi\u00f3 al campo eliminar las retenciones.","datePublished":"2014-04-09T00:00:01+00:00","dateModified":"2020-07-02T12:32:42+00:00","mainEntityOfPage":{"@id":"https:\/\/proagrolab.com.ar\/macri-le-prometio-al-campo-eliminar-las-retenciones\/"},"wordCount":641,"publisher":{"@id":"https:\/\/proagrolab.com.ar\/#organization"},"image":{"@id":"https:\/\/proagrolab.com.ar\/macri-le-prometio-al-campo-eliminar-las-retenciones\/#primaryimage"},"thumbnailUrl":"https:\/\/proagrolab.com.ar\/wp-content\/uploads\/2015\/01\/g_spopggrge__Mesa-de-enlace-2-2013.jpg","articleSection":["News"],"inLanguage":"en-US"},{"@type":"WebPage","@id":"https:\/\/proagrolab.com.ar\/macri-le-prometio-al-campo-eliminar-las-retenciones\/","url":"https:\/\/proagrolab.com.ar\/macri-le-prometio-al-campo-eliminar-las-retenciones\/","name":"Macri le prometi\u00f3 al campo eliminar las retenciones. | Proagro","isPartOf":{"@id":"https:\/\/proagrolab.com.ar\/#website"},"primaryImageOfPage":{"@id":"https:\/\/proagrolab.com.ar\/macri-le-prometio-al-campo-eliminar-las-retenciones\/#primaryimage"},"image":{"@id":"https:\/\/proagrolab.com.ar\/macri-le-prometio-al-campo-eliminar-las-retenciones\/#primaryimage"},"thumbnailUrl":"https:\/\/proagrolab.com.ar\/wp-content\/uploads\/2015\/01\/g_spopggrge__Mesa-de-enlace-2-2013.jpg","datePublished":"2014-04-09T00:00:01+00:00","dateModified":"2020-07-02T12:32:42+00:00","breadcrumb":{"@id":"https:\/\/proagrolab.com.ar\/macri-le-prometio-al-campo-eliminar-las-retenciones\/#breadcrumb"},"inLanguage":"en-US","potentialAction":[{"@type":"ReadAction","target":["https:\/\/proagrolab.com.ar\/macri-le-prometio-al-campo-eliminar-las-retenciones\/"]}]},{"@type":"ImageObject","inLanguage":"en-US","@id":"https:\/\/proagrolab.com.ar\/macri-le-prometio-al-campo-eliminar-las-retenciones\/#primaryimage","url":"https:\/\/proagrolab.com.ar\/wp-content\/uploads\/2015\/01\/g_spopggrge__Mesa-de-enlace-2-2013.jpg","contentUrl":"https:\/\/proagrolab.com.ar\/wp-content\/uploads\/2015\/01\/g_spopggrge__Mesa-de-enlace-2-2013.jpg","width":450,"height":208},{"@type":"BreadcrumbList","@id":"https:\/\/proagrolab.com.ar\/macri-le-prometio-al-campo-eliminar-las-retenciones\/#breadcrumb","itemListElement":[{"@type":"ListItem","position":1,"name":"Portada","item":"https:\/\/proagrolab.com.ar\/"},{"@type":"ListItem","position":2,"name":"Macri le prometi\u00f3 al campo eliminar las retenciones."}]},{"@type":"WebSite","@id":"https:\/\/proagrolab.com.ar\/#website","url":"https:\/\/proagrolab.com.ar\/","name":"Proagro Laboratorio Veterinario","description":"Veterinary laboratory","publisher":{"@id":"https:\/\/proagrolab.com.ar\/#organization"},"potentialAction":[{"@type":"SearchAction","target":{"@type":"EntryPoint","urlTemplate":"https:\/\/proagrolab.com.ar\/?s={search_term_string}"},"query-input":{"@type":"PropertyValueSpecification","valueRequired":true,"valueName":"search_term_string"}}],"inLanguage":"en-US"},{"@type":"Organization","@id":"https:\/\/proagrolab.com.ar\/#organization","name":"Proagro","url":"https:\/\/proagrolab.com.ar\/","logo":{"@type":"ImageObject","inLanguage":"en-US","@id":"https:\/\/proagrolab.com.ar\/#\/schema\/logo\/image\/","url":"https:\/\/proagrolab.com.ar\/wp-content\/uploads\/2020\/04\/logo-retina.png","contentUrl":"https:\/\/proagrolab.com.ar\/wp-content\/uploads\/2020\/04\/logo-retina.png","width":478,"height":120,"caption":"Proagro"},"image":{"@id":"https:\/\/proagrolab.com.ar\/#\/schema\/logo\/image\/"},"sameAs":["http:\/\/www.facebook.com\/proagrolab","https:\/\/www.instagram.com\/proagrolab\/","https:\/\/www.linkedin.com\/company\/laboratorio-proagro-s-a\/"]},{"@type":"Person","@id":"https:\/\/proagrolab.com.ar\/#\/schema\/person\/38003ff90bf80381f71c7d922d207444","name":"proagrolab"}]}},"_links":{"self":[{"href":"https:\/\/proagrolab.com.ar\/en\/wp-json\/wp\/v2\/posts\/6042","targetHints":{"allow":["GET"]}}],"collection":[{"href":"https:\/\/proagrolab.com.ar\/en\/wp-json\/wp\/v2\/posts"}],"about":[{"href":"https:\/\/proagrolab.com.ar\/en\/wp-json\/wp\/v2\/types\/post"}],"author":[{"embeddable":true,"href":"https:\/\/proagrolab.com.ar\/en\/wp-json\/wp\/v2\/users\/2"}],"replies":[{"embeddable":true,"href":"https:\/\/proagrolab.com.ar\/en\/wp-json\/wp\/v2\/comments?post=6042"}],"version-history":[{"count":1,"href":"https:\/\/proagrolab.com.ar\/en\/wp-json\/wp\/v2\/posts\/6042\/revisions"}],"predecessor-version":[{"id":14595,"href":"https:\/\/proagrolab.com.ar\/en\/wp-json\/wp\/v2\/posts\/6042\/revisions\/14595"}],"wp:featuredmedia":[{"embeddable":true,"href":"https:\/\/proagrolab.com.ar\/en\/wp-json\/wp\/v2\/media\/2529"}],"wp:attachment":[{"href":"https:\/\/proagrolab.com.ar\/en\/wp-json\/wp\/v2\/media?parent=6042"}],"wp:term":[{"taxonomy":"category","embeddable":true,"href":"https:\/\/proagrolab.com.ar\/en\/wp-json\/wp\/v2\/categories?post=6042"},{"taxonomy":"post_tag","embeddable":true,"href":"https:\/\/proagrolab.com.ar\/en\/wp-json\/wp\/v2\/tags?post=6042"}],"curies":[{"name":"wp","href":"https:\/\/api.w.org\/{rel}","templated":true}]}}