{"id":6039,"date":"2014-04-07T00:00:01","date_gmt":"2014-04-07T00:00:01","guid":{"rendered":"https:\/\/proagrolab.com.ar\/un-giro-que-todavia-no-llego-a-la-actividad-agropecuaria\/"},"modified":"2020-07-02T12:31:49","modified_gmt":"2020-07-02T12:31:49","slug":"un-giro-que-todavia-no-llego-a-la-actividad-agropecuaria","status":"publish","type":"post","link":"https:\/\/proagrolab.com.ar\/en\/un-giro-que-todavia-no-llego-a-la-actividad-agropecuaria\/","title":{"rendered":"Un giro que todav\u00eda no lleg\u00f3 a la actividad agropecuaria."},"content":{"rendered":"<p class=\"qtranxs-available-languages-message qtranxs-available-languages-message-en\"> <\/p><p>Por Cristian Mira.<\/p>\n<p>M\u00e1s por necesidad que por convencimiento el Gobierno est\u00e1 adoptando decisiones econ\u00f3micas de las que abjuraba tiempo atr\u00e1s. El recorte de subsidios, el reconocimiento del \u00edndice de inflaci\u00f3n, el valor del d\u00f3lar y el intento de buscar financiamiento externo van en esa direcci\u00f3n. Esto, que puede decirse para el \u00e1mbito de la macroeconom\u00eda, hasta ahora a\u00fan no puede aplicarse para el agro.<\/p>\n<p>El criterio de que un aumento de las exportaciones de trigo, ma\u00edz y carne puede perjudicar los precios que pagan los consumidores argentinos sigue vigente. Hay algunos datos recientes que permiten cuestionar esa idea. El programa de &#8220;cortes cuidados&#8221; que la industria puso en marcha con la Secretar\u00eda de Comercio, con valores reducidos para el vac\u00edo, el asado, el matambre y la entra\u00f1a, est\u00e1 teniendo un impacto positivo, seg\u00fan creen los exportadores. &#8220;La semana pasada se vendieron 4500 kilos de carne en la apertura del Mercado Central de La Plata&#8221;, se entusiasm\u00f3 un exportador. Esto indicar\u00eda que cortes de mayor demanda en el mercado externo, como el lomo o el bife ancho, podr\u00edan destinarse en una proporci\u00f3n m\u00e1s alta que la actual a la exportaci\u00f3n.<\/p>\n<p>Hasta ahora, hay un compromiso de autorizar un volumen de 15.000 toneladas anuales que equiparar\u00edan el nivel de ventas externas del a\u00f1o pasado. El objetivo parece bastante modesto teniendo en cuenta que la demanda internacional sigue estando activa y que, tras la devaluaci\u00f3n de enero pasado, la competitividad de la industria frigor\u00edfica tuvo una mejora. Una mayor apertura de las exportaciones no perjudicar\u00eda a los consumidores internos y emitir\u00eda una se\u00f1al favorable para el resto de la cadena. En el Ministerio de Agricultura est\u00e1n convencidos de que es posible alcanzar un volumen de exportaciones equivalente al 20% de la producci\u00f3n, similar al que se lleg\u00f3 en 2005, sin alterar la demanda interna.<\/p>\n<p>La cartera agr\u00edcola est\u00e1 trabajando con la secretar\u00eda de Comercio en medidas para impulsar una mayor siembra de trigo para la campa\u00f1a 2014\/15. Actuar\u00edan sobre la moliner\u00eda de forma tal de asegurar el abastecimiento y, al mismo tiempo, controlar con m\u00e1s eficiencia a la actividad.<\/p>\n<p>&#8220;Queremos que se siembre m\u00e1s trigo que en la campa\u00f1a pasada&#8221;, admiti\u00f3 una fuente de Paseo Col\u00f3n, que descart\u00f3 que en lo inmediato se autoricen m\u00e1s exportaciones del cereal. Podr\u00eda haber un porcentaje mayor si confirman que se superaron los 9,2 millones de toneladas cosechados en la \u00faltima campa\u00f1a.<\/p>\n<p>Desde otras filas del oficialismo hay quienes sue\u00f1an que el Estado puede hacer todo. Se reflej\u00f3 esto en un seminario organizado por la agrupaci\u00f3n de intelectuales kirchneristas Carta Abierta sobre el papel del estado en el comercio exterior. All\u00ed se defendi\u00f3 la creaci\u00f3n de una Junta Nacional de Granos o de una agencia estatal que interviniera en el comercio de granos con el supuesto loable prop\u00f3sito de defender el precio que reciben los productores y quitarle porci\u00f3n de mercado a las compa\u00f1\u00edas multinacionales. Este gobierno, que desde hace una d\u00e9cada maneja el Estado, ya dio pruebas de c\u00f3mo administra el comercio de granos. Con el manejo de las mesas de trigo y de ma\u00edz y la administraci\u00f3n de los ROE les mejor\u00f3 notablemente los m\u00e1rgenes de ganancia del comercio de ambos cereales a las compa\u00f1\u00edas que supuestamente dice combatir. No es cuesti\u00f3n de demonizar a estas firmas porque, como todos, hacen negocios en el contexto en el que se desenvuelven. Habr\u00eda que preguntarse cu\u00e1nto dinero p\u00fablico se ir\u00eda en la intervenci\u00f3n en el mercado de granos cuando, como se sabe, el Estado tiene responder a otras urgencias, como la salud, la educaci\u00f3n y la seguridad.<\/p>\n<p>Un exportador de ingreso frecuente en los despachos oficiales cre\u00eda que estas iniciativas ten\u00edan pocas probabilidades de prosperar tras el acuerdo que alcanzaron con el presidente del Banco Central, Juan Carlos F\u00e1brega, para adelantar la liquidaci\u00f3n de divisas. De todas maneras, el relato puede deparar sorpresas.<\/p>\n<p><i>5,43% posici\u00f3n mayo<\/i><br \/>Ese porcentaje aument\u00f3 la oleaginosa en Chicago en la segunda quincena de marzo.<\/p>\n<p><i>La frase<\/i><br \/>Jes\u00fas Vanzetti<br \/>&#8220;Con las regulaciones se pone en riesgo el futuro de la lecher\u00eda&#8221;.<\/p>\n<p>Fuente: La Naci\u00f3n, suple campo, 5 de abril.<br \/><\/p>","protected":false},"excerpt":{"rendered":"<p>Por Cristian Mira. M\u00e1s por necesidad que por convencimiento el Gobierno est\u00e1 adoptando decisiones econ\u00f3micas de las que abjuraba tiempo atr\u00e1s. El recorte de subsidios, el reconocimiento del \u00edndice de inflaci\u00f3n, el valor del d\u00f3lar y el intento de buscar financiamiento externo van en esa direcci\u00f3n. Esto, que puede decirse para el \u00e1mbito de la macroeconom\u00eda, hasta ahora a\u00fan no puede aplicarse para el agro. El criterio de que un aumento de las exportaciones de trigo, ma\u00edz y carne puede perjudicar los precios que pagan los consumidores argentinos sigue vigente. Hay algunos datos recientes que permiten cuestionar esa idea. El programa de &#8220;cortes cuidados&#8221; que la industria puso en marcha con la Secretar\u00eda de Comercio, con valores reducidos para el vac\u00edo, el asado, el matambre y la entra\u00f1a, est\u00e1 teniendo un impacto positivo, seg\u00fan creen los exportadores. &#8220;La semana pasada se vendieron 4500 kilos de carne en la apertura del Mercado Central de La Plata&#8221;, se entusiasm\u00f3 un exportador. Esto indicar\u00eda que cortes de mayor demanda en el mercado externo, como el lomo o el bife ancho, podr\u00edan destinarse en una proporci\u00f3n m\u00e1s alta que la actual a la exportaci\u00f3n. Hasta ahora, hay un compromiso de autorizar un volumen de [&hellip;]<\/p>\n","protected":false},"author":2,"featured_media":2526,"comment_status":"closed","ping_status":"open","sticky":false,"template":"","format":"standard","meta":{"_acf_changed":false,"footnotes":""},"categories":[56],"tags":[],"class_list":["post-6039","post","type-post","status-publish","format-standard","has-post-thumbnail","hentry","category-infoganadero"],"acf":[],"yoast_head":"<!-- This site is optimized with the Yoast SEO plugin v27.4 - https:\/\/yoast.com\/product\/yoast-seo-wordpress\/ -->\n<title>Un giro que todav\u00eda no lleg\u00f3 a la actividad agropecuaria. | Proagro<\/title>\n<meta name=\"robots\" content=\"index, follow, max-snippet:-1, max-image-preview:large, max-video-preview:-1\" \/>\n<link rel=\"canonical\" href=\"https:\/\/proagrolab.com.ar\/en\/un-giro-que-todavia-no-llego-a-la-actividad-agropecuaria\/\" \/>\n<meta property=\"og:locale\" content=\"en_US\" \/>\n<meta property=\"og:type\" content=\"article\" \/>\n<meta property=\"og:title\" content=\"Un giro que todav\u00eda no lleg\u00f3 a la actividad agropecuaria. | Proagro\" \/>\n<meta property=\"og:description\" content=\"Por Cristian Mira. M\u00e1s por necesidad que por convencimiento el Gobierno est\u00e1 adoptando decisiones econ\u00f3micas de las que abjuraba tiempo atr\u00e1s. El recorte de subsidios, el reconocimiento del \u00edndice de inflaci\u00f3n, el valor del d\u00f3lar y el intento de buscar financiamiento externo van en esa direcci\u00f3n. Esto, que puede decirse para el \u00e1mbito de la macroeconom\u00eda, hasta ahora a\u00fan no puede aplicarse para el agro. El criterio de que un aumento de las exportaciones de trigo, ma\u00edz y carne puede perjudicar los precios que pagan los consumidores argentinos sigue vigente. Hay algunos datos recientes que permiten cuestionar esa idea. El programa de &#8220;cortes cuidados&#8221; que la industria puso en marcha con la Secretar\u00eda de Comercio, con valores reducidos para el vac\u00edo, el asado, el matambre y la entra\u00f1a, est\u00e1 teniendo un impacto positivo, seg\u00fan creen los exportadores. &#8220;La semana pasada se vendieron 4500 kilos de carne en la apertura del Mercado Central de La Plata&#8221;, se entusiasm\u00f3 un exportador. Esto indicar\u00eda que cortes de mayor demanda en el mercado externo, como el lomo o el bife ancho, podr\u00edan destinarse en una proporci\u00f3n m\u00e1s alta que la actual a la exportaci\u00f3n. Hasta ahora, hay un compromiso de autorizar un volumen de [&hellip;]\" \/>\n<meta property=\"og:url\" content=\"https:\/\/proagrolab.com.ar\/un-giro-que-todavia-no-llego-a-la-actividad-agropecuaria\/\" \/>\n<meta property=\"og:site_name\" content=\"Proagro\" \/>\n<meta property=\"article:publisher\" content=\"http:\/\/www.facebook.com\/proagrolab\" \/>\n<meta property=\"article:published_time\" content=\"2014-04-07T00:00:01+00:00\" \/>\n<meta property=\"article:modified_time\" content=\"2020-07-02T12:31:49+00:00\" \/>\n<meta property=\"og:image\" content=\"https:\/\/proagrolab.com.ar\/wp-content\/uploads\/2015\/01\/g_qlmhgwp8t__Vacas-2.jpg\" \/>\n\t<meta property=\"og:image:width\" content=\"450\" \/>\n\t<meta property=\"og:image:height\" content=\"208\" \/>\n\t<meta property=\"og:image:type\" content=\"image\/jpeg\" \/>\n<meta name=\"author\" content=\"proagrolab\" \/>\n<meta name=\"twitter:card\" content=\"summary_large_image\" \/>\n<meta name=\"twitter:label1\" content=\"Written by\" \/>\n\t<meta name=\"twitter:data1\" content=\"proagrolab\" \/>\n\t<meta name=\"twitter:label2\" content=\"Est. reading time\" \/>\n\t<meta name=\"twitter:data2\" content=\"4 minutes\" \/>\n<script type=\"application\/ld+json\" class=\"yoast-schema-graph\">{\"@context\":\"https:\\\/\\\/schema.org\",\"@graph\":[{\"@type\":\"Article\",\"@id\":\"https:\\\/\\\/proagrolab.com.ar\\\/un-giro-que-todavia-no-llego-a-la-actividad-agropecuaria\\\/#article\",\"isPartOf\":{\"@id\":\"https:\\\/\\\/proagrolab.com.ar\\\/un-giro-que-todavia-no-llego-a-la-actividad-agropecuaria\\\/\"},\"author\":{\"name\":\"proagrolab\",\"@id\":\"https:\\\/\\\/proagrolab.com.ar\\\/#\\\/schema\\\/person\\\/38003ff90bf80381f71c7d922d207444\"},\"headline\":\"Un giro que todav\u00eda no lleg\u00f3 a la actividad agropecuaria.\",\"datePublished\":\"2014-04-07T00:00:01+00:00\",\"dateModified\":\"2020-07-02T12:31:49+00:00\",\"mainEntityOfPage\":{\"@id\":\"https:\\\/\\\/proagrolab.com.ar\\\/un-giro-que-todavia-no-llego-a-la-actividad-agropecuaria\\\/\"},\"wordCount\":746,\"publisher\":{\"@id\":\"https:\\\/\\\/proagrolab.com.ar\\\/#organization\"},\"image\":{\"@id\":\"https:\\\/\\\/proagrolab.com.ar\\\/un-giro-que-todavia-no-llego-a-la-actividad-agropecuaria\\\/#primaryimage\"},\"thumbnailUrl\":\"https:\\\/\\\/proagrolab.com.ar\\\/wp-content\\\/uploads\\\/2015\\\/01\\\/g_qlmhgwp8t__Vacas-2.jpg\",\"articleSection\":[\"News\"],\"inLanguage\":\"en-US\"},{\"@type\":\"WebPage\",\"@id\":\"https:\\\/\\\/proagrolab.com.ar\\\/un-giro-que-todavia-no-llego-a-la-actividad-agropecuaria\\\/\",\"url\":\"https:\\\/\\\/proagrolab.com.ar\\\/un-giro-que-todavia-no-llego-a-la-actividad-agropecuaria\\\/\",\"name\":\"Un giro que todav\u00eda no lleg\u00f3 a la actividad agropecuaria. | Proagro\",\"isPartOf\":{\"@id\":\"https:\\\/\\\/proagrolab.com.ar\\\/#website\"},\"primaryImageOfPage\":{\"@id\":\"https:\\\/\\\/proagrolab.com.ar\\\/un-giro-que-todavia-no-llego-a-la-actividad-agropecuaria\\\/#primaryimage\"},\"image\":{\"@id\":\"https:\\\/\\\/proagrolab.com.ar\\\/un-giro-que-todavia-no-llego-a-la-actividad-agropecuaria\\\/#primaryimage\"},\"thumbnailUrl\":\"https:\\\/\\\/proagrolab.com.ar\\\/wp-content\\\/uploads\\\/2015\\\/01\\\/g_qlmhgwp8t__Vacas-2.jpg\",\"datePublished\":\"2014-04-07T00:00:01+00:00\",\"dateModified\":\"2020-07-02T12:31:49+00:00\",\"breadcrumb\":{\"@id\":\"https:\\\/\\\/proagrolab.com.ar\\\/un-giro-que-todavia-no-llego-a-la-actividad-agropecuaria\\\/#breadcrumb\"},\"inLanguage\":\"en-US\",\"potentialAction\":[{\"@type\":\"ReadAction\",\"target\":[\"https:\\\/\\\/proagrolab.com.ar\\\/un-giro-que-todavia-no-llego-a-la-actividad-agropecuaria\\\/\"]}]},{\"@type\":\"ImageObject\",\"inLanguage\":\"en-US\",\"@id\":\"https:\\\/\\\/proagrolab.com.ar\\\/un-giro-que-todavia-no-llego-a-la-actividad-agropecuaria\\\/#primaryimage\",\"url\":\"https:\\\/\\\/proagrolab.com.ar\\\/wp-content\\\/uploads\\\/2015\\\/01\\\/g_qlmhgwp8t__Vacas-2.jpg\",\"contentUrl\":\"https:\\\/\\\/proagrolab.com.ar\\\/wp-content\\\/uploads\\\/2015\\\/01\\\/g_qlmhgwp8t__Vacas-2.jpg\",\"width\":450,\"height\":208},{\"@type\":\"BreadcrumbList\",\"@id\":\"https:\\\/\\\/proagrolab.com.ar\\\/un-giro-que-todavia-no-llego-a-la-actividad-agropecuaria\\\/#breadcrumb\",\"itemListElement\":[{\"@type\":\"ListItem\",\"position\":1,\"name\":\"Portada\",\"item\":\"https:\\\/\\\/proagrolab.com.ar\\\/\"},{\"@type\":\"ListItem\",\"position\":2,\"name\":\"Un giro que todav\u00eda no lleg\u00f3 a la actividad agropecuaria.\"}]},{\"@type\":\"WebSite\",\"@id\":\"https:\\\/\\\/proagrolab.com.ar\\\/#website\",\"url\":\"https:\\\/\\\/proagrolab.com.ar\\\/\",\"name\":\"Proagro Laboratorio Veterinario\",\"description\":\"Veterinary laboratory\",\"publisher\":{\"@id\":\"https:\\\/\\\/proagrolab.com.ar\\\/#organization\"},\"potentialAction\":[{\"@type\":\"SearchAction\",\"target\":{\"@type\":\"EntryPoint\",\"urlTemplate\":\"https:\\\/\\\/proagrolab.com.ar\\\/?s={search_term_string}\"},\"query-input\":{\"@type\":\"PropertyValueSpecification\",\"valueRequired\":true,\"valueName\":\"search_term_string\"}}],\"inLanguage\":\"en-US\"},{\"@type\":\"Organization\",\"@id\":\"https:\\\/\\\/proagrolab.com.ar\\\/#organization\",\"name\":\"Proagro\",\"url\":\"https:\\\/\\\/proagrolab.com.ar\\\/\",\"logo\":{\"@type\":\"ImageObject\",\"inLanguage\":\"en-US\",\"@id\":\"https:\\\/\\\/proagrolab.com.ar\\\/#\\\/schema\\\/logo\\\/image\\\/\",\"url\":\"https:\\\/\\\/proagrolab.com.ar\\\/wp-content\\\/uploads\\\/2020\\\/04\\\/logo-retina.png\",\"contentUrl\":\"https:\\\/\\\/proagrolab.com.ar\\\/wp-content\\\/uploads\\\/2020\\\/04\\\/logo-retina.png\",\"width\":478,\"height\":120,\"caption\":\"Proagro\"},\"image\":{\"@id\":\"https:\\\/\\\/proagrolab.com.ar\\\/#\\\/schema\\\/logo\\\/image\\\/\"},\"sameAs\":[\"http:\\\/\\\/www.facebook.com\\\/proagrolab\",\"https:\\\/\\\/www.instagram.com\\\/proagrolab\\\/\",\"https:\\\/\\\/www.linkedin.com\\\/company\\\/laboratorio-proagro-s-a\\\/\"]},{\"@type\":\"Person\",\"@id\":\"https:\\\/\\\/proagrolab.com.ar\\\/#\\\/schema\\\/person\\\/38003ff90bf80381f71c7d922d207444\",\"name\":\"proagrolab\"}]}<\/script>\n<!-- \/ Yoast SEO plugin. -->","yoast_head_json":{"title":"Un giro que todav\u00eda no lleg\u00f3 a la actividad agropecuaria. | Proagro","robots":{"index":"index","follow":"follow","max-snippet":"max-snippet:-1","max-image-preview":"max-image-preview:large","max-video-preview":"max-video-preview:-1"},"canonical":"https:\/\/proagrolab.com.ar\/en\/un-giro-que-todavia-no-llego-a-la-actividad-agropecuaria\/","og_locale":"en_US","og_type":"article","og_title":"Un giro que todav\u00eda no lleg\u00f3 a la actividad agropecuaria. | Proagro","og_description":"Por Cristian Mira. M\u00e1s por necesidad que por convencimiento el Gobierno est\u00e1 adoptando decisiones econ\u00f3micas de las que abjuraba tiempo atr\u00e1s. El recorte de subsidios, el reconocimiento del \u00edndice de inflaci\u00f3n, el valor del d\u00f3lar y el intento de buscar financiamiento externo van en esa direcci\u00f3n. Esto, que puede decirse para el \u00e1mbito de la macroeconom\u00eda, hasta ahora a\u00fan no puede aplicarse para el agro. El criterio de que un aumento de las exportaciones de trigo, ma\u00edz y carne puede perjudicar los precios que pagan los consumidores argentinos sigue vigente. Hay algunos datos recientes que permiten cuestionar esa idea. El programa de &#8220;cortes cuidados&#8221; que la industria puso en marcha con la Secretar\u00eda de Comercio, con valores reducidos para el vac\u00edo, el asado, el matambre y la entra\u00f1a, est\u00e1 teniendo un impacto positivo, seg\u00fan creen los exportadores. &#8220;La semana pasada se vendieron 4500 kilos de carne en la apertura del Mercado Central de La Plata&#8221;, se entusiasm\u00f3 un exportador. Esto indicar\u00eda que cortes de mayor demanda en el mercado externo, como el lomo o el bife ancho, podr\u00edan destinarse en una proporci\u00f3n m\u00e1s alta que la actual a la exportaci\u00f3n. Hasta ahora, hay un compromiso de autorizar un volumen de [&hellip;]","og_url":"https:\/\/proagrolab.com.ar\/un-giro-que-todavia-no-llego-a-la-actividad-agropecuaria\/","og_site_name":"Proagro","article_publisher":"http:\/\/www.facebook.com\/proagrolab","article_published_time":"2014-04-07T00:00:01+00:00","article_modified_time":"2020-07-02T12:31:49+00:00","og_image":[{"width":450,"height":208,"url":"https:\/\/proagrolab.com.ar\/wp-content\/uploads\/2015\/01\/g_qlmhgwp8t__Vacas-2.jpg","type":"image\/jpeg"}],"author":"proagrolab","twitter_card":"summary_large_image","twitter_misc":{"Written by":"proagrolab","Est. reading time":"4 minutes"},"schema":{"@context":"https:\/\/schema.org","@graph":[{"@type":"Article","@id":"https:\/\/proagrolab.com.ar\/un-giro-que-todavia-no-llego-a-la-actividad-agropecuaria\/#article","isPartOf":{"@id":"https:\/\/proagrolab.com.ar\/un-giro-que-todavia-no-llego-a-la-actividad-agropecuaria\/"},"author":{"name":"proagrolab","@id":"https:\/\/proagrolab.com.ar\/#\/schema\/person\/38003ff90bf80381f71c7d922d207444"},"headline":"Un giro que todav\u00eda no lleg\u00f3 a la actividad agropecuaria.","datePublished":"2014-04-07T00:00:01+00:00","dateModified":"2020-07-02T12:31:49+00:00","mainEntityOfPage":{"@id":"https:\/\/proagrolab.com.ar\/un-giro-que-todavia-no-llego-a-la-actividad-agropecuaria\/"},"wordCount":746,"publisher":{"@id":"https:\/\/proagrolab.com.ar\/#organization"},"image":{"@id":"https:\/\/proagrolab.com.ar\/un-giro-que-todavia-no-llego-a-la-actividad-agropecuaria\/#primaryimage"},"thumbnailUrl":"https:\/\/proagrolab.com.ar\/wp-content\/uploads\/2015\/01\/g_qlmhgwp8t__Vacas-2.jpg","articleSection":["News"],"inLanguage":"en-US"},{"@type":"WebPage","@id":"https:\/\/proagrolab.com.ar\/un-giro-que-todavia-no-llego-a-la-actividad-agropecuaria\/","url":"https:\/\/proagrolab.com.ar\/un-giro-que-todavia-no-llego-a-la-actividad-agropecuaria\/","name":"Un giro que todav\u00eda no lleg\u00f3 a la actividad agropecuaria. | Proagro","isPartOf":{"@id":"https:\/\/proagrolab.com.ar\/#website"},"primaryImageOfPage":{"@id":"https:\/\/proagrolab.com.ar\/un-giro-que-todavia-no-llego-a-la-actividad-agropecuaria\/#primaryimage"},"image":{"@id":"https:\/\/proagrolab.com.ar\/un-giro-que-todavia-no-llego-a-la-actividad-agropecuaria\/#primaryimage"},"thumbnailUrl":"https:\/\/proagrolab.com.ar\/wp-content\/uploads\/2015\/01\/g_qlmhgwp8t__Vacas-2.jpg","datePublished":"2014-04-07T00:00:01+00:00","dateModified":"2020-07-02T12:31:49+00:00","breadcrumb":{"@id":"https:\/\/proagrolab.com.ar\/un-giro-que-todavia-no-llego-a-la-actividad-agropecuaria\/#breadcrumb"},"inLanguage":"en-US","potentialAction":[{"@type":"ReadAction","target":["https:\/\/proagrolab.com.ar\/un-giro-que-todavia-no-llego-a-la-actividad-agropecuaria\/"]}]},{"@type":"ImageObject","inLanguage":"en-US","@id":"https:\/\/proagrolab.com.ar\/un-giro-que-todavia-no-llego-a-la-actividad-agropecuaria\/#primaryimage","url":"https:\/\/proagrolab.com.ar\/wp-content\/uploads\/2015\/01\/g_qlmhgwp8t__Vacas-2.jpg","contentUrl":"https:\/\/proagrolab.com.ar\/wp-content\/uploads\/2015\/01\/g_qlmhgwp8t__Vacas-2.jpg","width":450,"height":208},{"@type":"BreadcrumbList","@id":"https:\/\/proagrolab.com.ar\/un-giro-que-todavia-no-llego-a-la-actividad-agropecuaria\/#breadcrumb","itemListElement":[{"@type":"ListItem","position":1,"name":"Portada","item":"https:\/\/proagrolab.com.ar\/"},{"@type":"ListItem","position":2,"name":"Un giro que todav\u00eda no lleg\u00f3 a la actividad agropecuaria."}]},{"@type":"WebSite","@id":"https:\/\/proagrolab.com.ar\/#website","url":"https:\/\/proagrolab.com.ar\/","name":"Proagro Laboratorio Veterinario","description":"Veterinary laboratory","publisher":{"@id":"https:\/\/proagrolab.com.ar\/#organization"},"potentialAction":[{"@type":"SearchAction","target":{"@type":"EntryPoint","urlTemplate":"https:\/\/proagrolab.com.ar\/?s={search_term_string}"},"query-input":{"@type":"PropertyValueSpecification","valueRequired":true,"valueName":"search_term_string"}}],"inLanguage":"en-US"},{"@type":"Organization","@id":"https:\/\/proagrolab.com.ar\/#organization","name":"Proagro","url":"https:\/\/proagrolab.com.ar\/","logo":{"@type":"ImageObject","inLanguage":"en-US","@id":"https:\/\/proagrolab.com.ar\/#\/schema\/logo\/image\/","url":"https:\/\/proagrolab.com.ar\/wp-content\/uploads\/2020\/04\/logo-retina.png","contentUrl":"https:\/\/proagrolab.com.ar\/wp-content\/uploads\/2020\/04\/logo-retina.png","width":478,"height":120,"caption":"Proagro"},"image":{"@id":"https:\/\/proagrolab.com.ar\/#\/schema\/logo\/image\/"},"sameAs":["http:\/\/www.facebook.com\/proagrolab","https:\/\/www.instagram.com\/proagrolab\/","https:\/\/www.linkedin.com\/company\/laboratorio-proagro-s-a\/"]},{"@type":"Person","@id":"https:\/\/proagrolab.com.ar\/#\/schema\/person\/38003ff90bf80381f71c7d922d207444","name":"proagrolab"}]}},"_links":{"self":[{"href":"https:\/\/proagrolab.com.ar\/en\/wp-json\/wp\/v2\/posts\/6039","targetHints":{"allow":["GET"]}}],"collection":[{"href":"https:\/\/proagrolab.com.ar\/en\/wp-json\/wp\/v2\/posts"}],"about":[{"href":"https:\/\/proagrolab.com.ar\/en\/wp-json\/wp\/v2\/types\/post"}],"author":[{"embeddable":true,"href":"https:\/\/proagrolab.com.ar\/en\/wp-json\/wp\/v2\/users\/2"}],"replies":[{"embeddable":true,"href":"https:\/\/proagrolab.com.ar\/en\/wp-json\/wp\/v2\/comments?post=6039"}],"version-history":[{"count":1,"href":"https:\/\/proagrolab.com.ar\/en\/wp-json\/wp\/v2\/posts\/6039\/revisions"}],"predecessor-version":[{"id":14588,"href":"https:\/\/proagrolab.com.ar\/en\/wp-json\/wp\/v2\/posts\/6039\/revisions\/14588"}],"wp:featuredmedia":[{"embeddable":true,"href":"https:\/\/proagrolab.com.ar\/en\/wp-json\/wp\/v2\/media\/2526"}],"wp:attachment":[{"href":"https:\/\/proagrolab.com.ar\/en\/wp-json\/wp\/v2\/media?parent=6039"}],"wp:term":[{"taxonomy":"category","embeddable":true,"href":"https:\/\/proagrolab.com.ar\/en\/wp-json\/wp\/v2\/categories?post=6039"},{"taxonomy":"post_tag","embeddable":true,"href":"https:\/\/proagrolab.com.ar\/en\/wp-json\/wp\/v2\/tags?post=6039"}],"curies":[{"name":"wp","href":"https:\/\/api.w.org\/{rel}","templated":true}]}}