{"id":6037,"date":"2014-04-04T00:00:01","date_gmt":"2014-04-04T00:00:01","guid":{"rendered":"https:\/\/proagrolab.com.ar\/el-gobierno-afianza-dialogo-con-lecheros-de-e-rios-cba-sta-fe-lp-y-sgo-estero\/"},"modified":"2020-07-02T12:31:29","modified_gmt":"2020-07-02T12:31:29","slug":"el-gobierno-afianza-dialogo-con-lecheros-de-e-rios-cba-sta-fe-lp-y-sgo-estero","status":"publish","type":"post","link":"https:\/\/proagrolab.com.ar\/en\/el-gobierno-afianza-dialogo-con-lecheros-de-e-rios-cba-sta-fe-lp-y-sgo-estero\/","title":{"rendered":"El gobierno afianza di\u00e1logo con lecheros de E. R\u00edos, Cba., Sta. Fe, LP y Sgo. Estero."},"content":{"rendered":"<p class=\"qtranxs-available-languages-message qtranxs-available-languages-message-en\"> <\/p><p>En el marco de las reuniones con las distintas cadenas del sector agropecuario, el ministro de Agricultura, Ganader\u00eda y Pesca de la Naci\u00f3n, Carlos Casamiquela, recibi\u00f3 a c\u00e1maras de productores lecheros de Entre R\u00edos, Santa Fe, C\u00f3rdoba, La Pampa y Santiago del Estero, quienes presentaron su visi\u00f3n de la cadena l\u00e1ctea argentina y el rol que debe cumplir el Estado respecto del equilibrio de sus actores.<\/p>\n<p>\u0093Uno de nuestros principales objetivos para la cadena tiene que ver con lograr una mejor distribuci\u00f3n de la renta para que el productor reciba un precio justo por la leche que produce y el consumidor, un producto de calidad a precio razonable\u0094, manifest\u00f3 Casamiquela, quien estuvo acompa\u00f1ado por el Secretario de Agricultura, Ganader\u00eda y Pesca, Gabriel Delgado, y el Subsecretario de Lecher\u00eda, Arturo Videla.<\/p>\n<p>En la reuni\u00f3n se destac\u00f3 que en el primer trimestre del corriente a\u00f1o las exportaciones de productos l\u00e1cteos tuvieron un incremento del 20 % respecto de igual per\u00edodo del a\u00f1o 2013 (89.876 toneladas en 2014 en comparaci\u00f3n con las 75.480 toneladas en 2013). <\/p>\n<p>Para el mismo per\u00edodo, estas exportaciones representaron un ingreso en U$S al pa\u00eds de 408 millones contra los U$S 263 millones del primer trimestre del a\u00f1o 2013. Esto significa que&nbsp; el sector industrial aument\u00f3 en un 55 % su facturaci\u00f3n en d\u00f3lares.<\/p>\n<p>En referencia al encuentro, Alejandro Liberato, vicepresidente de la C\u00e1mara de Productores Lecheros de C\u00f3rdoba (CAPROLEC), sostuvo que &#8220;el ministro dio instrucciones al subsecretario Videla para que en el corto plazo rearme la mesa sectorial donde se discutan cada uno de los temas, y en base a la decisi\u00f3n y el consenso se obtengan respuestas superadoras&#8221;.<\/p>\n<p>Al mismo tiempo el Ministro Casamiquela destac\u00f3 que \u0093a trav\u00e9s de la Plataforma de Exportaci\u00f3n que lleva adelante el Ministerio de Agricultura con el sector Pyme y el sector cooperativo se logr\u00f3 la primera experiencia de exportaci\u00f3n de la Cooperativa James Craik y la pyme Cremigal de Entre Rios\u0094.<\/p>\n<p>Por su parte, Ricardo Garnero productor de Carlos Pellegrini, provincia de Santa Fe y miembro de la Mesa de Productores de leche de dicha provincia, sostuvo que &#8220;vinimos a cumplir con la agenda planteada por el Ministro. Aceptamos la propuesta hecha por el gobierno para crecer en producci\u00f3n, exportaciones y empleo. El gobierno tiene su visi\u00f3n y concordamos en que podemos llegar a un acuerdo en estos tres puntos&#8221;.<\/p>\n<p>Estuvieron presentes por la C\u00e1mara de Productores Lecheros de C\u00f3rdoba (CAPROLEC), Diego Manavella, Alejandro Leveratto y Mart\u00edn Molina; por la Mesa de Productores Lecheros de Santa Fe, Marcelo Aimaro, Ra\u00fal Bernetti, Fernando C\u00f3rdoba y Ricardo Garnero; por la C\u00e1mara Pampeana de Productores de Leche (CAPAPROLE), Alfredo Elespuru y la Mesa Entrerriana de Tamberos de Entre R\u00edos, Gerardo Rausch. <\/p>\n<p>Fuente: Agrositio, 3 de abril.<br \/><\/p>","protected":false},"excerpt":{"rendered":"<p>En el marco de las reuniones con las distintas cadenas del sector agropecuario, el ministro de Agricultura, Ganader\u00eda y Pesca de la Naci\u00f3n, Carlos Casamiquela, recibi\u00f3 a c\u00e1maras de productores lecheros de Entre R\u00edos, Santa Fe, C\u00f3rdoba, La Pampa y Santiago del Estero, quienes presentaron su visi\u00f3n de la cadena l\u00e1ctea argentina y el rol que debe cumplir el Estado respecto del equilibrio de sus actores. \u0093Uno de nuestros principales objetivos para la cadena tiene que ver con lograr una mejor distribuci\u00f3n de la renta para que el productor reciba un precio justo por la leche que produce y el consumidor, un producto de calidad a precio razonable\u0094, manifest\u00f3 Casamiquela, quien estuvo acompa\u00f1ado por el Secretario de Agricultura, Ganader\u00eda y Pesca, Gabriel Delgado, y el Subsecretario de Lecher\u00eda, Arturo Videla. En la reuni\u00f3n se destac\u00f3 que en el primer trimestre del corriente a\u00f1o las exportaciones de productos l\u00e1cteos tuvieron un incremento del 20 % respecto de igual per\u00edodo del a\u00f1o 2013 (89.876 toneladas en 2014 en comparaci\u00f3n con las 75.480 toneladas en 2013). Para el mismo per\u00edodo, estas exportaciones representaron un ingreso en U$S al pa\u00eds de 408 millones contra los U$S 263 millones del primer trimestre del a\u00f1o 2013. [&hellip;]<\/p>\n","protected":false},"author":2,"featured_media":2524,"comment_status":"closed","ping_status":"open","sticky":false,"template":"","format":"standard","meta":{"_acf_changed":false,"footnotes":""},"categories":[56],"tags":[],"class_list":["post-6037","post","type-post","status-publish","format-standard","has-post-thumbnail","hentry","category-infoganadero"],"acf":[],"yoast_head":"<!-- This site is optimized with the Yoast SEO plugin v27.4 - https:\/\/yoast.com\/product\/yoast-seo-wordpress\/ -->\n<title>El gobierno afianza di\u00e1logo con lecheros de E. R\u00edos, Cba., Sta. Fe, LP y Sgo. Estero. | Proagro<\/title>\n<meta name=\"robots\" content=\"index, follow, max-snippet:-1, max-image-preview:large, max-video-preview:-1\" \/>\n<link rel=\"canonical\" href=\"https:\/\/proagrolab.com.ar\/en\/el-gobierno-afianza-dialogo-con-lecheros-de-e-rios-cba-sta-fe-lp-y-sgo-estero\/\" \/>\n<meta property=\"og:locale\" content=\"en_US\" \/>\n<meta property=\"og:type\" content=\"article\" \/>\n<meta property=\"og:title\" content=\"El gobierno afianza di\u00e1logo con lecheros de E. R\u00edos, Cba., Sta. Fe, LP y Sgo. Estero. | Proagro\" \/>\n<meta property=\"og:description\" content=\"En el marco de las reuniones con las distintas cadenas del sector agropecuario, el ministro de Agricultura, Ganader\u00eda y Pesca de la Naci\u00f3n, Carlos Casamiquela, recibi\u00f3 a c\u00e1maras de productores lecheros de Entre R\u00edos, Santa Fe, C\u00f3rdoba, La Pampa y Santiago del Estero, quienes presentaron su visi\u00f3n de la cadena l\u00e1ctea argentina y el rol que debe cumplir el Estado respecto del equilibrio de sus actores. \u0093Uno de nuestros principales objetivos para la cadena tiene que ver con lograr una mejor distribuci\u00f3n de la renta para que el productor reciba un precio justo por la leche que produce y el consumidor, un producto de calidad a precio razonable\u0094, manifest\u00f3 Casamiquela, quien estuvo acompa\u00f1ado por el Secretario de Agricultura, Ganader\u00eda y Pesca, Gabriel Delgado, y el Subsecretario de Lecher\u00eda, Arturo Videla. En la reuni\u00f3n se destac\u00f3 que en el primer trimestre del corriente a\u00f1o las exportaciones de productos l\u00e1cteos tuvieron un incremento del 20 % respecto de igual per\u00edodo del a\u00f1o 2013 (89.876 toneladas en 2014 en comparaci\u00f3n con las 75.480 toneladas en 2013). Para el mismo per\u00edodo, estas exportaciones representaron un ingreso en U$S al pa\u00eds de 408 millones contra los U$S 263 millones del primer trimestre del a\u00f1o 2013. [&hellip;]\" \/>\n<meta property=\"og:url\" content=\"https:\/\/proagrolab.com.ar\/el-gobierno-afianza-dialogo-con-lecheros-de-e-rios-cba-sta-fe-lp-y-sgo-estero\/\" \/>\n<meta property=\"og:site_name\" content=\"Proagro\" \/>\n<meta property=\"article:publisher\" content=\"http:\/\/www.facebook.com\/proagrolab\" \/>\n<meta property=\"article:published_time\" content=\"2014-04-04T00:00:01+00:00\" \/>\n<meta property=\"article:modified_time\" content=\"2020-07-02T12:31:29+00:00\" \/>\n<meta property=\"og:image\" content=\"https:\/\/proagrolab.com.ar\/wp-content\/uploads\/2015\/01\/g_a1tplzhqc__Lecheras-20.jpg\" \/>\n\t<meta property=\"og:image:width\" content=\"450\" \/>\n\t<meta property=\"og:image:height\" content=\"208\" \/>\n\t<meta property=\"og:image:type\" content=\"image\/jpeg\" \/>\n<meta name=\"author\" content=\"proagrolab\" \/>\n<meta name=\"twitter:card\" content=\"summary_large_image\" \/>\n<meta name=\"twitter:label1\" content=\"Written by\" \/>\n\t<meta name=\"twitter:data1\" content=\"proagrolab\" \/>\n\t<meta name=\"twitter:label2\" content=\"Est. reading time\" \/>\n\t<meta name=\"twitter:data2\" content=\"2 minutes\" \/>\n<script type=\"application\/ld+json\" class=\"yoast-schema-graph\">{\"@context\":\"https:\\\/\\\/schema.org\",\"@graph\":[{\"@type\":\"Article\",\"@id\":\"https:\\\/\\\/proagrolab.com.ar\\\/el-gobierno-afianza-dialogo-con-lecheros-de-e-rios-cba-sta-fe-lp-y-sgo-estero\\\/#article\",\"isPartOf\":{\"@id\":\"https:\\\/\\\/proagrolab.com.ar\\\/el-gobierno-afianza-dialogo-con-lecheros-de-e-rios-cba-sta-fe-lp-y-sgo-estero\\\/\"},\"author\":{\"name\":\"proagrolab\",\"@id\":\"https:\\\/\\\/proagrolab.com.ar\\\/#\\\/schema\\\/person\\\/38003ff90bf80381f71c7d922d207444\"},\"headline\":\"El gobierno afianza di\u00e1logo con lecheros de E. R\u00edos, Cba., Sta. Fe, LP y Sgo. Estero.\",\"datePublished\":\"2014-04-04T00:00:01+00:00\",\"dateModified\":\"2020-07-02T12:31:29+00:00\",\"mainEntityOfPage\":{\"@id\":\"https:\\\/\\\/proagrolab.com.ar\\\/el-gobierno-afianza-dialogo-con-lecheros-de-e-rios-cba-sta-fe-lp-y-sgo-estero\\\/\"},\"wordCount\":497,\"publisher\":{\"@id\":\"https:\\\/\\\/proagrolab.com.ar\\\/#organization\"},\"image\":{\"@id\":\"https:\\\/\\\/proagrolab.com.ar\\\/el-gobierno-afianza-dialogo-con-lecheros-de-e-rios-cba-sta-fe-lp-y-sgo-estero\\\/#primaryimage\"},\"thumbnailUrl\":\"https:\\\/\\\/proagrolab.com.ar\\\/wp-content\\\/uploads\\\/2015\\\/01\\\/g_a1tplzhqc__Lecheras-20.jpg\",\"articleSection\":[\"News\"],\"inLanguage\":\"en-US\"},{\"@type\":\"WebPage\",\"@id\":\"https:\\\/\\\/proagrolab.com.ar\\\/el-gobierno-afianza-dialogo-con-lecheros-de-e-rios-cba-sta-fe-lp-y-sgo-estero\\\/\",\"url\":\"https:\\\/\\\/proagrolab.com.ar\\\/el-gobierno-afianza-dialogo-con-lecheros-de-e-rios-cba-sta-fe-lp-y-sgo-estero\\\/\",\"name\":\"El gobierno afianza di\u00e1logo con lecheros de E. R\u00edos, Cba., Sta. Fe, LP y Sgo. Estero. | Proagro\",\"isPartOf\":{\"@id\":\"https:\\\/\\\/proagrolab.com.ar\\\/#website\"},\"primaryImageOfPage\":{\"@id\":\"https:\\\/\\\/proagrolab.com.ar\\\/el-gobierno-afianza-dialogo-con-lecheros-de-e-rios-cba-sta-fe-lp-y-sgo-estero\\\/#primaryimage\"},\"image\":{\"@id\":\"https:\\\/\\\/proagrolab.com.ar\\\/el-gobierno-afianza-dialogo-con-lecheros-de-e-rios-cba-sta-fe-lp-y-sgo-estero\\\/#primaryimage\"},\"thumbnailUrl\":\"https:\\\/\\\/proagrolab.com.ar\\\/wp-content\\\/uploads\\\/2015\\\/01\\\/g_a1tplzhqc__Lecheras-20.jpg\",\"datePublished\":\"2014-04-04T00:00:01+00:00\",\"dateModified\":\"2020-07-02T12:31:29+00:00\",\"breadcrumb\":{\"@id\":\"https:\\\/\\\/proagrolab.com.ar\\\/el-gobierno-afianza-dialogo-con-lecheros-de-e-rios-cba-sta-fe-lp-y-sgo-estero\\\/#breadcrumb\"},\"inLanguage\":\"en-US\",\"potentialAction\":[{\"@type\":\"ReadAction\",\"target\":[\"https:\\\/\\\/proagrolab.com.ar\\\/el-gobierno-afianza-dialogo-con-lecheros-de-e-rios-cba-sta-fe-lp-y-sgo-estero\\\/\"]}]},{\"@type\":\"ImageObject\",\"inLanguage\":\"en-US\",\"@id\":\"https:\\\/\\\/proagrolab.com.ar\\\/el-gobierno-afianza-dialogo-con-lecheros-de-e-rios-cba-sta-fe-lp-y-sgo-estero\\\/#primaryimage\",\"url\":\"https:\\\/\\\/proagrolab.com.ar\\\/wp-content\\\/uploads\\\/2015\\\/01\\\/g_a1tplzhqc__Lecheras-20.jpg\",\"contentUrl\":\"https:\\\/\\\/proagrolab.com.ar\\\/wp-content\\\/uploads\\\/2015\\\/01\\\/g_a1tplzhqc__Lecheras-20.jpg\",\"width\":450,\"height\":208},{\"@type\":\"BreadcrumbList\",\"@id\":\"https:\\\/\\\/proagrolab.com.ar\\\/el-gobierno-afianza-dialogo-con-lecheros-de-e-rios-cba-sta-fe-lp-y-sgo-estero\\\/#breadcrumb\",\"itemListElement\":[{\"@type\":\"ListItem\",\"position\":1,\"name\":\"Portada\",\"item\":\"https:\\\/\\\/proagrolab.com.ar\\\/\"},{\"@type\":\"ListItem\",\"position\":2,\"name\":\"El gobierno afianza di\u00e1logo con lecheros de E. R\u00edos, Cba., Sta. Fe, LP y Sgo. Estero.\"}]},{\"@type\":\"WebSite\",\"@id\":\"https:\\\/\\\/proagrolab.com.ar\\\/#website\",\"url\":\"https:\\\/\\\/proagrolab.com.ar\\\/\",\"name\":\"Proagro Laboratorio Veterinario\",\"description\":\"Veterinary laboratory\",\"publisher\":{\"@id\":\"https:\\\/\\\/proagrolab.com.ar\\\/#organization\"},\"potentialAction\":[{\"@type\":\"SearchAction\",\"target\":{\"@type\":\"EntryPoint\",\"urlTemplate\":\"https:\\\/\\\/proagrolab.com.ar\\\/?s={search_term_string}\"},\"query-input\":{\"@type\":\"PropertyValueSpecification\",\"valueRequired\":true,\"valueName\":\"search_term_string\"}}],\"inLanguage\":\"en-US\"},{\"@type\":\"Organization\",\"@id\":\"https:\\\/\\\/proagrolab.com.ar\\\/#organization\",\"name\":\"Proagro\",\"url\":\"https:\\\/\\\/proagrolab.com.ar\\\/\",\"logo\":{\"@type\":\"ImageObject\",\"inLanguage\":\"en-US\",\"@id\":\"https:\\\/\\\/proagrolab.com.ar\\\/#\\\/schema\\\/logo\\\/image\\\/\",\"url\":\"https:\\\/\\\/proagrolab.com.ar\\\/wp-content\\\/uploads\\\/2020\\\/04\\\/logo-retina.png\",\"contentUrl\":\"https:\\\/\\\/proagrolab.com.ar\\\/wp-content\\\/uploads\\\/2020\\\/04\\\/logo-retina.png\",\"width\":478,\"height\":120,\"caption\":\"Proagro\"},\"image\":{\"@id\":\"https:\\\/\\\/proagrolab.com.ar\\\/#\\\/schema\\\/logo\\\/image\\\/\"},\"sameAs\":[\"http:\\\/\\\/www.facebook.com\\\/proagrolab\",\"https:\\\/\\\/www.instagram.com\\\/proagrolab\\\/\",\"https:\\\/\\\/www.linkedin.com\\\/company\\\/laboratorio-proagro-s-a\\\/\"]},{\"@type\":\"Person\",\"@id\":\"https:\\\/\\\/proagrolab.com.ar\\\/#\\\/schema\\\/person\\\/38003ff90bf80381f71c7d922d207444\",\"name\":\"proagrolab\"}]}<\/script>\n<!-- \/ Yoast SEO plugin. -->","yoast_head_json":{"title":"El gobierno afianza di\u00e1logo con lecheros de E. R\u00edos, Cba., Sta. Fe, LP y Sgo. Estero. | Proagro","robots":{"index":"index","follow":"follow","max-snippet":"max-snippet:-1","max-image-preview":"max-image-preview:large","max-video-preview":"max-video-preview:-1"},"canonical":"https:\/\/proagrolab.com.ar\/en\/el-gobierno-afianza-dialogo-con-lecheros-de-e-rios-cba-sta-fe-lp-y-sgo-estero\/","og_locale":"en_US","og_type":"article","og_title":"El gobierno afianza di\u00e1logo con lecheros de E. R\u00edos, Cba., Sta. Fe, LP y Sgo. Estero. | Proagro","og_description":"En el marco de las reuniones con las distintas cadenas del sector agropecuario, el ministro de Agricultura, Ganader\u00eda y Pesca de la Naci\u00f3n, Carlos Casamiquela, recibi\u00f3 a c\u00e1maras de productores lecheros de Entre R\u00edos, Santa Fe, C\u00f3rdoba, La Pampa y Santiago del Estero, quienes presentaron su visi\u00f3n de la cadena l\u00e1ctea argentina y el rol que debe cumplir el Estado respecto del equilibrio de sus actores. \u0093Uno de nuestros principales objetivos para la cadena tiene que ver con lograr una mejor distribuci\u00f3n de la renta para que el productor reciba un precio justo por la leche que produce y el consumidor, un producto de calidad a precio razonable\u0094, manifest\u00f3 Casamiquela, quien estuvo acompa\u00f1ado por el Secretario de Agricultura, Ganader\u00eda y Pesca, Gabriel Delgado, y el Subsecretario de Lecher\u00eda, Arturo Videla. En la reuni\u00f3n se destac\u00f3 que en el primer trimestre del corriente a\u00f1o las exportaciones de productos l\u00e1cteos tuvieron un incremento del 20 % respecto de igual per\u00edodo del a\u00f1o 2013 (89.876 toneladas en 2014 en comparaci\u00f3n con las 75.480 toneladas en 2013). Para el mismo per\u00edodo, estas exportaciones representaron un ingreso en U$S al pa\u00eds de 408 millones contra los U$S 263 millones del primer trimestre del a\u00f1o 2013. [&hellip;]","og_url":"https:\/\/proagrolab.com.ar\/el-gobierno-afianza-dialogo-con-lecheros-de-e-rios-cba-sta-fe-lp-y-sgo-estero\/","og_site_name":"Proagro","article_publisher":"http:\/\/www.facebook.com\/proagrolab","article_published_time":"2014-04-04T00:00:01+00:00","article_modified_time":"2020-07-02T12:31:29+00:00","og_image":[{"width":450,"height":208,"url":"https:\/\/proagrolab.com.ar\/wp-content\/uploads\/2015\/01\/g_a1tplzhqc__Lecheras-20.jpg","type":"image\/jpeg"}],"author":"proagrolab","twitter_card":"summary_large_image","twitter_misc":{"Written by":"proagrolab","Est. reading time":"2 minutes"},"schema":{"@context":"https:\/\/schema.org","@graph":[{"@type":"Article","@id":"https:\/\/proagrolab.com.ar\/el-gobierno-afianza-dialogo-con-lecheros-de-e-rios-cba-sta-fe-lp-y-sgo-estero\/#article","isPartOf":{"@id":"https:\/\/proagrolab.com.ar\/el-gobierno-afianza-dialogo-con-lecheros-de-e-rios-cba-sta-fe-lp-y-sgo-estero\/"},"author":{"name":"proagrolab","@id":"https:\/\/proagrolab.com.ar\/#\/schema\/person\/38003ff90bf80381f71c7d922d207444"},"headline":"El gobierno afianza di\u00e1logo con lecheros de E. R\u00edos, Cba., Sta. Fe, LP y Sgo. Estero.","datePublished":"2014-04-04T00:00:01+00:00","dateModified":"2020-07-02T12:31:29+00:00","mainEntityOfPage":{"@id":"https:\/\/proagrolab.com.ar\/el-gobierno-afianza-dialogo-con-lecheros-de-e-rios-cba-sta-fe-lp-y-sgo-estero\/"},"wordCount":497,"publisher":{"@id":"https:\/\/proagrolab.com.ar\/#organization"},"image":{"@id":"https:\/\/proagrolab.com.ar\/el-gobierno-afianza-dialogo-con-lecheros-de-e-rios-cba-sta-fe-lp-y-sgo-estero\/#primaryimage"},"thumbnailUrl":"https:\/\/proagrolab.com.ar\/wp-content\/uploads\/2015\/01\/g_a1tplzhqc__Lecheras-20.jpg","articleSection":["News"],"inLanguage":"en-US"},{"@type":"WebPage","@id":"https:\/\/proagrolab.com.ar\/el-gobierno-afianza-dialogo-con-lecheros-de-e-rios-cba-sta-fe-lp-y-sgo-estero\/","url":"https:\/\/proagrolab.com.ar\/el-gobierno-afianza-dialogo-con-lecheros-de-e-rios-cba-sta-fe-lp-y-sgo-estero\/","name":"El gobierno afianza di\u00e1logo con lecheros de E. R\u00edos, Cba., Sta. Fe, LP y Sgo. Estero. | Proagro","isPartOf":{"@id":"https:\/\/proagrolab.com.ar\/#website"},"primaryImageOfPage":{"@id":"https:\/\/proagrolab.com.ar\/el-gobierno-afianza-dialogo-con-lecheros-de-e-rios-cba-sta-fe-lp-y-sgo-estero\/#primaryimage"},"image":{"@id":"https:\/\/proagrolab.com.ar\/el-gobierno-afianza-dialogo-con-lecheros-de-e-rios-cba-sta-fe-lp-y-sgo-estero\/#primaryimage"},"thumbnailUrl":"https:\/\/proagrolab.com.ar\/wp-content\/uploads\/2015\/01\/g_a1tplzhqc__Lecheras-20.jpg","datePublished":"2014-04-04T00:00:01+00:00","dateModified":"2020-07-02T12:31:29+00:00","breadcrumb":{"@id":"https:\/\/proagrolab.com.ar\/el-gobierno-afianza-dialogo-con-lecheros-de-e-rios-cba-sta-fe-lp-y-sgo-estero\/#breadcrumb"},"inLanguage":"en-US","potentialAction":[{"@type":"ReadAction","target":["https:\/\/proagrolab.com.ar\/el-gobierno-afianza-dialogo-con-lecheros-de-e-rios-cba-sta-fe-lp-y-sgo-estero\/"]}]},{"@type":"ImageObject","inLanguage":"en-US","@id":"https:\/\/proagrolab.com.ar\/el-gobierno-afianza-dialogo-con-lecheros-de-e-rios-cba-sta-fe-lp-y-sgo-estero\/#primaryimage","url":"https:\/\/proagrolab.com.ar\/wp-content\/uploads\/2015\/01\/g_a1tplzhqc__Lecheras-20.jpg","contentUrl":"https:\/\/proagrolab.com.ar\/wp-content\/uploads\/2015\/01\/g_a1tplzhqc__Lecheras-20.jpg","width":450,"height":208},{"@type":"BreadcrumbList","@id":"https:\/\/proagrolab.com.ar\/el-gobierno-afianza-dialogo-con-lecheros-de-e-rios-cba-sta-fe-lp-y-sgo-estero\/#breadcrumb","itemListElement":[{"@type":"ListItem","position":1,"name":"Portada","item":"https:\/\/proagrolab.com.ar\/"},{"@type":"ListItem","position":2,"name":"El gobierno afianza di\u00e1logo con lecheros de E. R\u00edos, Cba., Sta. Fe, LP y Sgo. Estero."}]},{"@type":"WebSite","@id":"https:\/\/proagrolab.com.ar\/#website","url":"https:\/\/proagrolab.com.ar\/","name":"Proagro Laboratorio Veterinario","description":"Veterinary laboratory","publisher":{"@id":"https:\/\/proagrolab.com.ar\/#organization"},"potentialAction":[{"@type":"SearchAction","target":{"@type":"EntryPoint","urlTemplate":"https:\/\/proagrolab.com.ar\/?s={search_term_string}"},"query-input":{"@type":"PropertyValueSpecification","valueRequired":true,"valueName":"search_term_string"}}],"inLanguage":"en-US"},{"@type":"Organization","@id":"https:\/\/proagrolab.com.ar\/#organization","name":"Proagro","url":"https:\/\/proagrolab.com.ar\/","logo":{"@type":"ImageObject","inLanguage":"en-US","@id":"https:\/\/proagrolab.com.ar\/#\/schema\/logo\/image\/","url":"https:\/\/proagrolab.com.ar\/wp-content\/uploads\/2020\/04\/logo-retina.png","contentUrl":"https:\/\/proagrolab.com.ar\/wp-content\/uploads\/2020\/04\/logo-retina.png","width":478,"height":120,"caption":"Proagro"},"image":{"@id":"https:\/\/proagrolab.com.ar\/#\/schema\/logo\/image\/"},"sameAs":["http:\/\/www.facebook.com\/proagrolab","https:\/\/www.instagram.com\/proagrolab\/","https:\/\/www.linkedin.com\/company\/laboratorio-proagro-s-a\/"]},{"@type":"Person","@id":"https:\/\/proagrolab.com.ar\/#\/schema\/person\/38003ff90bf80381f71c7d922d207444","name":"proagrolab"}]}},"_links":{"self":[{"href":"https:\/\/proagrolab.com.ar\/en\/wp-json\/wp\/v2\/posts\/6037","targetHints":{"allow":["GET"]}}],"collection":[{"href":"https:\/\/proagrolab.com.ar\/en\/wp-json\/wp\/v2\/posts"}],"about":[{"href":"https:\/\/proagrolab.com.ar\/en\/wp-json\/wp\/v2\/types\/post"}],"author":[{"embeddable":true,"href":"https:\/\/proagrolab.com.ar\/en\/wp-json\/wp\/v2\/users\/2"}],"replies":[{"embeddable":true,"href":"https:\/\/proagrolab.com.ar\/en\/wp-json\/wp\/v2\/comments?post=6037"}],"version-history":[{"count":1,"href":"https:\/\/proagrolab.com.ar\/en\/wp-json\/wp\/v2\/posts\/6037\/revisions"}],"predecessor-version":[{"id":14584,"href":"https:\/\/proagrolab.com.ar\/en\/wp-json\/wp\/v2\/posts\/6037\/revisions\/14584"}],"wp:featuredmedia":[{"embeddable":true,"href":"https:\/\/proagrolab.com.ar\/en\/wp-json\/wp\/v2\/media\/2524"}],"wp:attachment":[{"href":"https:\/\/proagrolab.com.ar\/en\/wp-json\/wp\/v2\/media?parent=6037"}],"wp:term":[{"taxonomy":"category","embeddable":true,"href":"https:\/\/proagrolab.com.ar\/en\/wp-json\/wp\/v2\/categories?post=6037"},{"taxonomy":"post_tag","embeddable":true,"href":"https:\/\/proagrolab.com.ar\/en\/wp-json\/wp\/v2\/tags?post=6037"}],"curies":[{"name":"wp","href":"https:\/\/api.w.org\/{rel}","templated":true}]}}