{"id":6036,"date":"2014-04-04T00:00:01","date_gmt":"2014-04-04T00:00:01","guid":{"rendered":"https:\/\/proagrolab.com.ar\/para-los-precios-el-mejor-momento-ya-paso\/"},"modified":"2020-07-02T12:31:33","modified_gmt":"2020-07-02T12:31:33","slug":"para-los-precios-el-mejor-momento-ya-paso","status":"publish","type":"post","link":"https:\/\/proagrolab.com.ar\/en\/para-los-precios-el-mejor-momento-ya-paso\/","title":{"rendered":"Para los precios, el mejor momento ya pas\u00f3."},"content":{"rendered":"<p class=\"qtranxs-available-languages-message qtranxs-available-languages-message-en\"> <\/p><p>Por Ignacio Iriarte.<\/p>\n<p>Todo indica que lo mejor en materia de precios reales para la hacienda ya pas\u00f3. El \u0093efecto marzo\u0094 tiende a desaparecer y si bien la oferta de gordo se ha reducido, la faena actual alcanza y sobra para abastecer el consumo, que es hoy 94 por ciento de la demanda total. Adem\u00e1s, en forma tard\u00eda se est\u00e1 sintiendo la respuesta de los consumidores a precios de la carne al mostrador que han subido m\u00e1s de 41 por ciento desde noviembre. <\/p>\n<p>Si bien estamos en el momento de menor oferta anual de los feedlots, se ha recuperado la faena de novillos, empieza a haber mucha vaca a medida que se hacen los tactos, y hay una oferta generosa de hacienda de campo que sale despu\u00e9s de los engordes estivales. La exportaci\u00f3n no reacciona; en febrero se habr\u00edan exportado s\u00f3lo 13 mil toneladas.<\/p>\n<p>Ya se agot\u00f3 el \u0093efecto devaluaci\u00f3n\u0094 que, en t\u00e9rminos reales, result\u00f3 bien poco; se agot\u00f3 el \u0093efecto cuero\u0094 y tiende a agotarse el \u0093efecto marzo\u0094. Durante 45 a 60 d\u00edas se seguir\u00e1 registrando un faltante de gordo liviano de feedlot, cuyo precio en las \u00faltimas semanas parece haberle sacado alguna ventaja adicional al resto de la hacienda.<\/p>\n<p>Pero con salarios desactualizados y una exportaci\u00f3n inexistente, estos son los mejores precios a los que podemos aspirar por ahora. Es probable que en mayo-junio se empiece a sentir en la calle los aumentos salariales (25-30 por ciento) que ahora se est\u00e1n negociando; es probable tambi\u00e9n que en los pr\u00f3ximos meses se vuelva a las mini devaluaciones que refuercen en algo la demanda por el lado del cuero, de las achuras y de los pocos cortes que se exportan. Pero tambi\u00e9n debe ponderarse que pasada la mitad del a\u00f1o terminar\u00e1 el semestre de la escasez (enero-junio) y comenzar\u00e1 el semestre de la \u0093abundancia\u0094. El a\u00f1o pasado, la producci\u00f3n de carne vacuna en el segundo semestre fue nueve por ciento m\u00e1s alta que en el primer semestre y el pico de precios (nominales) se dio en febrero. Luego, los valores se estancaron hasta noviembre. En septiembre, los valores (nominales) del novillo era cinco por ciento inferior a siete meses atr\u00e1s.<\/p>\n<p>\u00bfQu\u00e9 cambiar\u00eda este a\u00f1o? La oferta de carne, probablemente va a ser algo m\u00e1s alta que el a\u00f1o pasado, porque el destete ser\u00e1 mayor (500 mil terneros) y la mayor parte del destete se engorda a corral y sale dentro del mismo a\u00f1o. La inflaci\u00f3n ser\u00e1 mayor, con lo que los valores de la hacienda sufrir\u00e1n m\u00e1s en t\u00e9rminos reales y las exportaciones dif\u00edcilmente repitan en el segundo semestre \u0096momento de mayor oferta\u0096 la performance de julio-diciembre de 2013, cuando se embarcaron 104 mil toneladas.<\/p>\n<p>Entre 2005 y 2013, y seg\u00fan los datos de las Campa\u00f1as de Vacunaci\u00f3n contra la Aftosa (segunda vacunaci\u00f3n), en las provincias de Buenos Aires, Entre R\u00edos, La Pampa, Santa Fe y C\u00f3rdoba, el n\u00famero de terneros pas\u00f3 de 11,3 a los 10,58 millones: cay\u00f3 en 724 mil animales. En el mismo per\u00edodo, la cantidad de terneros en Corrientes, Chaco, Formosa, Salta y Santiago del Estero se increment\u00f3 en 542 mil terneros cabezas, pese a la seca que castig\u00f3 el norte argentino en los \u00faltimos dos a\u00f1os. <\/p>\n<p>Fuente: La Voz del Interior, 4 de abril.<br \/><\/p>","protected":false},"excerpt":{"rendered":"<p>Por Ignacio Iriarte. Todo indica que lo mejor en materia de precios reales para la hacienda ya pas\u00f3. El \u0093efecto marzo\u0094 tiende a desaparecer y si bien la oferta de gordo se ha reducido, la faena actual alcanza y sobra para abastecer el consumo, que es hoy 94 por ciento de la demanda total. Adem\u00e1s, en forma tard\u00eda se est\u00e1 sintiendo la respuesta de los consumidores a precios de la carne al mostrador que han subido m\u00e1s de 41 por ciento desde noviembre. Si bien estamos en el momento de menor oferta anual de los feedlots, se ha recuperado la faena de novillos, empieza a haber mucha vaca a medida que se hacen los tactos, y hay una oferta generosa de hacienda de campo que sale despu\u00e9s de los engordes estivales. La exportaci\u00f3n no reacciona; en febrero se habr\u00edan exportado s\u00f3lo 13 mil toneladas. Ya se agot\u00f3 el \u0093efecto devaluaci\u00f3n\u0094 que, en t\u00e9rminos reales, result\u00f3 bien poco; se agot\u00f3 el \u0093efecto cuero\u0094 y tiende a agotarse el \u0093efecto marzo\u0094. Durante 45 a 60 d\u00edas se seguir\u00e1 registrando un faltante de gordo liviano de feedlot, cuyo precio en las \u00faltimas semanas parece haberle sacado alguna ventaja adicional al resto de la [&hellip;]<\/p>\n","protected":false},"author":2,"featured_media":2523,"comment_status":"closed","ping_status":"open","sticky":false,"template":"","format":"standard","meta":{"_acf_changed":false,"footnotes":""},"categories":[56],"tags":[],"class_list":["post-6036","post","type-post","status-publish","format-standard","has-post-thumbnail","hentry","category-infoganadero"],"acf":[],"yoast_head":"<!-- This site is optimized with the Yoast SEO plugin v27.4 - https:\/\/yoast.com\/product\/yoast-seo-wordpress\/ -->\n<title>Para los precios, el mejor momento ya pas\u00f3. | Proagro<\/title>\n<meta name=\"robots\" content=\"index, follow, max-snippet:-1, max-image-preview:large, max-video-preview:-1\" \/>\n<link rel=\"canonical\" href=\"https:\/\/proagrolab.com.ar\/en\/para-los-precios-el-mejor-momento-ya-paso\/\" \/>\n<meta property=\"og:locale\" content=\"en_US\" \/>\n<meta property=\"og:type\" content=\"article\" \/>\n<meta property=\"og:title\" content=\"Para los precios, el mejor momento ya pas\u00f3. | Proagro\" \/>\n<meta property=\"og:description\" content=\"Por Ignacio Iriarte. Todo indica que lo mejor en materia de precios reales para la hacienda ya pas\u00f3. El \u0093efecto marzo\u0094 tiende a desaparecer y si bien la oferta de gordo se ha reducido, la faena actual alcanza y sobra para abastecer el consumo, que es hoy 94 por ciento de la demanda total. Adem\u00e1s, en forma tard\u00eda se est\u00e1 sintiendo la respuesta de los consumidores a precios de la carne al mostrador que han subido m\u00e1s de 41 por ciento desde noviembre. Si bien estamos en el momento de menor oferta anual de los feedlots, se ha recuperado la faena de novillos, empieza a haber mucha vaca a medida que se hacen los tactos, y hay una oferta generosa de hacienda de campo que sale despu\u00e9s de los engordes estivales. La exportaci\u00f3n no reacciona; en febrero se habr\u00edan exportado s\u00f3lo 13 mil toneladas. Ya se agot\u00f3 el \u0093efecto devaluaci\u00f3n\u0094 que, en t\u00e9rminos reales, result\u00f3 bien poco; se agot\u00f3 el \u0093efecto cuero\u0094 y tiende a agotarse el \u0093efecto marzo\u0094. Durante 45 a 60 d\u00edas se seguir\u00e1 registrando un faltante de gordo liviano de feedlot, cuyo precio en las \u00faltimas semanas parece haberle sacado alguna ventaja adicional al resto de la [&hellip;]\" \/>\n<meta property=\"og:url\" content=\"https:\/\/proagrolab.com.ar\/para-los-precios-el-mejor-momento-ya-paso\/\" \/>\n<meta property=\"og:site_name\" content=\"Proagro\" \/>\n<meta property=\"article:publisher\" content=\"http:\/\/www.facebook.com\/proagrolab\" \/>\n<meta property=\"article:published_time\" content=\"2014-04-04T00:00:01+00:00\" \/>\n<meta property=\"article:modified_time\" content=\"2020-07-02T12:31:33+00:00\" \/>\n<meta property=\"og:image\" content=\"https:\/\/proagrolab.com.ar\/wp-content\/uploads\/2015\/01\/g_pxs6dx2kv__Vacas-3.jpg\" \/>\n\t<meta property=\"og:image:width\" content=\"450\" \/>\n\t<meta property=\"og:image:height\" content=\"208\" \/>\n\t<meta property=\"og:image:type\" content=\"image\/jpeg\" \/>\n<meta name=\"author\" content=\"proagrolab\" \/>\n<meta name=\"twitter:card\" content=\"summary_large_image\" \/>\n<meta name=\"twitter:label1\" content=\"Written by\" \/>\n\t<meta name=\"twitter:data1\" content=\"proagrolab\" \/>\n\t<meta name=\"twitter:label2\" content=\"Est. reading time\" \/>\n\t<meta name=\"twitter:data2\" content=\"3 minutes\" \/>\n<script type=\"application\/ld+json\" class=\"yoast-schema-graph\">{\"@context\":\"https:\\\/\\\/schema.org\",\"@graph\":[{\"@type\":\"Article\",\"@id\":\"https:\\\/\\\/proagrolab.com.ar\\\/para-los-precios-el-mejor-momento-ya-paso\\\/#article\",\"isPartOf\":{\"@id\":\"https:\\\/\\\/proagrolab.com.ar\\\/para-los-precios-el-mejor-momento-ya-paso\\\/\"},\"author\":{\"name\":\"proagrolab\",\"@id\":\"https:\\\/\\\/proagrolab.com.ar\\\/#\\\/schema\\\/person\\\/38003ff90bf80381f71c7d922d207444\"},\"headline\":\"Para los precios, el mejor momento ya pas\u00f3.\",\"datePublished\":\"2014-04-04T00:00:01+00:00\",\"dateModified\":\"2020-07-02T12:31:33+00:00\",\"mainEntityOfPage\":{\"@id\":\"https:\\\/\\\/proagrolab.com.ar\\\/para-los-precios-el-mejor-momento-ya-paso\\\/\"},\"wordCount\":571,\"publisher\":{\"@id\":\"https:\\\/\\\/proagrolab.com.ar\\\/#organization\"},\"image\":{\"@id\":\"https:\\\/\\\/proagrolab.com.ar\\\/para-los-precios-el-mejor-momento-ya-paso\\\/#primaryimage\"},\"thumbnailUrl\":\"https:\\\/\\\/proagrolab.com.ar\\\/wp-content\\\/uploads\\\/2015\\\/01\\\/g_pxs6dx2kv__Vacas-3.jpg\",\"articleSection\":[\"News\"],\"inLanguage\":\"en-US\"},{\"@type\":\"WebPage\",\"@id\":\"https:\\\/\\\/proagrolab.com.ar\\\/para-los-precios-el-mejor-momento-ya-paso\\\/\",\"url\":\"https:\\\/\\\/proagrolab.com.ar\\\/para-los-precios-el-mejor-momento-ya-paso\\\/\",\"name\":\"Para los precios, el mejor momento ya pas\u00f3. | Proagro\",\"isPartOf\":{\"@id\":\"https:\\\/\\\/proagrolab.com.ar\\\/#website\"},\"primaryImageOfPage\":{\"@id\":\"https:\\\/\\\/proagrolab.com.ar\\\/para-los-precios-el-mejor-momento-ya-paso\\\/#primaryimage\"},\"image\":{\"@id\":\"https:\\\/\\\/proagrolab.com.ar\\\/para-los-precios-el-mejor-momento-ya-paso\\\/#primaryimage\"},\"thumbnailUrl\":\"https:\\\/\\\/proagrolab.com.ar\\\/wp-content\\\/uploads\\\/2015\\\/01\\\/g_pxs6dx2kv__Vacas-3.jpg\",\"datePublished\":\"2014-04-04T00:00:01+00:00\",\"dateModified\":\"2020-07-02T12:31:33+00:00\",\"breadcrumb\":{\"@id\":\"https:\\\/\\\/proagrolab.com.ar\\\/para-los-precios-el-mejor-momento-ya-paso\\\/#breadcrumb\"},\"inLanguage\":\"en-US\",\"potentialAction\":[{\"@type\":\"ReadAction\",\"target\":[\"https:\\\/\\\/proagrolab.com.ar\\\/para-los-precios-el-mejor-momento-ya-paso\\\/\"]}]},{\"@type\":\"ImageObject\",\"inLanguage\":\"en-US\",\"@id\":\"https:\\\/\\\/proagrolab.com.ar\\\/para-los-precios-el-mejor-momento-ya-paso\\\/#primaryimage\",\"url\":\"https:\\\/\\\/proagrolab.com.ar\\\/wp-content\\\/uploads\\\/2015\\\/01\\\/g_pxs6dx2kv__Vacas-3.jpg\",\"contentUrl\":\"https:\\\/\\\/proagrolab.com.ar\\\/wp-content\\\/uploads\\\/2015\\\/01\\\/g_pxs6dx2kv__Vacas-3.jpg\",\"width\":450,\"height\":208},{\"@type\":\"BreadcrumbList\",\"@id\":\"https:\\\/\\\/proagrolab.com.ar\\\/para-los-precios-el-mejor-momento-ya-paso\\\/#breadcrumb\",\"itemListElement\":[{\"@type\":\"ListItem\",\"position\":1,\"name\":\"Portada\",\"item\":\"https:\\\/\\\/proagrolab.com.ar\\\/\"},{\"@type\":\"ListItem\",\"position\":2,\"name\":\"Para los precios, el mejor momento ya pas\u00f3.\"}]},{\"@type\":\"WebSite\",\"@id\":\"https:\\\/\\\/proagrolab.com.ar\\\/#website\",\"url\":\"https:\\\/\\\/proagrolab.com.ar\\\/\",\"name\":\"Proagro Laboratorio Veterinario\",\"description\":\"Veterinary laboratory\",\"publisher\":{\"@id\":\"https:\\\/\\\/proagrolab.com.ar\\\/#organization\"},\"potentialAction\":[{\"@type\":\"SearchAction\",\"target\":{\"@type\":\"EntryPoint\",\"urlTemplate\":\"https:\\\/\\\/proagrolab.com.ar\\\/?s={search_term_string}\"},\"query-input\":{\"@type\":\"PropertyValueSpecification\",\"valueRequired\":true,\"valueName\":\"search_term_string\"}}],\"inLanguage\":\"en-US\"},{\"@type\":\"Organization\",\"@id\":\"https:\\\/\\\/proagrolab.com.ar\\\/#organization\",\"name\":\"Proagro\",\"url\":\"https:\\\/\\\/proagrolab.com.ar\\\/\",\"logo\":{\"@type\":\"ImageObject\",\"inLanguage\":\"en-US\",\"@id\":\"https:\\\/\\\/proagrolab.com.ar\\\/#\\\/schema\\\/logo\\\/image\\\/\",\"url\":\"https:\\\/\\\/proagrolab.com.ar\\\/wp-content\\\/uploads\\\/2020\\\/04\\\/logo-retina.png\",\"contentUrl\":\"https:\\\/\\\/proagrolab.com.ar\\\/wp-content\\\/uploads\\\/2020\\\/04\\\/logo-retina.png\",\"width\":478,\"height\":120,\"caption\":\"Proagro\"},\"image\":{\"@id\":\"https:\\\/\\\/proagrolab.com.ar\\\/#\\\/schema\\\/logo\\\/image\\\/\"},\"sameAs\":[\"http:\\\/\\\/www.facebook.com\\\/proagrolab\",\"https:\\\/\\\/www.instagram.com\\\/proagrolab\\\/\",\"https:\\\/\\\/www.linkedin.com\\\/company\\\/laboratorio-proagro-s-a\\\/\"]},{\"@type\":\"Person\",\"@id\":\"https:\\\/\\\/proagrolab.com.ar\\\/#\\\/schema\\\/person\\\/38003ff90bf80381f71c7d922d207444\",\"name\":\"proagrolab\"}]}<\/script>\n<!-- \/ Yoast SEO plugin. -->","yoast_head_json":{"title":"Para los precios, el mejor momento ya pas\u00f3. | Proagro","robots":{"index":"index","follow":"follow","max-snippet":"max-snippet:-1","max-image-preview":"max-image-preview:large","max-video-preview":"max-video-preview:-1"},"canonical":"https:\/\/proagrolab.com.ar\/en\/para-los-precios-el-mejor-momento-ya-paso\/","og_locale":"en_US","og_type":"article","og_title":"Para los precios, el mejor momento ya pas\u00f3. | Proagro","og_description":"Por Ignacio Iriarte. Todo indica que lo mejor en materia de precios reales para la hacienda ya pas\u00f3. El \u0093efecto marzo\u0094 tiende a desaparecer y si bien la oferta de gordo se ha reducido, la faena actual alcanza y sobra para abastecer el consumo, que es hoy 94 por ciento de la demanda total. Adem\u00e1s, en forma tard\u00eda se est\u00e1 sintiendo la respuesta de los consumidores a precios de la carne al mostrador que han subido m\u00e1s de 41 por ciento desde noviembre. Si bien estamos en el momento de menor oferta anual de los feedlots, se ha recuperado la faena de novillos, empieza a haber mucha vaca a medida que se hacen los tactos, y hay una oferta generosa de hacienda de campo que sale despu\u00e9s de los engordes estivales. La exportaci\u00f3n no reacciona; en febrero se habr\u00edan exportado s\u00f3lo 13 mil toneladas. Ya se agot\u00f3 el \u0093efecto devaluaci\u00f3n\u0094 que, en t\u00e9rminos reales, result\u00f3 bien poco; se agot\u00f3 el \u0093efecto cuero\u0094 y tiende a agotarse el \u0093efecto marzo\u0094. Durante 45 a 60 d\u00edas se seguir\u00e1 registrando un faltante de gordo liviano de feedlot, cuyo precio en las \u00faltimas semanas parece haberle sacado alguna ventaja adicional al resto de la [&hellip;]","og_url":"https:\/\/proagrolab.com.ar\/para-los-precios-el-mejor-momento-ya-paso\/","og_site_name":"Proagro","article_publisher":"http:\/\/www.facebook.com\/proagrolab","article_published_time":"2014-04-04T00:00:01+00:00","article_modified_time":"2020-07-02T12:31:33+00:00","og_image":[{"width":450,"height":208,"url":"https:\/\/proagrolab.com.ar\/wp-content\/uploads\/2015\/01\/g_pxs6dx2kv__Vacas-3.jpg","type":"image\/jpeg"}],"author":"proagrolab","twitter_card":"summary_large_image","twitter_misc":{"Written by":"proagrolab","Est. reading time":"3 minutes"},"schema":{"@context":"https:\/\/schema.org","@graph":[{"@type":"Article","@id":"https:\/\/proagrolab.com.ar\/para-los-precios-el-mejor-momento-ya-paso\/#article","isPartOf":{"@id":"https:\/\/proagrolab.com.ar\/para-los-precios-el-mejor-momento-ya-paso\/"},"author":{"name":"proagrolab","@id":"https:\/\/proagrolab.com.ar\/#\/schema\/person\/38003ff90bf80381f71c7d922d207444"},"headline":"Para los precios, el mejor momento ya pas\u00f3.","datePublished":"2014-04-04T00:00:01+00:00","dateModified":"2020-07-02T12:31:33+00:00","mainEntityOfPage":{"@id":"https:\/\/proagrolab.com.ar\/para-los-precios-el-mejor-momento-ya-paso\/"},"wordCount":571,"publisher":{"@id":"https:\/\/proagrolab.com.ar\/#organization"},"image":{"@id":"https:\/\/proagrolab.com.ar\/para-los-precios-el-mejor-momento-ya-paso\/#primaryimage"},"thumbnailUrl":"https:\/\/proagrolab.com.ar\/wp-content\/uploads\/2015\/01\/g_pxs6dx2kv__Vacas-3.jpg","articleSection":["News"],"inLanguage":"en-US"},{"@type":"WebPage","@id":"https:\/\/proagrolab.com.ar\/para-los-precios-el-mejor-momento-ya-paso\/","url":"https:\/\/proagrolab.com.ar\/para-los-precios-el-mejor-momento-ya-paso\/","name":"Para los precios, el mejor momento ya pas\u00f3. | Proagro","isPartOf":{"@id":"https:\/\/proagrolab.com.ar\/#website"},"primaryImageOfPage":{"@id":"https:\/\/proagrolab.com.ar\/para-los-precios-el-mejor-momento-ya-paso\/#primaryimage"},"image":{"@id":"https:\/\/proagrolab.com.ar\/para-los-precios-el-mejor-momento-ya-paso\/#primaryimage"},"thumbnailUrl":"https:\/\/proagrolab.com.ar\/wp-content\/uploads\/2015\/01\/g_pxs6dx2kv__Vacas-3.jpg","datePublished":"2014-04-04T00:00:01+00:00","dateModified":"2020-07-02T12:31:33+00:00","breadcrumb":{"@id":"https:\/\/proagrolab.com.ar\/para-los-precios-el-mejor-momento-ya-paso\/#breadcrumb"},"inLanguage":"en-US","potentialAction":[{"@type":"ReadAction","target":["https:\/\/proagrolab.com.ar\/para-los-precios-el-mejor-momento-ya-paso\/"]}]},{"@type":"ImageObject","inLanguage":"en-US","@id":"https:\/\/proagrolab.com.ar\/para-los-precios-el-mejor-momento-ya-paso\/#primaryimage","url":"https:\/\/proagrolab.com.ar\/wp-content\/uploads\/2015\/01\/g_pxs6dx2kv__Vacas-3.jpg","contentUrl":"https:\/\/proagrolab.com.ar\/wp-content\/uploads\/2015\/01\/g_pxs6dx2kv__Vacas-3.jpg","width":450,"height":208},{"@type":"BreadcrumbList","@id":"https:\/\/proagrolab.com.ar\/para-los-precios-el-mejor-momento-ya-paso\/#breadcrumb","itemListElement":[{"@type":"ListItem","position":1,"name":"Portada","item":"https:\/\/proagrolab.com.ar\/"},{"@type":"ListItem","position":2,"name":"Para los precios, el mejor momento ya pas\u00f3."}]},{"@type":"WebSite","@id":"https:\/\/proagrolab.com.ar\/#website","url":"https:\/\/proagrolab.com.ar\/","name":"Proagro Laboratorio Veterinario","description":"Veterinary laboratory","publisher":{"@id":"https:\/\/proagrolab.com.ar\/#organization"},"potentialAction":[{"@type":"SearchAction","target":{"@type":"EntryPoint","urlTemplate":"https:\/\/proagrolab.com.ar\/?s={search_term_string}"},"query-input":{"@type":"PropertyValueSpecification","valueRequired":true,"valueName":"search_term_string"}}],"inLanguage":"en-US"},{"@type":"Organization","@id":"https:\/\/proagrolab.com.ar\/#organization","name":"Proagro","url":"https:\/\/proagrolab.com.ar\/","logo":{"@type":"ImageObject","inLanguage":"en-US","@id":"https:\/\/proagrolab.com.ar\/#\/schema\/logo\/image\/","url":"https:\/\/proagrolab.com.ar\/wp-content\/uploads\/2020\/04\/logo-retina.png","contentUrl":"https:\/\/proagrolab.com.ar\/wp-content\/uploads\/2020\/04\/logo-retina.png","width":478,"height":120,"caption":"Proagro"},"image":{"@id":"https:\/\/proagrolab.com.ar\/#\/schema\/logo\/image\/"},"sameAs":["http:\/\/www.facebook.com\/proagrolab","https:\/\/www.instagram.com\/proagrolab\/","https:\/\/www.linkedin.com\/company\/laboratorio-proagro-s-a\/"]},{"@type":"Person","@id":"https:\/\/proagrolab.com.ar\/#\/schema\/person\/38003ff90bf80381f71c7d922d207444","name":"proagrolab"}]}},"_links":{"self":[{"href":"https:\/\/proagrolab.com.ar\/en\/wp-json\/wp\/v2\/posts\/6036","targetHints":{"allow":["GET"]}}],"collection":[{"href":"https:\/\/proagrolab.com.ar\/en\/wp-json\/wp\/v2\/posts"}],"about":[{"href":"https:\/\/proagrolab.com.ar\/en\/wp-json\/wp\/v2\/types\/post"}],"author":[{"embeddable":true,"href":"https:\/\/proagrolab.com.ar\/en\/wp-json\/wp\/v2\/users\/2"}],"replies":[{"embeddable":true,"href":"https:\/\/proagrolab.com.ar\/en\/wp-json\/wp\/v2\/comments?post=6036"}],"version-history":[{"count":1,"href":"https:\/\/proagrolab.com.ar\/en\/wp-json\/wp\/v2\/posts\/6036\/revisions"}],"predecessor-version":[{"id":14585,"href":"https:\/\/proagrolab.com.ar\/en\/wp-json\/wp\/v2\/posts\/6036\/revisions\/14585"}],"wp:featuredmedia":[{"embeddable":true,"href":"https:\/\/proagrolab.com.ar\/en\/wp-json\/wp\/v2\/media\/2523"}],"wp:attachment":[{"href":"https:\/\/proagrolab.com.ar\/en\/wp-json\/wp\/v2\/media?parent=6036"}],"wp:term":[{"taxonomy":"category","embeddable":true,"href":"https:\/\/proagrolab.com.ar\/en\/wp-json\/wp\/v2\/categories?post=6036"},{"taxonomy":"post_tag","embeddable":true,"href":"https:\/\/proagrolab.com.ar\/en\/wp-json\/wp\/v2\/tags?post=6036"}],"curies":[{"name":"wp","href":"https:\/\/api.w.org\/{rel}","templated":true}]}}